{"id":152971,"date":"2025-09-22T06:55:03","date_gmt":"2025-09-22T11:55:03","guid":{"rendered":"https:\/\/lospoliticosveracruz.com.mx\/?p=152971"},"modified":"2025-09-22T06:55:37","modified_gmt":"2025-09-22T11:55:37","slug":"colipa-y-las-manzanas-podridas","status":"publish","type":"post","link":"https:\/\/lospoliticosveracruz.com\/?p=152971","title":{"rendered":"COLIPA Y LAS MANZANAS PODRIDAS"},"content":{"rendered":"\n\n\n<div class=\"wp-block-group is-nowrap is-layout-flex wp-container-core-group-is-layout-ad2f72ca wp-block-group-is-layout-flex\">\n<p><br><strong>Fanny Y\u00e9pez<\/strong><br><em>La Columna<\/em><\/p>\n<\/div>\n\n\n\n<p><\/p>\n\n\n\n<p>La frase com\u00fan es \u00abla fruta podrida se cae sola\u00bb y en la vida diaria significa que no se necesita intervenir para castigar o remover a personas que act\u00faan de forma negativa, pues eventualmente sus acciones o su propia naturaleza los llevar\u00e1 a caer por si solas. Otra frase relacionada es \u00abuna manzana podrida pudre todo el caj\u00f3n\u00bb, advirtiendo que una persona o elemento negativo puede corromper o da\u00f1ar a todas las dem\u00e1s frutas que est\u00e1n sanas.<\/p>\n\n\n\n<p>Esta analog\u00eda viene como anillo al dedo, sobre lo que est\u00e1 sucediendo entre la militancia morenista, sobre todo ahora que la 4t esta fortalecida al ser la primera fuerza pol\u00edtica en el pa\u00eds y la mayor\u00eda de las 32 entidades.<\/p>\n\n\n\n\n\n<p>La primera manzana podrida es Hern\u00e1n Berm\u00fadez Requena y el tema del huachicol fiscal; segunda manzana, los sobrinos del ex secretario de Marina, Rafael Ojeda, Manuel Roberto y Fernando Far\u00edas Laguna.<\/p>\n\n\n\n<p>Hay que resaltar que, la agencia naviera Alta Mar\u00edtima ayud\u00f3 a meter 31 buques con huachicol fiscal por el puerto de Tampico, Tamaulipas, de los sobrinos pol\u00edticos del ex secretario de Marina.<\/p>\n\n\n\n<p>Los tan mencionados sobrinos del extitular de la Semar, est\u00e1n acusados de delincuencia organizada, especialmente por el contrabando de combustible que met\u00edan a trav\u00e9s del puerto de Tampico, Guaymas, Ensenada, Veracruz, Canc\u00fan y L\u00e1zaro C\u00e1rdenas.<\/p>\n\n\n\n<p>La tercera manzana podrida es el propio l\u00edder del Senado de la Republica, Ad\u00e1n Augusto L\u00f3pez Hern\u00e1ndez, quien no ha logrado convencer a nadie, sobre que no sab\u00eda nada sobre \u201cla barredora\u201d que comandaba su es secretario de Seguridad P\u00fablica.<\/p>\n\n\n\n<p>Sobre otras manzanas podridas, usted amable lector, p\u00f3ngale rostro, nombres y a apellidos.<\/p>\n\n\n\n<p>Este fin se semana conocimos la cuarta manzana podrida, esto ocurri\u00f3 en la aldea veracruzana, aqu\u00ed se inici\u00f3 un esc\u00e1ndalo por la retenci\u00f3n de la alcaldesa de Colipa, Gabriela Ortega Molina, la funcionaria municipal fue retenida durante algunas horas por elementos de la Marina y el Ej\u00e9rcito, luego de ser localizada en el rancho Los Quintero, donde las autoridades realizaron un cateo, as\u00ed como en otras propiedades de la misma familia ubicadas en Emilio Carranza, municipio de Vega de Alatorre,<\/p>\n\n\n\n<p>La familia Quintero, propietaria del rancho, est\u00e1 relacionada con el recientemente extraditado Rafael Caro Quintero.<\/p>\n\n\n\n<p>No se necesita ser sabio para determinar que estos casos y otros m\u00e1s, arrojar\u00e1n un costo pol\u00edtico para Morena, y coloca a la presidenta ante una disyuntiva o respaldar a su liderazgo parlamentario, o marcar distancia con rigor. Aunque ambas rutas dejaran heridas.<\/p>\n\n\n\n<p>Es urgente una depuraci\u00f3n en Morena.<\/p>\n\n\n\n<p>Es urgente que las dirigencias nacional y estatal de Morena inicien una investigaci\u00f3n para conocer la probidad de sus militantes, es absolutamente necesario que antes de admitirlos en su partido se conozca sus antecedentes penales, para no encontrase con la penosa sorpresa de que algunos tienen relaci\u00f3n con grupos criminales como ocurri\u00f3 con la alcaldesa de Colipa, Gabriela Ortega Molina.<\/p>\n\n\n\n<p>Es necesaria una depuraci\u00f3n en las filas de la 4t, es mejor la calidad, que la cantidad porque ahora surge la pregunta sobre \u00bfCu\u00e1ntos casos similares a la alcaldesa de Colipa militan en este movimiento? .<\/p>\n\n\n\n<p>Lo que si deja muy claro es que la Presidenta, Claudia Sheinbaum, va con todo y muy en serio en contra de quien o quienes hayan cometido alg\u00fan delito, pese al costo pol\u00edtico que estas acciones tengan en la imagen de Morena. El mensaje es contundente: caiga, quien caiga, y esto va para toda la militancia del partido guinda.<\/p>\n\n\n\n<p>Este s\u00e1bado, el periodista Enrique Quintana en su columna que public\u00f3 en el peri\u00f3dico El Financiero previno sobre el riesgo de \u2018implosi\u00f3n\u2019 que tiene Morena. La continuidad de la 4T no est\u00e1 en el presente en manos de un rival externo, sino de la propia capacidad de ese movimiento para procesar conflictos y administrar egos.<\/p>\n\n\n\n<p>Ser\u00eda de sabios, que los dirigentes, militantes y simpatizantes de morena realicen un recuento sobre las acciones positivas y negativas y corrijan el camino, sobre todo a menos de dos a\u00f1os, cuando en M\u00e9xico se elegir\u00e1n a 16 gobernadores y 500 legisladores de la C\u00e1mara de Diputados y se renovaran varias legislaturas estatales, entre ellas Veracruz, por ello las fuerzas pol\u00edticas perfilan desde ahora estrategias, reglas y posibles alianzas.<\/p>\n\n\n\n<p>Sonora rechifla a Mart\u00edn Aguilar S\u00e1nchez<\/p>\n\n\n\n<p>Una rechifla es una burla o mofa que env\u00eda un mensaje de desprecio o superioridad hacia la persona que la recibe, buscando humillarla o hacerla sentir mal. Dependiendo del contexto, tambi\u00e9n puede ser una forma de criticar o se\u00f1alar un comportamiento molesto, aunque su naturaleza suele ser negativa e hiriente.<\/p>\n\n\n\n<p>Este p\u00e1rrafo viene al caso por la rechifla que el auditorio le propin\u00f3 al Rector de la Universidad Veracruzana, Mart\u00edn Aguilar S\u00e1nchez, durante la presentaci\u00f3n del Ballet Folkl\u00f3rico de la UV, que celebr\u00f3 su 50 Aniversario con una gala gratuita en el Teatro del Estado, donde present\u00f3 un programa de danzas tradicionales ante un lleno total.<br>El rector devel\u00f3 una placa conmemorativa y entreg\u00f3 un reconocimiento al grupo Tlen Huicani, pero le gritaron \u201cfuera, fuera, fuera \u201c.<\/p>\n\n\n\n<p>Existe un conflicto en la Universidad Veracruzana (UV), por la pr\u00f3rroga otorgada al rector Mart\u00edn Aguilar S\u00e1nchez, con protestas y marchas por parte de estudiantes y acad\u00e9micos que exigen una convocatoria abierta y denuncian ilegalidad en el proceso. Los manifestantes argumentan que la pr\u00f3rroga violenta el car\u00e1cter aut\u00f3nomo de la UV y que el desempe\u00f1o del rector no cumpli\u00f3 con las expectativas.<\/p>\n\n\n\n<p>Cuando se registr\u00f3 la sonora rechifla, recordamos el viejo y sabio refr\u00e1n popular que dice, \u201cCuando el pueblo dice que es de noche, cuando es de d\u00eda, hay que ir prendiendo las farolas\u201d, ojal\u00e1 que Martin escuche, porque la voz del pueblo, es la voz de Dios.<\/p>\n","protected":false},"excerpt":{"rendered":"<p>Fanny Y\u00e9pezLa Columna La frase com\u00fan es \u00abla fruta podrida se cae sola\u00bb y en la vida diaria significa que no se necesita intervenir para castigar o remover a personas que act\u00faan de forma negativa, pues eventualmente sus acciones o su propia naturaleza los llevar\u00e1 a caer por si solas. Otra frase relacionada es \u00abuna [&hellip;]<\/p>\n","protected":false},"author":2,"featured_media":141383,"comment_status":"closed","ping_status":"closed","sticky":false,"template":"","format":"standard","meta":{"tdm_status":"","tdm_grid_status":"","footnotes":""},"categories":[70],"tags":[18449,46079,44573,1026,3578,195],"class_list":{"0":"post-152971","1":"post","2":"type-post","3":"status-publish","4":"format-standard","5":"has-post-thumbnail","7":"category-de-opinion","8":"tag-colipa","9":"tag-gabriela-ortega-molina","10":"tag-hernan-bermudez-requena","11":"tag-morena","12":"tag-rocio-nahle","13":"tag-veracruz"},"yoast_head":"<!-- This site is optimized with the Yoast SEO plugin v27.4 - https:\/\/yoast.com\/product\/yoast-seo-wordpress\/ -->\n<title>COLIPA Y LAS MANZANAS PODRIDAS - Los pol\u00edticos Veracruz<\/title>\n<meta name=\"robots\" content=\"index, follow, max-snippet:-1, max-image-preview:large, max-video-preview:-1\" \/>\n<link rel=\"canonical\" href=\"https:\/\/lospoliticosveracruz.com\/?p=152971\" \/>\n<meta property=\"og:locale\" content=\"es_ES\" \/>\n<meta property=\"og:type\" content=\"article\" \/>\n<meta property=\"og:title\" content=\"COLIPA Y LAS MANZANAS PODRIDAS - Los pol\u00edticos Veracruz\" \/>\n<meta property=\"og:description\" content=\"Fanny Y\u00e9pezLa Columna La frase com\u00fan es \u00abla fruta podrida se cae sola\u00bb y en la vida diaria significa que no se necesita intervenir para castigar o remover a personas que act\u00faan de forma negativa, pues eventualmente sus acciones o su propia naturaleza los llevar\u00e1 a caer por si solas. Otra frase relacionada es \u00abuna [&hellip;]\" \/>\n<meta property=\"og:url\" content=\"https:\/\/lospoliticosveracruz.com\/?p=152971\" \/>\n<meta property=\"og:site_name\" content=\"Los pol\u00edticos Veracruz\" \/>\n<meta property=\"article:publisher\" content=\"https:\/\/www.facebook.com\/people\/Notimemes-de-los-Polticos\/61565672886568\/\" \/>\n<meta property=\"article:published_time\" content=\"2025-09-22T11:55:03+00:00\" \/>\n<meta property=\"article:modified_time\" content=\"2025-09-22T11:55:37+00:00\" \/>\n<meta property=\"og:image\" content=\"https:\/\/lospoliticosveracruz.com\/wp-content\/uploads\/2025\/04\/Fanny-Yepez-Luna-e1768657334923.jpg\" \/>\n\t<meta property=\"og:image:width\" content=\"600\" \/>\n\t<meta property=\"og:image:height\" content=\"320\" \/>\n\t<meta property=\"og:image:type\" content=\"image\/jpeg\" \/>\n<meta name=\"author\" content=\"Lo viste en Los Pol\u00edticos\" \/>\n<meta name=\"twitter:card\" content=\"summary_large_image\" \/>\n<meta name=\"twitter:creator\" content=\"@LosPoliticosVer\" \/>\n<meta name=\"twitter:site\" content=\"@LosPoliticosVer\" \/>\n<meta name=\"twitter:label1\" content=\"Escrito por\" \/>\n\t<meta name=\"twitter:data1\" content=\"Lo viste en Los Pol\u00edticos\" \/>\n\t<meta name=\"twitter:label2\" content=\"Tiempo de lectura\" \/>\n\t<meta name=\"twitter:data2\" content=\"5 minutos\" \/>\n<script type=\"application\/ld+json\" class=\"yoast-schema-graph\">{\"@context\":\"https:\\\/\\\/schema.org\",\"@graph\":[{\"@type\":\"Article\",\"@id\":\"https:\\\/\\\/lospoliticosveracruz.com\\\/?p=152971#article\",\"isPartOf\":{\"@id\":\"https:\\\/\\\/lospoliticosveracruz.com\\\/?p=152971\"},\"author\":{\"name\":\"Lo viste en Los Pol\u00edticos\",\"@id\":\"https:\\\/\\\/lospoliticosveracruz.com\\\/#\\\/schema\\\/person\\\/b8702bb0e538456e6efd07080bf2a4a2\"},\"headline\":\"COLIPA Y LAS MANZANAS PODRIDAS\",\"datePublished\":\"2025-09-22T11:55:03+00:00\",\"dateModified\":\"2025-09-22T11:55:37+00:00\",\"mainEntityOfPage\":{\"@id\":\"https:\\\/\\\/lospoliticosveracruz.com\\\/?p=152971\"},\"wordCount\":1006,\"publisher\":{\"@id\":\"https:\\\/\\\/lospoliticosveracruz.com\\\/#organization\"},\"image\":{\"@id\":\"https:\\\/\\\/lospoliticosveracruz.com\\\/?p=152971#primaryimage\"},\"thumbnailUrl\":\"https:\\\/\\\/lospoliticosveracruz.com\\\/wp-content\\\/uploads\\\/2025\\\/04\\\/Fanny-Yepez-Luna-e1768657334923.jpg\",\"keywords\":[\"Colipa\",\"Gabriela Ortega Molina\",\"Hern\u00e1n Berm\u00fadez Requena\",\"Morena\",\"Roc\u00edo Nahle\",\"Veracruz\"],\"articleSection\":[\"De Opini\u00f3n\"],\"inLanguage\":\"es\"},{\"@type\":\"WebPage\",\"@id\":\"https:\\\/\\\/lospoliticosveracruz.com\\\/?p=152971\",\"url\":\"https:\\\/\\\/lospoliticosveracruz.com\\\/?p=152971\",\"name\":\"COLIPA Y LAS MANZANAS PODRIDAS - Los pol\u00edticos Veracruz\",\"isPartOf\":{\"@id\":\"https:\\\/\\\/lospoliticosveracruz.com\\\/#website\"},\"primaryImageOfPage\":{\"@id\":\"https:\\\/\\\/lospoliticosveracruz.com\\\/?p=152971#primaryimage\"},\"image\":{\"@id\":\"https:\\\/\\\/lospoliticosveracruz.com\\\/?p=152971#primaryimage\"},\"thumbnailUrl\":\"https:\\\/\\\/lospoliticosveracruz.com\\\/wp-content\\\/uploads\\\/2025\\\/04\\\/Fanny-Yepez-Luna-e1768657334923.jpg\",\"datePublished\":\"2025-09-22T11:55:03+00:00\",\"dateModified\":\"2025-09-22T11:55:37+00:00\",\"breadcrumb\":{\"@id\":\"https:\\\/\\\/lospoliticosveracruz.com\\\/?p=152971#breadcrumb\"},\"inLanguage\":\"es\",\"potentialAction\":[{\"@type\":\"ReadAction\",\"target\":[\"https:\\\/\\\/lospoliticosveracruz.com\\\/?p=152971\"]}]},{\"@type\":\"ImageObject\",\"inLanguage\":\"es\",\"@id\":\"https:\\\/\\\/lospoliticosveracruz.com\\\/?p=152971#primaryimage\",\"url\":\"https:\\\/\\\/lospoliticosveracruz.com\\\/wp-content\\\/uploads\\\/2025\\\/04\\\/Fanny-Yepez-Luna-e1768657334923.jpg\",\"contentUrl\":\"https:\\\/\\\/lospoliticosveracruz.com\\\/wp-content\\\/uploads\\\/2025\\\/04\\\/Fanny-Yepez-Luna-e1768657334923.jpg\",\"width\":600,\"height\":320},{\"@type\":\"BreadcrumbList\",\"@id\":\"https:\\\/\\\/lospoliticosveracruz.com\\\/?p=152971#breadcrumb\",\"itemListElement\":[{\"@type\":\"ListItem\",\"position\":1,\"name\":\"Portada\",\"item\":\"https:\\\/\\\/lospoliticosveracruz.com\\\/\"},{\"@type\":\"ListItem\",\"position\":2,\"name\":\"COLIPA Y LAS MANZANAS PODRIDAS\"}]},{\"@type\":\"WebSite\",\"@id\":\"https:\\\/\\\/lospoliticosveracruz.com\\\/#website\",\"url\":\"https:\\\/\\\/lospoliticosveracruz.com\\\/\",\"name\":\"Los pol\u00edticos Veracruz\",\"description\":\"\",\"publisher\":{\"@id\":\"https:\\\/\\\/lospoliticosveracruz.com\\\/#organization\"},\"potentialAction\":[{\"@type\":\"SearchAction\",\"target\":{\"@type\":\"EntryPoint\",\"urlTemplate\":\"https:\\\/\\\/lospoliticosveracruz.com\\\/?s={search_term_string}\"},\"query-input\":{\"@type\":\"PropertyValueSpecification\",\"valueRequired\":true,\"valueName\":\"search_term_string\"}}],\"inLanguage\":\"es\"},{\"@type\":\"Organization\",\"@id\":\"https:\\\/\\\/lospoliticosveracruz.com\\\/#organization\",\"name\":\"Los pol\u00edticos Veracruz\",\"url\":\"https:\\\/\\\/lospoliticosveracruz.com\\\/\",\"logo\":{\"@type\":\"ImageObject\",\"inLanguage\":\"es\",\"@id\":\"https:\\\/\\\/lospoliticosveracruz.com\\\/#\\\/schema\\\/logo\\\/image\\\/\",\"url\":\"https:\\\/\\\/lospoliticosveracruz.com\\\/wp-content\\\/uploads\\\/2025\\\/12\\\/Logo-Nuevo-LOS-POLITICOS-1.jpg\",\"contentUrl\":\"https:\\\/\\\/lospoliticosveracruz.com\\\/wp-content\\\/uploads\\\/2025\\\/12\\\/Logo-Nuevo-LOS-POLITICOS-1.jpg\",\"width\":260,\"height\":70,\"caption\":\"Los pol\u00edticos Veracruz\"},\"image\":{\"@id\":\"https:\\\/\\\/lospoliticosveracruz.com\\\/#\\\/schema\\\/logo\\\/image\\\/\"},\"sameAs\":[\"https:\\\/\\\/www.facebook.com\\\/people\\\/Notimemes-de-los-Polticos\\\/61565672886568\\\/\",\"https:\\\/\\\/x.com\\\/LosPoliticosVer\"]},{\"@type\":\"Person\",\"@id\":\"https:\\\/\\\/lospoliticosveracruz.com\\\/#\\\/schema\\\/person\\\/b8702bb0e538456e6efd07080bf2a4a2\",\"name\":\"Lo viste en Los Pol\u00edticos\",\"image\":{\"@type\":\"ImageObject\",\"inLanguage\":\"es\",\"@id\":\"https:\\\/\\\/secure.gravatar.com\\\/avatar\\\/3a8de04a2656d44082be478bd6c086daa447c4651605818287b9532d3d0bd435?s=96&d=mm&r=g\",\"url\":\"https:\\\/\\\/secure.gravatar.com\\\/avatar\\\/3a8de04a2656d44082be478bd6c086daa447c4651605818287b9532d3d0bd435?s=96&d=mm&r=g\",\"contentUrl\":\"https:\\\/\\\/secure.gravatar.com\\\/avatar\\\/3a8de04a2656d44082be478bd6c086daa447c4651605818287b9532d3d0bd435?s=96&d=mm&r=g\",\"caption\":\"Lo viste en Los Pol\u00edticos\"},\"url\":\"https:\\\/\\\/lospoliticosveracruz.com\\\/?author=2\"}]}<\/script>\n<!-- \/ Yoast SEO plugin. -->","yoast_head_json":{"title":"COLIPA Y LAS MANZANAS PODRIDAS - Los pol\u00edticos Veracruz","robots":{"index":"index","follow":"follow","max-snippet":"max-snippet:-1","max-image-preview":"max-image-preview:large","max-video-preview":"max-video-preview:-1"},"canonical":"https:\/\/lospoliticosveracruz.com\/?p=152971","og_locale":"es_ES","og_type":"article","og_title":"COLIPA Y LAS MANZANAS PODRIDAS - Los pol\u00edticos Veracruz","og_description":"Fanny Y\u00e9pezLa Columna La frase com\u00fan es \u00abla fruta podrida se cae sola\u00bb y en la vida diaria significa que no se necesita intervenir para castigar o remover a personas que act\u00faan de forma negativa, pues eventualmente sus acciones o su propia naturaleza los llevar\u00e1 a caer por si solas. Otra frase relacionada es \u00abuna [&hellip;]","og_url":"https:\/\/lospoliticosveracruz.com\/?p=152971","og_site_name":"Los pol\u00edticos Veracruz","article_publisher":"https:\/\/www.facebook.com\/people\/Notimemes-de-los-Polticos\/61565672886568\/","article_published_time":"2025-09-22T11:55:03+00:00","article_modified_time":"2025-09-22T11:55:37+00:00","og_image":[{"width":600,"height":320,"url":"https:\/\/lospoliticosveracruz.com\/wp-content\/uploads\/2025\/04\/Fanny-Yepez-Luna-e1768657334923.jpg","type":"image\/jpeg"}],"author":"Lo viste en Los Pol\u00edticos","twitter_card":"summary_large_image","twitter_creator":"@LosPoliticosVer","twitter_site":"@LosPoliticosVer","twitter_misc":{"Escrito por":"Lo viste en Los Pol\u00edticos","Tiempo de lectura":"5 minutos"},"schema":{"@context":"https:\/\/schema.org","@graph":[{"@type":"Article","@id":"https:\/\/lospoliticosveracruz.com\/?p=152971#article","isPartOf":{"@id":"https:\/\/lospoliticosveracruz.com\/?p=152971"},"author":{"name":"Lo viste en Los Pol\u00edticos","@id":"https:\/\/lospoliticosveracruz.com\/#\/schema\/person\/b8702bb0e538456e6efd07080bf2a4a2"},"headline":"COLIPA Y LAS MANZANAS PODRIDAS","datePublished":"2025-09-22T11:55:03+00:00","dateModified":"2025-09-22T11:55:37+00:00","mainEntityOfPage":{"@id":"https:\/\/lospoliticosveracruz.com\/?p=152971"},"wordCount":1006,"publisher":{"@id":"https:\/\/lospoliticosveracruz.com\/#organization"},"image":{"@id":"https:\/\/lospoliticosveracruz.com\/?p=152971#primaryimage"},"thumbnailUrl":"https:\/\/lospoliticosveracruz.com\/wp-content\/uploads\/2025\/04\/Fanny-Yepez-Luna-e1768657334923.jpg","keywords":["Colipa","Gabriela Ortega Molina","Hern\u00e1n Berm\u00fadez Requena","Morena","Roc\u00edo Nahle","Veracruz"],"articleSection":["De Opini\u00f3n"],"inLanguage":"es"},{"@type":"WebPage","@id":"https:\/\/lospoliticosveracruz.com\/?p=152971","url":"https:\/\/lospoliticosveracruz.com\/?p=152971","name":"COLIPA Y LAS MANZANAS PODRIDAS - Los pol\u00edticos Veracruz","isPartOf":{"@id":"https:\/\/lospoliticosveracruz.com\/#website"},"primaryImageOfPage":{"@id":"https:\/\/lospoliticosveracruz.com\/?p=152971#primaryimage"},"image":{"@id":"https:\/\/lospoliticosveracruz.com\/?p=152971#primaryimage"},"thumbnailUrl":"https:\/\/lospoliticosveracruz.com\/wp-content\/uploads\/2025\/04\/Fanny-Yepez-Luna-e1768657334923.jpg","datePublished":"2025-09-22T11:55:03+00:00","dateModified":"2025-09-22T11:55:37+00:00","breadcrumb":{"@id":"https:\/\/lospoliticosveracruz.com\/?p=152971#breadcrumb"},"inLanguage":"es","potentialAction":[{"@type":"ReadAction","target":["https:\/\/lospoliticosveracruz.com\/?p=152971"]}]},{"@type":"ImageObject","inLanguage":"es","@id":"https:\/\/lospoliticosveracruz.com\/?p=152971#primaryimage","url":"https:\/\/lospoliticosveracruz.com\/wp-content\/uploads\/2025\/04\/Fanny-Yepez-Luna-e1768657334923.jpg","contentUrl":"https:\/\/lospoliticosveracruz.com\/wp-content\/uploads\/2025\/04\/Fanny-Yepez-Luna-e1768657334923.jpg","width":600,"height":320},{"@type":"BreadcrumbList","@id":"https:\/\/lospoliticosveracruz.com\/?p=152971#breadcrumb","itemListElement":[{"@type":"ListItem","position":1,"name":"Portada","item":"https:\/\/lospoliticosveracruz.com\/"},{"@type":"ListItem","position":2,"name":"COLIPA Y LAS MANZANAS PODRIDAS"}]},{"@type":"WebSite","@id":"https:\/\/lospoliticosveracruz.com\/#website","url":"https:\/\/lospoliticosveracruz.com\/","name":"Los pol\u00edticos Veracruz","description":"","publisher":{"@id":"https:\/\/lospoliticosveracruz.com\/#organization"},"potentialAction":[{"@type":"SearchAction","target":{"@type":"EntryPoint","urlTemplate":"https:\/\/lospoliticosveracruz.com\/?s={search_term_string}"},"query-input":{"@type":"PropertyValueSpecification","valueRequired":true,"valueName":"search_term_string"}}],"inLanguage":"es"},{"@type":"Organization","@id":"https:\/\/lospoliticosveracruz.com\/#organization","name":"Los pol\u00edticos Veracruz","url":"https:\/\/lospoliticosveracruz.com\/","logo":{"@type":"ImageObject","inLanguage":"es","@id":"https:\/\/lospoliticosveracruz.com\/#\/schema\/logo\/image\/","url":"https:\/\/lospoliticosveracruz.com\/wp-content\/uploads\/2025\/12\/Logo-Nuevo-LOS-POLITICOS-1.jpg","contentUrl":"https:\/\/lospoliticosveracruz.com\/wp-content\/uploads\/2025\/12\/Logo-Nuevo-LOS-POLITICOS-1.jpg","width":260,"height":70,"caption":"Los pol\u00edticos Veracruz"},"image":{"@id":"https:\/\/lospoliticosveracruz.com\/#\/schema\/logo\/image\/"},"sameAs":["https:\/\/www.facebook.com\/people\/Notimemes-de-los-Polticos\/61565672886568\/","https:\/\/x.com\/LosPoliticosVer"]},{"@type":"Person","@id":"https:\/\/lospoliticosveracruz.com\/#\/schema\/person\/b8702bb0e538456e6efd07080bf2a4a2","name":"Lo viste en Los Pol\u00edticos","image":{"@type":"ImageObject","inLanguage":"es","@id":"https:\/\/secure.gravatar.com\/avatar\/3a8de04a2656d44082be478bd6c086daa447c4651605818287b9532d3d0bd435?s=96&d=mm&r=g","url":"https:\/\/secure.gravatar.com\/avatar\/3a8de04a2656d44082be478bd6c086daa447c4651605818287b9532d3d0bd435?s=96&d=mm&r=g","contentUrl":"https:\/\/secure.gravatar.com\/avatar\/3a8de04a2656d44082be478bd6c086daa447c4651605818287b9532d3d0bd435?s=96&d=mm&r=g","caption":"Lo viste en Los Pol\u00edticos"},"url":"https:\/\/lospoliticosveracruz.com\/?author=2"}]}},"_links":{"self":[{"href":"https:\/\/lospoliticosveracruz.com\/index.php?rest_route=\/wp\/v2\/posts\/152971","targetHints":{"allow":["GET"]}}],"collection":[{"href":"https:\/\/lospoliticosveracruz.com\/index.php?rest_route=\/wp\/v2\/posts"}],"about":[{"href":"https:\/\/lospoliticosveracruz.com\/index.php?rest_route=\/wp\/v2\/types\/post"}],"author":[{"embeddable":true,"href":"https:\/\/lospoliticosveracruz.com\/index.php?rest_route=\/wp\/v2\/users\/2"}],"replies":[{"embeddable":true,"href":"https:\/\/lospoliticosveracruz.com\/index.php?rest_route=%2Fwp%2Fv2%2Fcomments&post=152971"}],"version-history":[{"count":1,"href":"https:\/\/lospoliticosveracruz.com\/index.php?rest_route=\/wp\/v2\/posts\/152971\/revisions"}],"predecessor-version":[{"id":152972,"href":"https:\/\/lospoliticosveracruz.com\/index.php?rest_route=\/wp\/v2\/posts\/152971\/revisions\/152972"}],"wp:featuredmedia":[{"embeddable":true,"href":"https:\/\/lospoliticosveracruz.com\/index.php?rest_route=\/wp\/v2\/media\/141383"}],"wp:attachment":[{"href":"https:\/\/lospoliticosveracruz.com\/index.php?rest_route=%2Fwp%2Fv2%2Fmedia&parent=152971"}],"wp:term":[{"taxonomy":"category","embeddable":true,"href":"https:\/\/lospoliticosveracruz.com\/index.php?rest_route=%2Fwp%2Fv2%2Fcategories&post=152971"},{"taxonomy":"post_tag","embeddable":true,"href":"https:\/\/lospoliticosveracruz.com\/index.php?rest_route=%2Fwp%2Fv2%2Ftags&post=152971"}],"curies":[{"name":"wp","href":"https:\/\/api.w.org\/{rel}","templated":true}]}}