{"id":153181,"date":"2025-09-24T22:49:38","date_gmt":"2025-09-25T03:49:38","guid":{"rendered":"https:\/\/lospoliticosveracruz.com.mx\/?p=153181"},"modified":"2025-09-24T22:51:16","modified_gmt":"2025-09-25T03:51:16","slug":"distribucion-de-medicamentos","status":"publish","type":"post","link":"https:\/\/lospoliticosveracruz.com\/?p=153181","title":{"rendered":"DISTRIBUCI\u00d3N DE MEDICAMENTOS"},"content":{"rendered":"\n\n\n<p><strong>Carlos Miguel Acosta Bravo*<br><\/strong><em>Impronta<\/em><\/p>\n\n\n\n<p>Los avances en la distribuci\u00f3n de medicamentos en M\u00e9xico han sido significativos tras meses de dificultades para garantizar el abasto oportuno. Se implement\u00f3 la estrategia \u00abRutas de la Salud\u00bb con m\u00e1s de 1,000 rutas log\u00edsticas que distribuyen medicamentos e insumos a unidades m\u00e9dicas en 23 estados, alcanzando una cobertura inicial amplia y con planes de ampliaci\u00f3n a hospitales.<br>Al cierre de julio de 2025, las principales instituciones p\u00fablicas de salud (IMSS, ISSSTE y IMSS-Bienestar) han logrado un abasto promedio del 96%, con aumentos significativos en entregas mensuales de medicamentos seg\u00fan datos de la Secretar\u00eda de Salud, 2025.<\/p>\n\n\n\n\n\n<p><br>El gobierno ha destinado recursos millonarios para la compra consolidada de medicamentos para 2025-2026, con m\u00e1s de 4 mil millones de piezas en proceso de adquisici\u00f3n y distribuci\u00f3n.<br>Problem\u00e1tica con la Organizaci\u00f3n Nacional de Laboratorios (Birmex) La empresa estatal Birmex est\u00e1 bajo investigaci\u00f3n por irregularidades en la compra consolidada de medicamentos en 2023-2024.<br>Hubo contratos otorgados a proveedores que no cumplieron con las condiciones t\u00e9cnicas ni con las fechas de entrega, afectando calidad y cantidades disponibles (ejemplo: Neuronic Mexicana) (ASF, 2025).<br>Se detectaron medicamentos en mal estado, empaques defectuosos y liberaci\u00f3n interna de lotes para evitar retrasos en la distribuci\u00f3n, poniendo en riesgo la calidad y seguridad del suministro.<br>Estas pr\u00e1cticas generaron un da\u00f1o patrimonial estimado en 39 millones de pesos, adem\u00e1s de gastos adicionales para reacondicionamiento y p\u00e9rdidas econ\u00f3micas para el sistema p\u00fablico de salud.<br>La distribuci\u00f3n de medicamentos ha mejorado sustancialmente con nuevas rutas log\u00edsticas y aumento en el abasto por parte de IMSS, ISSSTE e IMSS-Bienestar.<br>Sin embargo, la problem\u00e1tica con Birmex y la Organizaci\u00f3n Nacional de Laboratorios pone en evidencia retos de corrupci\u00f3n, calidad y supervisi\u00f3n que deben atenderse para asegurar un suministro eficiente y seguro para la poblaci\u00f3n<br>El abasto de medicamentos oncol\u00f3gicos en el pa\u00eds ha alcanzado un 96% de cobertura, asegurando tratamientos esenciales para ni\u00f1os y adolescentes con c\u00e1ncer.<br>El Instituto Mexicano del Seguro Social (IMSS), a trav\u00e9s de la estrategia OncoCREAN, ha transformado la atenci\u00f3n oncol\u00f3gica pedi\u00e1trica con centros especializados en los 32 estados, permitiendo que los menores reciban tratamiento cercano a su lugar de residencia y sin necesidad de traslados complicados<br>En lo que va del a\u00f1o, 440 ni\u00f1as, ni\u00f1os y adolescentes han concluido exitosamente sus tratamientos contra el c\u00e1ncer, elevando la tasa de supervivencia del 34% anterior a un 84%, acorde con est\u00e1ndares internacionales, con base en informaci\u00f3n del IMSS, Bienestar.<br>El modelo incluye seis ejes estrat\u00e9gicos: descentralizaci\u00f3n del servicio, incorporaci\u00f3n de tratamientos de vanguardia, homologaci\u00f3n de protocolos, impulso a investigaci\u00f3n, atenci\u00f3n oportuna de complicaciones y soporte emocional a pacientes y familiares.<br>Esta mejora tambi\u00e9n se refleja en estados como Veracruz, donde el abasto de medicamentos oncol\u00f3gicos infantiles supera el 90%, con compra y distribuci\u00f3n garantizadas para meses futuros.<br>M\u00e9xico registra avances muy relevantes en la entrega oportuna de medicamentos para c\u00e1ncer infantil, con una estrategia integral estatal y nacional que ha mejorado la supervivencia y acceso a tratamientos especializados.<\/p>\n\n\n\n<p>Comente u opine a:<\/p>\n\n\n\n<p>cacostabravo@yahoo.com.mx<\/p>\n\n\n\n<p>*Maestro eomunicaci\u00f3n por la Universidad Iberoamericana, camp\u00fas Santa F\u00e9 M\u00e9xico, de la cual form\u00f3 parte del cuerpo acad\u00e9mico, as\u00ed como de la Universidad An\u00e1huac, camp\u00fas norte CDMX.<\/p>\n","protected":false},"excerpt":{"rendered":"<p>Carlos Miguel Acosta Bravo*Impronta Los avances en la distribuci\u00f3n de medicamentos en M\u00e9xico han sido significativos tras meses de dificultades para garantizar el abasto oportuno. Se implement\u00f3 la estrategia \u00abRutas de la Salud\u00bb con m\u00e1s de 1,000 rutas log\u00edsticas que distribuyen medicamentos e insumos a unidades m\u00e9dicas en 23 estados, alcanzando una cobertura inicial amplia [&hellip;]<\/p>\n","protected":false},"author":2,"featured_media":141377,"comment_status":"closed","ping_status":"closed","sticky":false,"template":"","format":"standard","meta":{"tdm_status":"","tdm_grid_status":"","footnotes":""},"categories":[70],"tags":[43287],"class_list":{"0":"post-153181","1":"post","2":"type-post","3":"status-publish","4":"format-standard","5":"has-post-thumbnail","7":"category-de-opinion","8":"tag-carlos-miguel-acosta-bravo"},"yoast_head":"<!-- This site is optimized with the Yoast SEO plugin v27.4 - https:\/\/yoast.com\/product\/yoast-seo-wordpress\/ -->\n<title>DISTRIBUCI\u00d3N DE MEDICAMENTOS - Los pol\u00edticos Veracruz<\/title>\n<meta name=\"robots\" content=\"index, follow, max-snippet:-1, max-image-preview:large, max-video-preview:-1\" \/>\n<link rel=\"canonical\" href=\"https:\/\/lospoliticosveracruz.com\/?p=153181\" \/>\n<meta property=\"og:locale\" content=\"es_ES\" \/>\n<meta property=\"og:type\" content=\"article\" \/>\n<meta property=\"og:title\" content=\"DISTRIBUCI\u00d3N DE MEDICAMENTOS - Los pol\u00edticos Veracruz\" \/>\n<meta property=\"og:description\" content=\"Carlos Miguel Acosta Bravo*Impronta Los avances en la distribuci\u00f3n de medicamentos en M\u00e9xico han sido significativos tras meses de dificultades para garantizar el abasto oportuno. Se implement\u00f3 la estrategia \u00abRutas de la Salud\u00bb con m\u00e1s de 1,000 rutas log\u00edsticas que distribuyen medicamentos e insumos a unidades m\u00e9dicas en 23 estados, alcanzando una cobertura inicial amplia [&hellip;]\" \/>\n<meta property=\"og:url\" content=\"https:\/\/lospoliticosveracruz.com\/?p=153181\" \/>\n<meta property=\"og:site_name\" content=\"Los pol\u00edticos Veracruz\" \/>\n<meta property=\"article:publisher\" content=\"https:\/\/www.facebook.com\/people\/Notimemes-de-los-Polticos\/61565672886568\/\" \/>\n<meta property=\"article:published_time\" content=\"2025-09-25T03:49:38+00:00\" \/>\n<meta property=\"article:modified_time\" content=\"2025-09-25T03:51:16+00:00\" \/>\n<meta property=\"og:image\" content=\"https:\/\/lospoliticosveracruz.com\/wp-content\/uploads\/2025\/04\/Carlos-Miguel-Acosta-Bravo.jpg\" \/>\n\t<meta property=\"og:image:width\" content=\"1250\" \/>\n\t<meta property=\"og:image:height\" content=\"667\" \/>\n\t<meta property=\"og:image:type\" content=\"image\/jpeg\" \/>\n<meta name=\"author\" content=\"Lo viste en Los Pol\u00edticos\" \/>\n<meta name=\"twitter:card\" content=\"summary_large_image\" \/>\n<meta name=\"twitter:creator\" content=\"@LosPoliticosVer\" \/>\n<meta name=\"twitter:site\" content=\"@LosPoliticosVer\" \/>\n<meta name=\"twitter:label1\" content=\"Escrito por\" \/>\n\t<meta name=\"twitter:data1\" content=\"Lo viste en Los Pol\u00edticos\" \/>\n\t<meta name=\"twitter:label2\" content=\"Tiempo de lectura\" \/>\n\t<meta name=\"twitter:data2\" content=\"3 minutos\" \/>\n<script type=\"application\/ld+json\" class=\"yoast-schema-graph\">{\"@context\":\"https:\\\/\\\/schema.org\",\"@graph\":[{\"@type\":\"Article\",\"@id\":\"https:\\\/\\\/lospoliticosveracruz.com\\\/?p=153181#article\",\"isPartOf\":{\"@id\":\"https:\\\/\\\/lospoliticosveracruz.com\\\/?p=153181\"},\"author\":{\"name\":\"Lo viste en Los Pol\u00edticos\",\"@id\":\"https:\\\/\\\/lospoliticosveracruz.com\\\/#\\\/schema\\\/person\\\/b8702bb0e538456e6efd07080bf2a4a2\"},\"headline\":\"DISTRIBUCI\u00d3N DE MEDICAMENTOS\",\"datePublished\":\"2025-09-25T03:49:38+00:00\",\"dateModified\":\"2025-09-25T03:51:16+00:00\",\"mainEntityOfPage\":{\"@id\":\"https:\\\/\\\/lospoliticosveracruz.com\\\/?p=153181\"},\"wordCount\":577,\"publisher\":{\"@id\":\"https:\\\/\\\/lospoliticosveracruz.com\\\/#organization\"},\"image\":{\"@id\":\"https:\\\/\\\/lospoliticosveracruz.com\\\/?p=153181#primaryimage\"},\"thumbnailUrl\":\"https:\\\/\\\/lospoliticosveracruz.com\\\/wp-content\\\/uploads\\\/2025\\\/04\\\/Carlos-Miguel-Acosta-Bravo.jpg\",\"keywords\":[\"Carlos Miguel Acosta Bravo*\"],\"articleSection\":[\"De Opini\u00f3n\"],\"inLanguage\":\"es\"},{\"@type\":\"WebPage\",\"@id\":\"https:\\\/\\\/lospoliticosveracruz.com\\\/?p=153181\",\"url\":\"https:\\\/\\\/lospoliticosveracruz.com\\\/?p=153181\",\"name\":\"DISTRIBUCI\u00d3N DE MEDICAMENTOS - Los pol\u00edticos Veracruz\",\"isPartOf\":{\"@id\":\"https:\\\/\\\/lospoliticosveracruz.com\\\/#website\"},\"primaryImageOfPage\":{\"@id\":\"https:\\\/\\\/lospoliticosveracruz.com\\\/?p=153181#primaryimage\"},\"image\":{\"@id\":\"https:\\\/\\\/lospoliticosveracruz.com\\\/?p=153181#primaryimage\"},\"thumbnailUrl\":\"https:\\\/\\\/lospoliticosveracruz.com\\\/wp-content\\\/uploads\\\/2025\\\/04\\\/Carlos-Miguel-Acosta-Bravo.jpg\",\"datePublished\":\"2025-09-25T03:49:38+00:00\",\"dateModified\":\"2025-09-25T03:51:16+00:00\",\"breadcrumb\":{\"@id\":\"https:\\\/\\\/lospoliticosveracruz.com\\\/?p=153181#breadcrumb\"},\"inLanguage\":\"es\",\"potentialAction\":[{\"@type\":\"ReadAction\",\"target\":[\"https:\\\/\\\/lospoliticosveracruz.com\\\/?p=153181\"]}]},{\"@type\":\"ImageObject\",\"inLanguage\":\"es\",\"@id\":\"https:\\\/\\\/lospoliticosveracruz.com\\\/?p=153181#primaryimage\",\"url\":\"https:\\\/\\\/lospoliticosveracruz.com\\\/wp-content\\\/uploads\\\/2025\\\/04\\\/Carlos-Miguel-Acosta-Bravo.jpg\",\"contentUrl\":\"https:\\\/\\\/lospoliticosveracruz.com\\\/wp-content\\\/uploads\\\/2025\\\/04\\\/Carlos-Miguel-Acosta-Bravo.jpg\",\"width\":1250,\"height\":667},{\"@type\":\"BreadcrumbList\",\"@id\":\"https:\\\/\\\/lospoliticosveracruz.com\\\/?p=153181#breadcrumb\",\"itemListElement\":[{\"@type\":\"ListItem\",\"position\":1,\"name\":\"Portada\",\"item\":\"https:\\\/\\\/lospoliticosveracruz.com\\\/\"},{\"@type\":\"ListItem\",\"position\":2,\"name\":\"DISTRIBUCI\u00d3N DE MEDICAMENTOS\"}]},{\"@type\":\"WebSite\",\"@id\":\"https:\\\/\\\/lospoliticosveracruz.com\\\/#website\",\"url\":\"https:\\\/\\\/lospoliticosveracruz.com\\\/\",\"name\":\"Los pol\u00edticos Veracruz\",\"description\":\"\",\"publisher\":{\"@id\":\"https:\\\/\\\/lospoliticosveracruz.com\\\/#organization\"},\"potentialAction\":[{\"@type\":\"SearchAction\",\"target\":{\"@type\":\"EntryPoint\",\"urlTemplate\":\"https:\\\/\\\/lospoliticosveracruz.com\\\/?s={search_term_string}\"},\"query-input\":{\"@type\":\"PropertyValueSpecification\",\"valueRequired\":true,\"valueName\":\"search_term_string\"}}],\"inLanguage\":\"es\"},{\"@type\":\"Organization\",\"@id\":\"https:\\\/\\\/lospoliticosveracruz.com\\\/#organization\",\"name\":\"Los pol\u00edticos Veracruz\",\"url\":\"https:\\\/\\\/lospoliticosveracruz.com\\\/\",\"logo\":{\"@type\":\"ImageObject\",\"inLanguage\":\"es\",\"@id\":\"https:\\\/\\\/lospoliticosveracruz.com\\\/#\\\/schema\\\/logo\\\/image\\\/\",\"url\":\"https:\\\/\\\/lospoliticosveracruz.com\\\/wp-content\\\/uploads\\\/2025\\\/12\\\/Logo-Nuevo-LOS-POLITICOS-1.jpg\",\"contentUrl\":\"https:\\\/\\\/lospoliticosveracruz.com\\\/wp-content\\\/uploads\\\/2025\\\/12\\\/Logo-Nuevo-LOS-POLITICOS-1.jpg\",\"width\":260,\"height\":70,\"caption\":\"Los pol\u00edticos Veracruz\"},\"image\":{\"@id\":\"https:\\\/\\\/lospoliticosveracruz.com\\\/#\\\/schema\\\/logo\\\/image\\\/\"},\"sameAs\":[\"https:\\\/\\\/www.facebook.com\\\/people\\\/Notimemes-de-los-Polticos\\\/61565672886568\\\/\",\"https:\\\/\\\/x.com\\\/LosPoliticosVer\"]},{\"@type\":\"Person\",\"@id\":\"https:\\\/\\\/lospoliticosveracruz.com\\\/#\\\/schema\\\/person\\\/b8702bb0e538456e6efd07080bf2a4a2\",\"name\":\"Lo viste en Los Pol\u00edticos\",\"image\":{\"@type\":\"ImageObject\",\"inLanguage\":\"es\",\"@id\":\"https:\\\/\\\/secure.gravatar.com\\\/avatar\\\/3a8de04a2656d44082be478bd6c086daa447c4651605818287b9532d3d0bd435?s=96&d=mm&r=g\",\"url\":\"https:\\\/\\\/secure.gravatar.com\\\/avatar\\\/3a8de04a2656d44082be478bd6c086daa447c4651605818287b9532d3d0bd435?s=96&d=mm&r=g\",\"contentUrl\":\"https:\\\/\\\/secure.gravatar.com\\\/avatar\\\/3a8de04a2656d44082be478bd6c086daa447c4651605818287b9532d3d0bd435?s=96&d=mm&r=g\",\"caption\":\"Lo viste en Los Pol\u00edticos\"},\"url\":\"https:\\\/\\\/lospoliticosveracruz.com\\\/?author=2\"}]}<\/script>\n<!-- \/ Yoast SEO plugin. -->","yoast_head_json":{"title":"DISTRIBUCI\u00d3N DE MEDICAMENTOS - Los pol\u00edticos Veracruz","robots":{"index":"index","follow":"follow","max-snippet":"max-snippet:-1","max-image-preview":"max-image-preview:large","max-video-preview":"max-video-preview:-1"},"canonical":"https:\/\/lospoliticosveracruz.com\/?p=153181","og_locale":"es_ES","og_type":"article","og_title":"DISTRIBUCI\u00d3N DE MEDICAMENTOS - Los pol\u00edticos Veracruz","og_description":"Carlos Miguel Acosta Bravo*Impronta Los avances en la distribuci\u00f3n de medicamentos en M\u00e9xico han sido significativos tras meses de dificultades para garantizar el abasto oportuno. Se implement\u00f3 la estrategia \u00abRutas de la Salud\u00bb con m\u00e1s de 1,000 rutas log\u00edsticas que distribuyen medicamentos e insumos a unidades m\u00e9dicas en 23 estados, alcanzando una cobertura inicial amplia [&hellip;]","og_url":"https:\/\/lospoliticosveracruz.com\/?p=153181","og_site_name":"Los pol\u00edticos Veracruz","article_publisher":"https:\/\/www.facebook.com\/people\/Notimemes-de-los-Polticos\/61565672886568\/","article_published_time":"2025-09-25T03:49:38+00:00","article_modified_time":"2025-09-25T03:51:16+00:00","og_image":[{"width":1250,"height":667,"url":"https:\/\/lospoliticosveracruz.com\/wp-content\/uploads\/2025\/04\/Carlos-Miguel-Acosta-Bravo.jpg","type":"image\/jpeg"}],"author":"Lo viste en Los Pol\u00edticos","twitter_card":"summary_large_image","twitter_creator":"@LosPoliticosVer","twitter_site":"@LosPoliticosVer","twitter_misc":{"Escrito por":"Lo viste en Los Pol\u00edticos","Tiempo de lectura":"3 minutos"},"schema":{"@context":"https:\/\/schema.org","@graph":[{"@type":"Article","@id":"https:\/\/lospoliticosveracruz.com\/?p=153181#article","isPartOf":{"@id":"https:\/\/lospoliticosveracruz.com\/?p=153181"},"author":{"name":"Lo viste en Los Pol\u00edticos","@id":"https:\/\/lospoliticosveracruz.com\/#\/schema\/person\/b8702bb0e538456e6efd07080bf2a4a2"},"headline":"DISTRIBUCI\u00d3N DE MEDICAMENTOS","datePublished":"2025-09-25T03:49:38+00:00","dateModified":"2025-09-25T03:51:16+00:00","mainEntityOfPage":{"@id":"https:\/\/lospoliticosveracruz.com\/?p=153181"},"wordCount":577,"publisher":{"@id":"https:\/\/lospoliticosveracruz.com\/#organization"},"image":{"@id":"https:\/\/lospoliticosveracruz.com\/?p=153181#primaryimage"},"thumbnailUrl":"https:\/\/lospoliticosveracruz.com\/wp-content\/uploads\/2025\/04\/Carlos-Miguel-Acosta-Bravo.jpg","keywords":["Carlos Miguel Acosta Bravo*"],"articleSection":["De Opini\u00f3n"],"inLanguage":"es"},{"@type":"WebPage","@id":"https:\/\/lospoliticosveracruz.com\/?p=153181","url":"https:\/\/lospoliticosveracruz.com\/?p=153181","name":"DISTRIBUCI\u00d3N DE MEDICAMENTOS - Los pol\u00edticos Veracruz","isPartOf":{"@id":"https:\/\/lospoliticosveracruz.com\/#website"},"primaryImageOfPage":{"@id":"https:\/\/lospoliticosveracruz.com\/?p=153181#primaryimage"},"image":{"@id":"https:\/\/lospoliticosveracruz.com\/?p=153181#primaryimage"},"thumbnailUrl":"https:\/\/lospoliticosveracruz.com\/wp-content\/uploads\/2025\/04\/Carlos-Miguel-Acosta-Bravo.jpg","datePublished":"2025-09-25T03:49:38+00:00","dateModified":"2025-09-25T03:51:16+00:00","breadcrumb":{"@id":"https:\/\/lospoliticosveracruz.com\/?p=153181#breadcrumb"},"inLanguage":"es","potentialAction":[{"@type":"ReadAction","target":["https:\/\/lospoliticosveracruz.com\/?p=153181"]}]},{"@type":"ImageObject","inLanguage":"es","@id":"https:\/\/lospoliticosveracruz.com\/?p=153181#primaryimage","url":"https:\/\/lospoliticosveracruz.com\/wp-content\/uploads\/2025\/04\/Carlos-Miguel-Acosta-Bravo.jpg","contentUrl":"https:\/\/lospoliticosveracruz.com\/wp-content\/uploads\/2025\/04\/Carlos-Miguel-Acosta-Bravo.jpg","width":1250,"height":667},{"@type":"BreadcrumbList","@id":"https:\/\/lospoliticosveracruz.com\/?p=153181#breadcrumb","itemListElement":[{"@type":"ListItem","position":1,"name":"Portada","item":"https:\/\/lospoliticosveracruz.com\/"},{"@type":"ListItem","position":2,"name":"DISTRIBUCI\u00d3N DE MEDICAMENTOS"}]},{"@type":"WebSite","@id":"https:\/\/lospoliticosveracruz.com\/#website","url":"https:\/\/lospoliticosveracruz.com\/","name":"Los pol\u00edticos Veracruz","description":"","publisher":{"@id":"https:\/\/lospoliticosveracruz.com\/#organization"},"potentialAction":[{"@type":"SearchAction","target":{"@type":"EntryPoint","urlTemplate":"https:\/\/lospoliticosveracruz.com\/?s={search_term_string}"},"query-input":{"@type":"PropertyValueSpecification","valueRequired":true,"valueName":"search_term_string"}}],"inLanguage":"es"},{"@type":"Organization","@id":"https:\/\/lospoliticosveracruz.com\/#organization","name":"Los pol\u00edticos Veracruz","url":"https:\/\/lospoliticosveracruz.com\/","logo":{"@type":"ImageObject","inLanguage":"es","@id":"https:\/\/lospoliticosveracruz.com\/#\/schema\/logo\/image\/","url":"https:\/\/lospoliticosveracruz.com\/wp-content\/uploads\/2025\/12\/Logo-Nuevo-LOS-POLITICOS-1.jpg","contentUrl":"https:\/\/lospoliticosveracruz.com\/wp-content\/uploads\/2025\/12\/Logo-Nuevo-LOS-POLITICOS-1.jpg","width":260,"height":70,"caption":"Los pol\u00edticos Veracruz"},"image":{"@id":"https:\/\/lospoliticosveracruz.com\/#\/schema\/logo\/image\/"},"sameAs":["https:\/\/www.facebook.com\/people\/Notimemes-de-los-Polticos\/61565672886568\/","https:\/\/x.com\/LosPoliticosVer"]},{"@type":"Person","@id":"https:\/\/lospoliticosveracruz.com\/#\/schema\/person\/b8702bb0e538456e6efd07080bf2a4a2","name":"Lo viste en Los Pol\u00edticos","image":{"@type":"ImageObject","inLanguage":"es","@id":"https:\/\/secure.gravatar.com\/avatar\/3a8de04a2656d44082be478bd6c086daa447c4651605818287b9532d3d0bd435?s=96&d=mm&r=g","url":"https:\/\/secure.gravatar.com\/avatar\/3a8de04a2656d44082be478bd6c086daa447c4651605818287b9532d3d0bd435?s=96&d=mm&r=g","contentUrl":"https:\/\/secure.gravatar.com\/avatar\/3a8de04a2656d44082be478bd6c086daa447c4651605818287b9532d3d0bd435?s=96&d=mm&r=g","caption":"Lo viste en Los Pol\u00edticos"},"url":"https:\/\/lospoliticosveracruz.com\/?author=2"}]}},"_links":{"self":[{"href":"https:\/\/lospoliticosveracruz.com\/index.php?rest_route=\/wp\/v2\/posts\/153181","targetHints":{"allow":["GET"]}}],"collection":[{"href":"https:\/\/lospoliticosveracruz.com\/index.php?rest_route=\/wp\/v2\/posts"}],"about":[{"href":"https:\/\/lospoliticosveracruz.com\/index.php?rest_route=\/wp\/v2\/types\/post"}],"author":[{"embeddable":true,"href":"https:\/\/lospoliticosveracruz.com\/index.php?rest_route=\/wp\/v2\/users\/2"}],"replies":[{"embeddable":true,"href":"https:\/\/lospoliticosveracruz.com\/index.php?rest_route=%2Fwp%2Fv2%2Fcomments&post=153181"}],"version-history":[{"count":1,"href":"https:\/\/lospoliticosveracruz.com\/index.php?rest_route=\/wp\/v2\/posts\/153181\/revisions"}],"predecessor-version":[{"id":153182,"href":"https:\/\/lospoliticosveracruz.com\/index.php?rest_route=\/wp\/v2\/posts\/153181\/revisions\/153182"}],"wp:featuredmedia":[{"embeddable":true,"href":"https:\/\/lospoliticosveracruz.com\/index.php?rest_route=\/wp\/v2\/media\/141377"}],"wp:attachment":[{"href":"https:\/\/lospoliticosveracruz.com\/index.php?rest_route=%2Fwp%2Fv2%2Fmedia&parent=153181"}],"wp:term":[{"taxonomy":"category","embeddable":true,"href":"https:\/\/lospoliticosveracruz.com\/index.php?rest_route=%2Fwp%2Fv2%2Fcategories&post=153181"},{"taxonomy":"post_tag","embeddable":true,"href":"https:\/\/lospoliticosveracruz.com\/index.php?rest_route=%2Fwp%2Fv2%2Ftags&post=153181"}],"curies":[{"name":"wp","href":"https:\/\/api.w.org\/{rel}","templated":true}]}}