{"id":153192,"date":"2025-09-25T08:17:56","date_gmt":"2025-09-25T13:17:56","guid":{"rendered":"https:\/\/lospoliticosveracruz.com.mx\/?p=153192"},"modified":"2025-09-25T08:18:31","modified_gmt":"2025-09-25T13:18:31","slug":"pais-de-tragicomedia","status":"publish","type":"post","link":"https:\/\/lospoliticosveracruz.com\/?p=153192","title":{"rendered":"PA\u00cdS DE TRAGICOMEDIA"},"content":{"rendered":"\n\n\n<p><br><strong>Uriel Flores Aguayo<\/strong><\/p>\n\n\n\n<p>Tengo la impresi\u00f3n de que la mayor\u00eda de los mexicanos viven con poca o nula informaci\u00f3n de la vida p\u00fablica en nuestro pa\u00eds. No se interesan en general de los asuntos pol\u00edticos, por ejemplo. Su aprecio por la democracia y el estado de derecho es m\u00ednimo. La sociedad va por una v\u00eda y la clase pol\u00edtica por otra, la exclusiva. No somos un pa\u00eds normal. Dominan la violencia y el miedo. Podemos ser omisos o testigos silenciosos de hechos graves que ponen en riesgo nuestra vida, sin decir nada y sin hacer algo.<\/p>\n\n\n\n\n\n<p> El Estado nacional no cumple con su funci\u00f3n principal: la seguridad. Sin esa tarea cubierta a plenitud, todo lo dem\u00e1s se pierde. Junto a la seguridad, ser\u00edan la salud y la educaci\u00f3n, en el modelo e historia mexicanas,con la justicia, los pilares del papel del Estado. Todo lo dem\u00e1s es asunto de vis\u00f3n y creatividad, pero resulta accesorio. Si el Estado no cumple con lo b\u00e1sico , se vuelve ineficaz, in\u00fatil o fallido. Sin el predominio de las leyes pasamos a vivir en la ley de la selva, donde impera el poder del m\u00e1s fuerte. En esas andamos. No somos un pa\u00eds normal aunque finjamos o ni siquiera nos demos cuenta, con la violencia normalizada. Tanto aparato gubernamental y tantas fuerzas armadas para vivir sin servicios adecuados y con miedo. La delincuencia es poderosa e impune, impone su ley, pasa sobre la sociedad y los gobiernos. Hay mil casos y ejemplos que muestran la ausencia de gobierno, parcial o total, desde las fallas de infraestructura, la falta de medicinas y los m\u00faltiples actos delictivos que van de los robos a los secuestros y los asesinatos. Ver todos los d\u00edas las matanzas contra polic\u00edas y ciudadanos, en la luz del d\u00eda y en v\u00edas p\u00fablicas muestra un pa\u00eds en descomposici\u00f3n. No es justo. Carreteras peligrosas, centros tur\u00edsticos peligrosos, robo de gas y gasolina a nivel industrial, desaparecidos, pol\u00edticos convertidos en delincuentes o a la inversa. Mal tiempo para M\u00e9xico. Al final perdemos todos : la ciudadan\u00eda se abstiene casi de todo y los gobiernos se dedican al auto consumo, al elogio mutuo y al derroche. Andamos tan tranquilos, como si todo fuera normal. No lo es. No lo merecemos. Si un peque\u00f1o porcentaje de los funcionarios y representantes cumplieran en lo b\u00e1sico con sus obligaciones, otra historia escribir\u00edamos. No lo entienden o simulan, y tampoco se ver presionados por la ciudadan\u00eda, que tiende a la apat\u00eda. Los partidos pol\u00edticos en general hacen pol\u00edtica para s\u00ed mismos, no cumplen con su papel legal y social, ni se involucran con los grandes asuntos sociales ni son escuela democr\u00e1tica. La clase pol\u00edtica en general es tradicional, hace una pol\u00edtica de fachada y dedica su tiempo para s\u00ed misma. Es parte del problema, no la soluci\u00f3n. Otra cosa es su condici\u00f3n repelente a la cultura y a un ambiente intelectual; no leen, no escriben, no debaten y tampoco portan ideas. Son un cuello de botella. Y mal ejemplo . Para no hacer casi nada y contar con privilegios, motivan a que muchos quieran ser como ellos. Nos instalamos en un c\u00edrculo vicioso: malos pol\u00edticos y problemas sin resolver. Asuntos que se quedan a medias, responsabilidades que no se atienden, funcionarios que no se enteran de nada, legisladores que no hablan ni cumplen , partidos cascaron y aparato p\u00fablico costoso e in\u00fatil. Este alegato es realista, no contiene amargura, se que tenemos problemas estructurales que no se resuelven r\u00e1pido, y que no ser\u00e1 pronto cuando se encuentren alternativas. Llevar\u00e1 mucho tiempo ser un pa\u00eds normal, con una sociedad fuerte y gobiernos \u00fatiles. Aqu\u00ed no importan el color o los discursos , la pol\u00edtica que se requiere es de apertura, inclusi\u00f3n, capaz, compromiso y visi\u00f3n. Eso se podr\u00eda encontrar en cualquier fuerza pol\u00edtica si son auto cr\u00edticos y dejan de verse el ombligo. Es necesario armar menos teatros pol\u00edticos y hacer lo correcto. Esa debe ser la bandera ciudadana.<br>Recadito: ya falta poco para la llegada de una nueva administraci\u00f3n en Xalapa. Que sea para bien.<\/p>\n","protected":false},"excerpt":{"rendered":"<p>Uriel Flores Aguayo Tengo la impresi\u00f3n de que la mayor\u00eda de los mexicanos viven con poca o nula informaci\u00f3n de la vida p\u00fablica en nuestro pa\u00eds. No se interesan en general de los asuntos pol\u00edticos, por ejemplo. Su aprecio por la democracia y el estado de derecho es m\u00ednimo. La sociedad va por una v\u00eda [&hellip;]<\/p>\n","protected":false},"author":2,"featured_media":141430,"comment_status":"closed","ping_status":"closed","sticky":false,"template":"","format":"standard","meta":{"tdm_status":"","tdm_grid_status":"","footnotes":""},"categories":[70],"tags":[395],"class_list":{"0":"post-153192","1":"post","2":"type-post","3":"status-publish","4":"format-standard","5":"has-post-thumbnail","7":"category-de-opinion","8":"tag-mexico"},"yoast_head":"<!-- This site is optimized with the Yoast SEO plugin v27.4 - https:\/\/yoast.com\/product\/yoast-seo-wordpress\/ -->\n<title>PA\u00cdS DE TRAGICOMEDIA - Los pol\u00edticos Veracruz<\/title>\n<meta name=\"robots\" content=\"index, follow, max-snippet:-1, max-image-preview:large, max-video-preview:-1\" \/>\n<link rel=\"canonical\" href=\"https:\/\/lospoliticosveracruz.com\/?p=153192\" \/>\n<meta property=\"og:locale\" content=\"es_ES\" \/>\n<meta property=\"og:type\" content=\"article\" \/>\n<meta property=\"og:title\" content=\"PA\u00cdS DE TRAGICOMEDIA - Los pol\u00edticos Veracruz\" \/>\n<meta property=\"og:description\" content=\"Uriel Flores Aguayo Tengo la impresi\u00f3n de que la mayor\u00eda de los mexicanos viven con poca o nula informaci\u00f3n de la vida p\u00fablica en nuestro pa\u00eds. No se interesan en general de los asuntos pol\u00edticos, por ejemplo. Su aprecio por la democracia y el estado de derecho es m\u00ednimo. La sociedad va por una v\u00eda [&hellip;]\" \/>\n<meta property=\"og:url\" content=\"https:\/\/lospoliticosveracruz.com\/?p=153192\" \/>\n<meta property=\"og:site_name\" content=\"Los pol\u00edticos Veracruz\" \/>\n<meta property=\"article:publisher\" content=\"https:\/\/www.facebook.com\/people\/Notimemes-de-los-Polticos\/61565672886568\/\" \/>\n<meta property=\"article:published_time\" content=\"2025-09-25T13:17:56+00:00\" \/>\n<meta property=\"article:modified_time\" content=\"2025-09-25T13:18:31+00:00\" \/>\n<meta property=\"og:image\" content=\"https:\/\/lospoliticosveracruz.com\/wp-content\/uploads\/2025\/04\/Uriel-Flores.jpg\" \/>\n\t<meta property=\"og:image:width\" content=\"1250\" \/>\n\t<meta property=\"og:image:height\" content=\"667\" \/>\n\t<meta property=\"og:image:type\" content=\"image\/jpeg\" \/>\n<meta name=\"author\" content=\"Lo viste en Los Pol\u00edticos\" \/>\n<meta name=\"twitter:card\" content=\"summary_large_image\" \/>\n<meta name=\"twitter:creator\" content=\"@LosPoliticosVer\" \/>\n<meta name=\"twitter:site\" content=\"@LosPoliticosVer\" \/>\n<meta name=\"twitter:label1\" content=\"Escrito por\" \/>\n\t<meta name=\"twitter:data1\" content=\"Lo viste en Los Pol\u00edticos\" \/>\n\t<meta name=\"twitter:label2\" content=\"Tiempo de lectura\" \/>\n\t<meta name=\"twitter:data2\" content=\"4 minutos\" \/>\n<script type=\"application\/ld+json\" class=\"yoast-schema-graph\">{\"@context\":\"https:\\\/\\\/schema.org\",\"@graph\":[{\"@type\":\"Article\",\"@id\":\"https:\\\/\\\/lospoliticosveracruz.com\\\/?p=153192#article\",\"isPartOf\":{\"@id\":\"https:\\\/\\\/lospoliticosveracruz.com\\\/?p=153192\"},\"author\":{\"name\":\"Lo viste en Los Pol\u00edticos\",\"@id\":\"https:\\\/\\\/lospoliticosveracruz.com\\\/#\\\/schema\\\/person\\\/b8702bb0e538456e6efd07080bf2a4a2\"},\"headline\":\"PA\u00cdS DE TRAGICOMEDIA\",\"datePublished\":\"2025-09-25T13:17:56+00:00\",\"dateModified\":\"2025-09-25T13:18:31+00:00\",\"mainEntityOfPage\":{\"@id\":\"https:\\\/\\\/lospoliticosveracruz.com\\\/?p=153192\"},\"wordCount\":733,\"publisher\":{\"@id\":\"https:\\\/\\\/lospoliticosveracruz.com\\\/#organization\"},\"image\":{\"@id\":\"https:\\\/\\\/lospoliticosveracruz.com\\\/?p=153192#primaryimage\"},\"thumbnailUrl\":\"https:\\\/\\\/lospoliticosveracruz.com\\\/wp-content\\\/uploads\\\/2025\\\/04\\\/Uriel-Flores.jpg\",\"keywords\":[\"M\u00e9xico\"],\"articleSection\":[\"De Opini\u00f3n\"],\"inLanguage\":\"es\"},{\"@type\":\"WebPage\",\"@id\":\"https:\\\/\\\/lospoliticosveracruz.com\\\/?p=153192\",\"url\":\"https:\\\/\\\/lospoliticosveracruz.com\\\/?p=153192\",\"name\":\"PA\u00cdS DE TRAGICOMEDIA - Los pol\u00edticos Veracruz\",\"isPartOf\":{\"@id\":\"https:\\\/\\\/lospoliticosveracruz.com\\\/#website\"},\"primaryImageOfPage\":{\"@id\":\"https:\\\/\\\/lospoliticosveracruz.com\\\/?p=153192#primaryimage\"},\"image\":{\"@id\":\"https:\\\/\\\/lospoliticosveracruz.com\\\/?p=153192#primaryimage\"},\"thumbnailUrl\":\"https:\\\/\\\/lospoliticosveracruz.com\\\/wp-content\\\/uploads\\\/2025\\\/04\\\/Uriel-Flores.jpg\",\"datePublished\":\"2025-09-25T13:17:56+00:00\",\"dateModified\":\"2025-09-25T13:18:31+00:00\",\"breadcrumb\":{\"@id\":\"https:\\\/\\\/lospoliticosveracruz.com\\\/?p=153192#breadcrumb\"},\"inLanguage\":\"es\",\"potentialAction\":[{\"@type\":\"ReadAction\",\"target\":[\"https:\\\/\\\/lospoliticosveracruz.com\\\/?p=153192\"]}]},{\"@type\":\"ImageObject\",\"inLanguage\":\"es\",\"@id\":\"https:\\\/\\\/lospoliticosveracruz.com\\\/?p=153192#primaryimage\",\"url\":\"https:\\\/\\\/lospoliticosveracruz.com\\\/wp-content\\\/uploads\\\/2025\\\/04\\\/Uriel-Flores.jpg\",\"contentUrl\":\"https:\\\/\\\/lospoliticosveracruz.com\\\/wp-content\\\/uploads\\\/2025\\\/04\\\/Uriel-Flores.jpg\",\"width\":1250,\"height\":667},{\"@type\":\"BreadcrumbList\",\"@id\":\"https:\\\/\\\/lospoliticosveracruz.com\\\/?p=153192#breadcrumb\",\"itemListElement\":[{\"@type\":\"ListItem\",\"position\":1,\"name\":\"Portada\",\"item\":\"https:\\\/\\\/lospoliticosveracruz.com\\\/\"},{\"@type\":\"ListItem\",\"position\":2,\"name\":\"PA\u00cdS DE TRAGICOMEDIA\"}]},{\"@type\":\"WebSite\",\"@id\":\"https:\\\/\\\/lospoliticosveracruz.com\\\/#website\",\"url\":\"https:\\\/\\\/lospoliticosveracruz.com\\\/\",\"name\":\"Los pol\u00edticos Veracruz\",\"description\":\"\",\"publisher\":{\"@id\":\"https:\\\/\\\/lospoliticosveracruz.com\\\/#organization\"},\"potentialAction\":[{\"@type\":\"SearchAction\",\"target\":{\"@type\":\"EntryPoint\",\"urlTemplate\":\"https:\\\/\\\/lospoliticosveracruz.com\\\/?s={search_term_string}\"},\"query-input\":{\"@type\":\"PropertyValueSpecification\",\"valueRequired\":true,\"valueName\":\"search_term_string\"}}],\"inLanguage\":\"es\"},{\"@type\":\"Organization\",\"@id\":\"https:\\\/\\\/lospoliticosveracruz.com\\\/#organization\",\"name\":\"Los pol\u00edticos Veracruz\",\"url\":\"https:\\\/\\\/lospoliticosveracruz.com\\\/\",\"logo\":{\"@type\":\"ImageObject\",\"inLanguage\":\"es\",\"@id\":\"https:\\\/\\\/lospoliticosveracruz.com\\\/#\\\/schema\\\/logo\\\/image\\\/\",\"url\":\"https:\\\/\\\/lospoliticosveracruz.com\\\/wp-content\\\/uploads\\\/2025\\\/12\\\/Logo-Nuevo-LOS-POLITICOS-1.jpg\",\"contentUrl\":\"https:\\\/\\\/lospoliticosveracruz.com\\\/wp-content\\\/uploads\\\/2025\\\/12\\\/Logo-Nuevo-LOS-POLITICOS-1.jpg\",\"width\":260,\"height\":70,\"caption\":\"Los pol\u00edticos Veracruz\"},\"image\":{\"@id\":\"https:\\\/\\\/lospoliticosveracruz.com\\\/#\\\/schema\\\/logo\\\/image\\\/\"},\"sameAs\":[\"https:\\\/\\\/www.facebook.com\\\/people\\\/Notimemes-de-los-Polticos\\\/61565672886568\\\/\",\"https:\\\/\\\/x.com\\\/LosPoliticosVer\"]},{\"@type\":\"Person\",\"@id\":\"https:\\\/\\\/lospoliticosveracruz.com\\\/#\\\/schema\\\/person\\\/b8702bb0e538456e6efd07080bf2a4a2\",\"name\":\"Lo viste en Los Pol\u00edticos\",\"image\":{\"@type\":\"ImageObject\",\"inLanguage\":\"es\",\"@id\":\"https:\\\/\\\/secure.gravatar.com\\\/avatar\\\/3a8de04a2656d44082be478bd6c086daa447c4651605818287b9532d3d0bd435?s=96&d=mm&r=g\",\"url\":\"https:\\\/\\\/secure.gravatar.com\\\/avatar\\\/3a8de04a2656d44082be478bd6c086daa447c4651605818287b9532d3d0bd435?s=96&d=mm&r=g\",\"contentUrl\":\"https:\\\/\\\/secure.gravatar.com\\\/avatar\\\/3a8de04a2656d44082be478bd6c086daa447c4651605818287b9532d3d0bd435?s=96&d=mm&r=g\",\"caption\":\"Lo viste en Los Pol\u00edticos\"},\"url\":\"https:\\\/\\\/lospoliticosveracruz.com\\\/?author=2\"}]}<\/script>\n<!-- \/ Yoast SEO plugin. -->","yoast_head_json":{"title":"PA\u00cdS DE TRAGICOMEDIA - Los pol\u00edticos Veracruz","robots":{"index":"index","follow":"follow","max-snippet":"max-snippet:-1","max-image-preview":"max-image-preview:large","max-video-preview":"max-video-preview:-1"},"canonical":"https:\/\/lospoliticosveracruz.com\/?p=153192","og_locale":"es_ES","og_type":"article","og_title":"PA\u00cdS DE TRAGICOMEDIA - Los pol\u00edticos Veracruz","og_description":"Uriel Flores Aguayo Tengo la impresi\u00f3n de que la mayor\u00eda de los mexicanos viven con poca o nula informaci\u00f3n de la vida p\u00fablica en nuestro pa\u00eds. No se interesan en general de los asuntos pol\u00edticos, por ejemplo. Su aprecio por la democracia y el estado de derecho es m\u00ednimo. La sociedad va por una v\u00eda [&hellip;]","og_url":"https:\/\/lospoliticosveracruz.com\/?p=153192","og_site_name":"Los pol\u00edticos Veracruz","article_publisher":"https:\/\/www.facebook.com\/people\/Notimemes-de-los-Polticos\/61565672886568\/","article_published_time":"2025-09-25T13:17:56+00:00","article_modified_time":"2025-09-25T13:18:31+00:00","og_image":[{"width":1250,"height":667,"url":"https:\/\/lospoliticosveracruz.com\/wp-content\/uploads\/2025\/04\/Uriel-Flores.jpg","type":"image\/jpeg"}],"author":"Lo viste en Los Pol\u00edticos","twitter_card":"summary_large_image","twitter_creator":"@LosPoliticosVer","twitter_site":"@LosPoliticosVer","twitter_misc":{"Escrito por":"Lo viste en Los Pol\u00edticos","Tiempo de lectura":"4 minutos"},"schema":{"@context":"https:\/\/schema.org","@graph":[{"@type":"Article","@id":"https:\/\/lospoliticosveracruz.com\/?p=153192#article","isPartOf":{"@id":"https:\/\/lospoliticosveracruz.com\/?p=153192"},"author":{"name":"Lo viste en Los Pol\u00edticos","@id":"https:\/\/lospoliticosveracruz.com\/#\/schema\/person\/b8702bb0e538456e6efd07080bf2a4a2"},"headline":"PA\u00cdS DE TRAGICOMEDIA","datePublished":"2025-09-25T13:17:56+00:00","dateModified":"2025-09-25T13:18:31+00:00","mainEntityOfPage":{"@id":"https:\/\/lospoliticosveracruz.com\/?p=153192"},"wordCount":733,"publisher":{"@id":"https:\/\/lospoliticosveracruz.com\/#organization"},"image":{"@id":"https:\/\/lospoliticosveracruz.com\/?p=153192#primaryimage"},"thumbnailUrl":"https:\/\/lospoliticosveracruz.com\/wp-content\/uploads\/2025\/04\/Uriel-Flores.jpg","keywords":["M\u00e9xico"],"articleSection":["De Opini\u00f3n"],"inLanguage":"es"},{"@type":"WebPage","@id":"https:\/\/lospoliticosveracruz.com\/?p=153192","url":"https:\/\/lospoliticosveracruz.com\/?p=153192","name":"PA\u00cdS DE TRAGICOMEDIA - Los pol\u00edticos Veracruz","isPartOf":{"@id":"https:\/\/lospoliticosveracruz.com\/#website"},"primaryImageOfPage":{"@id":"https:\/\/lospoliticosveracruz.com\/?p=153192#primaryimage"},"image":{"@id":"https:\/\/lospoliticosveracruz.com\/?p=153192#primaryimage"},"thumbnailUrl":"https:\/\/lospoliticosveracruz.com\/wp-content\/uploads\/2025\/04\/Uriel-Flores.jpg","datePublished":"2025-09-25T13:17:56+00:00","dateModified":"2025-09-25T13:18:31+00:00","breadcrumb":{"@id":"https:\/\/lospoliticosveracruz.com\/?p=153192#breadcrumb"},"inLanguage":"es","potentialAction":[{"@type":"ReadAction","target":["https:\/\/lospoliticosveracruz.com\/?p=153192"]}]},{"@type":"ImageObject","inLanguage":"es","@id":"https:\/\/lospoliticosveracruz.com\/?p=153192#primaryimage","url":"https:\/\/lospoliticosveracruz.com\/wp-content\/uploads\/2025\/04\/Uriel-Flores.jpg","contentUrl":"https:\/\/lospoliticosveracruz.com\/wp-content\/uploads\/2025\/04\/Uriel-Flores.jpg","width":1250,"height":667},{"@type":"BreadcrumbList","@id":"https:\/\/lospoliticosveracruz.com\/?p=153192#breadcrumb","itemListElement":[{"@type":"ListItem","position":1,"name":"Portada","item":"https:\/\/lospoliticosveracruz.com\/"},{"@type":"ListItem","position":2,"name":"PA\u00cdS DE TRAGICOMEDIA"}]},{"@type":"WebSite","@id":"https:\/\/lospoliticosveracruz.com\/#website","url":"https:\/\/lospoliticosveracruz.com\/","name":"Los pol\u00edticos Veracruz","description":"","publisher":{"@id":"https:\/\/lospoliticosveracruz.com\/#organization"},"potentialAction":[{"@type":"SearchAction","target":{"@type":"EntryPoint","urlTemplate":"https:\/\/lospoliticosveracruz.com\/?s={search_term_string}"},"query-input":{"@type":"PropertyValueSpecification","valueRequired":true,"valueName":"search_term_string"}}],"inLanguage":"es"},{"@type":"Organization","@id":"https:\/\/lospoliticosveracruz.com\/#organization","name":"Los pol\u00edticos Veracruz","url":"https:\/\/lospoliticosveracruz.com\/","logo":{"@type":"ImageObject","inLanguage":"es","@id":"https:\/\/lospoliticosveracruz.com\/#\/schema\/logo\/image\/","url":"https:\/\/lospoliticosveracruz.com\/wp-content\/uploads\/2025\/12\/Logo-Nuevo-LOS-POLITICOS-1.jpg","contentUrl":"https:\/\/lospoliticosveracruz.com\/wp-content\/uploads\/2025\/12\/Logo-Nuevo-LOS-POLITICOS-1.jpg","width":260,"height":70,"caption":"Los pol\u00edticos Veracruz"},"image":{"@id":"https:\/\/lospoliticosveracruz.com\/#\/schema\/logo\/image\/"},"sameAs":["https:\/\/www.facebook.com\/people\/Notimemes-de-los-Polticos\/61565672886568\/","https:\/\/x.com\/LosPoliticosVer"]},{"@type":"Person","@id":"https:\/\/lospoliticosveracruz.com\/#\/schema\/person\/b8702bb0e538456e6efd07080bf2a4a2","name":"Lo viste en Los Pol\u00edticos","image":{"@type":"ImageObject","inLanguage":"es","@id":"https:\/\/secure.gravatar.com\/avatar\/3a8de04a2656d44082be478bd6c086daa447c4651605818287b9532d3d0bd435?s=96&d=mm&r=g","url":"https:\/\/secure.gravatar.com\/avatar\/3a8de04a2656d44082be478bd6c086daa447c4651605818287b9532d3d0bd435?s=96&d=mm&r=g","contentUrl":"https:\/\/secure.gravatar.com\/avatar\/3a8de04a2656d44082be478bd6c086daa447c4651605818287b9532d3d0bd435?s=96&d=mm&r=g","caption":"Lo viste en Los Pol\u00edticos"},"url":"https:\/\/lospoliticosveracruz.com\/?author=2"}]}},"_links":{"self":[{"href":"https:\/\/lospoliticosveracruz.com\/index.php?rest_route=\/wp\/v2\/posts\/153192","targetHints":{"allow":["GET"]}}],"collection":[{"href":"https:\/\/lospoliticosveracruz.com\/index.php?rest_route=\/wp\/v2\/posts"}],"about":[{"href":"https:\/\/lospoliticosveracruz.com\/index.php?rest_route=\/wp\/v2\/types\/post"}],"author":[{"embeddable":true,"href":"https:\/\/lospoliticosveracruz.com\/index.php?rest_route=\/wp\/v2\/users\/2"}],"replies":[{"embeddable":true,"href":"https:\/\/lospoliticosveracruz.com\/index.php?rest_route=%2Fwp%2Fv2%2Fcomments&post=153192"}],"version-history":[{"count":2,"href":"https:\/\/lospoliticosveracruz.com\/index.php?rest_route=\/wp\/v2\/posts\/153192\/revisions"}],"predecessor-version":[{"id":153194,"href":"https:\/\/lospoliticosveracruz.com\/index.php?rest_route=\/wp\/v2\/posts\/153192\/revisions\/153194"}],"wp:featuredmedia":[{"embeddable":true,"href":"https:\/\/lospoliticosveracruz.com\/index.php?rest_route=\/wp\/v2\/media\/141430"}],"wp:attachment":[{"href":"https:\/\/lospoliticosveracruz.com\/index.php?rest_route=%2Fwp%2Fv2%2Fmedia&parent=153192"}],"wp:term":[{"taxonomy":"category","embeddable":true,"href":"https:\/\/lospoliticosveracruz.com\/index.php?rest_route=%2Fwp%2Fv2%2Fcategories&post=153192"},{"taxonomy":"post_tag","embeddable":true,"href":"https:\/\/lospoliticosveracruz.com\/index.php?rest_route=%2Fwp%2Fv2%2Ftags&post=153192"}],"curies":[{"name":"wp","href":"https:\/\/api.w.org\/{rel}","templated":true}]}}