{"id":153256,"date":"2025-09-25T23:12:11","date_gmt":"2025-09-26T04:12:11","guid":{"rendered":"https:\/\/lospoliticosveracruz.com.mx\/?p=153256"},"modified":"2025-09-25T23:12:19","modified_gmt":"2025-09-26T04:12:19","slug":"la-miseria-de-la-antipolitica","status":"publish","type":"post","link":"https:\/\/lospoliticosveracruz.com\/?p=153256","title":{"rendered":"LA MISERIA DE LA ANTIPOL\u00cdTICA"},"content":{"rendered":"\n<p><strong><em>Inocencio Y\u00e1\u00f1ez Vicencio<\/em><\/strong><\/p>\n\n\n\n<p>C\u00f3mo ciudadano de a pi\u00e9, muy de a pi\u00e9, regresaba de realizar un tr\u00e1mite en la CDMX, caminando por la calle de Legar\u00eda y cuando cruzo R\u00edo San Joaqu\u00edn, empiezo a ver cortes. Ah\u00ed frente al edificio de lo que ser\u00e1 el nuevo domicilio de la Embajada de los Estados Unidos, como no veo manera de tomar transporte p\u00fablico, sigo hasta el perif\u00e9rico y frente a SEDENA, bajo para dirigirme por Av. Conscripto. Como sigo viendo bloqueado, cruz\u00f3 el perif\u00e9rico y ya en Av. Conscripto, al ver el contingente de los 43, avanzo y antes de toparme con ellos, un polic\u00eda me desv\u00eda e indica que dirija al interior de Centro Financieros Banamex, pero al aproximarse a la parte central, empiezo escuchar cohetones y la fila donde yo iba corre. La misma vigilancia nos dice que nos internamos y nos protejamos. Como ya no dejaban salir a nadie, comienzo sigilosamente a desplazarme haciendo el estacionamiento, que por cierto es inmenso, emprendiendo desde ah\u00ed mi fuga. Al llegar a la \u00fanica gasolinera que existe en Conscripto, atravieso la Avenida y tomo un transporte. Al llegar a casa me entero de lo que debi conocer, al estar en la escena. Saben , una vez m\u00e1s compruebe que quien est\u00e1n en los sucesos, son los menos enterrados. Con excepci\u00f3n de los reporteros, los dem\u00e1s buscamos refugio .<\/p>\n\n\n\n<p>Los acontecimientos que se dieron en la puerta n\u00famero uno, son muy preocupantes, desde cualquier punto que se vean.<\/p>\n\n\n\n<p>A los dos o tres d\u00edas de los lamentables hechos de Ayotzinapa, Jes\u00fas Zambrano, entonces presidente del PRD, fue contundente, cuando todos apuntaban que los responsables de esas desapariciones eran los Abarca, pidi\u00f3 que no le dieran vueltas, que investigar\u00e1n al jefe de quienes gobernaban Iguala, Guerrero, que era Andr\u00e9s Manuel L\u00f3pez Obrador. Pero no, misteriosamente se empantanaron con \u00bb la verdad hist\u00f3rica\u00bb.&nbsp;<\/p>\n\n\n\n<p>AMLO ofreci\u00f3 esclarecer esa situaci\u00f3n. Nadie vio en el Ej\u00e9rcito, una participaci\u00f3n como Alejandro Encinas. La autor\u00eda quieren verla fuera del gobierno de Morena, a\u00fan cuando hay personajes de la 4T que son se\u00f1alados de haber estado la noche en que desaparecieron los normalistas. As\u00ed es obvio que Murillo o Zer\u00f3n, son chivos expiatorios. Los videos donde Luisa Mar\u00eda Alcalde Luj\u00e1n, hoy presidenta de Morena, aparece en la descubierta de las marchas de los padres que reclaman presentaci\u00f3n de sus hijos, no se han desmentido, por lo que prueban la voluntad de este gobierno de mantener vivo este movimiento. Que el asesor estrella de las v\u00edctimas de Ayotzinapa pase a ser el principal asesor del Presidente de la SCJN, no permite disociar la movilizaci\u00f3n de los normalistas de Ayotzinapa, ni de Morena ni de los que hoy gobiernan.<\/p>\n\n\n\n<p>Las acciones vand\u00e1licas y de provocaci\u00f3n contra el Ej\u00e9rcito Mexicano, el d\u00eda de hoy, una vez m\u00e1s, tienen la marca de Morena y tal parece que quieren que estos grupos de choque no se oxiden y que les sirve para tenerlos listos para asaltar instalaciones militares y oficinas de gobierno. Por ahora pueden ser lanzados contra autoridades no morenistas, ma\u00f1ana, y este mensaje es muy claro, ser\u00e1n utilizados cuando las elecciones o la revocaci\u00f3n de mandato no les favorezca.<\/p>\n\n\n\n<p>El d\u00eda de ma\u00f1ana encontrar\u00e1n los principales edificios a su paso con bardas met\u00e1licas protectoras, no obstante, a usted o a m\u00ed nos llenan a la c\u00e1rcel por simples aclaraciones o faltas a la autoridad, pero a sus bandas de normalistas, hagan lo que hagan, nada. Ellos lo saben, por eso causan tantos destrozos en sus marchas.<\/p>\n\n\n\n<p>El problema es que el mensaje que se env\u00eda es que las bandas del cr\u00edmen pueden hacer lo que quieran, al fin no hay Estado.<\/p>\n\n\n\n<p>Miren. Una lectura que hab\u00eda dejado pendiente es precisamente el Estado Crisis, de Zygmunt Bauman y Carlos Bordoni, que plantea de manera muy clara como el Estado nace concentrando todo el poder y qui\u00e9n no lo hizo como Polonia, lo pag\u00f3 muy caro. Sin embargo poco a poco pol\u00edtica y poder fueron separ\u00e1ndose, al grado que con el neoliberalismo, a la pol\u00edtica pr\u00e1cticamente le queda cortar listones y todav\u00eda, lo poco rescatable lo desoerdicia sino en celos, si en omisiones graves, porque como dijera Don Jes\u00fas Reyes Heroles, en pol\u00edtica no hay vac\u00edos, porque siempre habr\u00e1 quien los llene.<\/p>\n\n\n\n<p>Desde hace varios a\u00f1os vengo advirtiendo que el populismo de AMLO, s\u00f3lo se colg\u00f3 de una campa\u00f1a que se ha hecho desde los centros patronales, los p\u00falpitos, las escuelas confesionales, los canales de radio y los canales de televisi\u00f3n, los intelectuales org\u00e1nicos del gran capital&#8230; Hoy lloran porque los barones del dinero daban por descontado que s\u00f3lo habr\u00eda un par de partidos que ganara quien ganara, no habr\u00eda sobresaltos. Nunca se estuvieron a pensar que esa campa\u00f1a contra la pol\u00edtica, sin distinguir malos pol\u00edticos de buenos pol\u00edticos, para debilitar la pol\u00edtica y hacer que las \u00faltimas decisiones sobre los problemas que competen a la pol\u00edtica, pasaran al mercado, iba a surgir un vivales que aprovechando y explotando el descr\u00e9dito a qu\u00e9 se hab\u00eda sometido la actividad pol\u00edtica, iba a hacer pol\u00edtica, atacando la pol\u00edtica, para lo cual cambi\u00f3 el eje izquierda -derecha, por nosotros -ellos, nosotros el pueblo ( pueblo donde \u00fanicamente hay cabida para los partidarios y amigos) y ellos, la clase corrupta, mafiosa y rapaz.<\/p>\n\n\n\n<p>Carlos Bordoni, dice: La antipolitica &#8211;&nbsp;&nbsp;como bien reconoce Balibar &#8211; da pie al populismo y al nacionalismo, peligrosos fen\u00f3menos ambos y susceptibles de las m\u00e1s devastadoras desviaciones. Suele ser el preludio de reg\u00edmenes tir\u00e1nicos y autoritarios, como la historia reciente nos ha demostrado. Comienza como un rechazo de la pol\u00edtica ( \u00bb la pol\u00edtica es algo sucio\u00bb) y, a trav\u00e9s de figuras carism\u00e1ticas, capaces de atraer la atenci\u00f3n y el cari\u00f1o de las masas, termina justificando la dictadura del hombre fuerte, el \u00fanico que puede asumir la herculea labor de corregir las cosas. Siempre hay un hombre providencial dispuesto a intervenir cuando la relaci\u00f3n entre el Estado y los ciudadanos est\u00e1 suficientemente deteriorada.<\/p>\n\n\n\n<p>Es cierto que habi\u00e9ndo pasado las decisiones sobre la econom\u00eda, las finanzas y bancarias al mercado, se hace cada d\u00eda m\u00e1s dif\u00edcil que el Estado pueda, como afirma Zygmunt Bauman, cumplir con su tarea m\u00e1s importante, que es : ,,,imponer el orden ; si falla a la hora de cumplir ese cometido, se convierte en un \u00bb Estado fallido\u00bb ( n\u00f3tese que no hay ninguna otra raz\u00f3n para que un Estado reciba ese calificativo de \u00bb fallido\u00bb).<\/p>\n\n\n\n<p>A partir de esta experiencia tenemos que replantear nuestra estrategia ,para no engordarle el caldo a los cuatreros y no siga echando ra\u00edces el crimen que asalt\u00f3 el gobierno.<\/p>\n","protected":false},"excerpt":{"rendered":"<p>Inocencio Y\u00e1\u00f1ez Vicencio C\u00f3mo ciudadano de a pi\u00e9, muy de a pi\u00e9, regresaba de realizar un tr\u00e1mite en la CDMX, caminando por la calle de Legar\u00eda y cuando cruzo R\u00edo San Joaqu\u00edn, empiezo a ver cortes. Ah\u00ed frente al edificio de lo que ser\u00e1 el nuevo domicilio de la Embajada de los Estados Unidos, como [&hellip;]<\/p>\n","protected":false},"author":2,"featured_media":141387,"comment_status":"closed","ping_status":"closed","sticky":false,"template":"","format":"standard","meta":{"tdm_status":"","tdm_grid_status":"","footnotes":""},"categories":[70],"tags":[],"class_list":{"0":"post-153256","1":"post","2":"type-post","3":"status-publish","4":"format-standard","5":"has-post-thumbnail","7":"category-de-opinion"},"yoast_head":"<!-- This site is optimized with the Yoast SEO plugin v27.4 - https:\/\/yoast.com\/product\/yoast-seo-wordpress\/ -->\n<title>LA MISERIA DE LA ANTIPOL\u00cdTICA - Los pol\u00edticos Veracruz<\/title>\n<meta name=\"robots\" content=\"index, follow, max-snippet:-1, max-image-preview:large, max-video-preview:-1\" \/>\n<link rel=\"canonical\" href=\"https:\/\/lospoliticosveracruz.com\/?p=153256\" \/>\n<meta property=\"og:locale\" content=\"es_ES\" \/>\n<meta property=\"og:type\" content=\"article\" \/>\n<meta property=\"og:title\" content=\"LA MISERIA DE LA ANTIPOL\u00cdTICA - Los pol\u00edticos Veracruz\" \/>\n<meta property=\"og:description\" content=\"Inocencio Y\u00e1\u00f1ez Vicencio C\u00f3mo ciudadano de a pi\u00e9, muy de a pi\u00e9, regresaba de realizar un tr\u00e1mite en la CDMX, caminando por la calle de Legar\u00eda y cuando cruzo R\u00edo San Joaqu\u00edn, empiezo a ver cortes. Ah\u00ed frente al edificio de lo que ser\u00e1 el nuevo domicilio de la Embajada de los Estados Unidos, como [&hellip;]\" \/>\n<meta property=\"og:url\" content=\"https:\/\/lospoliticosveracruz.com\/?p=153256\" \/>\n<meta property=\"og:site_name\" content=\"Los pol\u00edticos Veracruz\" \/>\n<meta property=\"article:publisher\" content=\"https:\/\/www.facebook.com\/people\/Notimemes-de-los-Polticos\/61565672886568\/\" \/>\n<meta property=\"article:published_time\" content=\"2025-09-26T04:12:11+00:00\" \/>\n<meta property=\"article:modified_time\" content=\"2025-09-26T04:12:19+00:00\" \/>\n<meta property=\"og:image\" content=\"https:\/\/lospoliticosveracruz.com\/wp-content\/uploads\/2025\/04\/Inocencio-Yanez-Vicencio.jpg\" \/>\n\t<meta property=\"og:image:width\" content=\"1250\" \/>\n\t<meta property=\"og:image:height\" content=\"667\" \/>\n\t<meta property=\"og:image:type\" content=\"image\/jpeg\" \/>\n<meta name=\"author\" content=\"Lo viste en Los Pol\u00edticos\" \/>\n<meta name=\"twitter:card\" content=\"summary_large_image\" \/>\n<meta name=\"twitter:creator\" content=\"@LosPoliticosVer\" \/>\n<meta name=\"twitter:site\" content=\"@LosPoliticosVer\" \/>\n<meta name=\"twitter:label1\" content=\"Escrito por\" \/>\n\t<meta name=\"twitter:data1\" content=\"Lo viste en Los Pol\u00edticos\" \/>\n\t<meta name=\"twitter:label2\" content=\"Tiempo de lectura\" \/>\n\t<meta name=\"twitter:data2\" content=\"6 minutos\" \/>\n<script type=\"application\/ld+json\" class=\"yoast-schema-graph\">{\"@context\":\"https:\\\/\\\/schema.org\",\"@graph\":[{\"@type\":\"Article\",\"@id\":\"https:\\\/\\\/lospoliticosveracruz.com\\\/?p=153256#article\",\"isPartOf\":{\"@id\":\"https:\\\/\\\/lospoliticosveracruz.com\\\/?p=153256\"},\"author\":{\"name\":\"Lo viste en Los Pol\u00edticos\",\"@id\":\"https:\\\/\\\/lospoliticosveracruz.com\\\/#\\\/schema\\\/person\\\/b8702bb0e538456e6efd07080bf2a4a2\"},\"headline\":\"LA MISERIA DE LA ANTIPOL\u00cdTICA\",\"datePublished\":\"2025-09-26T04:12:11+00:00\",\"dateModified\":\"2025-09-26T04:12:19+00:00\",\"mainEntityOfPage\":{\"@id\":\"https:\\\/\\\/lospoliticosveracruz.com\\\/?p=153256\"},\"wordCount\":1190,\"publisher\":{\"@id\":\"https:\\\/\\\/lospoliticosveracruz.com\\\/#organization\"},\"image\":{\"@id\":\"https:\\\/\\\/lospoliticosveracruz.com\\\/?p=153256#primaryimage\"},\"thumbnailUrl\":\"https:\\\/\\\/lospoliticosveracruz.com\\\/wp-content\\\/uploads\\\/2025\\\/04\\\/Inocencio-Yanez-Vicencio.jpg\",\"articleSection\":[\"De Opini\u00f3n\"],\"inLanguage\":\"es\"},{\"@type\":\"WebPage\",\"@id\":\"https:\\\/\\\/lospoliticosveracruz.com\\\/?p=153256\",\"url\":\"https:\\\/\\\/lospoliticosveracruz.com\\\/?p=153256\",\"name\":\"LA MISERIA DE LA ANTIPOL\u00cdTICA - Los pol\u00edticos Veracruz\",\"isPartOf\":{\"@id\":\"https:\\\/\\\/lospoliticosveracruz.com\\\/#website\"},\"primaryImageOfPage\":{\"@id\":\"https:\\\/\\\/lospoliticosveracruz.com\\\/?p=153256#primaryimage\"},\"image\":{\"@id\":\"https:\\\/\\\/lospoliticosveracruz.com\\\/?p=153256#primaryimage\"},\"thumbnailUrl\":\"https:\\\/\\\/lospoliticosveracruz.com\\\/wp-content\\\/uploads\\\/2025\\\/04\\\/Inocencio-Yanez-Vicencio.jpg\",\"datePublished\":\"2025-09-26T04:12:11+00:00\",\"dateModified\":\"2025-09-26T04:12:19+00:00\",\"breadcrumb\":{\"@id\":\"https:\\\/\\\/lospoliticosveracruz.com\\\/?p=153256#breadcrumb\"},\"inLanguage\":\"es\",\"potentialAction\":[{\"@type\":\"ReadAction\",\"target\":[\"https:\\\/\\\/lospoliticosveracruz.com\\\/?p=153256\"]}]},{\"@type\":\"ImageObject\",\"inLanguage\":\"es\",\"@id\":\"https:\\\/\\\/lospoliticosveracruz.com\\\/?p=153256#primaryimage\",\"url\":\"https:\\\/\\\/lospoliticosveracruz.com\\\/wp-content\\\/uploads\\\/2025\\\/04\\\/Inocencio-Yanez-Vicencio.jpg\",\"contentUrl\":\"https:\\\/\\\/lospoliticosveracruz.com\\\/wp-content\\\/uploads\\\/2025\\\/04\\\/Inocencio-Yanez-Vicencio.jpg\",\"width\":1250,\"height\":667},{\"@type\":\"BreadcrumbList\",\"@id\":\"https:\\\/\\\/lospoliticosveracruz.com\\\/?p=153256#breadcrumb\",\"itemListElement\":[{\"@type\":\"ListItem\",\"position\":1,\"name\":\"Portada\",\"item\":\"https:\\\/\\\/lospoliticosveracruz.com\\\/\"},{\"@type\":\"ListItem\",\"position\":2,\"name\":\"LA MISERIA DE LA ANTIPOL\u00cdTICA\"}]},{\"@type\":\"WebSite\",\"@id\":\"https:\\\/\\\/lospoliticosveracruz.com\\\/#website\",\"url\":\"https:\\\/\\\/lospoliticosveracruz.com\\\/\",\"name\":\"Los pol\u00edticos Veracruz\",\"description\":\"\",\"publisher\":{\"@id\":\"https:\\\/\\\/lospoliticosveracruz.com\\\/#organization\"},\"potentialAction\":[{\"@type\":\"SearchAction\",\"target\":{\"@type\":\"EntryPoint\",\"urlTemplate\":\"https:\\\/\\\/lospoliticosveracruz.com\\\/?s={search_term_string}\"},\"query-input\":{\"@type\":\"PropertyValueSpecification\",\"valueRequired\":true,\"valueName\":\"search_term_string\"}}],\"inLanguage\":\"es\"},{\"@type\":\"Organization\",\"@id\":\"https:\\\/\\\/lospoliticosveracruz.com\\\/#organization\",\"name\":\"Los pol\u00edticos Veracruz\",\"url\":\"https:\\\/\\\/lospoliticosveracruz.com\\\/\",\"logo\":{\"@type\":\"ImageObject\",\"inLanguage\":\"es\",\"@id\":\"https:\\\/\\\/lospoliticosveracruz.com\\\/#\\\/schema\\\/logo\\\/image\\\/\",\"url\":\"https:\\\/\\\/lospoliticosveracruz.com\\\/wp-content\\\/uploads\\\/2025\\\/12\\\/Logo-Nuevo-LOS-POLITICOS-1.jpg\",\"contentUrl\":\"https:\\\/\\\/lospoliticosveracruz.com\\\/wp-content\\\/uploads\\\/2025\\\/12\\\/Logo-Nuevo-LOS-POLITICOS-1.jpg\",\"width\":260,\"height\":70,\"caption\":\"Los pol\u00edticos Veracruz\"},\"image\":{\"@id\":\"https:\\\/\\\/lospoliticosveracruz.com\\\/#\\\/schema\\\/logo\\\/image\\\/\"},\"sameAs\":[\"https:\\\/\\\/www.facebook.com\\\/people\\\/Notimemes-de-los-Polticos\\\/61565672886568\\\/\",\"https:\\\/\\\/x.com\\\/LosPoliticosVer\"]},{\"@type\":\"Person\",\"@id\":\"https:\\\/\\\/lospoliticosveracruz.com\\\/#\\\/schema\\\/person\\\/b8702bb0e538456e6efd07080bf2a4a2\",\"name\":\"Lo viste en Los Pol\u00edticos\",\"image\":{\"@type\":\"ImageObject\",\"inLanguage\":\"es\",\"@id\":\"https:\\\/\\\/secure.gravatar.com\\\/avatar\\\/3a8de04a2656d44082be478bd6c086daa447c4651605818287b9532d3d0bd435?s=96&d=mm&r=g\",\"url\":\"https:\\\/\\\/secure.gravatar.com\\\/avatar\\\/3a8de04a2656d44082be478bd6c086daa447c4651605818287b9532d3d0bd435?s=96&d=mm&r=g\",\"contentUrl\":\"https:\\\/\\\/secure.gravatar.com\\\/avatar\\\/3a8de04a2656d44082be478bd6c086daa447c4651605818287b9532d3d0bd435?s=96&d=mm&r=g\",\"caption\":\"Lo viste en Los Pol\u00edticos\"},\"url\":\"https:\\\/\\\/lospoliticosveracruz.com\\\/?author=2\"}]}<\/script>\n<!-- \/ Yoast SEO plugin. -->","yoast_head_json":{"title":"LA MISERIA DE LA ANTIPOL\u00cdTICA - Los pol\u00edticos Veracruz","robots":{"index":"index","follow":"follow","max-snippet":"max-snippet:-1","max-image-preview":"max-image-preview:large","max-video-preview":"max-video-preview:-1"},"canonical":"https:\/\/lospoliticosveracruz.com\/?p=153256","og_locale":"es_ES","og_type":"article","og_title":"LA MISERIA DE LA ANTIPOL\u00cdTICA - Los pol\u00edticos Veracruz","og_description":"Inocencio Y\u00e1\u00f1ez Vicencio C\u00f3mo ciudadano de a pi\u00e9, muy de a pi\u00e9, regresaba de realizar un tr\u00e1mite en la CDMX, caminando por la calle de Legar\u00eda y cuando cruzo R\u00edo San Joaqu\u00edn, empiezo a ver cortes. Ah\u00ed frente al edificio de lo que ser\u00e1 el nuevo domicilio de la Embajada de los Estados Unidos, como [&hellip;]","og_url":"https:\/\/lospoliticosveracruz.com\/?p=153256","og_site_name":"Los pol\u00edticos Veracruz","article_publisher":"https:\/\/www.facebook.com\/people\/Notimemes-de-los-Polticos\/61565672886568\/","article_published_time":"2025-09-26T04:12:11+00:00","article_modified_time":"2025-09-26T04:12:19+00:00","og_image":[{"width":1250,"height":667,"url":"https:\/\/lospoliticosveracruz.com\/wp-content\/uploads\/2025\/04\/Inocencio-Yanez-Vicencio.jpg","type":"image\/jpeg"}],"author":"Lo viste en Los Pol\u00edticos","twitter_card":"summary_large_image","twitter_creator":"@LosPoliticosVer","twitter_site":"@LosPoliticosVer","twitter_misc":{"Escrito por":"Lo viste en Los Pol\u00edticos","Tiempo de lectura":"6 minutos"},"schema":{"@context":"https:\/\/schema.org","@graph":[{"@type":"Article","@id":"https:\/\/lospoliticosveracruz.com\/?p=153256#article","isPartOf":{"@id":"https:\/\/lospoliticosveracruz.com\/?p=153256"},"author":{"name":"Lo viste en Los Pol\u00edticos","@id":"https:\/\/lospoliticosveracruz.com\/#\/schema\/person\/b8702bb0e538456e6efd07080bf2a4a2"},"headline":"LA MISERIA DE LA ANTIPOL\u00cdTICA","datePublished":"2025-09-26T04:12:11+00:00","dateModified":"2025-09-26T04:12:19+00:00","mainEntityOfPage":{"@id":"https:\/\/lospoliticosveracruz.com\/?p=153256"},"wordCount":1190,"publisher":{"@id":"https:\/\/lospoliticosveracruz.com\/#organization"},"image":{"@id":"https:\/\/lospoliticosveracruz.com\/?p=153256#primaryimage"},"thumbnailUrl":"https:\/\/lospoliticosveracruz.com\/wp-content\/uploads\/2025\/04\/Inocencio-Yanez-Vicencio.jpg","articleSection":["De Opini\u00f3n"],"inLanguage":"es"},{"@type":"WebPage","@id":"https:\/\/lospoliticosveracruz.com\/?p=153256","url":"https:\/\/lospoliticosveracruz.com\/?p=153256","name":"LA MISERIA DE LA ANTIPOL\u00cdTICA - Los pol\u00edticos Veracruz","isPartOf":{"@id":"https:\/\/lospoliticosveracruz.com\/#website"},"primaryImageOfPage":{"@id":"https:\/\/lospoliticosveracruz.com\/?p=153256#primaryimage"},"image":{"@id":"https:\/\/lospoliticosveracruz.com\/?p=153256#primaryimage"},"thumbnailUrl":"https:\/\/lospoliticosveracruz.com\/wp-content\/uploads\/2025\/04\/Inocencio-Yanez-Vicencio.jpg","datePublished":"2025-09-26T04:12:11+00:00","dateModified":"2025-09-26T04:12:19+00:00","breadcrumb":{"@id":"https:\/\/lospoliticosveracruz.com\/?p=153256#breadcrumb"},"inLanguage":"es","potentialAction":[{"@type":"ReadAction","target":["https:\/\/lospoliticosveracruz.com\/?p=153256"]}]},{"@type":"ImageObject","inLanguage":"es","@id":"https:\/\/lospoliticosveracruz.com\/?p=153256#primaryimage","url":"https:\/\/lospoliticosveracruz.com\/wp-content\/uploads\/2025\/04\/Inocencio-Yanez-Vicencio.jpg","contentUrl":"https:\/\/lospoliticosveracruz.com\/wp-content\/uploads\/2025\/04\/Inocencio-Yanez-Vicencio.jpg","width":1250,"height":667},{"@type":"BreadcrumbList","@id":"https:\/\/lospoliticosveracruz.com\/?p=153256#breadcrumb","itemListElement":[{"@type":"ListItem","position":1,"name":"Portada","item":"https:\/\/lospoliticosveracruz.com\/"},{"@type":"ListItem","position":2,"name":"LA MISERIA DE LA ANTIPOL\u00cdTICA"}]},{"@type":"WebSite","@id":"https:\/\/lospoliticosveracruz.com\/#website","url":"https:\/\/lospoliticosveracruz.com\/","name":"Los pol\u00edticos Veracruz","description":"","publisher":{"@id":"https:\/\/lospoliticosveracruz.com\/#organization"},"potentialAction":[{"@type":"SearchAction","target":{"@type":"EntryPoint","urlTemplate":"https:\/\/lospoliticosveracruz.com\/?s={search_term_string}"},"query-input":{"@type":"PropertyValueSpecification","valueRequired":true,"valueName":"search_term_string"}}],"inLanguage":"es"},{"@type":"Organization","@id":"https:\/\/lospoliticosveracruz.com\/#organization","name":"Los pol\u00edticos Veracruz","url":"https:\/\/lospoliticosveracruz.com\/","logo":{"@type":"ImageObject","inLanguage":"es","@id":"https:\/\/lospoliticosveracruz.com\/#\/schema\/logo\/image\/","url":"https:\/\/lospoliticosveracruz.com\/wp-content\/uploads\/2025\/12\/Logo-Nuevo-LOS-POLITICOS-1.jpg","contentUrl":"https:\/\/lospoliticosveracruz.com\/wp-content\/uploads\/2025\/12\/Logo-Nuevo-LOS-POLITICOS-1.jpg","width":260,"height":70,"caption":"Los pol\u00edticos Veracruz"},"image":{"@id":"https:\/\/lospoliticosveracruz.com\/#\/schema\/logo\/image\/"},"sameAs":["https:\/\/www.facebook.com\/people\/Notimemes-de-los-Polticos\/61565672886568\/","https:\/\/x.com\/LosPoliticosVer"]},{"@type":"Person","@id":"https:\/\/lospoliticosveracruz.com\/#\/schema\/person\/b8702bb0e538456e6efd07080bf2a4a2","name":"Lo viste en Los Pol\u00edticos","image":{"@type":"ImageObject","inLanguage":"es","@id":"https:\/\/secure.gravatar.com\/avatar\/3a8de04a2656d44082be478bd6c086daa447c4651605818287b9532d3d0bd435?s=96&d=mm&r=g","url":"https:\/\/secure.gravatar.com\/avatar\/3a8de04a2656d44082be478bd6c086daa447c4651605818287b9532d3d0bd435?s=96&d=mm&r=g","contentUrl":"https:\/\/secure.gravatar.com\/avatar\/3a8de04a2656d44082be478bd6c086daa447c4651605818287b9532d3d0bd435?s=96&d=mm&r=g","caption":"Lo viste en Los Pol\u00edticos"},"url":"https:\/\/lospoliticosveracruz.com\/?author=2"}]}},"_links":{"self":[{"href":"https:\/\/lospoliticosveracruz.com\/index.php?rest_route=\/wp\/v2\/posts\/153256","targetHints":{"allow":["GET"]}}],"collection":[{"href":"https:\/\/lospoliticosveracruz.com\/index.php?rest_route=\/wp\/v2\/posts"}],"about":[{"href":"https:\/\/lospoliticosveracruz.com\/index.php?rest_route=\/wp\/v2\/types\/post"}],"author":[{"embeddable":true,"href":"https:\/\/lospoliticosveracruz.com\/index.php?rest_route=\/wp\/v2\/users\/2"}],"replies":[{"embeddable":true,"href":"https:\/\/lospoliticosveracruz.com\/index.php?rest_route=%2Fwp%2Fv2%2Fcomments&post=153256"}],"version-history":[{"count":1,"href":"https:\/\/lospoliticosveracruz.com\/index.php?rest_route=\/wp\/v2\/posts\/153256\/revisions"}],"predecessor-version":[{"id":153257,"href":"https:\/\/lospoliticosveracruz.com\/index.php?rest_route=\/wp\/v2\/posts\/153256\/revisions\/153257"}],"wp:featuredmedia":[{"embeddable":true,"href":"https:\/\/lospoliticosveracruz.com\/index.php?rest_route=\/wp\/v2\/media\/141387"}],"wp:attachment":[{"href":"https:\/\/lospoliticosveracruz.com\/index.php?rest_route=%2Fwp%2Fv2%2Fmedia&parent=153256"}],"wp:term":[{"taxonomy":"category","embeddable":true,"href":"https:\/\/lospoliticosveracruz.com\/index.php?rest_route=%2Fwp%2Fv2%2Fcategories&post=153256"},{"taxonomy":"post_tag","embeddable":true,"href":"https:\/\/lospoliticosveracruz.com\/index.php?rest_route=%2Fwp%2Fv2%2Ftags&post=153256"}],"curies":[{"name":"wp","href":"https:\/\/api.w.org\/{rel}","templated":true}]}}