{"id":153375,"date":"2025-09-29T05:03:50","date_gmt":"2025-09-29T10:03:50","guid":{"rendered":"https:\/\/lospoliticosveracruz.com.mx\/?p=153375"},"modified":"2025-09-29T05:04:08","modified_gmt":"2025-09-29T10:04:08","slug":"veracruz-las-semanas-amargas","status":"publish","type":"post","link":"https:\/\/lospoliticosveracruz.com\/?p=153375","title":{"rendered":"VERACRUZ, LAS SEMANAS AMARGAS"},"content":{"rendered":"\n\n\n<p><br><strong>Ricardo Chua<\/strong><\/p>\n\n\n\n<p><em>Sale y Vale<\/em><\/p>\n\n\n\n<p>Despu\u00e9s de que pasaron las elecciones a las alcald\u00edas en Veracruz.. El pasado 1 de junio, se puede decir que el Estado y el gobierno estatal entraron en una crisis de ingobernabilidad e inseguridad, que a\u00fan se puede decir que no han terminado.. Y que tienen a la administraci\u00f3n de Roc\u00edo Nahle Garc\u00eda, sumida en estos conflictos, que parecen no tener fin.. Sin temor a equivocarnos, ella padece el mismo \u00abmal\u00bb con los mismos \u00abs\u00edntomas\u00bb que tienen otros gobernadores de MORENA, que ganaron su elecci\u00f3n por el respaldo de Andr\u00e9s Manuel L\u00f3pez Obrador.. Y son conocidos como gobernadores \u00abobradoristas\u00bb.. Los cuales desde hace meses viven en sus entidades SEMANAS \u00abAMARGAS\u00bb.. Los problemas no les dan tregua.. Y con AMLO \u00abencerrado\u00bb en Palenque.. No hay qui\u00e9n los \u00absaque a flote\u00bb..<\/p>\n\n\n\n\n\n<p>Se puede especificar aunque se diga lo contrario que el gobierno de Claudia Sheinbaum.. A trav\u00e9s de Omar Garc\u00eda Harfuch, secretario de Seguridad P\u00fablica federal, est\u00e1 llevando a cabo una \u00abestrategia\u00bb para entregarle el mandato total del pa\u00eds a Shienbaum.. Evitando a toda costa que los \u00abobradoristas\u00bb le \u00abcierren el paso\u00bb, como ocurr\u00eda al principio del sexenio.. Desde la SSP federal est\u00e1n acabando con todo ese \u00abresquicio\u00bb de poder que dej\u00f3 L\u00f3pez Obrador \u00abincrustado\u00bb en el gobierno de Sheinbaum.. Por eso, muchos pol\u00edticos ligados al Ex Presidente ya le dieron el respaldo a la Presidenta.. Hasta la misma gobernadora Nahle hizo lo mismo la semana pasada en sus redes sociales.. La lealtad se afirma en p\u00fablico para que no quede duda..<\/p>\n\n\n\n<p>Adem\u00e1s la misma Roc\u00edo Nahle sabe bien, que despu\u00e9s de las elecciones locales a las alcald\u00edas, su gobierno cay\u00f3 en conflictos de ingobernabilidad e inseguridad muy graves.. Los cuales ella contin\u00faa viviendo a apenas 11 meses de haber tomado el poder en Veracruz.. Le asesinan pol\u00edticos de MORENA, ex candidatos a alcaldes, a pol\u00edticos de oposici\u00f3n les lanzan explosivos desde drones, se amotinan reos en penales, le tiran cuerpos desmembrados en carreteras en Veracruz.. Le secuestran personas de la sociedad civil, vinculan autoridades locales de MORENA con grupos fuera de la ley.. Estos operan impunemente en varios puntos del Estado.. Y la criminalidad le sigue ganando territorio en Veracruz al Estado de Derecho.. Es un caos..<\/p>\n\n\n\n<p>Para colmo, los conflictos en inseguridad en la zona norte y sur de Veracruz, se incrementan cada d\u00eda.. Hace unas semanas la propia Secretar\u00eda de la Defensa Nacional (SEDENA) reconoci\u00f3 que en los municipios veracruzanos colindantes con el estado de Tamaulipas, el crimen organizado est\u00e1 reclutando j\u00f3venes \u00abjarochos\u00bb para engrosar sus filas.. Y si a eso le sumamos, las presuntas sospechas de colectivos de b\u00fasqueda que hay, de acuerdo al peri\u00f3dico \u00abEl Universal\u00bb, de que el grupo criminal \u00abLa Barredora\u00bb ocup\u00f3 a Chiapas para cometer cr\u00edmenes y bajar los \u00edndices de inseguridad en Tabasco en los registros del gobierno federal.. Ahora estos colectivos temen que lo mismo haya sucedido con Veracruz, no s\u00f3lo en Chiapas.. Por la colindancia con los tabasque\u00f1os..<\/p>\n\n\n\n<p>Hay que recordar, que la SEDENA mand\u00f3 en esas semanas una se\u00f1al de alerta tanto para el gobierno federal como estatal para evitar estas pr\u00e1cticas comunes de los grupos delincuenciales.. Sobre todo porque se\u00f1ala que estos mismos, se est\u00e1n intensificando los operativos de \u00abreclutamiento\u00bb en estos sitios.. Est\u00e1n ocupando argucias de todo tipo y las redes sociales para hacerlo y que muchos de estos j\u00f3venes caigan en sus manos.. Ya despu\u00e9s de esa denuncia no se supo nada del gobierno de Veracruz o de la Fiscal\u00eda del Estado sobre el tema.. Se guard\u00f3 silencio.. Habr\u00e1 que checar tambi\u00e9n en el sur con el tema de La Barredora y saber si este grupo delictivo operaba en territorio veracruzano..<\/p>\n\n\n\n<p>Por eso, a Veracruz le urge que entre el operativo federal para \u00abcalmar los \u00e1nimos\u00bb entre estos grupos fuera de la ley.. El gobierno estatal est\u00e1 completamente rebasado en esta materia y el \u00fanico que puede hacerles frente es la federaci\u00f3n.. No hay de otra, pese a que esto pueda provocar que el gobierno federal, le retire el control de la seguridad a la administraci\u00f3n estatal.. Y sea la SSP federal en conjunto con la SEDENA y SEMAR, los que tomen el control de esta seguridad en el Estado.. Harfuch anunci\u00f3 hace un mes en Quintana Roo, que le \u00abentrar\u00eda\u00bb con todo y sus fuerzas a Veracruz para atacar al hampa y darle paz social al Estado.. Se est\u00e1 esperando este operativo.. Ll\u00e1mese como se llame.<\/p>\n\n\n\n<p>Lo que es una realidad en Veracruz, es que eso no es todo.. Independientemente del tema de inseguridad, lo que se ve s que hay un problema de ENTENDIMIENTO y de INGOBERNABILIDAD dentro del mismo gobierno, ya que pese a sus \u00abmesas\u00bb de seguridad donde interact\u00faan el gobierno del Estado con la Fiscal\u00eda de Veracruz, gobierno federal con algunas autoridades federales.. No han podido detener a que los grupos delincuenciales act\u00faen de manera impune, reclutando j\u00f3venes para su servicio, que sigan controlando territorios, sigan generando violencia.. Y no pasa nada.. Esto es lo que percibe la sociedad y esto les puede \u00abpegar\u00bb electoralmente en 2027 en las elecciones intermedias tanto federales como locales..<\/p>\n\n\n\n<p>S\u00f3lo tienen que recordar, un dato muy trascendente en este tema.. Donde ni los pol\u00edticos de MORENA han podido estar a salvo.. Y es que Veracruz, es uno de los estados del pa\u00eds, en donde se han presentado m\u00e1s casos de cr\u00edmenes de pol\u00edticos, en estos primeros 10 meses que lleva de gobierno Roc\u00edo Nahle.. Uno de los m\u00e1s altos de esta naci\u00f3n.. De diciembre a la fecha, los asesinatos pol\u00edticos de MORENA, PVEM y PT.. No cesan en el Estado.. Empezaron en diciembre, con el diputado federal del PVEM de Zongolica, Benito Aguas, hasta el crimen de Ram\u00f3n Valencia P\u00e9rez, \u00abNapito\u00bb, ex candidato a la alcald\u00eda de MORENA en Coxquihui.. Encontrado recientemente y fue tambi\u00e9n desmembrado..<\/p>\n\n\n\n<p>Por ello para desgracia de la administraci\u00f3n estatal, HA SIDO REBASADO por la ESCALADA DE VIOLENCIA SIN PRECEDENTES.. Pero sobre todo la que se est\u00e1 generando principalmente en la zona norte de Veracruz.. Y el gobierno local nada puede hacer para detenerla.. Ante esa situaci\u00f3n, se comenta en la opini\u00f3n p\u00fablica que el gobierno estatal y MORENA s\u00f3lo est\u00e1n concentrados en \u00absalvar\u00bb su gobierno,, Lo cual es un tema que tiene molesto a la ciudadan\u00eda y obviamente a los opositores.. Ya que en esos casos se guarda silencio, pese a todas las versiones que existen.. Y AS\u00cd NO SE PUEDE.. CONSUMATUM EST.. .<\/p>\n","protected":false},"excerpt":{"rendered":"<p>Ricardo Chua Sale y Vale Despu\u00e9s de que pasaron las elecciones a las alcald\u00edas en Veracruz.. El pasado 1 de junio, se puede decir que el Estado y el gobierno estatal entraron en una crisis de ingobernabilidad e inseguridad, que a\u00fan se puede decir que no han terminado.. Y que tienen a la administraci\u00f3n de [&hellip;]<\/p>\n","protected":false},"author":2,"featured_media":141434,"comment_status":"closed","ping_status":"closed","sticky":false,"template":"","format":"standard","meta":{"tdm_status":"","tdm_grid_status":"","footnotes":""},"categories":[70],"tags":[9627,1026,14775,3578,195],"class_list":{"0":"post-153375","1":"post","2":"type-post","3":"status-publish","4":"format-standard","5":"has-post-thumbnail","7":"category-de-opinion","8":"tag-claudia-sheinbaum","9":"tag-morena","10":"tag-omar-garcia-harfuch","11":"tag-rocio-nahle","12":"tag-veracruz"},"yoast_head":"<!-- This site is optimized with the Yoast SEO plugin v27.4 - https:\/\/yoast.com\/product\/yoast-seo-wordpress\/ -->\n<title>VERACRUZ, LAS SEMANAS AMARGAS - Los pol\u00edticos Veracruz<\/title>\n<meta name=\"robots\" content=\"index, follow, max-snippet:-1, max-image-preview:large, max-video-preview:-1\" \/>\n<link rel=\"canonical\" href=\"https:\/\/lospoliticosveracruz.com\/?p=153375\" \/>\n<meta property=\"og:locale\" content=\"es_ES\" \/>\n<meta property=\"og:type\" content=\"article\" \/>\n<meta property=\"og:title\" content=\"VERACRUZ, LAS SEMANAS AMARGAS - Los pol\u00edticos Veracruz\" \/>\n<meta property=\"og:description\" content=\"Ricardo Chua Sale y Vale Despu\u00e9s de que pasaron las elecciones a las alcald\u00edas en Veracruz.. El pasado 1 de junio, se puede decir que el Estado y el gobierno estatal entraron en una crisis de ingobernabilidad e inseguridad, que a\u00fan se puede decir que no han terminado.. Y que tienen a la administraci\u00f3n de [&hellip;]\" \/>\n<meta property=\"og:url\" content=\"https:\/\/lospoliticosveracruz.com\/?p=153375\" \/>\n<meta property=\"og:site_name\" content=\"Los pol\u00edticos Veracruz\" \/>\n<meta property=\"article:publisher\" content=\"https:\/\/www.facebook.com\/people\/Notimemes-de-los-Polticos\/61565672886568\/\" \/>\n<meta property=\"article:published_time\" content=\"2025-09-29T10:03:50+00:00\" \/>\n<meta property=\"article:modified_time\" content=\"2025-09-29T10:04:08+00:00\" \/>\n<meta property=\"og:image\" content=\"https:\/\/lospoliticosveracruz.com\/wp-content\/uploads\/2025\/04\/Chua-e1761364658706.jpg\" \/>\n\t<meta property=\"og:image:width\" content=\"600\" \/>\n\t<meta property=\"og:image:height\" content=\"320\" \/>\n\t<meta property=\"og:image:type\" content=\"image\/jpeg\" \/>\n<meta name=\"author\" content=\"Lo viste en Los Pol\u00edticos\" \/>\n<meta name=\"twitter:card\" content=\"summary_large_image\" \/>\n<meta name=\"twitter:creator\" content=\"@LosPoliticosVer\" \/>\n<meta name=\"twitter:site\" content=\"@LosPoliticosVer\" \/>\n<meta name=\"twitter:label1\" content=\"Escrito por\" \/>\n\t<meta name=\"twitter:data1\" content=\"Lo viste en Los Pol\u00edticos\" \/>\n\t<meta name=\"twitter:label2\" content=\"Tiempo de lectura\" \/>\n\t<meta name=\"twitter:data2\" content=\"6 minutos\" \/>\n<script type=\"application\/ld+json\" class=\"yoast-schema-graph\">{\"@context\":\"https:\\\/\\\/schema.org\",\"@graph\":[{\"@type\":\"Article\",\"@id\":\"https:\\\/\\\/lospoliticosveracruz.com\\\/?p=153375#article\",\"isPartOf\":{\"@id\":\"https:\\\/\\\/lospoliticosveracruz.com\\\/?p=153375\"},\"author\":{\"name\":\"Lo viste en Los Pol\u00edticos\",\"@id\":\"https:\\\/\\\/lospoliticosveracruz.com\\\/#\\\/schema\\\/person\\\/b8702bb0e538456e6efd07080bf2a4a2\"},\"headline\":\"VERACRUZ, LAS SEMANAS AMARGAS\",\"datePublished\":\"2025-09-29T10:03:50+00:00\",\"dateModified\":\"2025-09-29T10:04:08+00:00\",\"mainEntityOfPage\":{\"@id\":\"https:\\\/\\\/lospoliticosveracruz.com\\\/?p=153375\"},\"wordCount\":1141,\"publisher\":{\"@id\":\"https:\\\/\\\/lospoliticosveracruz.com\\\/#organization\"},\"image\":{\"@id\":\"https:\\\/\\\/lospoliticosveracruz.com\\\/?p=153375#primaryimage\"},\"thumbnailUrl\":\"https:\\\/\\\/lospoliticosveracruz.com\\\/wp-content\\\/uploads\\\/2025\\\/04\\\/Chua-e1761364658706.jpg\",\"keywords\":[\"Claudia Sheinbaum\",\"Morena\",\"Omar Garc\u00eda Harfuch\",\"Roc\u00edo Nahle\",\"Veracruz\"],\"articleSection\":[\"De Opini\u00f3n\"],\"inLanguage\":\"es\"},{\"@type\":\"WebPage\",\"@id\":\"https:\\\/\\\/lospoliticosveracruz.com\\\/?p=153375\",\"url\":\"https:\\\/\\\/lospoliticosveracruz.com\\\/?p=153375\",\"name\":\"VERACRUZ, LAS SEMANAS AMARGAS - Los pol\u00edticos Veracruz\",\"isPartOf\":{\"@id\":\"https:\\\/\\\/lospoliticosveracruz.com\\\/#website\"},\"primaryImageOfPage\":{\"@id\":\"https:\\\/\\\/lospoliticosveracruz.com\\\/?p=153375#primaryimage\"},\"image\":{\"@id\":\"https:\\\/\\\/lospoliticosveracruz.com\\\/?p=153375#primaryimage\"},\"thumbnailUrl\":\"https:\\\/\\\/lospoliticosveracruz.com\\\/wp-content\\\/uploads\\\/2025\\\/04\\\/Chua-e1761364658706.jpg\",\"datePublished\":\"2025-09-29T10:03:50+00:00\",\"dateModified\":\"2025-09-29T10:04:08+00:00\",\"breadcrumb\":{\"@id\":\"https:\\\/\\\/lospoliticosveracruz.com\\\/?p=153375#breadcrumb\"},\"inLanguage\":\"es\",\"potentialAction\":[{\"@type\":\"ReadAction\",\"target\":[\"https:\\\/\\\/lospoliticosveracruz.com\\\/?p=153375\"]}]},{\"@type\":\"ImageObject\",\"inLanguage\":\"es\",\"@id\":\"https:\\\/\\\/lospoliticosveracruz.com\\\/?p=153375#primaryimage\",\"url\":\"https:\\\/\\\/lospoliticosveracruz.com\\\/wp-content\\\/uploads\\\/2025\\\/04\\\/Chua-e1761364658706.jpg\",\"contentUrl\":\"https:\\\/\\\/lospoliticosveracruz.com\\\/wp-content\\\/uploads\\\/2025\\\/04\\\/Chua-e1761364658706.jpg\",\"width\":600,\"height\":320},{\"@type\":\"BreadcrumbList\",\"@id\":\"https:\\\/\\\/lospoliticosveracruz.com\\\/?p=153375#breadcrumb\",\"itemListElement\":[{\"@type\":\"ListItem\",\"position\":1,\"name\":\"Portada\",\"item\":\"https:\\\/\\\/lospoliticosveracruz.com\\\/\"},{\"@type\":\"ListItem\",\"position\":2,\"name\":\"VERACRUZ, LAS SEMANAS AMARGAS\"}]},{\"@type\":\"WebSite\",\"@id\":\"https:\\\/\\\/lospoliticosveracruz.com\\\/#website\",\"url\":\"https:\\\/\\\/lospoliticosveracruz.com\\\/\",\"name\":\"Los pol\u00edticos Veracruz\",\"description\":\"\",\"publisher\":{\"@id\":\"https:\\\/\\\/lospoliticosveracruz.com\\\/#organization\"},\"potentialAction\":[{\"@type\":\"SearchAction\",\"target\":{\"@type\":\"EntryPoint\",\"urlTemplate\":\"https:\\\/\\\/lospoliticosveracruz.com\\\/?s={search_term_string}\"},\"query-input\":{\"@type\":\"PropertyValueSpecification\",\"valueRequired\":true,\"valueName\":\"search_term_string\"}}],\"inLanguage\":\"es\"},{\"@type\":\"Organization\",\"@id\":\"https:\\\/\\\/lospoliticosveracruz.com\\\/#organization\",\"name\":\"Los pol\u00edticos Veracruz\",\"url\":\"https:\\\/\\\/lospoliticosveracruz.com\\\/\",\"logo\":{\"@type\":\"ImageObject\",\"inLanguage\":\"es\",\"@id\":\"https:\\\/\\\/lospoliticosveracruz.com\\\/#\\\/schema\\\/logo\\\/image\\\/\",\"url\":\"https:\\\/\\\/lospoliticosveracruz.com\\\/wp-content\\\/uploads\\\/2025\\\/12\\\/Logo-Nuevo-LOS-POLITICOS-1.jpg\",\"contentUrl\":\"https:\\\/\\\/lospoliticosveracruz.com\\\/wp-content\\\/uploads\\\/2025\\\/12\\\/Logo-Nuevo-LOS-POLITICOS-1.jpg\",\"width\":260,\"height\":70,\"caption\":\"Los pol\u00edticos Veracruz\"},\"image\":{\"@id\":\"https:\\\/\\\/lospoliticosveracruz.com\\\/#\\\/schema\\\/logo\\\/image\\\/\"},\"sameAs\":[\"https:\\\/\\\/www.facebook.com\\\/people\\\/Notimemes-de-los-Polticos\\\/61565672886568\\\/\",\"https:\\\/\\\/x.com\\\/LosPoliticosVer\"]},{\"@type\":\"Person\",\"@id\":\"https:\\\/\\\/lospoliticosveracruz.com\\\/#\\\/schema\\\/person\\\/b8702bb0e538456e6efd07080bf2a4a2\",\"name\":\"Lo viste en Los Pol\u00edticos\",\"image\":{\"@type\":\"ImageObject\",\"inLanguage\":\"es\",\"@id\":\"https:\\\/\\\/secure.gravatar.com\\\/avatar\\\/3a8de04a2656d44082be478bd6c086daa447c4651605818287b9532d3d0bd435?s=96&d=mm&r=g\",\"url\":\"https:\\\/\\\/secure.gravatar.com\\\/avatar\\\/3a8de04a2656d44082be478bd6c086daa447c4651605818287b9532d3d0bd435?s=96&d=mm&r=g\",\"contentUrl\":\"https:\\\/\\\/secure.gravatar.com\\\/avatar\\\/3a8de04a2656d44082be478bd6c086daa447c4651605818287b9532d3d0bd435?s=96&d=mm&r=g\",\"caption\":\"Lo viste en Los Pol\u00edticos\"},\"url\":\"https:\\\/\\\/lospoliticosveracruz.com\\\/?author=2\"}]}<\/script>\n<!-- \/ Yoast SEO plugin. -->","yoast_head_json":{"title":"VERACRUZ, LAS SEMANAS AMARGAS - Los pol\u00edticos Veracruz","robots":{"index":"index","follow":"follow","max-snippet":"max-snippet:-1","max-image-preview":"max-image-preview:large","max-video-preview":"max-video-preview:-1"},"canonical":"https:\/\/lospoliticosveracruz.com\/?p=153375","og_locale":"es_ES","og_type":"article","og_title":"VERACRUZ, LAS SEMANAS AMARGAS - Los pol\u00edticos Veracruz","og_description":"Ricardo Chua Sale y Vale Despu\u00e9s de que pasaron las elecciones a las alcald\u00edas en Veracruz.. El pasado 1 de junio, se puede decir que el Estado y el gobierno estatal entraron en una crisis de ingobernabilidad e inseguridad, que a\u00fan se puede decir que no han terminado.. Y que tienen a la administraci\u00f3n de [&hellip;]","og_url":"https:\/\/lospoliticosveracruz.com\/?p=153375","og_site_name":"Los pol\u00edticos Veracruz","article_publisher":"https:\/\/www.facebook.com\/people\/Notimemes-de-los-Polticos\/61565672886568\/","article_published_time":"2025-09-29T10:03:50+00:00","article_modified_time":"2025-09-29T10:04:08+00:00","og_image":[{"width":600,"height":320,"url":"https:\/\/lospoliticosveracruz.com\/wp-content\/uploads\/2025\/04\/Chua-e1761364658706.jpg","type":"image\/jpeg"}],"author":"Lo viste en Los Pol\u00edticos","twitter_card":"summary_large_image","twitter_creator":"@LosPoliticosVer","twitter_site":"@LosPoliticosVer","twitter_misc":{"Escrito por":"Lo viste en Los Pol\u00edticos","Tiempo de lectura":"6 minutos"},"schema":{"@context":"https:\/\/schema.org","@graph":[{"@type":"Article","@id":"https:\/\/lospoliticosveracruz.com\/?p=153375#article","isPartOf":{"@id":"https:\/\/lospoliticosveracruz.com\/?p=153375"},"author":{"name":"Lo viste en Los Pol\u00edticos","@id":"https:\/\/lospoliticosveracruz.com\/#\/schema\/person\/b8702bb0e538456e6efd07080bf2a4a2"},"headline":"VERACRUZ, LAS SEMANAS AMARGAS","datePublished":"2025-09-29T10:03:50+00:00","dateModified":"2025-09-29T10:04:08+00:00","mainEntityOfPage":{"@id":"https:\/\/lospoliticosveracruz.com\/?p=153375"},"wordCount":1141,"publisher":{"@id":"https:\/\/lospoliticosveracruz.com\/#organization"},"image":{"@id":"https:\/\/lospoliticosveracruz.com\/?p=153375#primaryimage"},"thumbnailUrl":"https:\/\/lospoliticosveracruz.com\/wp-content\/uploads\/2025\/04\/Chua-e1761364658706.jpg","keywords":["Claudia Sheinbaum","Morena","Omar Garc\u00eda Harfuch","Roc\u00edo Nahle","Veracruz"],"articleSection":["De Opini\u00f3n"],"inLanguage":"es"},{"@type":"WebPage","@id":"https:\/\/lospoliticosveracruz.com\/?p=153375","url":"https:\/\/lospoliticosveracruz.com\/?p=153375","name":"VERACRUZ, LAS SEMANAS AMARGAS - Los pol\u00edticos Veracruz","isPartOf":{"@id":"https:\/\/lospoliticosveracruz.com\/#website"},"primaryImageOfPage":{"@id":"https:\/\/lospoliticosveracruz.com\/?p=153375#primaryimage"},"image":{"@id":"https:\/\/lospoliticosveracruz.com\/?p=153375#primaryimage"},"thumbnailUrl":"https:\/\/lospoliticosveracruz.com\/wp-content\/uploads\/2025\/04\/Chua-e1761364658706.jpg","datePublished":"2025-09-29T10:03:50+00:00","dateModified":"2025-09-29T10:04:08+00:00","breadcrumb":{"@id":"https:\/\/lospoliticosveracruz.com\/?p=153375#breadcrumb"},"inLanguage":"es","potentialAction":[{"@type":"ReadAction","target":["https:\/\/lospoliticosveracruz.com\/?p=153375"]}]},{"@type":"ImageObject","inLanguage":"es","@id":"https:\/\/lospoliticosveracruz.com\/?p=153375#primaryimage","url":"https:\/\/lospoliticosveracruz.com\/wp-content\/uploads\/2025\/04\/Chua-e1761364658706.jpg","contentUrl":"https:\/\/lospoliticosveracruz.com\/wp-content\/uploads\/2025\/04\/Chua-e1761364658706.jpg","width":600,"height":320},{"@type":"BreadcrumbList","@id":"https:\/\/lospoliticosveracruz.com\/?p=153375#breadcrumb","itemListElement":[{"@type":"ListItem","position":1,"name":"Portada","item":"https:\/\/lospoliticosveracruz.com\/"},{"@type":"ListItem","position":2,"name":"VERACRUZ, LAS SEMANAS AMARGAS"}]},{"@type":"WebSite","@id":"https:\/\/lospoliticosveracruz.com\/#website","url":"https:\/\/lospoliticosveracruz.com\/","name":"Los pol\u00edticos Veracruz","description":"","publisher":{"@id":"https:\/\/lospoliticosveracruz.com\/#organization"},"potentialAction":[{"@type":"SearchAction","target":{"@type":"EntryPoint","urlTemplate":"https:\/\/lospoliticosveracruz.com\/?s={search_term_string}"},"query-input":{"@type":"PropertyValueSpecification","valueRequired":true,"valueName":"search_term_string"}}],"inLanguage":"es"},{"@type":"Organization","@id":"https:\/\/lospoliticosveracruz.com\/#organization","name":"Los pol\u00edticos Veracruz","url":"https:\/\/lospoliticosveracruz.com\/","logo":{"@type":"ImageObject","inLanguage":"es","@id":"https:\/\/lospoliticosveracruz.com\/#\/schema\/logo\/image\/","url":"https:\/\/lospoliticosveracruz.com\/wp-content\/uploads\/2025\/12\/Logo-Nuevo-LOS-POLITICOS-1.jpg","contentUrl":"https:\/\/lospoliticosveracruz.com\/wp-content\/uploads\/2025\/12\/Logo-Nuevo-LOS-POLITICOS-1.jpg","width":260,"height":70,"caption":"Los pol\u00edticos Veracruz"},"image":{"@id":"https:\/\/lospoliticosveracruz.com\/#\/schema\/logo\/image\/"},"sameAs":["https:\/\/www.facebook.com\/people\/Notimemes-de-los-Polticos\/61565672886568\/","https:\/\/x.com\/LosPoliticosVer"]},{"@type":"Person","@id":"https:\/\/lospoliticosveracruz.com\/#\/schema\/person\/b8702bb0e538456e6efd07080bf2a4a2","name":"Lo viste en Los Pol\u00edticos","image":{"@type":"ImageObject","inLanguage":"es","@id":"https:\/\/secure.gravatar.com\/avatar\/3a8de04a2656d44082be478bd6c086daa447c4651605818287b9532d3d0bd435?s=96&d=mm&r=g","url":"https:\/\/secure.gravatar.com\/avatar\/3a8de04a2656d44082be478bd6c086daa447c4651605818287b9532d3d0bd435?s=96&d=mm&r=g","contentUrl":"https:\/\/secure.gravatar.com\/avatar\/3a8de04a2656d44082be478bd6c086daa447c4651605818287b9532d3d0bd435?s=96&d=mm&r=g","caption":"Lo viste en Los Pol\u00edticos"},"url":"https:\/\/lospoliticosveracruz.com\/?author=2"}]}},"_links":{"self":[{"href":"https:\/\/lospoliticosveracruz.com\/index.php?rest_route=\/wp\/v2\/posts\/153375","targetHints":{"allow":["GET"]}}],"collection":[{"href":"https:\/\/lospoliticosveracruz.com\/index.php?rest_route=\/wp\/v2\/posts"}],"about":[{"href":"https:\/\/lospoliticosveracruz.com\/index.php?rest_route=\/wp\/v2\/types\/post"}],"author":[{"embeddable":true,"href":"https:\/\/lospoliticosveracruz.com\/index.php?rest_route=\/wp\/v2\/users\/2"}],"replies":[{"embeddable":true,"href":"https:\/\/lospoliticosveracruz.com\/index.php?rest_route=%2Fwp%2Fv2%2Fcomments&post=153375"}],"version-history":[{"count":2,"href":"https:\/\/lospoliticosveracruz.com\/index.php?rest_route=\/wp\/v2\/posts\/153375\/revisions"}],"predecessor-version":[{"id":153377,"href":"https:\/\/lospoliticosveracruz.com\/index.php?rest_route=\/wp\/v2\/posts\/153375\/revisions\/153377"}],"wp:featuredmedia":[{"embeddable":true,"href":"https:\/\/lospoliticosveracruz.com\/index.php?rest_route=\/wp\/v2\/media\/141434"}],"wp:attachment":[{"href":"https:\/\/lospoliticosveracruz.com\/index.php?rest_route=%2Fwp%2Fv2%2Fmedia&parent=153375"}],"wp:term":[{"taxonomy":"category","embeddable":true,"href":"https:\/\/lospoliticosveracruz.com\/index.php?rest_route=%2Fwp%2Fv2%2Fcategories&post=153375"},{"taxonomy":"post_tag","embeddable":true,"href":"https:\/\/lospoliticosveracruz.com\/index.php?rest_route=%2Fwp%2Fv2%2Ftags&post=153375"}],"curies":[{"name":"wp","href":"https:\/\/api.w.org\/{rel}","templated":true}]}}