{"id":153380,"date":"2025-09-29T05:13:54","date_gmt":"2025-09-29T10:13:54","guid":{"rendered":"https:\/\/lospoliticosveracruz.com.mx\/?p=153380"},"modified":"2025-09-29T05:14:07","modified_gmt":"2025-09-29T10:14:07","slug":"historias-de-violencia","status":"publish","type":"post","link":"https:\/\/lospoliticosveracruz.com\/?p=153380","title":{"rendered":"HISTORIAS DE VIOLENCIA"},"content":{"rendered":"\n\n\n<p><strong>Jos\u00e9 Luis Ortega Vidal<\/strong><\/p>\n\n\n\n<p><em>Claroscuros<\/em><\/p>\n\n\n\n<p>(1)<br>El Instituto Nacional de Estad\u00edstica, Geogr\u00e1fica e Inform\u00e1tica (INEGI) reporta \u2013de marzo al mes de abril del 2025- la distribuci\u00f3n del porcentaje de la poblaci\u00f3n de 18 a\u00f1os y m\u00e1s, seg\u00fan la percepci\u00f3n de inseguridad en su entidad federativa.<br>\u00bfC\u00f3mo aparece Veracruz en este rubro, de acuerdo a informaci\u00f3n oficial del \u00fanico organismo abocado a la recopilaci\u00f3n, an\u00e1lisis y difusi\u00f3n de informaci\u00f3n estad\u00edstica y geogr\u00e1fica de M\u00e9xico, luego de la desaparici\u00f3n del CONEVAL -instituci\u00f3n semejante- por \u00f3rdenes del ex presidente Andr\u00e9s Manuel L\u00f3pez Obrador?<br>De acuerdo a la Encuesta Nacional de Victimizaci\u00f3n y Percepci\u00f3n sobre Seguridad P\u00fablica (ENVIPE), 82.4 de cada 100 veracruzanos percibi\u00f3 inseguridad durante el segundo bimestre del a\u00f1o en curso.<br>El estado con mayor percepci\u00f3n de inseguridad de su poblaci\u00f3n es Morelos, con 90.1 %; le siguen Tabasco con el 89.8 %; Guanajuato 88.5; Estado de M\u00e9xico 87.8; Zacatecas 87.3 y, en el sexto lugar, Veracruz con 82.4 %<\/p>\n\n\n\n\n\n<p><br>(2)<br>En datos duros sobre asesinatos dolosos -de cuya numerolog\u00eda se debe alimentar en buena medida la percepci\u00f3n de inseguridad- comparto informaci\u00f3n de lo ocurrido entre el jueves y domingo pasados.<\/p>\n\n\n\n<p>Jueves 25 de septiembre:<br>-Una cabeza humana fue encontrada en La Concepci\u00f3n, municipio de Yanga, por la ma\u00f1ana; una s\u00e1bana y una cartulina con amenazas se ubicaron junto a los restos humanos no identificados.<br>Viernes 26 de septiembre:<br>-El cuerpo sin vida y con huellas de violencia de una mujer se hall\u00f3 por la ma\u00f1ana en el municipio de San Andr\u00e9s Tuxtla. La v\u00edctima \u2013de 30 a 35 a\u00f1os- se ubic\u00f3 en la calle Mariano Escobedo, en la zona de la colonia Ranchoapan y el Conjunto H\u00e1bitat. Trascendi\u00f3 que la dama, no identificada, presenta huellas de golpes en la cabeza.<br>-Un taxista local fue atacado a balazos por su propio pasajero cuando conduc\u00eda sobre el bulevar central poniente de Poza Rica, a la altura de la colonia Laredo. El trabajador del volante intent\u00f3 escapar pero muri\u00f3 cerca de su unidad.<br>-Por la tarde, se report\u00f3 la ubicaci\u00f3n de una hielera con restos humanos en la comunidad de Loma de Zomajapa, municipio de Zongolica. No se conocen m\u00e1s detalles sobre el contenido del objeto abandonado sobre la carretera Zongolica-Comalapa; salvo que se trata de un hombre.<br>-Por la noche, dos hombres fueron asesinados a balazos en la colonia Nuevo Toxpan, en C\u00f3rdoba. Alrededor de las 20:30 horas se escucharon disparos sobre la avenida 34 esquina calle 12. Elementos de la Cruz Roja llegaron al sitio solo para constatar que ambas v\u00edctimas hab\u00edan fallecido.<br>S\u00e1bado 27 de septiembre:<\/p>\n\n\n\n<ul class=\"wp-block-list\">\n<li>Sobre la calle Vicente Guerrero en la colonia Lomas de Plata de Papantla de Olarte, fue encontrada una cabeza humana, as\u00ed como otras partes de un cuerpo junto a las cuales se coloc\u00f3 una cartulina con amenazas entre grupos delincuenciales. Vecinos reportaron el hallazgo alrededor de las 03:00 horas; personal de servicios periciales realiz\u00f3 el levantamiento de la v\u00edctima, a\u00fan sin identificar.<br>-En Cerro Azul fue asesinado Gustavo Amaro Garc\u00eda (a) \u201cChuck Norris\u201d, l\u00edder local de la Federaci\u00f3n Aut\u00e9ntica de Trabajadores del Estado de Veracruz, FATEV. La v\u00edctima era dirigente de taxistas. Testigos afirman haber escuchado hasta siete detonaciones de armas de fuego por sicarios que escaparon. Los hechos ocurrieron en el centro de la ciudad.<br>-Autoridades identificaron al hombre que este d\u00eda fue encontrado sin vida y mutilado, sobre la carretera a Matatenatito en el municipio de Omealca. Se llam\u00f3 Taide Rosendo Ram\u00edrez Peralta, de 23 a\u00f1os, y era elemento activo del Instituto de la Polic\u00eda Auxiliar (IPAX); desde el viernes se report\u00f3 su desaparici\u00f3n.<br>Domingo 28 de septiembre:<br>-Los cuerpos de dos hombres ejecutados, con huellas de tortura y tiros de gracia, fueron reportados a un costado de la carretera Xalapa-Totutla, cerca del entronque a Jalcomulco; no hay informaci\u00f3n oficial sobre su identificaci\u00f3n.<br>-Un hombre no identificado fue hallado en un paseo tur\u00edstico de Orizaba, a unos metros del puente del Toro, sobre la avenida Sur. Elementos de protecci\u00f3n civil recuperaron el cuerpo que flotaba en un r\u00edo que atraviesa la llamada Pluviosilla. La Fiscal\u00eda orden\u00f3 el traslado al anfiteatro para determinar las causas de su muerte.<br>-Trascendi\u00f3 la identificaci\u00f3n de dos mujeres entre cuatro cuerpos hallados en fosas clandestinas del rancho Santa Rosal\u00eda de \u00c1lamo Temapache, en la huasteca veracruzana. X\u00f3chitl Ivette Villar Barrios y Jimena Hern\u00e1ndez Hern\u00e1ndez fueron reportadas como desaparecidas en Veracruz y el vecino estado de Hidalgo. En el mismo sitio, territorio de la comunidad de Tepeczintilla, fue encontrado el pasado 23 de julio el cuerpo de la maestra Irma Hern\u00e1ndez Cruz, secuestrada por la Nueva Mafia Veracruzana o Grupo Sombra cinco d\u00edas antes. La maestra Hern\u00e1ndez Cruz muri\u00f3 asesinada luego de ser grabada en un video, de rodillas, delante de sicarios armados con metralletas; de modo que no falleci\u00f3 de un infarto como afirm\u00f3 en su momento la gobernadora Roc\u00edo Nahle Garc\u00eda.<br>(3)<br>V\u00eda CLAROSCUROS se realiz\u00f3 un recuento de asesinatos dolosos en Veracruz, a partir de informaci\u00f3n difundida en redes sociales por periodistas, medios digitales y ciudadanos an\u00f3nimos, durante el periodo del lunes 22 al domingo 28 de este mes.<br>La cifra arroja veinticinco ejecuciones en siete d\u00edas, m\u00e1s el hallazgo de un hombre sin vida en un r\u00edo de Orizaba, cuyas causas de muerte no han sido determinadas.<br>Hay m\u00e1s historias de violencia grave: desapariciones, levantones o secuestros, ataques armados con saldo de v\u00edctimas sobrevivientes, amenazas a pol\u00edticos y pol\u00edicas, periodistas, empresarios por medio de cartulinas o lonas; todo este universo dentro de la misma semana referida en dos columnas, la del jueves 25 y la de hoy, lunes 29 de septiembre.<br>Nos hemos apoyado -con el objetivo de contextualizar el fen\u00f3meno abordado- con informaci\u00f3n oficial del Secretariado Ejecutivo del Sistema Nacional de Seguridad P\u00fablica, as\u00ed como del INEGI.<br>(4)<br>Existen otras tem\u00e1ticas: econom\u00eda, infraestructura, inversiones, proyectos oficiales que avanzan y proyectos oficiales que no avanzan, pol\u00edtica\u2026<br>Vivimos una coyuntura ubicada entre la realidad y la tragedia: hoy en d\u00eda todas las tem\u00e1ticas period\u00edsticas est\u00e1n vinculadas con la violencia; en mayor o menor grado pero se conectan.<br>\u00bfSiempre fue as\u00ed?<br>No, por lo menos durante las casi cuatro d\u00e9cadas de mi carrera profesional.<br>La econom\u00eda s\u00ed, siempre ha conformado y conforma el eje rector del comportamiento social y de Estado.<br>Pero la violencia sol\u00eda ser harina de otro costal, tema aparte; espor\u00e1dicamente ligada -en forma abierta- a la pol\u00edtica o la lucha abierta por el poder.<br>Siempre han existido los cr\u00edmenes como una forma de disputar el poder; pero los asesinatos de figuras prominentes fueron motivo de esc\u00e1ndalo o sacudimiento de estructuras oficiales y se atendieron con medidas extremas dentro del propio aparato oficial o no oficial.<br>(5)<br>Anta\u00f1o, el cacique -por muy cacique que fuera- conoc\u00eda sus l\u00edmites o se los hac\u00edan saber\u2026<br>Actualmente, ya ni el cacique se siente seguro en su caciquil territorio\u2026<br>(6)<br>Hoy, los r\u00edos de sangre cruzan todas las rutas, est\u00e1n ligados a la corrupci\u00f3n y la impunidad de tal manera que nadie est\u00e1 seguro en ninguna parte: ni dentro del aparato de Estado ni fuera de \u00e9ste; ni a nivel municipal ni a nivel estatal o federal.<br>(7)<br>\u00bfEsta condici\u00f3n lleg\u00f3 para quedarse en M\u00e9xico y Veracruz?<br>Se trata de una pregunta clave para tratar de entender el presente y visualizar \u2013con optimismo o pesimismo- el futuro\u2026cualquier cosa que eso signifique.<\/li>\n<\/ul>\n","protected":false},"excerpt":{"rendered":"<p>Jos\u00e9 Luis Ortega Vidal Claroscuros (1)El Instituto Nacional de Estad\u00edstica, Geogr\u00e1fica e Inform\u00e1tica (INEGI) reporta \u2013de marzo al mes de abril del 2025- la distribuci\u00f3n del porcentaje de la poblaci\u00f3n de 18 a\u00f1os y m\u00e1s, seg\u00fan la percepci\u00f3n de inseguridad en su entidad federativa.\u00bfC\u00f3mo aparece Veracruz en este rubro, de acuerdo a informaci\u00f3n oficial del [&hellip;]<\/p>\n","protected":false},"author":2,"featured_media":141392,"comment_status":"closed","ping_status":"closed","sticky":false,"template":"","format":"standard","meta":{"tdm_status":"","tdm_grid_status":"","footnotes":""},"categories":[70],"tags":[1026,195,463],"class_list":{"0":"post-153380","1":"post","2":"type-post","3":"status-publish","4":"format-standard","5":"has-post-thumbnail","7":"category-de-opinion","8":"tag-morena","9":"tag-veracruz","10":"tag-violencia"},"yoast_head":"<!-- This site is optimized with the Yoast SEO plugin v27.4 - https:\/\/yoast.com\/product\/yoast-seo-wordpress\/ -->\n<title>HISTORIAS DE VIOLENCIA - Los pol\u00edticos Veracruz<\/title>\n<meta name=\"robots\" content=\"index, follow, max-snippet:-1, max-image-preview:large, max-video-preview:-1\" \/>\n<link rel=\"canonical\" href=\"https:\/\/lospoliticosveracruz.com\/?p=153380\" \/>\n<meta property=\"og:locale\" content=\"es_ES\" \/>\n<meta property=\"og:type\" content=\"article\" \/>\n<meta property=\"og:title\" content=\"HISTORIAS DE VIOLENCIA - Los pol\u00edticos Veracruz\" \/>\n<meta property=\"og:description\" content=\"Jos\u00e9 Luis Ortega Vidal Claroscuros (1)El Instituto Nacional de Estad\u00edstica, Geogr\u00e1fica e Inform\u00e1tica (INEGI) reporta \u2013de marzo al mes de abril del 2025- la distribuci\u00f3n del porcentaje de la poblaci\u00f3n de 18 a\u00f1os y m\u00e1s, seg\u00fan la percepci\u00f3n de inseguridad en su entidad federativa.\u00bfC\u00f3mo aparece Veracruz en este rubro, de acuerdo a informaci\u00f3n oficial del [&hellip;]\" \/>\n<meta property=\"og:url\" content=\"https:\/\/lospoliticosveracruz.com\/?p=153380\" \/>\n<meta property=\"og:site_name\" content=\"Los pol\u00edticos Veracruz\" \/>\n<meta property=\"article:publisher\" content=\"https:\/\/www.facebook.com\/people\/Notimemes-de-los-Polticos\/61565672886568\/\" \/>\n<meta property=\"article:published_time\" content=\"2025-09-29T10:13:54+00:00\" \/>\n<meta property=\"article:modified_time\" content=\"2025-09-29T10:14:07+00:00\" \/>\n<meta property=\"og:image\" content=\"https:\/\/lospoliticosveracruz.com\/wp-content\/uploads\/2025\/04\/Jose-Luis-Ortega-Vidal.jpg\" \/>\n\t<meta property=\"og:image:width\" content=\"1250\" \/>\n\t<meta property=\"og:image:height\" content=\"667\" \/>\n\t<meta property=\"og:image:type\" content=\"image\/jpeg\" \/>\n<meta name=\"author\" content=\"Lo viste en Los Pol\u00edticos\" \/>\n<meta name=\"twitter:card\" content=\"summary_large_image\" \/>\n<meta name=\"twitter:creator\" content=\"@LosPoliticosVer\" \/>\n<meta name=\"twitter:site\" content=\"@LosPoliticosVer\" \/>\n<meta name=\"twitter:label1\" content=\"Escrito por\" \/>\n\t<meta name=\"twitter:data1\" content=\"Lo viste en Los Pol\u00edticos\" \/>\n\t<meta name=\"twitter:label2\" content=\"Tiempo de lectura\" \/>\n\t<meta name=\"twitter:data2\" content=\"6 minutos\" \/>\n<script type=\"application\/ld+json\" class=\"yoast-schema-graph\">{\"@context\":\"https:\\\/\\\/schema.org\",\"@graph\":[{\"@type\":\"Article\",\"@id\":\"https:\\\/\\\/lospoliticosveracruz.com\\\/?p=153380#article\",\"isPartOf\":{\"@id\":\"https:\\\/\\\/lospoliticosveracruz.com\\\/?p=153380\"},\"author\":{\"name\":\"Lo viste en Los Pol\u00edticos\",\"@id\":\"https:\\\/\\\/lospoliticosveracruz.com\\\/#\\\/schema\\\/person\\\/b8702bb0e538456e6efd07080bf2a4a2\"},\"headline\":\"HISTORIAS DE VIOLENCIA\",\"datePublished\":\"2025-09-29T10:13:54+00:00\",\"dateModified\":\"2025-09-29T10:14:07+00:00\",\"mainEntityOfPage\":{\"@id\":\"https:\\\/\\\/lospoliticosveracruz.com\\\/?p=153380\"},\"wordCount\":1292,\"publisher\":{\"@id\":\"https:\\\/\\\/lospoliticosveracruz.com\\\/#organization\"},\"image\":{\"@id\":\"https:\\\/\\\/lospoliticosveracruz.com\\\/?p=153380#primaryimage\"},\"thumbnailUrl\":\"https:\\\/\\\/lospoliticosveracruz.com\\\/wp-content\\\/uploads\\\/2025\\\/04\\\/Jose-Luis-Ortega-Vidal.jpg\",\"keywords\":[\"Morena\",\"Veracruz\",\"violencia\"],\"articleSection\":[\"De Opini\u00f3n\"],\"inLanguage\":\"es\"},{\"@type\":\"WebPage\",\"@id\":\"https:\\\/\\\/lospoliticosveracruz.com\\\/?p=153380\",\"url\":\"https:\\\/\\\/lospoliticosveracruz.com\\\/?p=153380\",\"name\":\"HISTORIAS DE VIOLENCIA - Los pol\u00edticos Veracruz\",\"isPartOf\":{\"@id\":\"https:\\\/\\\/lospoliticosveracruz.com\\\/#website\"},\"primaryImageOfPage\":{\"@id\":\"https:\\\/\\\/lospoliticosveracruz.com\\\/?p=153380#primaryimage\"},\"image\":{\"@id\":\"https:\\\/\\\/lospoliticosveracruz.com\\\/?p=153380#primaryimage\"},\"thumbnailUrl\":\"https:\\\/\\\/lospoliticosveracruz.com\\\/wp-content\\\/uploads\\\/2025\\\/04\\\/Jose-Luis-Ortega-Vidal.jpg\",\"datePublished\":\"2025-09-29T10:13:54+00:00\",\"dateModified\":\"2025-09-29T10:14:07+00:00\",\"breadcrumb\":{\"@id\":\"https:\\\/\\\/lospoliticosveracruz.com\\\/?p=153380#breadcrumb\"},\"inLanguage\":\"es\",\"potentialAction\":[{\"@type\":\"ReadAction\",\"target\":[\"https:\\\/\\\/lospoliticosveracruz.com\\\/?p=153380\"]}]},{\"@type\":\"ImageObject\",\"inLanguage\":\"es\",\"@id\":\"https:\\\/\\\/lospoliticosveracruz.com\\\/?p=153380#primaryimage\",\"url\":\"https:\\\/\\\/lospoliticosveracruz.com\\\/wp-content\\\/uploads\\\/2025\\\/04\\\/Jose-Luis-Ortega-Vidal.jpg\",\"contentUrl\":\"https:\\\/\\\/lospoliticosveracruz.com\\\/wp-content\\\/uploads\\\/2025\\\/04\\\/Jose-Luis-Ortega-Vidal.jpg\",\"width\":1250,\"height\":667},{\"@type\":\"BreadcrumbList\",\"@id\":\"https:\\\/\\\/lospoliticosveracruz.com\\\/?p=153380#breadcrumb\",\"itemListElement\":[{\"@type\":\"ListItem\",\"position\":1,\"name\":\"Portada\",\"item\":\"https:\\\/\\\/lospoliticosveracruz.com\\\/\"},{\"@type\":\"ListItem\",\"position\":2,\"name\":\"HISTORIAS DE VIOLENCIA\"}]},{\"@type\":\"WebSite\",\"@id\":\"https:\\\/\\\/lospoliticosveracruz.com\\\/#website\",\"url\":\"https:\\\/\\\/lospoliticosveracruz.com\\\/\",\"name\":\"Los pol\u00edticos Veracruz\",\"description\":\"\",\"publisher\":{\"@id\":\"https:\\\/\\\/lospoliticosveracruz.com\\\/#organization\"},\"potentialAction\":[{\"@type\":\"SearchAction\",\"target\":{\"@type\":\"EntryPoint\",\"urlTemplate\":\"https:\\\/\\\/lospoliticosveracruz.com\\\/?s={search_term_string}\"},\"query-input\":{\"@type\":\"PropertyValueSpecification\",\"valueRequired\":true,\"valueName\":\"search_term_string\"}}],\"inLanguage\":\"es\"},{\"@type\":\"Organization\",\"@id\":\"https:\\\/\\\/lospoliticosveracruz.com\\\/#organization\",\"name\":\"Los pol\u00edticos Veracruz\",\"url\":\"https:\\\/\\\/lospoliticosveracruz.com\\\/\",\"logo\":{\"@type\":\"ImageObject\",\"inLanguage\":\"es\",\"@id\":\"https:\\\/\\\/lospoliticosveracruz.com\\\/#\\\/schema\\\/logo\\\/image\\\/\",\"url\":\"https:\\\/\\\/lospoliticosveracruz.com\\\/wp-content\\\/uploads\\\/2025\\\/12\\\/Logo-Nuevo-LOS-POLITICOS-1.jpg\",\"contentUrl\":\"https:\\\/\\\/lospoliticosveracruz.com\\\/wp-content\\\/uploads\\\/2025\\\/12\\\/Logo-Nuevo-LOS-POLITICOS-1.jpg\",\"width\":260,\"height\":70,\"caption\":\"Los pol\u00edticos Veracruz\"},\"image\":{\"@id\":\"https:\\\/\\\/lospoliticosveracruz.com\\\/#\\\/schema\\\/logo\\\/image\\\/\"},\"sameAs\":[\"https:\\\/\\\/www.facebook.com\\\/people\\\/Notimemes-de-los-Polticos\\\/61565672886568\\\/\",\"https:\\\/\\\/x.com\\\/LosPoliticosVer\"]},{\"@type\":\"Person\",\"@id\":\"https:\\\/\\\/lospoliticosveracruz.com\\\/#\\\/schema\\\/person\\\/b8702bb0e538456e6efd07080bf2a4a2\",\"name\":\"Lo viste en Los Pol\u00edticos\",\"image\":{\"@type\":\"ImageObject\",\"inLanguage\":\"es\",\"@id\":\"https:\\\/\\\/secure.gravatar.com\\\/avatar\\\/3a8de04a2656d44082be478bd6c086daa447c4651605818287b9532d3d0bd435?s=96&d=mm&r=g\",\"url\":\"https:\\\/\\\/secure.gravatar.com\\\/avatar\\\/3a8de04a2656d44082be478bd6c086daa447c4651605818287b9532d3d0bd435?s=96&d=mm&r=g\",\"contentUrl\":\"https:\\\/\\\/secure.gravatar.com\\\/avatar\\\/3a8de04a2656d44082be478bd6c086daa447c4651605818287b9532d3d0bd435?s=96&d=mm&r=g\",\"caption\":\"Lo viste en Los Pol\u00edticos\"},\"url\":\"https:\\\/\\\/lospoliticosveracruz.com\\\/?author=2\"}]}<\/script>\n<!-- \/ Yoast SEO plugin. -->","yoast_head_json":{"title":"HISTORIAS DE VIOLENCIA - Los pol\u00edticos Veracruz","robots":{"index":"index","follow":"follow","max-snippet":"max-snippet:-1","max-image-preview":"max-image-preview:large","max-video-preview":"max-video-preview:-1"},"canonical":"https:\/\/lospoliticosveracruz.com\/?p=153380","og_locale":"es_ES","og_type":"article","og_title":"HISTORIAS DE VIOLENCIA - Los pol\u00edticos Veracruz","og_description":"Jos\u00e9 Luis Ortega Vidal Claroscuros (1)El Instituto Nacional de Estad\u00edstica, Geogr\u00e1fica e Inform\u00e1tica (INEGI) reporta \u2013de marzo al mes de abril del 2025- la distribuci\u00f3n del porcentaje de la poblaci\u00f3n de 18 a\u00f1os y m\u00e1s, seg\u00fan la percepci\u00f3n de inseguridad en su entidad federativa.\u00bfC\u00f3mo aparece Veracruz en este rubro, de acuerdo a informaci\u00f3n oficial del [&hellip;]","og_url":"https:\/\/lospoliticosveracruz.com\/?p=153380","og_site_name":"Los pol\u00edticos Veracruz","article_publisher":"https:\/\/www.facebook.com\/people\/Notimemes-de-los-Polticos\/61565672886568\/","article_published_time":"2025-09-29T10:13:54+00:00","article_modified_time":"2025-09-29T10:14:07+00:00","og_image":[{"width":1250,"height":667,"url":"https:\/\/lospoliticosveracruz.com\/wp-content\/uploads\/2025\/04\/Jose-Luis-Ortega-Vidal.jpg","type":"image\/jpeg"}],"author":"Lo viste en Los Pol\u00edticos","twitter_card":"summary_large_image","twitter_creator":"@LosPoliticosVer","twitter_site":"@LosPoliticosVer","twitter_misc":{"Escrito por":"Lo viste en Los Pol\u00edticos","Tiempo de lectura":"6 minutos"},"schema":{"@context":"https:\/\/schema.org","@graph":[{"@type":"Article","@id":"https:\/\/lospoliticosveracruz.com\/?p=153380#article","isPartOf":{"@id":"https:\/\/lospoliticosveracruz.com\/?p=153380"},"author":{"name":"Lo viste en Los Pol\u00edticos","@id":"https:\/\/lospoliticosveracruz.com\/#\/schema\/person\/b8702bb0e538456e6efd07080bf2a4a2"},"headline":"HISTORIAS DE VIOLENCIA","datePublished":"2025-09-29T10:13:54+00:00","dateModified":"2025-09-29T10:14:07+00:00","mainEntityOfPage":{"@id":"https:\/\/lospoliticosveracruz.com\/?p=153380"},"wordCount":1292,"publisher":{"@id":"https:\/\/lospoliticosveracruz.com\/#organization"},"image":{"@id":"https:\/\/lospoliticosveracruz.com\/?p=153380#primaryimage"},"thumbnailUrl":"https:\/\/lospoliticosveracruz.com\/wp-content\/uploads\/2025\/04\/Jose-Luis-Ortega-Vidal.jpg","keywords":["Morena","Veracruz","violencia"],"articleSection":["De Opini\u00f3n"],"inLanguage":"es"},{"@type":"WebPage","@id":"https:\/\/lospoliticosveracruz.com\/?p=153380","url":"https:\/\/lospoliticosveracruz.com\/?p=153380","name":"HISTORIAS DE VIOLENCIA - Los pol\u00edticos Veracruz","isPartOf":{"@id":"https:\/\/lospoliticosveracruz.com\/#website"},"primaryImageOfPage":{"@id":"https:\/\/lospoliticosveracruz.com\/?p=153380#primaryimage"},"image":{"@id":"https:\/\/lospoliticosveracruz.com\/?p=153380#primaryimage"},"thumbnailUrl":"https:\/\/lospoliticosveracruz.com\/wp-content\/uploads\/2025\/04\/Jose-Luis-Ortega-Vidal.jpg","datePublished":"2025-09-29T10:13:54+00:00","dateModified":"2025-09-29T10:14:07+00:00","breadcrumb":{"@id":"https:\/\/lospoliticosveracruz.com\/?p=153380#breadcrumb"},"inLanguage":"es","potentialAction":[{"@type":"ReadAction","target":["https:\/\/lospoliticosveracruz.com\/?p=153380"]}]},{"@type":"ImageObject","inLanguage":"es","@id":"https:\/\/lospoliticosveracruz.com\/?p=153380#primaryimage","url":"https:\/\/lospoliticosveracruz.com\/wp-content\/uploads\/2025\/04\/Jose-Luis-Ortega-Vidal.jpg","contentUrl":"https:\/\/lospoliticosveracruz.com\/wp-content\/uploads\/2025\/04\/Jose-Luis-Ortega-Vidal.jpg","width":1250,"height":667},{"@type":"BreadcrumbList","@id":"https:\/\/lospoliticosveracruz.com\/?p=153380#breadcrumb","itemListElement":[{"@type":"ListItem","position":1,"name":"Portada","item":"https:\/\/lospoliticosveracruz.com\/"},{"@type":"ListItem","position":2,"name":"HISTORIAS DE VIOLENCIA"}]},{"@type":"WebSite","@id":"https:\/\/lospoliticosveracruz.com\/#website","url":"https:\/\/lospoliticosveracruz.com\/","name":"Los pol\u00edticos Veracruz","description":"","publisher":{"@id":"https:\/\/lospoliticosveracruz.com\/#organization"},"potentialAction":[{"@type":"SearchAction","target":{"@type":"EntryPoint","urlTemplate":"https:\/\/lospoliticosveracruz.com\/?s={search_term_string}"},"query-input":{"@type":"PropertyValueSpecification","valueRequired":true,"valueName":"search_term_string"}}],"inLanguage":"es"},{"@type":"Organization","@id":"https:\/\/lospoliticosveracruz.com\/#organization","name":"Los pol\u00edticos Veracruz","url":"https:\/\/lospoliticosveracruz.com\/","logo":{"@type":"ImageObject","inLanguage":"es","@id":"https:\/\/lospoliticosveracruz.com\/#\/schema\/logo\/image\/","url":"https:\/\/lospoliticosveracruz.com\/wp-content\/uploads\/2025\/12\/Logo-Nuevo-LOS-POLITICOS-1.jpg","contentUrl":"https:\/\/lospoliticosveracruz.com\/wp-content\/uploads\/2025\/12\/Logo-Nuevo-LOS-POLITICOS-1.jpg","width":260,"height":70,"caption":"Los pol\u00edticos Veracruz"},"image":{"@id":"https:\/\/lospoliticosveracruz.com\/#\/schema\/logo\/image\/"},"sameAs":["https:\/\/www.facebook.com\/people\/Notimemes-de-los-Polticos\/61565672886568\/","https:\/\/x.com\/LosPoliticosVer"]},{"@type":"Person","@id":"https:\/\/lospoliticosveracruz.com\/#\/schema\/person\/b8702bb0e538456e6efd07080bf2a4a2","name":"Lo viste en Los Pol\u00edticos","image":{"@type":"ImageObject","inLanguage":"es","@id":"https:\/\/secure.gravatar.com\/avatar\/3a8de04a2656d44082be478bd6c086daa447c4651605818287b9532d3d0bd435?s=96&d=mm&r=g","url":"https:\/\/secure.gravatar.com\/avatar\/3a8de04a2656d44082be478bd6c086daa447c4651605818287b9532d3d0bd435?s=96&d=mm&r=g","contentUrl":"https:\/\/secure.gravatar.com\/avatar\/3a8de04a2656d44082be478bd6c086daa447c4651605818287b9532d3d0bd435?s=96&d=mm&r=g","caption":"Lo viste en Los Pol\u00edticos"},"url":"https:\/\/lospoliticosveracruz.com\/?author=2"}]}},"_links":{"self":[{"href":"https:\/\/lospoliticosveracruz.com\/index.php?rest_route=\/wp\/v2\/posts\/153380","targetHints":{"allow":["GET"]}}],"collection":[{"href":"https:\/\/lospoliticosveracruz.com\/index.php?rest_route=\/wp\/v2\/posts"}],"about":[{"href":"https:\/\/lospoliticosveracruz.com\/index.php?rest_route=\/wp\/v2\/types\/post"}],"author":[{"embeddable":true,"href":"https:\/\/lospoliticosveracruz.com\/index.php?rest_route=\/wp\/v2\/users\/2"}],"replies":[{"embeddable":true,"href":"https:\/\/lospoliticosveracruz.com\/index.php?rest_route=%2Fwp%2Fv2%2Fcomments&post=153380"}],"version-history":[{"count":2,"href":"https:\/\/lospoliticosveracruz.com\/index.php?rest_route=\/wp\/v2\/posts\/153380\/revisions"}],"predecessor-version":[{"id":153382,"href":"https:\/\/lospoliticosveracruz.com\/index.php?rest_route=\/wp\/v2\/posts\/153380\/revisions\/153382"}],"wp:featuredmedia":[{"embeddable":true,"href":"https:\/\/lospoliticosveracruz.com\/index.php?rest_route=\/wp\/v2\/media\/141392"}],"wp:attachment":[{"href":"https:\/\/lospoliticosveracruz.com\/index.php?rest_route=%2Fwp%2Fv2%2Fmedia&parent=153380"}],"wp:term":[{"taxonomy":"category","embeddable":true,"href":"https:\/\/lospoliticosveracruz.com\/index.php?rest_route=%2Fwp%2Fv2%2Fcategories&post=153380"},{"taxonomy":"post_tag","embeddable":true,"href":"https:\/\/lospoliticosveracruz.com\/index.php?rest_route=%2Fwp%2Fv2%2Ftags&post=153380"}],"curies":[{"name":"wp","href":"https:\/\/api.w.org\/{rel}","templated":true}]}}