{"id":153473,"date":"2025-09-30T06:22:35","date_gmt":"2025-09-30T11:22:35","guid":{"rendered":"https:\/\/lospoliticosveracruz.com.mx\/?p=153473"},"modified":"2025-09-30T06:22:59","modified_gmt":"2025-09-30T11:22:59","slug":"veracruz-y-la-revocacion-de-mandato-2","status":"publish","type":"post","link":"https:\/\/lospoliticosveracruz.com\/?p=153473","title":{"rendered":"VERACRUZ Y LA REVOCACI\u00d3N DE MANDATO"},"content":{"rendered":"\n\n\n<p><br><strong>Ricardo Chua<\/strong><\/p>\n\n\n\n<p><em>Sale y Vale<\/em> <\/p>\n\n\n\n<p><\/p>\n\n\n\n<p>Ya es una buena noticia para que exista una verdadera participaci\u00f3n democr\u00e1tica en Veracruz.. Que la propia gobernadora Roc\u00edo Nahle se\u00f1ale que ella no tiene NING\u00daN PROBLEMA para que se pueda aplicar en la entidad: LA REVOCACI\u00d3N DE MANDATO.. Que es una deuda que dej\u00f3 el gobierno estatal de Cuitl\u00e1huac Garc\u00eda Jim\u00e9nez a la actual administraci\u00f3n estatal.. Ya que Veracruz, es la \u00fanica entidad en el pa\u00eds, que no tiene contemplada esta figura en su Constituci\u00f3n Local, a pesar de que ya est\u00e1 plasmada en la Constituci\u00f3n Federal, pero la Legislatura del Estado pasada (20121-2024) no la quiso aprobar en el pleno.. Ya que hab\u00eda temor que por los malos n\u00fameros que manejaba el ex gobernador, la poblaci\u00f3n le pudiera quitar el mandato con esta figura constitucional.. Y no se hizo..<\/p>\n\n\n\n\n\n<p>Ahora Roc\u00edo Nahle confiada, quiz\u00e1s, en la fuerza electoral que tiene su partido MORENA, pese al rev\u00e9s que sufri\u00f3 en las elecciones a las alcald\u00eda, y tambi\u00e9n por los 2 millones de votos que obtuvo en su elecci\u00f3n a gobernador el a\u00f1o pasado, en 2024, decide que ella no ve problema en que esta figura constitucional pueda ser incluida en la Constitucional Pol\u00edtica del Estado.. Y con ello acabar con toda la aberraci\u00f3n legal y jur\u00eddica que dej\u00f3 Garc\u00eda Jim\u00e9nez, al no querer armonizar la constituci\u00f3n local con la federal.. De ese hecho, si hay que aplaudirlo porque en este momento, como est\u00e1n las cosas en el pa\u00eds, no cualquier gobernador se \u00abavienta\u00bb a realizar una acci\u00f3n pol\u00edtica y de gobierno como esta..<\/p>\n\n\n\n<p>Donde si cometi\u00f3 un error de c\u00e1lculo es cuando la gobernadora se\u00f1al\u00f3 que esta figura constitucional.. Deber\u00eda aplicarse tambi\u00e9n a legisladores federales.. En clara alusi\u00f3n al senador y su rival pol\u00edtico en Veracruz, Manuel Huerta Ladr\u00f3n de Guevara.. Quien ha sido el personaje que m\u00e1s ha insistido que ese tema sea plasmada en la Constituci\u00f3n Local.. Con quien adem\u00e1s ha sostenido lucha de poder de grupos al interior de MORENA desde la encuesta aplicada en 2023 para elegir candidato a gobernador.. Que gan\u00f3 Manuel Huerta.. Pero Nahle fue designada candidata por la Equidad y G\u00e9nero.. Situaci\u00f3n a lo cual seguramente Huerta le dir\u00e1 que s\u00ed y que si se somete a la Revocaci\u00f3n de Mandato..<\/p>\n\n\n\n<p>Esto seguro dar\u00e1 m\u00e1s de qu\u00e9 hablar de esa pol\u00e9mica Nahle-Huerta.. Cuando la mandataria bien pudo haberse salido por la \u00abtangente\u00bb y no entrar en un \u00abdesgaste\u00bb medi\u00e1tico innecesario.. Si ella hubiera comentado que ese tema era un asunto que ten\u00eda que ver el Congreso del Estado, no el Poder Ejecutivo Local.. Que ella es una dem\u00f3crata y que conf\u00eda en la voluntad del pueblo y del respaldo de los 2 millones votos con los cuales gan\u00f3 la elecci\u00f3n en 2024.. Y ya, todo quedaba en manos de la Legislatura Local.. Pero ella misma se \u00abentrampo\u00bb en la declaraci\u00f3n y ya Manuel Huerta la emplaz\u00f3 p\u00fablicamente a que la presente a la c\u00e1mara de diputados locales para que se aplique en 2027.. Qu\u00e9 necesidad hab\u00eda..<\/p>\n\n\n\n<p>Esto debido a que no hay revocaci\u00f3n de mandato de ning\u00fan tipo para el poder legislativo.. Por eso, Huerta le dir\u00e1 que s\u00ed y que \u00e9l aguanta cualquier tipo de auditor\u00eda pol\u00edtica porque \u00abno es corrupto\u00bb.. Con eso le dio pie a todo lo que venga en ese tema.. Y ah\u00ed el senador no tiene nada que perder.. Menos en el Poder Judicial.. Ah\u00ed fue por lo cual Huerta se\u00f1al\u00f3 que \u00e9l se somete a la revocaci\u00f3n, como para tratar de exhibir el presunto desconocimiento en materia constitucional de la gobernadora.. Lo que a lo mejor, Huerta no se dio cuenta es que Nahle tambi\u00e9n pudo aplicar un \u00abplan con ma\u00f1a\u00bb.. Pero eso, ya se ver\u00e1..<\/p>\n\n\n\n<p>Pero si es importante aclarar.. Que la \u00fanica revocaci\u00f3n de mandato existente, es en el poder ejecutivo.. Eso se ve por supuesto de manera directa en un parlamentarismo, ya que ante una crisis pol\u00edtica severa, renuncia el gobierno en turno y se convocan a nuevas elecciones.. Pero en el sistema Presidencialista, en lo que se conoce como la democracia directa, esto lo hacen los ciudadanos.. Y le revocan el mandato al gobernador o al Presidente de la Rep\u00fablica, pero pues esa es la figura que no est\u00e1 incluida en la Constituci\u00f3n Local en Veracruz, pese a que ya est\u00e1 inmersa en la Constituci\u00f3n Pol\u00edtica Federal.. Y es ah\u00ed donde Manuel Huerta presiona para que tambi\u00e9n la incluyan.. El fin de que esto se haga, puede tener otros motivos.. Pero esa es otra historia..<\/p>\n\n\n\n<p>Ahora la presi\u00f3n pol\u00edtica y medi\u00e1tica ser\u00e1 para la gobernadora.. No podr\u00e1 echarse para atr\u00e1s.. Y le dio todos los argumentos a Manuel Huerta para insistir en el tema.. Y de no hacerlo pronto, su figura e investidura pol\u00edtica quedar\u00e1 maltrecha.. Al final, Nahle tiene que confiar que desde el 2015 en todas las campa\u00f1as a cargos de elecci\u00f3n popular, que ha participado, ha salido bien librada y con triunfos electorales leg\u00edtimos.. Pero OJO siempre con el auspicio de Andr\u00e9s Manuel L\u00f3pez Obrador.. Esta Revocaci\u00f3n de Mandato ser\u00eda la primera votaci\u00f3n que se someter\u00eda, sin que \u00e9l est\u00e9 participando en el escenario pol\u00edtico del pa\u00eds.. Ah\u00ed se ver\u00e1 el verdadero \u00abarrastre\u00bb de Nahle en Veracruz.. S\u00f3lo es cuesti\u00f3n de esperar.. AMEN..<\/p>\n\n\n\n<p>Por otro lado, de manera poco com\u00fan en la gobernadora Roc\u00edo Nahle le dio un fuerte RESPALDO pol\u00edtico al delegado de Bienestar del gobierno federal en Veracruz, Juan Javier G\u00f3mez Cazar\u00edn, que en estos \u00faltimos d\u00edas enfrenta un conflicto m\u00e1s medi\u00e1tico que pol\u00edtico en la entidad.. Con unos asuntos presuntamente de \u00edndole personal con alg\u00fan sector de los medios de comunicaci\u00f3n.. Nahle calific\u00f3 a Cazar\u00edn como una persona muy activa, de territorio, que est\u00e1 haciendo un gran trabajo y lo hace bastante bien.. De esa manera, ella demuestra la fuerza que tiene este funcionario ante el gobierno estatal que ella encabeza.. A muy pocos Nahle da un respaldo de esa manera\u2026<\/p>\n\n\n\n<p>Hasta lo llam\u00f3 que el delegado federal es un funcionario responsable y comprometido con la encomienda que la presidenta Claudia Sheinbaum Pardo, le dio para llevar los programas sociales en la entidad.. Con ello descartando cualquier tipo de enfrentamiento pol\u00edtico con este personaje por los temas antes se\u00f1alados de aspecto medi\u00e1tico.. Y que por ello, ensals\u00f3 la labor de G\u00f3mez Cazar\u00edn que hace en Veracruz.. Hasta hizo hincapi\u00e9 que todos estos temas pol\u00edticos y medi\u00e1ticos responden a intereses distintos a su labor como funcionario federal.. En pocas palabras, el \u00abespaldarazo\u00bb para Cazar\u00edn es de los pocos vistos en esta administraci\u00f3n estatal.. AMEN..<\/p>\n","protected":false},"excerpt":{"rendered":"<p>Ricardo Chua Sale y Vale Ya es una buena noticia para que exista una verdadera participaci\u00f3n democr\u00e1tica en Veracruz.. Que la propia gobernadora Roc\u00edo Nahle se\u00f1ale que ella no tiene NING\u00daN PROBLEMA para que se pueda aplicar en la entidad: LA REVOCACI\u00d3N DE MANDATO.. Que es una deuda que dej\u00f3 el gobierno estatal de Cuitl\u00e1huac [&hellip;]<\/p>\n","protected":false},"author":2,"featured_media":141434,"comment_status":"closed","ping_status":"closed","sticky":false,"template":"","format":"standard","meta":{"tdm_status":"","tdm_grid_status":"","footnotes":""},"categories":[70],"tags":[1563,1026,14240,3578,195],"class_list":{"0":"post-153473","1":"post","2":"type-post","3":"status-publish","4":"format-standard","5":"has-post-thumbnail","7":"category-de-opinion","8":"tag-cuitlahuac-garcia-jimenez","9":"tag-morena","10":"tag-revocacion-de-mandato","11":"tag-rocio-nahle","12":"tag-veracruz"},"yoast_head":"<!-- This site is optimized with the Yoast SEO plugin v27.4 - https:\/\/yoast.com\/product\/yoast-seo-wordpress\/ -->\n<title>VERACRUZ Y LA REVOCACI\u00d3N DE MANDATO - Los pol\u00edticos Veracruz<\/title>\n<meta name=\"robots\" content=\"index, follow, max-snippet:-1, max-image-preview:large, max-video-preview:-1\" \/>\n<link rel=\"canonical\" href=\"https:\/\/lospoliticosveracruz.com\/?p=153473\" \/>\n<meta property=\"og:locale\" content=\"es_ES\" \/>\n<meta property=\"og:type\" content=\"article\" \/>\n<meta property=\"og:title\" content=\"VERACRUZ Y LA REVOCACI\u00d3N DE MANDATO - Los pol\u00edticos Veracruz\" \/>\n<meta property=\"og:description\" content=\"Ricardo Chua Sale y Vale Ya es una buena noticia para que exista una verdadera participaci\u00f3n democr\u00e1tica en Veracruz.. Que la propia gobernadora Roc\u00edo Nahle se\u00f1ale que ella no tiene NING\u00daN PROBLEMA para que se pueda aplicar en la entidad: LA REVOCACI\u00d3N DE MANDATO.. Que es una deuda que dej\u00f3 el gobierno estatal de Cuitl\u00e1huac [&hellip;]\" \/>\n<meta property=\"og:url\" content=\"https:\/\/lospoliticosveracruz.com\/?p=153473\" \/>\n<meta property=\"og:site_name\" content=\"Los pol\u00edticos Veracruz\" \/>\n<meta property=\"article:publisher\" content=\"https:\/\/www.facebook.com\/people\/Notimemes-de-los-Polticos\/61565672886568\/\" \/>\n<meta property=\"article:published_time\" content=\"2025-09-30T11:22:35+00:00\" \/>\n<meta property=\"article:modified_time\" content=\"2025-09-30T11:22:59+00:00\" \/>\n<meta property=\"og:image\" content=\"https:\/\/lospoliticosveracruz.com\/wp-content\/uploads\/2025\/04\/Chua-e1761364658706.jpg\" \/>\n\t<meta property=\"og:image:width\" content=\"600\" \/>\n\t<meta property=\"og:image:height\" content=\"320\" \/>\n\t<meta property=\"og:image:type\" content=\"image\/jpeg\" \/>\n<meta name=\"author\" content=\"Lo viste en Los Pol\u00edticos\" \/>\n<meta name=\"twitter:card\" content=\"summary_large_image\" \/>\n<meta name=\"twitter:creator\" content=\"@LosPoliticosVer\" \/>\n<meta name=\"twitter:site\" content=\"@LosPoliticosVer\" \/>\n<meta name=\"twitter:label1\" content=\"Escrito por\" \/>\n\t<meta name=\"twitter:data1\" content=\"Lo viste en Los Pol\u00edticos\" \/>\n\t<meta name=\"twitter:label2\" content=\"Tiempo de lectura\" \/>\n\t<meta name=\"twitter:data2\" content=\"6 minutos\" \/>\n<script type=\"application\/ld+json\" class=\"yoast-schema-graph\">{\"@context\":\"https:\\\/\\\/schema.org\",\"@graph\":[{\"@type\":\"Article\",\"@id\":\"https:\\\/\\\/lospoliticosveracruz.com\\\/?p=153473#article\",\"isPartOf\":{\"@id\":\"https:\\\/\\\/lospoliticosveracruz.com\\\/?p=153473\"},\"author\":{\"name\":\"Lo viste en Los Pol\u00edticos\",\"@id\":\"https:\\\/\\\/lospoliticosveracruz.com\\\/#\\\/schema\\\/person\\\/b8702bb0e538456e6efd07080bf2a4a2\"},\"headline\":\"VERACRUZ Y LA REVOCACI\u00d3N DE MANDATO\",\"datePublished\":\"2025-09-30T11:22:35+00:00\",\"dateModified\":\"2025-09-30T11:22:59+00:00\",\"mainEntityOfPage\":{\"@id\":\"https:\\\/\\\/lospoliticosveracruz.com\\\/?p=153473\"},\"wordCount\":1193,\"publisher\":{\"@id\":\"https:\\\/\\\/lospoliticosveracruz.com\\\/#organization\"},\"image\":{\"@id\":\"https:\\\/\\\/lospoliticosveracruz.com\\\/?p=153473#primaryimage\"},\"thumbnailUrl\":\"https:\\\/\\\/lospoliticosveracruz.com\\\/wp-content\\\/uploads\\\/2025\\\/04\\\/Chua-e1761364658706.jpg\",\"keywords\":[\"Cuitl\u00e1huac Garc\u00eda Jim\u00e9nez\",\"Morena\",\"Revocaci\u00f3n de Mandato\",\"Roc\u00edo Nahle\",\"Veracruz\"],\"articleSection\":[\"De Opini\u00f3n\"],\"inLanguage\":\"es\"},{\"@type\":\"WebPage\",\"@id\":\"https:\\\/\\\/lospoliticosveracruz.com\\\/?p=153473\",\"url\":\"https:\\\/\\\/lospoliticosveracruz.com\\\/?p=153473\",\"name\":\"VERACRUZ Y LA REVOCACI\u00d3N DE MANDATO - Los pol\u00edticos Veracruz\",\"isPartOf\":{\"@id\":\"https:\\\/\\\/lospoliticosveracruz.com\\\/#website\"},\"primaryImageOfPage\":{\"@id\":\"https:\\\/\\\/lospoliticosveracruz.com\\\/?p=153473#primaryimage\"},\"image\":{\"@id\":\"https:\\\/\\\/lospoliticosveracruz.com\\\/?p=153473#primaryimage\"},\"thumbnailUrl\":\"https:\\\/\\\/lospoliticosveracruz.com\\\/wp-content\\\/uploads\\\/2025\\\/04\\\/Chua-e1761364658706.jpg\",\"datePublished\":\"2025-09-30T11:22:35+00:00\",\"dateModified\":\"2025-09-30T11:22:59+00:00\",\"breadcrumb\":{\"@id\":\"https:\\\/\\\/lospoliticosveracruz.com\\\/?p=153473#breadcrumb\"},\"inLanguage\":\"es\",\"potentialAction\":[{\"@type\":\"ReadAction\",\"target\":[\"https:\\\/\\\/lospoliticosveracruz.com\\\/?p=153473\"]}]},{\"@type\":\"ImageObject\",\"inLanguage\":\"es\",\"@id\":\"https:\\\/\\\/lospoliticosveracruz.com\\\/?p=153473#primaryimage\",\"url\":\"https:\\\/\\\/lospoliticosveracruz.com\\\/wp-content\\\/uploads\\\/2025\\\/04\\\/Chua-e1761364658706.jpg\",\"contentUrl\":\"https:\\\/\\\/lospoliticosveracruz.com\\\/wp-content\\\/uploads\\\/2025\\\/04\\\/Chua-e1761364658706.jpg\",\"width\":600,\"height\":320},{\"@type\":\"BreadcrumbList\",\"@id\":\"https:\\\/\\\/lospoliticosveracruz.com\\\/?p=153473#breadcrumb\",\"itemListElement\":[{\"@type\":\"ListItem\",\"position\":1,\"name\":\"Portada\",\"item\":\"https:\\\/\\\/lospoliticosveracruz.com\\\/\"},{\"@type\":\"ListItem\",\"position\":2,\"name\":\"VERACRUZ Y LA REVOCACI\u00d3N DE MANDATO\"}]},{\"@type\":\"WebSite\",\"@id\":\"https:\\\/\\\/lospoliticosveracruz.com\\\/#website\",\"url\":\"https:\\\/\\\/lospoliticosveracruz.com\\\/\",\"name\":\"Los pol\u00edticos Veracruz\",\"description\":\"\",\"publisher\":{\"@id\":\"https:\\\/\\\/lospoliticosveracruz.com\\\/#organization\"},\"potentialAction\":[{\"@type\":\"SearchAction\",\"target\":{\"@type\":\"EntryPoint\",\"urlTemplate\":\"https:\\\/\\\/lospoliticosveracruz.com\\\/?s={search_term_string}\"},\"query-input\":{\"@type\":\"PropertyValueSpecification\",\"valueRequired\":true,\"valueName\":\"search_term_string\"}}],\"inLanguage\":\"es\"},{\"@type\":\"Organization\",\"@id\":\"https:\\\/\\\/lospoliticosveracruz.com\\\/#organization\",\"name\":\"Los pol\u00edticos Veracruz\",\"url\":\"https:\\\/\\\/lospoliticosveracruz.com\\\/\",\"logo\":{\"@type\":\"ImageObject\",\"inLanguage\":\"es\",\"@id\":\"https:\\\/\\\/lospoliticosveracruz.com\\\/#\\\/schema\\\/logo\\\/image\\\/\",\"url\":\"https:\\\/\\\/lospoliticosveracruz.com\\\/wp-content\\\/uploads\\\/2025\\\/12\\\/Logo-Nuevo-LOS-POLITICOS-1.jpg\",\"contentUrl\":\"https:\\\/\\\/lospoliticosveracruz.com\\\/wp-content\\\/uploads\\\/2025\\\/12\\\/Logo-Nuevo-LOS-POLITICOS-1.jpg\",\"width\":260,\"height\":70,\"caption\":\"Los pol\u00edticos Veracruz\"},\"image\":{\"@id\":\"https:\\\/\\\/lospoliticosveracruz.com\\\/#\\\/schema\\\/logo\\\/image\\\/\"},\"sameAs\":[\"https:\\\/\\\/www.facebook.com\\\/people\\\/Notimemes-de-los-Polticos\\\/61565672886568\\\/\",\"https:\\\/\\\/x.com\\\/LosPoliticosVer\"]},{\"@type\":\"Person\",\"@id\":\"https:\\\/\\\/lospoliticosveracruz.com\\\/#\\\/schema\\\/person\\\/b8702bb0e538456e6efd07080bf2a4a2\",\"name\":\"Lo viste en Los Pol\u00edticos\",\"image\":{\"@type\":\"ImageObject\",\"inLanguage\":\"es\",\"@id\":\"https:\\\/\\\/secure.gravatar.com\\\/avatar\\\/3a8de04a2656d44082be478bd6c086daa447c4651605818287b9532d3d0bd435?s=96&d=mm&r=g\",\"url\":\"https:\\\/\\\/secure.gravatar.com\\\/avatar\\\/3a8de04a2656d44082be478bd6c086daa447c4651605818287b9532d3d0bd435?s=96&d=mm&r=g\",\"contentUrl\":\"https:\\\/\\\/secure.gravatar.com\\\/avatar\\\/3a8de04a2656d44082be478bd6c086daa447c4651605818287b9532d3d0bd435?s=96&d=mm&r=g\",\"caption\":\"Lo viste en Los Pol\u00edticos\"},\"url\":\"https:\\\/\\\/lospoliticosveracruz.com\\\/?author=2\"}]}<\/script>\n<!-- \/ Yoast SEO plugin. -->","yoast_head_json":{"title":"VERACRUZ Y LA REVOCACI\u00d3N DE MANDATO - Los pol\u00edticos Veracruz","robots":{"index":"index","follow":"follow","max-snippet":"max-snippet:-1","max-image-preview":"max-image-preview:large","max-video-preview":"max-video-preview:-1"},"canonical":"https:\/\/lospoliticosveracruz.com\/?p=153473","og_locale":"es_ES","og_type":"article","og_title":"VERACRUZ Y LA REVOCACI\u00d3N DE MANDATO - Los pol\u00edticos Veracruz","og_description":"Ricardo Chua Sale y Vale Ya es una buena noticia para que exista una verdadera participaci\u00f3n democr\u00e1tica en Veracruz.. Que la propia gobernadora Roc\u00edo Nahle se\u00f1ale que ella no tiene NING\u00daN PROBLEMA para que se pueda aplicar en la entidad: LA REVOCACI\u00d3N DE MANDATO.. Que es una deuda que dej\u00f3 el gobierno estatal de Cuitl\u00e1huac [&hellip;]","og_url":"https:\/\/lospoliticosveracruz.com\/?p=153473","og_site_name":"Los pol\u00edticos Veracruz","article_publisher":"https:\/\/www.facebook.com\/people\/Notimemes-de-los-Polticos\/61565672886568\/","article_published_time":"2025-09-30T11:22:35+00:00","article_modified_time":"2025-09-30T11:22:59+00:00","og_image":[{"width":600,"height":320,"url":"https:\/\/lospoliticosveracruz.com\/wp-content\/uploads\/2025\/04\/Chua-e1761364658706.jpg","type":"image\/jpeg"}],"author":"Lo viste en Los Pol\u00edticos","twitter_card":"summary_large_image","twitter_creator":"@LosPoliticosVer","twitter_site":"@LosPoliticosVer","twitter_misc":{"Escrito por":"Lo viste en Los Pol\u00edticos","Tiempo de lectura":"6 minutos"},"schema":{"@context":"https:\/\/schema.org","@graph":[{"@type":"Article","@id":"https:\/\/lospoliticosveracruz.com\/?p=153473#article","isPartOf":{"@id":"https:\/\/lospoliticosveracruz.com\/?p=153473"},"author":{"name":"Lo viste en Los Pol\u00edticos","@id":"https:\/\/lospoliticosveracruz.com\/#\/schema\/person\/b8702bb0e538456e6efd07080bf2a4a2"},"headline":"VERACRUZ Y LA REVOCACI\u00d3N DE MANDATO","datePublished":"2025-09-30T11:22:35+00:00","dateModified":"2025-09-30T11:22:59+00:00","mainEntityOfPage":{"@id":"https:\/\/lospoliticosveracruz.com\/?p=153473"},"wordCount":1193,"publisher":{"@id":"https:\/\/lospoliticosveracruz.com\/#organization"},"image":{"@id":"https:\/\/lospoliticosveracruz.com\/?p=153473#primaryimage"},"thumbnailUrl":"https:\/\/lospoliticosveracruz.com\/wp-content\/uploads\/2025\/04\/Chua-e1761364658706.jpg","keywords":["Cuitl\u00e1huac Garc\u00eda Jim\u00e9nez","Morena","Revocaci\u00f3n de Mandato","Roc\u00edo Nahle","Veracruz"],"articleSection":["De Opini\u00f3n"],"inLanguage":"es"},{"@type":"WebPage","@id":"https:\/\/lospoliticosveracruz.com\/?p=153473","url":"https:\/\/lospoliticosveracruz.com\/?p=153473","name":"VERACRUZ Y LA REVOCACI\u00d3N DE MANDATO - Los pol\u00edticos Veracruz","isPartOf":{"@id":"https:\/\/lospoliticosveracruz.com\/#website"},"primaryImageOfPage":{"@id":"https:\/\/lospoliticosveracruz.com\/?p=153473#primaryimage"},"image":{"@id":"https:\/\/lospoliticosveracruz.com\/?p=153473#primaryimage"},"thumbnailUrl":"https:\/\/lospoliticosveracruz.com\/wp-content\/uploads\/2025\/04\/Chua-e1761364658706.jpg","datePublished":"2025-09-30T11:22:35+00:00","dateModified":"2025-09-30T11:22:59+00:00","breadcrumb":{"@id":"https:\/\/lospoliticosveracruz.com\/?p=153473#breadcrumb"},"inLanguage":"es","potentialAction":[{"@type":"ReadAction","target":["https:\/\/lospoliticosveracruz.com\/?p=153473"]}]},{"@type":"ImageObject","inLanguage":"es","@id":"https:\/\/lospoliticosveracruz.com\/?p=153473#primaryimage","url":"https:\/\/lospoliticosveracruz.com\/wp-content\/uploads\/2025\/04\/Chua-e1761364658706.jpg","contentUrl":"https:\/\/lospoliticosveracruz.com\/wp-content\/uploads\/2025\/04\/Chua-e1761364658706.jpg","width":600,"height":320},{"@type":"BreadcrumbList","@id":"https:\/\/lospoliticosveracruz.com\/?p=153473#breadcrumb","itemListElement":[{"@type":"ListItem","position":1,"name":"Portada","item":"https:\/\/lospoliticosveracruz.com\/"},{"@type":"ListItem","position":2,"name":"VERACRUZ Y LA REVOCACI\u00d3N DE MANDATO"}]},{"@type":"WebSite","@id":"https:\/\/lospoliticosveracruz.com\/#website","url":"https:\/\/lospoliticosveracruz.com\/","name":"Los pol\u00edticos Veracruz","description":"","publisher":{"@id":"https:\/\/lospoliticosveracruz.com\/#organization"},"potentialAction":[{"@type":"SearchAction","target":{"@type":"EntryPoint","urlTemplate":"https:\/\/lospoliticosveracruz.com\/?s={search_term_string}"},"query-input":{"@type":"PropertyValueSpecification","valueRequired":true,"valueName":"search_term_string"}}],"inLanguage":"es"},{"@type":"Organization","@id":"https:\/\/lospoliticosveracruz.com\/#organization","name":"Los pol\u00edticos Veracruz","url":"https:\/\/lospoliticosveracruz.com\/","logo":{"@type":"ImageObject","inLanguage":"es","@id":"https:\/\/lospoliticosveracruz.com\/#\/schema\/logo\/image\/","url":"https:\/\/lospoliticosveracruz.com\/wp-content\/uploads\/2025\/12\/Logo-Nuevo-LOS-POLITICOS-1.jpg","contentUrl":"https:\/\/lospoliticosveracruz.com\/wp-content\/uploads\/2025\/12\/Logo-Nuevo-LOS-POLITICOS-1.jpg","width":260,"height":70,"caption":"Los pol\u00edticos Veracruz"},"image":{"@id":"https:\/\/lospoliticosveracruz.com\/#\/schema\/logo\/image\/"},"sameAs":["https:\/\/www.facebook.com\/people\/Notimemes-de-los-Polticos\/61565672886568\/","https:\/\/x.com\/LosPoliticosVer"]},{"@type":"Person","@id":"https:\/\/lospoliticosveracruz.com\/#\/schema\/person\/b8702bb0e538456e6efd07080bf2a4a2","name":"Lo viste en Los Pol\u00edticos","image":{"@type":"ImageObject","inLanguage":"es","@id":"https:\/\/secure.gravatar.com\/avatar\/3a8de04a2656d44082be478bd6c086daa447c4651605818287b9532d3d0bd435?s=96&d=mm&r=g","url":"https:\/\/secure.gravatar.com\/avatar\/3a8de04a2656d44082be478bd6c086daa447c4651605818287b9532d3d0bd435?s=96&d=mm&r=g","contentUrl":"https:\/\/secure.gravatar.com\/avatar\/3a8de04a2656d44082be478bd6c086daa447c4651605818287b9532d3d0bd435?s=96&d=mm&r=g","caption":"Lo viste en Los Pol\u00edticos"},"url":"https:\/\/lospoliticosveracruz.com\/?author=2"}]}},"_links":{"self":[{"href":"https:\/\/lospoliticosveracruz.com\/index.php?rest_route=\/wp\/v2\/posts\/153473","targetHints":{"allow":["GET"]}}],"collection":[{"href":"https:\/\/lospoliticosveracruz.com\/index.php?rest_route=\/wp\/v2\/posts"}],"about":[{"href":"https:\/\/lospoliticosveracruz.com\/index.php?rest_route=\/wp\/v2\/types\/post"}],"author":[{"embeddable":true,"href":"https:\/\/lospoliticosveracruz.com\/index.php?rest_route=\/wp\/v2\/users\/2"}],"replies":[{"embeddable":true,"href":"https:\/\/lospoliticosveracruz.com\/index.php?rest_route=%2Fwp%2Fv2%2Fcomments&post=153473"}],"version-history":[{"count":2,"href":"https:\/\/lospoliticosveracruz.com\/index.php?rest_route=\/wp\/v2\/posts\/153473\/revisions"}],"predecessor-version":[{"id":153476,"href":"https:\/\/lospoliticosveracruz.com\/index.php?rest_route=\/wp\/v2\/posts\/153473\/revisions\/153476"}],"wp:featuredmedia":[{"embeddable":true,"href":"https:\/\/lospoliticosveracruz.com\/index.php?rest_route=\/wp\/v2\/media\/141434"}],"wp:attachment":[{"href":"https:\/\/lospoliticosveracruz.com\/index.php?rest_route=%2Fwp%2Fv2%2Fmedia&parent=153473"}],"wp:term":[{"taxonomy":"category","embeddable":true,"href":"https:\/\/lospoliticosveracruz.com\/index.php?rest_route=%2Fwp%2Fv2%2Fcategories&post=153473"},{"taxonomy":"post_tag","embeddable":true,"href":"https:\/\/lospoliticosveracruz.com\/index.php?rest_route=%2Fwp%2Fv2%2Ftags&post=153473"}],"curies":[{"name":"wp","href":"https:\/\/api.w.org\/{rel}","templated":true}]}}