{"id":153552,"date":"2025-10-01T07:48:30","date_gmt":"2025-10-01T12:48:30","guid":{"rendered":"https:\/\/lospoliticosveracruz.com.mx\/?p=153552"},"modified":"2025-10-01T07:48:55","modified_gmt":"2025-10-01T12:48:55","slug":"revocacion-de-mandato-omision-absoluta-y","status":"publish","type":"post","link":"https:\/\/lospoliticosveracruz.com\/?p=153552","title":{"rendered":"REVOCACI\u00d3N DE MANDATO, OMISI\u00d3N ABSOLUTA\u2026\u00a0\u00bfY?"},"content":{"rendered":"\n\n\n<p><strong>Vicente Luna Hern\u00e1ndez<\/strong> <\/p>\n\n\n\n<p>El pasado 1 de Abril del a\u00f1o en curso, el Tribunal Electoral de&nbsp;Veracruz&nbsp;resolvi\u00f3 el&nbsp;JUICIO PARA LA PROTECCI\u00d3N DE LOS DERECHOS POLITICO&nbsp;\u2013&nbsp;ELECTORALES DEL CIUDADANO&nbsp;BAJO EL EXPEDIENTE: TEV-&nbsp;JDC \u2013 18\/2025&nbsp;en&nbsp;relaci\u00f3n&nbsp;a&nbsp;la presunta omisi\u00f3n&nbsp;del Congreso del Estado de Veracruz, de no haber armonizado&nbsp;desde el a\u00f1o dos mil diecinueve,&nbsp;el texto&nbsp;de la Constituci\u00f3n del&nbsp;Estado de Veracruz, conforme a lo establecido en el art\u00edculo&nbsp;sexto transitorio por el que se declara reformadas y&nbsp;adicionadas diversas disposiciones de la Constituci\u00f3n Pol\u00edtica&nbsp;de los Estados Unidos Mexicanos, en materia de consulta&nbsp;popular y revocaci\u00f3n de mandato.<\/p>\n\n\n\n\n\n<p>M\u00e1s all\u00e1 de tecnicismos jur\u00eddicos&nbsp;y el historial legislativo de dichas reformas, el tema de fondo es el respeto&nbsp;al Estado de Derecho&nbsp;al&nbsp;que est\u00e1 obligado el poder legislativo de Veracruz&nbsp;y es&nbsp;al&nbsp;d\u00eda&nbsp;de hoy que&nbsp;ninguno de las y los 50 diputados&nbsp;trae el tema en su agenda, que nadie se confunda, impulsar&nbsp;la creaci\u00f3n de la ley reglamentaria sobre revocaci\u00f3n de mandato no es nada personal&nbsp;\u2013 dir\u00eda el maestro Armando Manzanero \u2013 sino&nbsp;se trata de&nbsp;que el Congreso del Estado cumpla con&nbsp;mandato&nbsp;legal y no haga como&nbsp;que&nbsp;la Virgen le habla al o\u00eddo,&nbsp;\u00bfcomo no cumplir lo que ellos mismos indican? \u00bfPorqu\u00e9 las y los \u201cpresuntos\u201d opositores&nbsp;callan como momias? Se puede entender la \u201cdisciplina\u201d de las y los diputados oficialistas, sin embargo, hay que recordar que a nivel federal el principal impulsor de esa figura de participaci\u00f3n ciudadana fue el&nbsp;partido&nbsp;morena acompa\u00f1ado por sus aliados PV y PT, \u00bfentonces que&nbsp;sucede en&nbsp;Veracruz?<\/p>\n\n\n\n<p>La realidad&nbsp;es una verg\u00fcenza los malabares ling\u00fc\u00edsticos y la verborrea \u201cjur\u00eddica\u201d para justificar lo injustificable,&nbsp;\u00bfcu\u00e1l es el temor?&nbsp;El TEV fue muy claro y resolvi\u00f3:&nbsp;<\/p>\n\n\n\n<p>\u201cSe advierte que, si no existe ley secundaria a la que seRefiere el decreto 867 mencionado, el actor y la ciudadan\u00eda no&nbsp;podr\u00e1 ejercer su derecho a votar en la revocaci\u00f3n de mandato&nbsp;de la gubernatura, por lo que este Tribunal considera que,&nbsp;nuestra competencia y conforme a la&nbsp;litisplanteada es contribuir&nbsp;para&nbsp;que&nbsp;la autoridad responsable, -en este caso el&nbsp;Congreso del Estado-, emita la ley secundaria a que se oblig\u00f3&nbsp;en el referido decreto\u201d.<\/p>\n\n\n\n<p>\u00bfY cual es el&nbsp;Decreto?<\/p>\n\n\n\n<p>Es el Decreto 867&nbsp;que reforma diversos art\u00edculos&nbsp;de la Constituci\u00f3n Pol\u00edtica del Estado de Veracruz en materia de incorporaci\u00f3n&nbsp;de revocaci\u00f3n de mandato, mismo que se aprob\u00f3 el 19&nbsp;de Octubre de 2021&nbsp;y se public\u00f3 en la Gaceta Oficial del Estado el&nbsp;18 de Noviembre de 2021, mismo Decreto que en&nbsp;el&nbsp;transitorio&nbsp;SEGUNDO se\u00f1ala:&nbsp;<\/p>\n\n\n\n<p>SEGUNDO.&nbsp;<strong>Dentro de los 180 d\u00edas posteriores a la entrada<\/strong><strong>&nbsp;<\/strong><strong>en vigor del presente Decreto, el Congreso del Estado<\/strong><strong>&nbsp;<\/strong><strong>deber\u00e1 expedir la normatividad&nbsp;<\/strong><strong>procedimental<\/strong><strong>&nbsp;en materia<\/strong><strong>&nbsp;<\/strong><strong>de revocaci\u00f3n de mandato&nbsp;<\/strong>a que se refieren los&nbsp;art\u00edculos&nbsp;15 fracci\u00f3n&nbsp;VI&nbsp;fracci\u00f3n j) y 17&nbsp;p\u00e1rrafo&nbsp;tercero; as\u00ed mismo&nbsp;emitir\u00e1 las adecuaciones a la legislaci\u00f3n que resultennecesarias&nbsp;a efecto de armonizar el contenido del presenteDecreto al orden jur\u00eddico veracruzano\u201d.<\/p>\n\n\n\n<p>\u00bfAcaso ni ellos mismos se har\u00e1n caso?&nbsp;\u00bf Est\u00e1n a la espera de alguna se\u00f1al que salga de Palacio de Gobierno?&nbsp;\u00bfPueden ser omisos de manera burda sin sanci\u00f3n alguna?&nbsp;\u00bfA&nbsp;quien protegen? \u00bfO acaso solo se protegen ellos mismos&nbsp;de no&nbsp;contrariar&nbsp;a la&nbsp;primera&nbsp;mujer que es Titular del Poder Ejecutivo&nbsp;Estatal&nbsp;?&nbsp;\u00bfAcaso pensar en su futura reelecci\u00f3n les nubla la vista y la raz\u00f3n?&nbsp;\u00bfAcaso no son representantes populares y respetuosos de las reformas&nbsp;que ellos mismos expiden?&nbsp;\u00bfNo tienen el valor o se hacen?<\/p>\n\n\n\n<p>M\u00e1s all\u00e1 de que existan grupos&nbsp;de ciudadanos con alg\u00fan inter\u00e9s de impulsar la revocaci\u00f3n de mandato, &#8211;&nbsp;lo cierto es que en&nbsp;su momento&nbsp;en&nbsp;Veracruz&nbsp;la participaci\u00f3n ciudadana en la figura de plebiscito fue impulsada por el gobierno de Miguel Alem\u00e1n&nbsp;y la revocaci\u00f3n de mandato a nivel federal fue impulsada por el presidente de la rep\u00fablica&nbsp;&#8211;&nbsp;el Congreso del&nbsp;Estado&nbsp;debe&nbsp;hacerse caso a ellos mismos y hacer caso a lo que mandata el Tribunal Electoral en su&nbsp;resoluci\u00f3n&nbsp;que a la letra dice:&nbsp;<\/p>\n\n\n\n<p>\u201cDado que, al tratarse de un tema de derechos humanos,&nbsp;se requiere de la expedici\u00f3n de una ley tanto en sentido formalcomo material y no obra en autos constancia alguna de que el&nbsp;\u00f3rgano legislativo responsable haya expedido, la normativa&nbsp;secundaria que reglamente el mencionado derecho pol\u00edtico&nbsp;consagrado primigeniamente en la Constituci\u00f3n Federal y&nbsp;despu\u00e9s en la Local\u201d.<\/p>\n\n\n\n<p>\u00bfAcaso&nbsp;ser\u00e1&nbsp;necesario que&nbsp;un marciano de Marte gire instrucciones?&nbsp;\u00bfSera&nbsp;necesario&nbsp;m\u00e1s tazas de caf\u00e9 veracruzano \u2013 antes de que se lo acaben los marcianos-&nbsp;en las oficinas de la Comisi\u00f3n responsable y despu\u00e9s en el Pleno para que&nbsp;cumpla lo que resolvi\u00f3 el Tribunal Electoral? Tal parece que a nadie le ocupa ni le preocupa&nbsp;ni el TEV,&nbsp;ni la opini\u00f3n de grupos de ciudadanos&nbsp;ni incumplir un mandamiento que el propio Congreso&nbsp;se\u00f1al\u00f3.<\/p>\n\n\n\n<p>La propia Gobernadora Roc\u00edo&nbsp;Nahle&nbsp;Garc\u00eda ha manifestado su mayor&nbsp;disposici\u00f3n&nbsp;a someterse&nbsp;a la revocaci\u00f3n de mandato e incluso presumi\u00f3 que los cargos de elecci\u00f3n popular que ha tenido han sido&nbsp;por mayor\u00eda relativa, esto es, ha ido a&nbsp;buscar el voto popular y lo ha obtenido por abrumadora mayor\u00eda, \u00bfentonces?&nbsp;Y que no salga alguna diputada o&nbsp;diputado&nbsp;lambisc\u00f3n, zalamero y queda bien a decir que ya&nbsp;est\u00e1 esa figura de participaci\u00f3n ciudadana en la constituci\u00f3n de Veracruz &nbsp;por que ese no es el tema, el tema es que no hay ley reglamentaria, como lo&nbsp;se\u00f1al\u00f3&nbsp;la autoridad electoral:&nbsp;<\/p>\n\n\n\n<p>\u201cEste derecho de la sociedad est\u00e1 vigente desde que sepublic\u00f3 en la Gaceta Oficial del Estado y solamente hace falta&nbsp;la creaci\u00f3n de la norma secundaria para que, en su caso, la&nbsp;sociedad lo haga valer si a su juicio lo considera conveniente&nbsp;y&nbsp;si cumple con los requisitos establecidos por la legislaci\u00f3n\u201d.<\/p>\n\n\n\n<p>Algunos dicen que en las noches se oye un canto en&nbsp;la calle Encanto que a la letra dice:&nbsp;<\/p>\n\n\n\n<p>\u201cLa gente me se\u00f1ala<\/p>\n\n\n\n<p>Me apunta con el dedo<\/p>\n\n\n\n<p>Susurra a mis espaldas<\/p>\n\n\n\n<p>Y a m\u00ed me importa un bledo<\/p>\n\n\n\n<p>\u00bfQu\u00e9 m\u00e1s me da?<\/p>\n\n\n\n<p>Si soy&nbsp;distinto&nbsp;a ellos<\/p>\n\n\n\n<p>No soy de nadie<\/p>\n\n\n\n<p>No tengo due\u00f1o\u201d<\/p>\n\n\n\n<p>\u201c\u00bfA qui\u00e9n le importa lo que yo haga?<\/p>\n\n\n\n<p>\u00bfA qui\u00e9n le importa lo que yo diga?<\/p>\n\n\n\n<p>Yo soy as\u00ed, as\u00ed seguir\u00e9<\/p>\n\n\n\n<p>Nunca cambiar\u00e9<\/p>\n\n\n\n<p>\u00bfA qui\u00e9n le importa lo que yo haga?<\/p>\n\n\n\n<p>\u00bfA qui\u00e9n le importa lo que yo diga?<\/p>\n\n\n\n<p>Yo soy as\u00ed, as\u00ed seguir\u00e9<\/p>\n\n\n\n<p>Nunca cambiar\u00e9\u201d.<\/p>\n\n\n\n<p>\u00bfA quien le importa? La respuesta es&nbsp;que la&nbsp;revocaci\u00f3n&nbsp;de mandato&nbsp;es un derecho a ejercer de&nbsp;los ciudadanos, impulsar una mayor y mejor cultura democr\u00e1tica es responsabilidad del Congreso del Estado&nbsp;y los m\u00e1s&nbsp;obligados a respetar el Estado de&nbsp;Derecho&nbsp;son aquellas y aquellos que tienen el privilegio&nbsp;de tener una curul con todo lo que eso significa e implica, &nbsp;el Tribunal Electoral fue muy claro y concreto en su&nbsp;resoluci\u00f3n&nbsp;del pasado 1 de Abril:<\/p>\n\n\n\n<p>\u201cLas consideraciones anteriores permiten declarar laexistencia de una omisi\u00f3n absoluta atribuida al Congreso delEstado, respecto a la emisi\u00f3n de la legislaci\u00f3n secundaria enmateria de Revocaci\u00f3n de Mandato de quien ocupe laTitularidad del Poder Ejecutivo del Estado de Veracruz, deAcuerdo a lo mandatado por la Constituci\u00f3n local\u201d.<\/p>\n\n\n\n<p>\u00bfPor qu\u00e9 si el principal impulsor de la figura de revocaci\u00f3n de mandato fue el l\u00edder moral y fundador del movimiento-partido&nbsp;que ha permitido que&nbsp;muchos disfruten de las mieles del poder no han seguido su ejemplo en&nbsp;ese aspecto? \u00bfPor qu\u00e9 la voz&nbsp;que m\u00e1s toca el tema de manera p\u00fablica es un Senador miembro del&nbsp;partido&nbsp;en el poder y&nbsp;la oposici\u00f3n&nbsp;est\u00e1 solo como la \u201cPuerta de&nbsp;Alcal\u00e1\u201d&nbsp;:&nbsp;<\/p>\n\n\n\n<p>\u201cah\u00ed est\u00e1&nbsp;ah\u00ed est\u00e1,&nbsp;viendo pasar el tiempo\u201d.<\/p>\n\n\n\n<p>\u00bfAcaso las y los diputados no saben que ellos mismos&nbsp;se pusieron 180&nbsp;d\u00edas&nbsp;para&nbsp;\u201cexpedir la&nbsp;normatividadprocedimental&nbsp;en materia de revocaci\u00f3n de mandato\u201d?<\/p>\n\n\n\n<p>El Tribunal Electoral de Veracruz&nbsp;fue contundente&nbsp;y&nbsp;resolvi\u00f3en su punto segundo:&nbsp;<\/p>\n\n\n\n<p>SEGUNDO.<strong>&nbsp;Se declara fundada&nbsp;<\/strong><strong>la&nbsp;<\/strong><strong>omisi\u00f3n legislativa<\/strong><strong><\/strong><strong>a<\/strong><strong>tribuida al Congreso del Estado de Veracruz<\/strong>, de expedir una&nbsp;Ley reglamentaria en la que se haga efectivo el derecho de la&nbsp;ciudadan\u00eda de votar en materia de \u201crevocaci\u00f3n de mandato\u201d&nbsp;por lo que se da vista para los efectos legales a los que haya&nbsp;Lugar\u201d.<\/p>\n\n\n\n<p>La Gobernadora Roc\u00edo&nbsp;Nahle&nbsp;lleg\u00f3 al poder con toda la&nbsp;fuerza&nbsp;que le dieron m\u00e1s de 2 millones de votos y ganar de manera abrumadora, ser\u00e1 su trabajo y los resultados que perciba la poblaci\u00f3n su mejor aval de cara a su futuro pol\u00edtico, &nbsp;eso no est\u00e1 a discusi\u00f3n, la discusi\u00f3n es la OMISI\u00d3N&nbsp;en que incurren&nbsp;de manera irresponsable, \u00bfo como se le puede llamar a las &nbsp;Diputadas y Diputados&nbsp;del Honorable Congreso del Estado?<\/p>\n\n\n\n<p>P.D.- Con el \u00e1nimo&nbsp;que no sean omisos ni sumisos&nbsp;quienes juraron \u201cCumplir&nbsp;y&nbsp;hacer&nbsp;cumplir la Constituci\u00f3n&nbsp;y las leyes que de ella emanen\u201d\u2026Escribir\u00e9 otro d\u00eda.<\/p>\n","protected":false},"excerpt":{"rendered":"<p>Vicente Luna Hern\u00e1ndez El pasado 1 de Abril del a\u00f1o en curso, el Tribunal Electoral de&nbsp;Veracruz&nbsp;resolvi\u00f3 el&nbsp;JUICIO PARA LA PROTECCI\u00d3N DE LOS DERECHOS POLITICO&nbsp;\u2013&nbsp;ELECTORALES DEL CIUDADANO&nbsp;BAJO EL EXPEDIENTE: TEV-&nbsp;JDC \u2013 18\/2025&nbsp;en&nbsp;relaci\u00f3n&nbsp;a&nbsp;la presunta omisi\u00f3n&nbsp;del Congreso del Estado de Veracruz, de no haber armonizado&nbsp;desde el a\u00f1o dos mil diecinueve,&nbsp;el texto&nbsp;de la Constituci\u00f3n del&nbsp;Estado de Veracruz, conforme a [&hellip;]<\/p>\n","protected":false},"author":2,"featured_media":141415,"comment_status":"closed","ping_status":"closed","sticky":false,"template":"","format":"standard","meta":{"tdm_status":"","tdm_grid_status":"","footnotes":""},"categories":[70],"tags":[14240,195],"class_list":{"0":"post-153552","1":"post","2":"type-post","3":"status-publish","4":"format-standard","5":"has-post-thumbnail","7":"category-de-opinion","8":"tag-revocacion-de-mandato","9":"tag-veracruz"},"yoast_head":"<!-- This site is optimized with the Yoast SEO plugin v27.4 - https:\/\/yoast.com\/product\/yoast-seo-wordpress\/ -->\n<title>REVOCACI\u00d3N DE MANDATO, OMISI\u00d3N ABSOLUTA\u2026\u00a0\u00bfY? - Los pol\u00edticos Veracruz<\/title>\n<meta name=\"robots\" content=\"index, follow, max-snippet:-1, max-image-preview:large, max-video-preview:-1\" \/>\n<link rel=\"canonical\" href=\"https:\/\/lospoliticosveracruz.com\/?p=153552\" \/>\n<meta property=\"og:locale\" content=\"es_ES\" \/>\n<meta property=\"og:type\" content=\"article\" \/>\n<meta property=\"og:title\" content=\"REVOCACI\u00d3N DE MANDATO, OMISI\u00d3N ABSOLUTA\u2026\u00a0\u00bfY? - Los pol\u00edticos Veracruz\" \/>\n<meta property=\"og:description\" content=\"Vicente Luna Hern\u00e1ndez El pasado 1 de Abril del a\u00f1o en curso, el Tribunal Electoral de&nbsp;Veracruz&nbsp;resolvi\u00f3 el&nbsp;JUICIO PARA LA PROTECCI\u00d3N DE LOS DERECHOS POLITICO&nbsp;\u2013&nbsp;ELECTORALES DEL CIUDADANO&nbsp;BAJO EL EXPEDIENTE: TEV-&nbsp;JDC \u2013 18\/2025&nbsp;en&nbsp;relaci\u00f3n&nbsp;a&nbsp;la presunta omisi\u00f3n&nbsp;del Congreso del Estado de Veracruz, de no haber armonizado&nbsp;desde el a\u00f1o dos mil diecinueve,&nbsp;el texto&nbsp;de la Constituci\u00f3n del&nbsp;Estado de Veracruz, conforme a [&hellip;]\" \/>\n<meta property=\"og:url\" content=\"https:\/\/lospoliticosveracruz.com\/?p=153552\" \/>\n<meta property=\"og:site_name\" content=\"Los pol\u00edticos Veracruz\" \/>\n<meta property=\"article:publisher\" content=\"https:\/\/www.facebook.com\/people\/Notimemes-de-los-Polticos\/61565672886568\/\" \/>\n<meta property=\"article:published_time\" content=\"2025-10-01T12:48:30+00:00\" \/>\n<meta property=\"article:modified_time\" content=\"2025-10-01T12:48:55+00:00\" \/>\n<meta property=\"og:image\" content=\"https:\/\/lospoliticosveracruz.com\/wp-content\/uploads\/2025\/04\/Vicente-Luna-Hernandez.jpg\" \/>\n\t<meta property=\"og:image:width\" content=\"1250\" \/>\n\t<meta property=\"og:image:height\" content=\"667\" \/>\n\t<meta property=\"og:image:type\" content=\"image\/jpeg\" \/>\n<meta name=\"author\" content=\"Lo viste en Los Pol\u00edticos\" \/>\n<meta name=\"twitter:card\" content=\"summary_large_image\" \/>\n<meta name=\"twitter:creator\" content=\"@LosPoliticosVer\" \/>\n<meta name=\"twitter:site\" content=\"@LosPoliticosVer\" \/>\n<meta name=\"twitter:label1\" content=\"Escrito por\" \/>\n\t<meta name=\"twitter:data1\" content=\"Lo viste en Los Pol\u00edticos\" \/>\n\t<meta name=\"twitter:label2\" content=\"Tiempo de lectura\" \/>\n\t<meta name=\"twitter:data2\" content=\"9 minutos\" \/>\n<script type=\"application\/ld+json\" class=\"yoast-schema-graph\">{\"@context\":\"https:\\\/\\\/schema.org\",\"@graph\":[{\"@type\":\"Article\",\"@id\":\"https:\\\/\\\/lospoliticosveracruz.com\\\/?p=153552#article\",\"isPartOf\":{\"@id\":\"https:\\\/\\\/lospoliticosveracruz.com\\\/?p=153552\"},\"author\":{\"name\":\"Lo viste en Los Pol\u00edticos\",\"@id\":\"https:\\\/\\\/lospoliticosveracruz.com\\\/#\\\/schema\\\/person\\\/b8702bb0e538456e6efd07080bf2a4a2\"},\"headline\":\"REVOCACI\u00d3N DE MANDATO, OMISI\u00d3N ABSOLUTA\u2026\u00a0\u00bfY?\",\"datePublished\":\"2025-10-01T12:48:30+00:00\",\"dateModified\":\"2025-10-01T12:48:55+00:00\",\"mainEntityOfPage\":{\"@id\":\"https:\\\/\\\/lospoliticosveracruz.com\\\/?p=153552\"},\"wordCount\":1778,\"publisher\":{\"@id\":\"https:\\\/\\\/lospoliticosveracruz.com\\\/#organization\"},\"image\":{\"@id\":\"https:\\\/\\\/lospoliticosveracruz.com\\\/?p=153552#primaryimage\"},\"thumbnailUrl\":\"https:\\\/\\\/lospoliticosveracruz.com\\\/wp-content\\\/uploads\\\/2025\\\/04\\\/Vicente-Luna-Hernandez.jpg\",\"keywords\":[\"Revocaci\u00f3n de Mandato\",\"Veracruz\"],\"articleSection\":[\"De Opini\u00f3n\"],\"inLanguage\":\"es\"},{\"@type\":\"WebPage\",\"@id\":\"https:\\\/\\\/lospoliticosveracruz.com\\\/?p=153552\",\"url\":\"https:\\\/\\\/lospoliticosveracruz.com\\\/?p=153552\",\"name\":\"REVOCACI\u00d3N DE MANDATO, OMISI\u00d3N ABSOLUTA\u2026\u00a0\u00bfY? - Los pol\u00edticos Veracruz\",\"isPartOf\":{\"@id\":\"https:\\\/\\\/lospoliticosveracruz.com\\\/#website\"},\"primaryImageOfPage\":{\"@id\":\"https:\\\/\\\/lospoliticosveracruz.com\\\/?p=153552#primaryimage\"},\"image\":{\"@id\":\"https:\\\/\\\/lospoliticosveracruz.com\\\/?p=153552#primaryimage\"},\"thumbnailUrl\":\"https:\\\/\\\/lospoliticosveracruz.com\\\/wp-content\\\/uploads\\\/2025\\\/04\\\/Vicente-Luna-Hernandez.jpg\",\"datePublished\":\"2025-10-01T12:48:30+00:00\",\"dateModified\":\"2025-10-01T12:48:55+00:00\",\"breadcrumb\":{\"@id\":\"https:\\\/\\\/lospoliticosveracruz.com\\\/?p=153552#breadcrumb\"},\"inLanguage\":\"es\",\"potentialAction\":[{\"@type\":\"ReadAction\",\"target\":[\"https:\\\/\\\/lospoliticosveracruz.com\\\/?p=153552\"]}]},{\"@type\":\"ImageObject\",\"inLanguage\":\"es\",\"@id\":\"https:\\\/\\\/lospoliticosveracruz.com\\\/?p=153552#primaryimage\",\"url\":\"https:\\\/\\\/lospoliticosveracruz.com\\\/wp-content\\\/uploads\\\/2025\\\/04\\\/Vicente-Luna-Hernandez.jpg\",\"contentUrl\":\"https:\\\/\\\/lospoliticosveracruz.com\\\/wp-content\\\/uploads\\\/2025\\\/04\\\/Vicente-Luna-Hernandez.jpg\",\"width\":1250,\"height\":667},{\"@type\":\"BreadcrumbList\",\"@id\":\"https:\\\/\\\/lospoliticosveracruz.com\\\/?p=153552#breadcrumb\",\"itemListElement\":[{\"@type\":\"ListItem\",\"position\":1,\"name\":\"Portada\",\"item\":\"https:\\\/\\\/lospoliticosveracruz.com\\\/\"},{\"@type\":\"ListItem\",\"position\":2,\"name\":\"REVOCACI\u00d3N DE MANDATO, OMISI\u00d3N ABSOLUTA\u2026\u00a0\u00bfY?\"}]},{\"@type\":\"WebSite\",\"@id\":\"https:\\\/\\\/lospoliticosveracruz.com\\\/#website\",\"url\":\"https:\\\/\\\/lospoliticosveracruz.com\\\/\",\"name\":\"Los pol\u00edticos Veracruz\",\"description\":\"\",\"publisher\":{\"@id\":\"https:\\\/\\\/lospoliticosveracruz.com\\\/#organization\"},\"potentialAction\":[{\"@type\":\"SearchAction\",\"target\":{\"@type\":\"EntryPoint\",\"urlTemplate\":\"https:\\\/\\\/lospoliticosveracruz.com\\\/?s={search_term_string}\"},\"query-input\":{\"@type\":\"PropertyValueSpecification\",\"valueRequired\":true,\"valueName\":\"search_term_string\"}}],\"inLanguage\":\"es\"},{\"@type\":\"Organization\",\"@id\":\"https:\\\/\\\/lospoliticosveracruz.com\\\/#organization\",\"name\":\"Los pol\u00edticos Veracruz\",\"url\":\"https:\\\/\\\/lospoliticosveracruz.com\\\/\",\"logo\":{\"@type\":\"ImageObject\",\"inLanguage\":\"es\",\"@id\":\"https:\\\/\\\/lospoliticosveracruz.com\\\/#\\\/schema\\\/logo\\\/image\\\/\",\"url\":\"https:\\\/\\\/lospoliticosveracruz.com\\\/wp-content\\\/uploads\\\/2025\\\/12\\\/Logo-Nuevo-LOS-POLITICOS-1.jpg\",\"contentUrl\":\"https:\\\/\\\/lospoliticosveracruz.com\\\/wp-content\\\/uploads\\\/2025\\\/12\\\/Logo-Nuevo-LOS-POLITICOS-1.jpg\",\"width\":260,\"height\":70,\"caption\":\"Los pol\u00edticos Veracruz\"},\"image\":{\"@id\":\"https:\\\/\\\/lospoliticosveracruz.com\\\/#\\\/schema\\\/logo\\\/image\\\/\"},\"sameAs\":[\"https:\\\/\\\/www.facebook.com\\\/people\\\/Notimemes-de-los-Polticos\\\/61565672886568\\\/\",\"https:\\\/\\\/x.com\\\/LosPoliticosVer\"]},{\"@type\":\"Person\",\"@id\":\"https:\\\/\\\/lospoliticosveracruz.com\\\/#\\\/schema\\\/person\\\/b8702bb0e538456e6efd07080bf2a4a2\",\"name\":\"Lo viste en Los Pol\u00edticos\",\"image\":{\"@type\":\"ImageObject\",\"inLanguage\":\"es\",\"@id\":\"https:\\\/\\\/secure.gravatar.com\\\/avatar\\\/3a8de04a2656d44082be478bd6c086daa447c4651605818287b9532d3d0bd435?s=96&d=mm&r=g\",\"url\":\"https:\\\/\\\/secure.gravatar.com\\\/avatar\\\/3a8de04a2656d44082be478bd6c086daa447c4651605818287b9532d3d0bd435?s=96&d=mm&r=g\",\"contentUrl\":\"https:\\\/\\\/secure.gravatar.com\\\/avatar\\\/3a8de04a2656d44082be478bd6c086daa447c4651605818287b9532d3d0bd435?s=96&d=mm&r=g\",\"caption\":\"Lo viste en Los Pol\u00edticos\"},\"url\":\"https:\\\/\\\/lospoliticosveracruz.com\\\/?author=2\"}]}<\/script>\n<!-- \/ Yoast SEO plugin. -->","yoast_head_json":{"title":"REVOCACI\u00d3N DE MANDATO, OMISI\u00d3N ABSOLUTA\u2026\u00a0\u00bfY? - Los pol\u00edticos Veracruz","robots":{"index":"index","follow":"follow","max-snippet":"max-snippet:-1","max-image-preview":"max-image-preview:large","max-video-preview":"max-video-preview:-1"},"canonical":"https:\/\/lospoliticosveracruz.com\/?p=153552","og_locale":"es_ES","og_type":"article","og_title":"REVOCACI\u00d3N DE MANDATO, OMISI\u00d3N ABSOLUTA\u2026\u00a0\u00bfY? - Los pol\u00edticos Veracruz","og_description":"Vicente Luna Hern\u00e1ndez El pasado 1 de Abril del a\u00f1o en curso, el Tribunal Electoral de&nbsp;Veracruz&nbsp;resolvi\u00f3 el&nbsp;JUICIO PARA LA PROTECCI\u00d3N DE LOS DERECHOS POLITICO&nbsp;\u2013&nbsp;ELECTORALES DEL CIUDADANO&nbsp;BAJO EL EXPEDIENTE: TEV-&nbsp;JDC \u2013 18\/2025&nbsp;en&nbsp;relaci\u00f3n&nbsp;a&nbsp;la presunta omisi\u00f3n&nbsp;del Congreso del Estado de Veracruz, de no haber armonizado&nbsp;desde el a\u00f1o dos mil diecinueve,&nbsp;el texto&nbsp;de la Constituci\u00f3n del&nbsp;Estado de Veracruz, conforme a [&hellip;]","og_url":"https:\/\/lospoliticosveracruz.com\/?p=153552","og_site_name":"Los pol\u00edticos Veracruz","article_publisher":"https:\/\/www.facebook.com\/people\/Notimemes-de-los-Polticos\/61565672886568\/","article_published_time":"2025-10-01T12:48:30+00:00","article_modified_time":"2025-10-01T12:48:55+00:00","og_image":[{"width":1250,"height":667,"url":"https:\/\/lospoliticosveracruz.com\/wp-content\/uploads\/2025\/04\/Vicente-Luna-Hernandez.jpg","type":"image\/jpeg"}],"author":"Lo viste en Los Pol\u00edticos","twitter_card":"summary_large_image","twitter_creator":"@LosPoliticosVer","twitter_site":"@LosPoliticosVer","twitter_misc":{"Escrito por":"Lo viste en Los Pol\u00edticos","Tiempo de lectura":"9 minutos"},"schema":{"@context":"https:\/\/schema.org","@graph":[{"@type":"Article","@id":"https:\/\/lospoliticosveracruz.com\/?p=153552#article","isPartOf":{"@id":"https:\/\/lospoliticosveracruz.com\/?p=153552"},"author":{"name":"Lo viste en Los Pol\u00edticos","@id":"https:\/\/lospoliticosveracruz.com\/#\/schema\/person\/b8702bb0e538456e6efd07080bf2a4a2"},"headline":"REVOCACI\u00d3N DE MANDATO, OMISI\u00d3N ABSOLUTA\u2026\u00a0\u00bfY?","datePublished":"2025-10-01T12:48:30+00:00","dateModified":"2025-10-01T12:48:55+00:00","mainEntityOfPage":{"@id":"https:\/\/lospoliticosveracruz.com\/?p=153552"},"wordCount":1778,"publisher":{"@id":"https:\/\/lospoliticosveracruz.com\/#organization"},"image":{"@id":"https:\/\/lospoliticosveracruz.com\/?p=153552#primaryimage"},"thumbnailUrl":"https:\/\/lospoliticosveracruz.com\/wp-content\/uploads\/2025\/04\/Vicente-Luna-Hernandez.jpg","keywords":["Revocaci\u00f3n de Mandato","Veracruz"],"articleSection":["De Opini\u00f3n"],"inLanguage":"es"},{"@type":"WebPage","@id":"https:\/\/lospoliticosveracruz.com\/?p=153552","url":"https:\/\/lospoliticosveracruz.com\/?p=153552","name":"REVOCACI\u00d3N DE MANDATO, OMISI\u00d3N ABSOLUTA\u2026\u00a0\u00bfY? - Los pol\u00edticos Veracruz","isPartOf":{"@id":"https:\/\/lospoliticosveracruz.com\/#website"},"primaryImageOfPage":{"@id":"https:\/\/lospoliticosveracruz.com\/?p=153552#primaryimage"},"image":{"@id":"https:\/\/lospoliticosveracruz.com\/?p=153552#primaryimage"},"thumbnailUrl":"https:\/\/lospoliticosveracruz.com\/wp-content\/uploads\/2025\/04\/Vicente-Luna-Hernandez.jpg","datePublished":"2025-10-01T12:48:30+00:00","dateModified":"2025-10-01T12:48:55+00:00","breadcrumb":{"@id":"https:\/\/lospoliticosveracruz.com\/?p=153552#breadcrumb"},"inLanguage":"es","potentialAction":[{"@type":"ReadAction","target":["https:\/\/lospoliticosveracruz.com\/?p=153552"]}]},{"@type":"ImageObject","inLanguage":"es","@id":"https:\/\/lospoliticosveracruz.com\/?p=153552#primaryimage","url":"https:\/\/lospoliticosveracruz.com\/wp-content\/uploads\/2025\/04\/Vicente-Luna-Hernandez.jpg","contentUrl":"https:\/\/lospoliticosveracruz.com\/wp-content\/uploads\/2025\/04\/Vicente-Luna-Hernandez.jpg","width":1250,"height":667},{"@type":"BreadcrumbList","@id":"https:\/\/lospoliticosveracruz.com\/?p=153552#breadcrumb","itemListElement":[{"@type":"ListItem","position":1,"name":"Portada","item":"https:\/\/lospoliticosveracruz.com\/"},{"@type":"ListItem","position":2,"name":"REVOCACI\u00d3N DE MANDATO, OMISI\u00d3N ABSOLUTA\u2026\u00a0\u00bfY?"}]},{"@type":"WebSite","@id":"https:\/\/lospoliticosveracruz.com\/#website","url":"https:\/\/lospoliticosveracruz.com\/","name":"Los pol\u00edticos Veracruz","description":"","publisher":{"@id":"https:\/\/lospoliticosveracruz.com\/#organization"},"potentialAction":[{"@type":"SearchAction","target":{"@type":"EntryPoint","urlTemplate":"https:\/\/lospoliticosveracruz.com\/?s={search_term_string}"},"query-input":{"@type":"PropertyValueSpecification","valueRequired":true,"valueName":"search_term_string"}}],"inLanguage":"es"},{"@type":"Organization","@id":"https:\/\/lospoliticosveracruz.com\/#organization","name":"Los pol\u00edticos Veracruz","url":"https:\/\/lospoliticosveracruz.com\/","logo":{"@type":"ImageObject","inLanguage":"es","@id":"https:\/\/lospoliticosveracruz.com\/#\/schema\/logo\/image\/","url":"https:\/\/lospoliticosveracruz.com\/wp-content\/uploads\/2025\/12\/Logo-Nuevo-LOS-POLITICOS-1.jpg","contentUrl":"https:\/\/lospoliticosveracruz.com\/wp-content\/uploads\/2025\/12\/Logo-Nuevo-LOS-POLITICOS-1.jpg","width":260,"height":70,"caption":"Los pol\u00edticos Veracruz"},"image":{"@id":"https:\/\/lospoliticosveracruz.com\/#\/schema\/logo\/image\/"},"sameAs":["https:\/\/www.facebook.com\/people\/Notimemes-de-los-Polticos\/61565672886568\/","https:\/\/x.com\/LosPoliticosVer"]},{"@type":"Person","@id":"https:\/\/lospoliticosveracruz.com\/#\/schema\/person\/b8702bb0e538456e6efd07080bf2a4a2","name":"Lo viste en Los Pol\u00edticos","image":{"@type":"ImageObject","inLanguage":"es","@id":"https:\/\/secure.gravatar.com\/avatar\/3a8de04a2656d44082be478bd6c086daa447c4651605818287b9532d3d0bd435?s=96&d=mm&r=g","url":"https:\/\/secure.gravatar.com\/avatar\/3a8de04a2656d44082be478bd6c086daa447c4651605818287b9532d3d0bd435?s=96&d=mm&r=g","contentUrl":"https:\/\/secure.gravatar.com\/avatar\/3a8de04a2656d44082be478bd6c086daa447c4651605818287b9532d3d0bd435?s=96&d=mm&r=g","caption":"Lo viste en Los Pol\u00edticos"},"url":"https:\/\/lospoliticosveracruz.com\/?author=2"}]}},"_links":{"self":[{"href":"https:\/\/lospoliticosveracruz.com\/index.php?rest_route=\/wp\/v2\/posts\/153552","targetHints":{"allow":["GET"]}}],"collection":[{"href":"https:\/\/lospoliticosveracruz.com\/index.php?rest_route=\/wp\/v2\/posts"}],"about":[{"href":"https:\/\/lospoliticosveracruz.com\/index.php?rest_route=\/wp\/v2\/types\/post"}],"author":[{"embeddable":true,"href":"https:\/\/lospoliticosveracruz.com\/index.php?rest_route=\/wp\/v2\/users\/2"}],"replies":[{"embeddable":true,"href":"https:\/\/lospoliticosveracruz.com\/index.php?rest_route=%2Fwp%2Fv2%2Fcomments&post=153552"}],"version-history":[{"count":1,"href":"https:\/\/lospoliticosveracruz.com\/index.php?rest_route=\/wp\/v2\/posts\/153552\/revisions"}],"predecessor-version":[{"id":153554,"href":"https:\/\/lospoliticosveracruz.com\/index.php?rest_route=\/wp\/v2\/posts\/153552\/revisions\/153554"}],"wp:featuredmedia":[{"embeddable":true,"href":"https:\/\/lospoliticosveracruz.com\/index.php?rest_route=\/wp\/v2\/media\/141415"}],"wp:attachment":[{"href":"https:\/\/lospoliticosveracruz.com\/index.php?rest_route=%2Fwp%2Fv2%2Fmedia&parent=153552"}],"wp:term":[{"taxonomy":"category","embeddable":true,"href":"https:\/\/lospoliticosveracruz.com\/index.php?rest_route=%2Fwp%2Fv2%2Fcategories&post=153552"},{"taxonomy":"post_tag","embeddable":true,"href":"https:\/\/lospoliticosveracruz.com\/index.php?rest_route=%2Fwp%2Fv2%2Ftags&post=153552"}],"curies":[{"name":"wp","href":"https:\/\/api.w.org\/{rel}","templated":true}]}}