{"id":153561,"date":"2025-09-30T23:31:00","date_gmt":"2025-10-01T04:31:00","guid":{"rendered":"https:\/\/lospoliticosveracruz.com.mx\/?p=153561"},"modified":"2025-10-01T08:36:52","modified_gmt":"2025-10-01T13:36:52","slug":"sin-maquillaje-pura-transparencia","status":"publish","type":"post","link":"https:\/\/lospoliticosveracruz.com\/?p=153561","title":{"rendered":"SIN MAQUILLAJE! PURA TRANSPARENCIA"},"content":{"rendered":"\n<p><\/p>\n\n\n\n\n\n<p>El presidente de la Junta de Coordinaci\u00f3n Pol\u00edtica (Jucopo) del Congreso del Estado, diputado Esteban Bautista Hern\u00e1ndez, confirm\u00f3 que este primero de octubre, el \u00d3rgano de Fiscalizaci\u00f3n Superior del Estado (Orfis) entregar\u00e1 a esta soberan\u00eda la Cuenta P\u00fablica 2024, correspondiente a 360 entes fiscalizables.<\/p>\n\n\n\n<p>En entrevista, el legislador rechaz\u00f3 que en el Congreso del Estado puedan maquillarse cuentas p\u00fablicas para favorecer a alg\u00fan servidor p\u00fablico o exfuncionario. \u201cPor el contrario, se trabaja e impulsa la transparencia y rendici\u00f3n de cuentas\u201d, puntualiz\u00f3.<\/p>\n\n\n\n\n\n<p>En caso de que alg\u00fan servidor o exservidor p\u00fablico incurra en irregularidades que hagan presumir da\u00f1o patrimonial, ser\u00e1 la Fiscal\u00eda General del Estado (FGE) la responsable de dar seguimiento al caso. \u201cEn lo que corresponde a los ayuntamientos, la ley aplica tanto al presidente municipal, s\u00edndico y tesorero, lo conveniente es que todos comprueben c\u00f3mo y en qu\u00e9 aplicaron el presupuesto ejercido y eviten problemas futuros\u201d, asever\u00f3 el legislador.<\/p>\n\n\n\n<p>Bautista Hern\u00e1ndez dijo que el Congreso del Estado, a trav\u00e9s de la Comisi\u00f3n de Permanente de Vigilancia, dar\u00e1 el tr\u00e1mite correspondiente al informe que entregue la titular del Orfis, y con el apoyo de la Secretar\u00eda de Fiscalizaci\u00f3n se realizar\u00e1 la revisi\u00f3n tal como lo establece la ley.<\/p>\n\n\n\n<p>El diputado por el Distrito de Cosoleacaque detall\u00f3 que dicha revisi\u00f3n de cuentas incluye a los 212 municipios, Poderes Ejecutivo, Judicial y Legislativo; organismos aut\u00f3nomos y p\u00fablicos descentralizados, as\u00ed como operadores de agua.<\/p>\n\n\n\n<p>Para finalizar, indic\u00f3 que son varios los expedientes que se recibir\u00e1n y que se tendr\u00e1n que analizar para emitir el dictamen respecto a si se aprueba o no la Cuenta P\u00fablica 2024. \u201cLo deseable, dijo, es que todos logren solventar y est\u00e9n tranquilos de que hicieron las cosas bien\u201d, concluy\u00f3.<\/p>\n","protected":false},"excerpt":{"rendered":"<p>El presidente de la Junta de Coordinaci\u00f3n Pol\u00edtica (Jucopo) del Congreso del Estado, diputado Esteban Bautista Hern\u00e1ndez, confirm\u00f3 que este primero de octubre, el \u00d3rgano de Fiscalizaci\u00f3n Superior del Estado (Orfis) entregar\u00e1 a esta soberan\u00eda la Cuenta P\u00fablica 2024, correspondiente a 360 entes fiscalizables. En entrevista, el legislador rechaz\u00f3 que en el Congreso del Estado [&hellip;]<\/p>\n","protected":false},"author":2,"featured_media":153563,"comment_status":"closed","ping_status":"closed","sticky":false,"template":"","format":"standard","meta":{"tdm_status":"","tdm_grid_status":"","footnotes":""},"categories":[43718],"tags":[],"class_list":{"0":"post-153561","1":"post","2":"type-post","3":"status-publish","4":"format-standard","5":"has-post-thumbnail","7":"category-elpalaciodeencanto"},"yoast_head":"<!-- This site is optimized with the Yoast SEO plugin v27.4 - https:\/\/yoast.com\/product\/yoast-seo-wordpress\/ -->\n<title>SIN MAQUILLAJE! PURA TRANSPARENCIA - Los pol\u00edticos Veracruz<\/title>\n<meta name=\"robots\" content=\"index, follow, max-snippet:-1, max-image-preview:large, max-video-preview:-1\" \/>\n<link rel=\"canonical\" href=\"https:\/\/lospoliticosveracruz.com\/?p=153561\" \/>\n<meta property=\"og:locale\" content=\"es_ES\" \/>\n<meta property=\"og:type\" content=\"article\" \/>\n<meta property=\"og:title\" content=\"SIN MAQUILLAJE! PURA TRANSPARENCIA - Los pol\u00edticos Veracruz\" \/>\n<meta property=\"og:description\" content=\"El presidente de la Junta de Coordinaci\u00f3n Pol\u00edtica (Jucopo) del Congreso del Estado, diputado Esteban Bautista Hern\u00e1ndez, confirm\u00f3 que este primero de octubre, el \u00d3rgano de Fiscalizaci\u00f3n Superior del Estado (Orfis) entregar\u00e1 a esta soberan\u00eda la Cuenta P\u00fablica 2024, correspondiente a 360 entes fiscalizables. En entrevista, el legislador rechaz\u00f3 que en el Congreso del Estado [&hellip;]\" \/>\n<meta property=\"og:url\" content=\"https:\/\/lospoliticosveracruz.com\/?p=153561\" \/>\n<meta property=\"og:site_name\" content=\"Los pol\u00edticos Veracruz\" \/>\n<meta property=\"article:publisher\" content=\"https:\/\/www.facebook.com\/people\/Notimemes-de-los-Polticos\/61565672886568\/\" \/>\n<meta property=\"article:published_time\" content=\"2025-10-01T04:31:00+00:00\" \/>\n<meta property=\"article:modified_time\" content=\"2025-10-01T13:36:52+00:00\" \/>\n<meta property=\"og:image\" content=\"https:\/\/lospoliticosveracruz.com\/wp-content\/uploads\/2025\/10\/Esteban-Bautista-Hernandez.jpeg\" \/>\n\t<meta property=\"og:image:width\" content=\"600\" \/>\n\t<meta property=\"og:image:height\" content=\"320\" \/>\n\t<meta property=\"og:image:type\" content=\"image\/jpeg\" \/>\n<meta name=\"author\" content=\"Lo viste en Los Pol\u00edticos\" \/>\n<meta name=\"twitter:card\" content=\"summary_large_image\" \/>\n<meta name=\"twitter:creator\" content=\"@LosPoliticosVer\" \/>\n<meta name=\"twitter:site\" content=\"@LosPoliticosVer\" \/>\n<meta name=\"twitter:label1\" content=\"Escrito por\" \/>\n\t<meta name=\"twitter:data1\" content=\"Lo viste en Los Pol\u00edticos\" \/>\n\t<meta name=\"twitter:label2\" content=\"Tiempo de lectura\" \/>\n\t<meta name=\"twitter:data2\" content=\"2 minutos\" \/>\n<script type=\"application\/ld+json\" class=\"yoast-schema-graph\">{\"@context\":\"https:\\\/\\\/schema.org\",\"@graph\":[{\"@type\":\"Article\",\"@id\":\"https:\\\/\\\/lospoliticosveracruz.com\\\/?p=153561#article\",\"isPartOf\":{\"@id\":\"https:\\\/\\\/lospoliticosveracruz.com\\\/?p=153561\"},\"author\":{\"name\":\"Lo viste en Los Pol\u00edticos\",\"@id\":\"https:\\\/\\\/lospoliticosveracruz.com\\\/#\\\/schema\\\/person\\\/b8702bb0e538456e6efd07080bf2a4a2\"},\"headline\":\"SIN MAQUILLAJE! PURA TRANSPARENCIA\",\"datePublished\":\"2025-10-01T04:31:00+00:00\",\"dateModified\":\"2025-10-01T13:36:52+00:00\",\"mainEntityOfPage\":{\"@id\":\"https:\\\/\\\/lospoliticosveracruz.com\\\/?p=153561\"},\"wordCount\":311,\"publisher\":{\"@id\":\"https:\\\/\\\/lospoliticosveracruz.com\\\/#organization\"},\"image\":{\"@id\":\"https:\\\/\\\/lospoliticosveracruz.com\\\/?p=153561#primaryimage\"},\"thumbnailUrl\":\"https:\\\/\\\/lospoliticosveracruz.com\\\/wp-content\\\/uploads\\\/2025\\\/10\\\/Esteban-Bautista-Hernandez.jpeg\",\"articleSection\":[\"EL PALACIO DE ENCANTO\"],\"inLanguage\":\"es\"},{\"@type\":\"WebPage\",\"@id\":\"https:\\\/\\\/lospoliticosveracruz.com\\\/?p=153561\",\"url\":\"https:\\\/\\\/lospoliticosveracruz.com\\\/?p=153561\",\"name\":\"SIN MAQUILLAJE! PURA TRANSPARENCIA - Los pol\u00edticos Veracruz\",\"isPartOf\":{\"@id\":\"https:\\\/\\\/lospoliticosveracruz.com\\\/#website\"},\"primaryImageOfPage\":{\"@id\":\"https:\\\/\\\/lospoliticosveracruz.com\\\/?p=153561#primaryimage\"},\"image\":{\"@id\":\"https:\\\/\\\/lospoliticosveracruz.com\\\/?p=153561#primaryimage\"},\"thumbnailUrl\":\"https:\\\/\\\/lospoliticosveracruz.com\\\/wp-content\\\/uploads\\\/2025\\\/10\\\/Esteban-Bautista-Hernandez.jpeg\",\"datePublished\":\"2025-10-01T04:31:00+00:00\",\"dateModified\":\"2025-10-01T13:36:52+00:00\",\"breadcrumb\":{\"@id\":\"https:\\\/\\\/lospoliticosveracruz.com\\\/?p=153561#breadcrumb\"},\"inLanguage\":\"es\",\"potentialAction\":[{\"@type\":\"ReadAction\",\"target\":[\"https:\\\/\\\/lospoliticosveracruz.com\\\/?p=153561\"]}]},{\"@type\":\"ImageObject\",\"inLanguage\":\"es\",\"@id\":\"https:\\\/\\\/lospoliticosveracruz.com\\\/?p=153561#primaryimage\",\"url\":\"https:\\\/\\\/lospoliticosveracruz.com\\\/wp-content\\\/uploads\\\/2025\\\/10\\\/Esteban-Bautista-Hernandez.jpeg\",\"contentUrl\":\"https:\\\/\\\/lospoliticosveracruz.com\\\/wp-content\\\/uploads\\\/2025\\\/10\\\/Esteban-Bautista-Hernandez.jpeg\",\"width\":600,\"height\":320},{\"@type\":\"BreadcrumbList\",\"@id\":\"https:\\\/\\\/lospoliticosveracruz.com\\\/?p=153561#breadcrumb\",\"itemListElement\":[{\"@type\":\"ListItem\",\"position\":1,\"name\":\"Portada\",\"item\":\"https:\\\/\\\/lospoliticosveracruz.com\\\/\"},{\"@type\":\"ListItem\",\"position\":2,\"name\":\"SIN MAQUILLAJE! PURA TRANSPARENCIA\"}]},{\"@type\":\"WebSite\",\"@id\":\"https:\\\/\\\/lospoliticosveracruz.com\\\/#website\",\"url\":\"https:\\\/\\\/lospoliticosveracruz.com\\\/\",\"name\":\"Los pol\u00edticos Veracruz\",\"description\":\"\",\"publisher\":{\"@id\":\"https:\\\/\\\/lospoliticosveracruz.com\\\/#organization\"},\"potentialAction\":[{\"@type\":\"SearchAction\",\"target\":{\"@type\":\"EntryPoint\",\"urlTemplate\":\"https:\\\/\\\/lospoliticosveracruz.com\\\/?s={search_term_string}\"},\"query-input\":{\"@type\":\"PropertyValueSpecification\",\"valueRequired\":true,\"valueName\":\"search_term_string\"}}],\"inLanguage\":\"es\"},{\"@type\":\"Organization\",\"@id\":\"https:\\\/\\\/lospoliticosveracruz.com\\\/#organization\",\"name\":\"Los pol\u00edticos Veracruz\",\"url\":\"https:\\\/\\\/lospoliticosveracruz.com\\\/\",\"logo\":{\"@type\":\"ImageObject\",\"inLanguage\":\"es\",\"@id\":\"https:\\\/\\\/lospoliticosveracruz.com\\\/#\\\/schema\\\/logo\\\/image\\\/\",\"url\":\"https:\\\/\\\/lospoliticosveracruz.com\\\/wp-content\\\/uploads\\\/2025\\\/12\\\/Logo-Nuevo-LOS-POLITICOS-1.jpg\",\"contentUrl\":\"https:\\\/\\\/lospoliticosveracruz.com\\\/wp-content\\\/uploads\\\/2025\\\/12\\\/Logo-Nuevo-LOS-POLITICOS-1.jpg\",\"width\":260,\"height\":70,\"caption\":\"Los pol\u00edticos Veracruz\"},\"image\":{\"@id\":\"https:\\\/\\\/lospoliticosveracruz.com\\\/#\\\/schema\\\/logo\\\/image\\\/\"},\"sameAs\":[\"https:\\\/\\\/www.facebook.com\\\/people\\\/Notimemes-de-los-Polticos\\\/61565672886568\\\/\",\"https:\\\/\\\/x.com\\\/LosPoliticosVer\"]},{\"@type\":\"Person\",\"@id\":\"https:\\\/\\\/lospoliticosveracruz.com\\\/#\\\/schema\\\/person\\\/b8702bb0e538456e6efd07080bf2a4a2\",\"name\":\"Lo viste en Los Pol\u00edticos\",\"image\":{\"@type\":\"ImageObject\",\"inLanguage\":\"es\",\"@id\":\"https:\\\/\\\/secure.gravatar.com\\\/avatar\\\/3a8de04a2656d44082be478bd6c086daa447c4651605818287b9532d3d0bd435?s=96&d=mm&r=g\",\"url\":\"https:\\\/\\\/secure.gravatar.com\\\/avatar\\\/3a8de04a2656d44082be478bd6c086daa447c4651605818287b9532d3d0bd435?s=96&d=mm&r=g\",\"contentUrl\":\"https:\\\/\\\/secure.gravatar.com\\\/avatar\\\/3a8de04a2656d44082be478bd6c086daa447c4651605818287b9532d3d0bd435?s=96&d=mm&r=g\",\"caption\":\"Lo viste en Los Pol\u00edticos\"},\"url\":\"https:\\\/\\\/lospoliticosveracruz.com\\\/?author=2\"}]}<\/script>\n<!-- \/ Yoast SEO plugin. -->","yoast_head_json":{"title":"SIN MAQUILLAJE! PURA TRANSPARENCIA - Los pol\u00edticos Veracruz","robots":{"index":"index","follow":"follow","max-snippet":"max-snippet:-1","max-image-preview":"max-image-preview:large","max-video-preview":"max-video-preview:-1"},"canonical":"https:\/\/lospoliticosveracruz.com\/?p=153561","og_locale":"es_ES","og_type":"article","og_title":"SIN MAQUILLAJE! PURA TRANSPARENCIA - Los pol\u00edticos Veracruz","og_description":"El presidente de la Junta de Coordinaci\u00f3n Pol\u00edtica (Jucopo) del Congreso del Estado, diputado Esteban Bautista Hern\u00e1ndez, confirm\u00f3 que este primero de octubre, el \u00d3rgano de Fiscalizaci\u00f3n Superior del Estado (Orfis) entregar\u00e1 a esta soberan\u00eda la Cuenta P\u00fablica 2024, correspondiente a 360 entes fiscalizables. En entrevista, el legislador rechaz\u00f3 que en el Congreso del Estado [&hellip;]","og_url":"https:\/\/lospoliticosveracruz.com\/?p=153561","og_site_name":"Los pol\u00edticos Veracruz","article_publisher":"https:\/\/www.facebook.com\/people\/Notimemes-de-los-Polticos\/61565672886568\/","article_published_time":"2025-10-01T04:31:00+00:00","article_modified_time":"2025-10-01T13:36:52+00:00","og_image":[{"width":600,"height":320,"url":"https:\/\/lospoliticosveracruz.com\/wp-content\/uploads\/2025\/10\/Esteban-Bautista-Hernandez.jpeg","type":"image\/jpeg"}],"author":"Lo viste en Los Pol\u00edticos","twitter_card":"summary_large_image","twitter_creator":"@LosPoliticosVer","twitter_site":"@LosPoliticosVer","twitter_misc":{"Escrito por":"Lo viste en Los Pol\u00edticos","Tiempo de lectura":"2 minutos"},"schema":{"@context":"https:\/\/schema.org","@graph":[{"@type":"Article","@id":"https:\/\/lospoliticosveracruz.com\/?p=153561#article","isPartOf":{"@id":"https:\/\/lospoliticosveracruz.com\/?p=153561"},"author":{"name":"Lo viste en Los Pol\u00edticos","@id":"https:\/\/lospoliticosveracruz.com\/#\/schema\/person\/b8702bb0e538456e6efd07080bf2a4a2"},"headline":"SIN MAQUILLAJE! PURA TRANSPARENCIA","datePublished":"2025-10-01T04:31:00+00:00","dateModified":"2025-10-01T13:36:52+00:00","mainEntityOfPage":{"@id":"https:\/\/lospoliticosveracruz.com\/?p=153561"},"wordCount":311,"publisher":{"@id":"https:\/\/lospoliticosveracruz.com\/#organization"},"image":{"@id":"https:\/\/lospoliticosveracruz.com\/?p=153561#primaryimage"},"thumbnailUrl":"https:\/\/lospoliticosveracruz.com\/wp-content\/uploads\/2025\/10\/Esteban-Bautista-Hernandez.jpeg","articleSection":["EL PALACIO DE ENCANTO"],"inLanguage":"es"},{"@type":"WebPage","@id":"https:\/\/lospoliticosveracruz.com\/?p=153561","url":"https:\/\/lospoliticosveracruz.com\/?p=153561","name":"SIN MAQUILLAJE! PURA TRANSPARENCIA - Los pol\u00edticos Veracruz","isPartOf":{"@id":"https:\/\/lospoliticosveracruz.com\/#website"},"primaryImageOfPage":{"@id":"https:\/\/lospoliticosveracruz.com\/?p=153561#primaryimage"},"image":{"@id":"https:\/\/lospoliticosveracruz.com\/?p=153561#primaryimage"},"thumbnailUrl":"https:\/\/lospoliticosveracruz.com\/wp-content\/uploads\/2025\/10\/Esteban-Bautista-Hernandez.jpeg","datePublished":"2025-10-01T04:31:00+00:00","dateModified":"2025-10-01T13:36:52+00:00","breadcrumb":{"@id":"https:\/\/lospoliticosveracruz.com\/?p=153561#breadcrumb"},"inLanguage":"es","potentialAction":[{"@type":"ReadAction","target":["https:\/\/lospoliticosveracruz.com\/?p=153561"]}]},{"@type":"ImageObject","inLanguage":"es","@id":"https:\/\/lospoliticosveracruz.com\/?p=153561#primaryimage","url":"https:\/\/lospoliticosveracruz.com\/wp-content\/uploads\/2025\/10\/Esteban-Bautista-Hernandez.jpeg","contentUrl":"https:\/\/lospoliticosveracruz.com\/wp-content\/uploads\/2025\/10\/Esteban-Bautista-Hernandez.jpeg","width":600,"height":320},{"@type":"BreadcrumbList","@id":"https:\/\/lospoliticosveracruz.com\/?p=153561#breadcrumb","itemListElement":[{"@type":"ListItem","position":1,"name":"Portada","item":"https:\/\/lospoliticosveracruz.com\/"},{"@type":"ListItem","position":2,"name":"SIN MAQUILLAJE! PURA TRANSPARENCIA"}]},{"@type":"WebSite","@id":"https:\/\/lospoliticosveracruz.com\/#website","url":"https:\/\/lospoliticosveracruz.com\/","name":"Los pol\u00edticos Veracruz","description":"","publisher":{"@id":"https:\/\/lospoliticosveracruz.com\/#organization"},"potentialAction":[{"@type":"SearchAction","target":{"@type":"EntryPoint","urlTemplate":"https:\/\/lospoliticosveracruz.com\/?s={search_term_string}"},"query-input":{"@type":"PropertyValueSpecification","valueRequired":true,"valueName":"search_term_string"}}],"inLanguage":"es"},{"@type":"Organization","@id":"https:\/\/lospoliticosveracruz.com\/#organization","name":"Los pol\u00edticos Veracruz","url":"https:\/\/lospoliticosveracruz.com\/","logo":{"@type":"ImageObject","inLanguage":"es","@id":"https:\/\/lospoliticosveracruz.com\/#\/schema\/logo\/image\/","url":"https:\/\/lospoliticosveracruz.com\/wp-content\/uploads\/2025\/12\/Logo-Nuevo-LOS-POLITICOS-1.jpg","contentUrl":"https:\/\/lospoliticosveracruz.com\/wp-content\/uploads\/2025\/12\/Logo-Nuevo-LOS-POLITICOS-1.jpg","width":260,"height":70,"caption":"Los pol\u00edticos Veracruz"},"image":{"@id":"https:\/\/lospoliticosveracruz.com\/#\/schema\/logo\/image\/"},"sameAs":["https:\/\/www.facebook.com\/people\/Notimemes-de-los-Polticos\/61565672886568\/","https:\/\/x.com\/LosPoliticosVer"]},{"@type":"Person","@id":"https:\/\/lospoliticosveracruz.com\/#\/schema\/person\/b8702bb0e538456e6efd07080bf2a4a2","name":"Lo viste en Los Pol\u00edticos","image":{"@type":"ImageObject","inLanguage":"es","@id":"https:\/\/secure.gravatar.com\/avatar\/3a8de04a2656d44082be478bd6c086daa447c4651605818287b9532d3d0bd435?s=96&d=mm&r=g","url":"https:\/\/secure.gravatar.com\/avatar\/3a8de04a2656d44082be478bd6c086daa447c4651605818287b9532d3d0bd435?s=96&d=mm&r=g","contentUrl":"https:\/\/secure.gravatar.com\/avatar\/3a8de04a2656d44082be478bd6c086daa447c4651605818287b9532d3d0bd435?s=96&d=mm&r=g","caption":"Lo viste en Los Pol\u00edticos"},"url":"https:\/\/lospoliticosveracruz.com\/?author=2"}]}},"_links":{"self":[{"href":"https:\/\/lospoliticosveracruz.com\/index.php?rest_route=\/wp\/v2\/posts\/153561","targetHints":{"allow":["GET"]}}],"collection":[{"href":"https:\/\/lospoliticosveracruz.com\/index.php?rest_route=\/wp\/v2\/posts"}],"about":[{"href":"https:\/\/lospoliticosveracruz.com\/index.php?rest_route=\/wp\/v2\/types\/post"}],"author":[{"embeddable":true,"href":"https:\/\/lospoliticosveracruz.com\/index.php?rest_route=\/wp\/v2\/users\/2"}],"replies":[{"embeddable":true,"href":"https:\/\/lospoliticosveracruz.com\/index.php?rest_route=%2Fwp%2Fv2%2Fcomments&post=153561"}],"version-history":[{"count":1,"href":"https:\/\/lospoliticosveracruz.com\/index.php?rest_route=\/wp\/v2\/posts\/153561\/revisions"}],"predecessor-version":[{"id":153564,"href":"https:\/\/lospoliticosveracruz.com\/index.php?rest_route=\/wp\/v2\/posts\/153561\/revisions\/153564"}],"wp:featuredmedia":[{"embeddable":true,"href":"https:\/\/lospoliticosveracruz.com\/index.php?rest_route=\/wp\/v2\/media\/153563"}],"wp:attachment":[{"href":"https:\/\/lospoliticosveracruz.com\/index.php?rest_route=%2Fwp%2Fv2%2Fmedia&parent=153561"}],"wp:term":[{"taxonomy":"category","embeddable":true,"href":"https:\/\/lospoliticosveracruz.com\/index.php?rest_route=%2Fwp%2Fv2%2Fcategories&post=153561"},{"taxonomy":"post_tag","embeddable":true,"href":"https:\/\/lospoliticosveracruz.com\/index.php?rest_route=%2Fwp%2Fv2%2Ftags&post=153561"}],"curies":[{"name":"wp","href":"https:\/\/api.w.org\/{rel}","templated":true}]}}