{"id":153567,"date":"2025-10-01T08:55:24","date_gmt":"2025-10-01T13:55:24","guid":{"rendered":"https:\/\/lospoliticosveracruz.com.mx\/?p=153567"},"modified":"2025-10-01T08:55:45","modified_gmt":"2025-10-01T13:55:45","slug":"scouts-en-el-senderito","status":"publish","type":"post","link":"https:\/\/lospoliticosveracruz.com\/?p=153567","title":{"rendered":"SCOUTS EN EL SENDERITO"},"content":{"rendered":"\n\n\n<p><\/p>\n\n\n\n<p>\u201cTraten de dejar este mundo en mejores condiciones de como lo encontraron\u201d.<br>\u2014Robert Baden-Powell<\/p>\n\n\n\n<p>El Senderito de Bosque de Niebla, que ocupa tres hect\u00e1reas del Cerro de las Culebras, es una referencia de armon\u00eda, paz, conocimiento, relajaci\u00f3n y aprendizaje.<\/p>\n\n\n\n<p>En una de sus esquinas, colindante con una huerta de bamb\u00fa invasivo, descansan las cenizas de un poeta esparcidas por su esposa, quien sembr\u00f3 ah\u00ed un liquid\u00e1mbar. Una docena de palos zopilotes se alzan con sus hojas rojizas, mientras que, en la planicie, los chalahuites tienden su alfombra de hojas secas.<\/p>\n\n\n\n\n\n<p>Hasta un senador reconoce que es un proyecto consolidado y que es necesario impulsarlo institucionalmente. Desde la capital del estado visit\u00f3 el Senderito, por segunda ocasi\u00f3n, la organizaci\u00f3n Scouts Xalapa Grupo 3 \u00abF\u00e9nix\u00bb. Desde la cima se escuchaban sus c\u00e1nticos y arengas al ingresar por la calle Prolongaci\u00f3n Justo Sierra. Treinta elementos ascendieron por el adoquinado hacia las instalaciones del Senderito, liderados por la jefa Karla Paola L\u00f3pez Guti\u00e9rrez, una persona con el don de servir y ayudar.<\/p>\n\n\n\n<p>La edad de los visitantes oscilaba entre seis y veinti\u00fan a\u00f1os: todos participativos, deseosos de aprender y con especial atenci\u00f3n en no dejar basura. Al contrario, levantaban los restos abandonados por otros. Se formaron cuatro grupos, dependiendo de la edad, para sembrar diferentes especies de encinos. Cabe recordar que M\u00e9xico posee la mayor variedad de encinos en el mundo.<\/p>\n\n\n\n<p>Los m\u00e1s peque\u00f1os se agruparon en la Manada Kokone, quienes eligieron el m\u00e1s joven de los Quercus xalapensis, de apenas diez cent\u00edmetros. Su nombre proviene del bot\u00e1nico franc\u00e9s Aim\u00e9 Bonpland, quien lo colect\u00f3 durante la hist\u00f3rica expedici\u00f3n sudamericana y mexicana encabezada por Alexander von Humboldt en Xalapa, en febrero de 1804.<\/p>\n\n\n\n<p>El segundo equipo, la Tropa Uroboros, adopt\u00f3 un Quercus paxtalensis o roble, y escucharon atentos las instrucciones del manual del gobierno federal para sembrar un \u00e1rbol:<\/p>\n\n\n\n<p>Afloja la tierra y haz un hueco de 30 cent\u00edmetros de profundidad y 20 de ancho. Deposita de un lado la tierra de la primera mitad (m\u00e1s f\u00e9rtil) y, al otro, la de la segunda mitad (menos f\u00e9rtil). Coloca en el fondo del hueco la tierra m\u00e1s f\u00e9rtil, para que la ra\u00edz del arbolito tenga los mejores nutrientes.<\/p>\n\n\n\n<p>La Comunidad Ygdrasil eligi\u00f3 un Quercus laurina y se sorprendi\u00f3 al conocer el uso de la c\u00e1scara de caf\u00e9 o pajilla \u2014regalada por Caf\u00e9 Moretto\u2014 y del humus de lombriz \u2014donado por Finca F\u00e1tima\u2014 para fertilizar el \u00e1rbol. Finalmente, el Clan Versa sembr\u00f3 un Quercus sapotifolia, rode\u00e1ndolo con semillas de canavalia, gran aportaci\u00f3n del agr\u00f3nomo Arturo Garc\u00eda. Estas semillas fueron enterradas en forma hexagonal. La canavalia, leguminosa y abono verde, aporta materia org\u00e1nica.<\/p>\n\n\n\n<p>El ep\u00edlogo fue un juego de Loter\u00eda de la Biodiversidad del Bosque de Niebla, guiados por la anfitriona y directora general de la asociaci\u00f3n civil Ruta de la Niebla, Leticia Arriaga Stransky. Por supuesto, tambi\u00e9n contaron con la intervenci\u00f3n del colaborador estrella del Senderito, el doctor Alejandro Beltr\u00e1n Cordero, quien comparti\u00f3 un relato alusivo a la magia del Cerro de las Culebras.<\/p>\n","protected":false},"excerpt":{"rendered":"<p>\u201cTraten de dejar este mundo en mejores condiciones de como lo encontraron\u201d.\u2014Robert Baden-Powell El Senderito de Bosque de Niebla, que ocupa tres hect\u00e1reas del Cerro de las Culebras, es una referencia de armon\u00eda, paz, conocimiento, relajaci\u00f3n y aprendizaje. En una de sus esquinas, colindante con una huerta de bamb\u00fa invasivo, descansan las cenizas de un [&hellip;]<\/p>\n","protected":false},"author":2,"featured_media":153568,"comment_status":"closed","ping_status":"closed","sticky":false,"template":"","format":"standard","meta":{"tdm_status":"","tdm_grid_status":"","footnotes":""},"categories":[75],"tags":[],"class_list":{"0":"post-153567","1":"post","2":"type-post","3":"status-publish","4":"format-standard","5":"has-post-thumbnail","7":"category-cine-libros-y-mas"},"yoast_head":"<!-- This site is optimized with the Yoast SEO plugin v27.4 - https:\/\/yoast.com\/product\/yoast-seo-wordpress\/ -->\n<title>SCOUTS EN EL SENDERITO - Los pol\u00edticos Veracruz<\/title>\n<meta name=\"robots\" content=\"index, follow, max-snippet:-1, max-image-preview:large, max-video-preview:-1\" \/>\n<link rel=\"canonical\" href=\"https:\/\/lospoliticosveracruz.com\/?p=153567\" \/>\n<meta property=\"og:locale\" content=\"es_ES\" \/>\n<meta property=\"og:type\" content=\"article\" \/>\n<meta property=\"og:title\" content=\"SCOUTS EN EL SENDERITO - Los pol\u00edticos Veracruz\" \/>\n<meta property=\"og:description\" content=\"\u201cTraten de dejar este mundo en mejores condiciones de como lo encontraron\u201d.\u2014Robert Baden-Powell El Senderito de Bosque de Niebla, que ocupa tres hect\u00e1reas del Cerro de las Culebras, es una referencia de armon\u00eda, paz, conocimiento, relajaci\u00f3n y aprendizaje. En una de sus esquinas, colindante con una huerta de bamb\u00fa invasivo, descansan las cenizas de un [&hellip;]\" \/>\n<meta property=\"og:url\" content=\"https:\/\/lospoliticosveracruz.com\/?p=153567\" \/>\n<meta property=\"og:site_name\" content=\"Los pol\u00edticos Veracruz\" \/>\n<meta property=\"article:publisher\" content=\"https:\/\/www.facebook.com\/people\/Notimemes-de-los-Polticos\/61565672886568\/\" \/>\n<meta property=\"article:published_time\" content=\"2025-10-01T13:55:24+00:00\" \/>\n<meta property=\"article:modified_time\" content=\"2025-10-01T13:55:45+00:00\" \/>\n<meta property=\"og:image\" content=\"https:\/\/lospoliticosveracruz.com\/wp-content\/uploads\/2025\/10\/WhatsApp-Image-2025-10-01-at-07.53.29.jpeg\" \/>\n\t<meta property=\"og:image:width\" content=\"600\" \/>\n\t<meta property=\"og:image:height\" content=\"320\" \/>\n\t<meta property=\"og:image:type\" content=\"image\/jpeg\" \/>\n<meta name=\"author\" content=\"Lo viste en Los Pol\u00edticos\" \/>\n<meta name=\"twitter:card\" content=\"summary_large_image\" \/>\n<meta name=\"twitter:creator\" content=\"@LosPoliticosVer\" \/>\n<meta name=\"twitter:site\" content=\"@LosPoliticosVer\" \/>\n<meta name=\"twitter:label1\" content=\"Escrito por\" \/>\n\t<meta name=\"twitter:data1\" content=\"Lo viste en Los Pol\u00edticos\" \/>\n\t<meta name=\"twitter:label2\" content=\"Tiempo de lectura\" \/>\n\t<meta name=\"twitter:data2\" content=\"3 minutos\" \/>\n<script type=\"application\/ld+json\" class=\"yoast-schema-graph\">{\"@context\":\"https:\\\/\\\/schema.org\",\"@graph\":[{\"@type\":\"Article\",\"@id\":\"https:\\\/\\\/lospoliticosveracruz.com\\\/?p=153567#article\",\"isPartOf\":{\"@id\":\"https:\\\/\\\/lospoliticosveracruz.com\\\/?p=153567\"},\"author\":{\"name\":\"Lo viste en Los Pol\u00edticos\",\"@id\":\"https:\\\/\\\/lospoliticosveracruz.com\\\/#\\\/schema\\\/person\\\/b8702bb0e538456e6efd07080bf2a4a2\"},\"headline\":\"SCOUTS EN EL SENDERITO\",\"datePublished\":\"2025-10-01T13:55:24+00:00\",\"dateModified\":\"2025-10-01T13:55:45+00:00\",\"mainEntityOfPage\":{\"@id\":\"https:\\\/\\\/lospoliticosveracruz.com\\\/?p=153567\"},\"wordCount\":540,\"publisher\":{\"@id\":\"https:\\\/\\\/lospoliticosveracruz.com\\\/#organization\"},\"image\":{\"@id\":\"https:\\\/\\\/lospoliticosveracruz.com\\\/?p=153567#primaryimage\"},\"thumbnailUrl\":\"https:\\\/\\\/lospoliticosveracruz.com\\\/wp-content\\\/uploads\\\/2025\\\/10\\\/WhatsApp-Image-2025-10-01-at-07.53.29.jpeg\",\"articleSection\":[\"Cine, Libros y m\u00e1s\"],\"inLanguage\":\"es\"},{\"@type\":\"WebPage\",\"@id\":\"https:\\\/\\\/lospoliticosveracruz.com\\\/?p=153567\",\"url\":\"https:\\\/\\\/lospoliticosveracruz.com\\\/?p=153567\",\"name\":\"SCOUTS EN EL SENDERITO - Los pol\u00edticos Veracruz\",\"isPartOf\":{\"@id\":\"https:\\\/\\\/lospoliticosveracruz.com\\\/#website\"},\"primaryImageOfPage\":{\"@id\":\"https:\\\/\\\/lospoliticosveracruz.com\\\/?p=153567#primaryimage\"},\"image\":{\"@id\":\"https:\\\/\\\/lospoliticosveracruz.com\\\/?p=153567#primaryimage\"},\"thumbnailUrl\":\"https:\\\/\\\/lospoliticosveracruz.com\\\/wp-content\\\/uploads\\\/2025\\\/10\\\/WhatsApp-Image-2025-10-01-at-07.53.29.jpeg\",\"datePublished\":\"2025-10-01T13:55:24+00:00\",\"dateModified\":\"2025-10-01T13:55:45+00:00\",\"breadcrumb\":{\"@id\":\"https:\\\/\\\/lospoliticosveracruz.com\\\/?p=153567#breadcrumb\"},\"inLanguage\":\"es\",\"potentialAction\":[{\"@type\":\"ReadAction\",\"target\":[\"https:\\\/\\\/lospoliticosveracruz.com\\\/?p=153567\"]}]},{\"@type\":\"ImageObject\",\"inLanguage\":\"es\",\"@id\":\"https:\\\/\\\/lospoliticosveracruz.com\\\/?p=153567#primaryimage\",\"url\":\"https:\\\/\\\/lospoliticosveracruz.com\\\/wp-content\\\/uploads\\\/2025\\\/10\\\/WhatsApp-Image-2025-10-01-at-07.53.29.jpeg\",\"contentUrl\":\"https:\\\/\\\/lospoliticosveracruz.com\\\/wp-content\\\/uploads\\\/2025\\\/10\\\/WhatsApp-Image-2025-10-01-at-07.53.29.jpeg\",\"width\":600,\"height\":320},{\"@type\":\"BreadcrumbList\",\"@id\":\"https:\\\/\\\/lospoliticosveracruz.com\\\/?p=153567#breadcrumb\",\"itemListElement\":[{\"@type\":\"ListItem\",\"position\":1,\"name\":\"Portada\",\"item\":\"https:\\\/\\\/lospoliticosveracruz.com\\\/\"},{\"@type\":\"ListItem\",\"position\":2,\"name\":\"SCOUTS EN EL SENDERITO\"}]},{\"@type\":\"WebSite\",\"@id\":\"https:\\\/\\\/lospoliticosveracruz.com\\\/#website\",\"url\":\"https:\\\/\\\/lospoliticosveracruz.com\\\/\",\"name\":\"Los pol\u00edticos Veracruz\",\"description\":\"\",\"publisher\":{\"@id\":\"https:\\\/\\\/lospoliticosveracruz.com\\\/#organization\"},\"potentialAction\":[{\"@type\":\"SearchAction\",\"target\":{\"@type\":\"EntryPoint\",\"urlTemplate\":\"https:\\\/\\\/lospoliticosveracruz.com\\\/?s={search_term_string}\"},\"query-input\":{\"@type\":\"PropertyValueSpecification\",\"valueRequired\":true,\"valueName\":\"search_term_string\"}}],\"inLanguage\":\"es\"},{\"@type\":\"Organization\",\"@id\":\"https:\\\/\\\/lospoliticosveracruz.com\\\/#organization\",\"name\":\"Los pol\u00edticos Veracruz\",\"url\":\"https:\\\/\\\/lospoliticosveracruz.com\\\/\",\"logo\":{\"@type\":\"ImageObject\",\"inLanguage\":\"es\",\"@id\":\"https:\\\/\\\/lospoliticosveracruz.com\\\/#\\\/schema\\\/logo\\\/image\\\/\",\"url\":\"https:\\\/\\\/lospoliticosveracruz.com\\\/wp-content\\\/uploads\\\/2025\\\/12\\\/Logo-Nuevo-LOS-POLITICOS-1.jpg\",\"contentUrl\":\"https:\\\/\\\/lospoliticosveracruz.com\\\/wp-content\\\/uploads\\\/2025\\\/12\\\/Logo-Nuevo-LOS-POLITICOS-1.jpg\",\"width\":260,\"height\":70,\"caption\":\"Los pol\u00edticos Veracruz\"},\"image\":{\"@id\":\"https:\\\/\\\/lospoliticosveracruz.com\\\/#\\\/schema\\\/logo\\\/image\\\/\"},\"sameAs\":[\"https:\\\/\\\/www.facebook.com\\\/people\\\/Notimemes-de-los-Polticos\\\/61565672886568\\\/\",\"https:\\\/\\\/x.com\\\/LosPoliticosVer\"]},{\"@type\":\"Person\",\"@id\":\"https:\\\/\\\/lospoliticosveracruz.com\\\/#\\\/schema\\\/person\\\/b8702bb0e538456e6efd07080bf2a4a2\",\"name\":\"Lo viste en Los Pol\u00edticos\",\"image\":{\"@type\":\"ImageObject\",\"inLanguage\":\"es\",\"@id\":\"https:\\\/\\\/secure.gravatar.com\\\/avatar\\\/3a8de04a2656d44082be478bd6c086daa447c4651605818287b9532d3d0bd435?s=96&d=mm&r=g\",\"url\":\"https:\\\/\\\/secure.gravatar.com\\\/avatar\\\/3a8de04a2656d44082be478bd6c086daa447c4651605818287b9532d3d0bd435?s=96&d=mm&r=g\",\"contentUrl\":\"https:\\\/\\\/secure.gravatar.com\\\/avatar\\\/3a8de04a2656d44082be478bd6c086daa447c4651605818287b9532d3d0bd435?s=96&d=mm&r=g\",\"caption\":\"Lo viste en Los Pol\u00edticos\"},\"url\":\"https:\\\/\\\/lospoliticosveracruz.com\\\/?author=2\"}]}<\/script>\n<!-- \/ Yoast SEO plugin. -->","yoast_head_json":{"title":"SCOUTS EN EL SENDERITO - Los pol\u00edticos Veracruz","robots":{"index":"index","follow":"follow","max-snippet":"max-snippet:-1","max-image-preview":"max-image-preview:large","max-video-preview":"max-video-preview:-1"},"canonical":"https:\/\/lospoliticosveracruz.com\/?p=153567","og_locale":"es_ES","og_type":"article","og_title":"SCOUTS EN EL SENDERITO - Los pol\u00edticos Veracruz","og_description":"\u201cTraten de dejar este mundo en mejores condiciones de como lo encontraron\u201d.\u2014Robert Baden-Powell El Senderito de Bosque de Niebla, que ocupa tres hect\u00e1reas del Cerro de las Culebras, es una referencia de armon\u00eda, paz, conocimiento, relajaci\u00f3n y aprendizaje. En una de sus esquinas, colindante con una huerta de bamb\u00fa invasivo, descansan las cenizas de un [&hellip;]","og_url":"https:\/\/lospoliticosveracruz.com\/?p=153567","og_site_name":"Los pol\u00edticos Veracruz","article_publisher":"https:\/\/www.facebook.com\/people\/Notimemes-de-los-Polticos\/61565672886568\/","article_published_time":"2025-10-01T13:55:24+00:00","article_modified_time":"2025-10-01T13:55:45+00:00","og_image":[{"width":600,"height":320,"url":"https:\/\/lospoliticosveracruz.com\/wp-content\/uploads\/2025\/10\/WhatsApp-Image-2025-10-01-at-07.53.29.jpeg","type":"image\/jpeg"}],"author":"Lo viste en Los Pol\u00edticos","twitter_card":"summary_large_image","twitter_creator":"@LosPoliticosVer","twitter_site":"@LosPoliticosVer","twitter_misc":{"Escrito por":"Lo viste en Los Pol\u00edticos","Tiempo de lectura":"3 minutos"},"schema":{"@context":"https:\/\/schema.org","@graph":[{"@type":"Article","@id":"https:\/\/lospoliticosveracruz.com\/?p=153567#article","isPartOf":{"@id":"https:\/\/lospoliticosveracruz.com\/?p=153567"},"author":{"name":"Lo viste en Los Pol\u00edticos","@id":"https:\/\/lospoliticosveracruz.com\/#\/schema\/person\/b8702bb0e538456e6efd07080bf2a4a2"},"headline":"SCOUTS EN EL SENDERITO","datePublished":"2025-10-01T13:55:24+00:00","dateModified":"2025-10-01T13:55:45+00:00","mainEntityOfPage":{"@id":"https:\/\/lospoliticosveracruz.com\/?p=153567"},"wordCount":540,"publisher":{"@id":"https:\/\/lospoliticosveracruz.com\/#organization"},"image":{"@id":"https:\/\/lospoliticosveracruz.com\/?p=153567#primaryimage"},"thumbnailUrl":"https:\/\/lospoliticosveracruz.com\/wp-content\/uploads\/2025\/10\/WhatsApp-Image-2025-10-01-at-07.53.29.jpeg","articleSection":["Cine, Libros y m\u00e1s"],"inLanguage":"es"},{"@type":"WebPage","@id":"https:\/\/lospoliticosveracruz.com\/?p=153567","url":"https:\/\/lospoliticosveracruz.com\/?p=153567","name":"SCOUTS EN EL SENDERITO - Los pol\u00edticos Veracruz","isPartOf":{"@id":"https:\/\/lospoliticosveracruz.com\/#website"},"primaryImageOfPage":{"@id":"https:\/\/lospoliticosveracruz.com\/?p=153567#primaryimage"},"image":{"@id":"https:\/\/lospoliticosveracruz.com\/?p=153567#primaryimage"},"thumbnailUrl":"https:\/\/lospoliticosveracruz.com\/wp-content\/uploads\/2025\/10\/WhatsApp-Image-2025-10-01-at-07.53.29.jpeg","datePublished":"2025-10-01T13:55:24+00:00","dateModified":"2025-10-01T13:55:45+00:00","breadcrumb":{"@id":"https:\/\/lospoliticosveracruz.com\/?p=153567#breadcrumb"},"inLanguage":"es","potentialAction":[{"@type":"ReadAction","target":["https:\/\/lospoliticosveracruz.com\/?p=153567"]}]},{"@type":"ImageObject","inLanguage":"es","@id":"https:\/\/lospoliticosveracruz.com\/?p=153567#primaryimage","url":"https:\/\/lospoliticosveracruz.com\/wp-content\/uploads\/2025\/10\/WhatsApp-Image-2025-10-01-at-07.53.29.jpeg","contentUrl":"https:\/\/lospoliticosveracruz.com\/wp-content\/uploads\/2025\/10\/WhatsApp-Image-2025-10-01-at-07.53.29.jpeg","width":600,"height":320},{"@type":"BreadcrumbList","@id":"https:\/\/lospoliticosveracruz.com\/?p=153567#breadcrumb","itemListElement":[{"@type":"ListItem","position":1,"name":"Portada","item":"https:\/\/lospoliticosveracruz.com\/"},{"@type":"ListItem","position":2,"name":"SCOUTS EN EL SENDERITO"}]},{"@type":"WebSite","@id":"https:\/\/lospoliticosveracruz.com\/#website","url":"https:\/\/lospoliticosveracruz.com\/","name":"Los pol\u00edticos Veracruz","description":"","publisher":{"@id":"https:\/\/lospoliticosveracruz.com\/#organization"},"potentialAction":[{"@type":"SearchAction","target":{"@type":"EntryPoint","urlTemplate":"https:\/\/lospoliticosveracruz.com\/?s={search_term_string}"},"query-input":{"@type":"PropertyValueSpecification","valueRequired":true,"valueName":"search_term_string"}}],"inLanguage":"es"},{"@type":"Organization","@id":"https:\/\/lospoliticosveracruz.com\/#organization","name":"Los pol\u00edticos Veracruz","url":"https:\/\/lospoliticosveracruz.com\/","logo":{"@type":"ImageObject","inLanguage":"es","@id":"https:\/\/lospoliticosveracruz.com\/#\/schema\/logo\/image\/","url":"https:\/\/lospoliticosveracruz.com\/wp-content\/uploads\/2025\/12\/Logo-Nuevo-LOS-POLITICOS-1.jpg","contentUrl":"https:\/\/lospoliticosveracruz.com\/wp-content\/uploads\/2025\/12\/Logo-Nuevo-LOS-POLITICOS-1.jpg","width":260,"height":70,"caption":"Los pol\u00edticos Veracruz"},"image":{"@id":"https:\/\/lospoliticosveracruz.com\/#\/schema\/logo\/image\/"},"sameAs":["https:\/\/www.facebook.com\/people\/Notimemes-de-los-Polticos\/61565672886568\/","https:\/\/x.com\/LosPoliticosVer"]},{"@type":"Person","@id":"https:\/\/lospoliticosveracruz.com\/#\/schema\/person\/b8702bb0e538456e6efd07080bf2a4a2","name":"Lo viste en Los Pol\u00edticos","image":{"@type":"ImageObject","inLanguage":"es","@id":"https:\/\/secure.gravatar.com\/avatar\/3a8de04a2656d44082be478bd6c086daa447c4651605818287b9532d3d0bd435?s=96&d=mm&r=g","url":"https:\/\/secure.gravatar.com\/avatar\/3a8de04a2656d44082be478bd6c086daa447c4651605818287b9532d3d0bd435?s=96&d=mm&r=g","contentUrl":"https:\/\/secure.gravatar.com\/avatar\/3a8de04a2656d44082be478bd6c086daa447c4651605818287b9532d3d0bd435?s=96&d=mm&r=g","caption":"Lo viste en Los Pol\u00edticos"},"url":"https:\/\/lospoliticosveracruz.com\/?author=2"}]}},"_links":{"self":[{"href":"https:\/\/lospoliticosveracruz.com\/index.php?rest_route=\/wp\/v2\/posts\/153567","targetHints":{"allow":["GET"]}}],"collection":[{"href":"https:\/\/lospoliticosveracruz.com\/index.php?rest_route=\/wp\/v2\/posts"}],"about":[{"href":"https:\/\/lospoliticosveracruz.com\/index.php?rest_route=\/wp\/v2\/types\/post"}],"author":[{"embeddable":true,"href":"https:\/\/lospoliticosveracruz.com\/index.php?rest_route=\/wp\/v2\/users\/2"}],"replies":[{"embeddable":true,"href":"https:\/\/lospoliticosveracruz.com\/index.php?rest_route=%2Fwp%2Fv2%2Fcomments&post=153567"}],"version-history":[{"count":1,"href":"https:\/\/lospoliticosveracruz.com\/index.php?rest_route=\/wp\/v2\/posts\/153567\/revisions"}],"predecessor-version":[{"id":153569,"href":"https:\/\/lospoliticosveracruz.com\/index.php?rest_route=\/wp\/v2\/posts\/153567\/revisions\/153569"}],"wp:featuredmedia":[{"embeddable":true,"href":"https:\/\/lospoliticosveracruz.com\/index.php?rest_route=\/wp\/v2\/media\/153568"}],"wp:attachment":[{"href":"https:\/\/lospoliticosveracruz.com\/index.php?rest_route=%2Fwp%2Fv2%2Fmedia&parent=153567"}],"wp:term":[{"taxonomy":"category","embeddable":true,"href":"https:\/\/lospoliticosveracruz.com\/index.php?rest_route=%2Fwp%2Fv2%2Fcategories&post=153567"},{"taxonomy":"post_tag","embeddable":true,"href":"https:\/\/lospoliticosveracruz.com\/index.php?rest_route=%2Fwp%2Fv2%2Ftags&post=153567"}],"curies":[{"name":"wp","href":"https:\/\/api.w.org\/{rel}","templated":true}]}}