{"id":153572,"date":"2025-10-01T11:03:04","date_gmt":"2025-10-01T16:03:04","guid":{"rendered":"https:\/\/lospoliticosveracruz.com.mx\/?p=153572"},"modified":"2025-10-01T11:03:22","modified_gmt":"2025-10-01T16:03:22","slug":"les-pone-la-muestra","status":"publish","type":"post","link":"https:\/\/lospoliticosveracruz.com\/?p=153572","title":{"rendered":"LES PONE LA MUESTRA"},"content":{"rendered":"\n\n\n<p><strong>Oved Contreras<br><\/strong><em>Secas mecas<\/em><\/p>\n\n\n\n<p>Dicen que en la forma de agarrar el taco se conoce al trag\u00f3n\u2026el Tebi Bautista le pone el ejemplo al mu\u00f1ecote Zenyazen Escobar\u2026el presidente de la Junta de Coordinaci\u00f3n Pol\u00edtica siempre ha sido un hombre de campo y no anda de faramalludo en caballos pura sangre ni presumiendo camionetones de dos melones de pesos con guarros incluidos\u2026a lomo de mula, el Tebi encabez\u00f3 la cabalgata con 300 jinetes en Las Vigas de Ram\u00edrez en honor a San Miguel Arc\u00e1ngel\u2026hay fotos y videos en sus redes sociales donde solo le falt\u00f3 la m\u00fasica de fondo de \u201cLos siete magn\u00edficos\u201d que hizo popular una conocida marca de cigarros.<\/p>\n\n\n\n\n\n<p>Por cierto, el \u00d3rgano de Fiscalizaci\u00f3n Superior del Estado entregar\u00e1 este mi\u00e9rcoles al Congreso del Estado el Informe de Resultados de la Cuenta P\u00fablica 2024 que corresponde al \u00faltimo a\u00f1o de la administraci\u00f3n de Cuitl\u00e1huac Garc\u00eda y al tercer ejercicio de los actuales ayuntamientos\u2026el presidente de la Junta de Coordinaci\u00f3n Pol\u00edtica, dijo tener confianza en que se dar\u00e1 puntual seguimiento a las denuncias que pudieran presentarse por presunto da\u00f1o patrimonial.<\/p>\n\n\n\n<p>El Tebi Bautista aclar\u00f3 que el ORFIS no es polic\u00eda, solo detecta irregularidades y corresponde a la Fiscal\u00eda Anticorrupci\u00f3n documentar los hechos y deslindar responsabilidades en los casos de cualquier mal manejo de recursos p\u00fablicos. El legislador morenista reiter\u00f3 su confianza en que la titular de la Fiscal\u00eda Especializada en Combate a la Corrupci\u00f3n, Stefan\u00eda Rosas M\u00e9ndez, dar\u00e1 seguimiento a las denuncias que se interpongan por presunto desv\u00edo de recursos p\u00fablicos, una vez que se apruebe la Cuenta P\u00fablica 2024.<\/p>\n\n\n\n<p>SE TIR\u00d3 AL PISO\u2026la gobernadora Roc\u00edo Nahle prometi\u00f3 en campa\u00f1a y lo reiter\u00f3 cuando asumi\u00f3 el cargo que no permitir\u00eda m\u00e1s agresiones contra las mujeres, que las cuidar\u00eda a todas y que se aplicar\u00eda la ley a los agresores\u2026solo se qued\u00f3 en discurso\u2026ayer una madre de familia subi\u00f3 al estrado donde la gobernadora encabezaba la entrega de apoyos en Minatitl\u00e1n\u2026y como nadie le hace caso en su denuncia, la mujer identificada como Macaria Cruz L\u00f3pez, se tir\u00f3 al suelo, golpe\u00e1ndose y llorando mientras ped\u00eda ayuda para que se haga justicia por la agresi\u00f3n sexual sufrida por su hija en 2022.<\/p>\n\n\n\n<p>La menor fue v\u00edctima de violaci\u00f3n dentro de la ETI 88 de Minatitl\u00e1n en diciembre de ese a\u00f1o, cuando ten\u00eda apenas 12 a\u00f1os\u2026un menor fue sentenciado por el ataque, pero acusa que la Fiscal\u00eda no ha judicializado el caso contra los maestros que ella considera incurrieron en omisi\u00f3n al no dar parte inmediato a las autoridades.<\/p>\n\n\n\n<p>La madre explica que es la segunda ocasi\u00f3n que pide la ayuda de la gobernadora y en la primera ocasi\u00f3n, explica que no pas\u00f3 nada, que la mandataria le dijo que denunci\u00f3 a personas que no tienen nada que ver \u201cpero yo creo que s\u00ed, porque los maestros ten\u00edan la responsabilidad de proteger a mi hija\u201d, y entre l\u00e1grimas, refiere que en estos casi 3 a\u00f1os ha enfrentado trabas institucionales, retrasos de la Fiscal\u00eda y recientemente amenazas.<\/p>\n\n\n\n<p>La madre acus\u00f3 directamente a un docente identificado como profesor Herrera, quien presuntamente le advirti\u00f3 que \u201cquien se mete con el Gobierno termina muerto\u201d\u2026pese al da\u00f1o a su hija, acusa que nunca recibi\u00f3 atenci\u00f3n psicol\u00f3gica y acompa\u00f1amiento institucional, pues la Secretar\u00eda de Educaci\u00f3n de Veracruz (SEV) nunca intervino y que s\u00f3lo el DIF ofreci\u00f3 alg\u00fan tipo de apoyo.<\/p>\n\n\n\n<p>GANA OTRA VEZ MARYJOSE\u2026se le van acabando los recursos a la gorda Ahued y a Esteban \u201cLarra\u201d Zepeta\u2026ahora fue la Sala Regional Xalapa del Tribunal Electoral del Poder Judicial de la Federaci\u00f3n (TEPJF) que en sesi\u00f3n p\u00fablica de ayer martes, confirm\u00f3 el triunfo de MaryJose Gamboa, como alcaldesa electa de Boca del R\u00edo. Solo les queda la Sala Superior que seguramente har\u00e1 lo mismo para dar por cerrado el caso.<\/p>\n\n\n\n<p>Los magistrados decretaron la improcedencia de los agravios expuestos por Morena, pues no hubo rebase de topes de gastos de campa\u00f1a, no existieron violaciones dentro del proceso que impactaran en la votaci\u00f3n y no lograron acreditar ninguna causal de nulidad. Tambi\u00e9n fue desechado el juicio para la protecci\u00f3n de los derechos pol\u00edtico-electorales del ciudadano en el que Morena se\u00f1al\u00f3 la supuesta omisi\u00f3n del OPLE Boca del R\u00edo, de haberle dado tr\u00e1mite de un juicio previo, que \u201csupuestamente\u201d present\u00f3 el 8 de junio a las 23:30 horas, documento que fue desconocido incluso por el mismo Organismo P\u00fablico Local Electoral.<\/p>\n\n\n\n<p>M\u00e1s claro ni el agua: Morena y su candidata no ganaron en las urnas ni tampoco ganar\u00e1n en la mesa lo que no les dio el ciudadano, y Maryjose Gamboa otra vez dio el ejemplo de que primero hay que convencer a la gente con propuestas, luego hay que cuidar la elecci\u00f3n con representantes en todas las casillas y ahora vigilar que los tribunales hagan valer la ley\u2026por m\u00e1s chapuzas que quieran hacer, los votos en las urnas hablan y decidieron darle continuidad a un buen gobierno que inici\u00f3 Juan Manuel Unanue y que ahora encabezar\u00e1 Maryjose Gamboa.<\/p>\n\n\n\n<p>La diputada federal es hoy el principal activo que tiene el PAN en todo el estado\u2026derrot\u00f3 a Morena cinco veces en las urnas y es garant\u00eda de trabajo\u2026no se equivocaron al mandarla de candidata pese a la alharaca que intent\u00f3 armar Morelli pero lo mandaron a inflar burros por all\u00ed.<\/p>\n","protected":false},"excerpt":{"rendered":"<p>Oved ContrerasSecas mecas Dicen que en la forma de agarrar el taco se conoce al trag\u00f3n\u2026el Tebi Bautista le pone el ejemplo al mu\u00f1ecote Zenyazen Escobar\u2026el presidente de la Junta de Coordinaci\u00f3n Pol\u00edtica siempre ha sido un hombre de campo y no anda de faramalludo en caballos pura sangre ni presumiendo camionetones de dos melones [&hellip;]<\/p>\n","protected":false},"author":2,"featured_media":141426,"comment_status":"closed","ping_status":"closed","sticky":false,"template":"","format":"standard","meta":{"tdm_status":"","tdm_grid_status":"","footnotes":""},"categories":[70],"tags":[],"class_list":{"0":"post-153572","1":"post","2":"type-post","3":"status-publish","4":"format-standard","5":"has-post-thumbnail","7":"category-de-opinion"},"yoast_head":"<!-- This site is optimized with the Yoast SEO plugin v27.4 - https:\/\/yoast.com\/product\/yoast-seo-wordpress\/ -->\n<title>LES PONE LA MUESTRA - Los pol\u00edticos Veracruz<\/title>\n<meta name=\"robots\" content=\"index, follow, max-snippet:-1, max-image-preview:large, max-video-preview:-1\" \/>\n<link rel=\"canonical\" href=\"https:\/\/lospoliticosveracruz.com\/?p=153572\" \/>\n<meta property=\"og:locale\" content=\"es_ES\" \/>\n<meta property=\"og:type\" content=\"article\" \/>\n<meta property=\"og:title\" content=\"LES PONE LA MUESTRA - Los pol\u00edticos Veracruz\" \/>\n<meta property=\"og:description\" content=\"Oved ContrerasSecas mecas Dicen que en la forma de agarrar el taco se conoce al trag\u00f3n\u2026el Tebi Bautista le pone el ejemplo al mu\u00f1ecote Zenyazen Escobar\u2026el presidente de la Junta de Coordinaci\u00f3n Pol\u00edtica siempre ha sido un hombre de campo y no anda de faramalludo en caballos pura sangre ni presumiendo camionetones de dos melones [&hellip;]\" \/>\n<meta property=\"og:url\" content=\"https:\/\/lospoliticosveracruz.com\/?p=153572\" \/>\n<meta property=\"og:site_name\" content=\"Los pol\u00edticos Veracruz\" \/>\n<meta property=\"article:publisher\" content=\"https:\/\/www.facebook.com\/people\/Notimemes-de-los-Polticos\/61565672886568\/\" \/>\n<meta property=\"article:published_time\" content=\"2025-10-01T16:03:04+00:00\" \/>\n<meta property=\"article:modified_time\" content=\"2025-10-01T16:03:22+00:00\" \/>\n<meta property=\"og:image\" content=\"https:\/\/lospoliticosveracruz.com\/wp-content\/uploads\/2025\/04\/Oved-Contreras-e1768066319253.jpg\" \/>\n\t<meta property=\"og:image:width\" content=\"600\" \/>\n\t<meta property=\"og:image:height\" content=\"320\" \/>\n\t<meta property=\"og:image:type\" content=\"image\/jpeg\" \/>\n<meta name=\"author\" content=\"Lo viste en Los Pol\u00edticos\" \/>\n<meta name=\"twitter:card\" content=\"summary_large_image\" \/>\n<meta name=\"twitter:creator\" content=\"@LosPoliticosVer\" \/>\n<meta name=\"twitter:site\" content=\"@LosPoliticosVer\" \/>\n<meta name=\"twitter:label1\" content=\"Escrito por\" \/>\n\t<meta name=\"twitter:data1\" content=\"Lo viste en Los Pol\u00edticos\" \/>\n\t<meta name=\"twitter:label2\" content=\"Tiempo de lectura\" \/>\n\t<meta name=\"twitter:data2\" content=\"5 minutos\" \/>\n<script type=\"application\/ld+json\" class=\"yoast-schema-graph\">{\"@context\":\"https:\\\/\\\/schema.org\",\"@graph\":[{\"@type\":\"Article\",\"@id\":\"https:\\\/\\\/lospoliticosveracruz.com\\\/?p=153572#article\",\"isPartOf\":{\"@id\":\"https:\\\/\\\/lospoliticosveracruz.com\\\/?p=153572\"},\"author\":{\"name\":\"Lo viste en Los Pol\u00edticos\",\"@id\":\"https:\\\/\\\/lospoliticosveracruz.com\\\/#\\\/schema\\\/person\\\/b8702bb0e538456e6efd07080bf2a4a2\"},\"headline\":\"LES PONE LA MUESTRA\",\"datePublished\":\"2025-10-01T16:03:04+00:00\",\"dateModified\":\"2025-10-01T16:03:22+00:00\",\"mainEntityOfPage\":{\"@id\":\"https:\\\/\\\/lospoliticosveracruz.com\\\/?p=153572\"},\"wordCount\":959,\"publisher\":{\"@id\":\"https:\\\/\\\/lospoliticosveracruz.com\\\/#organization\"},\"image\":{\"@id\":\"https:\\\/\\\/lospoliticosveracruz.com\\\/?p=153572#primaryimage\"},\"thumbnailUrl\":\"https:\\\/\\\/lospoliticosveracruz.com\\\/wp-content\\\/uploads\\\/2025\\\/04\\\/Oved-Contreras-e1768066319253.jpg\",\"articleSection\":[\"De Opini\u00f3n\"],\"inLanguage\":\"es\"},{\"@type\":\"WebPage\",\"@id\":\"https:\\\/\\\/lospoliticosveracruz.com\\\/?p=153572\",\"url\":\"https:\\\/\\\/lospoliticosveracruz.com\\\/?p=153572\",\"name\":\"LES PONE LA MUESTRA - Los pol\u00edticos Veracruz\",\"isPartOf\":{\"@id\":\"https:\\\/\\\/lospoliticosveracruz.com\\\/#website\"},\"primaryImageOfPage\":{\"@id\":\"https:\\\/\\\/lospoliticosveracruz.com\\\/?p=153572#primaryimage\"},\"image\":{\"@id\":\"https:\\\/\\\/lospoliticosveracruz.com\\\/?p=153572#primaryimage\"},\"thumbnailUrl\":\"https:\\\/\\\/lospoliticosveracruz.com\\\/wp-content\\\/uploads\\\/2025\\\/04\\\/Oved-Contreras-e1768066319253.jpg\",\"datePublished\":\"2025-10-01T16:03:04+00:00\",\"dateModified\":\"2025-10-01T16:03:22+00:00\",\"breadcrumb\":{\"@id\":\"https:\\\/\\\/lospoliticosveracruz.com\\\/?p=153572#breadcrumb\"},\"inLanguage\":\"es\",\"potentialAction\":[{\"@type\":\"ReadAction\",\"target\":[\"https:\\\/\\\/lospoliticosveracruz.com\\\/?p=153572\"]}]},{\"@type\":\"ImageObject\",\"inLanguage\":\"es\",\"@id\":\"https:\\\/\\\/lospoliticosveracruz.com\\\/?p=153572#primaryimage\",\"url\":\"https:\\\/\\\/lospoliticosveracruz.com\\\/wp-content\\\/uploads\\\/2025\\\/04\\\/Oved-Contreras-e1768066319253.jpg\",\"contentUrl\":\"https:\\\/\\\/lospoliticosveracruz.com\\\/wp-content\\\/uploads\\\/2025\\\/04\\\/Oved-Contreras-e1768066319253.jpg\",\"width\":600,\"height\":320},{\"@type\":\"BreadcrumbList\",\"@id\":\"https:\\\/\\\/lospoliticosveracruz.com\\\/?p=153572#breadcrumb\",\"itemListElement\":[{\"@type\":\"ListItem\",\"position\":1,\"name\":\"Portada\",\"item\":\"https:\\\/\\\/lospoliticosveracruz.com\\\/\"},{\"@type\":\"ListItem\",\"position\":2,\"name\":\"LES PONE LA MUESTRA\"}]},{\"@type\":\"WebSite\",\"@id\":\"https:\\\/\\\/lospoliticosveracruz.com\\\/#website\",\"url\":\"https:\\\/\\\/lospoliticosveracruz.com\\\/\",\"name\":\"Los pol\u00edticos Veracruz\",\"description\":\"\",\"publisher\":{\"@id\":\"https:\\\/\\\/lospoliticosveracruz.com\\\/#organization\"},\"potentialAction\":[{\"@type\":\"SearchAction\",\"target\":{\"@type\":\"EntryPoint\",\"urlTemplate\":\"https:\\\/\\\/lospoliticosveracruz.com\\\/?s={search_term_string}\"},\"query-input\":{\"@type\":\"PropertyValueSpecification\",\"valueRequired\":true,\"valueName\":\"search_term_string\"}}],\"inLanguage\":\"es\"},{\"@type\":\"Organization\",\"@id\":\"https:\\\/\\\/lospoliticosveracruz.com\\\/#organization\",\"name\":\"Los pol\u00edticos Veracruz\",\"url\":\"https:\\\/\\\/lospoliticosveracruz.com\\\/\",\"logo\":{\"@type\":\"ImageObject\",\"inLanguage\":\"es\",\"@id\":\"https:\\\/\\\/lospoliticosveracruz.com\\\/#\\\/schema\\\/logo\\\/image\\\/\",\"url\":\"https:\\\/\\\/lospoliticosveracruz.com\\\/wp-content\\\/uploads\\\/2025\\\/12\\\/Logo-Nuevo-LOS-POLITICOS-1.jpg\",\"contentUrl\":\"https:\\\/\\\/lospoliticosveracruz.com\\\/wp-content\\\/uploads\\\/2025\\\/12\\\/Logo-Nuevo-LOS-POLITICOS-1.jpg\",\"width\":260,\"height\":70,\"caption\":\"Los pol\u00edticos Veracruz\"},\"image\":{\"@id\":\"https:\\\/\\\/lospoliticosveracruz.com\\\/#\\\/schema\\\/logo\\\/image\\\/\"},\"sameAs\":[\"https:\\\/\\\/www.facebook.com\\\/people\\\/Notimemes-de-los-Polticos\\\/61565672886568\\\/\",\"https:\\\/\\\/x.com\\\/LosPoliticosVer\"]},{\"@type\":\"Person\",\"@id\":\"https:\\\/\\\/lospoliticosveracruz.com\\\/#\\\/schema\\\/person\\\/b8702bb0e538456e6efd07080bf2a4a2\",\"name\":\"Lo viste en Los Pol\u00edticos\",\"image\":{\"@type\":\"ImageObject\",\"inLanguage\":\"es\",\"@id\":\"https:\\\/\\\/secure.gravatar.com\\\/avatar\\\/3a8de04a2656d44082be478bd6c086daa447c4651605818287b9532d3d0bd435?s=96&d=mm&r=g\",\"url\":\"https:\\\/\\\/secure.gravatar.com\\\/avatar\\\/3a8de04a2656d44082be478bd6c086daa447c4651605818287b9532d3d0bd435?s=96&d=mm&r=g\",\"contentUrl\":\"https:\\\/\\\/secure.gravatar.com\\\/avatar\\\/3a8de04a2656d44082be478bd6c086daa447c4651605818287b9532d3d0bd435?s=96&d=mm&r=g\",\"caption\":\"Lo viste en Los Pol\u00edticos\"},\"url\":\"https:\\\/\\\/lospoliticosveracruz.com\\\/?author=2\"}]}<\/script>\n<!-- \/ Yoast SEO plugin. -->","yoast_head_json":{"title":"LES PONE LA MUESTRA - Los pol\u00edticos Veracruz","robots":{"index":"index","follow":"follow","max-snippet":"max-snippet:-1","max-image-preview":"max-image-preview:large","max-video-preview":"max-video-preview:-1"},"canonical":"https:\/\/lospoliticosveracruz.com\/?p=153572","og_locale":"es_ES","og_type":"article","og_title":"LES PONE LA MUESTRA - Los pol\u00edticos Veracruz","og_description":"Oved ContrerasSecas mecas Dicen que en la forma de agarrar el taco se conoce al trag\u00f3n\u2026el Tebi Bautista le pone el ejemplo al mu\u00f1ecote Zenyazen Escobar\u2026el presidente de la Junta de Coordinaci\u00f3n Pol\u00edtica siempre ha sido un hombre de campo y no anda de faramalludo en caballos pura sangre ni presumiendo camionetones de dos melones [&hellip;]","og_url":"https:\/\/lospoliticosveracruz.com\/?p=153572","og_site_name":"Los pol\u00edticos Veracruz","article_publisher":"https:\/\/www.facebook.com\/people\/Notimemes-de-los-Polticos\/61565672886568\/","article_published_time":"2025-10-01T16:03:04+00:00","article_modified_time":"2025-10-01T16:03:22+00:00","og_image":[{"width":600,"height":320,"url":"https:\/\/lospoliticosveracruz.com\/wp-content\/uploads\/2025\/04\/Oved-Contreras-e1768066319253.jpg","type":"image\/jpeg"}],"author":"Lo viste en Los Pol\u00edticos","twitter_card":"summary_large_image","twitter_creator":"@LosPoliticosVer","twitter_site":"@LosPoliticosVer","twitter_misc":{"Escrito por":"Lo viste en Los Pol\u00edticos","Tiempo de lectura":"5 minutos"},"schema":{"@context":"https:\/\/schema.org","@graph":[{"@type":"Article","@id":"https:\/\/lospoliticosveracruz.com\/?p=153572#article","isPartOf":{"@id":"https:\/\/lospoliticosveracruz.com\/?p=153572"},"author":{"name":"Lo viste en Los Pol\u00edticos","@id":"https:\/\/lospoliticosveracruz.com\/#\/schema\/person\/b8702bb0e538456e6efd07080bf2a4a2"},"headline":"LES PONE LA MUESTRA","datePublished":"2025-10-01T16:03:04+00:00","dateModified":"2025-10-01T16:03:22+00:00","mainEntityOfPage":{"@id":"https:\/\/lospoliticosveracruz.com\/?p=153572"},"wordCount":959,"publisher":{"@id":"https:\/\/lospoliticosveracruz.com\/#organization"},"image":{"@id":"https:\/\/lospoliticosveracruz.com\/?p=153572#primaryimage"},"thumbnailUrl":"https:\/\/lospoliticosveracruz.com\/wp-content\/uploads\/2025\/04\/Oved-Contreras-e1768066319253.jpg","articleSection":["De Opini\u00f3n"],"inLanguage":"es"},{"@type":"WebPage","@id":"https:\/\/lospoliticosveracruz.com\/?p=153572","url":"https:\/\/lospoliticosveracruz.com\/?p=153572","name":"LES PONE LA MUESTRA - Los pol\u00edticos Veracruz","isPartOf":{"@id":"https:\/\/lospoliticosveracruz.com\/#website"},"primaryImageOfPage":{"@id":"https:\/\/lospoliticosveracruz.com\/?p=153572#primaryimage"},"image":{"@id":"https:\/\/lospoliticosveracruz.com\/?p=153572#primaryimage"},"thumbnailUrl":"https:\/\/lospoliticosveracruz.com\/wp-content\/uploads\/2025\/04\/Oved-Contreras-e1768066319253.jpg","datePublished":"2025-10-01T16:03:04+00:00","dateModified":"2025-10-01T16:03:22+00:00","breadcrumb":{"@id":"https:\/\/lospoliticosveracruz.com\/?p=153572#breadcrumb"},"inLanguage":"es","potentialAction":[{"@type":"ReadAction","target":["https:\/\/lospoliticosveracruz.com\/?p=153572"]}]},{"@type":"ImageObject","inLanguage":"es","@id":"https:\/\/lospoliticosveracruz.com\/?p=153572#primaryimage","url":"https:\/\/lospoliticosveracruz.com\/wp-content\/uploads\/2025\/04\/Oved-Contreras-e1768066319253.jpg","contentUrl":"https:\/\/lospoliticosveracruz.com\/wp-content\/uploads\/2025\/04\/Oved-Contreras-e1768066319253.jpg","width":600,"height":320},{"@type":"BreadcrumbList","@id":"https:\/\/lospoliticosveracruz.com\/?p=153572#breadcrumb","itemListElement":[{"@type":"ListItem","position":1,"name":"Portada","item":"https:\/\/lospoliticosveracruz.com\/"},{"@type":"ListItem","position":2,"name":"LES PONE LA MUESTRA"}]},{"@type":"WebSite","@id":"https:\/\/lospoliticosveracruz.com\/#website","url":"https:\/\/lospoliticosveracruz.com\/","name":"Los pol\u00edticos Veracruz","description":"","publisher":{"@id":"https:\/\/lospoliticosveracruz.com\/#organization"},"potentialAction":[{"@type":"SearchAction","target":{"@type":"EntryPoint","urlTemplate":"https:\/\/lospoliticosveracruz.com\/?s={search_term_string}"},"query-input":{"@type":"PropertyValueSpecification","valueRequired":true,"valueName":"search_term_string"}}],"inLanguage":"es"},{"@type":"Organization","@id":"https:\/\/lospoliticosveracruz.com\/#organization","name":"Los pol\u00edticos Veracruz","url":"https:\/\/lospoliticosveracruz.com\/","logo":{"@type":"ImageObject","inLanguage":"es","@id":"https:\/\/lospoliticosveracruz.com\/#\/schema\/logo\/image\/","url":"https:\/\/lospoliticosveracruz.com\/wp-content\/uploads\/2025\/12\/Logo-Nuevo-LOS-POLITICOS-1.jpg","contentUrl":"https:\/\/lospoliticosveracruz.com\/wp-content\/uploads\/2025\/12\/Logo-Nuevo-LOS-POLITICOS-1.jpg","width":260,"height":70,"caption":"Los pol\u00edticos Veracruz"},"image":{"@id":"https:\/\/lospoliticosveracruz.com\/#\/schema\/logo\/image\/"},"sameAs":["https:\/\/www.facebook.com\/people\/Notimemes-de-los-Polticos\/61565672886568\/","https:\/\/x.com\/LosPoliticosVer"]},{"@type":"Person","@id":"https:\/\/lospoliticosveracruz.com\/#\/schema\/person\/b8702bb0e538456e6efd07080bf2a4a2","name":"Lo viste en Los Pol\u00edticos","image":{"@type":"ImageObject","inLanguage":"es","@id":"https:\/\/secure.gravatar.com\/avatar\/3a8de04a2656d44082be478bd6c086daa447c4651605818287b9532d3d0bd435?s=96&d=mm&r=g","url":"https:\/\/secure.gravatar.com\/avatar\/3a8de04a2656d44082be478bd6c086daa447c4651605818287b9532d3d0bd435?s=96&d=mm&r=g","contentUrl":"https:\/\/secure.gravatar.com\/avatar\/3a8de04a2656d44082be478bd6c086daa447c4651605818287b9532d3d0bd435?s=96&d=mm&r=g","caption":"Lo viste en Los Pol\u00edticos"},"url":"https:\/\/lospoliticosveracruz.com\/?author=2"}]}},"_links":{"self":[{"href":"https:\/\/lospoliticosveracruz.com\/index.php?rest_route=\/wp\/v2\/posts\/153572","targetHints":{"allow":["GET"]}}],"collection":[{"href":"https:\/\/lospoliticosveracruz.com\/index.php?rest_route=\/wp\/v2\/posts"}],"about":[{"href":"https:\/\/lospoliticosveracruz.com\/index.php?rest_route=\/wp\/v2\/types\/post"}],"author":[{"embeddable":true,"href":"https:\/\/lospoliticosveracruz.com\/index.php?rest_route=\/wp\/v2\/users\/2"}],"replies":[{"embeddable":true,"href":"https:\/\/lospoliticosveracruz.com\/index.php?rest_route=%2Fwp%2Fv2%2Fcomments&post=153572"}],"version-history":[{"count":1,"href":"https:\/\/lospoliticosveracruz.com\/index.php?rest_route=\/wp\/v2\/posts\/153572\/revisions"}],"predecessor-version":[{"id":153573,"href":"https:\/\/lospoliticosveracruz.com\/index.php?rest_route=\/wp\/v2\/posts\/153572\/revisions\/153573"}],"wp:featuredmedia":[{"embeddable":true,"href":"https:\/\/lospoliticosveracruz.com\/index.php?rest_route=\/wp\/v2\/media\/141426"}],"wp:attachment":[{"href":"https:\/\/lospoliticosveracruz.com\/index.php?rest_route=%2Fwp%2Fv2%2Fmedia&parent=153572"}],"wp:term":[{"taxonomy":"category","embeddable":true,"href":"https:\/\/lospoliticosveracruz.com\/index.php?rest_route=%2Fwp%2Fv2%2Fcategories&post=153572"},{"taxonomy":"post_tag","embeddable":true,"href":"https:\/\/lospoliticosveracruz.com\/index.php?rest_route=%2Fwp%2Fv2%2Ftags&post=153572"}],"curies":[{"name":"wp","href":"https:\/\/api.w.org\/{rel}","templated":true}]}}