{"id":153577,"date":"2025-10-01T22:28:00","date_gmt":"2025-10-02T03:28:00","guid":{"rendered":"https:\/\/lospoliticosveracruz.com.mx\/?p=153577"},"modified":"2025-10-01T11:15:09","modified_gmt":"2025-10-01T16:15:09","slug":"las-llamadas-de-nahle","status":"publish","type":"post","link":"https:\/\/lospoliticosveracruz.com\/?p=153577","title":{"rendered":"LAS LLAMADAS DE NAHLE"},"content":{"rendered":"\n<p><\/p>\n\n\n\n\n\n<p><strong>Salvador Mu\u00f1oz<\/strong><\/p>\n\n\n\n<p>Los Pol\u00edticos<br><\/p>\n\n\n\n<p>Soy de esas personas que han estado recibiendo llamadas desde distintos puntos de los <strong>Estados Unidos de Norteam\u00e9rica<\/strong> y <strong>Canad\u00e1<\/strong>\u2026 <strong>Michigan, Ontario, Washington, Nueva York, Pensilvania, Nueva Jersey<\/strong> y una que otra por ah\u00ed de <strong>Colombia<\/strong>; esto sin contar las llamadas desde los distintos penales de nuestro pa\u00eds, bancos y dem\u00e1s fauna que me ofrecen las perlas de la Virgen\u2026 y es que por razones de trabajo tuve que desbloquear el candado que no permit\u00eda la entrada de tel\u00e9fonos desconocidos.<\/p>\n\n\n\n\n\n<p>Pero el lunes recib\u00ed una llamada de <strong>Xalapa<\/strong> y la respond\u00ed para que de inmediato entrara una grabaci\u00f3n que era en torno a la <strong>Gobernadora Roc\u00edo Nahle<\/strong>\u2026 Sacado de onda, tuve que apretar la tecla que me llevaba a confirmar cualquier duda, y s\u00ed\u2026 era una encuesta de cuatro preguntas sobre la Gobernadora Nahle:<\/p>\n\n\n\n<ol class=\"wp-block-list\">\n<li>\u00bfQu\u00e9 tan cercana considera usted que es la gobernadora <strong>Roc\u00edo N\u00e1lez Garc\u00eda<\/strong> con la ciudadan\u00eda? Muy cercana, oprima 2. Algo cercana, oprima 3. Poco cercana, oprima 4. Nada cercana, oprima 5. No sabe, oprima 6.<\/li>\n\n\n\n<li>\u00bfQu\u00e9 tan honesto considera el actuar de la gobernadora <strong>Roc\u00edo Nahle<\/strong>? Muy honesto, oprima 2. Algo honesto, oprima 3. Poco honesto, oprima 4. Nada honesto, oprima 5. No sabe, oprima 6.<\/li>\n\n\n\n<li>\u00bfC\u00f3mo califica el trabajo realizado hasta la fecha por la gobernadora <strong>Roc\u00edo Nahle<\/strong>? Excelente, oprima 2. Bueno, oprima 3. Regular, oprima 4. Malo, oprima 5. No sabe, oprima 6.<\/li>\n\n\n\n<li>\u00bfConsidera que la gobernadora <strong>Roc\u00edo Nahle<\/strong> es la l\u00edder que <strong>Veracruz<\/strong> necesita? S\u00ed, oprima 2. No, oprima 3. No sabe.<\/li>\n<\/ol>\n\n\n\n<p>(En este punto ya no me dio opci\u00f3n y pas\u00f3 a la siguiente frase dando por concluida la encuesta) <strong>\u201cMuchas gracias por su participaci\u00f3n\u201d<\/strong>.<\/p>\n\n\n\n<p>El asunto es que, al parecer, no es el \u00fanico sondeo telef\u00f3nico\u2026 la <strong>Mujer<\/strong> ayer recibi\u00f3 una llamada, s\u00ed, de <strong>Xalapa<\/strong>; y s\u00ed, del mismo n\u00famero; y s\u00ed, era una encuesta; y s\u00ed, sobre la <strong>Gobernadora Nahle<\/strong>; y no, no era el mismo tema\u2026 ahora todo se circunscrib\u00eda a la percepci\u00f3n de seguridad y los responsables de ello.<\/p>\n\n\n\n<p>A estas alturas, cuando mencionan con tanta insistencia lo de la <strong>Revocaci\u00f3n de Mandato<\/strong>, uno se pregunta si estos sondeos ser\u00e1n de casa o si ser\u00e1n fuego amigo\u2026<\/p>\n\n\n\n<p>Si son de casa, es como para medirle el agua a los camotes y ver si de una vez por todas, en el <strong>Congreso local<\/strong>, dan luz verde para que entre la <strong>Revocaci\u00f3n de Mandato<\/strong> bajo el conocimiento de que la percepci\u00f3n est\u00e1 a su favor\u2026<\/p>\n\n\n\n<p>Si es fuego amigo, pues igual es para seguir atizando las brasas para enchinchar a la <strong>GoberNahle<\/strong> con esto de la <strong>Revocaci\u00f3n de Mandato<\/strong>, porque, s\u00ed, es cierto, ha ganado de todas, todas en las urnas, y no se duda que en una <strong>Consulta Ciudadana<\/strong>, igual saliera avante. Eso s\u00ed, qui\u00e9n sabe c\u00f3mo, porque ya la situaci\u00f3n no es igual a la del 2024, y el 2025 lo demostr\u00f3 muy precisa.<\/p>\n\n\n\n<p>\u00bfY usted, ya recibi\u00f3 la llamada de la encuesta? \u00bfO es igual que yo, bloquea n\u00fameros desconocidos?\u2026 Como sea, ac\u00e1 le dejo el tel\u00e9fono, para que si recibe una llamada, cheque antes si es del <strong>228 454 0041<\/strong> y no le saque. \u00a1Ayude o desayude a la <strong>GoberNahle<\/strong>!<\/p>\n","protected":false},"excerpt":{"rendered":"<p>Salvador Mu\u00f1oz Los Pol\u00edticos Soy de esas personas que han estado recibiendo llamadas desde distintos puntos de los Estados Unidos de Norteam\u00e9rica y Canad\u00e1\u2026 Michigan, Ontario, Washington, Nueva York, Pensilvania, Nueva Jersey y una que otra por ah\u00ed de Colombia; esto sin contar las llamadas desde los distintos penales de nuestro pa\u00eds, bancos y dem\u00e1s [&hellip;]<\/p>\n","protected":false},"author":2,"featured_media":141805,"comment_status":"closed","ping_status":"closed","sticky":false,"template":"","format":"standard","meta":{"tdm_status":"","tdm_grid_status":"","footnotes":""},"categories":[70],"tags":[393,12963,46125,14240,3578],"class_list":{"0":"post-153577","1":"post","2":"type-post","3":"status-publish","4":"format-standard","5":"has-post-thumbnail","7":"category-de-opinion","8":"tag-congreso-de-veracruz","9":"tag-consulta-ciudadana","10":"tag-llamadas-encuestas","11":"tag-revocacion-de-mandato","12":"tag-rocio-nahle"},"yoast_head":"<!-- This site is optimized with the Yoast SEO plugin v27.4 - https:\/\/yoast.com\/product\/yoast-seo-wordpress\/ -->\n<title>LAS LLAMADAS DE NAHLE - Los pol\u00edticos Veracruz<\/title>\n<meta name=\"robots\" content=\"index, follow, max-snippet:-1, max-image-preview:large, max-video-preview:-1\" \/>\n<link rel=\"canonical\" href=\"https:\/\/lospoliticosveracruz.com\/?p=153577\" \/>\n<meta property=\"og:locale\" content=\"es_ES\" \/>\n<meta property=\"og:type\" content=\"article\" \/>\n<meta property=\"og:title\" content=\"LAS LLAMADAS DE NAHLE - Los pol\u00edticos Veracruz\" \/>\n<meta property=\"og:description\" content=\"Salvador Mu\u00f1oz Los Pol\u00edticos Soy de esas personas que han estado recibiendo llamadas desde distintos puntos de los Estados Unidos de Norteam\u00e9rica y Canad\u00e1\u2026 Michigan, Ontario, Washington, Nueva York, Pensilvania, Nueva Jersey y una que otra por ah\u00ed de Colombia; esto sin contar las llamadas desde los distintos penales de nuestro pa\u00eds, bancos y dem\u00e1s [&hellip;]\" \/>\n<meta property=\"og:url\" content=\"https:\/\/lospoliticosveracruz.com\/?p=153577\" \/>\n<meta property=\"og:site_name\" content=\"Los pol\u00edticos Veracruz\" \/>\n<meta property=\"article:publisher\" content=\"https:\/\/www.facebook.com\/people\/Notimemes-de-los-Polticos\/61565672886568\/\" \/>\n<meta property=\"article:published_time\" content=\"2025-10-02T03:28:00+00:00\" \/>\n<meta property=\"og:image\" content=\"https:\/\/lospoliticosveracruz.com\/wp-content\/uploads\/2025\/04\/Chava-Munoz-1.jpg\" \/>\n\t<meta property=\"og:image:width\" content=\"1250\" \/>\n\t<meta property=\"og:image:height\" content=\"667\" \/>\n\t<meta property=\"og:image:type\" content=\"image\/jpeg\" \/>\n<meta name=\"author\" content=\"Lo viste en Los Pol\u00edticos\" \/>\n<meta name=\"twitter:card\" content=\"summary_large_image\" \/>\n<meta name=\"twitter:creator\" content=\"@LosPoliticosVer\" \/>\n<meta name=\"twitter:site\" content=\"@LosPoliticosVer\" \/>\n<meta name=\"twitter:label1\" content=\"Escrito por\" \/>\n\t<meta name=\"twitter:data1\" content=\"Lo viste en Los Pol\u00edticos\" \/>\n\t<meta name=\"twitter:label2\" content=\"Tiempo de lectura\" \/>\n\t<meta name=\"twitter:data2\" content=\"3 minutos\" \/>\n<script type=\"application\/ld+json\" class=\"yoast-schema-graph\">{\"@context\":\"https:\\\/\\\/schema.org\",\"@graph\":[{\"@type\":\"Article\",\"@id\":\"https:\\\/\\\/lospoliticosveracruz.com\\\/?p=153577#article\",\"isPartOf\":{\"@id\":\"https:\\\/\\\/lospoliticosveracruz.com\\\/?p=153577\"},\"author\":{\"name\":\"Lo viste en Los Pol\u00edticos\",\"@id\":\"https:\\\/\\\/lospoliticosveracruz.com\\\/#\\\/schema\\\/person\\\/b8702bb0e538456e6efd07080bf2a4a2\"},\"headline\":\"LAS LLAMADAS DE NAHLE\",\"datePublished\":\"2025-10-02T03:28:00+00:00\",\"mainEntityOfPage\":{\"@id\":\"https:\\\/\\\/lospoliticosveracruz.com\\\/?p=153577\"},\"wordCount\":545,\"publisher\":{\"@id\":\"https:\\\/\\\/lospoliticosveracruz.com\\\/#organization\"},\"image\":{\"@id\":\"https:\\\/\\\/lospoliticosveracruz.com\\\/?p=153577#primaryimage\"},\"thumbnailUrl\":\"https:\\\/\\\/lospoliticosveracruz.com\\\/wp-content\\\/uploads\\\/2025\\\/04\\\/Chava-Munoz-1.jpg\",\"keywords\":[\"Congreso de Veracruz\",\"consulta ciudadana\",\"llamadas encuestas\",\"Revocaci\u00f3n de Mandato\",\"Roc\u00edo Nahle\"],\"articleSection\":[\"De Opini\u00f3n\"],\"inLanguage\":\"es\"},{\"@type\":\"WebPage\",\"@id\":\"https:\\\/\\\/lospoliticosveracruz.com\\\/?p=153577\",\"url\":\"https:\\\/\\\/lospoliticosveracruz.com\\\/?p=153577\",\"name\":\"LAS LLAMADAS DE NAHLE - Los pol\u00edticos Veracruz\",\"isPartOf\":{\"@id\":\"https:\\\/\\\/lospoliticosveracruz.com\\\/#website\"},\"primaryImageOfPage\":{\"@id\":\"https:\\\/\\\/lospoliticosveracruz.com\\\/?p=153577#primaryimage\"},\"image\":{\"@id\":\"https:\\\/\\\/lospoliticosveracruz.com\\\/?p=153577#primaryimage\"},\"thumbnailUrl\":\"https:\\\/\\\/lospoliticosveracruz.com\\\/wp-content\\\/uploads\\\/2025\\\/04\\\/Chava-Munoz-1.jpg\",\"datePublished\":\"2025-10-02T03:28:00+00:00\",\"breadcrumb\":{\"@id\":\"https:\\\/\\\/lospoliticosveracruz.com\\\/?p=153577#breadcrumb\"},\"inLanguage\":\"es\",\"potentialAction\":[{\"@type\":\"ReadAction\",\"target\":[\"https:\\\/\\\/lospoliticosveracruz.com\\\/?p=153577\"]}]},{\"@type\":\"ImageObject\",\"inLanguage\":\"es\",\"@id\":\"https:\\\/\\\/lospoliticosveracruz.com\\\/?p=153577#primaryimage\",\"url\":\"https:\\\/\\\/lospoliticosveracruz.com\\\/wp-content\\\/uploads\\\/2025\\\/04\\\/Chava-Munoz-1.jpg\",\"contentUrl\":\"https:\\\/\\\/lospoliticosveracruz.com\\\/wp-content\\\/uploads\\\/2025\\\/04\\\/Chava-Munoz-1.jpg\",\"width\":1250,\"height\":667},{\"@type\":\"BreadcrumbList\",\"@id\":\"https:\\\/\\\/lospoliticosveracruz.com\\\/?p=153577#breadcrumb\",\"itemListElement\":[{\"@type\":\"ListItem\",\"position\":1,\"name\":\"Portada\",\"item\":\"https:\\\/\\\/lospoliticosveracruz.com\\\/\"},{\"@type\":\"ListItem\",\"position\":2,\"name\":\"LAS LLAMADAS DE NAHLE\"}]},{\"@type\":\"WebSite\",\"@id\":\"https:\\\/\\\/lospoliticosveracruz.com\\\/#website\",\"url\":\"https:\\\/\\\/lospoliticosveracruz.com\\\/\",\"name\":\"Los pol\u00edticos Veracruz\",\"description\":\"\",\"publisher\":{\"@id\":\"https:\\\/\\\/lospoliticosveracruz.com\\\/#organization\"},\"potentialAction\":[{\"@type\":\"SearchAction\",\"target\":{\"@type\":\"EntryPoint\",\"urlTemplate\":\"https:\\\/\\\/lospoliticosveracruz.com\\\/?s={search_term_string}\"},\"query-input\":{\"@type\":\"PropertyValueSpecification\",\"valueRequired\":true,\"valueName\":\"search_term_string\"}}],\"inLanguage\":\"es\"},{\"@type\":\"Organization\",\"@id\":\"https:\\\/\\\/lospoliticosveracruz.com\\\/#organization\",\"name\":\"Los pol\u00edticos Veracruz\",\"url\":\"https:\\\/\\\/lospoliticosveracruz.com\\\/\",\"logo\":{\"@type\":\"ImageObject\",\"inLanguage\":\"es\",\"@id\":\"https:\\\/\\\/lospoliticosveracruz.com\\\/#\\\/schema\\\/logo\\\/image\\\/\",\"url\":\"https:\\\/\\\/lospoliticosveracruz.com\\\/wp-content\\\/uploads\\\/2025\\\/12\\\/Logo-Nuevo-LOS-POLITICOS-1.jpg\",\"contentUrl\":\"https:\\\/\\\/lospoliticosveracruz.com\\\/wp-content\\\/uploads\\\/2025\\\/12\\\/Logo-Nuevo-LOS-POLITICOS-1.jpg\",\"width\":260,\"height\":70,\"caption\":\"Los pol\u00edticos Veracruz\"},\"image\":{\"@id\":\"https:\\\/\\\/lospoliticosveracruz.com\\\/#\\\/schema\\\/logo\\\/image\\\/\"},\"sameAs\":[\"https:\\\/\\\/www.facebook.com\\\/people\\\/Notimemes-de-los-Polticos\\\/61565672886568\\\/\",\"https:\\\/\\\/x.com\\\/LosPoliticosVer\"]},{\"@type\":\"Person\",\"@id\":\"https:\\\/\\\/lospoliticosveracruz.com\\\/#\\\/schema\\\/person\\\/b8702bb0e538456e6efd07080bf2a4a2\",\"name\":\"Lo viste en Los Pol\u00edticos\",\"image\":{\"@type\":\"ImageObject\",\"inLanguage\":\"es\",\"@id\":\"https:\\\/\\\/secure.gravatar.com\\\/avatar\\\/3a8de04a2656d44082be478bd6c086daa447c4651605818287b9532d3d0bd435?s=96&d=mm&r=g\",\"url\":\"https:\\\/\\\/secure.gravatar.com\\\/avatar\\\/3a8de04a2656d44082be478bd6c086daa447c4651605818287b9532d3d0bd435?s=96&d=mm&r=g\",\"contentUrl\":\"https:\\\/\\\/secure.gravatar.com\\\/avatar\\\/3a8de04a2656d44082be478bd6c086daa447c4651605818287b9532d3d0bd435?s=96&d=mm&r=g\",\"caption\":\"Lo viste en Los Pol\u00edticos\"},\"url\":\"https:\\\/\\\/lospoliticosveracruz.com\\\/?author=2\"}]}<\/script>\n<!-- \/ Yoast SEO plugin. -->","yoast_head_json":{"title":"LAS LLAMADAS DE NAHLE - Los pol\u00edticos Veracruz","robots":{"index":"index","follow":"follow","max-snippet":"max-snippet:-1","max-image-preview":"max-image-preview:large","max-video-preview":"max-video-preview:-1"},"canonical":"https:\/\/lospoliticosveracruz.com\/?p=153577","og_locale":"es_ES","og_type":"article","og_title":"LAS LLAMADAS DE NAHLE - Los pol\u00edticos Veracruz","og_description":"Salvador Mu\u00f1oz Los Pol\u00edticos Soy de esas personas que han estado recibiendo llamadas desde distintos puntos de los Estados Unidos de Norteam\u00e9rica y Canad\u00e1\u2026 Michigan, Ontario, Washington, Nueva York, Pensilvania, Nueva Jersey y una que otra por ah\u00ed de Colombia; esto sin contar las llamadas desde los distintos penales de nuestro pa\u00eds, bancos y dem\u00e1s [&hellip;]","og_url":"https:\/\/lospoliticosveracruz.com\/?p=153577","og_site_name":"Los pol\u00edticos Veracruz","article_publisher":"https:\/\/www.facebook.com\/people\/Notimemes-de-los-Polticos\/61565672886568\/","article_published_time":"2025-10-02T03:28:00+00:00","og_image":[{"width":1250,"height":667,"url":"https:\/\/lospoliticosveracruz.com\/wp-content\/uploads\/2025\/04\/Chava-Munoz-1.jpg","type":"image\/jpeg"}],"author":"Lo viste en Los Pol\u00edticos","twitter_card":"summary_large_image","twitter_creator":"@LosPoliticosVer","twitter_site":"@LosPoliticosVer","twitter_misc":{"Escrito por":"Lo viste en Los Pol\u00edticos","Tiempo de lectura":"3 minutos"},"schema":{"@context":"https:\/\/schema.org","@graph":[{"@type":"Article","@id":"https:\/\/lospoliticosveracruz.com\/?p=153577#article","isPartOf":{"@id":"https:\/\/lospoliticosveracruz.com\/?p=153577"},"author":{"name":"Lo viste en Los Pol\u00edticos","@id":"https:\/\/lospoliticosveracruz.com\/#\/schema\/person\/b8702bb0e538456e6efd07080bf2a4a2"},"headline":"LAS LLAMADAS DE NAHLE","datePublished":"2025-10-02T03:28:00+00:00","mainEntityOfPage":{"@id":"https:\/\/lospoliticosveracruz.com\/?p=153577"},"wordCount":545,"publisher":{"@id":"https:\/\/lospoliticosveracruz.com\/#organization"},"image":{"@id":"https:\/\/lospoliticosveracruz.com\/?p=153577#primaryimage"},"thumbnailUrl":"https:\/\/lospoliticosveracruz.com\/wp-content\/uploads\/2025\/04\/Chava-Munoz-1.jpg","keywords":["Congreso de Veracruz","consulta ciudadana","llamadas encuestas","Revocaci\u00f3n de Mandato","Roc\u00edo Nahle"],"articleSection":["De Opini\u00f3n"],"inLanguage":"es"},{"@type":"WebPage","@id":"https:\/\/lospoliticosveracruz.com\/?p=153577","url":"https:\/\/lospoliticosveracruz.com\/?p=153577","name":"LAS LLAMADAS DE NAHLE - Los pol\u00edticos Veracruz","isPartOf":{"@id":"https:\/\/lospoliticosveracruz.com\/#website"},"primaryImageOfPage":{"@id":"https:\/\/lospoliticosveracruz.com\/?p=153577#primaryimage"},"image":{"@id":"https:\/\/lospoliticosveracruz.com\/?p=153577#primaryimage"},"thumbnailUrl":"https:\/\/lospoliticosveracruz.com\/wp-content\/uploads\/2025\/04\/Chava-Munoz-1.jpg","datePublished":"2025-10-02T03:28:00+00:00","breadcrumb":{"@id":"https:\/\/lospoliticosveracruz.com\/?p=153577#breadcrumb"},"inLanguage":"es","potentialAction":[{"@type":"ReadAction","target":["https:\/\/lospoliticosveracruz.com\/?p=153577"]}]},{"@type":"ImageObject","inLanguage":"es","@id":"https:\/\/lospoliticosveracruz.com\/?p=153577#primaryimage","url":"https:\/\/lospoliticosveracruz.com\/wp-content\/uploads\/2025\/04\/Chava-Munoz-1.jpg","contentUrl":"https:\/\/lospoliticosveracruz.com\/wp-content\/uploads\/2025\/04\/Chava-Munoz-1.jpg","width":1250,"height":667},{"@type":"BreadcrumbList","@id":"https:\/\/lospoliticosveracruz.com\/?p=153577#breadcrumb","itemListElement":[{"@type":"ListItem","position":1,"name":"Portada","item":"https:\/\/lospoliticosveracruz.com\/"},{"@type":"ListItem","position":2,"name":"LAS LLAMADAS DE NAHLE"}]},{"@type":"WebSite","@id":"https:\/\/lospoliticosveracruz.com\/#website","url":"https:\/\/lospoliticosveracruz.com\/","name":"Los pol\u00edticos Veracruz","description":"","publisher":{"@id":"https:\/\/lospoliticosveracruz.com\/#organization"},"potentialAction":[{"@type":"SearchAction","target":{"@type":"EntryPoint","urlTemplate":"https:\/\/lospoliticosveracruz.com\/?s={search_term_string}"},"query-input":{"@type":"PropertyValueSpecification","valueRequired":true,"valueName":"search_term_string"}}],"inLanguage":"es"},{"@type":"Organization","@id":"https:\/\/lospoliticosveracruz.com\/#organization","name":"Los pol\u00edticos Veracruz","url":"https:\/\/lospoliticosveracruz.com\/","logo":{"@type":"ImageObject","inLanguage":"es","@id":"https:\/\/lospoliticosveracruz.com\/#\/schema\/logo\/image\/","url":"https:\/\/lospoliticosveracruz.com\/wp-content\/uploads\/2025\/12\/Logo-Nuevo-LOS-POLITICOS-1.jpg","contentUrl":"https:\/\/lospoliticosveracruz.com\/wp-content\/uploads\/2025\/12\/Logo-Nuevo-LOS-POLITICOS-1.jpg","width":260,"height":70,"caption":"Los pol\u00edticos Veracruz"},"image":{"@id":"https:\/\/lospoliticosveracruz.com\/#\/schema\/logo\/image\/"},"sameAs":["https:\/\/www.facebook.com\/people\/Notimemes-de-los-Polticos\/61565672886568\/","https:\/\/x.com\/LosPoliticosVer"]},{"@type":"Person","@id":"https:\/\/lospoliticosveracruz.com\/#\/schema\/person\/b8702bb0e538456e6efd07080bf2a4a2","name":"Lo viste en Los Pol\u00edticos","image":{"@type":"ImageObject","inLanguage":"es","@id":"https:\/\/secure.gravatar.com\/avatar\/3a8de04a2656d44082be478bd6c086daa447c4651605818287b9532d3d0bd435?s=96&d=mm&r=g","url":"https:\/\/secure.gravatar.com\/avatar\/3a8de04a2656d44082be478bd6c086daa447c4651605818287b9532d3d0bd435?s=96&d=mm&r=g","contentUrl":"https:\/\/secure.gravatar.com\/avatar\/3a8de04a2656d44082be478bd6c086daa447c4651605818287b9532d3d0bd435?s=96&d=mm&r=g","caption":"Lo viste en Los Pol\u00edticos"},"url":"https:\/\/lospoliticosveracruz.com\/?author=2"}]}},"_links":{"self":[{"href":"https:\/\/lospoliticosveracruz.com\/index.php?rest_route=\/wp\/v2\/posts\/153577","targetHints":{"allow":["GET"]}}],"collection":[{"href":"https:\/\/lospoliticosveracruz.com\/index.php?rest_route=\/wp\/v2\/posts"}],"about":[{"href":"https:\/\/lospoliticosveracruz.com\/index.php?rest_route=\/wp\/v2\/types\/post"}],"author":[{"embeddable":true,"href":"https:\/\/lospoliticosveracruz.com\/index.php?rest_route=\/wp\/v2\/users\/2"}],"replies":[{"embeddable":true,"href":"https:\/\/lospoliticosveracruz.com\/index.php?rest_route=%2Fwp%2Fv2%2Fcomments&post=153577"}],"version-history":[{"count":1,"href":"https:\/\/lospoliticosveracruz.com\/index.php?rest_route=\/wp\/v2\/posts\/153577\/revisions"}],"predecessor-version":[{"id":153578,"href":"https:\/\/lospoliticosveracruz.com\/index.php?rest_route=\/wp\/v2\/posts\/153577\/revisions\/153578"}],"wp:featuredmedia":[{"embeddable":true,"href":"https:\/\/lospoliticosveracruz.com\/index.php?rest_route=\/wp\/v2\/media\/141805"}],"wp:attachment":[{"href":"https:\/\/lospoliticosveracruz.com\/index.php?rest_route=%2Fwp%2Fv2%2Fmedia&parent=153577"}],"wp:term":[{"taxonomy":"category","embeddable":true,"href":"https:\/\/lospoliticosveracruz.com\/index.php?rest_route=%2Fwp%2Fv2%2Fcategories&post=153577"},{"taxonomy":"post_tag","embeddable":true,"href":"https:\/\/lospoliticosveracruz.com\/index.php?rest_route=%2Fwp%2Fv2%2Ftags&post=153577"}],"curies":[{"name":"wp","href":"https:\/\/api.w.org\/{rel}","templated":true}]}}