{"id":153581,"date":"2025-10-01T12:07:00","date_gmt":"2025-10-01T17:07:00","guid":{"rendered":"https:\/\/lospoliticosveracruz.com.mx\/?p=153581"},"modified":"2025-10-01T12:07:19","modified_gmt":"2025-10-01T17:07:19","slug":"inundaciones-3","status":"publish","type":"post","link":"https:\/\/lospoliticosveracruz.com\/?p=153581","title":{"rendered":"INUNDACIONES"},"content":{"rendered":"\n<p><\/p>\n\n\n\n\n\n<p><strong>Juan Javier G\u00f3mez Cazar\u00edn<\/strong><\/p>\n\n\n\n<p><em>Lo que yo pienso<br><\/em><\/p>\n\n\n\n<p>\u00bfSe acuerdan de que en junio, el hurac\u00e1n \u00c9rick golpe\u00f3 la costa de Oaxaca y la Delegaci\u00f3n de Bienestar en Veracruz fue convocada para echar el hombro a ese pueblo hermano de Veracruz? En Pinotepa, para ser m\u00e1s precisos.<\/p>\n\n\n\n<p>Hoy se repite, m\u00e1s o menos, la historia. Ahora fueron las inundaciones en los l\u00edmites de la CDMX y el Estado de M\u00e9xico. Nos llamaron y fuimos con el gusto de servir a quien necesita una mano en la alcald\u00eda Iztapalapa y su vecina Ciudad Netzahualc\u00f3yotl.<\/p>\n\n\n\n\n\n<p>En la playa de Oaxaca o en la mancha urbana de la Megal\u00f3polis del Valle de M\u00e9xico, la devastaci\u00f3n siempre es dolorosa. Aqu\u00ed no se cayeron casas, ni se volaron techos, sino que una de las peores lluvias registradas en los \u00faltimos tiempos desbord\u00f3 los drenajes. Las aguas negras inundaron y echaron a perder muebles y dem\u00e1s enseres dom\u00e9sticos.<\/p>\n\n\n\n<p>Con el agua arriba de los tobillos, la gente no puede rehacer su vida sin ayuda.<\/p>\n\n\n\n<p>\u00bfDe qu\u00e9 tama\u00f1o es el desastre? Imag\u00ednense: si la Alcald\u00eda Iztapalapa la cont\u00e1ramos como un municipio, ser\u00eda el segundo m\u00e1s poblado del pa\u00eds, despu\u00e9s de Tijuana: m\u00e1s de 1 mill\u00f3n 800 mil personas. Ciudad Netzahualc\u00f3yotl ocupa el lugar 11: poco m\u00e1s de 1 mill\u00f3n de habitantes.<\/p>\n\n\n\n<p>Ya s\u00e9 que no todas las colonias se inundaron, pero hago la referencia porque aqu\u00ed, cuando algo pasa, pasa en grande.<\/p>\n\n\n\n<p>Adem\u00e1s, para eso nos mandaron, para contarlos. La parte central de nuestra chamba, en esta primera etapa, es censar casa por casa. Hablar cara a cara con las familias afectadas para identificar los da\u00f1os y programar la ayuda que la presidenta Claudia Sheinbaum ya comprometi\u00f3 a los afectados.<\/p>\n\n\n\n<p>Liderando al equipo de Bienestar que acudi\u00f3 de distintos lados del pa\u00eds, est\u00e1 nuestra ejemplar secretaria, Ariadna Montiel Reyes, con instrucciones de la presidenta Claudia Sheinbaum de entrarle a respaldar el esfuerzo de mexiquenses por superar esta calamidad.<\/p>\n\n\n\n<p>Podr\u00eda estar en su oficina, pero anda con nosotros en la calle, supervisando el trabajo directamente.<\/p>\n\n\n\n<p>Y as\u00ed como ella, mis compa\u00f1eras y compa\u00f1eros Servidores de la Naci\u00f3n y Promotores de Unidad B\u00e1sica de Apoyo (UBA), que trabajan sin rajarse y cuya chamba incluso les ha merecido el reconocimiento de la gobernadora Roc\u00edo Nahle en sus conferencias de prensa.<\/p>\n\n\n\n<p>Con una jefa as\u00ed y con compa\u00f1eras y compa\u00f1eros as\u00ed, \u00bfc\u00f3mo no va uno a trabajar a gusto, no?<\/p>\n\n\n\n<p>Aqu\u00ed andamos los veracruzanos. Lo hacemos desinteresadamente, s\u00ed, pero tambi\u00e9n conscientes de que la vida da vueltas y que hoy es por ellos; ma\u00f1ana, qui\u00e9n sabe. Los desastres naturales no tienen palabra y agarran parejo.<\/p>\n\n\n\n<p>Pd. &#8211; Cr\u00e9dito a quien merece. No andamos solos, obviamente. El Ej\u00e9rcito Mexicano, Protecci\u00f3n Civil y los Gobiernos Locales, entre otras muchas dependencias, est\u00e1n haciendo una chamba monumental para atender la emergencia. Mis respetos para todos ellos.<\/p>\n","protected":false},"excerpt":{"rendered":"<p>Juan Javier G\u00f3mez Cazar\u00edn Lo que yo pienso \u00bfSe acuerdan de que en junio, el hurac\u00e1n \u00c9rick golpe\u00f3 la costa de Oaxaca y la Delegaci\u00f3n de Bienestar en Veracruz fue convocada para echar el hombro a ese pueblo hermano de Veracruz? En Pinotepa, para ser m\u00e1s precisos. Hoy se repite, m\u00e1s o menos, la historia. [&hellip;]<\/p>\n","protected":false},"author":2,"featured_media":141393,"comment_status":"closed","ping_status":"closed","sticky":false,"template":"","format":"standard","meta":{"tdm_status":"","tdm_grid_status":"","footnotes":""},"categories":[70],"tags":[],"class_list":{"0":"post-153581","1":"post","2":"type-post","3":"status-publish","4":"format-standard","5":"has-post-thumbnail","7":"category-de-opinion"},"yoast_head":"<!-- This site is optimized with the Yoast SEO plugin v27.4 - https:\/\/yoast.com\/product\/yoast-seo-wordpress\/ -->\n<title>INUNDACIONES - Los pol\u00edticos Veracruz<\/title>\n<meta name=\"robots\" content=\"index, follow, max-snippet:-1, max-image-preview:large, max-video-preview:-1\" \/>\n<link rel=\"canonical\" href=\"https:\/\/lospoliticosveracruz.com\/?p=153581\" \/>\n<meta property=\"og:locale\" content=\"es_ES\" \/>\n<meta property=\"og:type\" content=\"article\" \/>\n<meta property=\"og:title\" content=\"INUNDACIONES - Los pol\u00edticos Veracruz\" \/>\n<meta property=\"og:description\" content=\"Juan Javier G\u00f3mez Cazar\u00edn Lo que yo pienso \u00bfSe acuerdan de que en junio, el hurac\u00e1n \u00c9rick golpe\u00f3 la costa de Oaxaca y la Delegaci\u00f3n de Bienestar en Veracruz fue convocada para echar el hombro a ese pueblo hermano de Veracruz? En Pinotepa, para ser m\u00e1s precisos. Hoy se repite, m\u00e1s o menos, la historia. [&hellip;]\" \/>\n<meta property=\"og:url\" content=\"https:\/\/lospoliticosveracruz.com\/?p=153581\" \/>\n<meta property=\"og:site_name\" content=\"Los pol\u00edticos Veracruz\" \/>\n<meta property=\"article:publisher\" content=\"https:\/\/www.facebook.com\/people\/Notimemes-de-los-Polticos\/61565672886568\/\" \/>\n<meta property=\"article:published_time\" content=\"2025-10-01T17:07:00+00:00\" \/>\n<meta property=\"article:modified_time\" content=\"2025-10-01T17:07:19+00:00\" \/>\n<meta property=\"og:image\" content=\"https:\/\/lospoliticosveracruz.com\/wp-content\/uploads\/2025\/04\/Juan-Javier-Gomez-Cazarin.jpg\" \/>\n\t<meta property=\"og:image:width\" content=\"1250\" \/>\n\t<meta property=\"og:image:height\" content=\"667\" \/>\n\t<meta property=\"og:image:type\" content=\"image\/jpeg\" \/>\n<meta name=\"author\" content=\"Lo viste en Los Pol\u00edticos\" \/>\n<meta name=\"twitter:card\" content=\"summary_large_image\" \/>\n<meta name=\"twitter:creator\" content=\"@LosPoliticosVer\" \/>\n<meta name=\"twitter:site\" content=\"@LosPoliticosVer\" \/>\n<meta name=\"twitter:label1\" content=\"Escrito por\" \/>\n\t<meta name=\"twitter:data1\" content=\"Lo viste en Los Pol\u00edticos\" \/>\n\t<meta name=\"twitter:label2\" content=\"Tiempo de lectura\" \/>\n\t<meta name=\"twitter:data2\" content=\"3 minutos\" \/>\n<script type=\"application\/ld+json\" class=\"yoast-schema-graph\">{\"@context\":\"https:\\\/\\\/schema.org\",\"@graph\":[{\"@type\":\"Article\",\"@id\":\"https:\\\/\\\/lospoliticosveracruz.com\\\/?p=153581#article\",\"isPartOf\":{\"@id\":\"https:\\\/\\\/lospoliticosveracruz.com\\\/?p=153581\"},\"author\":{\"name\":\"Lo viste en Los Pol\u00edticos\",\"@id\":\"https:\\\/\\\/lospoliticosveracruz.com\\\/#\\\/schema\\\/person\\\/b8702bb0e538456e6efd07080bf2a4a2\"},\"headline\":\"INUNDACIONES\",\"datePublished\":\"2025-10-01T17:07:00+00:00\",\"dateModified\":\"2025-10-01T17:07:19+00:00\",\"mainEntityOfPage\":{\"@id\":\"https:\\\/\\\/lospoliticosveracruz.com\\\/?p=153581\"},\"wordCount\":515,\"publisher\":{\"@id\":\"https:\\\/\\\/lospoliticosveracruz.com\\\/#organization\"},\"image\":{\"@id\":\"https:\\\/\\\/lospoliticosveracruz.com\\\/?p=153581#primaryimage\"},\"thumbnailUrl\":\"https:\\\/\\\/lospoliticosveracruz.com\\\/wp-content\\\/uploads\\\/2025\\\/04\\\/Juan-Javier-Gomez-Cazarin-e1774370039950.jpg\",\"articleSection\":[\"De Opini\u00f3n\"],\"inLanguage\":\"es\"},{\"@type\":\"WebPage\",\"@id\":\"https:\\\/\\\/lospoliticosveracruz.com\\\/?p=153581\",\"url\":\"https:\\\/\\\/lospoliticosveracruz.com\\\/?p=153581\",\"name\":\"INUNDACIONES - Los pol\u00edticos Veracruz\",\"isPartOf\":{\"@id\":\"https:\\\/\\\/lospoliticosveracruz.com\\\/#website\"},\"primaryImageOfPage\":{\"@id\":\"https:\\\/\\\/lospoliticosveracruz.com\\\/?p=153581#primaryimage\"},\"image\":{\"@id\":\"https:\\\/\\\/lospoliticosveracruz.com\\\/?p=153581#primaryimage\"},\"thumbnailUrl\":\"https:\\\/\\\/lospoliticosveracruz.com\\\/wp-content\\\/uploads\\\/2025\\\/04\\\/Juan-Javier-Gomez-Cazarin-e1774370039950.jpg\",\"datePublished\":\"2025-10-01T17:07:00+00:00\",\"dateModified\":\"2025-10-01T17:07:19+00:00\",\"breadcrumb\":{\"@id\":\"https:\\\/\\\/lospoliticosveracruz.com\\\/?p=153581#breadcrumb\"},\"inLanguage\":\"es\",\"potentialAction\":[{\"@type\":\"ReadAction\",\"target\":[\"https:\\\/\\\/lospoliticosveracruz.com\\\/?p=153581\"]}]},{\"@type\":\"ImageObject\",\"inLanguage\":\"es\",\"@id\":\"https:\\\/\\\/lospoliticosveracruz.com\\\/?p=153581#primaryimage\",\"url\":\"https:\\\/\\\/lospoliticosveracruz.com\\\/wp-content\\\/uploads\\\/2025\\\/04\\\/Juan-Javier-Gomez-Cazarin-e1774370039950.jpg\",\"contentUrl\":\"https:\\\/\\\/lospoliticosveracruz.com\\\/wp-content\\\/uploads\\\/2025\\\/04\\\/Juan-Javier-Gomez-Cazarin-e1774370039950.jpg\",\"width\":600,\"height\":320},{\"@type\":\"BreadcrumbList\",\"@id\":\"https:\\\/\\\/lospoliticosveracruz.com\\\/?p=153581#breadcrumb\",\"itemListElement\":[{\"@type\":\"ListItem\",\"position\":1,\"name\":\"Portada\",\"item\":\"https:\\\/\\\/lospoliticosveracruz.com\\\/\"},{\"@type\":\"ListItem\",\"position\":2,\"name\":\"INUNDACIONES\"}]},{\"@type\":\"WebSite\",\"@id\":\"https:\\\/\\\/lospoliticosveracruz.com\\\/#website\",\"url\":\"https:\\\/\\\/lospoliticosveracruz.com\\\/\",\"name\":\"Los pol\u00edticos Veracruz\",\"description\":\"\",\"publisher\":{\"@id\":\"https:\\\/\\\/lospoliticosveracruz.com\\\/#organization\"},\"potentialAction\":[{\"@type\":\"SearchAction\",\"target\":{\"@type\":\"EntryPoint\",\"urlTemplate\":\"https:\\\/\\\/lospoliticosveracruz.com\\\/?s={search_term_string}\"},\"query-input\":{\"@type\":\"PropertyValueSpecification\",\"valueRequired\":true,\"valueName\":\"search_term_string\"}}],\"inLanguage\":\"es\"},{\"@type\":\"Organization\",\"@id\":\"https:\\\/\\\/lospoliticosveracruz.com\\\/#organization\",\"name\":\"Los pol\u00edticos Veracruz\",\"url\":\"https:\\\/\\\/lospoliticosveracruz.com\\\/\",\"logo\":{\"@type\":\"ImageObject\",\"inLanguage\":\"es\",\"@id\":\"https:\\\/\\\/lospoliticosveracruz.com\\\/#\\\/schema\\\/logo\\\/image\\\/\",\"url\":\"https:\\\/\\\/lospoliticosveracruz.com\\\/wp-content\\\/uploads\\\/2025\\\/12\\\/Logo-Nuevo-LOS-POLITICOS-1.jpg\",\"contentUrl\":\"https:\\\/\\\/lospoliticosveracruz.com\\\/wp-content\\\/uploads\\\/2025\\\/12\\\/Logo-Nuevo-LOS-POLITICOS-1.jpg\",\"width\":260,\"height\":70,\"caption\":\"Los pol\u00edticos Veracruz\"},\"image\":{\"@id\":\"https:\\\/\\\/lospoliticosveracruz.com\\\/#\\\/schema\\\/logo\\\/image\\\/\"},\"sameAs\":[\"https:\\\/\\\/www.facebook.com\\\/people\\\/Notimemes-de-los-Polticos\\\/61565672886568\\\/\",\"https:\\\/\\\/x.com\\\/LosPoliticosVer\"]},{\"@type\":\"Person\",\"@id\":\"https:\\\/\\\/lospoliticosveracruz.com\\\/#\\\/schema\\\/person\\\/b8702bb0e538456e6efd07080bf2a4a2\",\"name\":\"Lo viste en Los Pol\u00edticos\",\"image\":{\"@type\":\"ImageObject\",\"inLanguage\":\"es\",\"@id\":\"https:\\\/\\\/secure.gravatar.com\\\/avatar\\\/3a8de04a2656d44082be478bd6c086daa447c4651605818287b9532d3d0bd435?s=96&d=mm&r=g\",\"url\":\"https:\\\/\\\/secure.gravatar.com\\\/avatar\\\/3a8de04a2656d44082be478bd6c086daa447c4651605818287b9532d3d0bd435?s=96&d=mm&r=g\",\"contentUrl\":\"https:\\\/\\\/secure.gravatar.com\\\/avatar\\\/3a8de04a2656d44082be478bd6c086daa447c4651605818287b9532d3d0bd435?s=96&d=mm&r=g\",\"caption\":\"Lo viste en Los Pol\u00edticos\"},\"url\":\"https:\\\/\\\/lospoliticosveracruz.com\\\/?author=2\"}]}<\/script>\n<!-- \/ Yoast SEO plugin. -->","yoast_head_json":{"title":"INUNDACIONES - Los pol\u00edticos Veracruz","robots":{"index":"index","follow":"follow","max-snippet":"max-snippet:-1","max-image-preview":"max-image-preview:large","max-video-preview":"max-video-preview:-1"},"canonical":"https:\/\/lospoliticosveracruz.com\/?p=153581","og_locale":"es_ES","og_type":"article","og_title":"INUNDACIONES - Los pol\u00edticos Veracruz","og_description":"Juan Javier G\u00f3mez Cazar\u00edn Lo que yo pienso \u00bfSe acuerdan de que en junio, el hurac\u00e1n \u00c9rick golpe\u00f3 la costa de Oaxaca y la Delegaci\u00f3n de Bienestar en Veracruz fue convocada para echar el hombro a ese pueblo hermano de Veracruz? En Pinotepa, para ser m\u00e1s precisos. Hoy se repite, m\u00e1s o menos, la historia. [&hellip;]","og_url":"https:\/\/lospoliticosveracruz.com\/?p=153581","og_site_name":"Los pol\u00edticos Veracruz","article_publisher":"https:\/\/www.facebook.com\/people\/Notimemes-de-los-Polticos\/61565672886568\/","article_published_time":"2025-10-01T17:07:00+00:00","article_modified_time":"2025-10-01T17:07:19+00:00","og_image":[{"width":1250,"height":667,"url":"https:\/\/lospoliticosveracruz.com\/wp-content\/uploads\/2025\/04\/Juan-Javier-Gomez-Cazarin.jpg","type":"image\/jpeg"}],"author":"Lo viste en Los Pol\u00edticos","twitter_card":"summary_large_image","twitter_creator":"@LosPoliticosVer","twitter_site":"@LosPoliticosVer","twitter_misc":{"Escrito por":"Lo viste en Los Pol\u00edticos","Tiempo de lectura":"3 minutos"},"schema":{"@context":"https:\/\/schema.org","@graph":[{"@type":"Article","@id":"https:\/\/lospoliticosveracruz.com\/?p=153581#article","isPartOf":{"@id":"https:\/\/lospoliticosveracruz.com\/?p=153581"},"author":{"name":"Lo viste en Los Pol\u00edticos","@id":"https:\/\/lospoliticosveracruz.com\/#\/schema\/person\/b8702bb0e538456e6efd07080bf2a4a2"},"headline":"INUNDACIONES","datePublished":"2025-10-01T17:07:00+00:00","dateModified":"2025-10-01T17:07:19+00:00","mainEntityOfPage":{"@id":"https:\/\/lospoliticosveracruz.com\/?p=153581"},"wordCount":515,"publisher":{"@id":"https:\/\/lospoliticosveracruz.com\/#organization"},"image":{"@id":"https:\/\/lospoliticosveracruz.com\/?p=153581#primaryimage"},"thumbnailUrl":"https:\/\/lospoliticosveracruz.com\/wp-content\/uploads\/2025\/04\/Juan-Javier-Gomez-Cazarin-e1774370039950.jpg","articleSection":["De Opini\u00f3n"],"inLanguage":"es"},{"@type":"WebPage","@id":"https:\/\/lospoliticosveracruz.com\/?p=153581","url":"https:\/\/lospoliticosveracruz.com\/?p=153581","name":"INUNDACIONES - Los pol\u00edticos Veracruz","isPartOf":{"@id":"https:\/\/lospoliticosveracruz.com\/#website"},"primaryImageOfPage":{"@id":"https:\/\/lospoliticosveracruz.com\/?p=153581#primaryimage"},"image":{"@id":"https:\/\/lospoliticosveracruz.com\/?p=153581#primaryimage"},"thumbnailUrl":"https:\/\/lospoliticosveracruz.com\/wp-content\/uploads\/2025\/04\/Juan-Javier-Gomez-Cazarin-e1774370039950.jpg","datePublished":"2025-10-01T17:07:00+00:00","dateModified":"2025-10-01T17:07:19+00:00","breadcrumb":{"@id":"https:\/\/lospoliticosveracruz.com\/?p=153581#breadcrumb"},"inLanguage":"es","potentialAction":[{"@type":"ReadAction","target":["https:\/\/lospoliticosveracruz.com\/?p=153581"]}]},{"@type":"ImageObject","inLanguage":"es","@id":"https:\/\/lospoliticosveracruz.com\/?p=153581#primaryimage","url":"https:\/\/lospoliticosveracruz.com\/wp-content\/uploads\/2025\/04\/Juan-Javier-Gomez-Cazarin-e1774370039950.jpg","contentUrl":"https:\/\/lospoliticosveracruz.com\/wp-content\/uploads\/2025\/04\/Juan-Javier-Gomez-Cazarin-e1774370039950.jpg","width":600,"height":320},{"@type":"BreadcrumbList","@id":"https:\/\/lospoliticosveracruz.com\/?p=153581#breadcrumb","itemListElement":[{"@type":"ListItem","position":1,"name":"Portada","item":"https:\/\/lospoliticosveracruz.com\/"},{"@type":"ListItem","position":2,"name":"INUNDACIONES"}]},{"@type":"WebSite","@id":"https:\/\/lospoliticosveracruz.com\/#website","url":"https:\/\/lospoliticosveracruz.com\/","name":"Los pol\u00edticos Veracruz","description":"","publisher":{"@id":"https:\/\/lospoliticosveracruz.com\/#organization"},"potentialAction":[{"@type":"SearchAction","target":{"@type":"EntryPoint","urlTemplate":"https:\/\/lospoliticosveracruz.com\/?s={search_term_string}"},"query-input":{"@type":"PropertyValueSpecification","valueRequired":true,"valueName":"search_term_string"}}],"inLanguage":"es"},{"@type":"Organization","@id":"https:\/\/lospoliticosveracruz.com\/#organization","name":"Los pol\u00edticos Veracruz","url":"https:\/\/lospoliticosveracruz.com\/","logo":{"@type":"ImageObject","inLanguage":"es","@id":"https:\/\/lospoliticosveracruz.com\/#\/schema\/logo\/image\/","url":"https:\/\/lospoliticosveracruz.com\/wp-content\/uploads\/2025\/12\/Logo-Nuevo-LOS-POLITICOS-1.jpg","contentUrl":"https:\/\/lospoliticosveracruz.com\/wp-content\/uploads\/2025\/12\/Logo-Nuevo-LOS-POLITICOS-1.jpg","width":260,"height":70,"caption":"Los pol\u00edticos Veracruz"},"image":{"@id":"https:\/\/lospoliticosveracruz.com\/#\/schema\/logo\/image\/"},"sameAs":["https:\/\/www.facebook.com\/people\/Notimemes-de-los-Polticos\/61565672886568\/","https:\/\/x.com\/LosPoliticosVer"]},{"@type":"Person","@id":"https:\/\/lospoliticosveracruz.com\/#\/schema\/person\/b8702bb0e538456e6efd07080bf2a4a2","name":"Lo viste en Los Pol\u00edticos","image":{"@type":"ImageObject","inLanguage":"es","@id":"https:\/\/secure.gravatar.com\/avatar\/3a8de04a2656d44082be478bd6c086daa447c4651605818287b9532d3d0bd435?s=96&d=mm&r=g","url":"https:\/\/secure.gravatar.com\/avatar\/3a8de04a2656d44082be478bd6c086daa447c4651605818287b9532d3d0bd435?s=96&d=mm&r=g","contentUrl":"https:\/\/secure.gravatar.com\/avatar\/3a8de04a2656d44082be478bd6c086daa447c4651605818287b9532d3d0bd435?s=96&d=mm&r=g","caption":"Lo viste en Los Pol\u00edticos"},"url":"https:\/\/lospoliticosveracruz.com\/?author=2"}]}},"_links":{"self":[{"href":"https:\/\/lospoliticosveracruz.com\/index.php?rest_route=\/wp\/v2\/posts\/153581","targetHints":{"allow":["GET"]}}],"collection":[{"href":"https:\/\/lospoliticosveracruz.com\/index.php?rest_route=\/wp\/v2\/posts"}],"about":[{"href":"https:\/\/lospoliticosveracruz.com\/index.php?rest_route=\/wp\/v2\/types\/post"}],"author":[{"embeddable":true,"href":"https:\/\/lospoliticosveracruz.com\/index.php?rest_route=\/wp\/v2\/users\/2"}],"replies":[{"embeddable":true,"href":"https:\/\/lospoliticosveracruz.com\/index.php?rest_route=%2Fwp%2Fv2%2Fcomments&post=153581"}],"version-history":[{"count":1,"href":"https:\/\/lospoliticosveracruz.com\/index.php?rest_route=\/wp\/v2\/posts\/153581\/revisions"}],"predecessor-version":[{"id":153582,"href":"https:\/\/lospoliticosveracruz.com\/index.php?rest_route=\/wp\/v2\/posts\/153581\/revisions\/153582"}],"wp:featuredmedia":[{"embeddable":true,"href":"https:\/\/lospoliticosveracruz.com\/index.php?rest_route=\/wp\/v2\/media\/141393"}],"wp:attachment":[{"href":"https:\/\/lospoliticosveracruz.com\/index.php?rest_route=%2Fwp%2Fv2%2Fmedia&parent=153581"}],"wp:term":[{"taxonomy":"category","embeddable":true,"href":"https:\/\/lospoliticosveracruz.com\/index.php?rest_route=%2Fwp%2Fv2%2Fcategories&post=153581"},{"taxonomy":"post_tag","embeddable":true,"href":"https:\/\/lospoliticosveracruz.com\/index.php?rest_route=%2Fwp%2Fv2%2Ftags&post=153581"}],"curies":[{"name":"wp","href":"https:\/\/api.w.org\/{rel}","templated":true}]}}