{"id":153691,"date":"2025-10-02T19:16:42","date_gmt":"2025-10-03T00:16:42","guid":{"rendered":"https:\/\/lospoliticosveracruz.com.mx\/?p=153691"},"modified":"2025-10-02T19:16:59","modified_gmt":"2025-10-03T00:16:59","slug":"unanue-la-dejo-como-nueva","status":"publish","type":"post","link":"https:\/\/lospoliticosveracruz.com\/?p=153691","title":{"rendered":"UNANUE LA DEJ\u00d3 COMO NUEVA!"},"content":{"rendered":"\n<p><\/p>\n\n\n\n\n\n<p>El&nbsp;<strong>alcalde de Boca del R\u00edo, Juan Manuel Un\u00e1nue Abascal<\/strong>, anunci\u00f3 que la rehabilitaci\u00f3n con concreto asf\u00e1ltico de la&nbsp;<strong>avenida Carranza<\/strong>&nbsp;qued\u00f3 lista, una obra que permitir\u00e1 la interconexi\u00f3n entre diversos puntos del municipio, mejorando la movilidad e impulsando el desarrollo econ\u00f3mico de la regi\u00f3n.<\/p>\n\n\n\n\n\n<p>\u201cYa qued\u00f3 lista la rehabilitaci\u00f3n y se\u00f1al\u00e9tica vial de la&nbsp;<strong>Avenida Carranza<\/strong>&nbsp;dentro de las colonias&nbsp;<strong>Manantial<\/strong>&nbsp;y&nbsp;<strong>8 de Marzo<\/strong>. Con esta obra beneficiamos directamente a muchas familias y se mejora la movilidad de todos los boque\u00f1os que transitan por esta importante vialidad\u201d, expres\u00f3 el edil.<\/p>\n\n\n\n<p>Con esta obra se beneficiar\u00e1n de manera directa m\u00e1s de 3 mil personas, adem\u00e1s de todos los ciudadanos que diariamente transitan por esta v\u00eda de comunicaci\u00f3n, gracias a la pavimentaci\u00f3n de casi 10 mil metros cuadrados.<\/p>\n\n\n\n<p>Entre las acciones realizadas, se aplicaron m\u00e1s de mil 900 metros lineales de pintura especial para se\u00f1alamiento en pavimento y guarniciones con distintos anchos entre otras acciones.<\/p>\n\n\n\n<p>Ante vecinos y comerciantes, el&nbsp;<strong>Presidente Municipal<\/strong>&nbsp;destac\u00f3 que su gobierno mantiene el compromiso de seguir trabajando para mejorar la calidad de vida de los boque\u00f1os y dar continuidad a la modernizaci\u00f3n del municipio.<\/p>\n\n\n\n<p>Finalmente,&nbsp;<strong>Juan Manuel Un\u00e1nue Abascal<\/strong>&nbsp;recalc\u00f3 que desde el inicio de su administraci\u00f3n el objetivo ha sido llevar obras a las colonias de&nbsp;<strong>Boca del R\u00edo<\/strong>, generando un claro beneficio social para las familias boque\u00f1as.<\/p>\n","protected":false},"excerpt":{"rendered":"<p>El&nbsp;alcalde de Boca del R\u00edo, Juan Manuel Un\u00e1nue Abascal, anunci\u00f3 que la rehabilitaci\u00f3n con concreto asf\u00e1ltico de la&nbsp;avenida Carranza&nbsp;qued\u00f3 lista, una obra que permitir\u00e1 la interconexi\u00f3n entre diversos puntos del municipio, mejorando la movilidad e impulsando el desarrollo econ\u00f3mico de la regi\u00f3n. \u201cYa qued\u00f3 lista la rehabilitaci\u00f3n y se\u00f1al\u00e9tica vial de la&nbsp;Avenida Carranza&nbsp;dentro de las [&hellip;]<\/p>\n","protected":false},"author":2,"featured_media":153692,"comment_status":"closed","ping_status":"closed","sticky":false,"template":"","format":"standard","meta":{"tdm_status":"","tdm_grid_status":"","footnotes":""},"categories":[73],"tags":[12535,46219,45120,46217,46218],"class_list":{"0":"post-153691","1":"post","2":"type-post","3":"status-publish","4":"format-standard","5":"has-post-thumbnail","7":"category-de-boleto","8":"tag-juan-manuel-unanue-abascal","9":"tag-modernizacion-vialidades-municipales","10":"tag-obras-publicas-boca-del-rio","11":"tag-pavimentacion-veracruz","12":"tag-rehabilitacion-avenida-carranza"},"yoast_head":"<!-- This site is optimized with the Yoast SEO plugin v27.4 - https:\/\/yoast.com\/product\/yoast-seo-wordpress\/ -->\n<title>UNANUE LA DEJ\u00d3 COMO NUEVA! - Los pol\u00edticos Veracruz<\/title>\n<meta name=\"robots\" content=\"index, follow, max-snippet:-1, max-image-preview:large, max-video-preview:-1\" \/>\n<link rel=\"canonical\" href=\"https:\/\/lospoliticosveracruz.com\/?p=153691\" \/>\n<meta property=\"og:locale\" content=\"es_ES\" \/>\n<meta property=\"og:type\" content=\"article\" \/>\n<meta property=\"og:title\" content=\"UNANUE LA DEJ\u00d3 COMO NUEVA! - Los pol\u00edticos Veracruz\" \/>\n<meta property=\"og:description\" content=\"El&nbsp;alcalde de Boca del R\u00edo, Juan Manuel Un\u00e1nue Abascal, anunci\u00f3 que la rehabilitaci\u00f3n con concreto asf\u00e1ltico de la&nbsp;avenida Carranza&nbsp;qued\u00f3 lista, una obra que permitir\u00e1 la interconexi\u00f3n entre diversos puntos del municipio, mejorando la movilidad e impulsando el desarrollo econ\u00f3mico de la regi\u00f3n. \u201cYa qued\u00f3 lista la rehabilitaci\u00f3n y se\u00f1al\u00e9tica vial de la&nbsp;Avenida Carranza&nbsp;dentro de las [&hellip;]\" \/>\n<meta property=\"og:url\" content=\"https:\/\/lospoliticosveracruz.com\/?p=153691\" \/>\n<meta property=\"og:site_name\" content=\"Los pol\u00edticos Veracruz\" \/>\n<meta property=\"article:publisher\" content=\"https:\/\/www.facebook.com\/people\/Notimemes-de-los-Polticos\/61565672886568\/\" \/>\n<meta property=\"article:published_time\" content=\"2025-10-03T00:16:42+00:00\" \/>\n<meta property=\"article:modified_time\" content=\"2025-10-03T00:16:59+00:00\" \/>\n<meta property=\"og:image\" content=\"https:\/\/lospoliticosveracruz.com\/wp-content\/uploads\/2025\/10\/IMG_9567.jpeg\" \/>\n\t<meta property=\"og:image:width\" content=\"600\" \/>\n\t<meta property=\"og:image:height\" content=\"320\" \/>\n\t<meta property=\"og:image:type\" content=\"image\/jpeg\" \/>\n<meta name=\"author\" content=\"Lo viste en Los Pol\u00edticos\" \/>\n<meta name=\"twitter:card\" content=\"summary_large_image\" \/>\n<meta name=\"twitter:creator\" content=\"@LosPoliticosVer\" \/>\n<meta name=\"twitter:site\" content=\"@LosPoliticosVer\" \/>\n<meta name=\"twitter:label1\" content=\"Escrito por\" \/>\n\t<meta name=\"twitter:data1\" content=\"Lo viste en Los Pol\u00edticos\" \/>\n\t<meta name=\"twitter:label2\" content=\"Tiempo de lectura\" \/>\n\t<meta name=\"twitter:data2\" content=\"1 minuto\" \/>\n<script type=\"application\/ld+json\" class=\"yoast-schema-graph\">{\"@context\":\"https:\\\/\\\/schema.org\",\"@graph\":[{\"@type\":\"Article\",\"@id\":\"https:\\\/\\\/lospoliticosveracruz.com\\\/?p=153691#article\",\"isPartOf\":{\"@id\":\"https:\\\/\\\/lospoliticosveracruz.com\\\/?p=153691\"},\"author\":{\"name\":\"Lo viste en Los Pol\u00edticos\",\"@id\":\"https:\\\/\\\/lospoliticosveracruz.com\\\/#\\\/schema\\\/person\\\/b8702bb0e538456e6efd07080bf2a4a2\"},\"headline\":\"UNANUE LA DEJ\u00d3 COMO NUEVA!\",\"datePublished\":\"2025-10-03T00:16:42+00:00\",\"dateModified\":\"2025-10-03T00:16:59+00:00\",\"mainEntityOfPage\":{\"@id\":\"https:\\\/\\\/lospoliticosveracruz.com\\\/?p=153691\"},\"wordCount\":263,\"publisher\":{\"@id\":\"https:\\\/\\\/lospoliticosveracruz.com\\\/#organization\"},\"image\":{\"@id\":\"https:\\\/\\\/lospoliticosveracruz.com\\\/?p=153691#primaryimage\"},\"thumbnailUrl\":\"https:\\\/\\\/lospoliticosveracruz.com\\\/wp-content\\\/uploads\\\/2025\\\/10\\\/IMG_9567.jpeg\",\"keywords\":[\"Juan Manuel Un\u00e1nue Abascal\",\"modernizaci\u00f3n vialidades municipales\",\"obras p\u00fablicas Boca del R\u00edo\",\"pavimentaci\u00f3n Veracruz\",\"rehabilitaci\u00f3n avenida Carranza\"],\"articleSection\":[\"De Boleto\"],\"inLanguage\":\"es\"},{\"@type\":\"WebPage\",\"@id\":\"https:\\\/\\\/lospoliticosveracruz.com\\\/?p=153691\",\"url\":\"https:\\\/\\\/lospoliticosveracruz.com\\\/?p=153691\",\"name\":\"UNANUE LA DEJ\u00d3 COMO NUEVA! - Los pol\u00edticos Veracruz\",\"isPartOf\":{\"@id\":\"https:\\\/\\\/lospoliticosveracruz.com\\\/#website\"},\"primaryImageOfPage\":{\"@id\":\"https:\\\/\\\/lospoliticosveracruz.com\\\/?p=153691#primaryimage\"},\"image\":{\"@id\":\"https:\\\/\\\/lospoliticosveracruz.com\\\/?p=153691#primaryimage\"},\"thumbnailUrl\":\"https:\\\/\\\/lospoliticosveracruz.com\\\/wp-content\\\/uploads\\\/2025\\\/10\\\/IMG_9567.jpeg\",\"datePublished\":\"2025-10-03T00:16:42+00:00\",\"dateModified\":\"2025-10-03T00:16:59+00:00\",\"breadcrumb\":{\"@id\":\"https:\\\/\\\/lospoliticosveracruz.com\\\/?p=153691#breadcrumb\"},\"inLanguage\":\"es\",\"potentialAction\":[{\"@type\":\"ReadAction\",\"target\":[\"https:\\\/\\\/lospoliticosveracruz.com\\\/?p=153691\"]}]},{\"@type\":\"ImageObject\",\"inLanguage\":\"es\",\"@id\":\"https:\\\/\\\/lospoliticosveracruz.com\\\/?p=153691#primaryimage\",\"url\":\"https:\\\/\\\/lospoliticosveracruz.com\\\/wp-content\\\/uploads\\\/2025\\\/10\\\/IMG_9567.jpeg\",\"contentUrl\":\"https:\\\/\\\/lospoliticosveracruz.com\\\/wp-content\\\/uploads\\\/2025\\\/10\\\/IMG_9567.jpeg\",\"width\":600,\"height\":320},{\"@type\":\"BreadcrumbList\",\"@id\":\"https:\\\/\\\/lospoliticosveracruz.com\\\/?p=153691#breadcrumb\",\"itemListElement\":[{\"@type\":\"ListItem\",\"position\":1,\"name\":\"Portada\",\"item\":\"https:\\\/\\\/lospoliticosveracruz.com\\\/\"},{\"@type\":\"ListItem\",\"position\":2,\"name\":\"UNANUE LA DEJ\u00d3 COMO NUEVA!\"}]},{\"@type\":\"WebSite\",\"@id\":\"https:\\\/\\\/lospoliticosveracruz.com\\\/#website\",\"url\":\"https:\\\/\\\/lospoliticosveracruz.com\\\/\",\"name\":\"Los pol\u00edticos Veracruz\",\"description\":\"\",\"publisher\":{\"@id\":\"https:\\\/\\\/lospoliticosveracruz.com\\\/#organization\"},\"potentialAction\":[{\"@type\":\"SearchAction\",\"target\":{\"@type\":\"EntryPoint\",\"urlTemplate\":\"https:\\\/\\\/lospoliticosveracruz.com\\\/?s={search_term_string}\"},\"query-input\":{\"@type\":\"PropertyValueSpecification\",\"valueRequired\":true,\"valueName\":\"search_term_string\"}}],\"inLanguage\":\"es\"},{\"@type\":\"Organization\",\"@id\":\"https:\\\/\\\/lospoliticosveracruz.com\\\/#organization\",\"name\":\"Los pol\u00edticos Veracruz\",\"url\":\"https:\\\/\\\/lospoliticosveracruz.com\\\/\",\"logo\":{\"@type\":\"ImageObject\",\"inLanguage\":\"es\",\"@id\":\"https:\\\/\\\/lospoliticosveracruz.com\\\/#\\\/schema\\\/logo\\\/image\\\/\",\"url\":\"https:\\\/\\\/lospoliticosveracruz.com\\\/wp-content\\\/uploads\\\/2025\\\/12\\\/Logo-Nuevo-LOS-POLITICOS-1.jpg\",\"contentUrl\":\"https:\\\/\\\/lospoliticosveracruz.com\\\/wp-content\\\/uploads\\\/2025\\\/12\\\/Logo-Nuevo-LOS-POLITICOS-1.jpg\",\"width\":260,\"height\":70,\"caption\":\"Los pol\u00edticos Veracruz\"},\"image\":{\"@id\":\"https:\\\/\\\/lospoliticosveracruz.com\\\/#\\\/schema\\\/logo\\\/image\\\/\"},\"sameAs\":[\"https:\\\/\\\/www.facebook.com\\\/people\\\/Notimemes-de-los-Polticos\\\/61565672886568\\\/\",\"https:\\\/\\\/x.com\\\/LosPoliticosVer\"]},{\"@type\":\"Person\",\"@id\":\"https:\\\/\\\/lospoliticosveracruz.com\\\/#\\\/schema\\\/person\\\/b8702bb0e538456e6efd07080bf2a4a2\",\"name\":\"Lo viste en Los Pol\u00edticos\",\"image\":{\"@type\":\"ImageObject\",\"inLanguage\":\"es\",\"@id\":\"https:\\\/\\\/secure.gravatar.com\\\/avatar\\\/3a8de04a2656d44082be478bd6c086daa447c4651605818287b9532d3d0bd435?s=96&d=mm&r=g\",\"url\":\"https:\\\/\\\/secure.gravatar.com\\\/avatar\\\/3a8de04a2656d44082be478bd6c086daa447c4651605818287b9532d3d0bd435?s=96&d=mm&r=g\",\"contentUrl\":\"https:\\\/\\\/secure.gravatar.com\\\/avatar\\\/3a8de04a2656d44082be478bd6c086daa447c4651605818287b9532d3d0bd435?s=96&d=mm&r=g\",\"caption\":\"Lo viste en Los Pol\u00edticos\"},\"url\":\"https:\\\/\\\/lospoliticosveracruz.com\\\/?author=2\"}]}<\/script>\n<!-- \/ Yoast SEO plugin. -->","yoast_head_json":{"title":"UNANUE LA DEJ\u00d3 COMO NUEVA! - Los pol\u00edticos Veracruz","robots":{"index":"index","follow":"follow","max-snippet":"max-snippet:-1","max-image-preview":"max-image-preview:large","max-video-preview":"max-video-preview:-1"},"canonical":"https:\/\/lospoliticosveracruz.com\/?p=153691","og_locale":"es_ES","og_type":"article","og_title":"UNANUE LA DEJ\u00d3 COMO NUEVA! - Los pol\u00edticos Veracruz","og_description":"El&nbsp;alcalde de Boca del R\u00edo, Juan Manuel Un\u00e1nue Abascal, anunci\u00f3 que la rehabilitaci\u00f3n con concreto asf\u00e1ltico de la&nbsp;avenida Carranza&nbsp;qued\u00f3 lista, una obra que permitir\u00e1 la interconexi\u00f3n entre diversos puntos del municipio, mejorando la movilidad e impulsando el desarrollo econ\u00f3mico de la regi\u00f3n. \u201cYa qued\u00f3 lista la rehabilitaci\u00f3n y se\u00f1al\u00e9tica vial de la&nbsp;Avenida Carranza&nbsp;dentro de las [&hellip;]","og_url":"https:\/\/lospoliticosveracruz.com\/?p=153691","og_site_name":"Los pol\u00edticos Veracruz","article_publisher":"https:\/\/www.facebook.com\/people\/Notimemes-de-los-Polticos\/61565672886568\/","article_published_time":"2025-10-03T00:16:42+00:00","article_modified_time":"2025-10-03T00:16:59+00:00","og_image":[{"width":600,"height":320,"url":"https:\/\/lospoliticosveracruz.com\/wp-content\/uploads\/2025\/10\/IMG_9567.jpeg","type":"image\/jpeg"}],"author":"Lo viste en Los Pol\u00edticos","twitter_card":"summary_large_image","twitter_creator":"@LosPoliticosVer","twitter_site":"@LosPoliticosVer","twitter_misc":{"Escrito por":"Lo viste en Los Pol\u00edticos","Tiempo de lectura":"1 minuto"},"schema":{"@context":"https:\/\/schema.org","@graph":[{"@type":"Article","@id":"https:\/\/lospoliticosveracruz.com\/?p=153691#article","isPartOf":{"@id":"https:\/\/lospoliticosveracruz.com\/?p=153691"},"author":{"name":"Lo viste en Los Pol\u00edticos","@id":"https:\/\/lospoliticosveracruz.com\/#\/schema\/person\/b8702bb0e538456e6efd07080bf2a4a2"},"headline":"UNANUE LA DEJ\u00d3 COMO NUEVA!","datePublished":"2025-10-03T00:16:42+00:00","dateModified":"2025-10-03T00:16:59+00:00","mainEntityOfPage":{"@id":"https:\/\/lospoliticosveracruz.com\/?p=153691"},"wordCount":263,"publisher":{"@id":"https:\/\/lospoliticosveracruz.com\/#organization"},"image":{"@id":"https:\/\/lospoliticosveracruz.com\/?p=153691#primaryimage"},"thumbnailUrl":"https:\/\/lospoliticosveracruz.com\/wp-content\/uploads\/2025\/10\/IMG_9567.jpeg","keywords":["Juan Manuel Un\u00e1nue Abascal","modernizaci\u00f3n vialidades municipales","obras p\u00fablicas Boca del R\u00edo","pavimentaci\u00f3n Veracruz","rehabilitaci\u00f3n avenida Carranza"],"articleSection":["De Boleto"],"inLanguage":"es"},{"@type":"WebPage","@id":"https:\/\/lospoliticosveracruz.com\/?p=153691","url":"https:\/\/lospoliticosveracruz.com\/?p=153691","name":"UNANUE LA DEJ\u00d3 COMO NUEVA! - Los pol\u00edticos Veracruz","isPartOf":{"@id":"https:\/\/lospoliticosveracruz.com\/#website"},"primaryImageOfPage":{"@id":"https:\/\/lospoliticosveracruz.com\/?p=153691#primaryimage"},"image":{"@id":"https:\/\/lospoliticosveracruz.com\/?p=153691#primaryimage"},"thumbnailUrl":"https:\/\/lospoliticosveracruz.com\/wp-content\/uploads\/2025\/10\/IMG_9567.jpeg","datePublished":"2025-10-03T00:16:42+00:00","dateModified":"2025-10-03T00:16:59+00:00","breadcrumb":{"@id":"https:\/\/lospoliticosveracruz.com\/?p=153691#breadcrumb"},"inLanguage":"es","potentialAction":[{"@type":"ReadAction","target":["https:\/\/lospoliticosveracruz.com\/?p=153691"]}]},{"@type":"ImageObject","inLanguage":"es","@id":"https:\/\/lospoliticosveracruz.com\/?p=153691#primaryimage","url":"https:\/\/lospoliticosveracruz.com\/wp-content\/uploads\/2025\/10\/IMG_9567.jpeg","contentUrl":"https:\/\/lospoliticosveracruz.com\/wp-content\/uploads\/2025\/10\/IMG_9567.jpeg","width":600,"height":320},{"@type":"BreadcrumbList","@id":"https:\/\/lospoliticosveracruz.com\/?p=153691#breadcrumb","itemListElement":[{"@type":"ListItem","position":1,"name":"Portada","item":"https:\/\/lospoliticosveracruz.com\/"},{"@type":"ListItem","position":2,"name":"UNANUE LA DEJ\u00d3 COMO NUEVA!"}]},{"@type":"WebSite","@id":"https:\/\/lospoliticosveracruz.com\/#website","url":"https:\/\/lospoliticosveracruz.com\/","name":"Los pol\u00edticos Veracruz","description":"","publisher":{"@id":"https:\/\/lospoliticosveracruz.com\/#organization"},"potentialAction":[{"@type":"SearchAction","target":{"@type":"EntryPoint","urlTemplate":"https:\/\/lospoliticosveracruz.com\/?s={search_term_string}"},"query-input":{"@type":"PropertyValueSpecification","valueRequired":true,"valueName":"search_term_string"}}],"inLanguage":"es"},{"@type":"Organization","@id":"https:\/\/lospoliticosveracruz.com\/#organization","name":"Los pol\u00edticos Veracruz","url":"https:\/\/lospoliticosveracruz.com\/","logo":{"@type":"ImageObject","inLanguage":"es","@id":"https:\/\/lospoliticosveracruz.com\/#\/schema\/logo\/image\/","url":"https:\/\/lospoliticosveracruz.com\/wp-content\/uploads\/2025\/12\/Logo-Nuevo-LOS-POLITICOS-1.jpg","contentUrl":"https:\/\/lospoliticosveracruz.com\/wp-content\/uploads\/2025\/12\/Logo-Nuevo-LOS-POLITICOS-1.jpg","width":260,"height":70,"caption":"Los pol\u00edticos Veracruz"},"image":{"@id":"https:\/\/lospoliticosveracruz.com\/#\/schema\/logo\/image\/"},"sameAs":["https:\/\/www.facebook.com\/people\/Notimemes-de-los-Polticos\/61565672886568\/","https:\/\/x.com\/LosPoliticosVer"]},{"@type":"Person","@id":"https:\/\/lospoliticosveracruz.com\/#\/schema\/person\/b8702bb0e538456e6efd07080bf2a4a2","name":"Lo viste en Los Pol\u00edticos","image":{"@type":"ImageObject","inLanguage":"es","@id":"https:\/\/secure.gravatar.com\/avatar\/3a8de04a2656d44082be478bd6c086daa447c4651605818287b9532d3d0bd435?s=96&d=mm&r=g","url":"https:\/\/secure.gravatar.com\/avatar\/3a8de04a2656d44082be478bd6c086daa447c4651605818287b9532d3d0bd435?s=96&d=mm&r=g","contentUrl":"https:\/\/secure.gravatar.com\/avatar\/3a8de04a2656d44082be478bd6c086daa447c4651605818287b9532d3d0bd435?s=96&d=mm&r=g","caption":"Lo viste en Los Pol\u00edticos"},"url":"https:\/\/lospoliticosveracruz.com\/?author=2"}]}},"_links":{"self":[{"href":"https:\/\/lospoliticosveracruz.com\/index.php?rest_route=\/wp\/v2\/posts\/153691","targetHints":{"allow":["GET"]}}],"collection":[{"href":"https:\/\/lospoliticosveracruz.com\/index.php?rest_route=\/wp\/v2\/posts"}],"about":[{"href":"https:\/\/lospoliticosveracruz.com\/index.php?rest_route=\/wp\/v2\/types\/post"}],"author":[{"embeddable":true,"href":"https:\/\/lospoliticosveracruz.com\/index.php?rest_route=\/wp\/v2\/users\/2"}],"replies":[{"embeddable":true,"href":"https:\/\/lospoliticosveracruz.com\/index.php?rest_route=%2Fwp%2Fv2%2Fcomments&post=153691"}],"version-history":[{"count":2,"href":"https:\/\/lospoliticosveracruz.com\/index.php?rest_route=\/wp\/v2\/posts\/153691\/revisions"}],"predecessor-version":[{"id":153694,"href":"https:\/\/lospoliticosveracruz.com\/index.php?rest_route=\/wp\/v2\/posts\/153691\/revisions\/153694"}],"wp:featuredmedia":[{"embeddable":true,"href":"https:\/\/lospoliticosveracruz.com\/index.php?rest_route=\/wp\/v2\/media\/153692"}],"wp:attachment":[{"href":"https:\/\/lospoliticosveracruz.com\/index.php?rest_route=%2Fwp%2Fv2%2Fmedia&parent=153691"}],"wp:term":[{"taxonomy":"category","embeddable":true,"href":"https:\/\/lospoliticosveracruz.com\/index.php?rest_route=%2Fwp%2Fv2%2Fcategories&post=153691"},{"taxonomy":"post_tag","embeddable":true,"href":"https:\/\/lospoliticosveracruz.com\/index.php?rest_route=%2Fwp%2Fv2%2Ftags&post=153691"}],"curies":[{"name":"wp","href":"https:\/\/api.w.org\/{rel}","templated":true}]}}