{"id":153695,"date":"2025-10-02T19:29:49","date_gmt":"2025-10-03T00:29:49","guid":{"rendered":"https:\/\/lospoliticosveracruz.com.mx\/?p=153695"},"modified":"2025-10-02T19:30:04","modified_gmt":"2025-10-03T00:30:04","slug":"irrumpen-propalestinos-en-voli-de-playa","status":"publish","type":"post","link":"https:\/\/lospoliticosveracruz.com\/?p=153695","title":{"rendered":"IRRUMPEN PROPALESTINOS EN VOLI DE PLAYA"},"content":{"rendered":"\n<p><\/p>\n\n\n\n\n\n<p><strong>Alejandro \u00c1vila<\/strong><\/p>\n\n\n\n<p><em>Boca del R\u00edo<\/em><\/p>\n\n\n\n<p>Un grupo de activistas&nbsp;<strong>pro Palestina<\/strong>&nbsp;irrumpieron en el&nbsp;<strong>Challenge Mundial de Voleibol de Playa<\/strong>&nbsp;que se realiza en el municipio de&nbsp;<strong>Boca del R\u00edo<\/strong>, por lo cual los organizadores decidieron suspender el encuentro entre&nbsp;<strong>Italia<\/strong>&nbsp;e&nbsp;<strong>Israel<\/strong>.<\/p>\n\n\n\n\n\n<p>Los j\u00f3venes llegaron aproximadamente a las 6 de la tarde, ya que el partido estaba programado para las 8 de la noche, donde se enfrentar\u00edan&nbsp;<strong>Alfieri Ranghieri<\/strong>&nbsp;de Italia contra&nbsp;<strong>Elazar Cuzmiciov<\/strong>&nbsp;de Israel; aunque al ver las protestas, el&nbsp;<strong>Comit\u00e9 Organizador<\/strong>&nbsp;decidi\u00f3 suspender el encuentro, al menos de forma temporal.<\/p>\n\n\n\n<p>\u201cDe alguna manera la manifestaci\u00f3n s\u00ed sirvi\u00f3, porque lo que queremos es boicotear eso, lo que queremos es ponerles el pie y hoy lo logramos. Y yo creo e invito a la gente de todos lados donde se encuentren representantes del ente sionista hacer lo mismo, boicotearlos (\u2026) hab\u00eda algunos jugadores desconocemos si llegaron todos, pero hab\u00eda algunos que hasta se re\u00edan y la verdad es que no es raro, ya hay muchas im\u00e1genes en internet se ve a mucha gente de esa ri\u00e9ndose. Vamos a continuar en estas actividades y en otras ocasiones que sea necesario\u201d, expres\u00f3,&nbsp;<strong>H\u00e9ctor<\/strong>, uno de los manifestantes.<\/p>\n\n\n\n<p>Durante la manifestaci\u00f3n diversos elementos de la&nbsp;<strong>Polic\u00eda Estatal<\/strong>&nbsp;rodearon a los manifestantes con la intenci\u00f3n de que la protesta no subiera de tono, afortunadamente no hubo confrontaci\u00f3n entre manifestantes y personal del orden p\u00fablico.<\/p>\n\n\n\n<p>Es de mencionar que el&nbsp;<strong>Challenge Internacional de Voleibol de Playa Veracruz 2025<\/strong>, que re\u00fane m\u00e1s de 106 atletas de 32 pa\u00edses, es clasificatorio para el&nbsp;<strong>mundial de la especialidad<\/strong>&nbsp;que se desarrollar\u00e1 en la ciudad de&nbsp;<strong>Adelaida en Australia<\/strong>.<\/p>\n","protected":false},"excerpt":{"rendered":"<p>Alejandro \u00c1vila Boca del R\u00edo Un grupo de activistas&nbsp;pro Palestina&nbsp;irrumpieron en el&nbsp;Challenge Mundial de Voleibol de Playa&nbsp;que se realiza en el municipio de&nbsp;Boca del R\u00edo, por lo cual los organizadores decidieron suspender el encuentro entre&nbsp;Italia&nbsp;e&nbsp;Israel. Los j\u00f3venes llegaron aproximadamente a las 6 de la tarde, ya que el partido estaba programado para las 8 de [&hellip;]<\/p>\n","protected":false},"author":2,"featured_media":153696,"comment_status":"closed","ping_status":"closed","sticky":false,"template":"","format":"standard","meta":{"tdm_status":"","tdm_grid_status":"","footnotes":""},"categories":[73],"tags":[46221,46222,46220,46223],"class_list":{"0":"post-153695","1":"post","2":"type-post","3":"status-publish","4":"format-standard","5":"has-post-thumbnail","7":"category-de-boleto","8":"tag-challenge-mundial-voleibol-de-playa","9":"tag-italia-vs-israel-veracruz","10":"tag-manifestacion-pro-palestina","11":"tag-suspension-partido-internacional"},"yoast_head":"<!-- This site is optimized with the Yoast SEO plugin v27.4 - https:\/\/yoast.com\/product\/yoast-seo-wordpress\/ -->\n<title>IRRUMPEN PROPALESTINOS EN VOLI DE PLAYA - Los pol\u00edticos Veracruz<\/title>\n<meta name=\"robots\" content=\"index, follow, max-snippet:-1, max-image-preview:large, max-video-preview:-1\" \/>\n<link rel=\"canonical\" href=\"https:\/\/lospoliticosveracruz.com\/?p=153695\" \/>\n<meta property=\"og:locale\" content=\"es_ES\" \/>\n<meta property=\"og:type\" content=\"article\" \/>\n<meta property=\"og:title\" content=\"IRRUMPEN PROPALESTINOS EN VOLI DE PLAYA - Los pol\u00edticos Veracruz\" \/>\n<meta property=\"og:description\" content=\"Alejandro \u00c1vila Boca del R\u00edo Un grupo de activistas&nbsp;pro Palestina&nbsp;irrumpieron en el&nbsp;Challenge Mundial de Voleibol de Playa&nbsp;que se realiza en el municipio de&nbsp;Boca del R\u00edo, por lo cual los organizadores decidieron suspender el encuentro entre&nbsp;Italia&nbsp;e&nbsp;Israel. Los j\u00f3venes llegaron aproximadamente a las 6 de la tarde, ya que el partido estaba programado para las 8 de [&hellip;]\" \/>\n<meta property=\"og:url\" content=\"https:\/\/lospoliticosveracruz.com\/?p=153695\" \/>\n<meta property=\"og:site_name\" content=\"Los pol\u00edticos Veracruz\" \/>\n<meta property=\"article:publisher\" content=\"https:\/\/www.facebook.com\/people\/Notimemes-de-los-Polticos\/61565672886568\/\" \/>\n<meta property=\"article:published_time\" content=\"2025-10-03T00:29:49+00:00\" \/>\n<meta property=\"article:modified_time\" content=\"2025-10-03T00:30:04+00:00\" \/>\n<meta property=\"og:image\" content=\"https:\/\/lospoliticosveracruz.com\/wp-content\/uploads\/2025\/10\/IMG_9569.jpeg\" \/>\n\t<meta property=\"og:image:width\" content=\"600\" \/>\n\t<meta property=\"og:image:height\" content=\"320\" \/>\n\t<meta property=\"og:image:type\" content=\"image\/jpeg\" \/>\n<meta name=\"author\" content=\"Lo viste en Los Pol\u00edticos\" \/>\n<meta name=\"twitter:card\" content=\"summary_large_image\" \/>\n<meta name=\"twitter:creator\" content=\"@LosPoliticosVer\" \/>\n<meta name=\"twitter:site\" content=\"@LosPoliticosVer\" \/>\n<meta name=\"twitter:label1\" content=\"Escrito por\" \/>\n\t<meta name=\"twitter:data1\" content=\"Lo viste en Los Pol\u00edticos\" \/>\n\t<meta name=\"twitter:label2\" content=\"Tiempo de lectura\" \/>\n\t<meta name=\"twitter:data2\" content=\"2 minutos\" \/>\n<script type=\"application\/ld+json\" class=\"yoast-schema-graph\">{\"@context\":\"https:\\\/\\\/schema.org\",\"@graph\":[{\"@type\":\"Article\",\"@id\":\"https:\\\/\\\/lospoliticosveracruz.com\\\/?p=153695#article\",\"isPartOf\":{\"@id\":\"https:\\\/\\\/lospoliticosveracruz.com\\\/?p=153695\"},\"author\":{\"name\":\"Lo viste en Los Pol\u00edticos\",\"@id\":\"https:\\\/\\\/lospoliticosveracruz.com\\\/#\\\/schema\\\/person\\\/b8702bb0e538456e6efd07080bf2a4a2\"},\"headline\":\"IRRUMPEN PROPALESTINOS EN VOLI DE PLAYA\",\"datePublished\":\"2025-10-03T00:29:49+00:00\",\"dateModified\":\"2025-10-03T00:30:04+00:00\",\"mainEntityOfPage\":{\"@id\":\"https:\\\/\\\/lospoliticosveracruz.com\\\/?p=153695\"},\"wordCount\":312,\"publisher\":{\"@id\":\"https:\\\/\\\/lospoliticosveracruz.com\\\/#organization\"},\"image\":{\"@id\":\"https:\\\/\\\/lospoliticosveracruz.com\\\/?p=153695#primaryimage\"},\"thumbnailUrl\":\"https:\\\/\\\/lospoliticosveracruz.com\\\/wp-content\\\/uploads\\\/2025\\\/10\\\/IMG_9569.jpeg\",\"keywords\":[\"Challenge Mundial Voleibol de Playa\",\"Italia vs Israel Veracruz\",\"manifestaci\u00f3n pro Palestina\",\"suspensi\u00f3n partido internacional\"],\"articleSection\":[\"De Boleto\"],\"inLanguage\":\"es\"},{\"@type\":\"WebPage\",\"@id\":\"https:\\\/\\\/lospoliticosveracruz.com\\\/?p=153695\",\"url\":\"https:\\\/\\\/lospoliticosveracruz.com\\\/?p=153695\",\"name\":\"IRRUMPEN PROPALESTINOS EN VOLI DE PLAYA - Los pol\u00edticos Veracruz\",\"isPartOf\":{\"@id\":\"https:\\\/\\\/lospoliticosveracruz.com\\\/#website\"},\"primaryImageOfPage\":{\"@id\":\"https:\\\/\\\/lospoliticosveracruz.com\\\/?p=153695#primaryimage\"},\"image\":{\"@id\":\"https:\\\/\\\/lospoliticosveracruz.com\\\/?p=153695#primaryimage\"},\"thumbnailUrl\":\"https:\\\/\\\/lospoliticosveracruz.com\\\/wp-content\\\/uploads\\\/2025\\\/10\\\/IMG_9569.jpeg\",\"datePublished\":\"2025-10-03T00:29:49+00:00\",\"dateModified\":\"2025-10-03T00:30:04+00:00\",\"breadcrumb\":{\"@id\":\"https:\\\/\\\/lospoliticosveracruz.com\\\/?p=153695#breadcrumb\"},\"inLanguage\":\"es\",\"potentialAction\":[{\"@type\":\"ReadAction\",\"target\":[\"https:\\\/\\\/lospoliticosveracruz.com\\\/?p=153695\"]}]},{\"@type\":\"ImageObject\",\"inLanguage\":\"es\",\"@id\":\"https:\\\/\\\/lospoliticosveracruz.com\\\/?p=153695#primaryimage\",\"url\":\"https:\\\/\\\/lospoliticosveracruz.com\\\/wp-content\\\/uploads\\\/2025\\\/10\\\/IMG_9569.jpeg\",\"contentUrl\":\"https:\\\/\\\/lospoliticosveracruz.com\\\/wp-content\\\/uploads\\\/2025\\\/10\\\/IMG_9569.jpeg\",\"width\":600,\"height\":320},{\"@type\":\"BreadcrumbList\",\"@id\":\"https:\\\/\\\/lospoliticosveracruz.com\\\/?p=153695#breadcrumb\",\"itemListElement\":[{\"@type\":\"ListItem\",\"position\":1,\"name\":\"Portada\",\"item\":\"https:\\\/\\\/lospoliticosveracruz.com\\\/\"},{\"@type\":\"ListItem\",\"position\":2,\"name\":\"IRRUMPEN PROPALESTINOS EN VOLI DE PLAYA\"}]},{\"@type\":\"WebSite\",\"@id\":\"https:\\\/\\\/lospoliticosveracruz.com\\\/#website\",\"url\":\"https:\\\/\\\/lospoliticosveracruz.com\\\/\",\"name\":\"Los pol\u00edticos Veracruz\",\"description\":\"\",\"publisher\":{\"@id\":\"https:\\\/\\\/lospoliticosveracruz.com\\\/#organization\"},\"potentialAction\":[{\"@type\":\"SearchAction\",\"target\":{\"@type\":\"EntryPoint\",\"urlTemplate\":\"https:\\\/\\\/lospoliticosveracruz.com\\\/?s={search_term_string}\"},\"query-input\":{\"@type\":\"PropertyValueSpecification\",\"valueRequired\":true,\"valueName\":\"search_term_string\"}}],\"inLanguage\":\"es\"},{\"@type\":\"Organization\",\"@id\":\"https:\\\/\\\/lospoliticosveracruz.com\\\/#organization\",\"name\":\"Los pol\u00edticos Veracruz\",\"url\":\"https:\\\/\\\/lospoliticosveracruz.com\\\/\",\"logo\":{\"@type\":\"ImageObject\",\"inLanguage\":\"es\",\"@id\":\"https:\\\/\\\/lospoliticosveracruz.com\\\/#\\\/schema\\\/logo\\\/image\\\/\",\"url\":\"https:\\\/\\\/lospoliticosveracruz.com\\\/wp-content\\\/uploads\\\/2025\\\/12\\\/Logo-Nuevo-LOS-POLITICOS-1.jpg\",\"contentUrl\":\"https:\\\/\\\/lospoliticosveracruz.com\\\/wp-content\\\/uploads\\\/2025\\\/12\\\/Logo-Nuevo-LOS-POLITICOS-1.jpg\",\"width\":260,\"height\":70,\"caption\":\"Los pol\u00edticos Veracruz\"},\"image\":{\"@id\":\"https:\\\/\\\/lospoliticosveracruz.com\\\/#\\\/schema\\\/logo\\\/image\\\/\"},\"sameAs\":[\"https:\\\/\\\/www.facebook.com\\\/people\\\/Notimemes-de-los-Polticos\\\/61565672886568\\\/\",\"https:\\\/\\\/x.com\\\/LosPoliticosVer\"]},{\"@type\":\"Person\",\"@id\":\"https:\\\/\\\/lospoliticosveracruz.com\\\/#\\\/schema\\\/person\\\/b8702bb0e538456e6efd07080bf2a4a2\",\"name\":\"Lo viste en Los Pol\u00edticos\",\"image\":{\"@type\":\"ImageObject\",\"inLanguage\":\"es\",\"@id\":\"https:\\\/\\\/secure.gravatar.com\\\/avatar\\\/3a8de04a2656d44082be478bd6c086daa447c4651605818287b9532d3d0bd435?s=96&d=mm&r=g\",\"url\":\"https:\\\/\\\/secure.gravatar.com\\\/avatar\\\/3a8de04a2656d44082be478bd6c086daa447c4651605818287b9532d3d0bd435?s=96&d=mm&r=g\",\"contentUrl\":\"https:\\\/\\\/secure.gravatar.com\\\/avatar\\\/3a8de04a2656d44082be478bd6c086daa447c4651605818287b9532d3d0bd435?s=96&d=mm&r=g\",\"caption\":\"Lo viste en Los Pol\u00edticos\"},\"url\":\"https:\\\/\\\/lospoliticosveracruz.com\\\/?author=2\"}]}<\/script>\n<!-- \/ Yoast SEO plugin. -->","yoast_head_json":{"title":"IRRUMPEN PROPALESTINOS EN VOLI DE PLAYA - Los pol\u00edticos Veracruz","robots":{"index":"index","follow":"follow","max-snippet":"max-snippet:-1","max-image-preview":"max-image-preview:large","max-video-preview":"max-video-preview:-1"},"canonical":"https:\/\/lospoliticosveracruz.com\/?p=153695","og_locale":"es_ES","og_type":"article","og_title":"IRRUMPEN PROPALESTINOS EN VOLI DE PLAYA - Los pol\u00edticos Veracruz","og_description":"Alejandro \u00c1vila Boca del R\u00edo Un grupo de activistas&nbsp;pro Palestina&nbsp;irrumpieron en el&nbsp;Challenge Mundial de Voleibol de Playa&nbsp;que se realiza en el municipio de&nbsp;Boca del R\u00edo, por lo cual los organizadores decidieron suspender el encuentro entre&nbsp;Italia&nbsp;e&nbsp;Israel. Los j\u00f3venes llegaron aproximadamente a las 6 de la tarde, ya que el partido estaba programado para las 8 de [&hellip;]","og_url":"https:\/\/lospoliticosveracruz.com\/?p=153695","og_site_name":"Los pol\u00edticos Veracruz","article_publisher":"https:\/\/www.facebook.com\/people\/Notimemes-de-los-Polticos\/61565672886568\/","article_published_time":"2025-10-03T00:29:49+00:00","article_modified_time":"2025-10-03T00:30:04+00:00","og_image":[{"width":600,"height":320,"url":"https:\/\/lospoliticosveracruz.com\/wp-content\/uploads\/2025\/10\/IMG_9569.jpeg","type":"image\/jpeg"}],"author":"Lo viste en Los Pol\u00edticos","twitter_card":"summary_large_image","twitter_creator":"@LosPoliticosVer","twitter_site":"@LosPoliticosVer","twitter_misc":{"Escrito por":"Lo viste en Los Pol\u00edticos","Tiempo de lectura":"2 minutos"},"schema":{"@context":"https:\/\/schema.org","@graph":[{"@type":"Article","@id":"https:\/\/lospoliticosveracruz.com\/?p=153695#article","isPartOf":{"@id":"https:\/\/lospoliticosveracruz.com\/?p=153695"},"author":{"name":"Lo viste en Los Pol\u00edticos","@id":"https:\/\/lospoliticosveracruz.com\/#\/schema\/person\/b8702bb0e538456e6efd07080bf2a4a2"},"headline":"IRRUMPEN PROPALESTINOS EN VOLI DE PLAYA","datePublished":"2025-10-03T00:29:49+00:00","dateModified":"2025-10-03T00:30:04+00:00","mainEntityOfPage":{"@id":"https:\/\/lospoliticosveracruz.com\/?p=153695"},"wordCount":312,"publisher":{"@id":"https:\/\/lospoliticosveracruz.com\/#organization"},"image":{"@id":"https:\/\/lospoliticosveracruz.com\/?p=153695#primaryimage"},"thumbnailUrl":"https:\/\/lospoliticosveracruz.com\/wp-content\/uploads\/2025\/10\/IMG_9569.jpeg","keywords":["Challenge Mundial Voleibol de Playa","Italia vs Israel Veracruz","manifestaci\u00f3n pro Palestina","suspensi\u00f3n partido internacional"],"articleSection":["De Boleto"],"inLanguage":"es"},{"@type":"WebPage","@id":"https:\/\/lospoliticosveracruz.com\/?p=153695","url":"https:\/\/lospoliticosveracruz.com\/?p=153695","name":"IRRUMPEN PROPALESTINOS EN VOLI DE PLAYA - Los pol\u00edticos Veracruz","isPartOf":{"@id":"https:\/\/lospoliticosveracruz.com\/#website"},"primaryImageOfPage":{"@id":"https:\/\/lospoliticosveracruz.com\/?p=153695#primaryimage"},"image":{"@id":"https:\/\/lospoliticosveracruz.com\/?p=153695#primaryimage"},"thumbnailUrl":"https:\/\/lospoliticosveracruz.com\/wp-content\/uploads\/2025\/10\/IMG_9569.jpeg","datePublished":"2025-10-03T00:29:49+00:00","dateModified":"2025-10-03T00:30:04+00:00","breadcrumb":{"@id":"https:\/\/lospoliticosveracruz.com\/?p=153695#breadcrumb"},"inLanguage":"es","potentialAction":[{"@type":"ReadAction","target":["https:\/\/lospoliticosveracruz.com\/?p=153695"]}]},{"@type":"ImageObject","inLanguage":"es","@id":"https:\/\/lospoliticosveracruz.com\/?p=153695#primaryimage","url":"https:\/\/lospoliticosveracruz.com\/wp-content\/uploads\/2025\/10\/IMG_9569.jpeg","contentUrl":"https:\/\/lospoliticosveracruz.com\/wp-content\/uploads\/2025\/10\/IMG_9569.jpeg","width":600,"height":320},{"@type":"BreadcrumbList","@id":"https:\/\/lospoliticosveracruz.com\/?p=153695#breadcrumb","itemListElement":[{"@type":"ListItem","position":1,"name":"Portada","item":"https:\/\/lospoliticosveracruz.com\/"},{"@type":"ListItem","position":2,"name":"IRRUMPEN PROPALESTINOS EN VOLI DE PLAYA"}]},{"@type":"WebSite","@id":"https:\/\/lospoliticosveracruz.com\/#website","url":"https:\/\/lospoliticosveracruz.com\/","name":"Los pol\u00edticos Veracruz","description":"","publisher":{"@id":"https:\/\/lospoliticosveracruz.com\/#organization"},"potentialAction":[{"@type":"SearchAction","target":{"@type":"EntryPoint","urlTemplate":"https:\/\/lospoliticosveracruz.com\/?s={search_term_string}"},"query-input":{"@type":"PropertyValueSpecification","valueRequired":true,"valueName":"search_term_string"}}],"inLanguage":"es"},{"@type":"Organization","@id":"https:\/\/lospoliticosveracruz.com\/#organization","name":"Los pol\u00edticos Veracruz","url":"https:\/\/lospoliticosveracruz.com\/","logo":{"@type":"ImageObject","inLanguage":"es","@id":"https:\/\/lospoliticosveracruz.com\/#\/schema\/logo\/image\/","url":"https:\/\/lospoliticosveracruz.com\/wp-content\/uploads\/2025\/12\/Logo-Nuevo-LOS-POLITICOS-1.jpg","contentUrl":"https:\/\/lospoliticosveracruz.com\/wp-content\/uploads\/2025\/12\/Logo-Nuevo-LOS-POLITICOS-1.jpg","width":260,"height":70,"caption":"Los pol\u00edticos Veracruz"},"image":{"@id":"https:\/\/lospoliticosveracruz.com\/#\/schema\/logo\/image\/"},"sameAs":["https:\/\/www.facebook.com\/people\/Notimemes-de-los-Polticos\/61565672886568\/","https:\/\/x.com\/LosPoliticosVer"]},{"@type":"Person","@id":"https:\/\/lospoliticosveracruz.com\/#\/schema\/person\/b8702bb0e538456e6efd07080bf2a4a2","name":"Lo viste en Los Pol\u00edticos","image":{"@type":"ImageObject","inLanguage":"es","@id":"https:\/\/secure.gravatar.com\/avatar\/3a8de04a2656d44082be478bd6c086daa447c4651605818287b9532d3d0bd435?s=96&d=mm&r=g","url":"https:\/\/secure.gravatar.com\/avatar\/3a8de04a2656d44082be478bd6c086daa447c4651605818287b9532d3d0bd435?s=96&d=mm&r=g","contentUrl":"https:\/\/secure.gravatar.com\/avatar\/3a8de04a2656d44082be478bd6c086daa447c4651605818287b9532d3d0bd435?s=96&d=mm&r=g","caption":"Lo viste en Los Pol\u00edticos"},"url":"https:\/\/lospoliticosveracruz.com\/?author=2"}]}},"_links":{"self":[{"href":"https:\/\/lospoliticosveracruz.com\/index.php?rest_route=\/wp\/v2\/posts\/153695","targetHints":{"allow":["GET"]}}],"collection":[{"href":"https:\/\/lospoliticosveracruz.com\/index.php?rest_route=\/wp\/v2\/posts"}],"about":[{"href":"https:\/\/lospoliticosveracruz.com\/index.php?rest_route=\/wp\/v2\/types\/post"}],"author":[{"embeddable":true,"href":"https:\/\/lospoliticosveracruz.com\/index.php?rest_route=\/wp\/v2\/users\/2"}],"replies":[{"embeddable":true,"href":"https:\/\/lospoliticosveracruz.com\/index.php?rest_route=%2Fwp%2Fv2%2Fcomments&post=153695"}],"version-history":[{"count":1,"href":"https:\/\/lospoliticosveracruz.com\/index.php?rest_route=\/wp\/v2\/posts\/153695\/revisions"}],"predecessor-version":[{"id":153697,"href":"https:\/\/lospoliticosveracruz.com\/index.php?rest_route=\/wp\/v2\/posts\/153695\/revisions\/153697"}],"wp:featuredmedia":[{"embeddable":true,"href":"https:\/\/lospoliticosveracruz.com\/index.php?rest_route=\/wp\/v2\/media\/153696"}],"wp:attachment":[{"href":"https:\/\/lospoliticosveracruz.com\/index.php?rest_route=%2Fwp%2Fv2%2Fmedia&parent=153695"}],"wp:term":[{"taxonomy":"category","embeddable":true,"href":"https:\/\/lospoliticosveracruz.com\/index.php?rest_route=%2Fwp%2Fv2%2Fcategories&post=153695"},{"taxonomy":"post_tag","embeddable":true,"href":"https:\/\/lospoliticosveracruz.com\/index.php?rest_route=%2Fwp%2Fv2%2Ftags&post=153695"}],"curies":[{"name":"wp","href":"https:\/\/api.w.org\/{rel}","templated":true}]}}