{"id":153704,"date":"2025-10-02T21:25:54","date_gmt":"2025-10-03T02:25:54","guid":{"rendered":"https:\/\/lospoliticosveracruz.com.mx\/?p=153704"},"modified":"2025-10-02T21:26:06","modified_gmt":"2025-10-03T02:26:06","slug":"de-que-manera-afecta-a-un-maestro-la-separacion-laboral-de-su-escuela","status":"publish","type":"post","link":"https:\/\/lospoliticosveracruz.com\/?p=153704","title":{"rendered":"DE QU\u00c9 MANERA afecta a un maestro la separaci\u00f3n laboral de su escuela?"},"content":{"rendered":"\n<p><\/p>\n\n\n\n\n\n<p><strong>Carlos Miguel Acosta Bravo<\/strong>*<\/p>\n\n\n\n<p><em>Impronta<\/em><\/p>\n\n\n\n<p>La separaci\u00f3n de un maestro de su actividad docente frente a grupo para dar lugar a la investigaci\u00f3n de presunta responsabilidad tiene varios impactos y consecuencias importantes para el propio maestro:, cu\u00e1les son las consecuencias laborales y personales?<\/p>\n\n\n\n\n\n<p>El maestro queda separado temporalmente de sus labores docentes, con la suspensi\u00f3n de su actividad frente a grupo, lo que puede afectar sus ingresos si esta separaci\u00f3n implica suspensi\u00f3n de pago o disminuci\u00f3n salarial, dependiendo de la normatividad aplicable.<\/p>\n\n\n\n<p>En este sentido el exhorto a la&nbsp;<strong>Secretar\u00eda de Educaci\u00f3n de Veracruz<\/strong>&nbsp;del diputado&nbsp;<strong>Reveriano Mar\u00edn Hern\u00e1ndez<\/strong>&nbsp;a no criminalizar a docentes se\u00f1alados por acoso, incluido el de tipo sexual, ces\u00e1ndolos sin que la&nbsp;<strong>Fiscal\u00eda<\/strong>&nbsp;realice previamente las investigaciones competentes. \u201cNo se debe continuar criminalizando a las maestras y maestros a partir de presunciones hechas por la propia entidad p\u00fablica, mucho menos al no encontrarse legitimada ni legal ni constitucionalmente para la investigaci\u00f3n administrativa de hechos que al tamiz de la ley penal se\u00f1ala como delitos\u201d.<\/p>\n\n\n\n<p>La separaci\u00f3n puede generar estigma laboral y profesional, pues afectar\u00e1 su reputaci\u00f3n personal, as\u00ed como incertidumbre respecto a la continuidad en su puesto de trabajo, afectando su nombre y estabilidad emocional. En el caso de que la investigaci\u00f3n dure mucho tiempo, el maestro pierde oportunidades de desarrollo profesional y participaci\u00f3n en actividades escolares activas.<\/p>\n\n\n\n<p><strong>El procedimiento y garant\u00edas<\/strong><\/p>\n\n\n\n<p>La investigaci\u00f3n se realiza con base en la&nbsp;<strong>Ley General de Responsabilidades Administrativas<\/strong>&nbsp;y la&nbsp;<strong>Ley General del Servicio Profesional Docente<\/strong>, asegurando el derecho a la presunci\u00f3n de inocencia.<\/p>\n\n\n\n<p>El maestro debe ser informado de las acusaciones, los hechos que se le imputan y del avance del procedimiento. Tiene derecho a defenderse y aportar pruebas, as\u00ed como a ser acompa\u00f1ado por un representante legal durante el proceso.<\/p>\n\n\n\n<p>La separaci\u00f3n no implica culpabilidad, y debe respetarse el debido proceso antes de imponer sanciones definitivas.<\/p>\n\n\n\n<p><strong>Impacto en la actividad docente y el derecho a la educaci\u00f3n<\/strong><\/p>\n\n\n\n<p>La normatividad busca garantizar la continuidad y calidad educativa, por lo que la separaci\u00f3n se justifica para proteger el derecho de los estudiantes a recibir clases de calidad sin mayor interrupci\u00f3n o afectaci\u00f3n.<\/p>\n\n\n\n<p>Las autoridades educativas priorizan el inter\u00e9s superior de la educaci\u00f3n por encima de los derechos individuales del maestro cuando hay faltas graves o presuntas responsabilidades, lo que puede llevar a la separaci\u00f3n sin previo proceso judicial concluido. Sin embargo, la legislaci\u00f3n establece mecanismos para que el maestro pueda impugnar la separaci\u00f3n y defender sus derechos laborales en instancias administrativas y judiciales.<\/p>\n\n\n\n<p>En resumen, la separaci\u00f3n tiene impactos administrativos, laborales y de reputaci\u00f3n para el maestro, pero se debe realizar respetando el debido proceso con garant\u00edas para la defensa, buscando preservar la continuidad educativa y la calidad del servicio. La medida es temporal mientras se lleva a cabo la investigaci\u00f3n por responsabilidad presunta.<\/p>\n\n\n\n<p><strong>Comente u opine a:<\/strong><\/p>\n\n\n\n<p>cacostabravo@yahoo.com.mx<\/p>\n\n\n\n<p>*Maestro en comunicaci\u00f3n por la&nbsp;<strong>Universidad Iberoamericana<\/strong>, de la cual form\u00f3 parte del cuerpo acad\u00e9mico de la Licenciatura en Comunicaci\u00f3n, as\u00ed como de la&nbsp;<strong>Universidad An\u00e1huac<\/strong>, campus CDMX.<\/p>\n","protected":false},"excerpt":{"rendered":"<p>Carlos Miguel Acosta Bravo* Impronta La separaci\u00f3n de un maestro de su actividad docente frente a grupo para dar lugar a la investigaci\u00f3n de presunta responsabilidad tiene varios impactos y consecuencias importantes para el propio maestro:, cu\u00e1les son las consecuencias laborales y personales? El maestro queda separado temporalmente de sus labores docentes, con la suspensi\u00f3n [&hellip;]<\/p>\n","protected":false},"author":2,"featured_media":141377,"comment_status":"closed","ping_status":"closed","sticky":false,"template":"","format":"standard","meta":{"tdm_status":"","tdm_grid_status":"","footnotes":""},"categories":[70],"tags":[46234,46235,2432,46233],"class_list":{"0":"post-153704","1":"post","2":"type-post","3":"status-publish","4":"format-standard","5":"has-post-thumbnail","7":"category-de-opinion","8":"tag-debido-proceso-educativo","9":"tag-derechos-maestros-mexico","10":"tag-secretaria-de-educacion-de-veracruz","11":"tag-separacion-laboral-docentes"},"yoast_head":"<!-- This site is optimized with the Yoast SEO plugin v27.4 - https:\/\/yoast.com\/product\/yoast-seo-wordpress\/ -->\n<title>DE QU\u00c9 MANERA afecta a un maestro la separaci\u00f3n laboral de su escuela? - Los pol\u00edticos Veracruz<\/title>\n<meta name=\"robots\" content=\"index, follow, max-snippet:-1, max-image-preview:large, max-video-preview:-1\" \/>\n<link rel=\"canonical\" href=\"https:\/\/lospoliticosveracruz.com\/?p=153704\" \/>\n<meta property=\"og:locale\" content=\"es_ES\" \/>\n<meta property=\"og:type\" content=\"article\" \/>\n<meta property=\"og:title\" content=\"DE QU\u00c9 MANERA afecta a un maestro la separaci\u00f3n laboral de su escuela? - Los pol\u00edticos Veracruz\" \/>\n<meta property=\"og:description\" content=\"Carlos Miguel Acosta Bravo* Impronta La separaci\u00f3n de un maestro de su actividad docente frente a grupo para dar lugar a la investigaci\u00f3n de presunta responsabilidad tiene varios impactos y consecuencias importantes para el propio maestro:, cu\u00e1les son las consecuencias laborales y personales? El maestro queda separado temporalmente de sus labores docentes, con la suspensi\u00f3n [&hellip;]\" \/>\n<meta property=\"og:url\" content=\"https:\/\/lospoliticosveracruz.com\/?p=153704\" \/>\n<meta property=\"og:site_name\" content=\"Los pol\u00edticos Veracruz\" \/>\n<meta property=\"article:publisher\" content=\"https:\/\/www.facebook.com\/people\/Notimemes-de-los-Polticos\/61565672886568\/\" \/>\n<meta property=\"article:published_time\" content=\"2025-10-03T02:25:54+00:00\" \/>\n<meta property=\"article:modified_time\" content=\"2025-10-03T02:26:06+00:00\" \/>\n<meta property=\"og:image\" content=\"https:\/\/lospoliticosveracruz.com\/wp-content\/uploads\/2025\/04\/Carlos-Miguel-Acosta-Bravo.jpg\" \/>\n\t<meta property=\"og:image:width\" content=\"1250\" \/>\n\t<meta property=\"og:image:height\" content=\"667\" \/>\n\t<meta property=\"og:image:type\" content=\"image\/jpeg\" \/>\n<meta name=\"author\" content=\"Lo viste en Los Pol\u00edticos\" \/>\n<meta name=\"twitter:card\" content=\"summary_large_image\" \/>\n<meta name=\"twitter:creator\" content=\"@LosPoliticosVer\" \/>\n<meta name=\"twitter:site\" content=\"@LosPoliticosVer\" \/>\n<meta name=\"twitter:label1\" content=\"Escrito por\" \/>\n\t<meta name=\"twitter:data1\" content=\"Lo viste en Los Pol\u00edticos\" \/>\n\t<meta name=\"twitter:label2\" content=\"Tiempo de lectura\" \/>\n\t<meta name=\"twitter:data2\" content=\"3 minutos\" \/>\n<script type=\"application\/ld+json\" class=\"yoast-schema-graph\">{\"@context\":\"https:\\\/\\\/schema.org\",\"@graph\":[{\"@type\":\"Article\",\"@id\":\"https:\\\/\\\/lospoliticosveracruz.com\\\/?p=153704#article\",\"isPartOf\":{\"@id\":\"https:\\\/\\\/lospoliticosveracruz.com\\\/?p=153704\"},\"author\":{\"name\":\"Lo viste en Los Pol\u00edticos\",\"@id\":\"https:\\\/\\\/lospoliticosveracruz.com\\\/#\\\/schema\\\/person\\\/b8702bb0e538456e6efd07080bf2a4a2\"},\"headline\":\"DE QU\u00c9 MANERA afecta a un maestro la separaci\u00f3n laboral de su escuela?\",\"datePublished\":\"2025-10-03T02:25:54+00:00\",\"dateModified\":\"2025-10-03T02:26:06+00:00\",\"mainEntityOfPage\":{\"@id\":\"https:\\\/\\\/lospoliticosveracruz.com\\\/?p=153704\"},\"wordCount\":569,\"publisher\":{\"@id\":\"https:\\\/\\\/lospoliticosveracruz.com\\\/#organization\"},\"image\":{\"@id\":\"https:\\\/\\\/lospoliticosveracruz.com\\\/?p=153704#primaryimage\"},\"thumbnailUrl\":\"https:\\\/\\\/lospoliticosveracruz.com\\\/wp-content\\\/uploads\\\/2025\\\/04\\\/Carlos-Miguel-Acosta-Bravo.jpg\",\"keywords\":[\"debido proceso educativo\",\"derechos maestros M\u00e9xico\",\"Secretar\u00eda de Educaci\u00f3n de Veracruz\",\"separaci\u00f3n laboral docentes\"],\"articleSection\":[\"De Opini\u00f3n\"],\"inLanguage\":\"es\"},{\"@type\":\"WebPage\",\"@id\":\"https:\\\/\\\/lospoliticosveracruz.com\\\/?p=153704\",\"url\":\"https:\\\/\\\/lospoliticosveracruz.com\\\/?p=153704\",\"name\":\"DE QU\u00c9 MANERA afecta a un maestro la separaci\u00f3n laboral de su escuela? - Los pol\u00edticos Veracruz\",\"isPartOf\":{\"@id\":\"https:\\\/\\\/lospoliticosveracruz.com\\\/#website\"},\"primaryImageOfPage\":{\"@id\":\"https:\\\/\\\/lospoliticosveracruz.com\\\/?p=153704#primaryimage\"},\"image\":{\"@id\":\"https:\\\/\\\/lospoliticosveracruz.com\\\/?p=153704#primaryimage\"},\"thumbnailUrl\":\"https:\\\/\\\/lospoliticosveracruz.com\\\/wp-content\\\/uploads\\\/2025\\\/04\\\/Carlos-Miguel-Acosta-Bravo.jpg\",\"datePublished\":\"2025-10-03T02:25:54+00:00\",\"dateModified\":\"2025-10-03T02:26:06+00:00\",\"breadcrumb\":{\"@id\":\"https:\\\/\\\/lospoliticosveracruz.com\\\/?p=153704#breadcrumb\"},\"inLanguage\":\"es\",\"potentialAction\":[{\"@type\":\"ReadAction\",\"target\":[\"https:\\\/\\\/lospoliticosveracruz.com\\\/?p=153704\"]}]},{\"@type\":\"ImageObject\",\"inLanguage\":\"es\",\"@id\":\"https:\\\/\\\/lospoliticosveracruz.com\\\/?p=153704#primaryimage\",\"url\":\"https:\\\/\\\/lospoliticosveracruz.com\\\/wp-content\\\/uploads\\\/2025\\\/04\\\/Carlos-Miguel-Acosta-Bravo.jpg\",\"contentUrl\":\"https:\\\/\\\/lospoliticosveracruz.com\\\/wp-content\\\/uploads\\\/2025\\\/04\\\/Carlos-Miguel-Acosta-Bravo.jpg\",\"width\":1250,\"height\":667},{\"@type\":\"BreadcrumbList\",\"@id\":\"https:\\\/\\\/lospoliticosveracruz.com\\\/?p=153704#breadcrumb\",\"itemListElement\":[{\"@type\":\"ListItem\",\"position\":1,\"name\":\"Portada\",\"item\":\"https:\\\/\\\/lospoliticosveracruz.com\\\/\"},{\"@type\":\"ListItem\",\"position\":2,\"name\":\"DE QU\u00c9 MANERA afecta a un maestro la separaci\u00f3n laboral de su escuela?\"}]},{\"@type\":\"WebSite\",\"@id\":\"https:\\\/\\\/lospoliticosveracruz.com\\\/#website\",\"url\":\"https:\\\/\\\/lospoliticosveracruz.com\\\/\",\"name\":\"Los pol\u00edticos Veracruz\",\"description\":\"\",\"publisher\":{\"@id\":\"https:\\\/\\\/lospoliticosveracruz.com\\\/#organization\"},\"potentialAction\":[{\"@type\":\"SearchAction\",\"target\":{\"@type\":\"EntryPoint\",\"urlTemplate\":\"https:\\\/\\\/lospoliticosveracruz.com\\\/?s={search_term_string}\"},\"query-input\":{\"@type\":\"PropertyValueSpecification\",\"valueRequired\":true,\"valueName\":\"search_term_string\"}}],\"inLanguage\":\"es\"},{\"@type\":\"Organization\",\"@id\":\"https:\\\/\\\/lospoliticosveracruz.com\\\/#organization\",\"name\":\"Los pol\u00edticos Veracruz\",\"url\":\"https:\\\/\\\/lospoliticosveracruz.com\\\/\",\"logo\":{\"@type\":\"ImageObject\",\"inLanguage\":\"es\",\"@id\":\"https:\\\/\\\/lospoliticosveracruz.com\\\/#\\\/schema\\\/logo\\\/image\\\/\",\"url\":\"https:\\\/\\\/lospoliticosveracruz.com\\\/wp-content\\\/uploads\\\/2025\\\/12\\\/Logo-Nuevo-LOS-POLITICOS-1.jpg\",\"contentUrl\":\"https:\\\/\\\/lospoliticosveracruz.com\\\/wp-content\\\/uploads\\\/2025\\\/12\\\/Logo-Nuevo-LOS-POLITICOS-1.jpg\",\"width\":260,\"height\":70,\"caption\":\"Los pol\u00edticos Veracruz\"},\"image\":{\"@id\":\"https:\\\/\\\/lospoliticosveracruz.com\\\/#\\\/schema\\\/logo\\\/image\\\/\"},\"sameAs\":[\"https:\\\/\\\/www.facebook.com\\\/people\\\/Notimemes-de-los-Polticos\\\/61565672886568\\\/\",\"https:\\\/\\\/x.com\\\/LosPoliticosVer\"]},{\"@type\":\"Person\",\"@id\":\"https:\\\/\\\/lospoliticosveracruz.com\\\/#\\\/schema\\\/person\\\/b8702bb0e538456e6efd07080bf2a4a2\",\"name\":\"Lo viste en Los Pol\u00edticos\",\"image\":{\"@type\":\"ImageObject\",\"inLanguage\":\"es\",\"@id\":\"https:\\\/\\\/secure.gravatar.com\\\/avatar\\\/3a8de04a2656d44082be478bd6c086daa447c4651605818287b9532d3d0bd435?s=96&d=mm&r=g\",\"url\":\"https:\\\/\\\/secure.gravatar.com\\\/avatar\\\/3a8de04a2656d44082be478bd6c086daa447c4651605818287b9532d3d0bd435?s=96&d=mm&r=g\",\"contentUrl\":\"https:\\\/\\\/secure.gravatar.com\\\/avatar\\\/3a8de04a2656d44082be478bd6c086daa447c4651605818287b9532d3d0bd435?s=96&d=mm&r=g\",\"caption\":\"Lo viste en Los Pol\u00edticos\"},\"url\":\"https:\\\/\\\/lospoliticosveracruz.com\\\/?author=2\"}]}<\/script>\n<!-- \/ Yoast SEO plugin. -->","yoast_head_json":{"title":"DE QU\u00c9 MANERA afecta a un maestro la separaci\u00f3n laboral de su escuela? - Los pol\u00edticos Veracruz","robots":{"index":"index","follow":"follow","max-snippet":"max-snippet:-1","max-image-preview":"max-image-preview:large","max-video-preview":"max-video-preview:-1"},"canonical":"https:\/\/lospoliticosveracruz.com\/?p=153704","og_locale":"es_ES","og_type":"article","og_title":"DE QU\u00c9 MANERA afecta a un maestro la separaci\u00f3n laboral de su escuela? - Los pol\u00edticos Veracruz","og_description":"Carlos Miguel Acosta Bravo* Impronta La separaci\u00f3n de un maestro de su actividad docente frente a grupo para dar lugar a la investigaci\u00f3n de presunta responsabilidad tiene varios impactos y consecuencias importantes para el propio maestro:, cu\u00e1les son las consecuencias laborales y personales? El maestro queda separado temporalmente de sus labores docentes, con la suspensi\u00f3n [&hellip;]","og_url":"https:\/\/lospoliticosveracruz.com\/?p=153704","og_site_name":"Los pol\u00edticos Veracruz","article_publisher":"https:\/\/www.facebook.com\/people\/Notimemes-de-los-Polticos\/61565672886568\/","article_published_time":"2025-10-03T02:25:54+00:00","article_modified_time":"2025-10-03T02:26:06+00:00","og_image":[{"width":1250,"height":667,"url":"https:\/\/lospoliticosveracruz.com\/wp-content\/uploads\/2025\/04\/Carlos-Miguel-Acosta-Bravo.jpg","type":"image\/jpeg"}],"author":"Lo viste en Los Pol\u00edticos","twitter_card":"summary_large_image","twitter_creator":"@LosPoliticosVer","twitter_site":"@LosPoliticosVer","twitter_misc":{"Escrito por":"Lo viste en Los Pol\u00edticos","Tiempo de lectura":"3 minutos"},"schema":{"@context":"https:\/\/schema.org","@graph":[{"@type":"Article","@id":"https:\/\/lospoliticosveracruz.com\/?p=153704#article","isPartOf":{"@id":"https:\/\/lospoliticosveracruz.com\/?p=153704"},"author":{"name":"Lo viste en Los Pol\u00edticos","@id":"https:\/\/lospoliticosveracruz.com\/#\/schema\/person\/b8702bb0e538456e6efd07080bf2a4a2"},"headline":"DE QU\u00c9 MANERA afecta a un maestro la separaci\u00f3n laboral de su escuela?","datePublished":"2025-10-03T02:25:54+00:00","dateModified":"2025-10-03T02:26:06+00:00","mainEntityOfPage":{"@id":"https:\/\/lospoliticosveracruz.com\/?p=153704"},"wordCount":569,"publisher":{"@id":"https:\/\/lospoliticosveracruz.com\/#organization"},"image":{"@id":"https:\/\/lospoliticosveracruz.com\/?p=153704#primaryimage"},"thumbnailUrl":"https:\/\/lospoliticosveracruz.com\/wp-content\/uploads\/2025\/04\/Carlos-Miguel-Acosta-Bravo.jpg","keywords":["debido proceso educativo","derechos maestros M\u00e9xico","Secretar\u00eda de Educaci\u00f3n de Veracruz","separaci\u00f3n laboral docentes"],"articleSection":["De Opini\u00f3n"],"inLanguage":"es"},{"@type":"WebPage","@id":"https:\/\/lospoliticosveracruz.com\/?p=153704","url":"https:\/\/lospoliticosveracruz.com\/?p=153704","name":"DE QU\u00c9 MANERA afecta a un maestro la separaci\u00f3n laboral de su escuela? - Los pol\u00edticos Veracruz","isPartOf":{"@id":"https:\/\/lospoliticosveracruz.com\/#website"},"primaryImageOfPage":{"@id":"https:\/\/lospoliticosveracruz.com\/?p=153704#primaryimage"},"image":{"@id":"https:\/\/lospoliticosveracruz.com\/?p=153704#primaryimage"},"thumbnailUrl":"https:\/\/lospoliticosveracruz.com\/wp-content\/uploads\/2025\/04\/Carlos-Miguel-Acosta-Bravo.jpg","datePublished":"2025-10-03T02:25:54+00:00","dateModified":"2025-10-03T02:26:06+00:00","breadcrumb":{"@id":"https:\/\/lospoliticosveracruz.com\/?p=153704#breadcrumb"},"inLanguage":"es","potentialAction":[{"@type":"ReadAction","target":["https:\/\/lospoliticosveracruz.com\/?p=153704"]}]},{"@type":"ImageObject","inLanguage":"es","@id":"https:\/\/lospoliticosveracruz.com\/?p=153704#primaryimage","url":"https:\/\/lospoliticosveracruz.com\/wp-content\/uploads\/2025\/04\/Carlos-Miguel-Acosta-Bravo.jpg","contentUrl":"https:\/\/lospoliticosveracruz.com\/wp-content\/uploads\/2025\/04\/Carlos-Miguel-Acosta-Bravo.jpg","width":1250,"height":667},{"@type":"BreadcrumbList","@id":"https:\/\/lospoliticosveracruz.com\/?p=153704#breadcrumb","itemListElement":[{"@type":"ListItem","position":1,"name":"Portada","item":"https:\/\/lospoliticosveracruz.com\/"},{"@type":"ListItem","position":2,"name":"DE QU\u00c9 MANERA afecta a un maestro la separaci\u00f3n laboral de su escuela?"}]},{"@type":"WebSite","@id":"https:\/\/lospoliticosveracruz.com\/#website","url":"https:\/\/lospoliticosveracruz.com\/","name":"Los pol\u00edticos Veracruz","description":"","publisher":{"@id":"https:\/\/lospoliticosveracruz.com\/#organization"},"potentialAction":[{"@type":"SearchAction","target":{"@type":"EntryPoint","urlTemplate":"https:\/\/lospoliticosveracruz.com\/?s={search_term_string}"},"query-input":{"@type":"PropertyValueSpecification","valueRequired":true,"valueName":"search_term_string"}}],"inLanguage":"es"},{"@type":"Organization","@id":"https:\/\/lospoliticosveracruz.com\/#organization","name":"Los pol\u00edticos Veracruz","url":"https:\/\/lospoliticosveracruz.com\/","logo":{"@type":"ImageObject","inLanguage":"es","@id":"https:\/\/lospoliticosveracruz.com\/#\/schema\/logo\/image\/","url":"https:\/\/lospoliticosveracruz.com\/wp-content\/uploads\/2025\/12\/Logo-Nuevo-LOS-POLITICOS-1.jpg","contentUrl":"https:\/\/lospoliticosveracruz.com\/wp-content\/uploads\/2025\/12\/Logo-Nuevo-LOS-POLITICOS-1.jpg","width":260,"height":70,"caption":"Los pol\u00edticos Veracruz"},"image":{"@id":"https:\/\/lospoliticosveracruz.com\/#\/schema\/logo\/image\/"},"sameAs":["https:\/\/www.facebook.com\/people\/Notimemes-de-los-Polticos\/61565672886568\/","https:\/\/x.com\/LosPoliticosVer"]},{"@type":"Person","@id":"https:\/\/lospoliticosveracruz.com\/#\/schema\/person\/b8702bb0e538456e6efd07080bf2a4a2","name":"Lo viste en Los Pol\u00edticos","image":{"@type":"ImageObject","inLanguage":"es","@id":"https:\/\/secure.gravatar.com\/avatar\/3a8de04a2656d44082be478bd6c086daa447c4651605818287b9532d3d0bd435?s=96&d=mm&r=g","url":"https:\/\/secure.gravatar.com\/avatar\/3a8de04a2656d44082be478bd6c086daa447c4651605818287b9532d3d0bd435?s=96&d=mm&r=g","contentUrl":"https:\/\/secure.gravatar.com\/avatar\/3a8de04a2656d44082be478bd6c086daa447c4651605818287b9532d3d0bd435?s=96&d=mm&r=g","caption":"Lo viste en Los Pol\u00edticos"},"url":"https:\/\/lospoliticosveracruz.com\/?author=2"}]}},"_links":{"self":[{"href":"https:\/\/lospoliticosveracruz.com\/index.php?rest_route=\/wp\/v2\/posts\/153704","targetHints":{"allow":["GET"]}}],"collection":[{"href":"https:\/\/lospoliticosveracruz.com\/index.php?rest_route=\/wp\/v2\/posts"}],"about":[{"href":"https:\/\/lospoliticosveracruz.com\/index.php?rest_route=\/wp\/v2\/types\/post"}],"author":[{"embeddable":true,"href":"https:\/\/lospoliticosveracruz.com\/index.php?rest_route=\/wp\/v2\/users\/2"}],"replies":[{"embeddable":true,"href":"https:\/\/lospoliticosveracruz.com\/index.php?rest_route=%2Fwp%2Fv2%2Fcomments&post=153704"}],"version-history":[{"count":1,"href":"https:\/\/lospoliticosveracruz.com\/index.php?rest_route=\/wp\/v2\/posts\/153704\/revisions"}],"predecessor-version":[{"id":153706,"href":"https:\/\/lospoliticosveracruz.com\/index.php?rest_route=\/wp\/v2\/posts\/153704\/revisions\/153706"}],"wp:featuredmedia":[{"embeddable":true,"href":"https:\/\/lospoliticosveracruz.com\/index.php?rest_route=\/wp\/v2\/media\/141377"}],"wp:attachment":[{"href":"https:\/\/lospoliticosveracruz.com\/index.php?rest_route=%2Fwp%2Fv2%2Fmedia&parent=153704"}],"wp:term":[{"taxonomy":"category","embeddable":true,"href":"https:\/\/lospoliticosveracruz.com\/index.php?rest_route=%2Fwp%2Fv2%2Fcategories&post=153704"},{"taxonomy":"post_tag","embeddable":true,"href":"https:\/\/lospoliticosveracruz.com\/index.php?rest_route=%2Fwp%2Fv2%2Ftags&post=153704"}],"curies":[{"name":"wp","href":"https:\/\/api.w.org\/{rel}","templated":true}]}}