{"id":153810,"date":"2025-10-05T14:16:33","date_gmt":"2025-10-05T19:16:33","guid":{"rendered":"https:\/\/lospoliticosveracruz.com.mx\/?p=153810"},"modified":"2025-10-05T14:16:54","modified_gmt":"2025-10-05T19:16:54","slug":"saca-10-el-dipuverde","status":"publish","type":"post","link":"https:\/\/lospoliticosveracruz.com\/?p=153810","title":{"rendered":"SACA 10 EL DIPUVERDE!"},"content":{"rendered":"\n\n\n<p>La <strong>Secci\u00f3n 32 del Sindicato Nacional de Trabajadores de la Educaci\u00f3n (SNTE)<\/strong> reconoci\u00f3 el respaldo del <strong>diputado local Carlos Marcelo Ruiz S\u00e1nchez<\/strong> por haber impulsado la <strong>Ley de Tiendas Escolares<\/strong>, una iniciativa que beneficiar\u00e1 directamente a las escuelas p\u00fablicas y al magisterio veracruzano.<\/p>\n\n\n\n\n\n<p>El legislador del <strong>Partido Verde Ecologista de M\u00e9xico (PVEM)<\/strong> agradeci\u00f3 al <strong>coordinador del equipo pol\u00edtico de la Secci\u00f3n 32 del SNTE, Juan Nicol\u00e1s Callejas Rold\u00e1n<\/strong>, quien p\u00fablicamente destac\u00f3 la relevancia de la propuesta durante la celebraci\u00f3n del <strong>XXIX Aniversario de la Reagrupaci\u00f3n del Equipo Pol\u00edtico<\/strong> y el <strong>VIII Aniversario Luctuoso del profesor Juan Nicol\u00e1s Callejas Arroyo<\/strong>.<\/p>\n\n\n\n<p><strong>Ruiz S\u00e1nchez<\/strong> explic\u00f3 que la nueva ley prev\u00e9 que el <strong>80 por ciento de los ingresos generados por las tiendas escolares<\/strong> se destinen directamente a las instituciones educativas, con el objetivo de atender necesidades de infraestructura, mantenimiento y servicios escolares.<\/p>\n\n\n\n<p>Asimismo, se\u00f1al\u00f3 que las concesiones de las tiendas escolares ser\u00e1n otorgadas por un consejo integrado por el <strong>director de la escuela<\/strong>, <strong>representantes docentes<\/strong>, <strong>padres de familia<\/strong>, un <strong>inspector<\/strong> y otras figuras, quienes tambi\u00e9n se encargar\u00e1n de vigilar la correcta aplicaci\u00f3n de los recursos.<\/p>\n\n\n\n<p>\u201cEl objetivo es fortalecer la infraestructura educativa y apoyar la gesti\u00f3n de las escuelas, promoviendo entornos m\u00e1s dignos y funcionales para alumnas, alumnos y docentes\u201d, enfatiz\u00f3 el diputado.<\/p>\n\n\n\n<p><strong>Ruiz S\u00e1nchez<\/strong> reconoci\u00f3 la fuerza del magisterio veracruzano y destac\u00f3 la gran labor de la <strong>gobernadora Roc\u00edo Nahle Garc\u00eda<\/strong>, quien \u2014dijo\u2014 ha recibido el respaldo del sector educativo \u201ccon entusiasmo y convicci\u00f3n\u201d.<\/p>\n\n\n\n<p>Durante el evento, el <strong>coordinador estatal del equipo pol\u00edtico del SNTE en Veracruz, Juan Nicol\u00e1s Callejas Rold\u00e1n<\/strong>, acompa\u00f1ado del <strong>dirigente sindical Daniel Covarrubias L\u00f3pez<\/strong>, agradeci\u00f3 la presencia del diputado del PVEM, quien asisti\u00f3 en representaci\u00f3n del <strong>diputado Esteban Bautista Hern\u00e1ndez<\/strong>, presidente de la <strong>Junta de Coordinaci\u00f3n Pol\u00edtica del Congreso local<\/strong>.<\/p>\n","protected":false},"excerpt":{"rendered":"<p>La Secci\u00f3n 32 del Sindicato Nacional de Trabajadores de la Educaci\u00f3n (SNTE) reconoci\u00f3 el respaldo del diputado local Carlos Marcelo Ruiz S\u00e1nchez por haber impulsado la Ley de Tiendas Escolares, una iniciativa que beneficiar\u00e1 directamente a las escuelas p\u00fablicas y al magisterio veracruzano. El legislador del Partido Verde Ecologista de M\u00e9xico (PVEM) agradeci\u00f3 al coordinador [&hellip;]<\/p>\n","protected":false},"author":2,"featured_media":153811,"comment_status":"closed","ping_status":"closed","sticky":false,"template":"","format":"standard","meta":{"tdm_status":"","tdm_grid_status":"","footnotes":""},"categories":[73],"tags":[43159,46302,3578,46301],"class_list":{"0":"post-153810","1":"post","2":"type-post","3":"status-publish","4":"format-standard","5":"has-post-thumbnail","7":"category-de-boleto","8":"tag-carlos-marcelo-ruiz","9":"tag-ley-de-tiendas-escolares","10":"tag-rocio-nahle","11":"tag-snte-veracruz"},"yoast_head":"<!-- This site is optimized with the Yoast SEO plugin v27.4 - https:\/\/yoast.com\/product\/yoast-seo-wordpress\/ -->\n<title>SACA 10 EL DIPUVERDE! - Los pol\u00edticos Veracruz<\/title>\n<meta name=\"robots\" content=\"index, follow, max-snippet:-1, max-image-preview:large, max-video-preview:-1\" \/>\n<link rel=\"canonical\" href=\"https:\/\/lospoliticosveracruz.com\/?p=153810\" \/>\n<meta property=\"og:locale\" content=\"es_ES\" \/>\n<meta property=\"og:type\" content=\"article\" \/>\n<meta property=\"og:title\" content=\"SACA 10 EL DIPUVERDE! - Los pol\u00edticos Veracruz\" \/>\n<meta property=\"og:description\" content=\"La Secci\u00f3n 32 del Sindicato Nacional de Trabajadores de la Educaci\u00f3n (SNTE) reconoci\u00f3 el respaldo del diputado local Carlos Marcelo Ruiz S\u00e1nchez por haber impulsado la Ley de Tiendas Escolares, una iniciativa que beneficiar\u00e1 directamente a las escuelas p\u00fablicas y al magisterio veracruzano. El legislador del Partido Verde Ecologista de M\u00e9xico (PVEM) agradeci\u00f3 al coordinador [&hellip;]\" \/>\n<meta property=\"og:url\" content=\"https:\/\/lospoliticosveracruz.com\/?p=153810\" \/>\n<meta property=\"og:site_name\" content=\"Los pol\u00edticos Veracruz\" \/>\n<meta property=\"article:publisher\" content=\"https:\/\/www.facebook.com\/people\/Notimemes-de-los-Polticos\/61565672886568\/\" \/>\n<meta property=\"article:published_time\" content=\"2025-10-05T19:16:33+00:00\" \/>\n<meta property=\"article:modified_time\" content=\"2025-10-05T19:16:54+00:00\" \/>\n<meta property=\"og:image\" content=\"https:\/\/lospoliticosveracruz.com\/wp-content\/uploads\/2025\/10\/Carlos-Marcelo-Ruiz.jpeg\" \/>\n\t<meta property=\"og:image:width\" content=\"600\" \/>\n\t<meta property=\"og:image:height\" content=\"320\" \/>\n\t<meta property=\"og:image:type\" content=\"image\/jpeg\" \/>\n<meta name=\"author\" content=\"Lo viste en Los Pol\u00edticos\" \/>\n<meta name=\"twitter:card\" content=\"summary_large_image\" \/>\n<meta name=\"twitter:creator\" content=\"@LosPoliticosVer\" \/>\n<meta name=\"twitter:site\" content=\"@LosPoliticosVer\" \/>\n<meta name=\"twitter:label1\" content=\"Escrito por\" \/>\n\t<meta name=\"twitter:data1\" content=\"Lo viste en Los Pol\u00edticos\" \/>\n\t<meta name=\"twitter:label2\" content=\"Tiempo de lectura\" \/>\n\t<meta name=\"twitter:data2\" content=\"2 minutos\" \/>\n<script type=\"application\/ld+json\" class=\"yoast-schema-graph\">{\"@context\":\"https:\\\/\\\/schema.org\",\"@graph\":[{\"@type\":\"Article\",\"@id\":\"https:\\\/\\\/lospoliticosveracruz.com\\\/?p=153810#article\",\"isPartOf\":{\"@id\":\"https:\\\/\\\/lospoliticosveracruz.com\\\/?p=153810\"},\"author\":{\"name\":\"Lo viste en Los Pol\u00edticos\",\"@id\":\"https:\\\/\\\/lospoliticosveracruz.com\\\/#\\\/schema\\\/person\\\/b8702bb0e538456e6efd07080bf2a4a2\"},\"headline\":\"SACA 10 EL DIPUVERDE!\",\"datePublished\":\"2025-10-05T19:16:33+00:00\",\"dateModified\":\"2025-10-05T19:16:54+00:00\",\"mainEntityOfPage\":{\"@id\":\"https:\\\/\\\/lospoliticosveracruz.com\\\/?p=153810\"},\"wordCount\":327,\"publisher\":{\"@id\":\"https:\\\/\\\/lospoliticosveracruz.com\\\/#organization\"},\"image\":{\"@id\":\"https:\\\/\\\/lospoliticosveracruz.com\\\/?p=153810#primaryimage\"},\"thumbnailUrl\":\"https:\\\/\\\/lospoliticosveracruz.com\\\/wp-content\\\/uploads\\\/2025\\\/10\\\/Carlos-Marcelo-Ruiz.jpeg\",\"keywords\":[\"Carlos Marcelo Ruiz\",\"Ley de Tiendas Escolares\",\"Roc\u00edo Nahle\",\"SNTE Veracruz\"],\"articleSection\":[\"De Boleto\"],\"inLanguage\":\"es\"},{\"@type\":\"WebPage\",\"@id\":\"https:\\\/\\\/lospoliticosveracruz.com\\\/?p=153810\",\"url\":\"https:\\\/\\\/lospoliticosveracruz.com\\\/?p=153810\",\"name\":\"SACA 10 EL DIPUVERDE! - Los pol\u00edticos Veracruz\",\"isPartOf\":{\"@id\":\"https:\\\/\\\/lospoliticosveracruz.com\\\/#website\"},\"primaryImageOfPage\":{\"@id\":\"https:\\\/\\\/lospoliticosveracruz.com\\\/?p=153810#primaryimage\"},\"image\":{\"@id\":\"https:\\\/\\\/lospoliticosveracruz.com\\\/?p=153810#primaryimage\"},\"thumbnailUrl\":\"https:\\\/\\\/lospoliticosveracruz.com\\\/wp-content\\\/uploads\\\/2025\\\/10\\\/Carlos-Marcelo-Ruiz.jpeg\",\"datePublished\":\"2025-10-05T19:16:33+00:00\",\"dateModified\":\"2025-10-05T19:16:54+00:00\",\"breadcrumb\":{\"@id\":\"https:\\\/\\\/lospoliticosveracruz.com\\\/?p=153810#breadcrumb\"},\"inLanguage\":\"es\",\"potentialAction\":[{\"@type\":\"ReadAction\",\"target\":[\"https:\\\/\\\/lospoliticosveracruz.com\\\/?p=153810\"]}]},{\"@type\":\"ImageObject\",\"inLanguage\":\"es\",\"@id\":\"https:\\\/\\\/lospoliticosveracruz.com\\\/?p=153810#primaryimage\",\"url\":\"https:\\\/\\\/lospoliticosveracruz.com\\\/wp-content\\\/uploads\\\/2025\\\/10\\\/Carlos-Marcelo-Ruiz.jpeg\",\"contentUrl\":\"https:\\\/\\\/lospoliticosveracruz.com\\\/wp-content\\\/uploads\\\/2025\\\/10\\\/Carlos-Marcelo-Ruiz.jpeg\",\"width\":600,\"height\":320},{\"@type\":\"BreadcrumbList\",\"@id\":\"https:\\\/\\\/lospoliticosveracruz.com\\\/?p=153810#breadcrumb\",\"itemListElement\":[{\"@type\":\"ListItem\",\"position\":1,\"name\":\"Portada\",\"item\":\"https:\\\/\\\/lospoliticosveracruz.com\\\/\"},{\"@type\":\"ListItem\",\"position\":2,\"name\":\"SACA 10 EL DIPUVERDE!\"}]},{\"@type\":\"WebSite\",\"@id\":\"https:\\\/\\\/lospoliticosveracruz.com\\\/#website\",\"url\":\"https:\\\/\\\/lospoliticosveracruz.com\\\/\",\"name\":\"Los pol\u00edticos Veracruz\",\"description\":\"\",\"publisher\":{\"@id\":\"https:\\\/\\\/lospoliticosveracruz.com\\\/#organization\"},\"potentialAction\":[{\"@type\":\"SearchAction\",\"target\":{\"@type\":\"EntryPoint\",\"urlTemplate\":\"https:\\\/\\\/lospoliticosveracruz.com\\\/?s={search_term_string}\"},\"query-input\":{\"@type\":\"PropertyValueSpecification\",\"valueRequired\":true,\"valueName\":\"search_term_string\"}}],\"inLanguage\":\"es\"},{\"@type\":\"Organization\",\"@id\":\"https:\\\/\\\/lospoliticosveracruz.com\\\/#organization\",\"name\":\"Los pol\u00edticos Veracruz\",\"url\":\"https:\\\/\\\/lospoliticosveracruz.com\\\/\",\"logo\":{\"@type\":\"ImageObject\",\"inLanguage\":\"es\",\"@id\":\"https:\\\/\\\/lospoliticosveracruz.com\\\/#\\\/schema\\\/logo\\\/image\\\/\",\"url\":\"https:\\\/\\\/lospoliticosveracruz.com\\\/wp-content\\\/uploads\\\/2025\\\/12\\\/Logo-Nuevo-LOS-POLITICOS-1.jpg\",\"contentUrl\":\"https:\\\/\\\/lospoliticosveracruz.com\\\/wp-content\\\/uploads\\\/2025\\\/12\\\/Logo-Nuevo-LOS-POLITICOS-1.jpg\",\"width\":260,\"height\":70,\"caption\":\"Los pol\u00edticos Veracruz\"},\"image\":{\"@id\":\"https:\\\/\\\/lospoliticosveracruz.com\\\/#\\\/schema\\\/logo\\\/image\\\/\"},\"sameAs\":[\"https:\\\/\\\/www.facebook.com\\\/people\\\/Notimemes-de-los-Polticos\\\/61565672886568\\\/\",\"https:\\\/\\\/x.com\\\/LosPoliticosVer\"]},{\"@type\":\"Person\",\"@id\":\"https:\\\/\\\/lospoliticosveracruz.com\\\/#\\\/schema\\\/person\\\/b8702bb0e538456e6efd07080bf2a4a2\",\"name\":\"Lo viste en Los Pol\u00edticos\",\"image\":{\"@type\":\"ImageObject\",\"inLanguage\":\"es\",\"@id\":\"https:\\\/\\\/secure.gravatar.com\\\/avatar\\\/3a8de04a2656d44082be478bd6c086daa447c4651605818287b9532d3d0bd435?s=96&d=mm&r=g\",\"url\":\"https:\\\/\\\/secure.gravatar.com\\\/avatar\\\/3a8de04a2656d44082be478bd6c086daa447c4651605818287b9532d3d0bd435?s=96&d=mm&r=g\",\"contentUrl\":\"https:\\\/\\\/secure.gravatar.com\\\/avatar\\\/3a8de04a2656d44082be478bd6c086daa447c4651605818287b9532d3d0bd435?s=96&d=mm&r=g\",\"caption\":\"Lo viste en Los Pol\u00edticos\"},\"url\":\"https:\\\/\\\/lospoliticosveracruz.com\\\/?author=2\"}]}<\/script>\n<!-- \/ Yoast SEO plugin. -->","yoast_head_json":{"title":"SACA 10 EL DIPUVERDE! - Los pol\u00edticos Veracruz","robots":{"index":"index","follow":"follow","max-snippet":"max-snippet:-1","max-image-preview":"max-image-preview:large","max-video-preview":"max-video-preview:-1"},"canonical":"https:\/\/lospoliticosveracruz.com\/?p=153810","og_locale":"es_ES","og_type":"article","og_title":"SACA 10 EL DIPUVERDE! - Los pol\u00edticos Veracruz","og_description":"La Secci\u00f3n 32 del Sindicato Nacional de Trabajadores de la Educaci\u00f3n (SNTE) reconoci\u00f3 el respaldo del diputado local Carlos Marcelo Ruiz S\u00e1nchez por haber impulsado la Ley de Tiendas Escolares, una iniciativa que beneficiar\u00e1 directamente a las escuelas p\u00fablicas y al magisterio veracruzano. El legislador del Partido Verde Ecologista de M\u00e9xico (PVEM) agradeci\u00f3 al coordinador [&hellip;]","og_url":"https:\/\/lospoliticosveracruz.com\/?p=153810","og_site_name":"Los pol\u00edticos Veracruz","article_publisher":"https:\/\/www.facebook.com\/people\/Notimemes-de-los-Polticos\/61565672886568\/","article_published_time":"2025-10-05T19:16:33+00:00","article_modified_time":"2025-10-05T19:16:54+00:00","og_image":[{"width":600,"height":320,"url":"https:\/\/lospoliticosveracruz.com\/wp-content\/uploads\/2025\/10\/Carlos-Marcelo-Ruiz.jpeg","type":"image\/jpeg"}],"author":"Lo viste en Los Pol\u00edticos","twitter_card":"summary_large_image","twitter_creator":"@LosPoliticosVer","twitter_site":"@LosPoliticosVer","twitter_misc":{"Escrito por":"Lo viste en Los Pol\u00edticos","Tiempo de lectura":"2 minutos"},"schema":{"@context":"https:\/\/schema.org","@graph":[{"@type":"Article","@id":"https:\/\/lospoliticosveracruz.com\/?p=153810#article","isPartOf":{"@id":"https:\/\/lospoliticosveracruz.com\/?p=153810"},"author":{"name":"Lo viste en Los Pol\u00edticos","@id":"https:\/\/lospoliticosveracruz.com\/#\/schema\/person\/b8702bb0e538456e6efd07080bf2a4a2"},"headline":"SACA 10 EL DIPUVERDE!","datePublished":"2025-10-05T19:16:33+00:00","dateModified":"2025-10-05T19:16:54+00:00","mainEntityOfPage":{"@id":"https:\/\/lospoliticosveracruz.com\/?p=153810"},"wordCount":327,"publisher":{"@id":"https:\/\/lospoliticosveracruz.com\/#organization"},"image":{"@id":"https:\/\/lospoliticosveracruz.com\/?p=153810#primaryimage"},"thumbnailUrl":"https:\/\/lospoliticosveracruz.com\/wp-content\/uploads\/2025\/10\/Carlos-Marcelo-Ruiz.jpeg","keywords":["Carlos Marcelo Ruiz","Ley de Tiendas Escolares","Roc\u00edo Nahle","SNTE Veracruz"],"articleSection":["De Boleto"],"inLanguage":"es"},{"@type":"WebPage","@id":"https:\/\/lospoliticosveracruz.com\/?p=153810","url":"https:\/\/lospoliticosveracruz.com\/?p=153810","name":"SACA 10 EL DIPUVERDE! - Los pol\u00edticos Veracruz","isPartOf":{"@id":"https:\/\/lospoliticosveracruz.com\/#website"},"primaryImageOfPage":{"@id":"https:\/\/lospoliticosveracruz.com\/?p=153810#primaryimage"},"image":{"@id":"https:\/\/lospoliticosveracruz.com\/?p=153810#primaryimage"},"thumbnailUrl":"https:\/\/lospoliticosveracruz.com\/wp-content\/uploads\/2025\/10\/Carlos-Marcelo-Ruiz.jpeg","datePublished":"2025-10-05T19:16:33+00:00","dateModified":"2025-10-05T19:16:54+00:00","breadcrumb":{"@id":"https:\/\/lospoliticosveracruz.com\/?p=153810#breadcrumb"},"inLanguage":"es","potentialAction":[{"@type":"ReadAction","target":["https:\/\/lospoliticosveracruz.com\/?p=153810"]}]},{"@type":"ImageObject","inLanguage":"es","@id":"https:\/\/lospoliticosveracruz.com\/?p=153810#primaryimage","url":"https:\/\/lospoliticosveracruz.com\/wp-content\/uploads\/2025\/10\/Carlos-Marcelo-Ruiz.jpeg","contentUrl":"https:\/\/lospoliticosveracruz.com\/wp-content\/uploads\/2025\/10\/Carlos-Marcelo-Ruiz.jpeg","width":600,"height":320},{"@type":"BreadcrumbList","@id":"https:\/\/lospoliticosveracruz.com\/?p=153810#breadcrumb","itemListElement":[{"@type":"ListItem","position":1,"name":"Portada","item":"https:\/\/lospoliticosveracruz.com\/"},{"@type":"ListItem","position":2,"name":"SACA 10 EL DIPUVERDE!"}]},{"@type":"WebSite","@id":"https:\/\/lospoliticosveracruz.com\/#website","url":"https:\/\/lospoliticosveracruz.com\/","name":"Los pol\u00edticos Veracruz","description":"","publisher":{"@id":"https:\/\/lospoliticosveracruz.com\/#organization"},"potentialAction":[{"@type":"SearchAction","target":{"@type":"EntryPoint","urlTemplate":"https:\/\/lospoliticosveracruz.com\/?s={search_term_string}"},"query-input":{"@type":"PropertyValueSpecification","valueRequired":true,"valueName":"search_term_string"}}],"inLanguage":"es"},{"@type":"Organization","@id":"https:\/\/lospoliticosveracruz.com\/#organization","name":"Los pol\u00edticos Veracruz","url":"https:\/\/lospoliticosveracruz.com\/","logo":{"@type":"ImageObject","inLanguage":"es","@id":"https:\/\/lospoliticosveracruz.com\/#\/schema\/logo\/image\/","url":"https:\/\/lospoliticosveracruz.com\/wp-content\/uploads\/2025\/12\/Logo-Nuevo-LOS-POLITICOS-1.jpg","contentUrl":"https:\/\/lospoliticosveracruz.com\/wp-content\/uploads\/2025\/12\/Logo-Nuevo-LOS-POLITICOS-1.jpg","width":260,"height":70,"caption":"Los pol\u00edticos Veracruz"},"image":{"@id":"https:\/\/lospoliticosveracruz.com\/#\/schema\/logo\/image\/"},"sameAs":["https:\/\/www.facebook.com\/people\/Notimemes-de-los-Polticos\/61565672886568\/","https:\/\/x.com\/LosPoliticosVer"]},{"@type":"Person","@id":"https:\/\/lospoliticosveracruz.com\/#\/schema\/person\/b8702bb0e538456e6efd07080bf2a4a2","name":"Lo viste en Los Pol\u00edticos","image":{"@type":"ImageObject","inLanguage":"es","@id":"https:\/\/secure.gravatar.com\/avatar\/3a8de04a2656d44082be478bd6c086daa447c4651605818287b9532d3d0bd435?s=96&d=mm&r=g","url":"https:\/\/secure.gravatar.com\/avatar\/3a8de04a2656d44082be478bd6c086daa447c4651605818287b9532d3d0bd435?s=96&d=mm&r=g","contentUrl":"https:\/\/secure.gravatar.com\/avatar\/3a8de04a2656d44082be478bd6c086daa447c4651605818287b9532d3d0bd435?s=96&d=mm&r=g","caption":"Lo viste en Los Pol\u00edticos"},"url":"https:\/\/lospoliticosveracruz.com\/?author=2"}]}},"_links":{"self":[{"href":"https:\/\/lospoliticosveracruz.com\/index.php?rest_route=\/wp\/v2\/posts\/153810","targetHints":{"allow":["GET"]}}],"collection":[{"href":"https:\/\/lospoliticosveracruz.com\/index.php?rest_route=\/wp\/v2\/posts"}],"about":[{"href":"https:\/\/lospoliticosveracruz.com\/index.php?rest_route=\/wp\/v2\/types\/post"}],"author":[{"embeddable":true,"href":"https:\/\/lospoliticosveracruz.com\/index.php?rest_route=\/wp\/v2\/users\/2"}],"replies":[{"embeddable":true,"href":"https:\/\/lospoliticosveracruz.com\/index.php?rest_route=%2Fwp%2Fv2%2Fcomments&post=153810"}],"version-history":[{"count":2,"href":"https:\/\/lospoliticosveracruz.com\/index.php?rest_route=\/wp\/v2\/posts\/153810\/revisions"}],"predecessor-version":[{"id":153813,"href":"https:\/\/lospoliticosveracruz.com\/index.php?rest_route=\/wp\/v2\/posts\/153810\/revisions\/153813"}],"wp:featuredmedia":[{"embeddable":true,"href":"https:\/\/lospoliticosveracruz.com\/index.php?rest_route=\/wp\/v2\/media\/153811"}],"wp:attachment":[{"href":"https:\/\/lospoliticosveracruz.com\/index.php?rest_route=%2Fwp%2Fv2%2Fmedia&parent=153810"}],"wp:term":[{"taxonomy":"category","embeddable":true,"href":"https:\/\/lospoliticosveracruz.com\/index.php?rest_route=%2Fwp%2Fv2%2Fcategories&post=153810"},{"taxonomy":"post_tag","embeddable":true,"href":"https:\/\/lospoliticosveracruz.com\/index.php?rest_route=%2Fwp%2Fv2%2Ftags&post=153810"}],"curies":[{"name":"wp","href":"https:\/\/api.w.org\/{rel}","templated":true}]}}