{"id":153814,"date":"2025-10-05T17:06:56","date_gmt":"2025-10-05T22:06:56","guid":{"rendered":"https:\/\/lospoliticosveracruz.com.mx\/?p=153814"},"modified":"2025-10-05T17:07:03","modified_gmt":"2025-10-05T22:07:03","slug":"de-extremis-a-la-era-de-la-ia","status":"publish","type":"post","link":"https:\/\/lospoliticosveracruz.com\/?p=153814","title":{"rendered":"DE EXTREMIS A LA ERA DE LA IA"},"content":{"rendered":"\n\n\n<p><strong>Alejandro Bustos<\/strong><br><em>Sinapsis<\/em><\/p>\n\n\n\n<p>Hace once a\u00f1os, <strong>Marvel Comics<\/strong> public\u00f3 una historia que, en su momento, parec\u00eda una exageraci\u00f3n futurista propia de historietas: <strong>Tony Stark (Iron Man)<\/strong>, bajo los efectos de un hechizo que invirti\u00f3 su eje moral, lanz\u00f3 <em>Extremis 3.0<\/em>, una aplicaci\u00f3n capaz de generar perfecci\u00f3n f\u00edsica y belleza instant\u00e1nea a sus usuarios. Al principio, el gancho es que se ofrec\u00eda de manera gratuita para generar adicci\u00f3n; sin embargo, la sorpresa vendr\u00eda al revelar el precio real al t\u00e9rmino del periodo de prueba: 99.99 d\u00f3lares diarios. La perfecci\u00f3n, evidentemente, no se pod\u00eda regalar.<\/p>\n\n\n\n\n\n<p>En aquel entonces, la trama del <em>Superior Iron Man<\/em> sonaba a una advertencia de <strong>sci-fi<\/strong> acerca del ego, la dopamina, la tecnolog\u00eda y el poder de manipular las necesidades humanas m\u00e1s profundas. Y es que Tony Stark hab\u00eda convertido la dependencia tecnol\u00f3gica en un producto premium. Hoy, esa ficci\u00f3n parece m\u00e1s cercana que nunca.<\/p>\n\n\n\n<p>Vivimos en una era donde las aplicaciones no nos prometen perfecci\u00f3n f\u00edsica, pero s\u00ed una versi\u00f3n \u00abmejorada\u00bb de nosotros mismos: m\u00e1s productivos, m\u00e1s creativos, m\u00e1s eficientes y m\u00e1s bellos. Las herramientas con <strong>inteligencia artificial<\/strong> integrada ya escriben, piensan, crean m\u00fasica, dise\u00f1an e incluso nos aconsejan (a quien se deja). Todo a tan s\u00f3lo un clic de distancia\u2026 hasta que deja de ser gratuito.<\/p>\n\n\n\n<p>Las suscripciones mensuales, los planes \u201cpro\u201d y las funciones exclusivas me recordaron inevitablemente al modelo de Stark: primero la atracci\u00f3n a trav\u00e9s del acceso libre, despu\u00e9s la dependencia y, finalmente, el cobro desmedido. Y aunque hoy no hay un \u201cExtremis\u201d como tal que modifique nuestros cuerpos, s\u00ed hay algoritmos que moldean nuestras decisiones, gustos y prioridades, as\u00ed como apps que modifican nuestra apariencia creando fotos o videos que dif\u00edcilmente se pueden distinguir como falsos.<\/p>\n\n\n\n<p>Por ejemplo, la popular app de belleza <strong>FaceTune<\/strong> te regala una semana gratuita para que navegues ampliamente sobre todo su contenido y pruebes las capacidades que ofrece para mejorar tu aspecto, peso e imperfecciones f\u00edsicas que resaltan en algunas fotos. No obstante, al finalizar la prueba, te invitan a suscribirte a su servicio a cambio de $199.00 semanales o $1799.00 anuales.<\/p>\n\n\n\n<p>Las apps de productividad no est\u00e1n muy lejanas. La versi\u00f3n Plus de <strong>ChatGPT<\/strong> cobra $399.00 mensuales para poder usar todo su potencial al m\u00e1ximo. Desde consultas breves, hasta desarrollo de texto y creaci\u00f3n de im\u00e1genes divertidas o videos, los usuarios deben comprar una suscripci\u00f3n o el servicio alcanza un l\u00edmite por d\u00eda generando tambi\u00e9n una necesidad o una adicci\u00f3n.<\/p>\n\n\n\n<p>La l\u00ednea entre la ciencia ficci\u00f3n y la realidad nunca fue tan delgada. Quiz\u00e1 <strong>Tony Stark<\/strong> no estaba tan lejos de predecir el futuro: un mundo donde la tecnolog\u00eda promete hacernos mejores, pero a cambio, nos pide algo m\u00e1s valioso que el dinero: nuestra atenci\u00f3n, nuestros datos y, a veces, nuestra propia autonom\u00eda.<\/p>\n\n\n\n<p>Lo que hace una d\u00e9cada parec\u00eda una advertencia sobre la corrupci\u00f3n tecnol\u00f3gica del h\u00e9roe m\u00e1s brillante del planeta, hoy es un espejo de nuestra cotidianidad: <strong>aplicaciones inteligentes<\/strong> que no s\u00f3lo mejoran lo que somos, sino que, poco a poco, redibujan lo que significa ser humano.<\/p>\n\n\n\n<p>Comentarios:<br><strong>X:<\/strong> @alecbustos<br><strong>Correo:<\/strong> <a>alejandrobustosf@gmail.com<\/a><\/p>\n","protected":false},"excerpt":{"rendered":"<p>Alejandro BustosSinapsis Hace once a\u00f1os, Marvel Comics public\u00f3 una historia que, en su momento, parec\u00eda una exageraci\u00f3n futurista propia de historietas: Tony Stark (Iron Man), bajo los efectos de un hechizo que invirti\u00f3 su eje moral, lanz\u00f3 Extremis 3.0, una aplicaci\u00f3n capaz de generar perfecci\u00f3n f\u00edsica y belleza instant\u00e1nea a sus usuarios. Al principio, el [&hellip;]<\/p>\n","protected":false},"author":2,"featured_media":153815,"comment_status":"closed","ping_status":"closed","sticky":false,"template":"","format":"standard","meta":{"tdm_status":"","tdm_grid_status":"","footnotes":""},"categories":[75],"tags":[37075,46304,10702,46305,5389],"class_list":{"0":"post-153814","1":"post","2":"type-post","3":"status-publish","4":"format-standard","5":"has-post-thumbnail","7":"category-cine-libros-y-mas","8":"tag-chatgpt","9":"tag-extremis-3-0","10":"tag-inteligencia-artificial","11":"tag-tecnologia-y-humanidad","12":"tag-tony-stark"},"yoast_head":"<!-- This site is optimized with the Yoast SEO plugin v27.4 - https:\/\/yoast.com\/product\/yoast-seo-wordpress\/ -->\n<title>DE EXTREMIS A LA ERA DE LA IA - Los pol\u00edticos Veracruz<\/title>\n<meta name=\"robots\" content=\"index, follow, max-snippet:-1, max-image-preview:large, max-video-preview:-1\" \/>\n<link rel=\"canonical\" href=\"https:\/\/lospoliticosveracruz.com\/?p=153814\" \/>\n<meta property=\"og:locale\" content=\"es_ES\" \/>\n<meta property=\"og:type\" content=\"article\" \/>\n<meta property=\"og:title\" content=\"DE EXTREMIS A LA ERA DE LA IA - Los pol\u00edticos Veracruz\" \/>\n<meta property=\"og:description\" content=\"Alejandro BustosSinapsis Hace once a\u00f1os, Marvel Comics public\u00f3 una historia que, en su momento, parec\u00eda una exageraci\u00f3n futurista propia de historietas: Tony Stark (Iron Man), bajo los efectos de un hechizo que invirti\u00f3 su eje moral, lanz\u00f3 Extremis 3.0, una aplicaci\u00f3n capaz de generar perfecci\u00f3n f\u00edsica y belleza instant\u00e1nea a sus usuarios. Al principio, el [&hellip;]\" \/>\n<meta property=\"og:url\" content=\"https:\/\/lospoliticosveracruz.com\/?p=153814\" \/>\n<meta property=\"og:site_name\" content=\"Los pol\u00edticos Veracruz\" \/>\n<meta property=\"article:publisher\" content=\"https:\/\/www.facebook.com\/people\/Notimemes-de-los-Polticos\/61565672886568\/\" \/>\n<meta property=\"article:published_time\" content=\"2025-10-05T22:06:56+00:00\" \/>\n<meta property=\"article:modified_time\" content=\"2025-10-05T22:07:03+00:00\" \/>\n<meta property=\"og:image\" content=\"https:\/\/lospoliticosveracruz.com\/wp-content\/uploads\/2025\/10\/WhatsApp-Image-2025-10-05-at-16.01.12.jpeg\" \/>\n\t<meta property=\"og:image:width\" content=\"600\" \/>\n\t<meta property=\"og:image:height\" content=\"320\" \/>\n\t<meta property=\"og:image:type\" content=\"image\/jpeg\" \/>\n<meta name=\"author\" content=\"Lo viste en Los Pol\u00edticos\" \/>\n<meta name=\"twitter:card\" content=\"summary_large_image\" \/>\n<meta name=\"twitter:creator\" content=\"@LosPoliticosVer\" \/>\n<meta name=\"twitter:site\" content=\"@LosPoliticosVer\" \/>\n<meta name=\"twitter:label1\" content=\"Escrito por\" \/>\n\t<meta name=\"twitter:data1\" content=\"Lo viste en Los Pol\u00edticos\" \/>\n\t<meta name=\"twitter:label2\" content=\"Tiempo de lectura\" \/>\n\t<meta name=\"twitter:data2\" content=\"3 minutos\" \/>\n<script type=\"application\/ld+json\" class=\"yoast-schema-graph\">{\"@context\":\"https:\\\/\\\/schema.org\",\"@graph\":[{\"@type\":\"Article\",\"@id\":\"https:\\\/\\\/lospoliticosveracruz.com\\\/?p=153814#article\",\"isPartOf\":{\"@id\":\"https:\\\/\\\/lospoliticosveracruz.com\\\/?p=153814\"},\"author\":{\"name\":\"Lo viste en Los Pol\u00edticos\",\"@id\":\"https:\\\/\\\/lospoliticosveracruz.com\\\/#\\\/schema\\\/person\\\/b8702bb0e538456e6efd07080bf2a4a2\"},\"headline\":\"DE EXTREMIS A LA ERA DE LA IA\",\"datePublished\":\"2025-10-05T22:06:56+00:00\",\"dateModified\":\"2025-10-05T22:07:03+00:00\",\"mainEntityOfPage\":{\"@id\":\"https:\\\/\\\/lospoliticosveracruz.com\\\/?p=153814\"},\"wordCount\":570,\"publisher\":{\"@id\":\"https:\\\/\\\/lospoliticosveracruz.com\\\/#organization\"},\"image\":{\"@id\":\"https:\\\/\\\/lospoliticosveracruz.com\\\/?p=153814#primaryimage\"},\"thumbnailUrl\":\"https:\\\/\\\/lospoliticosveracruz.com\\\/wp-content\\\/uploads\\\/2025\\\/10\\\/WhatsApp-Image-2025-10-05-at-16.01.12.jpeg\",\"keywords\":[\"ChatGPT\",\"Extremis 3.0\",\"Inteligencia artificial\",\"tecnolog\u00eda y humanidad\",\"Tony Stark\"],\"articleSection\":[\"Cine, Libros y m\u00e1s\"],\"inLanguage\":\"es\"},{\"@type\":\"WebPage\",\"@id\":\"https:\\\/\\\/lospoliticosveracruz.com\\\/?p=153814\",\"url\":\"https:\\\/\\\/lospoliticosveracruz.com\\\/?p=153814\",\"name\":\"DE EXTREMIS A LA ERA DE LA IA - Los pol\u00edticos Veracruz\",\"isPartOf\":{\"@id\":\"https:\\\/\\\/lospoliticosveracruz.com\\\/#website\"},\"primaryImageOfPage\":{\"@id\":\"https:\\\/\\\/lospoliticosveracruz.com\\\/?p=153814#primaryimage\"},\"image\":{\"@id\":\"https:\\\/\\\/lospoliticosveracruz.com\\\/?p=153814#primaryimage\"},\"thumbnailUrl\":\"https:\\\/\\\/lospoliticosveracruz.com\\\/wp-content\\\/uploads\\\/2025\\\/10\\\/WhatsApp-Image-2025-10-05-at-16.01.12.jpeg\",\"datePublished\":\"2025-10-05T22:06:56+00:00\",\"dateModified\":\"2025-10-05T22:07:03+00:00\",\"breadcrumb\":{\"@id\":\"https:\\\/\\\/lospoliticosveracruz.com\\\/?p=153814#breadcrumb\"},\"inLanguage\":\"es\",\"potentialAction\":[{\"@type\":\"ReadAction\",\"target\":[\"https:\\\/\\\/lospoliticosveracruz.com\\\/?p=153814\"]}]},{\"@type\":\"ImageObject\",\"inLanguage\":\"es\",\"@id\":\"https:\\\/\\\/lospoliticosveracruz.com\\\/?p=153814#primaryimage\",\"url\":\"https:\\\/\\\/lospoliticosveracruz.com\\\/wp-content\\\/uploads\\\/2025\\\/10\\\/WhatsApp-Image-2025-10-05-at-16.01.12.jpeg\",\"contentUrl\":\"https:\\\/\\\/lospoliticosveracruz.com\\\/wp-content\\\/uploads\\\/2025\\\/10\\\/WhatsApp-Image-2025-10-05-at-16.01.12.jpeg\",\"width\":600,\"height\":320},{\"@type\":\"BreadcrumbList\",\"@id\":\"https:\\\/\\\/lospoliticosveracruz.com\\\/?p=153814#breadcrumb\",\"itemListElement\":[{\"@type\":\"ListItem\",\"position\":1,\"name\":\"Portada\",\"item\":\"https:\\\/\\\/lospoliticosveracruz.com\\\/\"},{\"@type\":\"ListItem\",\"position\":2,\"name\":\"DE EXTREMIS A LA ERA DE LA IA\"}]},{\"@type\":\"WebSite\",\"@id\":\"https:\\\/\\\/lospoliticosveracruz.com\\\/#website\",\"url\":\"https:\\\/\\\/lospoliticosveracruz.com\\\/\",\"name\":\"Los pol\u00edticos Veracruz\",\"description\":\"\",\"publisher\":{\"@id\":\"https:\\\/\\\/lospoliticosveracruz.com\\\/#organization\"},\"potentialAction\":[{\"@type\":\"SearchAction\",\"target\":{\"@type\":\"EntryPoint\",\"urlTemplate\":\"https:\\\/\\\/lospoliticosveracruz.com\\\/?s={search_term_string}\"},\"query-input\":{\"@type\":\"PropertyValueSpecification\",\"valueRequired\":true,\"valueName\":\"search_term_string\"}}],\"inLanguage\":\"es\"},{\"@type\":\"Organization\",\"@id\":\"https:\\\/\\\/lospoliticosveracruz.com\\\/#organization\",\"name\":\"Los pol\u00edticos Veracruz\",\"url\":\"https:\\\/\\\/lospoliticosveracruz.com\\\/\",\"logo\":{\"@type\":\"ImageObject\",\"inLanguage\":\"es\",\"@id\":\"https:\\\/\\\/lospoliticosveracruz.com\\\/#\\\/schema\\\/logo\\\/image\\\/\",\"url\":\"https:\\\/\\\/lospoliticosveracruz.com\\\/wp-content\\\/uploads\\\/2025\\\/12\\\/Logo-Nuevo-LOS-POLITICOS-1.jpg\",\"contentUrl\":\"https:\\\/\\\/lospoliticosveracruz.com\\\/wp-content\\\/uploads\\\/2025\\\/12\\\/Logo-Nuevo-LOS-POLITICOS-1.jpg\",\"width\":260,\"height\":70,\"caption\":\"Los pol\u00edticos Veracruz\"},\"image\":{\"@id\":\"https:\\\/\\\/lospoliticosveracruz.com\\\/#\\\/schema\\\/logo\\\/image\\\/\"},\"sameAs\":[\"https:\\\/\\\/www.facebook.com\\\/people\\\/Notimemes-de-los-Polticos\\\/61565672886568\\\/\",\"https:\\\/\\\/x.com\\\/LosPoliticosVer\"]},{\"@type\":\"Person\",\"@id\":\"https:\\\/\\\/lospoliticosveracruz.com\\\/#\\\/schema\\\/person\\\/b8702bb0e538456e6efd07080bf2a4a2\",\"name\":\"Lo viste en Los Pol\u00edticos\",\"image\":{\"@type\":\"ImageObject\",\"inLanguage\":\"es\",\"@id\":\"https:\\\/\\\/secure.gravatar.com\\\/avatar\\\/3a8de04a2656d44082be478bd6c086daa447c4651605818287b9532d3d0bd435?s=96&d=mm&r=g\",\"url\":\"https:\\\/\\\/secure.gravatar.com\\\/avatar\\\/3a8de04a2656d44082be478bd6c086daa447c4651605818287b9532d3d0bd435?s=96&d=mm&r=g\",\"contentUrl\":\"https:\\\/\\\/secure.gravatar.com\\\/avatar\\\/3a8de04a2656d44082be478bd6c086daa447c4651605818287b9532d3d0bd435?s=96&d=mm&r=g\",\"caption\":\"Lo viste en Los Pol\u00edticos\"},\"url\":\"https:\\\/\\\/lospoliticosveracruz.com\\\/?author=2\"}]}<\/script>\n<!-- \/ Yoast SEO plugin. -->","yoast_head_json":{"title":"DE EXTREMIS A LA ERA DE LA IA - Los pol\u00edticos Veracruz","robots":{"index":"index","follow":"follow","max-snippet":"max-snippet:-1","max-image-preview":"max-image-preview:large","max-video-preview":"max-video-preview:-1"},"canonical":"https:\/\/lospoliticosveracruz.com\/?p=153814","og_locale":"es_ES","og_type":"article","og_title":"DE EXTREMIS A LA ERA DE LA IA - Los pol\u00edticos Veracruz","og_description":"Alejandro BustosSinapsis Hace once a\u00f1os, Marvel Comics public\u00f3 una historia que, en su momento, parec\u00eda una exageraci\u00f3n futurista propia de historietas: Tony Stark (Iron Man), bajo los efectos de un hechizo que invirti\u00f3 su eje moral, lanz\u00f3 Extremis 3.0, una aplicaci\u00f3n capaz de generar perfecci\u00f3n f\u00edsica y belleza instant\u00e1nea a sus usuarios. Al principio, el [&hellip;]","og_url":"https:\/\/lospoliticosveracruz.com\/?p=153814","og_site_name":"Los pol\u00edticos Veracruz","article_publisher":"https:\/\/www.facebook.com\/people\/Notimemes-de-los-Polticos\/61565672886568\/","article_published_time":"2025-10-05T22:06:56+00:00","article_modified_time":"2025-10-05T22:07:03+00:00","og_image":[{"width":600,"height":320,"url":"https:\/\/lospoliticosveracruz.com\/wp-content\/uploads\/2025\/10\/WhatsApp-Image-2025-10-05-at-16.01.12.jpeg","type":"image\/jpeg"}],"author":"Lo viste en Los Pol\u00edticos","twitter_card":"summary_large_image","twitter_creator":"@LosPoliticosVer","twitter_site":"@LosPoliticosVer","twitter_misc":{"Escrito por":"Lo viste en Los Pol\u00edticos","Tiempo de lectura":"3 minutos"},"schema":{"@context":"https:\/\/schema.org","@graph":[{"@type":"Article","@id":"https:\/\/lospoliticosveracruz.com\/?p=153814#article","isPartOf":{"@id":"https:\/\/lospoliticosveracruz.com\/?p=153814"},"author":{"name":"Lo viste en Los Pol\u00edticos","@id":"https:\/\/lospoliticosveracruz.com\/#\/schema\/person\/b8702bb0e538456e6efd07080bf2a4a2"},"headline":"DE EXTREMIS A LA ERA DE LA IA","datePublished":"2025-10-05T22:06:56+00:00","dateModified":"2025-10-05T22:07:03+00:00","mainEntityOfPage":{"@id":"https:\/\/lospoliticosveracruz.com\/?p=153814"},"wordCount":570,"publisher":{"@id":"https:\/\/lospoliticosveracruz.com\/#organization"},"image":{"@id":"https:\/\/lospoliticosveracruz.com\/?p=153814#primaryimage"},"thumbnailUrl":"https:\/\/lospoliticosveracruz.com\/wp-content\/uploads\/2025\/10\/WhatsApp-Image-2025-10-05-at-16.01.12.jpeg","keywords":["ChatGPT","Extremis 3.0","Inteligencia artificial","tecnolog\u00eda y humanidad","Tony Stark"],"articleSection":["Cine, Libros y m\u00e1s"],"inLanguage":"es"},{"@type":"WebPage","@id":"https:\/\/lospoliticosveracruz.com\/?p=153814","url":"https:\/\/lospoliticosveracruz.com\/?p=153814","name":"DE EXTREMIS A LA ERA DE LA IA - Los pol\u00edticos Veracruz","isPartOf":{"@id":"https:\/\/lospoliticosveracruz.com\/#website"},"primaryImageOfPage":{"@id":"https:\/\/lospoliticosveracruz.com\/?p=153814#primaryimage"},"image":{"@id":"https:\/\/lospoliticosveracruz.com\/?p=153814#primaryimage"},"thumbnailUrl":"https:\/\/lospoliticosveracruz.com\/wp-content\/uploads\/2025\/10\/WhatsApp-Image-2025-10-05-at-16.01.12.jpeg","datePublished":"2025-10-05T22:06:56+00:00","dateModified":"2025-10-05T22:07:03+00:00","breadcrumb":{"@id":"https:\/\/lospoliticosveracruz.com\/?p=153814#breadcrumb"},"inLanguage":"es","potentialAction":[{"@type":"ReadAction","target":["https:\/\/lospoliticosveracruz.com\/?p=153814"]}]},{"@type":"ImageObject","inLanguage":"es","@id":"https:\/\/lospoliticosveracruz.com\/?p=153814#primaryimage","url":"https:\/\/lospoliticosveracruz.com\/wp-content\/uploads\/2025\/10\/WhatsApp-Image-2025-10-05-at-16.01.12.jpeg","contentUrl":"https:\/\/lospoliticosveracruz.com\/wp-content\/uploads\/2025\/10\/WhatsApp-Image-2025-10-05-at-16.01.12.jpeg","width":600,"height":320},{"@type":"BreadcrumbList","@id":"https:\/\/lospoliticosveracruz.com\/?p=153814#breadcrumb","itemListElement":[{"@type":"ListItem","position":1,"name":"Portada","item":"https:\/\/lospoliticosveracruz.com\/"},{"@type":"ListItem","position":2,"name":"DE EXTREMIS A LA ERA DE LA IA"}]},{"@type":"WebSite","@id":"https:\/\/lospoliticosveracruz.com\/#website","url":"https:\/\/lospoliticosveracruz.com\/","name":"Los pol\u00edticos Veracruz","description":"","publisher":{"@id":"https:\/\/lospoliticosveracruz.com\/#organization"},"potentialAction":[{"@type":"SearchAction","target":{"@type":"EntryPoint","urlTemplate":"https:\/\/lospoliticosveracruz.com\/?s={search_term_string}"},"query-input":{"@type":"PropertyValueSpecification","valueRequired":true,"valueName":"search_term_string"}}],"inLanguage":"es"},{"@type":"Organization","@id":"https:\/\/lospoliticosveracruz.com\/#organization","name":"Los pol\u00edticos Veracruz","url":"https:\/\/lospoliticosveracruz.com\/","logo":{"@type":"ImageObject","inLanguage":"es","@id":"https:\/\/lospoliticosveracruz.com\/#\/schema\/logo\/image\/","url":"https:\/\/lospoliticosveracruz.com\/wp-content\/uploads\/2025\/12\/Logo-Nuevo-LOS-POLITICOS-1.jpg","contentUrl":"https:\/\/lospoliticosveracruz.com\/wp-content\/uploads\/2025\/12\/Logo-Nuevo-LOS-POLITICOS-1.jpg","width":260,"height":70,"caption":"Los pol\u00edticos Veracruz"},"image":{"@id":"https:\/\/lospoliticosveracruz.com\/#\/schema\/logo\/image\/"},"sameAs":["https:\/\/www.facebook.com\/people\/Notimemes-de-los-Polticos\/61565672886568\/","https:\/\/x.com\/LosPoliticosVer"]},{"@type":"Person","@id":"https:\/\/lospoliticosveracruz.com\/#\/schema\/person\/b8702bb0e538456e6efd07080bf2a4a2","name":"Lo viste en Los Pol\u00edticos","image":{"@type":"ImageObject","inLanguage":"es","@id":"https:\/\/secure.gravatar.com\/avatar\/3a8de04a2656d44082be478bd6c086daa447c4651605818287b9532d3d0bd435?s=96&d=mm&r=g","url":"https:\/\/secure.gravatar.com\/avatar\/3a8de04a2656d44082be478bd6c086daa447c4651605818287b9532d3d0bd435?s=96&d=mm&r=g","contentUrl":"https:\/\/secure.gravatar.com\/avatar\/3a8de04a2656d44082be478bd6c086daa447c4651605818287b9532d3d0bd435?s=96&d=mm&r=g","caption":"Lo viste en Los Pol\u00edticos"},"url":"https:\/\/lospoliticosveracruz.com\/?author=2"}]}},"_links":{"self":[{"href":"https:\/\/lospoliticosveracruz.com\/index.php?rest_route=\/wp\/v2\/posts\/153814","targetHints":{"allow":["GET"]}}],"collection":[{"href":"https:\/\/lospoliticosveracruz.com\/index.php?rest_route=\/wp\/v2\/posts"}],"about":[{"href":"https:\/\/lospoliticosveracruz.com\/index.php?rest_route=\/wp\/v2\/types\/post"}],"author":[{"embeddable":true,"href":"https:\/\/lospoliticosveracruz.com\/index.php?rest_route=\/wp\/v2\/users\/2"}],"replies":[{"embeddable":true,"href":"https:\/\/lospoliticosveracruz.com\/index.php?rest_route=%2Fwp%2Fv2%2Fcomments&post=153814"}],"version-history":[{"count":1,"href":"https:\/\/lospoliticosveracruz.com\/index.php?rest_route=\/wp\/v2\/posts\/153814\/revisions"}],"predecessor-version":[{"id":153816,"href":"https:\/\/lospoliticosveracruz.com\/index.php?rest_route=\/wp\/v2\/posts\/153814\/revisions\/153816"}],"wp:featuredmedia":[{"embeddable":true,"href":"https:\/\/lospoliticosveracruz.com\/index.php?rest_route=\/wp\/v2\/media\/153815"}],"wp:attachment":[{"href":"https:\/\/lospoliticosveracruz.com\/index.php?rest_route=%2Fwp%2Fv2%2Fmedia&parent=153814"}],"wp:term":[{"taxonomy":"category","embeddable":true,"href":"https:\/\/lospoliticosveracruz.com\/index.php?rest_route=%2Fwp%2Fv2%2Fcategories&post=153814"},{"taxonomy":"post_tag","embeddable":true,"href":"https:\/\/lospoliticosveracruz.com\/index.php?rest_route=%2Fwp%2Fv2%2Ftags&post=153814"}],"curies":[{"name":"wp","href":"https:\/\/api.w.org\/{rel}","templated":true}]}}