{"id":153896,"date":"2025-10-06T15:42:29","date_gmt":"2025-10-06T20:42:29","guid":{"rendered":"https:\/\/lospoliticosveracruz.com.mx\/?p=153896"},"modified":"2025-10-06T15:43:14","modified_gmt":"2025-10-06T20:43:14","slug":"nahle-muestra-su-verdadero-rostro","status":"publish","type":"post","link":"https:\/\/lospoliticosveracruz.com\/?p=153896","title":{"rendered":"NAHLE MUESTRA SU VERDADERO ROSTRO"},"content":{"rendered":"\n\n\n<p><strong>Inocencio Y\u00e1\u00f1ez Vicencio<\/strong><\/p>\n\n\n\n<p>Despu\u00e9s de ver los videos que registran los gestos de la madre que se acerca a la <strong>gobernadora Roc\u00edo Nahle Garc\u00eda<\/strong> pidiendo justicia para su hija que fue ultrajada y, al no ser atendida, se tira al piso; as\u00ed como su reacci\u00f3n ante una reportera que le hace una pregunta que no le parece \u2014pero que es parte de sus funciones\u2014, no debiera quedar duda de que la actitud majadera que tuvo con su contrincante en la campa\u00f1a para la sucesi\u00f3n gubernamental en nuestro estado, al dejarlo con la mano extendida antes de un debate televisado, no fue un simple desliz.<br>No. Como acertadamente se comenta en uno de esos videos, se trata del verdadero desprecio y repugnancia que le causa cruzarse con los veracruzanos, a quienes \u00fanicamente permite que se acerquen para la foto y darse su ba\u00f1o de pueblo.<\/p>\n\n\n\n\n\n<p>Por m\u00e1s que encuestas a modo y bufones a sueldo se desvivan en favorecerla, no pasan d\u00edas sin que termine por dejarlos en rid\u00edculo, porque o se le cae la m\u00e1scara o se le derrite el maquillaje populachero.<br>Claro, con una buena recompensa, sobran <strong>chayoteros<\/strong> que le vean espolones presidenciales, no obstante que figuras relevantes de su partido promuevan la <strong>revocaci\u00f3n de mandato<\/strong>, dada su escandalosa incompetencia, que tiene a <strong>Veracruz<\/strong> en manos del crimen organizado.<\/p>\n\n\n\n<p>En los \u00faltimos d\u00edas hemos visto que no pocos piden que se investigue la posible responsabilidad de <strong>Roc\u00edo Nahle<\/strong> en el robo del siglo que significan los <strong>600 mil millones de pesos<\/strong> que se calcula no entraron a la <strong>Secretar\u00eda de Hacienda<\/strong>. Ya se reclamaba que diera cuentas de c\u00f3mo dispar\u00f3 el costo original de la <strong>Refiner\u00eda de Dos Bocas<\/strong>, que era de 8 mil millones de d\u00f3lares a m\u00e1s de 21 mil millones, y ahora se suma la exigencia de que se investigue su responsabilidad en el <strong>huachicol fiscal<\/strong> en una paraestatal de la cual era cabeza de sector.<br>Tambi\u00e9n deber\u00edan revisarse las <strong>vinculaciones il\u00edcitas<\/strong> de hombres de confianza que operaron con ella en la refiner\u00eda y que ahora est\u00e1n al frente de la <strong>Secretar\u00eda de Obras P\u00fablicas<\/strong> en nuestra entidad. Por cierto, tambi\u00e9n deber\u00eda investigarse por qu\u00e9 los medios informan que <strong>Dos Bocas<\/strong> \u00fanicamente trabaja al 30 por ciento.<\/p>\n\n\n\n<p>El desplome del Estado, <strong>Roc\u00edo Nahle<\/strong> lo quiere ocultar con nimiedades que sus bufones exaltan como grandes logros. Las plataformas que est\u00e1n a su servicio empiezan a palidecer hasta hacerse invisibles e intangibles, primero por estar en manos de mercenarios sin credibilidad y segundo porque, un d\u00eda, festinan que habr\u00e1 un acueducto y, poco despu\u00e9s, tienen que publicar que declara <strong>Pablo Robles<\/strong> que no hay fuente, por lo que es sospechoso que lo hayan anunciado con presupuesto.<br>Que habr\u00e1 polos de desarrollo, y a los pocos d\u00edas salga el gris funcionario <strong>Ernesto P\u00e9rez Astorga<\/strong> a decir que le entregar\u00e1n al <strong>Municipio de Veracruz<\/strong> el <strong>Parque Industrial<\/strong>; que meter\u00e1n en cintura a los taxistas y, una semana despu\u00e9s, divulgan que pueden seguir haciendo de las suyas. Al lastre que cargan estos matraqueros ahora agregan el costo de estar desdici\u00e9ndose, con lo que se degradan a vil basura. As\u00ed, \u00bfqui\u00e9n puede creer en sus notas?<\/p>\n\n\n\n<p>Con tal de hacernos mirar hacia otro lado, <strong>Roc\u00edo Nahle<\/strong> tiene encuestadoras a modo y bufones encargados de encontrarle alguna virtud o de presentar como virtudes sus desv\u00edos y desvar\u00edos. Pero tambi\u00e9n cuenta con un grupo de plum\u00edferos que convierten a sus enemigos en enemigos naturales e hist\u00f3ricos, prest\u00e1ndole un gran servicio al jalar la marca y darle respiro.<\/p>\n\n\n\n<p><strong>Giovanni Sartori<\/strong> fue muy claro cuando advirti\u00f3 que el mayor problema de las democracias es que se les combate en nombre de la democracia. Por eso, debemos distinguir entre quienes combaten a los que han destruido la democracia consecuentemente y los que, fingiendo combatirlos, les sirven tergiversando la realidad y lanz\u00e1ndose contra sus enemigos, aline\u00e1ndose en realidad con ellos.<\/p>\n\n\n\n<p>Basta de enga\u00f1ar y autoenga\u00f1arse. Quienes hemos decidido enlistarnos en la lucha por la <strong>restauraci\u00f3n de la democracia<\/strong> y de las <strong>instituciones republicanas<\/strong>, no podemos hacer ninguna concesi\u00f3n a los morenistas que han colonizado los \u00f3rganos electorales y suprimido la divisi\u00f3n de poderes para perpetuarse en el poder.<\/p>\n\n\n\n<p>Cuando no hay cr\u00edtica que no persigan ni opositor que no pretendan borrar de la faz de la tierra, no queda otro camino que sumar a todos los que acepten construir una verdadera alternativa con la <strong>libertad<\/strong> como estandarte: libertad como no invasi\u00f3n y libertad como no dominaci\u00f3n.<br>Despu\u00e9s haremos el ajuste; por ahora, vayamos por el programa y la estrategia, poniendo nuestra propia agenda y cerrando toda posibilidad de que nos vuelvan a imponer candidatos o narrativas.<br><strong>M\u00e9xico y Veracruz<\/strong> necesitan una verdadera alternativa al saqueo y vandalismo de <strong>Morena<\/strong>. Asumamos el reto.<\/p>\n","protected":false},"excerpt":{"rendered":"<p>Inocencio Y\u00e1\u00f1ez Vicencio Despu\u00e9s de ver los videos que registran los gestos de la madre que se acerca a la gobernadora Roc\u00edo Nahle Garc\u00eda pidiendo justicia para su hija que fue ultrajada y, al no ser atendida, se tira al piso; as\u00ed como su reacci\u00f3n ante una reportera que le hace una pregunta que no [&hellip;]<\/p>\n","protected":false},"author":2,"featured_media":141387,"comment_status":"closed","ping_status":"closed","sticky":false,"template":"","format":"standard","meta":{"tdm_status":"","tdm_grid_status":"","footnotes":""},"categories":[70],"tags":[14643,1026,46343,3578,195],"class_list":{"0":"post-153896","1":"post","2":"type-post","3":"status-publish","4":"format-standard","5":"has-post-thumbnail","7":"category-de-opinion","8":"tag-dos-bocas","9":"tag-morena","10":"tag-restauracion-democratica","11":"tag-rocio-nahle","12":"tag-veracruz"},"yoast_head":"<!-- This site is optimized with the Yoast SEO plugin v27.4 - https:\/\/yoast.com\/product\/yoast-seo-wordpress\/ -->\n<title>NAHLE MUESTRA SU VERDADERO ROSTRO - Los pol\u00edticos Veracruz<\/title>\n<meta name=\"robots\" content=\"index, follow, max-snippet:-1, max-image-preview:large, max-video-preview:-1\" \/>\n<link rel=\"canonical\" href=\"https:\/\/lospoliticosveracruz.com\/?p=153896\" \/>\n<meta property=\"og:locale\" content=\"es_ES\" \/>\n<meta property=\"og:type\" content=\"article\" \/>\n<meta property=\"og:title\" content=\"NAHLE MUESTRA SU VERDADERO ROSTRO - Los pol\u00edticos Veracruz\" \/>\n<meta property=\"og:description\" content=\"Inocencio Y\u00e1\u00f1ez Vicencio Despu\u00e9s de ver los videos que registran los gestos de la madre que se acerca a la gobernadora Roc\u00edo Nahle Garc\u00eda pidiendo justicia para su hija que fue ultrajada y, al no ser atendida, se tira al piso; as\u00ed como su reacci\u00f3n ante una reportera que le hace una pregunta que no [&hellip;]\" \/>\n<meta property=\"og:url\" content=\"https:\/\/lospoliticosveracruz.com\/?p=153896\" \/>\n<meta property=\"og:site_name\" content=\"Los pol\u00edticos Veracruz\" \/>\n<meta property=\"article:publisher\" content=\"https:\/\/www.facebook.com\/people\/Notimemes-de-los-Polticos\/61565672886568\/\" \/>\n<meta property=\"article:published_time\" content=\"2025-10-06T20:42:29+00:00\" \/>\n<meta property=\"article:modified_time\" content=\"2025-10-06T20:43:14+00:00\" \/>\n<meta property=\"og:image\" content=\"https:\/\/lospoliticosveracruz.com\/wp-content\/uploads\/2025\/04\/Inocencio-Yanez-Vicencio.jpg\" \/>\n\t<meta property=\"og:image:width\" content=\"1250\" \/>\n\t<meta property=\"og:image:height\" content=\"667\" \/>\n\t<meta property=\"og:image:type\" content=\"image\/jpeg\" \/>\n<meta name=\"author\" content=\"Lo viste en Los Pol\u00edticos\" \/>\n<meta name=\"twitter:card\" content=\"summary_large_image\" \/>\n<meta name=\"twitter:creator\" content=\"@LosPoliticosVer\" \/>\n<meta name=\"twitter:site\" content=\"@LosPoliticosVer\" \/>\n<meta name=\"twitter:label1\" content=\"Escrito por\" \/>\n\t<meta name=\"twitter:data1\" content=\"Lo viste en Los Pol\u00edticos\" \/>\n\t<meta name=\"twitter:label2\" content=\"Tiempo de lectura\" \/>\n\t<meta name=\"twitter:data2\" content=\"4 minutos\" \/>\n<script type=\"application\/ld+json\" class=\"yoast-schema-graph\">{\"@context\":\"https:\\\/\\\/schema.org\",\"@graph\":[{\"@type\":\"Article\",\"@id\":\"https:\\\/\\\/lospoliticosveracruz.com\\\/?p=153896#article\",\"isPartOf\":{\"@id\":\"https:\\\/\\\/lospoliticosveracruz.com\\\/?p=153896\"},\"author\":{\"name\":\"Lo viste en Los Pol\u00edticos\",\"@id\":\"https:\\\/\\\/lospoliticosveracruz.com\\\/#\\\/schema\\\/person\\\/b8702bb0e538456e6efd07080bf2a4a2\"},\"headline\":\"NAHLE MUESTRA SU VERDADERO ROSTRO\",\"datePublished\":\"2025-10-06T20:42:29+00:00\",\"dateModified\":\"2025-10-06T20:43:14+00:00\",\"mainEntityOfPage\":{\"@id\":\"https:\\\/\\\/lospoliticosveracruz.com\\\/?p=153896\"},\"wordCount\":844,\"publisher\":{\"@id\":\"https:\\\/\\\/lospoliticosveracruz.com\\\/#organization\"},\"image\":{\"@id\":\"https:\\\/\\\/lospoliticosveracruz.com\\\/?p=153896#primaryimage\"},\"thumbnailUrl\":\"https:\\\/\\\/lospoliticosveracruz.com\\\/wp-content\\\/uploads\\\/2025\\\/04\\\/Inocencio-Yanez-Vicencio.jpg\",\"keywords\":[\"Dos Bocas\",\"Morena\",\"restauraci\u00f3n democr\u00e1tica\",\"Roc\u00edo Nahle\",\"Veracruz\"],\"articleSection\":[\"De Opini\u00f3n\"],\"inLanguage\":\"es\"},{\"@type\":\"WebPage\",\"@id\":\"https:\\\/\\\/lospoliticosveracruz.com\\\/?p=153896\",\"url\":\"https:\\\/\\\/lospoliticosveracruz.com\\\/?p=153896\",\"name\":\"NAHLE MUESTRA SU VERDADERO ROSTRO - Los pol\u00edticos Veracruz\",\"isPartOf\":{\"@id\":\"https:\\\/\\\/lospoliticosveracruz.com\\\/#website\"},\"primaryImageOfPage\":{\"@id\":\"https:\\\/\\\/lospoliticosveracruz.com\\\/?p=153896#primaryimage\"},\"image\":{\"@id\":\"https:\\\/\\\/lospoliticosveracruz.com\\\/?p=153896#primaryimage\"},\"thumbnailUrl\":\"https:\\\/\\\/lospoliticosveracruz.com\\\/wp-content\\\/uploads\\\/2025\\\/04\\\/Inocencio-Yanez-Vicencio.jpg\",\"datePublished\":\"2025-10-06T20:42:29+00:00\",\"dateModified\":\"2025-10-06T20:43:14+00:00\",\"breadcrumb\":{\"@id\":\"https:\\\/\\\/lospoliticosveracruz.com\\\/?p=153896#breadcrumb\"},\"inLanguage\":\"es\",\"potentialAction\":[{\"@type\":\"ReadAction\",\"target\":[\"https:\\\/\\\/lospoliticosveracruz.com\\\/?p=153896\"]}]},{\"@type\":\"ImageObject\",\"inLanguage\":\"es\",\"@id\":\"https:\\\/\\\/lospoliticosveracruz.com\\\/?p=153896#primaryimage\",\"url\":\"https:\\\/\\\/lospoliticosveracruz.com\\\/wp-content\\\/uploads\\\/2025\\\/04\\\/Inocencio-Yanez-Vicencio.jpg\",\"contentUrl\":\"https:\\\/\\\/lospoliticosveracruz.com\\\/wp-content\\\/uploads\\\/2025\\\/04\\\/Inocencio-Yanez-Vicencio.jpg\",\"width\":1250,\"height\":667},{\"@type\":\"BreadcrumbList\",\"@id\":\"https:\\\/\\\/lospoliticosveracruz.com\\\/?p=153896#breadcrumb\",\"itemListElement\":[{\"@type\":\"ListItem\",\"position\":1,\"name\":\"Portada\",\"item\":\"https:\\\/\\\/lospoliticosveracruz.com\\\/\"},{\"@type\":\"ListItem\",\"position\":2,\"name\":\"NAHLE MUESTRA SU VERDADERO ROSTRO\"}]},{\"@type\":\"WebSite\",\"@id\":\"https:\\\/\\\/lospoliticosveracruz.com\\\/#website\",\"url\":\"https:\\\/\\\/lospoliticosveracruz.com\\\/\",\"name\":\"Los pol\u00edticos Veracruz\",\"description\":\"\",\"publisher\":{\"@id\":\"https:\\\/\\\/lospoliticosveracruz.com\\\/#organization\"},\"potentialAction\":[{\"@type\":\"SearchAction\",\"target\":{\"@type\":\"EntryPoint\",\"urlTemplate\":\"https:\\\/\\\/lospoliticosveracruz.com\\\/?s={search_term_string}\"},\"query-input\":{\"@type\":\"PropertyValueSpecification\",\"valueRequired\":true,\"valueName\":\"search_term_string\"}}],\"inLanguage\":\"es\"},{\"@type\":\"Organization\",\"@id\":\"https:\\\/\\\/lospoliticosveracruz.com\\\/#organization\",\"name\":\"Los pol\u00edticos Veracruz\",\"url\":\"https:\\\/\\\/lospoliticosveracruz.com\\\/\",\"logo\":{\"@type\":\"ImageObject\",\"inLanguage\":\"es\",\"@id\":\"https:\\\/\\\/lospoliticosveracruz.com\\\/#\\\/schema\\\/logo\\\/image\\\/\",\"url\":\"https:\\\/\\\/lospoliticosveracruz.com\\\/wp-content\\\/uploads\\\/2025\\\/12\\\/Logo-Nuevo-LOS-POLITICOS-1.jpg\",\"contentUrl\":\"https:\\\/\\\/lospoliticosveracruz.com\\\/wp-content\\\/uploads\\\/2025\\\/12\\\/Logo-Nuevo-LOS-POLITICOS-1.jpg\",\"width\":260,\"height\":70,\"caption\":\"Los pol\u00edticos Veracruz\"},\"image\":{\"@id\":\"https:\\\/\\\/lospoliticosveracruz.com\\\/#\\\/schema\\\/logo\\\/image\\\/\"},\"sameAs\":[\"https:\\\/\\\/www.facebook.com\\\/people\\\/Notimemes-de-los-Polticos\\\/61565672886568\\\/\",\"https:\\\/\\\/x.com\\\/LosPoliticosVer\"]},{\"@type\":\"Person\",\"@id\":\"https:\\\/\\\/lospoliticosveracruz.com\\\/#\\\/schema\\\/person\\\/b8702bb0e538456e6efd07080bf2a4a2\",\"name\":\"Lo viste en Los Pol\u00edticos\",\"image\":{\"@type\":\"ImageObject\",\"inLanguage\":\"es\",\"@id\":\"https:\\\/\\\/secure.gravatar.com\\\/avatar\\\/3a8de04a2656d44082be478bd6c086daa447c4651605818287b9532d3d0bd435?s=96&d=mm&r=g\",\"url\":\"https:\\\/\\\/secure.gravatar.com\\\/avatar\\\/3a8de04a2656d44082be478bd6c086daa447c4651605818287b9532d3d0bd435?s=96&d=mm&r=g\",\"contentUrl\":\"https:\\\/\\\/secure.gravatar.com\\\/avatar\\\/3a8de04a2656d44082be478bd6c086daa447c4651605818287b9532d3d0bd435?s=96&d=mm&r=g\",\"caption\":\"Lo viste en Los Pol\u00edticos\"},\"url\":\"https:\\\/\\\/lospoliticosveracruz.com\\\/?author=2\"}]}<\/script>\n<!-- \/ Yoast SEO plugin. -->","yoast_head_json":{"title":"NAHLE MUESTRA SU VERDADERO ROSTRO - Los pol\u00edticos Veracruz","robots":{"index":"index","follow":"follow","max-snippet":"max-snippet:-1","max-image-preview":"max-image-preview:large","max-video-preview":"max-video-preview:-1"},"canonical":"https:\/\/lospoliticosveracruz.com\/?p=153896","og_locale":"es_ES","og_type":"article","og_title":"NAHLE MUESTRA SU VERDADERO ROSTRO - Los pol\u00edticos Veracruz","og_description":"Inocencio Y\u00e1\u00f1ez Vicencio Despu\u00e9s de ver los videos que registran los gestos de la madre que se acerca a la gobernadora Roc\u00edo Nahle Garc\u00eda pidiendo justicia para su hija que fue ultrajada y, al no ser atendida, se tira al piso; as\u00ed como su reacci\u00f3n ante una reportera que le hace una pregunta que no [&hellip;]","og_url":"https:\/\/lospoliticosveracruz.com\/?p=153896","og_site_name":"Los pol\u00edticos Veracruz","article_publisher":"https:\/\/www.facebook.com\/people\/Notimemes-de-los-Polticos\/61565672886568\/","article_published_time":"2025-10-06T20:42:29+00:00","article_modified_time":"2025-10-06T20:43:14+00:00","og_image":[{"width":1250,"height":667,"url":"https:\/\/lospoliticosveracruz.com\/wp-content\/uploads\/2025\/04\/Inocencio-Yanez-Vicencio.jpg","type":"image\/jpeg"}],"author":"Lo viste en Los Pol\u00edticos","twitter_card":"summary_large_image","twitter_creator":"@LosPoliticosVer","twitter_site":"@LosPoliticosVer","twitter_misc":{"Escrito por":"Lo viste en Los Pol\u00edticos","Tiempo de lectura":"4 minutos"},"schema":{"@context":"https:\/\/schema.org","@graph":[{"@type":"Article","@id":"https:\/\/lospoliticosveracruz.com\/?p=153896#article","isPartOf":{"@id":"https:\/\/lospoliticosveracruz.com\/?p=153896"},"author":{"name":"Lo viste en Los Pol\u00edticos","@id":"https:\/\/lospoliticosveracruz.com\/#\/schema\/person\/b8702bb0e538456e6efd07080bf2a4a2"},"headline":"NAHLE MUESTRA SU VERDADERO ROSTRO","datePublished":"2025-10-06T20:42:29+00:00","dateModified":"2025-10-06T20:43:14+00:00","mainEntityOfPage":{"@id":"https:\/\/lospoliticosveracruz.com\/?p=153896"},"wordCount":844,"publisher":{"@id":"https:\/\/lospoliticosveracruz.com\/#organization"},"image":{"@id":"https:\/\/lospoliticosveracruz.com\/?p=153896#primaryimage"},"thumbnailUrl":"https:\/\/lospoliticosveracruz.com\/wp-content\/uploads\/2025\/04\/Inocencio-Yanez-Vicencio.jpg","keywords":["Dos Bocas","Morena","restauraci\u00f3n democr\u00e1tica","Roc\u00edo Nahle","Veracruz"],"articleSection":["De Opini\u00f3n"],"inLanguage":"es"},{"@type":"WebPage","@id":"https:\/\/lospoliticosveracruz.com\/?p=153896","url":"https:\/\/lospoliticosveracruz.com\/?p=153896","name":"NAHLE MUESTRA SU VERDADERO ROSTRO - Los pol\u00edticos Veracruz","isPartOf":{"@id":"https:\/\/lospoliticosveracruz.com\/#website"},"primaryImageOfPage":{"@id":"https:\/\/lospoliticosveracruz.com\/?p=153896#primaryimage"},"image":{"@id":"https:\/\/lospoliticosveracruz.com\/?p=153896#primaryimage"},"thumbnailUrl":"https:\/\/lospoliticosveracruz.com\/wp-content\/uploads\/2025\/04\/Inocencio-Yanez-Vicencio.jpg","datePublished":"2025-10-06T20:42:29+00:00","dateModified":"2025-10-06T20:43:14+00:00","breadcrumb":{"@id":"https:\/\/lospoliticosveracruz.com\/?p=153896#breadcrumb"},"inLanguage":"es","potentialAction":[{"@type":"ReadAction","target":["https:\/\/lospoliticosveracruz.com\/?p=153896"]}]},{"@type":"ImageObject","inLanguage":"es","@id":"https:\/\/lospoliticosveracruz.com\/?p=153896#primaryimage","url":"https:\/\/lospoliticosveracruz.com\/wp-content\/uploads\/2025\/04\/Inocencio-Yanez-Vicencio.jpg","contentUrl":"https:\/\/lospoliticosveracruz.com\/wp-content\/uploads\/2025\/04\/Inocencio-Yanez-Vicencio.jpg","width":1250,"height":667},{"@type":"BreadcrumbList","@id":"https:\/\/lospoliticosveracruz.com\/?p=153896#breadcrumb","itemListElement":[{"@type":"ListItem","position":1,"name":"Portada","item":"https:\/\/lospoliticosveracruz.com\/"},{"@type":"ListItem","position":2,"name":"NAHLE MUESTRA SU VERDADERO ROSTRO"}]},{"@type":"WebSite","@id":"https:\/\/lospoliticosveracruz.com\/#website","url":"https:\/\/lospoliticosveracruz.com\/","name":"Los pol\u00edticos Veracruz","description":"","publisher":{"@id":"https:\/\/lospoliticosveracruz.com\/#organization"},"potentialAction":[{"@type":"SearchAction","target":{"@type":"EntryPoint","urlTemplate":"https:\/\/lospoliticosveracruz.com\/?s={search_term_string}"},"query-input":{"@type":"PropertyValueSpecification","valueRequired":true,"valueName":"search_term_string"}}],"inLanguage":"es"},{"@type":"Organization","@id":"https:\/\/lospoliticosveracruz.com\/#organization","name":"Los pol\u00edticos Veracruz","url":"https:\/\/lospoliticosveracruz.com\/","logo":{"@type":"ImageObject","inLanguage":"es","@id":"https:\/\/lospoliticosveracruz.com\/#\/schema\/logo\/image\/","url":"https:\/\/lospoliticosveracruz.com\/wp-content\/uploads\/2025\/12\/Logo-Nuevo-LOS-POLITICOS-1.jpg","contentUrl":"https:\/\/lospoliticosveracruz.com\/wp-content\/uploads\/2025\/12\/Logo-Nuevo-LOS-POLITICOS-1.jpg","width":260,"height":70,"caption":"Los pol\u00edticos Veracruz"},"image":{"@id":"https:\/\/lospoliticosveracruz.com\/#\/schema\/logo\/image\/"},"sameAs":["https:\/\/www.facebook.com\/people\/Notimemes-de-los-Polticos\/61565672886568\/","https:\/\/x.com\/LosPoliticosVer"]},{"@type":"Person","@id":"https:\/\/lospoliticosveracruz.com\/#\/schema\/person\/b8702bb0e538456e6efd07080bf2a4a2","name":"Lo viste en Los Pol\u00edticos","image":{"@type":"ImageObject","inLanguage":"es","@id":"https:\/\/secure.gravatar.com\/avatar\/3a8de04a2656d44082be478bd6c086daa447c4651605818287b9532d3d0bd435?s=96&d=mm&r=g","url":"https:\/\/secure.gravatar.com\/avatar\/3a8de04a2656d44082be478bd6c086daa447c4651605818287b9532d3d0bd435?s=96&d=mm&r=g","contentUrl":"https:\/\/secure.gravatar.com\/avatar\/3a8de04a2656d44082be478bd6c086daa447c4651605818287b9532d3d0bd435?s=96&d=mm&r=g","caption":"Lo viste en Los Pol\u00edticos"},"url":"https:\/\/lospoliticosveracruz.com\/?author=2"}]}},"_links":{"self":[{"href":"https:\/\/lospoliticosveracruz.com\/index.php?rest_route=\/wp\/v2\/posts\/153896","targetHints":{"allow":["GET"]}}],"collection":[{"href":"https:\/\/lospoliticosveracruz.com\/index.php?rest_route=\/wp\/v2\/posts"}],"about":[{"href":"https:\/\/lospoliticosveracruz.com\/index.php?rest_route=\/wp\/v2\/types\/post"}],"author":[{"embeddable":true,"href":"https:\/\/lospoliticosveracruz.com\/index.php?rest_route=\/wp\/v2\/users\/2"}],"replies":[{"embeddable":true,"href":"https:\/\/lospoliticosveracruz.com\/index.php?rest_route=%2Fwp%2Fv2%2Fcomments&post=153896"}],"version-history":[{"count":1,"href":"https:\/\/lospoliticosveracruz.com\/index.php?rest_route=\/wp\/v2\/posts\/153896\/revisions"}],"predecessor-version":[{"id":153897,"href":"https:\/\/lospoliticosveracruz.com\/index.php?rest_route=\/wp\/v2\/posts\/153896\/revisions\/153897"}],"wp:featuredmedia":[{"embeddable":true,"href":"https:\/\/lospoliticosveracruz.com\/index.php?rest_route=\/wp\/v2\/media\/141387"}],"wp:attachment":[{"href":"https:\/\/lospoliticosveracruz.com\/index.php?rest_route=%2Fwp%2Fv2%2Fmedia&parent=153896"}],"wp:term":[{"taxonomy":"category","embeddable":true,"href":"https:\/\/lospoliticosveracruz.com\/index.php?rest_route=%2Fwp%2Fv2%2Fcategories&post=153896"},{"taxonomy":"post_tag","embeddable":true,"href":"https:\/\/lospoliticosveracruz.com\/index.php?rest_route=%2Fwp%2Fv2%2Ftags&post=153896"}],"curies":[{"name":"wp","href":"https:\/\/api.w.org\/{rel}","templated":true}]}}