{"id":154014,"date":"2025-10-07T13:16:59","date_gmt":"2025-10-07T18:16:59","guid":{"rendered":"https:\/\/lospoliticosveracruz.com.mx\/?p=154014"},"modified":"2025-10-07T13:17:16","modified_gmt":"2025-10-07T18:17:16","slug":"observatorio-de-acoso-y-censura-por-la-prorroga","status":"publish","type":"post","link":"https:\/\/lospoliticosveracruz.com\/?p=154014","title":{"rendered":"OBSERVATORIO DE ACOSO Y CENSURA POR LA PR\u00d3RROGA!"},"content":{"rendered":"\n<p>Como un espacio de denuncia y, a la vez, mecanismo de resistencia acad\u00e9mica, se propone lo que ser\u00eda el primer Observatorio de Acoso y Censura por la Pr\u00f3rroga, el cual tendr\u00e1 tres ejes de acci\u00f3n: documentaci\u00f3n y registro, an\u00e1lisis y visibilizaci\u00f3n, y acompa\u00f1amiento y protecci\u00f3n.<\/p>\n\n\n\n\n\n<p>La propuesta del grupo Acad\u00e9micos por la UV, cuyo objetivo es documentar, analizar y visibilizar pr\u00e1cticas de hostigamiento, acoso, censura y represalias tras la pr\u00f3rroga que la Junta de Gobierno otorg\u00f3 de manera ilegal e ileg\u00edtima a Mart\u00edn Aguilar, fue presentada por Alejandro Le\u00f3n, investigador titular del Centro de Investigaciones Biom\u00e9dicas de la Universidad Veracruzana (UV), en el 1er. Foro Universitario por la \u00c9tica, la Transparencia y la Legalidad en la UV, que se efectu\u00f3 en el auditorio de la Facultad de Psicolog\u00eda.<\/p>\n\n\n\n<p>Ah\u00ed, el especialista en an\u00e1lisis experimental de la conducta por la Universidad Nacional Aut\u00f3noma de M\u00e9xico (UNAM) denunci\u00f3 que una universidad que manipula el lenguaje, las cifras y la legalidad para justificar una pr\u00f3rroga, deja de ser un espacio de confianza y se convierte en un espacio de miedo, \u201cno obstante, la comunidad universitaria pensante sabe que la \u00e9tica no se negocia, la transparencia no se manipula, y la legalidad no se impone por decreto, la legitimidad no se sustituye por acarreos ni por di\u00e1logos arreglados a los que solamente asisten paleros\u201d.<\/p>\n\n\n\n<p>Destac\u00f3 que son muchos los universitarios que tienen el \u00e1nimo de movilizarse, incluso algunos lo han hecho, pero han recibido acoso y hostigamiento, a veces por parte de toda la entidad, a veces por sus jefes directos.<\/p>\n\n\n\n<p>Por ello, agreg\u00f3, a trav\u00e9s del observatorio se har\u00eda documentaci\u00f3n y registro de estos hechos, con testigos an\u00f3nimos se\u00f1alando sector al que pertenecen (acad\u00e9mico, estudiantado, trabajadores, etc.) generando una base de datos segura y sistematizada; posteriormente, habr\u00eda que hacer an\u00e1lisis y visibilizaci\u00f3n; rendir informes peri\u00f3dicos con patrones de acoso y censura; hacer difusi\u00f3n p\u00fablica y transparente; otorgar acompa\u00f1amiento y protecci\u00f3n a trav\u00e9s de orientaci\u00f3n a v\u00edctimas estableciendo v\u00ednculos con colegas de la Facultad de Psicolog\u00eda, colectivos y organismos como la Comisi\u00f3n Estatal de Derechos Humanos.<\/p>\n\n\n\n<p>Todo esto estar\u00eda encaminado a conformar un espacio de denuncia, al tiempo que funcionar\u00eda como deshabilitador del miedo y mecanismo de resistencia acad\u00e9mica.<\/p>\n\n\n\n<p>Le\u00f3n Maldonado, quien es miembro del Sistema Nacional de Investigadores y de la American Psychological Association (APA), habl\u00f3 de la necesidad de establecer estrategias de acci\u00f3n para desarticular el miedo, ya que entre la comunidad universitaria hay lo que llam\u00f3 \u201cuna neutralidad forzada\u201d.<\/p>\n\n\n\n<p>Refiri\u00f3 la frase que se ha hecho popular entre los estudiantes quienes han manifestado su rechazo a la pr\u00f3rroga: \u201cEl silencio no es validaci\u00f3n\u201d, y explic\u00f3 que esto quiere decir que el que alguien no se pronuncie no significa que valida o legitima el atropello.<\/p>\n\n\n\n<p>\u201cMuchos universitarios se mantienen neutrales precisamente por las circunstancias de acoso y hostigamiento. Por ello hay que generar estrategias para resignificar todo esto y activar una agencia colectiva en diversos espacios. Las redes sociales son un aliado hasta cierto punto, pero luego nos juegan en contra porque son dispositivos de la desmovilizaci\u00f3n\u201d, enfatiz\u00f3.<\/p>\n\n\n\n<p>Alejandro Le\u00f3n agreg\u00f3 que la gente detr\u00e1s de una pantalla puede ser muy participativa, da un \u201cme gusta\u201d, deja un comentario, \u201cpero las decisiones se toman cuando la gente ocupa las plazas, los auditorios, las calles, y para eso necesitamos dejar las pantallas y ocupar los espacios, as\u00ed como generar una resistencia activa y simb\u00f3lica, con diversas acciones\u201d.<\/p>\n\n\n\n<p>Destac\u00f3 que el sentido profundo de este 1er. Foro universitario por la \u00c9tica, la Transparencia y la Legalidad es recuperar la voz de estudiantes, acad\u00e9micos, administrativos y trabajadores como verdadera comunidad, \u201cporque lo que se juega hoy en la UV no es solo un periodo rectoral, es el futuro de nuestra universidad. Y ese futuro debe estar en manos de su comunidad, no en las de la imposici\u00f3n ni del autoritarismo\u201d.<\/p>\n\n\n\n<p>La conclusi\u00f3n es clara, expres\u00f3, \u201cla pr\u00f3rroga no es continuidad, es simulacro. No es democracia, es imposici\u00f3n. No es autonom\u00eda, es autoritarismo. Frente a ello, nuestra fuerza est\u00e1 en la comunidad. En la voz libre de estudiantes, acad\u00e9micos, administrativos y trabajadores que se niegan a callar. Por eso decimos con claridad que la \u00e9tica no se negocia, la transparencia no se manipula, la legalidad no se impone por decreto. Defender a la UV es defender estos principios. Y esa defensa est\u00e1 en nuestras manos\u201d.<\/p>\n\n\n\n<p>En el 1er. Foro Universitario por la \u00c9tica, la Transparencia y la Legalidad en la UV tambi\u00e9n participaron Claudia Gidi, del Instituto de Investigaciones Ling\u00fc\u00edstico-Literarias; Jos\u00e9 Luis Cuevas Gayosso, de la Facultad de Derecho, y Ricardo Garc\u00eda, del Instituto de Investigaciones Psicol\u00f3gicas de la UV.<\/p>\n\n\n\n<p><\/p>\n","protected":false},"excerpt":{"rendered":"<p>Como un espacio de denuncia y, a la vez, mecanismo de resistencia acad\u00e9mica, se propone lo que ser\u00eda el primer Observatorio de Acoso y Censura por la Pr\u00f3rroga, el cual tendr\u00e1 tres ejes de acci\u00f3n: documentaci\u00f3n y registro, an\u00e1lisis y visibilizaci\u00f3n, y acompa\u00f1amiento y protecci\u00f3n. La propuesta del grupo Acad\u00e9micos por la UV, cuyo objetivo [&hellip;]<\/p>\n","protected":false},"author":2,"featured_media":154008,"comment_status":"closed","ping_status":"closed","sticky":false,"template":"","format":"standard","meta":{"tdm_status":"","tdm_grid_status":"","footnotes":""},"categories":[74],"tags":[],"class_list":{"0":"post-154014","1":"post","2":"type-post","3":"status-publish","4":"format-standard","5":"has-post-thumbnail","7":"category-lavadero"},"yoast_head":"<!-- This site is optimized with the Yoast SEO plugin v27.4 - https:\/\/yoast.com\/product\/yoast-seo-wordpress\/ -->\n<title>OBSERVATORIO DE ACOSO Y CENSURA POR LA PR\u00d3RROGA! - Los pol\u00edticos Veracruz<\/title>\n<meta name=\"robots\" content=\"index, follow, max-snippet:-1, max-image-preview:large, max-video-preview:-1\" \/>\n<link rel=\"canonical\" href=\"https:\/\/lospoliticosveracruz.com\/?p=154014\" \/>\n<meta property=\"og:locale\" content=\"es_ES\" \/>\n<meta property=\"og:type\" content=\"article\" \/>\n<meta property=\"og:title\" content=\"OBSERVATORIO DE ACOSO Y CENSURA POR LA PR\u00d3RROGA! - Los pol\u00edticos Veracruz\" \/>\n<meta property=\"og:description\" content=\"Como un espacio de denuncia y, a la vez, mecanismo de resistencia acad\u00e9mica, se propone lo que ser\u00eda el primer Observatorio de Acoso y Censura por la Pr\u00f3rroga, el cual tendr\u00e1 tres ejes de acci\u00f3n: documentaci\u00f3n y registro, an\u00e1lisis y visibilizaci\u00f3n, y acompa\u00f1amiento y protecci\u00f3n. La propuesta del grupo Acad\u00e9micos por la UV, cuyo objetivo [&hellip;]\" \/>\n<meta property=\"og:url\" content=\"https:\/\/lospoliticosveracruz.com\/?p=154014\" \/>\n<meta property=\"og:site_name\" content=\"Los pol\u00edticos Veracruz\" \/>\n<meta property=\"article:publisher\" content=\"https:\/\/www.facebook.com\/people\/Notimemes-de-los-Polticos\/61565672886568\/\" \/>\n<meta property=\"article:published_time\" content=\"2025-10-07T18:16:59+00:00\" \/>\n<meta property=\"article:modified_time\" content=\"2025-10-07T18:17:16+00:00\" \/>\n<meta property=\"og:image\" content=\"https:\/\/lospoliticosveracruz.com\/wp-content\/uploads\/2025\/10\/UV-.jpg\" \/>\n\t<meta property=\"og:image:width\" content=\"600\" \/>\n\t<meta property=\"og:image:height\" content=\"320\" \/>\n\t<meta property=\"og:image:type\" content=\"image\/jpeg\" \/>\n<meta name=\"author\" content=\"Lo viste en Los Pol\u00edticos\" \/>\n<meta name=\"twitter:card\" content=\"summary_large_image\" \/>\n<meta name=\"twitter:creator\" content=\"@LosPoliticosVer\" \/>\n<meta name=\"twitter:site\" content=\"@LosPoliticosVer\" \/>\n<meta name=\"twitter:label1\" content=\"Escrito por\" \/>\n\t<meta name=\"twitter:data1\" content=\"Lo viste en Los Pol\u00edticos\" \/>\n\t<meta name=\"twitter:label2\" content=\"Tiempo de lectura\" \/>\n\t<meta name=\"twitter:data2\" content=\"4 minutos\" \/>\n<script type=\"application\/ld+json\" class=\"yoast-schema-graph\">{\"@context\":\"https:\\\/\\\/schema.org\",\"@graph\":[{\"@type\":\"Article\",\"@id\":\"https:\\\/\\\/lospoliticosveracruz.com\\\/?p=154014#article\",\"isPartOf\":{\"@id\":\"https:\\\/\\\/lospoliticosveracruz.com\\\/?p=154014\"},\"author\":{\"name\":\"Lo viste en Los Pol\u00edticos\",\"@id\":\"https:\\\/\\\/lospoliticosveracruz.com\\\/#\\\/schema\\\/person\\\/b8702bb0e538456e6efd07080bf2a4a2\"},\"headline\":\"OBSERVATORIO DE ACOSO Y CENSURA POR LA PR\u00d3RROGA!\",\"datePublished\":\"2025-10-07T18:16:59+00:00\",\"dateModified\":\"2025-10-07T18:17:16+00:00\",\"mainEntityOfPage\":{\"@id\":\"https:\\\/\\\/lospoliticosveracruz.com\\\/?p=154014\"},\"wordCount\":837,\"publisher\":{\"@id\":\"https:\\\/\\\/lospoliticosveracruz.com\\\/#organization\"},\"image\":{\"@id\":\"https:\\\/\\\/lospoliticosveracruz.com\\\/?p=154014#primaryimage\"},\"thumbnailUrl\":\"https:\\\/\\\/lospoliticosveracruz.com\\\/wp-content\\\/uploads\\\/2025\\\/10\\\/UV-.jpg\",\"articleSection\":[\"Lavadero\"],\"inLanguage\":\"es\"},{\"@type\":\"WebPage\",\"@id\":\"https:\\\/\\\/lospoliticosveracruz.com\\\/?p=154014\",\"url\":\"https:\\\/\\\/lospoliticosveracruz.com\\\/?p=154014\",\"name\":\"OBSERVATORIO DE ACOSO Y CENSURA POR LA PR\u00d3RROGA! - Los pol\u00edticos Veracruz\",\"isPartOf\":{\"@id\":\"https:\\\/\\\/lospoliticosveracruz.com\\\/#website\"},\"primaryImageOfPage\":{\"@id\":\"https:\\\/\\\/lospoliticosveracruz.com\\\/?p=154014#primaryimage\"},\"image\":{\"@id\":\"https:\\\/\\\/lospoliticosveracruz.com\\\/?p=154014#primaryimage\"},\"thumbnailUrl\":\"https:\\\/\\\/lospoliticosveracruz.com\\\/wp-content\\\/uploads\\\/2025\\\/10\\\/UV-.jpg\",\"datePublished\":\"2025-10-07T18:16:59+00:00\",\"dateModified\":\"2025-10-07T18:17:16+00:00\",\"breadcrumb\":{\"@id\":\"https:\\\/\\\/lospoliticosveracruz.com\\\/?p=154014#breadcrumb\"},\"inLanguage\":\"es\",\"potentialAction\":[{\"@type\":\"ReadAction\",\"target\":[\"https:\\\/\\\/lospoliticosveracruz.com\\\/?p=154014\"]}]},{\"@type\":\"ImageObject\",\"inLanguage\":\"es\",\"@id\":\"https:\\\/\\\/lospoliticosveracruz.com\\\/?p=154014#primaryimage\",\"url\":\"https:\\\/\\\/lospoliticosveracruz.com\\\/wp-content\\\/uploads\\\/2025\\\/10\\\/UV-.jpg\",\"contentUrl\":\"https:\\\/\\\/lospoliticosveracruz.com\\\/wp-content\\\/uploads\\\/2025\\\/10\\\/UV-.jpg\",\"width\":600,\"height\":320},{\"@type\":\"BreadcrumbList\",\"@id\":\"https:\\\/\\\/lospoliticosveracruz.com\\\/?p=154014#breadcrumb\",\"itemListElement\":[{\"@type\":\"ListItem\",\"position\":1,\"name\":\"Portada\",\"item\":\"https:\\\/\\\/lospoliticosveracruz.com\\\/\"},{\"@type\":\"ListItem\",\"position\":2,\"name\":\"OBSERVATORIO DE ACOSO Y CENSURA POR LA PR\u00d3RROGA!\"}]},{\"@type\":\"WebSite\",\"@id\":\"https:\\\/\\\/lospoliticosveracruz.com\\\/#website\",\"url\":\"https:\\\/\\\/lospoliticosveracruz.com\\\/\",\"name\":\"Los pol\u00edticos Veracruz\",\"description\":\"\",\"publisher\":{\"@id\":\"https:\\\/\\\/lospoliticosveracruz.com\\\/#organization\"},\"potentialAction\":[{\"@type\":\"SearchAction\",\"target\":{\"@type\":\"EntryPoint\",\"urlTemplate\":\"https:\\\/\\\/lospoliticosveracruz.com\\\/?s={search_term_string}\"},\"query-input\":{\"@type\":\"PropertyValueSpecification\",\"valueRequired\":true,\"valueName\":\"search_term_string\"}}],\"inLanguage\":\"es\"},{\"@type\":\"Organization\",\"@id\":\"https:\\\/\\\/lospoliticosveracruz.com\\\/#organization\",\"name\":\"Los pol\u00edticos Veracruz\",\"url\":\"https:\\\/\\\/lospoliticosveracruz.com\\\/\",\"logo\":{\"@type\":\"ImageObject\",\"inLanguage\":\"es\",\"@id\":\"https:\\\/\\\/lospoliticosveracruz.com\\\/#\\\/schema\\\/logo\\\/image\\\/\",\"url\":\"https:\\\/\\\/lospoliticosveracruz.com\\\/wp-content\\\/uploads\\\/2025\\\/12\\\/Logo-Nuevo-LOS-POLITICOS-1.jpg\",\"contentUrl\":\"https:\\\/\\\/lospoliticosveracruz.com\\\/wp-content\\\/uploads\\\/2025\\\/12\\\/Logo-Nuevo-LOS-POLITICOS-1.jpg\",\"width\":260,\"height\":70,\"caption\":\"Los pol\u00edticos Veracruz\"},\"image\":{\"@id\":\"https:\\\/\\\/lospoliticosveracruz.com\\\/#\\\/schema\\\/logo\\\/image\\\/\"},\"sameAs\":[\"https:\\\/\\\/www.facebook.com\\\/people\\\/Notimemes-de-los-Polticos\\\/61565672886568\\\/\",\"https:\\\/\\\/x.com\\\/LosPoliticosVer\"]},{\"@type\":\"Person\",\"@id\":\"https:\\\/\\\/lospoliticosveracruz.com\\\/#\\\/schema\\\/person\\\/b8702bb0e538456e6efd07080bf2a4a2\",\"name\":\"Lo viste en Los Pol\u00edticos\",\"image\":{\"@type\":\"ImageObject\",\"inLanguage\":\"es\",\"@id\":\"https:\\\/\\\/secure.gravatar.com\\\/avatar\\\/3a8de04a2656d44082be478bd6c086daa447c4651605818287b9532d3d0bd435?s=96&d=mm&r=g\",\"url\":\"https:\\\/\\\/secure.gravatar.com\\\/avatar\\\/3a8de04a2656d44082be478bd6c086daa447c4651605818287b9532d3d0bd435?s=96&d=mm&r=g\",\"contentUrl\":\"https:\\\/\\\/secure.gravatar.com\\\/avatar\\\/3a8de04a2656d44082be478bd6c086daa447c4651605818287b9532d3d0bd435?s=96&d=mm&r=g\",\"caption\":\"Lo viste en Los Pol\u00edticos\"},\"url\":\"https:\\\/\\\/lospoliticosveracruz.com\\\/?author=2\"}]}<\/script>\n<!-- \/ Yoast SEO plugin. -->","yoast_head_json":{"title":"OBSERVATORIO DE ACOSO Y CENSURA POR LA PR\u00d3RROGA! - Los pol\u00edticos Veracruz","robots":{"index":"index","follow":"follow","max-snippet":"max-snippet:-1","max-image-preview":"max-image-preview:large","max-video-preview":"max-video-preview:-1"},"canonical":"https:\/\/lospoliticosveracruz.com\/?p=154014","og_locale":"es_ES","og_type":"article","og_title":"OBSERVATORIO DE ACOSO Y CENSURA POR LA PR\u00d3RROGA! - Los pol\u00edticos Veracruz","og_description":"Como un espacio de denuncia y, a la vez, mecanismo de resistencia acad\u00e9mica, se propone lo que ser\u00eda el primer Observatorio de Acoso y Censura por la Pr\u00f3rroga, el cual tendr\u00e1 tres ejes de acci\u00f3n: documentaci\u00f3n y registro, an\u00e1lisis y visibilizaci\u00f3n, y acompa\u00f1amiento y protecci\u00f3n. La propuesta del grupo Acad\u00e9micos por la UV, cuyo objetivo [&hellip;]","og_url":"https:\/\/lospoliticosveracruz.com\/?p=154014","og_site_name":"Los pol\u00edticos Veracruz","article_publisher":"https:\/\/www.facebook.com\/people\/Notimemes-de-los-Polticos\/61565672886568\/","article_published_time":"2025-10-07T18:16:59+00:00","article_modified_time":"2025-10-07T18:17:16+00:00","og_image":[{"width":600,"height":320,"url":"https:\/\/lospoliticosveracruz.com\/wp-content\/uploads\/2025\/10\/UV-.jpg","type":"image\/jpeg"}],"author":"Lo viste en Los Pol\u00edticos","twitter_card":"summary_large_image","twitter_creator":"@LosPoliticosVer","twitter_site":"@LosPoliticosVer","twitter_misc":{"Escrito por":"Lo viste en Los Pol\u00edticos","Tiempo de lectura":"4 minutos"},"schema":{"@context":"https:\/\/schema.org","@graph":[{"@type":"Article","@id":"https:\/\/lospoliticosveracruz.com\/?p=154014#article","isPartOf":{"@id":"https:\/\/lospoliticosveracruz.com\/?p=154014"},"author":{"name":"Lo viste en Los Pol\u00edticos","@id":"https:\/\/lospoliticosveracruz.com\/#\/schema\/person\/b8702bb0e538456e6efd07080bf2a4a2"},"headline":"OBSERVATORIO DE ACOSO Y CENSURA POR LA PR\u00d3RROGA!","datePublished":"2025-10-07T18:16:59+00:00","dateModified":"2025-10-07T18:17:16+00:00","mainEntityOfPage":{"@id":"https:\/\/lospoliticosveracruz.com\/?p=154014"},"wordCount":837,"publisher":{"@id":"https:\/\/lospoliticosveracruz.com\/#organization"},"image":{"@id":"https:\/\/lospoliticosveracruz.com\/?p=154014#primaryimage"},"thumbnailUrl":"https:\/\/lospoliticosveracruz.com\/wp-content\/uploads\/2025\/10\/UV-.jpg","articleSection":["Lavadero"],"inLanguage":"es"},{"@type":"WebPage","@id":"https:\/\/lospoliticosveracruz.com\/?p=154014","url":"https:\/\/lospoliticosveracruz.com\/?p=154014","name":"OBSERVATORIO DE ACOSO Y CENSURA POR LA PR\u00d3RROGA! - Los pol\u00edticos Veracruz","isPartOf":{"@id":"https:\/\/lospoliticosveracruz.com\/#website"},"primaryImageOfPage":{"@id":"https:\/\/lospoliticosveracruz.com\/?p=154014#primaryimage"},"image":{"@id":"https:\/\/lospoliticosveracruz.com\/?p=154014#primaryimage"},"thumbnailUrl":"https:\/\/lospoliticosveracruz.com\/wp-content\/uploads\/2025\/10\/UV-.jpg","datePublished":"2025-10-07T18:16:59+00:00","dateModified":"2025-10-07T18:17:16+00:00","breadcrumb":{"@id":"https:\/\/lospoliticosveracruz.com\/?p=154014#breadcrumb"},"inLanguage":"es","potentialAction":[{"@type":"ReadAction","target":["https:\/\/lospoliticosveracruz.com\/?p=154014"]}]},{"@type":"ImageObject","inLanguage":"es","@id":"https:\/\/lospoliticosveracruz.com\/?p=154014#primaryimage","url":"https:\/\/lospoliticosveracruz.com\/wp-content\/uploads\/2025\/10\/UV-.jpg","contentUrl":"https:\/\/lospoliticosveracruz.com\/wp-content\/uploads\/2025\/10\/UV-.jpg","width":600,"height":320},{"@type":"BreadcrumbList","@id":"https:\/\/lospoliticosveracruz.com\/?p=154014#breadcrumb","itemListElement":[{"@type":"ListItem","position":1,"name":"Portada","item":"https:\/\/lospoliticosveracruz.com\/"},{"@type":"ListItem","position":2,"name":"OBSERVATORIO DE ACOSO Y CENSURA POR LA PR\u00d3RROGA!"}]},{"@type":"WebSite","@id":"https:\/\/lospoliticosveracruz.com\/#website","url":"https:\/\/lospoliticosveracruz.com\/","name":"Los pol\u00edticos Veracruz","description":"","publisher":{"@id":"https:\/\/lospoliticosveracruz.com\/#organization"},"potentialAction":[{"@type":"SearchAction","target":{"@type":"EntryPoint","urlTemplate":"https:\/\/lospoliticosveracruz.com\/?s={search_term_string}"},"query-input":{"@type":"PropertyValueSpecification","valueRequired":true,"valueName":"search_term_string"}}],"inLanguage":"es"},{"@type":"Organization","@id":"https:\/\/lospoliticosveracruz.com\/#organization","name":"Los pol\u00edticos Veracruz","url":"https:\/\/lospoliticosveracruz.com\/","logo":{"@type":"ImageObject","inLanguage":"es","@id":"https:\/\/lospoliticosveracruz.com\/#\/schema\/logo\/image\/","url":"https:\/\/lospoliticosveracruz.com\/wp-content\/uploads\/2025\/12\/Logo-Nuevo-LOS-POLITICOS-1.jpg","contentUrl":"https:\/\/lospoliticosveracruz.com\/wp-content\/uploads\/2025\/12\/Logo-Nuevo-LOS-POLITICOS-1.jpg","width":260,"height":70,"caption":"Los pol\u00edticos Veracruz"},"image":{"@id":"https:\/\/lospoliticosveracruz.com\/#\/schema\/logo\/image\/"},"sameAs":["https:\/\/www.facebook.com\/people\/Notimemes-de-los-Polticos\/61565672886568\/","https:\/\/x.com\/LosPoliticosVer"]},{"@type":"Person","@id":"https:\/\/lospoliticosveracruz.com\/#\/schema\/person\/b8702bb0e538456e6efd07080bf2a4a2","name":"Lo viste en Los Pol\u00edticos","image":{"@type":"ImageObject","inLanguage":"es","@id":"https:\/\/secure.gravatar.com\/avatar\/3a8de04a2656d44082be478bd6c086daa447c4651605818287b9532d3d0bd435?s=96&d=mm&r=g","url":"https:\/\/secure.gravatar.com\/avatar\/3a8de04a2656d44082be478bd6c086daa447c4651605818287b9532d3d0bd435?s=96&d=mm&r=g","contentUrl":"https:\/\/secure.gravatar.com\/avatar\/3a8de04a2656d44082be478bd6c086daa447c4651605818287b9532d3d0bd435?s=96&d=mm&r=g","caption":"Lo viste en Los Pol\u00edticos"},"url":"https:\/\/lospoliticosveracruz.com\/?author=2"}]}},"_links":{"self":[{"href":"https:\/\/lospoliticosveracruz.com\/index.php?rest_route=\/wp\/v2\/posts\/154014","targetHints":{"allow":["GET"]}}],"collection":[{"href":"https:\/\/lospoliticosveracruz.com\/index.php?rest_route=\/wp\/v2\/posts"}],"about":[{"href":"https:\/\/lospoliticosveracruz.com\/index.php?rest_route=\/wp\/v2\/types\/post"}],"author":[{"embeddable":true,"href":"https:\/\/lospoliticosveracruz.com\/index.php?rest_route=\/wp\/v2\/users\/2"}],"replies":[{"embeddable":true,"href":"https:\/\/lospoliticosveracruz.com\/index.php?rest_route=%2Fwp%2Fv2%2Fcomments&post=154014"}],"version-history":[{"count":2,"href":"https:\/\/lospoliticosveracruz.com\/index.php?rest_route=\/wp\/v2\/posts\/154014\/revisions"}],"predecessor-version":[{"id":154016,"href":"https:\/\/lospoliticosveracruz.com\/index.php?rest_route=\/wp\/v2\/posts\/154014\/revisions\/154016"}],"wp:featuredmedia":[{"embeddable":true,"href":"https:\/\/lospoliticosveracruz.com\/index.php?rest_route=\/wp\/v2\/media\/154008"}],"wp:attachment":[{"href":"https:\/\/lospoliticosveracruz.com\/index.php?rest_route=%2Fwp%2Fv2%2Fmedia&parent=154014"}],"wp:term":[{"taxonomy":"category","embeddable":true,"href":"https:\/\/lospoliticosveracruz.com\/index.php?rest_route=%2Fwp%2Fv2%2Fcategories&post=154014"},{"taxonomy":"post_tag","embeddable":true,"href":"https:\/\/lospoliticosveracruz.com\/index.php?rest_route=%2Fwp%2Fv2%2Ftags&post=154014"}],"curies":[{"name":"wp","href":"https:\/\/api.w.org\/{rel}","templated":true}]}}