{"id":154065,"date":"2025-10-08T09:09:53","date_gmt":"2025-10-08T14:09:53","guid":{"rendered":"https:\/\/lospoliticosveracruz.com.mx\/?p=154065"},"modified":"2025-10-08T09:10:11","modified_gmt":"2025-10-08T14:10:11","slug":"poder-judicial-entre-la-transformacion-y-el-retroceso","status":"publish","type":"post","link":"https:\/\/lospoliticosveracruz.com\/?p=154065","title":{"rendered":"PODER JUDICIAL, ENTRE LA TRANSFORMACI\u00d3N Y EL RETROCESO"},"content":{"rendered":"\n<p>S\u00edguenos ahora tambi\u00e9n en WhatsApp.\u00a0\u00a1<a href=\"https:\/\/whatsapp.com\/channel\/0029Va8zRWlEKyZIP3Z1dF0e\"><strong>Da clic aqu\u00ed<\/strong><\/a><strong>!<\/strong><\/p>\n\n\n\n<p><strong>Luis Alberto Romero<\/strong><\/p>\n\n\n\n<p><em>Hora cero<br><\/em><\/p>\n\n\n\n<p>Conforme avanzan los d\u00edas, el ambiente en el <strong>Poder Judicial del Estado<\/strong> se enrarece m\u00e1s. En los pasillos, entre murmullos y versiones cruzadas, crece la percepci\u00f3n de que diversas manos pol\u00edticas ajenas a los ideales de la <strong>Cuarta Transformaci\u00f3n<\/strong> han comenzado a operar al interior de la instituci\u00f3n encargada de impartir justicia.<br>El epicentro de esta tensi\u00f3n es la <strong>presidencia del Tribunal Superior de Justicia<\/strong>, encabezada por <strong>Rosalba Hern\u00e1ndez Hern\u00e1ndez<\/strong>, quien no ha logrado disipar la sombra de la sospecha sobre la influencia de viejos cuadros <strong>priistas<\/strong> que se han abierto paso en su entorno m\u00e1s cercano.<\/p>\n\n\n\n\n\n<p><br>El gesto m\u00e1s reciente que levant\u00f3 cejas en los c\u00edrculos <strong>morenistas<\/strong> fue el apadrinamiento p\u00fablico del <strong>diputado local priista H\u00e9ctor Yunes Landa<\/strong> a la <strong>magistrada<\/strong>. El hecho, lejos de interpretarse como un acto protocolario, encendi\u00f3 alarmas pol\u00edticas y acentu\u00f3 la percepci\u00f3n de que fuerzas con intereses ajenos al proyecto de transformaci\u00f3n nacional est\u00e1n intentando reacomodarse en el aparato <strong>judicial veracruzano<\/strong>.<br>A esa inquietud se suma el nombre de <strong>F\u00e9lix Alfredo Ni\u00f1o Flores<\/strong>, quien funge como asesor principal de la presidenta y cuya llegada, seg\u00fan diversas versiones, estar\u00eda ligada a <strong>Joana Marlen Bautista Flores<\/strong>, la <strong>ex administradora del Poder Judicial<\/strong>, inhabilitada por una d\u00e9cada a partir de <strong>2024<\/strong>.<br><strong>Bautista Flores<\/strong> enfrenta denuncias por <strong>peculado<\/strong>, <strong>abuso de autoridad<\/strong> y <strong>administraci\u00f3n fraudulenta<\/strong>, derivadas de una <strong>auditor\u00eda<\/strong> que revel\u00f3 contratos por cerca de <strong>50 millones de pesos<\/strong> con empresas no localizables.<br>Aunque inhabilitada, se dice que <strong>Joana Bautista<\/strong> contin\u00faa moviendo hilos desde fuera del <strong>Tribunal<\/strong>, en un intento por recuperar influencia a trav\u00e9s de sus antiguos cuadros operativos. No es casual que, de acuerdo con versiones internas, se busque alterar el equilibrio del reci\u00e9n creado <strong>\u00d3rgano de Administraci\u00f3n Judicial<\/strong>, el cual concentra la <strong>gesti\u00f3n financiera del Poder Judicial del Estado<\/strong>.<br>El movimiento tendr\u00eda un prop\u00f3sito pol\u00edtico y financiero de alto alcance: recuperar el control de los recursos que ahora est\u00e1n bajo la supervisi\u00f3n del nuevo \u00f3rgano y, con ello, reinstalar una red que durante a\u00f1os oper\u00f3 con discrecionalidad y opacidad.<br>La <strong>gobernadora Roc\u00edo Nahle Garc\u00eda<\/strong> ha seguido el tema con atenci\u00f3n. Quienes le conocen saben que entiende el fondo de esta disputa: no se trata solo de un conflicto burocr\u00e1tico, sino de un intento por mantener estructuras de poder que se resistieron al cambio.<br>El tablero <strong>judicial veracruzano<\/strong> est\u00e1 en movimiento. Y aunque algunos creen jugar con ventaja, las fichas ya no se mueven como antes. En el nuevo escenario, la <strong>transparencia<\/strong> no es una opci\u00f3n, sino la \u00fanica salida.<br>@luisromero85<\/p>\n","protected":false},"excerpt":{"rendered":"<p>Luis Alberto Romero Hora cero Conforme avanzan los d\u00edas, el ambiente en el Poder Judicial del Estado se enrarece m\u00e1s. En los pasillos, entre murmullos y versiones cruzadas, crece la percepci\u00f3n de que diversas manos pol\u00edticas ajenas a los ideales de la Cuarta Transformaci\u00f3n han comenzado a operar al interior de la instituci\u00f3n encargada de [&hellip;]<\/p>\n","protected":false},"author":2,"featured_media":141436,"comment_status":"closed","ping_status":"closed","sticky":false,"template":"","format":"standard","meta":{"tdm_status":"","tdm_grid_status":"","footnotes":""},"categories":[70],"tags":[],"class_list":{"0":"post-154065","1":"post","2":"type-post","3":"status-publish","4":"format-standard","5":"has-post-thumbnail","7":"category-de-opinion"},"yoast_head":"<!-- This site is optimized with the Yoast SEO plugin v27.4 - https:\/\/yoast.com\/product\/yoast-seo-wordpress\/ -->\n<title>PODER JUDICIAL, ENTRE LA TRANSFORMACI\u00d3N Y EL RETROCESO - Los pol\u00edticos Veracruz<\/title>\n<meta name=\"robots\" content=\"index, follow, max-snippet:-1, max-image-preview:large, max-video-preview:-1\" \/>\n<link rel=\"canonical\" href=\"https:\/\/lospoliticosveracruz.com\/?p=154065\" \/>\n<meta property=\"og:locale\" content=\"es_ES\" \/>\n<meta property=\"og:type\" content=\"article\" \/>\n<meta property=\"og:title\" content=\"PODER JUDICIAL, ENTRE LA TRANSFORMACI\u00d3N Y EL RETROCESO - Los pol\u00edticos Veracruz\" \/>\n<meta property=\"og:description\" content=\"Luis Alberto Romero Hora cero Conforme avanzan los d\u00edas, el ambiente en el Poder Judicial del Estado se enrarece m\u00e1s. En los pasillos, entre murmullos y versiones cruzadas, crece la percepci\u00f3n de que diversas manos pol\u00edticas ajenas a los ideales de la Cuarta Transformaci\u00f3n han comenzado a operar al interior de la instituci\u00f3n encargada de [&hellip;]\" \/>\n<meta property=\"og:url\" content=\"https:\/\/lospoliticosveracruz.com\/?p=154065\" \/>\n<meta property=\"og:site_name\" content=\"Los pol\u00edticos Veracruz\" \/>\n<meta property=\"article:publisher\" content=\"https:\/\/www.facebook.com\/people\/Notimemes-de-los-Polticos\/61565672886568\/\" \/>\n<meta property=\"article:published_time\" content=\"2025-10-08T14:09:53+00:00\" \/>\n<meta property=\"article:modified_time\" content=\"2025-10-08T14:10:11+00:00\" \/>\n<meta property=\"og:image\" content=\"https:\/\/lospoliticosveracruz.com\/wp-content\/uploads\/2025\/04\/Luis-Romero-1.jpg\" \/>\n\t<meta property=\"og:image:width\" content=\"1250\" \/>\n\t<meta property=\"og:image:height\" content=\"667\" \/>\n\t<meta property=\"og:image:type\" content=\"image\/jpeg\" \/>\n<meta name=\"author\" content=\"Lo viste en Los Pol\u00edticos\" \/>\n<meta name=\"twitter:card\" content=\"summary_large_image\" \/>\n<meta name=\"twitter:creator\" content=\"@LosPoliticosVer\" \/>\n<meta name=\"twitter:site\" content=\"@LosPoliticosVer\" \/>\n<meta name=\"twitter:label1\" content=\"Escrito por\" \/>\n\t<meta name=\"twitter:data1\" content=\"Lo viste en Los Pol\u00edticos\" \/>\n\t<meta name=\"twitter:label2\" content=\"Tiempo de lectura\" \/>\n\t<meta name=\"twitter:data2\" content=\"2 minutos\" \/>\n<script type=\"application\/ld+json\" class=\"yoast-schema-graph\">{\"@context\":\"https:\\\/\\\/schema.org\",\"@graph\":[{\"@type\":\"Article\",\"@id\":\"https:\\\/\\\/lospoliticosveracruz.com\\\/?p=154065#article\",\"isPartOf\":{\"@id\":\"https:\\\/\\\/lospoliticosveracruz.com\\\/?p=154065\"},\"author\":{\"name\":\"Lo viste en Los Pol\u00edticos\",\"@id\":\"https:\\\/\\\/lospoliticosveracruz.com\\\/#\\\/schema\\\/person\\\/b8702bb0e538456e6efd07080bf2a4a2\"},\"headline\":\"PODER JUDICIAL, ENTRE LA TRANSFORMACI\u00d3N Y EL RETROCESO\",\"datePublished\":\"2025-10-08T14:09:53+00:00\",\"dateModified\":\"2025-10-08T14:10:11+00:00\",\"mainEntityOfPage\":{\"@id\":\"https:\\\/\\\/lospoliticosveracruz.com\\\/?p=154065\"},\"wordCount\":467,\"publisher\":{\"@id\":\"https:\\\/\\\/lospoliticosveracruz.com\\\/#organization\"},\"image\":{\"@id\":\"https:\\\/\\\/lospoliticosveracruz.com\\\/?p=154065#primaryimage\"},\"thumbnailUrl\":\"https:\\\/\\\/lospoliticosveracruz.com\\\/wp-content\\\/uploads\\\/2025\\\/04\\\/Luis-Romero-1.jpg\",\"articleSection\":[\"De Opini\u00f3n\"],\"inLanguage\":\"es\"},{\"@type\":\"WebPage\",\"@id\":\"https:\\\/\\\/lospoliticosveracruz.com\\\/?p=154065\",\"url\":\"https:\\\/\\\/lospoliticosveracruz.com\\\/?p=154065\",\"name\":\"PODER JUDICIAL, ENTRE LA TRANSFORMACI\u00d3N Y EL RETROCESO - Los pol\u00edticos Veracruz\",\"isPartOf\":{\"@id\":\"https:\\\/\\\/lospoliticosveracruz.com\\\/#website\"},\"primaryImageOfPage\":{\"@id\":\"https:\\\/\\\/lospoliticosveracruz.com\\\/?p=154065#primaryimage\"},\"image\":{\"@id\":\"https:\\\/\\\/lospoliticosveracruz.com\\\/?p=154065#primaryimage\"},\"thumbnailUrl\":\"https:\\\/\\\/lospoliticosveracruz.com\\\/wp-content\\\/uploads\\\/2025\\\/04\\\/Luis-Romero-1.jpg\",\"datePublished\":\"2025-10-08T14:09:53+00:00\",\"dateModified\":\"2025-10-08T14:10:11+00:00\",\"breadcrumb\":{\"@id\":\"https:\\\/\\\/lospoliticosveracruz.com\\\/?p=154065#breadcrumb\"},\"inLanguage\":\"es\",\"potentialAction\":[{\"@type\":\"ReadAction\",\"target\":[\"https:\\\/\\\/lospoliticosveracruz.com\\\/?p=154065\"]}]},{\"@type\":\"ImageObject\",\"inLanguage\":\"es\",\"@id\":\"https:\\\/\\\/lospoliticosveracruz.com\\\/?p=154065#primaryimage\",\"url\":\"https:\\\/\\\/lospoliticosveracruz.com\\\/wp-content\\\/uploads\\\/2025\\\/04\\\/Luis-Romero-1.jpg\",\"contentUrl\":\"https:\\\/\\\/lospoliticosveracruz.com\\\/wp-content\\\/uploads\\\/2025\\\/04\\\/Luis-Romero-1.jpg\",\"width\":1250,\"height\":667},{\"@type\":\"BreadcrumbList\",\"@id\":\"https:\\\/\\\/lospoliticosveracruz.com\\\/?p=154065#breadcrumb\",\"itemListElement\":[{\"@type\":\"ListItem\",\"position\":1,\"name\":\"Portada\",\"item\":\"https:\\\/\\\/lospoliticosveracruz.com\\\/\"},{\"@type\":\"ListItem\",\"position\":2,\"name\":\"PODER JUDICIAL, ENTRE LA TRANSFORMACI\u00d3N Y EL RETROCESO\"}]},{\"@type\":\"WebSite\",\"@id\":\"https:\\\/\\\/lospoliticosveracruz.com\\\/#website\",\"url\":\"https:\\\/\\\/lospoliticosveracruz.com\\\/\",\"name\":\"Los pol\u00edticos Veracruz\",\"description\":\"\",\"publisher\":{\"@id\":\"https:\\\/\\\/lospoliticosveracruz.com\\\/#organization\"},\"potentialAction\":[{\"@type\":\"SearchAction\",\"target\":{\"@type\":\"EntryPoint\",\"urlTemplate\":\"https:\\\/\\\/lospoliticosveracruz.com\\\/?s={search_term_string}\"},\"query-input\":{\"@type\":\"PropertyValueSpecification\",\"valueRequired\":true,\"valueName\":\"search_term_string\"}}],\"inLanguage\":\"es\"},{\"@type\":\"Organization\",\"@id\":\"https:\\\/\\\/lospoliticosveracruz.com\\\/#organization\",\"name\":\"Los pol\u00edticos Veracruz\",\"url\":\"https:\\\/\\\/lospoliticosveracruz.com\\\/\",\"logo\":{\"@type\":\"ImageObject\",\"inLanguage\":\"es\",\"@id\":\"https:\\\/\\\/lospoliticosveracruz.com\\\/#\\\/schema\\\/logo\\\/image\\\/\",\"url\":\"https:\\\/\\\/lospoliticosveracruz.com\\\/wp-content\\\/uploads\\\/2025\\\/12\\\/Logo-Nuevo-LOS-POLITICOS-1.jpg\",\"contentUrl\":\"https:\\\/\\\/lospoliticosveracruz.com\\\/wp-content\\\/uploads\\\/2025\\\/12\\\/Logo-Nuevo-LOS-POLITICOS-1.jpg\",\"width\":260,\"height\":70,\"caption\":\"Los pol\u00edticos Veracruz\"},\"image\":{\"@id\":\"https:\\\/\\\/lospoliticosveracruz.com\\\/#\\\/schema\\\/logo\\\/image\\\/\"},\"sameAs\":[\"https:\\\/\\\/www.facebook.com\\\/people\\\/Notimemes-de-los-Polticos\\\/61565672886568\\\/\",\"https:\\\/\\\/x.com\\\/LosPoliticosVer\"]},{\"@type\":\"Person\",\"@id\":\"https:\\\/\\\/lospoliticosveracruz.com\\\/#\\\/schema\\\/person\\\/b8702bb0e538456e6efd07080bf2a4a2\",\"name\":\"Lo viste en Los Pol\u00edticos\",\"image\":{\"@type\":\"ImageObject\",\"inLanguage\":\"es\",\"@id\":\"https:\\\/\\\/secure.gravatar.com\\\/avatar\\\/3a8de04a2656d44082be478bd6c086daa447c4651605818287b9532d3d0bd435?s=96&d=mm&r=g\",\"url\":\"https:\\\/\\\/secure.gravatar.com\\\/avatar\\\/3a8de04a2656d44082be478bd6c086daa447c4651605818287b9532d3d0bd435?s=96&d=mm&r=g\",\"contentUrl\":\"https:\\\/\\\/secure.gravatar.com\\\/avatar\\\/3a8de04a2656d44082be478bd6c086daa447c4651605818287b9532d3d0bd435?s=96&d=mm&r=g\",\"caption\":\"Lo viste en Los Pol\u00edticos\"},\"url\":\"https:\\\/\\\/lospoliticosveracruz.com\\\/?author=2\"}]}<\/script>\n<!-- \/ Yoast SEO plugin. -->","yoast_head_json":{"title":"PODER JUDICIAL, ENTRE LA TRANSFORMACI\u00d3N Y EL RETROCESO - Los pol\u00edticos Veracruz","robots":{"index":"index","follow":"follow","max-snippet":"max-snippet:-1","max-image-preview":"max-image-preview:large","max-video-preview":"max-video-preview:-1"},"canonical":"https:\/\/lospoliticosveracruz.com\/?p=154065","og_locale":"es_ES","og_type":"article","og_title":"PODER JUDICIAL, ENTRE LA TRANSFORMACI\u00d3N Y EL RETROCESO - Los pol\u00edticos Veracruz","og_description":"Luis Alberto Romero Hora cero Conforme avanzan los d\u00edas, el ambiente en el Poder Judicial del Estado se enrarece m\u00e1s. En los pasillos, entre murmullos y versiones cruzadas, crece la percepci\u00f3n de que diversas manos pol\u00edticas ajenas a los ideales de la Cuarta Transformaci\u00f3n han comenzado a operar al interior de la instituci\u00f3n encargada de [&hellip;]","og_url":"https:\/\/lospoliticosveracruz.com\/?p=154065","og_site_name":"Los pol\u00edticos Veracruz","article_publisher":"https:\/\/www.facebook.com\/people\/Notimemes-de-los-Polticos\/61565672886568\/","article_published_time":"2025-10-08T14:09:53+00:00","article_modified_time":"2025-10-08T14:10:11+00:00","og_image":[{"width":1250,"height":667,"url":"https:\/\/lospoliticosveracruz.com\/wp-content\/uploads\/2025\/04\/Luis-Romero-1.jpg","type":"image\/jpeg"}],"author":"Lo viste en Los Pol\u00edticos","twitter_card":"summary_large_image","twitter_creator":"@LosPoliticosVer","twitter_site":"@LosPoliticosVer","twitter_misc":{"Escrito por":"Lo viste en Los Pol\u00edticos","Tiempo de lectura":"2 minutos"},"schema":{"@context":"https:\/\/schema.org","@graph":[{"@type":"Article","@id":"https:\/\/lospoliticosveracruz.com\/?p=154065#article","isPartOf":{"@id":"https:\/\/lospoliticosveracruz.com\/?p=154065"},"author":{"name":"Lo viste en Los Pol\u00edticos","@id":"https:\/\/lospoliticosveracruz.com\/#\/schema\/person\/b8702bb0e538456e6efd07080bf2a4a2"},"headline":"PODER JUDICIAL, ENTRE LA TRANSFORMACI\u00d3N Y EL RETROCESO","datePublished":"2025-10-08T14:09:53+00:00","dateModified":"2025-10-08T14:10:11+00:00","mainEntityOfPage":{"@id":"https:\/\/lospoliticosveracruz.com\/?p=154065"},"wordCount":467,"publisher":{"@id":"https:\/\/lospoliticosveracruz.com\/#organization"},"image":{"@id":"https:\/\/lospoliticosveracruz.com\/?p=154065#primaryimage"},"thumbnailUrl":"https:\/\/lospoliticosveracruz.com\/wp-content\/uploads\/2025\/04\/Luis-Romero-1.jpg","articleSection":["De Opini\u00f3n"],"inLanguage":"es"},{"@type":"WebPage","@id":"https:\/\/lospoliticosveracruz.com\/?p=154065","url":"https:\/\/lospoliticosveracruz.com\/?p=154065","name":"PODER JUDICIAL, ENTRE LA TRANSFORMACI\u00d3N Y EL RETROCESO - Los pol\u00edticos Veracruz","isPartOf":{"@id":"https:\/\/lospoliticosveracruz.com\/#website"},"primaryImageOfPage":{"@id":"https:\/\/lospoliticosveracruz.com\/?p=154065#primaryimage"},"image":{"@id":"https:\/\/lospoliticosveracruz.com\/?p=154065#primaryimage"},"thumbnailUrl":"https:\/\/lospoliticosveracruz.com\/wp-content\/uploads\/2025\/04\/Luis-Romero-1.jpg","datePublished":"2025-10-08T14:09:53+00:00","dateModified":"2025-10-08T14:10:11+00:00","breadcrumb":{"@id":"https:\/\/lospoliticosveracruz.com\/?p=154065#breadcrumb"},"inLanguage":"es","potentialAction":[{"@type":"ReadAction","target":["https:\/\/lospoliticosveracruz.com\/?p=154065"]}]},{"@type":"ImageObject","inLanguage":"es","@id":"https:\/\/lospoliticosveracruz.com\/?p=154065#primaryimage","url":"https:\/\/lospoliticosveracruz.com\/wp-content\/uploads\/2025\/04\/Luis-Romero-1.jpg","contentUrl":"https:\/\/lospoliticosveracruz.com\/wp-content\/uploads\/2025\/04\/Luis-Romero-1.jpg","width":1250,"height":667},{"@type":"BreadcrumbList","@id":"https:\/\/lospoliticosveracruz.com\/?p=154065#breadcrumb","itemListElement":[{"@type":"ListItem","position":1,"name":"Portada","item":"https:\/\/lospoliticosveracruz.com\/"},{"@type":"ListItem","position":2,"name":"PODER JUDICIAL, ENTRE LA TRANSFORMACI\u00d3N Y EL RETROCESO"}]},{"@type":"WebSite","@id":"https:\/\/lospoliticosveracruz.com\/#website","url":"https:\/\/lospoliticosveracruz.com\/","name":"Los pol\u00edticos Veracruz","description":"","publisher":{"@id":"https:\/\/lospoliticosveracruz.com\/#organization"},"potentialAction":[{"@type":"SearchAction","target":{"@type":"EntryPoint","urlTemplate":"https:\/\/lospoliticosveracruz.com\/?s={search_term_string}"},"query-input":{"@type":"PropertyValueSpecification","valueRequired":true,"valueName":"search_term_string"}}],"inLanguage":"es"},{"@type":"Organization","@id":"https:\/\/lospoliticosveracruz.com\/#organization","name":"Los pol\u00edticos Veracruz","url":"https:\/\/lospoliticosveracruz.com\/","logo":{"@type":"ImageObject","inLanguage":"es","@id":"https:\/\/lospoliticosveracruz.com\/#\/schema\/logo\/image\/","url":"https:\/\/lospoliticosveracruz.com\/wp-content\/uploads\/2025\/12\/Logo-Nuevo-LOS-POLITICOS-1.jpg","contentUrl":"https:\/\/lospoliticosveracruz.com\/wp-content\/uploads\/2025\/12\/Logo-Nuevo-LOS-POLITICOS-1.jpg","width":260,"height":70,"caption":"Los pol\u00edticos Veracruz"},"image":{"@id":"https:\/\/lospoliticosveracruz.com\/#\/schema\/logo\/image\/"},"sameAs":["https:\/\/www.facebook.com\/people\/Notimemes-de-los-Polticos\/61565672886568\/","https:\/\/x.com\/LosPoliticosVer"]},{"@type":"Person","@id":"https:\/\/lospoliticosveracruz.com\/#\/schema\/person\/b8702bb0e538456e6efd07080bf2a4a2","name":"Lo viste en Los Pol\u00edticos","image":{"@type":"ImageObject","inLanguage":"es","@id":"https:\/\/secure.gravatar.com\/avatar\/3a8de04a2656d44082be478bd6c086daa447c4651605818287b9532d3d0bd435?s=96&d=mm&r=g","url":"https:\/\/secure.gravatar.com\/avatar\/3a8de04a2656d44082be478bd6c086daa447c4651605818287b9532d3d0bd435?s=96&d=mm&r=g","contentUrl":"https:\/\/secure.gravatar.com\/avatar\/3a8de04a2656d44082be478bd6c086daa447c4651605818287b9532d3d0bd435?s=96&d=mm&r=g","caption":"Lo viste en Los Pol\u00edticos"},"url":"https:\/\/lospoliticosveracruz.com\/?author=2"}]}},"_links":{"self":[{"href":"https:\/\/lospoliticosveracruz.com\/index.php?rest_route=\/wp\/v2\/posts\/154065","targetHints":{"allow":["GET"]}}],"collection":[{"href":"https:\/\/lospoliticosveracruz.com\/index.php?rest_route=\/wp\/v2\/posts"}],"about":[{"href":"https:\/\/lospoliticosveracruz.com\/index.php?rest_route=\/wp\/v2\/types\/post"}],"author":[{"embeddable":true,"href":"https:\/\/lospoliticosveracruz.com\/index.php?rest_route=\/wp\/v2\/users\/2"}],"replies":[{"embeddable":true,"href":"https:\/\/lospoliticosveracruz.com\/index.php?rest_route=%2Fwp%2Fv2%2Fcomments&post=154065"}],"version-history":[{"count":2,"href":"https:\/\/lospoliticosveracruz.com\/index.php?rest_route=\/wp\/v2\/posts\/154065\/revisions"}],"predecessor-version":[{"id":154067,"href":"https:\/\/lospoliticosveracruz.com\/index.php?rest_route=\/wp\/v2\/posts\/154065\/revisions\/154067"}],"wp:featuredmedia":[{"embeddable":true,"href":"https:\/\/lospoliticosveracruz.com\/index.php?rest_route=\/wp\/v2\/media\/141436"}],"wp:attachment":[{"href":"https:\/\/lospoliticosveracruz.com\/index.php?rest_route=%2Fwp%2Fv2%2Fmedia&parent=154065"}],"wp:term":[{"taxonomy":"category","embeddable":true,"href":"https:\/\/lospoliticosveracruz.com\/index.php?rest_route=%2Fwp%2Fv2%2Fcategories&post=154065"},{"taxonomy":"post_tag","embeddable":true,"href":"https:\/\/lospoliticosveracruz.com\/index.php?rest_route=%2Fwp%2Fv2%2Ftags&post=154065"}],"curies":[{"name":"wp","href":"https:\/\/api.w.org\/{rel}","templated":true}]}}