{"id":154068,"date":"2025-10-08T09:17:26","date_gmt":"2025-10-08T14:17:26","guid":{"rendered":"https:\/\/lospoliticosveracruz.com.mx\/?p=154068"},"modified":"2025-10-08T09:18:26","modified_gmt":"2025-10-08T14:18:26","slug":"quieren-cerrar-el-caso","status":"publish","type":"post","link":"https:\/\/lospoliticosveracruz.com\/?p=154068","title":{"rendered":"QUIEREN CERRAR EL CASO\u2026"},"content":{"rendered":"\n<p>S\u00edguenos ahora tambi\u00e9n en WhatsApp.\u00a0\u00a1<a href=\"https:\/\/whatsapp.com\/channel\/0029Va8zRWlEKyZIP3Z1dF0e\"><strong>Da clic aqu\u00ed<\/strong><\/a><strong>!<\/strong><\/p>\n\n\n\n<p><strong>Oved Contreras<\/strong><\/p>\n\n\n\n<p><em>Secas Mecas<br><\/em><\/p>\n\n\n\n<p>La <strong>fiscal\u00eda estatal<\/strong> pretende cerrar una denuncia que interpusieron <strong>jubilados y pensionados<\/strong>, desde hace nueve a\u00f1os, en relaci\u00f3n con los quebrantos patrimoniales en el <strong>Instituto de Pensiones del Estado (IPE)<\/strong>\u2026 la <strong>Fiscal\u00eda General del Estado<\/strong> decidi\u00f3 emitir una determinaci\u00f3n en la que decidi\u00f3 el <strong>no ejercicio de la acci\u00f3n penal<\/strong> y para efectos de lo anterior, se bas\u00f3 en un s\u00f3lo dato de prueba: un <strong>dictamen pericial contable<\/strong> que concluy\u00f3 que no existi\u00f3 da\u00f1o patrimonial al <strong>IPE<\/strong>, y que no se cometi\u00f3 ning\u00fan delito.<\/p>\n\n\n\n<p>El pasado lunes se celebr\u00f3 una audiencia el el <strong>juzgado de control de Pacho Viejo<\/strong> as\u00ed que inconformes con esa determinaci\u00f3n, los denunciantes interpusieron el medio de impugnaci\u00f3n previsto en el <strong>art\u00edculo 258 del C\u00f3digo Nacional de Procedimientos Penales<\/strong>, dispuesto para combatir esa clase de determinaciones.<\/p>\n\n\n\n\n\n<p>La audiencia correspondiente se desahog\u00f3 con la comparecencia de los denunciantes, los <strong>asesores jur\u00eddicos<\/strong>, los <strong>apoderados legales del IPE<\/strong>, algunos <strong>imputados<\/strong> con sus <strong>defensores particulares<\/strong> y, por supuesto, la <strong>Fiscal\u00eda<\/strong> a cargo de la carpeta de investigaci\u00f3n. Por conducto de su <strong>asesora jur\u00eddica<\/strong> los denunciantes evidenciaron entre otras cosas, que la determinaci\u00f3n combatida no cont\u00f3 con la <strong>autorizaci\u00f3n<\/strong> que dispone el <strong>art\u00edculo 255 del C\u00f3digo Nacional de Procedimientos Penales<\/strong>.<\/p>\n\n\n\n<p>Dicho dispositivo legal estipula que el <strong>Ministerio P\u00fablico<\/strong> podr\u00e1 decretar el no ejercicio de la acci\u00f3n penal \u201cprevia autorizaci\u00f3n del <strong>Procurador<\/strong> o del servidor p\u00fablico en quien se delegue la facultad\u201d, autorizaci\u00f3n que en este caso no existi\u00f3 ni se recab\u00f3. Adem\u00e1s se comprob\u00f3 que s\u00ed existi\u00f3 <strong>da\u00f1o patrimonial<\/strong> tal y como el propio <strong>IPE<\/strong> lo ha reconocido p\u00fablicamente, al igual que otras instancias del <strong>gobierno estatal<\/strong> en el pasado reciente y remoto.<\/p>\n\n\n\n<p>Tambi\u00e9n se acredit\u00f3 por parte de los denunciantes que no se valor\u00f3 la totalidad de los datos de prueba: aproximadamente 142 datos de prueba cuya valoraci\u00f3n fue omitida, entre \u00e9stos un dictamen pericial contable privado que concluye, igualmente, que s\u00ed existe da\u00f1o patrimonial al <strong>IPE<\/strong>. Que, en consecuencia, no se hizo una <strong>investigaci\u00f3n completa y exhaustiva<\/strong> como lo disponen las normas generales. Que, por tanto, la determinaci\u00f3n no estaba debidamente fundada ni motivada, como lo exige el <strong>art\u00edculo 16 constitucional<\/strong>.<\/p>\n\n\n\n<p>As\u00ed que tras el debate el <strong>Juez de Control<\/strong> determin\u00f3 que asist\u00eda la raz\u00f3n a los recurrentes en todos los puntos de disenso, que la <strong>Fiscal\u00eda<\/strong> no realiz\u00f3 una argumentaci\u00f3n correcta y suficiente para desvirtuar los motivos de inconformidad, y que en consecuencia, <strong>revocaba<\/strong> la determinaci\u00f3n impugnada y <strong>ordenaba la reapertura de la carpeta de investigaci\u00f3n<\/strong>. As\u00ed que una vez agotada exhaustivamente la investigaci\u00f3n, la <strong>Fiscal\u00eda<\/strong> debe emitir una nueva determinaci\u00f3n, en la que examine la totalidad los datos de prueba.<\/p>\n\n\n\n<p><strong>AGUAS CON LAS LLUVIAS\u2026<\/strong> el <strong>gobierno estatal<\/strong> determin\u00f3 <strong>suspender clases<\/strong> en todos los niveles educativos este mi\u00e9rcoles para todo el estado, ante el pron\u00f3stico de <strong>temporal lluvioso<\/strong> para <strong>Veracruz<\/strong>\u2026 La <strong>Secretar\u00eda de Educaci\u00f3n de Veracruz (SEV)<\/strong> inform\u00f3 que la decisi\u00f3n obedece a la <strong>alerta meteorol\u00f3gica<\/strong> por lluvias intensas en gran parte del territorio veracruzano, derivadas de sistemas meteorol\u00f3gicos que podr\u00edan provocar encharcamientos, crecidas de r\u00edos y deslaves en zonas serranas.<\/p>\n\n\n\n<p>La dependencia exhort\u00f3 a la poblaci\u00f3n a mantenerse atenta a los pron\u00f3sticos oficiales y seguir las indicaciones de <strong>Protecci\u00f3n Civil<\/strong> y de las <strong>autoridades municipales<\/strong>, con el fin de evitar situaciones de riesgo. Adem\u00e1s record\u00f3 que ante cualquier emergencia se puede reportar al n\u00famero <strong>911<\/strong> para recibir atenci\u00f3n inmediata.<\/p>\n\n\n\n<p>Las <strong>autoridades estatales<\/strong> reiteraron que la prioridad es salvaguardar la integridad de <strong>estudiantes<\/strong>, <strong>docentes<\/strong> y <strong>personal administrativo<\/strong>, por lo que el llamado es a evitar traslados innecesarios y mantenerse informados a trav\u00e9s de <strong>canales oficiales del Gobierno de Veracruz<\/strong>.<\/p>\n\n\n\n<p>Ya se pas\u00f3 el \u201c<strong>Cordonazo de San Francisco<\/strong>\u201d pero de todos modos son d\u00edas de mucha lluvia as\u00ed que m\u00e1s vale tomar precauciones sobre todo con los menores y no exponerse a corrientes de agua porque muchas veces las desgracias vienen por imprudencias.<\/p>\n\n\n\n<p><strong>SIGUE LA ZOZOBRA\u2026<\/strong> municipios del <strong>Totonacapan<\/strong> siguen en la zozobra ante la <strong>violencia<\/strong> perpetrada por <strong>grupos criminales<\/strong> que no han bajado sus niveles de operaci\u00f3n pese al blindaje que supuestamente impusieron <strong>corporaciones policiacas estatales y federales<\/strong> como la <strong>Guardia Nacional<\/strong> y el <strong>Ej\u00e9rcito Mexicano<\/strong>\u2026 la noche del lunes fueron privadas de la vida dos mujeres y un hombre en un domicilio de la comunidad <strong>Buenavista<\/strong> en <strong>Espinal<\/strong>.<\/p>\n\n\n\n<p>De acuerdo con los primeros reportes, vecinos escucharon varias detonaciones de arma de fuego y alertaron a las <strong>autoridades<\/strong>. Minutos despu\u00e9s, elementos de la <strong>Polic\u00eda Municipal<\/strong>, <strong>Estatal<\/strong> y <strong>Guardia Nacional<\/strong> acudieron al sitio, donde encontraron una escena de extrema violencia: un hombre <strong>decapitado<\/strong> y dos mujeres con heridas de bala. Las versiones preliminares indican que las v\u00edctimas ser\u00edan una madre, su hija y el yerno, a quien adem\u00e1s le dejaron una <strong>cartulina con mensajes<\/strong>, presuntamente de un grupo delictivo.<\/p>\n\n\n\n<p>Los cuerpos fueron trasladados al <strong>Servicio M\u00e9dico Forense (SEMEFO)<\/strong>, donde permanecen en calidad de desconocidos, en espera de ser identificados por sus familiares. La <strong>Fiscal\u00eda General del Estado<\/strong> abri\u00f3 una <strong>carpeta de investigaci\u00f3n<\/strong> para esclarecer los hechos y dar con los responsables de este ataque armado que ha conmocionado a la regi\u00f3n del <strong>Totonacapan<\/strong>, mientras que las corporaciones mantienen un operativo de seguridad en la zona sin que hasta el momento haya detenidos.<\/p>\n","protected":false},"excerpt":{"rendered":"<p>Oved Contreras Secas Mecas La fiscal\u00eda estatal pretende cerrar una denuncia que interpusieron jubilados y pensionados, desde hace nueve a\u00f1os, en relaci\u00f3n con los quebrantos patrimoniales en el Instituto de Pensiones del Estado (IPE)\u2026 la Fiscal\u00eda General del Estado decidi\u00f3 emitir una determinaci\u00f3n en la que decidi\u00f3 el no ejercicio de la acci\u00f3n penal y [&hellip;]<\/p>\n","protected":false},"author":2,"featured_media":141426,"comment_status":"closed","ping_status":"closed","sticky":false,"template":"","format":"standard","meta":{"tdm_status":"","tdm_grid_status":"","footnotes":""},"categories":[70],"tags":[10100,4116,46445,46446,46447],"class_list":{"0":"post-154068","1":"post","2":"type-post","3":"status-publish","4":"format-standard","5":"has-post-thumbnail","7":"category-de-opinion","8":"tag-codigo-nacional-de-procedimientos-penales","9":"tag-fiscalia-general-del-estado","10":"tag-instituto-de-pensiones-del-estado-ipe-2","11":"tag-juez-de-control","12":"tag-sev-suspension-de-clases"},"yoast_head":"<!-- This site is optimized with the Yoast SEO plugin v27.4 - https:\/\/yoast.com\/product\/yoast-seo-wordpress\/ -->\n<title>QUIEREN CERRAR EL CASO\u2026 - Los pol\u00edticos Veracruz<\/title>\n<meta name=\"robots\" content=\"index, follow, max-snippet:-1, max-image-preview:large, max-video-preview:-1\" \/>\n<link rel=\"canonical\" href=\"https:\/\/lospoliticosveracruz.com\/?p=154068\" \/>\n<meta property=\"og:locale\" content=\"es_ES\" \/>\n<meta property=\"og:type\" content=\"article\" \/>\n<meta property=\"og:title\" content=\"QUIEREN CERRAR EL CASO\u2026 - Los pol\u00edticos Veracruz\" \/>\n<meta property=\"og:description\" content=\"Oved Contreras Secas Mecas La fiscal\u00eda estatal pretende cerrar una denuncia que interpusieron jubilados y pensionados, desde hace nueve a\u00f1os, en relaci\u00f3n con los quebrantos patrimoniales en el Instituto de Pensiones del Estado (IPE)\u2026 la Fiscal\u00eda General del Estado decidi\u00f3 emitir una determinaci\u00f3n en la que decidi\u00f3 el no ejercicio de la acci\u00f3n penal y [&hellip;]\" \/>\n<meta property=\"og:url\" content=\"https:\/\/lospoliticosveracruz.com\/?p=154068\" \/>\n<meta property=\"og:site_name\" content=\"Los pol\u00edticos Veracruz\" \/>\n<meta property=\"article:publisher\" content=\"https:\/\/www.facebook.com\/people\/Notimemes-de-los-Polticos\/61565672886568\/\" \/>\n<meta property=\"article:published_time\" content=\"2025-10-08T14:17:26+00:00\" \/>\n<meta property=\"article:modified_time\" content=\"2025-10-08T14:18:26+00:00\" \/>\n<meta property=\"og:image\" content=\"https:\/\/lospoliticosveracruz.com\/wp-content\/uploads\/2025\/04\/Oved-Contreras-e1768066319253.jpg\" \/>\n\t<meta property=\"og:image:width\" content=\"600\" \/>\n\t<meta property=\"og:image:height\" content=\"320\" \/>\n\t<meta property=\"og:image:type\" content=\"image\/jpeg\" \/>\n<meta name=\"author\" content=\"Lo viste en Los Pol\u00edticos\" \/>\n<meta name=\"twitter:card\" content=\"summary_large_image\" \/>\n<meta name=\"twitter:creator\" content=\"@LosPoliticosVer\" \/>\n<meta name=\"twitter:site\" content=\"@LosPoliticosVer\" \/>\n<meta name=\"twitter:label1\" content=\"Escrito por\" \/>\n\t<meta name=\"twitter:data1\" content=\"Lo viste en Los Pol\u00edticos\" \/>\n\t<meta name=\"twitter:label2\" content=\"Tiempo de lectura\" \/>\n\t<meta name=\"twitter:data2\" content=\"5 minutos\" \/>\n<script type=\"application\/ld+json\" class=\"yoast-schema-graph\">{\"@context\":\"https:\\\/\\\/schema.org\",\"@graph\":[{\"@type\":\"Article\",\"@id\":\"https:\\\/\\\/lospoliticosveracruz.com\\\/?p=154068#article\",\"isPartOf\":{\"@id\":\"https:\\\/\\\/lospoliticosveracruz.com\\\/?p=154068\"},\"author\":{\"name\":\"Lo viste en Los Pol\u00edticos\",\"@id\":\"https:\\\/\\\/lospoliticosveracruz.com\\\/#\\\/schema\\\/person\\\/b8702bb0e538456e6efd07080bf2a4a2\"},\"headline\":\"QUIEREN CERRAR EL CASO\u2026\",\"datePublished\":\"2025-10-08T14:17:26+00:00\",\"dateModified\":\"2025-10-08T14:18:26+00:00\",\"mainEntityOfPage\":{\"@id\":\"https:\\\/\\\/lospoliticosveracruz.com\\\/?p=154068\"},\"wordCount\":929,\"publisher\":{\"@id\":\"https:\\\/\\\/lospoliticosveracruz.com\\\/#organization\"},\"image\":{\"@id\":\"https:\\\/\\\/lospoliticosveracruz.com\\\/?p=154068#primaryimage\"},\"thumbnailUrl\":\"https:\\\/\\\/lospoliticosveracruz.com\\\/wp-content\\\/uploads\\\/2025\\\/04\\\/Oved-Contreras-e1768066319253.jpg\",\"keywords\":[\"C\u00f3digo Nacional de Procedimientos Penales\",\"Fiscal\u00eda General del Estado\",\"Instituto de Pensiones del Estado (IPE)\",\"Juez de Control\",\"SEV suspensi\u00f3n de clases\"],\"articleSection\":[\"De Opini\u00f3n\"],\"inLanguage\":\"es\"},{\"@type\":\"WebPage\",\"@id\":\"https:\\\/\\\/lospoliticosveracruz.com\\\/?p=154068\",\"url\":\"https:\\\/\\\/lospoliticosveracruz.com\\\/?p=154068\",\"name\":\"QUIEREN CERRAR EL CASO\u2026 - Los pol\u00edticos Veracruz\",\"isPartOf\":{\"@id\":\"https:\\\/\\\/lospoliticosveracruz.com\\\/#website\"},\"primaryImageOfPage\":{\"@id\":\"https:\\\/\\\/lospoliticosveracruz.com\\\/?p=154068#primaryimage\"},\"image\":{\"@id\":\"https:\\\/\\\/lospoliticosveracruz.com\\\/?p=154068#primaryimage\"},\"thumbnailUrl\":\"https:\\\/\\\/lospoliticosveracruz.com\\\/wp-content\\\/uploads\\\/2025\\\/04\\\/Oved-Contreras-e1768066319253.jpg\",\"datePublished\":\"2025-10-08T14:17:26+00:00\",\"dateModified\":\"2025-10-08T14:18:26+00:00\",\"breadcrumb\":{\"@id\":\"https:\\\/\\\/lospoliticosveracruz.com\\\/?p=154068#breadcrumb\"},\"inLanguage\":\"es\",\"potentialAction\":[{\"@type\":\"ReadAction\",\"target\":[\"https:\\\/\\\/lospoliticosveracruz.com\\\/?p=154068\"]}]},{\"@type\":\"ImageObject\",\"inLanguage\":\"es\",\"@id\":\"https:\\\/\\\/lospoliticosveracruz.com\\\/?p=154068#primaryimage\",\"url\":\"https:\\\/\\\/lospoliticosveracruz.com\\\/wp-content\\\/uploads\\\/2025\\\/04\\\/Oved-Contreras-e1768066319253.jpg\",\"contentUrl\":\"https:\\\/\\\/lospoliticosveracruz.com\\\/wp-content\\\/uploads\\\/2025\\\/04\\\/Oved-Contreras-e1768066319253.jpg\",\"width\":600,\"height\":320},{\"@type\":\"BreadcrumbList\",\"@id\":\"https:\\\/\\\/lospoliticosveracruz.com\\\/?p=154068#breadcrumb\",\"itemListElement\":[{\"@type\":\"ListItem\",\"position\":1,\"name\":\"Portada\",\"item\":\"https:\\\/\\\/lospoliticosveracruz.com\\\/\"},{\"@type\":\"ListItem\",\"position\":2,\"name\":\"QUIEREN CERRAR EL CASO\u2026\"}]},{\"@type\":\"WebSite\",\"@id\":\"https:\\\/\\\/lospoliticosveracruz.com\\\/#website\",\"url\":\"https:\\\/\\\/lospoliticosveracruz.com\\\/\",\"name\":\"Los pol\u00edticos Veracruz\",\"description\":\"\",\"publisher\":{\"@id\":\"https:\\\/\\\/lospoliticosveracruz.com\\\/#organization\"},\"potentialAction\":[{\"@type\":\"SearchAction\",\"target\":{\"@type\":\"EntryPoint\",\"urlTemplate\":\"https:\\\/\\\/lospoliticosveracruz.com\\\/?s={search_term_string}\"},\"query-input\":{\"@type\":\"PropertyValueSpecification\",\"valueRequired\":true,\"valueName\":\"search_term_string\"}}],\"inLanguage\":\"es\"},{\"@type\":\"Organization\",\"@id\":\"https:\\\/\\\/lospoliticosveracruz.com\\\/#organization\",\"name\":\"Los pol\u00edticos Veracruz\",\"url\":\"https:\\\/\\\/lospoliticosveracruz.com\\\/\",\"logo\":{\"@type\":\"ImageObject\",\"inLanguage\":\"es\",\"@id\":\"https:\\\/\\\/lospoliticosveracruz.com\\\/#\\\/schema\\\/logo\\\/image\\\/\",\"url\":\"https:\\\/\\\/lospoliticosveracruz.com\\\/wp-content\\\/uploads\\\/2025\\\/12\\\/Logo-Nuevo-LOS-POLITICOS-1.jpg\",\"contentUrl\":\"https:\\\/\\\/lospoliticosveracruz.com\\\/wp-content\\\/uploads\\\/2025\\\/12\\\/Logo-Nuevo-LOS-POLITICOS-1.jpg\",\"width\":260,\"height\":70,\"caption\":\"Los pol\u00edticos Veracruz\"},\"image\":{\"@id\":\"https:\\\/\\\/lospoliticosveracruz.com\\\/#\\\/schema\\\/logo\\\/image\\\/\"},\"sameAs\":[\"https:\\\/\\\/www.facebook.com\\\/people\\\/Notimemes-de-los-Polticos\\\/61565672886568\\\/\",\"https:\\\/\\\/x.com\\\/LosPoliticosVer\"]},{\"@type\":\"Person\",\"@id\":\"https:\\\/\\\/lospoliticosveracruz.com\\\/#\\\/schema\\\/person\\\/b8702bb0e538456e6efd07080bf2a4a2\",\"name\":\"Lo viste en Los Pol\u00edticos\",\"image\":{\"@type\":\"ImageObject\",\"inLanguage\":\"es\",\"@id\":\"https:\\\/\\\/secure.gravatar.com\\\/avatar\\\/3a8de04a2656d44082be478bd6c086daa447c4651605818287b9532d3d0bd435?s=96&d=mm&r=g\",\"url\":\"https:\\\/\\\/secure.gravatar.com\\\/avatar\\\/3a8de04a2656d44082be478bd6c086daa447c4651605818287b9532d3d0bd435?s=96&d=mm&r=g\",\"contentUrl\":\"https:\\\/\\\/secure.gravatar.com\\\/avatar\\\/3a8de04a2656d44082be478bd6c086daa447c4651605818287b9532d3d0bd435?s=96&d=mm&r=g\",\"caption\":\"Lo viste en Los Pol\u00edticos\"},\"url\":\"https:\\\/\\\/lospoliticosveracruz.com\\\/?author=2\"}]}<\/script>\n<!-- \/ Yoast SEO plugin. -->","yoast_head_json":{"title":"QUIEREN CERRAR EL CASO\u2026 - Los pol\u00edticos Veracruz","robots":{"index":"index","follow":"follow","max-snippet":"max-snippet:-1","max-image-preview":"max-image-preview:large","max-video-preview":"max-video-preview:-1"},"canonical":"https:\/\/lospoliticosveracruz.com\/?p=154068","og_locale":"es_ES","og_type":"article","og_title":"QUIEREN CERRAR EL CASO\u2026 - Los pol\u00edticos Veracruz","og_description":"Oved Contreras Secas Mecas La fiscal\u00eda estatal pretende cerrar una denuncia que interpusieron jubilados y pensionados, desde hace nueve a\u00f1os, en relaci\u00f3n con los quebrantos patrimoniales en el Instituto de Pensiones del Estado (IPE)\u2026 la Fiscal\u00eda General del Estado decidi\u00f3 emitir una determinaci\u00f3n en la que decidi\u00f3 el no ejercicio de la acci\u00f3n penal y [&hellip;]","og_url":"https:\/\/lospoliticosveracruz.com\/?p=154068","og_site_name":"Los pol\u00edticos Veracruz","article_publisher":"https:\/\/www.facebook.com\/people\/Notimemes-de-los-Polticos\/61565672886568\/","article_published_time":"2025-10-08T14:17:26+00:00","article_modified_time":"2025-10-08T14:18:26+00:00","og_image":[{"width":600,"height":320,"url":"https:\/\/lospoliticosveracruz.com\/wp-content\/uploads\/2025\/04\/Oved-Contreras-e1768066319253.jpg","type":"image\/jpeg"}],"author":"Lo viste en Los Pol\u00edticos","twitter_card":"summary_large_image","twitter_creator":"@LosPoliticosVer","twitter_site":"@LosPoliticosVer","twitter_misc":{"Escrito por":"Lo viste en Los Pol\u00edticos","Tiempo de lectura":"5 minutos"},"schema":{"@context":"https:\/\/schema.org","@graph":[{"@type":"Article","@id":"https:\/\/lospoliticosveracruz.com\/?p=154068#article","isPartOf":{"@id":"https:\/\/lospoliticosveracruz.com\/?p=154068"},"author":{"name":"Lo viste en Los Pol\u00edticos","@id":"https:\/\/lospoliticosveracruz.com\/#\/schema\/person\/b8702bb0e538456e6efd07080bf2a4a2"},"headline":"QUIEREN CERRAR EL CASO\u2026","datePublished":"2025-10-08T14:17:26+00:00","dateModified":"2025-10-08T14:18:26+00:00","mainEntityOfPage":{"@id":"https:\/\/lospoliticosveracruz.com\/?p=154068"},"wordCount":929,"publisher":{"@id":"https:\/\/lospoliticosveracruz.com\/#organization"},"image":{"@id":"https:\/\/lospoliticosveracruz.com\/?p=154068#primaryimage"},"thumbnailUrl":"https:\/\/lospoliticosveracruz.com\/wp-content\/uploads\/2025\/04\/Oved-Contreras-e1768066319253.jpg","keywords":["C\u00f3digo Nacional de Procedimientos Penales","Fiscal\u00eda General del Estado","Instituto de Pensiones del Estado (IPE)","Juez de Control","SEV suspensi\u00f3n de clases"],"articleSection":["De Opini\u00f3n"],"inLanguage":"es"},{"@type":"WebPage","@id":"https:\/\/lospoliticosveracruz.com\/?p=154068","url":"https:\/\/lospoliticosveracruz.com\/?p=154068","name":"QUIEREN CERRAR EL CASO\u2026 - Los pol\u00edticos Veracruz","isPartOf":{"@id":"https:\/\/lospoliticosveracruz.com\/#website"},"primaryImageOfPage":{"@id":"https:\/\/lospoliticosveracruz.com\/?p=154068#primaryimage"},"image":{"@id":"https:\/\/lospoliticosveracruz.com\/?p=154068#primaryimage"},"thumbnailUrl":"https:\/\/lospoliticosveracruz.com\/wp-content\/uploads\/2025\/04\/Oved-Contreras-e1768066319253.jpg","datePublished":"2025-10-08T14:17:26+00:00","dateModified":"2025-10-08T14:18:26+00:00","breadcrumb":{"@id":"https:\/\/lospoliticosveracruz.com\/?p=154068#breadcrumb"},"inLanguage":"es","potentialAction":[{"@type":"ReadAction","target":["https:\/\/lospoliticosveracruz.com\/?p=154068"]}]},{"@type":"ImageObject","inLanguage":"es","@id":"https:\/\/lospoliticosveracruz.com\/?p=154068#primaryimage","url":"https:\/\/lospoliticosveracruz.com\/wp-content\/uploads\/2025\/04\/Oved-Contreras-e1768066319253.jpg","contentUrl":"https:\/\/lospoliticosveracruz.com\/wp-content\/uploads\/2025\/04\/Oved-Contreras-e1768066319253.jpg","width":600,"height":320},{"@type":"BreadcrumbList","@id":"https:\/\/lospoliticosveracruz.com\/?p=154068#breadcrumb","itemListElement":[{"@type":"ListItem","position":1,"name":"Portada","item":"https:\/\/lospoliticosveracruz.com\/"},{"@type":"ListItem","position":2,"name":"QUIEREN CERRAR EL CASO\u2026"}]},{"@type":"WebSite","@id":"https:\/\/lospoliticosveracruz.com\/#website","url":"https:\/\/lospoliticosveracruz.com\/","name":"Los pol\u00edticos Veracruz","description":"","publisher":{"@id":"https:\/\/lospoliticosveracruz.com\/#organization"},"potentialAction":[{"@type":"SearchAction","target":{"@type":"EntryPoint","urlTemplate":"https:\/\/lospoliticosveracruz.com\/?s={search_term_string}"},"query-input":{"@type":"PropertyValueSpecification","valueRequired":true,"valueName":"search_term_string"}}],"inLanguage":"es"},{"@type":"Organization","@id":"https:\/\/lospoliticosveracruz.com\/#organization","name":"Los pol\u00edticos Veracruz","url":"https:\/\/lospoliticosveracruz.com\/","logo":{"@type":"ImageObject","inLanguage":"es","@id":"https:\/\/lospoliticosveracruz.com\/#\/schema\/logo\/image\/","url":"https:\/\/lospoliticosveracruz.com\/wp-content\/uploads\/2025\/12\/Logo-Nuevo-LOS-POLITICOS-1.jpg","contentUrl":"https:\/\/lospoliticosveracruz.com\/wp-content\/uploads\/2025\/12\/Logo-Nuevo-LOS-POLITICOS-1.jpg","width":260,"height":70,"caption":"Los pol\u00edticos Veracruz"},"image":{"@id":"https:\/\/lospoliticosveracruz.com\/#\/schema\/logo\/image\/"},"sameAs":["https:\/\/www.facebook.com\/people\/Notimemes-de-los-Polticos\/61565672886568\/","https:\/\/x.com\/LosPoliticosVer"]},{"@type":"Person","@id":"https:\/\/lospoliticosveracruz.com\/#\/schema\/person\/b8702bb0e538456e6efd07080bf2a4a2","name":"Lo viste en Los Pol\u00edticos","image":{"@type":"ImageObject","inLanguage":"es","@id":"https:\/\/secure.gravatar.com\/avatar\/3a8de04a2656d44082be478bd6c086daa447c4651605818287b9532d3d0bd435?s=96&d=mm&r=g","url":"https:\/\/secure.gravatar.com\/avatar\/3a8de04a2656d44082be478bd6c086daa447c4651605818287b9532d3d0bd435?s=96&d=mm&r=g","contentUrl":"https:\/\/secure.gravatar.com\/avatar\/3a8de04a2656d44082be478bd6c086daa447c4651605818287b9532d3d0bd435?s=96&d=mm&r=g","caption":"Lo viste en Los Pol\u00edticos"},"url":"https:\/\/lospoliticosveracruz.com\/?author=2"}]}},"_links":{"self":[{"href":"https:\/\/lospoliticosveracruz.com\/index.php?rest_route=\/wp\/v2\/posts\/154068","targetHints":{"allow":["GET"]}}],"collection":[{"href":"https:\/\/lospoliticosveracruz.com\/index.php?rest_route=\/wp\/v2\/posts"}],"about":[{"href":"https:\/\/lospoliticosveracruz.com\/index.php?rest_route=\/wp\/v2\/types\/post"}],"author":[{"embeddable":true,"href":"https:\/\/lospoliticosveracruz.com\/index.php?rest_route=\/wp\/v2\/users\/2"}],"replies":[{"embeddable":true,"href":"https:\/\/lospoliticosveracruz.com\/index.php?rest_route=%2Fwp%2Fv2%2Fcomments&post=154068"}],"version-history":[{"count":2,"href":"https:\/\/lospoliticosveracruz.com\/index.php?rest_route=\/wp\/v2\/posts\/154068\/revisions"}],"predecessor-version":[{"id":154070,"href":"https:\/\/lospoliticosveracruz.com\/index.php?rest_route=\/wp\/v2\/posts\/154068\/revisions\/154070"}],"wp:featuredmedia":[{"embeddable":true,"href":"https:\/\/lospoliticosveracruz.com\/index.php?rest_route=\/wp\/v2\/media\/141426"}],"wp:attachment":[{"href":"https:\/\/lospoliticosveracruz.com\/index.php?rest_route=%2Fwp%2Fv2%2Fmedia&parent=154068"}],"wp:term":[{"taxonomy":"category","embeddable":true,"href":"https:\/\/lospoliticosveracruz.com\/index.php?rest_route=%2Fwp%2Fv2%2Fcategories&post=154068"},{"taxonomy":"post_tag","embeddable":true,"href":"https:\/\/lospoliticosveracruz.com\/index.php?rest_route=%2Fwp%2Fv2%2Ftags&post=154068"}],"curies":[{"name":"wp","href":"https:\/\/api.w.org\/{rel}","templated":true}]}}