{"id":154071,"date":"2025-10-08T09:27:51","date_gmt":"2025-10-08T14:27:51","guid":{"rendered":"https:\/\/lospoliticosveracruz.com.mx\/?p=154071"},"modified":"2025-10-08T09:28:31","modified_gmt":"2025-10-08T14:28:31","slug":"los-acomodos-en-el-evento-del-zocalo","status":"publish","type":"post","link":"https:\/\/lospoliticosveracruz.com\/?p=154071","title":{"rendered":"LOS ACOMODOS EN EL EVENTO DEL Z\u00d3CALO"},"content":{"rendered":"\n<p>S\u00edguenos ahora tambi\u00e9n en WhatsApp.\u00a0\u00a1<a href=\"https:\/\/whatsapp.com\/channel\/0029Va8zRWlEKyZIP3Z1dF0e\"><strong>Da clic aqu\u00ed<\/strong><\/a><strong>!<\/strong><\/p>\n\n\n\n<p><strong>Alejandro Aguirre Guerrero<\/strong><\/p>\n\n\n\n<p><em>Al respecto\u2026<br><\/em><\/p>\n\n\n\n<p>Una semana despu\u00e9s de aquel evento multitudinario que encabez\u00f3 la <strong>presidenta Sheinbaum<\/strong> en el <strong>Z\u00f3calo<\/strong>, el pasado 9 de marzo (donde algunos <strong>morenistas<\/strong> y aliados de peso supuestamente no la vieron pasar cuando iba al templete) advert\u00ed, en este mismo espacio, que tomaron la decisi\u00f3n, en <strong>Palacio Nacional<\/strong>, de \u201cajustarlos\u201d con paciencia y contundencia.<\/p>\n\n\n\n<p>Por eso, en la concentraci\u00f3n de este domingo celebrada ah\u00ed, en la plancha del <strong>Z\u00f3calo<\/strong>, algunos de esos personajes aparecieron en la segunda fila de sillas (y no en la primera), como podr\u00edan merecer por su envergadura e historia en el movimiento\u2026 los acorralaron, de alguna forma.<\/p>\n\n\n\n\n\n<p>De esta manera, algunos de los que aquel domingo de marzo se tomaban selfies, sin cuidar la llegada de su jefa, la <strong>presidenta Sheinbaum<\/strong>, fueron colocados \u201cfuera de la foto\u201d (como dir\u00edan los pol\u00edticos de anta\u00f1o), comunicando el mensaje de forma clara.<\/p>\n\n\n\n<p>Entonces, <strong>Ad\u00e1n Augusto L\u00f3pez<\/strong>, <strong>Manuel Velasco<\/strong> y <strong>Ricardo Monreal<\/strong> fueron ubicados en la segunda fila detr\u00e1s de la valla met\u00e1lica, mientras que el <strong>Secretario de Organizaci\u00f3n de Morena, Andr\u00e9s Manuel L\u00f3pez Beltr\u00e1n<\/strong>, en la tercera.<\/p>\n\n\n\n<p>Y as\u00ed, en esta ocasi\u00f3n, como debi\u00f3 ser en aquel mes de marzo, la figura fue <strong>Sheinbaum<\/strong>, la nota la dio ella, y no otros perfiles cuya acci\u00f3n provoc\u00f3 que el discurso medi\u00e1tico y pol\u00edtico del d\u00eda, m\u00e1s tarde y semanas despu\u00e9s quiz\u00e1, fuera el del \u201cdesaire a la <strong>presidenta<\/strong>\u201d.<\/p>\n\n\n\n<p>Dec\u00eda <strong>Jes\u00fas Reyes Heroles<\/strong> que \u201cla forma es fondo\u201d, y no fue necesario m\u00e1s que un leve manotazo en la mesa para colocar las cosas en su lugar, de manera clara y contundente, de cara al segundo a\u00f1o del <strong>sexenio<\/strong>.<\/p>\n\n\n\n<p><strong>Sobre el delegado del Bienestar en Veracruz<\/strong><\/p>\n\n\n\n<p>No brilla por su carisma, pero a ojos de sus jefas en el \u00e1rea (tanto la <strong>presidenta Sheinbaum<\/strong> como la <strong>secretaria Ariadna Montiel<\/strong>), <strong>Javier G\u00f3mez Cazar\u00edn<\/strong> cumple con su labor como <strong>delegado del Bienestar en Veracruz<\/strong>, situaci\u00f3n que incluso la <strong>gobernadora Roc\u00edo Nahle<\/strong> reconoci\u00f3 de manera p\u00fablica.<\/p>\n\n\n\n<p><strong>Para aquellos que futurean en Edomex<\/strong><\/p>\n\n\n\n<p>Y ante protagonismos personales y futurismos que algunos han mostrado en el <strong>Estado de M\u00e9xico<\/strong>, el <strong>secretario Horacio Duarte<\/strong> asegur\u00f3, durante su comparecencia ante el <strong>congreso local<\/strong>, que s\u00f3lo caen en distracciones e irrespetan a los mexiquenses.<\/p>\n\n\n\n<p><strong>M\u00e1s de 3 mil patrullas para CDMX<\/strong><\/p>\n\n\n\n<p>En el marco de su primer informe de gobierno, <strong>Clara Brugada<\/strong> comentar\u00e1 (en materia de seguridad), que 40 mil nuevas c\u00e1maras de videovigilancia fueron sumadas al <strong>C5<\/strong>, adem\u00e1s de 3500 patrullas para mejorar los tiempos de respuesta ante cualquier emergencia.<\/p>\n\n\n\n<p><strong>X: @aaguirre_g<\/strong><\/p>\n","protected":false},"excerpt":{"rendered":"<p>Alejandro Aguirre Guerrero Al respecto\u2026 Una semana despu\u00e9s de aquel evento multitudinario que encabez\u00f3 la presidenta Sheinbaum en el Z\u00f3calo, el pasado 9 de marzo (donde algunos morenistas y aliados de peso supuestamente no la vieron pasar cuando iba al templete) advert\u00ed, en este mismo espacio, que tomaron la decisi\u00f3n, en Palacio Nacional, de \u201cajustarlos\u201d [&hellip;]<\/p>\n","protected":false},"author":2,"featured_media":141373,"comment_status":"closed","ping_status":"closed","sticky":false,"template":"","format":"standard","meta":{"tdm_status":"","tdm_grid_status":"","footnotes":""},"categories":[70],"tags":[46449,17075,10353,46448],"class_list":{"0":"post-154071","1":"post","2":"type-post","3":"status-publish","4":"format-standard","5":"has-post-thumbnail","7":"category-de-opinion","8":"tag-clara-brugada-seguridad-cdmx","9":"tag-javier-gomez-cazarin","10":"tag-ricardo-monreal","11":"tag-sheinbaum-zocalo-acomodos"},"yoast_head":"<!-- This site is optimized with the Yoast SEO plugin v27.4 - https:\/\/yoast.com\/product\/yoast-seo-wordpress\/ -->\n<title>LOS ACOMODOS EN EL EVENTO DEL Z\u00d3CALO - Los pol\u00edticos Veracruz<\/title>\n<meta name=\"robots\" content=\"index, follow, max-snippet:-1, max-image-preview:large, max-video-preview:-1\" \/>\n<link rel=\"canonical\" href=\"https:\/\/lospoliticosveracruz.com\/?p=154071\" \/>\n<meta property=\"og:locale\" content=\"es_ES\" \/>\n<meta property=\"og:type\" content=\"article\" \/>\n<meta property=\"og:title\" content=\"LOS ACOMODOS EN EL EVENTO DEL Z\u00d3CALO - Los pol\u00edticos Veracruz\" \/>\n<meta property=\"og:description\" content=\"Alejandro Aguirre Guerrero Al respecto\u2026 Una semana despu\u00e9s de aquel evento multitudinario que encabez\u00f3 la presidenta Sheinbaum en el Z\u00f3calo, el pasado 9 de marzo (donde algunos morenistas y aliados de peso supuestamente no la vieron pasar cuando iba al templete) advert\u00ed, en este mismo espacio, que tomaron la decisi\u00f3n, en Palacio Nacional, de \u201cajustarlos\u201d [&hellip;]\" \/>\n<meta property=\"og:url\" content=\"https:\/\/lospoliticosveracruz.com\/?p=154071\" \/>\n<meta property=\"og:site_name\" content=\"Los pol\u00edticos Veracruz\" \/>\n<meta property=\"article:publisher\" content=\"https:\/\/www.facebook.com\/people\/Notimemes-de-los-Polticos\/61565672886568\/\" \/>\n<meta property=\"article:published_time\" content=\"2025-10-08T14:27:51+00:00\" \/>\n<meta property=\"article:modified_time\" content=\"2025-10-08T14:28:31+00:00\" \/>\n<meta property=\"og:image\" content=\"https:\/\/lospoliticosveracruz.com\/wp-content\/uploads\/2025\/04\/Alejandro-Aguirre-Guerrero.jpg\" \/>\n\t<meta property=\"og:image:width\" content=\"1250\" \/>\n\t<meta property=\"og:image:height\" content=\"667\" \/>\n\t<meta property=\"og:image:type\" content=\"image\/jpeg\" \/>\n<meta name=\"author\" content=\"Lo viste en Los Pol\u00edticos\" \/>\n<meta name=\"twitter:card\" content=\"summary_large_image\" \/>\n<meta name=\"twitter:creator\" content=\"@LosPoliticosVer\" \/>\n<meta name=\"twitter:site\" content=\"@LosPoliticosVer\" \/>\n<meta name=\"twitter:label1\" content=\"Escrito por\" \/>\n\t<meta name=\"twitter:data1\" content=\"Lo viste en Los Pol\u00edticos\" \/>\n\t<meta name=\"twitter:label2\" content=\"Tiempo de lectura\" \/>\n\t<meta name=\"twitter:data2\" content=\"2 minutos\" \/>\n<script type=\"application\/ld+json\" class=\"yoast-schema-graph\">{\"@context\":\"https:\\\/\\\/schema.org\",\"@graph\":[{\"@type\":\"Article\",\"@id\":\"https:\\\/\\\/lospoliticosveracruz.com\\\/?p=154071#article\",\"isPartOf\":{\"@id\":\"https:\\\/\\\/lospoliticosveracruz.com\\\/?p=154071\"},\"author\":{\"name\":\"Lo viste en Los Pol\u00edticos\",\"@id\":\"https:\\\/\\\/lospoliticosveracruz.com\\\/#\\\/schema\\\/person\\\/b8702bb0e538456e6efd07080bf2a4a2\"},\"headline\":\"LOS ACOMODOS EN EL EVENTO DEL Z\u00d3CALO\",\"datePublished\":\"2025-10-08T14:27:51+00:00\",\"dateModified\":\"2025-10-08T14:28:31+00:00\",\"mainEntityOfPage\":{\"@id\":\"https:\\\/\\\/lospoliticosveracruz.com\\\/?p=154071\"},\"wordCount\":462,\"publisher\":{\"@id\":\"https:\\\/\\\/lospoliticosveracruz.com\\\/#organization\"},\"image\":{\"@id\":\"https:\\\/\\\/lospoliticosveracruz.com\\\/?p=154071#primaryimage\"},\"thumbnailUrl\":\"https:\\\/\\\/lospoliticosveracruz.com\\\/wp-content\\\/uploads\\\/2025\\\/04\\\/Alejandro-Aguirre-Guerrero.jpg\",\"keywords\":[\"Clara Brugada seguridad CDMX.\",\"Javier G\u00f3mez Cazar\u00edn\",\"Ricardo Monreal\",\"Sheinbaum Z\u00f3calo acomodos\"],\"articleSection\":[\"De Opini\u00f3n\"],\"inLanguage\":\"es\"},{\"@type\":\"WebPage\",\"@id\":\"https:\\\/\\\/lospoliticosveracruz.com\\\/?p=154071\",\"url\":\"https:\\\/\\\/lospoliticosveracruz.com\\\/?p=154071\",\"name\":\"LOS ACOMODOS EN EL EVENTO DEL Z\u00d3CALO - Los pol\u00edticos Veracruz\",\"isPartOf\":{\"@id\":\"https:\\\/\\\/lospoliticosveracruz.com\\\/#website\"},\"primaryImageOfPage\":{\"@id\":\"https:\\\/\\\/lospoliticosveracruz.com\\\/?p=154071#primaryimage\"},\"image\":{\"@id\":\"https:\\\/\\\/lospoliticosveracruz.com\\\/?p=154071#primaryimage\"},\"thumbnailUrl\":\"https:\\\/\\\/lospoliticosveracruz.com\\\/wp-content\\\/uploads\\\/2025\\\/04\\\/Alejandro-Aguirre-Guerrero.jpg\",\"datePublished\":\"2025-10-08T14:27:51+00:00\",\"dateModified\":\"2025-10-08T14:28:31+00:00\",\"breadcrumb\":{\"@id\":\"https:\\\/\\\/lospoliticosveracruz.com\\\/?p=154071#breadcrumb\"},\"inLanguage\":\"es\",\"potentialAction\":[{\"@type\":\"ReadAction\",\"target\":[\"https:\\\/\\\/lospoliticosveracruz.com\\\/?p=154071\"]}]},{\"@type\":\"ImageObject\",\"inLanguage\":\"es\",\"@id\":\"https:\\\/\\\/lospoliticosveracruz.com\\\/?p=154071#primaryimage\",\"url\":\"https:\\\/\\\/lospoliticosveracruz.com\\\/wp-content\\\/uploads\\\/2025\\\/04\\\/Alejandro-Aguirre-Guerrero.jpg\",\"contentUrl\":\"https:\\\/\\\/lospoliticosveracruz.com\\\/wp-content\\\/uploads\\\/2025\\\/04\\\/Alejandro-Aguirre-Guerrero.jpg\",\"width\":1250,\"height\":667},{\"@type\":\"BreadcrumbList\",\"@id\":\"https:\\\/\\\/lospoliticosveracruz.com\\\/?p=154071#breadcrumb\",\"itemListElement\":[{\"@type\":\"ListItem\",\"position\":1,\"name\":\"Portada\",\"item\":\"https:\\\/\\\/lospoliticosveracruz.com\\\/\"},{\"@type\":\"ListItem\",\"position\":2,\"name\":\"LOS ACOMODOS EN EL EVENTO DEL Z\u00d3CALO\"}]},{\"@type\":\"WebSite\",\"@id\":\"https:\\\/\\\/lospoliticosveracruz.com\\\/#website\",\"url\":\"https:\\\/\\\/lospoliticosveracruz.com\\\/\",\"name\":\"Los pol\u00edticos Veracruz\",\"description\":\"\",\"publisher\":{\"@id\":\"https:\\\/\\\/lospoliticosveracruz.com\\\/#organization\"},\"potentialAction\":[{\"@type\":\"SearchAction\",\"target\":{\"@type\":\"EntryPoint\",\"urlTemplate\":\"https:\\\/\\\/lospoliticosveracruz.com\\\/?s={search_term_string}\"},\"query-input\":{\"@type\":\"PropertyValueSpecification\",\"valueRequired\":true,\"valueName\":\"search_term_string\"}}],\"inLanguage\":\"es\"},{\"@type\":\"Organization\",\"@id\":\"https:\\\/\\\/lospoliticosveracruz.com\\\/#organization\",\"name\":\"Los pol\u00edticos Veracruz\",\"url\":\"https:\\\/\\\/lospoliticosveracruz.com\\\/\",\"logo\":{\"@type\":\"ImageObject\",\"inLanguage\":\"es\",\"@id\":\"https:\\\/\\\/lospoliticosveracruz.com\\\/#\\\/schema\\\/logo\\\/image\\\/\",\"url\":\"https:\\\/\\\/lospoliticosveracruz.com\\\/wp-content\\\/uploads\\\/2025\\\/12\\\/Logo-Nuevo-LOS-POLITICOS-1.jpg\",\"contentUrl\":\"https:\\\/\\\/lospoliticosveracruz.com\\\/wp-content\\\/uploads\\\/2025\\\/12\\\/Logo-Nuevo-LOS-POLITICOS-1.jpg\",\"width\":260,\"height\":70,\"caption\":\"Los pol\u00edticos Veracruz\"},\"image\":{\"@id\":\"https:\\\/\\\/lospoliticosveracruz.com\\\/#\\\/schema\\\/logo\\\/image\\\/\"},\"sameAs\":[\"https:\\\/\\\/www.facebook.com\\\/people\\\/Notimemes-de-los-Polticos\\\/61565672886568\\\/\",\"https:\\\/\\\/x.com\\\/LosPoliticosVer\"]},{\"@type\":\"Person\",\"@id\":\"https:\\\/\\\/lospoliticosveracruz.com\\\/#\\\/schema\\\/person\\\/b8702bb0e538456e6efd07080bf2a4a2\",\"name\":\"Lo viste en Los Pol\u00edticos\",\"image\":{\"@type\":\"ImageObject\",\"inLanguage\":\"es\",\"@id\":\"https:\\\/\\\/secure.gravatar.com\\\/avatar\\\/3a8de04a2656d44082be478bd6c086daa447c4651605818287b9532d3d0bd435?s=96&d=mm&r=g\",\"url\":\"https:\\\/\\\/secure.gravatar.com\\\/avatar\\\/3a8de04a2656d44082be478bd6c086daa447c4651605818287b9532d3d0bd435?s=96&d=mm&r=g\",\"contentUrl\":\"https:\\\/\\\/secure.gravatar.com\\\/avatar\\\/3a8de04a2656d44082be478bd6c086daa447c4651605818287b9532d3d0bd435?s=96&d=mm&r=g\",\"caption\":\"Lo viste en Los Pol\u00edticos\"},\"url\":\"https:\\\/\\\/lospoliticosveracruz.com\\\/?author=2\"}]}<\/script>\n<!-- \/ Yoast SEO plugin. -->","yoast_head_json":{"title":"LOS ACOMODOS EN EL EVENTO DEL Z\u00d3CALO - Los pol\u00edticos Veracruz","robots":{"index":"index","follow":"follow","max-snippet":"max-snippet:-1","max-image-preview":"max-image-preview:large","max-video-preview":"max-video-preview:-1"},"canonical":"https:\/\/lospoliticosveracruz.com\/?p=154071","og_locale":"es_ES","og_type":"article","og_title":"LOS ACOMODOS EN EL EVENTO DEL Z\u00d3CALO - Los pol\u00edticos Veracruz","og_description":"Alejandro Aguirre Guerrero Al respecto\u2026 Una semana despu\u00e9s de aquel evento multitudinario que encabez\u00f3 la presidenta Sheinbaum en el Z\u00f3calo, el pasado 9 de marzo (donde algunos morenistas y aliados de peso supuestamente no la vieron pasar cuando iba al templete) advert\u00ed, en este mismo espacio, que tomaron la decisi\u00f3n, en Palacio Nacional, de \u201cajustarlos\u201d [&hellip;]","og_url":"https:\/\/lospoliticosveracruz.com\/?p=154071","og_site_name":"Los pol\u00edticos Veracruz","article_publisher":"https:\/\/www.facebook.com\/people\/Notimemes-de-los-Polticos\/61565672886568\/","article_published_time":"2025-10-08T14:27:51+00:00","article_modified_time":"2025-10-08T14:28:31+00:00","og_image":[{"width":1250,"height":667,"url":"https:\/\/lospoliticosveracruz.com\/wp-content\/uploads\/2025\/04\/Alejandro-Aguirre-Guerrero.jpg","type":"image\/jpeg"}],"author":"Lo viste en Los Pol\u00edticos","twitter_card":"summary_large_image","twitter_creator":"@LosPoliticosVer","twitter_site":"@LosPoliticosVer","twitter_misc":{"Escrito por":"Lo viste en Los Pol\u00edticos","Tiempo de lectura":"2 minutos"},"schema":{"@context":"https:\/\/schema.org","@graph":[{"@type":"Article","@id":"https:\/\/lospoliticosveracruz.com\/?p=154071#article","isPartOf":{"@id":"https:\/\/lospoliticosveracruz.com\/?p=154071"},"author":{"name":"Lo viste en Los Pol\u00edticos","@id":"https:\/\/lospoliticosveracruz.com\/#\/schema\/person\/b8702bb0e538456e6efd07080bf2a4a2"},"headline":"LOS ACOMODOS EN EL EVENTO DEL Z\u00d3CALO","datePublished":"2025-10-08T14:27:51+00:00","dateModified":"2025-10-08T14:28:31+00:00","mainEntityOfPage":{"@id":"https:\/\/lospoliticosveracruz.com\/?p=154071"},"wordCount":462,"publisher":{"@id":"https:\/\/lospoliticosveracruz.com\/#organization"},"image":{"@id":"https:\/\/lospoliticosveracruz.com\/?p=154071#primaryimage"},"thumbnailUrl":"https:\/\/lospoliticosveracruz.com\/wp-content\/uploads\/2025\/04\/Alejandro-Aguirre-Guerrero.jpg","keywords":["Clara Brugada seguridad CDMX.","Javier G\u00f3mez Cazar\u00edn","Ricardo Monreal","Sheinbaum Z\u00f3calo acomodos"],"articleSection":["De Opini\u00f3n"],"inLanguage":"es"},{"@type":"WebPage","@id":"https:\/\/lospoliticosveracruz.com\/?p=154071","url":"https:\/\/lospoliticosveracruz.com\/?p=154071","name":"LOS ACOMODOS EN EL EVENTO DEL Z\u00d3CALO - Los pol\u00edticos Veracruz","isPartOf":{"@id":"https:\/\/lospoliticosveracruz.com\/#website"},"primaryImageOfPage":{"@id":"https:\/\/lospoliticosveracruz.com\/?p=154071#primaryimage"},"image":{"@id":"https:\/\/lospoliticosveracruz.com\/?p=154071#primaryimage"},"thumbnailUrl":"https:\/\/lospoliticosveracruz.com\/wp-content\/uploads\/2025\/04\/Alejandro-Aguirre-Guerrero.jpg","datePublished":"2025-10-08T14:27:51+00:00","dateModified":"2025-10-08T14:28:31+00:00","breadcrumb":{"@id":"https:\/\/lospoliticosveracruz.com\/?p=154071#breadcrumb"},"inLanguage":"es","potentialAction":[{"@type":"ReadAction","target":["https:\/\/lospoliticosveracruz.com\/?p=154071"]}]},{"@type":"ImageObject","inLanguage":"es","@id":"https:\/\/lospoliticosveracruz.com\/?p=154071#primaryimage","url":"https:\/\/lospoliticosveracruz.com\/wp-content\/uploads\/2025\/04\/Alejandro-Aguirre-Guerrero.jpg","contentUrl":"https:\/\/lospoliticosveracruz.com\/wp-content\/uploads\/2025\/04\/Alejandro-Aguirre-Guerrero.jpg","width":1250,"height":667},{"@type":"BreadcrumbList","@id":"https:\/\/lospoliticosveracruz.com\/?p=154071#breadcrumb","itemListElement":[{"@type":"ListItem","position":1,"name":"Portada","item":"https:\/\/lospoliticosveracruz.com\/"},{"@type":"ListItem","position":2,"name":"LOS ACOMODOS EN EL EVENTO DEL Z\u00d3CALO"}]},{"@type":"WebSite","@id":"https:\/\/lospoliticosveracruz.com\/#website","url":"https:\/\/lospoliticosveracruz.com\/","name":"Los pol\u00edticos Veracruz","description":"","publisher":{"@id":"https:\/\/lospoliticosveracruz.com\/#organization"},"potentialAction":[{"@type":"SearchAction","target":{"@type":"EntryPoint","urlTemplate":"https:\/\/lospoliticosveracruz.com\/?s={search_term_string}"},"query-input":{"@type":"PropertyValueSpecification","valueRequired":true,"valueName":"search_term_string"}}],"inLanguage":"es"},{"@type":"Organization","@id":"https:\/\/lospoliticosveracruz.com\/#organization","name":"Los pol\u00edticos Veracruz","url":"https:\/\/lospoliticosveracruz.com\/","logo":{"@type":"ImageObject","inLanguage":"es","@id":"https:\/\/lospoliticosveracruz.com\/#\/schema\/logo\/image\/","url":"https:\/\/lospoliticosveracruz.com\/wp-content\/uploads\/2025\/12\/Logo-Nuevo-LOS-POLITICOS-1.jpg","contentUrl":"https:\/\/lospoliticosveracruz.com\/wp-content\/uploads\/2025\/12\/Logo-Nuevo-LOS-POLITICOS-1.jpg","width":260,"height":70,"caption":"Los pol\u00edticos Veracruz"},"image":{"@id":"https:\/\/lospoliticosveracruz.com\/#\/schema\/logo\/image\/"},"sameAs":["https:\/\/www.facebook.com\/people\/Notimemes-de-los-Polticos\/61565672886568\/","https:\/\/x.com\/LosPoliticosVer"]},{"@type":"Person","@id":"https:\/\/lospoliticosveracruz.com\/#\/schema\/person\/b8702bb0e538456e6efd07080bf2a4a2","name":"Lo viste en Los Pol\u00edticos","image":{"@type":"ImageObject","inLanguage":"es","@id":"https:\/\/secure.gravatar.com\/avatar\/3a8de04a2656d44082be478bd6c086daa447c4651605818287b9532d3d0bd435?s=96&d=mm&r=g","url":"https:\/\/secure.gravatar.com\/avatar\/3a8de04a2656d44082be478bd6c086daa447c4651605818287b9532d3d0bd435?s=96&d=mm&r=g","contentUrl":"https:\/\/secure.gravatar.com\/avatar\/3a8de04a2656d44082be478bd6c086daa447c4651605818287b9532d3d0bd435?s=96&d=mm&r=g","caption":"Lo viste en Los Pol\u00edticos"},"url":"https:\/\/lospoliticosveracruz.com\/?author=2"}]}},"_links":{"self":[{"href":"https:\/\/lospoliticosveracruz.com\/index.php?rest_route=\/wp\/v2\/posts\/154071","targetHints":{"allow":["GET"]}}],"collection":[{"href":"https:\/\/lospoliticosveracruz.com\/index.php?rest_route=\/wp\/v2\/posts"}],"about":[{"href":"https:\/\/lospoliticosveracruz.com\/index.php?rest_route=\/wp\/v2\/types\/post"}],"author":[{"embeddable":true,"href":"https:\/\/lospoliticosveracruz.com\/index.php?rest_route=\/wp\/v2\/users\/2"}],"replies":[{"embeddable":true,"href":"https:\/\/lospoliticosveracruz.com\/index.php?rest_route=%2Fwp%2Fv2%2Fcomments&post=154071"}],"version-history":[{"count":1,"href":"https:\/\/lospoliticosveracruz.com\/index.php?rest_route=\/wp\/v2\/posts\/154071\/revisions"}],"predecessor-version":[{"id":154072,"href":"https:\/\/lospoliticosveracruz.com\/index.php?rest_route=\/wp\/v2\/posts\/154071\/revisions\/154072"}],"wp:featuredmedia":[{"embeddable":true,"href":"https:\/\/lospoliticosveracruz.com\/index.php?rest_route=\/wp\/v2\/media\/141373"}],"wp:attachment":[{"href":"https:\/\/lospoliticosveracruz.com\/index.php?rest_route=%2Fwp%2Fv2%2Fmedia&parent=154071"}],"wp:term":[{"taxonomy":"category","embeddable":true,"href":"https:\/\/lospoliticosveracruz.com\/index.php?rest_route=%2Fwp%2Fv2%2Fcategories&post=154071"},{"taxonomy":"post_tag","embeddable":true,"href":"https:\/\/lospoliticosveracruz.com\/index.php?rest_route=%2Fwp%2Fv2%2Ftags&post=154071"}],"curies":[{"name":"wp","href":"https:\/\/api.w.org\/{rel}","templated":true}]}}