{"id":154075,"date":"2025-10-08T09:42:20","date_gmt":"2025-10-08T14:42:20","guid":{"rendered":"https:\/\/lospoliticosveracruz.com.mx\/?p=154075"},"modified":"2025-10-08T09:42:34","modified_gmt":"2025-10-08T14:42:34","slug":"jesuitas-migracion-y-refugiados","status":"publish","type":"post","link":"https:\/\/lospoliticosveracruz.com\/?p=154075","title":{"rendered":"JESUITAS, MIGRACI\u00d3N Y REFUGIADOS"},"content":{"rendered":"\n<p>S\u00edguenos ahora tambi\u00e9n en WhatsApp.\u00a0\u00a1<a href=\"https:\/\/whatsapp.com\/channel\/0029Va8zRWlEKyZIP3Z1dF0e\"><strong>Da clic aqu\u00ed<\/strong><\/a><strong>!<\/strong><\/p>\n\n\n\n<p><strong>Miguel Valera<\/strong><br><em>Contrase\u00f1as<\/em><\/p>\n\n\n\n<p>El 06 y 07 de octubre de este 2025 se llev\u00f3 a cabo en la <strong>IBERO Tijuana<\/strong> el <strong>d\u00e9cimo sexto Foro de Derechos Humanos del Sistema Universitario Jesuita<\/strong>. En este encuentro, que tuve oportunidad de seguir de cerca, se plantearon los retos y desaf\u00edos de la agenda migratoria en el pa\u00eds. M\u00e1s all\u00e1 de las cuentas alegres de las <strong>autoridades federales<\/strong>, el tema fue abordado como un \u201csigno de nuestro tiempo\u201d, como parte de una agenda humanitaria.<\/p>\n\n\n\n<p>\u201cEl fen\u00f3meno migratorio no es s\u00f3lo un tema en la agenda pol\u00edtica ni un apartado en los informes internacionales: es uno de los grandes signos de nuestro tiempo. Son millones de personas que, obligadas por la violencia, la pobreza o la falta de oportunidades, dejan atr\u00e1s sus hogares buscando condiciones de vida dignas y seguras\u201d, plante\u00f3 la <strong>doctora Lorena Giacom\u00e1n Arratia<\/strong>, <strong>Asistente de Educaci\u00f3n de la Compa\u00f1\u00eda de Jes\u00fas<\/strong>.<\/p>\n\n\n\n\n\n<p>\u201cEn la franja norte de <strong>M\u00e9xico<\/strong> esta realidad es visible, cotidiana y urgente: basta caminar unas cuadras de esta sede para encontrar albergues improvisados, familias en espera de cruzar, rostros marcados por el cansancio y a pesar de todo, sostenidos por la esperanza. No se trata s\u00f3lo de cifras ni de conceptos abstractos: son rostros concretos, son ni\u00f1as y ni\u00f1os que sue\u00f1an con una escuela segura, madres que huyen de la violencia, j\u00f3venes que buscan trabajo y comunidades enteras que resisten el despojo de su tierra\u201d.<\/p>\n\n\n\n<p>\u201cSon historias de resiliencia y de fe que nos reclaman mirar con compasi\u00f3n y actuar con justicia. La frontera es un espejo que revela nuestras contradicciones y nos exige transformar las estructuras que generan exclusi\u00f3n e injusticia\u201d, indic\u00f3.<\/p>\n\n\n\n<p>La <strong>Compa\u00f1\u00eda de Jes\u00fas<\/strong>, hay que decirlo con claridad, es una instituci\u00f3n dentro de la <strong>Iglesia Cat\u00f3lica<\/strong>, que ha ido m\u00e1s all\u00e1, en cuanto al compromiso social se refiere. En <strong>Veracruz<\/strong> tuvo una presencia significativa all\u00e1 por los a\u00f1os 90 y sacerdotes, como <strong>David Fern\u00e1ndez D\u00e1valos<\/strong> o <strong>Alfredo Zepeda Gonz\u00e1lez<\/strong>, se dedicaron a mover conciencias lo mismo en <strong>Xalapa<\/strong> que en la sierra de <strong>Huayacocotla<\/strong>.<\/p>\n\n\n\n<p><strong>Fern\u00e1ndez D\u00e1valos<\/strong> fue despu\u00e9s <strong>director del Centro de Derechos Humanos Miguel Agust\u00edn Pro Ju\u00e1rez<\/strong>, <strong>rector de la Universidad Iberoamericana<\/strong> sedes <strong>Ciudad de M\u00e9xico<\/strong> y <strong>Puebla<\/strong>, as\u00ed como del <strong>Instituto Tecnol\u00f3gico y de Estudios Superiores de Occidente (ITESO)<\/strong>. En esa \u00e9poca cre\u00f3 en <strong>Xalapa<\/strong> el <strong>Movimiento de Apoyo a Ni\u00f1os Trabajadores y de la Calle (MATRACA)<\/strong> y su activismo molest\u00f3 al entonces <strong>Secretario de Gobierno Miguel \u00c1ngel Yunes Linares<\/strong>, quien le puso marcaje personal.<\/p>\n\n\n\n<p>Lo mismo ocurri\u00f3 con el <strong>padre Alfredo Zepeda<\/strong>, miembro del <strong>Proyecto Sierra Norte de Huayacocotla<\/strong>, que acompa\u00f1\u00f3 a los pueblos <strong>n\u00e1huatl<\/strong>, <strong>otom\u00ed<\/strong> y <strong>tepehua<\/strong>, con gran influencia social e ideol\u00f3gica a trav\u00e9s de la radio <strong>La Voz Campesina<\/strong>. El <strong>gobierno<\/strong> de esa \u00e9poca hizo todo lo posible por quitar la concesi\u00f3n radiof\u00f3nica a la <strong>Compa\u00f1\u00eda de Jes\u00fas<\/strong> y desmantelar el proyecto que buscaba mejorar la vida de los ind\u00edgenas, haci\u00e9ndolos protagonistas de su historia y desarrollo.<\/p>\n\n\n\n<p>\u201cHoy \u2014a\u00f1adi\u00f3 la <strong>doctora Lorena Giacom\u00e1n Arratia<\/strong>\u2014 nos convoca este foro que se propone como un espacio de di\u00e1logo profundo y cr\u00edtico sobre la migraci\u00f3n, una de las realidades m\u00e1s urgentes y estrat\u00e9gicas para <strong>M\u00e9xico<\/strong> y para el mudo. Es tambi\u00e9n un lugar de reflexi\u00f3n colectiva, en el que diversas voces y saberes se entrelazan para proponer alternativas que respondan a la urgencia de este momento. La relevancia de reunirnos aqu\u00ed est\u00e1 en que <strong>M\u00e9xico<\/strong> es hoy un <strong>pa\u00eds de origen, tr\u00e1nsito, destino y retorno<\/strong> de personas migrantes; un punto neur\u00e1lgico donde se ponen a prueba las <strong>pol\u00edticas p\u00fablicas<\/strong>, el compromiso social y la capacidad de construir respuestas que pongan en el centro la <strong>dignidad humana<\/strong>\u201d.<\/p>\n\n\n\n<p>\u201cEn este espacio fortalecemos lazos con quienes comparten nuestra preocupaci\u00f3n \u2014instituciones, asociaciones, comunidades y colectivos\u2014 porque estamos convencidas y convencidos de que nadie se salva solo. En este encuentro buscamos renovar la misi\u00f3n de nuestras <strong>universidades jesuitas<\/strong>: estar al lado de quienes son m\u00e1s vulnerados, acompa\u00f1ar sus luchas y comprometernos con la transformaci\u00f3n de las estructuras que generan dolor e injusticia\u201d.<\/p>\n\n\n\n<p>En <strong>M\u00e9xico<\/strong>, tambi\u00e9n se dijo ah\u00ed, la <strong>Compa\u00f1\u00eda de Jes\u00fas<\/strong> ha asumido como parte esencial de su misi\u00f3n acompa\u00f1ar a las personas migrantes a trav\u00e9s del <strong>Servicio Jesuita a Refugiados M\u00e9xico<\/strong>, albergues, <strong>centros de derechos humanos<\/strong>, redes de incidencia y por supuesto de sus <strong>Universidades<\/strong> por medio de instancias como la <strong>Comisi\u00f3n Sist\u00e9mica con Migrantes<\/strong>.<\/p>\n\n\n\n<p>\u201cEsta <strong>Asamblea<\/strong> nos recuerda que no hay defensa de <strong>derechos humanos<\/strong> sin defensa de la cultura, la lengua, el territorio y la memoria de los <strong>pueblos originarios<\/strong>. Hoy, al reconocerles, tambi\u00e9n renovamos nuestro compromiso: no basta con aplaudir su lucha, es necesario caminar a su lado, aprender de su sabidur\u00eda comunitaria y poner nuestros recursos <strong>acad\u00e9micos<\/strong>, <strong>t\u00e9cnicos<\/strong> y <strong>humanos<\/strong> al servicio de su causa. La estatuilla que entregamos no es s\u00f3lo un s\u00edmbolo; es un testimonio de corresponsabilidad y un puente para seguir trabajando juntas y juntos\u201d, concluy\u00f3 <strong>Lorena Giacom\u00e1n Arratia<\/strong>.<\/p>\n\n\n\n<p>@MValeraH<\/p>\n","protected":false},"excerpt":{"rendered":"<p>Miguel ValeraContrase\u00f1as El 06 y 07 de octubre de este 2025 se llev\u00f3 a cabo en la IBERO Tijuana el d\u00e9cimo sexto Foro de Derechos Humanos del Sistema Universitario Jesuita. En este encuentro, que tuve oportunidad de seguir de cerca, se plantearon los retos y desaf\u00edos de la agenda migratoria en el pa\u00eds. M\u00e1s all\u00e1 [&hellip;]<\/p>\n","protected":false},"author":2,"featured_media":141429,"comment_status":"closed","ping_status":"closed","sticky":false,"template":"","format":"standard","meta":{"tdm_status":"","tdm_grid_status":"","footnotes":""},"categories":[70],"tags":[46454,46453,46455,46451,46452],"class_list":{"0":"post-154075","1":"post","2":"type-post","3":"status-publish","4":"format-standard","5":"has-post-thumbnail","7":"category-de-opinion","8":"tag-compania-de-jesus","9":"tag-ibero-tijuana","10":"tag-migracion-en-mexico","11":"tag-servicio-jesuita-a-refugiados-mexico","12":"tag-sistema-universitario-jesuita"},"yoast_head":"<!-- This site is optimized with the Yoast SEO plugin v27.4 - https:\/\/yoast.com\/product\/yoast-seo-wordpress\/ -->\n<title>JESUITAS, MIGRACI\u00d3N Y REFUGIADOS - Los pol\u00edticos Veracruz<\/title>\n<meta name=\"robots\" content=\"index, follow, max-snippet:-1, max-image-preview:large, max-video-preview:-1\" \/>\n<link rel=\"canonical\" href=\"https:\/\/lospoliticosveracruz.com\/?p=154075\" \/>\n<meta property=\"og:locale\" content=\"es_ES\" \/>\n<meta property=\"og:type\" content=\"article\" \/>\n<meta property=\"og:title\" content=\"JESUITAS, MIGRACI\u00d3N Y REFUGIADOS - Los pol\u00edticos Veracruz\" \/>\n<meta property=\"og:description\" content=\"Miguel ValeraContrase\u00f1as El 06 y 07 de octubre de este 2025 se llev\u00f3 a cabo en la IBERO Tijuana el d\u00e9cimo sexto Foro de Derechos Humanos del Sistema Universitario Jesuita. En este encuentro, que tuve oportunidad de seguir de cerca, se plantearon los retos y desaf\u00edos de la agenda migratoria en el pa\u00eds. M\u00e1s all\u00e1 [&hellip;]\" \/>\n<meta property=\"og:url\" content=\"https:\/\/lospoliticosveracruz.com\/?p=154075\" \/>\n<meta property=\"og:site_name\" content=\"Los pol\u00edticos Veracruz\" \/>\n<meta property=\"article:publisher\" content=\"https:\/\/www.facebook.com\/people\/Notimemes-de-los-Polticos\/61565672886568\/\" \/>\n<meta property=\"article:published_time\" content=\"2025-10-08T14:42:20+00:00\" \/>\n<meta property=\"article:modified_time\" content=\"2025-10-08T14:42:34+00:00\" \/>\n<meta property=\"og:image\" content=\"https:\/\/lospoliticosveracruz.com\/wp-content\/uploads\/2025\/04\/Miguel-Valera.jpg\" \/>\n\t<meta property=\"og:image:width\" content=\"1250\" \/>\n\t<meta property=\"og:image:height\" content=\"667\" \/>\n\t<meta property=\"og:image:type\" content=\"image\/jpeg\" \/>\n<meta name=\"author\" content=\"Lo viste en Los Pol\u00edticos\" \/>\n<meta name=\"twitter:card\" content=\"summary_large_image\" \/>\n<meta name=\"twitter:creator\" content=\"@LosPoliticosVer\" \/>\n<meta name=\"twitter:site\" content=\"@LosPoliticosVer\" \/>\n<meta name=\"twitter:label1\" content=\"Escrito por\" \/>\n\t<meta name=\"twitter:data1\" content=\"Lo viste en Los Pol\u00edticos\" \/>\n\t<meta name=\"twitter:label2\" content=\"Tiempo de lectura\" \/>\n\t<meta name=\"twitter:data2\" content=\"4 minutos\" \/>\n<script type=\"application\/ld+json\" class=\"yoast-schema-graph\">{\"@context\":\"https:\\\/\\\/schema.org\",\"@graph\":[{\"@type\":\"Article\",\"@id\":\"https:\\\/\\\/lospoliticosveracruz.com\\\/?p=154075#article\",\"isPartOf\":{\"@id\":\"https:\\\/\\\/lospoliticosveracruz.com\\\/?p=154075\"},\"author\":{\"name\":\"Lo viste en Los Pol\u00edticos\",\"@id\":\"https:\\\/\\\/lospoliticosveracruz.com\\\/#\\\/schema\\\/person\\\/b8702bb0e538456e6efd07080bf2a4a2\"},\"headline\":\"JESUITAS, MIGRACI\u00d3N Y REFUGIADOS\",\"datePublished\":\"2025-10-08T14:42:20+00:00\",\"dateModified\":\"2025-10-08T14:42:34+00:00\",\"mainEntityOfPage\":{\"@id\":\"https:\\\/\\\/lospoliticosveracruz.com\\\/?p=154075\"},\"wordCount\":897,\"publisher\":{\"@id\":\"https:\\\/\\\/lospoliticosveracruz.com\\\/#organization\"},\"image\":{\"@id\":\"https:\\\/\\\/lospoliticosveracruz.com\\\/?p=154075#primaryimage\"},\"thumbnailUrl\":\"https:\\\/\\\/lospoliticosveracruz.com\\\/wp-content\\\/uploads\\\/2025\\\/04\\\/Miguel-Valera.jpg\",\"keywords\":[\"Compa\u00f1\u00eda de Jes\u00fas\",\"IBERO Tijuana\",\"migraci\u00f3n en M\u00e9xico.\",\"Servicio Jesuita a Refugiados M\u00e9xico\",\"Sistema Universitario Jesuita\"],\"articleSection\":[\"De Opini\u00f3n\"],\"inLanguage\":\"es\"},{\"@type\":\"WebPage\",\"@id\":\"https:\\\/\\\/lospoliticosveracruz.com\\\/?p=154075\",\"url\":\"https:\\\/\\\/lospoliticosveracruz.com\\\/?p=154075\",\"name\":\"JESUITAS, MIGRACI\u00d3N Y REFUGIADOS - Los pol\u00edticos Veracruz\",\"isPartOf\":{\"@id\":\"https:\\\/\\\/lospoliticosveracruz.com\\\/#website\"},\"primaryImageOfPage\":{\"@id\":\"https:\\\/\\\/lospoliticosveracruz.com\\\/?p=154075#primaryimage\"},\"image\":{\"@id\":\"https:\\\/\\\/lospoliticosveracruz.com\\\/?p=154075#primaryimage\"},\"thumbnailUrl\":\"https:\\\/\\\/lospoliticosveracruz.com\\\/wp-content\\\/uploads\\\/2025\\\/04\\\/Miguel-Valera.jpg\",\"datePublished\":\"2025-10-08T14:42:20+00:00\",\"dateModified\":\"2025-10-08T14:42:34+00:00\",\"breadcrumb\":{\"@id\":\"https:\\\/\\\/lospoliticosveracruz.com\\\/?p=154075#breadcrumb\"},\"inLanguage\":\"es\",\"potentialAction\":[{\"@type\":\"ReadAction\",\"target\":[\"https:\\\/\\\/lospoliticosveracruz.com\\\/?p=154075\"]}]},{\"@type\":\"ImageObject\",\"inLanguage\":\"es\",\"@id\":\"https:\\\/\\\/lospoliticosveracruz.com\\\/?p=154075#primaryimage\",\"url\":\"https:\\\/\\\/lospoliticosveracruz.com\\\/wp-content\\\/uploads\\\/2025\\\/04\\\/Miguel-Valera.jpg\",\"contentUrl\":\"https:\\\/\\\/lospoliticosveracruz.com\\\/wp-content\\\/uploads\\\/2025\\\/04\\\/Miguel-Valera.jpg\",\"width\":1250,\"height\":667},{\"@type\":\"BreadcrumbList\",\"@id\":\"https:\\\/\\\/lospoliticosveracruz.com\\\/?p=154075#breadcrumb\",\"itemListElement\":[{\"@type\":\"ListItem\",\"position\":1,\"name\":\"Portada\",\"item\":\"https:\\\/\\\/lospoliticosveracruz.com\\\/\"},{\"@type\":\"ListItem\",\"position\":2,\"name\":\"JESUITAS, MIGRACI\u00d3N Y REFUGIADOS\"}]},{\"@type\":\"WebSite\",\"@id\":\"https:\\\/\\\/lospoliticosveracruz.com\\\/#website\",\"url\":\"https:\\\/\\\/lospoliticosveracruz.com\\\/\",\"name\":\"Los pol\u00edticos Veracruz\",\"description\":\"\",\"publisher\":{\"@id\":\"https:\\\/\\\/lospoliticosveracruz.com\\\/#organization\"},\"potentialAction\":[{\"@type\":\"SearchAction\",\"target\":{\"@type\":\"EntryPoint\",\"urlTemplate\":\"https:\\\/\\\/lospoliticosveracruz.com\\\/?s={search_term_string}\"},\"query-input\":{\"@type\":\"PropertyValueSpecification\",\"valueRequired\":true,\"valueName\":\"search_term_string\"}}],\"inLanguage\":\"es\"},{\"@type\":\"Organization\",\"@id\":\"https:\\\/\\\/lospoliticosveracruz.com\\\/#organization\",\"name\":\"Los pol\u00edticos Veracruz\",\"url\":\"https:\\\/\\\/lospoliticosveracruz.com\\\/\",\"logo\":{\"@type\":\"ImageObject\",\"inLanguage\":\"es\",\"@id\":\"https:\\\/\\\/lospoliticosveracruz.com\\\/#\\\/schema\\\/logo\\\/image\\\/\",\"url\":\"https:\\\/\\\/lospoliticosveracruz.com\\\/wp-content\\\/uploads\\\/2025\\\/12\\\/Logo-Nuevo-LOS-POLITICOS-1.jpg\",\"contentUrl\":\"https:\\\/\\\/lospoliticosveracruz.com\\\/wp-content\\\/uploads\\\/2025\\\/12\\\/Logo-Nuevo-LOS-POLITICOS-1.jpg\",\"width\":260,\"height\":70,\"caption\":\"Los pol\u00edticos Veracruz\"},\"image\":{\"@id\":\"https:\\\/\\\/lospoliticosveracruz.com\\\/#\\\/schema\\\/logo\\\/image\\\/\"},\"sameAs\":[\"https:\\\/\\\/www.facebook.com\\\/people\\\/Notimemes-de-los-Polticos\\\/61565672886568\\\/\",\"https:\\\/\\\/x.com\\\/LosPoliticosVer\"]},{\"@type\":\"Person\",\"@id\":\"https:\\\/\\\/lospoliticosveracruz.com\\\/#\\\/schema\\\/person\\\/b8702bb0e538456e6efd07080bf2a4a2\",\"name\":\"Lo viste en Los Pol\u00edticos\",\"image\":{\"@type\":\"ImageObject\",\"inLanguage\":\"es\",\"@id\":\"https:\\\/\\\/secure.gravatar.com\\\/avatar\\\/3a8de04a2656d44082be478bd6c086daa447c4651605818287b9532d3d0bd435?s=96&d=mm&r=g\",\"url\":\"https:\\\/\\\/secure.gravatar.com\\\/avatar\\\/3a8de04a2656d44082be478bd6c086daa447c4651605818287b9532d3d0bd435?s=96&d=mm&r=g\",\"contentUrl\":\"https:\\\/\\\/secure.gravatar.com\\\/avatar\\\/3a8de04a2656d44082be478bd6c086daa447c4651605818287b9532d3d0bd435?s=96&d=mm&r=g\",\"caption\":\"Lo viste en Los Pol\u00edticos\"},\"url\":\"https:\\\/\\\/lospoliticosveracruz.com\\\/?author=2\"}]}<\/script>\n<!-- \/ Yoast SEO plugin. -->","yoast_head_json":{"title":"JESUITAS, MIGRACI\u00d3N Y REFUGIADOS - Los pol\u00edticos Veracruz","robots":{"index":"index","follow":"follow","max-snippet":"max-snippet:-1","max-image-preview":"max-image-preview:large","max-video-preview":"max-video-preview:-1"},"canonical":"https:\/\/lospoliticosveracruz.com\/?p=154075","og_locale":"es_ES","og_type":"article","og_title":"JESUITAS, MIGRACI\u00d3N Y REFUGIADOS - Los pol\u00edticos Veracruz","og_description":"Miguel ValeraContrase\u00f1as El 06 y 07 de octubre de este 2025 se llev\u00f3 a cabo en la IBERO Tijuana el d\u00e9cimo sexto Foro de Derechos Humanos del Sistema Universitario Jesuita. En este encuentro, que tuve oportunidad de seguir de cerca, se plantearon los retos y desaf\u00edos de la agenda migratoria en el pa\u00eds. M\u00e1s all\u00e1 [&hellip;]","og_url":"https:\/\/lospoliticosveracruz.com\/?p=154075","og_site_name":"Los pol\u00edticos Veracruz","article_publisher":"https:\/\/www.facebook.com\/people\/Notimemes-de-los-Polticos\/61565672886568\/","article_published_time":"2025-10-08T14:42:20+00:00","article_modified_time":"2025-10-08T14:42:34+00:00","og_image":[{"width":1250,"height":667,"url":"https:\/\/lospoliticosveracruz.com\/wp-content\/uploads\/2025\/04\/Miguel-Valera.jpg","type":"image\/jpeg"}],"author":"Lo viste en Los Pol\u00edticos","twitter_card":"summary_large_image","twitter_creator":"@LosPoliticosVer","twitter_site":"@LosPoliticosVer","twitter_misc":{"Escrito por":"Lo viste en Los Pol\u00edticos","Tiempo de lectura":"4 minutos"},"schema":{"@context":"https:\/\/schema.org","@graph":[{"@type":"Article","@id":"https:\/\/lospoliticosveracruz.com\/?p=154075#article","isPartOf":{"@id":"https:\/\/lospoliticosveracruz.com\/?p=154075"},"author":{"name":"Lo viste en Los Pol\u00edticos","@id":"https:\/\/lospoliticosveracruz.com\/#\/schema\/person\/b8702bb0e538456e6efd07080bf2a4a2"},"headline":"JESUITAS, MIGRACI\u00d3N Y REFUGIADOS","datePublished":"2025-10-08T14:42:20+00:00","dateModified":"2025-10-08T14:42:34+00:00","mainEntityOfPage":{"@id":"https:\/\/lospoliticosveracruz.com\/?p=154075"},"wordCount":897,"publisher":{"@id":"https:\/\/lospoliticosveracruz.com\/#organization"},"image":{"@id":"https:\/\/lospoliticosveracruz.com\/?p=154075#primaryimage"},"thumbnailUrl":"https:\/\/lospoliticosveracruz.com\/wp-content\/uploads\/2025\/04\/Miguel-Valera.jpg","keywords":["Compa\u00f1\u00eda de Jes\u00fas","IBERO Tijuana","migraci\u00f3n en M\u00e9xico.","Servicio Jesuita a Refugiados M\u00e9xico","Sistema Universitario Jesuita"],"articleSection":["De Opini\u00f3n"],"inLanguage":"es"},{"@type":"WebPage","@id":"https:\/\/lospoliticosveracruz.com\/?p=154075","url":"https:\/\/lospoliticosveracruz.com\/?p=154075","name":"JESUITAS, MIGRACI\u00d3N Y REFUGIADOS - Los pol\u00edticos Veracruz","isPartOf":{"@id":"https:\/\/lospoliticosveracruz.com\/#website"},"primaryImageOfPage":{"@id":"https:\/\/lospoliticosveracruz.com\/?p=154075#primaryimage"},"image":{"@id":"https:\/\/lospoliticosveracruz.com\/?p=154075#primaryimage"},"thumbnailUrl":"https:\/\/lospoliticosveracruz.com\/wp-content\/uploads\/2025\/04\/Miguel-Valera.jpg","datePublished":"2025-10-08T14:42:20+00:00","dateModified":"2025-10-08T14:42:34+00:00","breadcrumb":{"@id":"https:\/\/lospoliticosveracruz.com\/?p=154075#breadcrumb"},"inLanguage":"es","potentialAction":[{"@type":"ReadAction","target":["https:\/\/lospoliticosveracruz.com\/?p=154075"]}]},{"@type":"ImageObject","inLanguage":"es","@id":"https:\/\/lospoliticosveracruz.com\/?p=154075#primaryimage","url":"https:\/\/lospoliticosveracruz.com\/wp-content\/uploads\/2025\/04\/Miguel-Valera.jpg","contentUrl":"https:\/\/lospoliticosveracruz.com\/wp-content\/uploads\/2025\/04\/Miguel-Valera.jpg","width":1250,"height":667},{"@type":"BreadcrumbList","@id":"https:\/\/lospoliticosveracruz.com\/?p=154075#breadcrumb","itemListElement":[{"@type":"ListItem","position":1,"name":"Portada","item":"https:\/\/lospoliticosveracruz.com\/"},{"@type":"ListItem","position":2,"name":"JESUITAS, MIGRACI\u00d3N Y REFUGIADOS"}]},{"@type":"WebSite","@id":"https:\/\/lospoliticosveracruz.com\/#website","url":"https:\/\/lospoliticosveracruz.com\/","name":"Los pol\u00edticos Veracruz","description":"","publisher":{"@id":"https:\/\/lospoliticosveracruz.com\/#organization"},"potentialAction":[{"@type":"SearchAction","target":{"@type":"EntryPoint","urlTemplate":"https:\/\/lospoliticosveracruz.com\/?s={search_term_string}"},"query-input":{"@type":"PropertyValueSpecification","valueRequired":true,"valueName":"search_term_string"}}],"inLanguage":"es"},{"@type":"Organization","@id":"https:\/\/lospoliticosveracruz.com\/#organization","name":"Los pol\u00edticos Veracruz","url":"https:\/\/lospoliticosveracruz.com\/","logo":{"@type":"ImageObject","inLanguage":"es","@id":"https:\/\/lospoliticosveracruz.com\/#\/schema\/logo\/image\/","url":"https:\/\/lospoliticosveracruz.com\/wp-content\/uploads\/2025\/12\/Logo-Nuevo-LOS-POLITICOS-1.jpg","contentUrl":"https:\/\/lospoliticosveracruz.com\/wp-content\/uploads\/2025\/12\/Logo-Nuevo-LOS-POLITICOS-1.jpg","width":260,"height":70,"caption":"Los pol\u00edticos Veracruz"},"image":{"@id":"https:\/\/lospoliticosveracruz.com\/#\/schema\/logo\/image\/"},"sameAs":["https:\/\/www.facebook.com\/people\/Notimemes-de-los-Polticos\/61565672886568\/","https:\/\/x.com\/LosPoliticosVer"]},{"@type":"Person","@id":"https:\/\/lospoliticosveracruz.com\/#\/schema\/person\/b8702bb0e538456e6efd07080bf2a4a2","name":"Lo viste en Los Pol\u00edticos","image":{"@type":"ImageObject","inLanguage":"es","@id":"https:\/\/secure.gravatar.com\/avatar\/3a8de04a2656d44082be478bd6c086daa447c4651605818287b9532d3d0bd435?s=96&d=mm&r=g","url":"https:\/\/secure.gravatar.com\/avatar\/3a8de04a2656d44082be478bd6c086daa447c4651605818287b9532d3d0bd435?s=96&d=mm&r=g","contentUrl":"https:\/\/secure.gravatar.com\/avatar\/3a8de04a2656d44082be478bd6c086daa447c4651605818287b9532d3d0bd435?s=96&d=mm&r=g","caption":"Lo viste en Los Pol\u00edticos"},"url":"https:\/\/lospoliticosveracruz.com\/?author=2"}]}},"_links":{"self":[{"href":"https:\/\/lospoliticosveracruz.com\/index.php?rest_route=\/wp\/v2\/posts\/154075","targetHints":{"allow":["GET"]}}],"collection":[{"href":"https:\/\/lospoliticosveracruz.com\/index.php?rest_route=\/wp\/v2\/posts"}],"about":[{"href":"https:\/\/lospoliticosveracruz.com\/index.php?rest_route=\/wp\/v2\/types\/post"}],"author":[{"embeddable":true,"href":"https:\/\/lospoliticosveracruz.com\/index.php?rest_route=\/wp\/v2\/users\/2"}],"replies":[{"embeddable":true,"href":"https:\/\/lospoliticosveracruz.com\/index.php?rest_route=%2Fwp%2Fv2%2Fcomments&post=154075"}],"version-history":[{"count":1,"href":"https:\/\/lospoliticosveracruz.com\/index.php?rest_route=\/wp\/v2\/posts\/154075\/revisions"}],"predecessor-version":[{"id":154076,"href":"https:\/\/lospoliticosveracruz.com\/index.php?rest_route=\/wp\/v2\/posts\/154075\/revisions\/154076"}],"wp:featuredmedia":[{"embeddable":true,"href":"https:\/\/lospoliticosveracruz.com\/index.php?rest_route=\/wp\/v2\/media\/141429"}],"wp:attachment":[{"href":"https:\/\/lospoliticosveracruz.com\/index.php?rest_route=%2Fwp%2Fv2%2Fmedia&parent=154075"}],"wp:term":[{"taxonomy":"category","embeddable":true,"href":"https:\/\/lospoliticosveracruz.com\/index.php?rest_route=%2Fwp%2Fv2%2Fcategories&post=154075"},{"taxonomy":"post_tag","embeddable":true,"href":"https:\/\/lospoliticosveracruz.com\/index.php?rest_route=%2Fwp%2Fv2%2Ftags&post=154075"}],"curies":[{"name":"wp","href":"https:\/\/api.w.org\/{rel}","templated":true}]}}