{"id":154120,"date":"2025-10-08T14:34:31","date_gmt":"2025-10-08T19:34:31","guid":{"rendered":"https:\/\/lospoliticosveracruz.com.mx\/?p=154120"},"modified":"2025-10-08T14:34:42","modified_gmt":"2025-10-08T19:34:42","slug":"para-que-no-haya-pretextos","status":"publish","type":"post","link":"https:\/\/lospoliticosveracruz.com\/?p=154120","title":{"rendered":"PARA QUE NO HAYA PRETEXTOS"},"content":{"rendered":"\n<p><\/p>\n\n\n\n<p>S\u00edguenos ahora tambi\u00e9n en WhatsApp.\u00a0\u00a1<a href=\"https:\/\/whatsapp.com\/channel\/0029Va8zRWlEKyZIP3Z1dF0e\"><strong>Da clic aqu\u00ed<\/strong><\/a><strong>!<\/strong><\/p>\n\n\n\n<p><strong>Isabel Ortega<\/strong><\/p>\n\n\n\n<p>La diputada local Tanya Carola Viveros Ch\u00e1zaro afirm\u00f3 que la interrupci\u00f3n legal del embarazo (ILE) es un tema de salud p\u00fablica y un derecho que debe garantizarse plenamente para todas las mujeres veracruzanas.<\/p>\n\n\n\n\n\n<p>Reconoci\u00f3 que la legislaci\u00f3n actual permite interpretaciones ambiguas, lo que ha generado obst\u00e1culos para acceder al aborto legal. Por ello, anunci\u00f3 que desde el Congreso local se impulsar\u00e1 una reforma a la Ley de Salud y a otras normas vigentes con el objetivo de dejar claro el derecho de las mujeres a interrumpir el embarazo antes de las 12 semanas de gestaci\u00f3n.<\/p>\n\n\n\n<p>\u201cQueremos clarificarlo por si no se hab\u00eda entendido. D\u00e9jennos trabajarlo para exponerlo con precisi\u00f3n\u201d, declar\u00f3 la legisladora de Morena.<\/p>\n\n\n\n<p>La diputada respondi\u00f3 as\u00ed a declaraciones previas del titular de la Secretar\u00eda de Salud, Valent\u00edn Herrera Alarc\u00f3n, quien en septiembre evit\u00f3 pronunciarse sobre las quejas de colectivas feministas que acusan que el Estado no garantiza la pr\u00e1ctica de la ILE en los hospitales p\u00fablicos.<\/p>\n\n\n\n<p>Viveros Ch\u00e1zaro se\u00f1al\u00f3 que la falta de acceso, especialmente en casos de embarazos en ni\u00f1as y adolescentes, es resultado de m\u00faltiples factores institucionales y culturales. Por ello, consider\u00f3 indispensable nombrar el problema y reformar la ley para eliminar cualquier duda sobre el derecho a decidir.<\/p>\n\n\n\n<p>Tambi\u00e9n adelant\u00f3 que se analiza incluir sanciones o amonestaciones para el personal m\u00e9dico que no informe a las mujeres y ni\u00f1as sobre la posibilidad de interrumpir legalmente un embarazo.<\/p>\n\n\n\n<p>Embarazos infantiles en Veracruz<\/p>\n\n\n\n<p>De acuerdo con la asociaci\u00f3n Equifon\u00eda, en 2024 se registraron 621 partos en ni\u00f1as de entre 10 y 14 a\u00f1os, quienes no tuvieron acceso a la Interrupci\u00f3n Voluntaria del Embarazo (IVE).<\/p>\n\n\n\n<p>Solo 72 ni\u00f1as y adolescentes dentro de ese rango pudieron acceder al procedimiento, lo que representa apenas el 1.7 por ciento del total de embarazos infantiles.<\/p>\n\n\n\n<p>Datos de la Direcci\u00f3n General de Informaci\u00f3n en Salud (DGIS) detallan que, de esos casos, el 56% se practic\u00f3 mediante Legrado Uterino Instrumental (LUI); el 32% por Aspiraci\u00f3n Manual Endouterina (AMEU); y el 12% restante con medicamentos u otros m\u00e9todos no especificados.<\/p>\n","protected":false},"excerpt":{"rendered":"<p>Isabel Ortega La diputada local Tanya Carola Viveros Ch\u00e1zaro afirm\u00f3 que la interrupci\u00f3n legal del embarazo (ILE) es un tema de salud p\u00fablica y un derecho que debe garantizarse plenamente para todas las mujeres veracruzanas. Reconoci\u00f3 que la legislaci\u00f3n actual permite interpretaciones ambiguas, lo que ha generado obst\u00e1culos para acceder al aborto legal. Por ello, [&hellip;]<\/p>\n","protected":false},"author":2,"featured_media":146891,"comment_status":"closed","ping_status":"closed","sticky":false,"template":"","format":"standard","meta":{"tdm_status":"","tdm_grid_status":"","footnotes":""},"categories":[6446],"tags":[46468,46467,45044,6666],"class_list":{"0":"post-154120","1":"post","2":"type-post","3":"status-publish","4":"format-standard","5":"has-post-thumbnail","7":"category-la-nota","8":"tag-ile-veracruz","9":"tag-ley-de-salud-veracruz","10":"tag-secretaria-de-salud-veracruz","11":"tag-tanya-carola-viveros-chazaro"},"yoast_head":"<!-- This site is optimized with the Yoast SEO plugin v27.4 - https:\/\/yoast.com\/product\/yoast-seo-wordpress\/ -->\n<title>PARA QUE NO HAYA PRETEXTOS - Los pol\u00edticos Veracruz<\/title>\n<meta name=\"robots\" content=\"index, follow, max-snippet:-1, max-image-preview:large, max-video-preview:-1\" \/>\n<link rel=\"canonical\" href=\"https:\/\/lospoliticosveracruz.com\/?p=154120\" \/>\n<meta property=\"og:locale\" content=\"es_ES\" \/>\n<meta property=\"og:type\" content=\"article\" \/>\n<meta property=\"og:title\" content=\"PARA QUE NO HAYA PRETEXTOS - Los pol\u00edticos Veracruz\" \/>\n<meta property=\"og:description\" content=\"Isabel Ortega La diputada local Tanya Carola Viveros Ch\u00e1zaro afirm\u00f3 que la interrupci\u00f3n legal del embarazo (ILE) es un tema de salud p\u00fablica y un derecho que debe garantizarse plenamente para todas las mujeres veracruzanas. Reconoci\u00f3 que la legislaci\u00f3n actual permite interpretaciones ambiguas, lo que ha generado obst\u00e1culos para acceder al aborto legal. Por ello, [&hellip;]\" \/>\n<meta property=\"og:url\" content=\"https:\/\/lospoliticosveracruz.com\/?p=154120\" \/>\n<meta property=\"og:site_name\" content=\"Los pol\u00edticos Veracruz\" \/>\n<meta property=\"article:publisher\" content=\"https:\/\/www.facebook.com\/people\/Notimemes-de-los-Polticos\/61565672886568\/\" \/>\n<meta property=\"article:published_time\" content=\"2025-10-08T19:34:31+00:00\" \/>\n<meta property=\"article:modified_time\" content=\"2025-10-08T19:34:42+00:00\" \/>\n<meta property=\"og:image\" content=\"https:\/\/lospoliticosveracruz.com\/wp-content\/uploads\/2025\/06\/Tania.jpeg\" \/>\n\t<meta property=\"og:image:width\" content=\"600\" \/>\n\t<meta property=\"og:image:height\" content=\"320\" \/>\n\t<meta property=\"og:image:type\" content=\"image\/jpeg\" \/>\n<meta name=\"author\" content=\"Lo viste en Los Pol\u00edticos\" \/>\n<meta name=\"twitter:card\" content=\"summary_large_image\" \/>\n<meta name=\"twitter:creator\" content=\"@LosPoliticosVer\" \/>\n<meta name=\"twitter:site\" content=\"@LosPoliticosVer\" \/>\n<meta name=\"twitter:label1\" content=\"Escrito por\" \/>\n\t<meta name=\"twitter:data1\" content=\"Lo viste en Los Pol\u00edticos\" \/>\n\t<meta name=\"twitter:label2\" content=\"Tiempo de lectura\" \/>\n\t<meta name=\"twitter:data2\" content=\"2 minutos\" \/>\n<script type=\"application\/ld+json\" class=\"yoast-schema-graph\">{\"@context\":\"https:\\\/\\\/schema.org\",\"@graph\":[{\"@type\":\"Article\",\"@id\":\"https:\\\/\\\/lospoliticosveracruz.com\\\/?p=154120#article\",\"isPartOf\":{\"@id\":\"https:\\\/\\\/lospoliticosveracruz.com\\\/?p=154120\"},\"author\":{\"name\":\"Lo viste en Los Pol\u00edticos\",\"@id\":\"https:\\\/\\\/lospoliticosveracruz.com\\\/#\\\/schema\\\/person\\\/b8702bb0e538456e6efd07080bf2a4a2\"},\"headline\":\"PARA QUE NO HAYA PRETEXTOS\",\"datePublished\":\"2025-10-08T19:34:31+00:00\",\"dateModified\":\"2025-10-08T19:34:42+00:00\",\"mainEntityOfPage\":{\"@id\":\"https:\\\/\\\/lospoliticosveracruz.com\\\/?p=154120\"},\"wordCount\":363,\"publisher\":{\"@id\":\"https:\\\/\\\/lospoliticosveracruz.com\\\/#organization\"},\"image\":{\"@id\":\"https:\\\/\\\/lospoliticosveracruz.com\\\/?p=154120#primaryimage\"},\"thumbnailUrl\":\"https:\\\/\\\/lospoliticosveracruz.com\\\/wp-content\\\/uploads\\\/2025\\\/06\\\/Tania.jpeg\",\"keywords\":[\"ILE Veracruz\",\"Ley de Salud Veracruz\",\"Secretar\u00eda de Salud Veracruz\",\"Tanya Carola Viveros Ch\u00e1zaro\"],\"articleSection\":[\"La Nota\"],\"inLanguage\":\"es\"},{\"@type\":\"WebPage\",\"@id\":\"https:\\\/\\\/lospoliticosveracruz.com\\\/?p=154120\",\"url\":\"https:\\\/\\\/lospoliticosveracruz.com\\\/?p=154120\",\"name\":\"PARA QUE NO HAYA PRETEXTOS - Los pol\u00edticos Veracruz\",\"isPartOf\":{\"@id\":\"https:\\\/\\\/lospoliticosveracruz.com\\\/#website\"},\"primaryImageOfPage\":{\"@id\":\"https:\\\/\\\/lospoliticosveracruz.com\\\/?p=154120#primaryimage\"},\"image\":{\"@id\":\"https:\\\/\\\/lospoliticosveracruz.com\\\/?p=154120#primaryimage\"},\"thumbnailUrl\":\"https:\\\/\\\/lospoliticosveracruz.com\\\/wp-content\\\/uploads\\\/2025\\\/06\\\/Tania.jpeg\",\"datePublished\":\"2025-10-08T19:34:31+00:00\",\"dateModified\":\"2025-10-08T19:34:42+00:00\",\"breadcrumb\":{\"@id\":\"https:\\\/\\\/lospoliticosveracruz.com\\\/?p=154120#breadcrumb\"},\"inLanguage\":\"es\",\"potentialAction\":[{\"@type\":\"ReadAction\",\"target\":[\"https:\\\/\\\/lospoliticosveracruz.com\\\/?p=154120\"]}]},{\"@type\":\"ImageObject\",\"inLanguage\":\"es\",\"@id\":\"https:\\\/\\\/lospoliticosveracruz.com\\\/?p=154120#primaryimage\",\"url\":\"https:\\\/\\\/lospoliticosveracruz.com\\\/wp-content\\\/uploads\\\/2025\\\/06\\\/Tania.jpeg\",\"contentUrl\":\"https:\\\/\\\/lospoliticosveracruz.com\\\/wp-content\\\/uploads\\\/2025\\\/06\\\/Tania.jpeg\",\"width\":600,\"height\":320},{\"@type\":\"BreadcrumbList\",\"@id\":\"https:\\\/\\\/lospoliticosveracruz.com\\\/?p=154120#breadcrumb\",\"itemListElement\":[{\"@type\":\"ListItem\",\"position\":1,\"name\":\"Portada\",\"item\":\"https:\\\/\\\/lospoliticosveracruz.com\\\/\"},{\"@type\":\"ListItem\",\"position\":2,\"name\":\"PARA QUE NO HAYA PRETEXTOS\"}]},{\"@type\":\"WebSite\",\"@id\":\"https:\\\/\\\/lospoliticosveracruz.com\\\/#website\",\"url\":\"https:\\\/\\\/lospoliticosveracruz.com\\\/\",\"name\":\"Los pol\u00edticos Veracruz\",\"description\":\"\",\"publisher\":{\"@id\":\"https:\\\/\\\/lospoliticosveracruz.com\\\/#organization\"},\"potentialAction\":[{\"@type\":\"SearchAction\",\"target\":{\"@type\":\"EntryPoint\",\"urlTemplate\":\"https:\\\/\\\/lospoliticosveracruz.com\\\/?s={search_term_string}\"},\"query-input\":{\"@type\":\"PropertyValueSpecification\",\"valueRequired\":true,\"valueName\":\"search_term_string\"}}],\"inLanguage\":\"es\"},{\"@type\":\"Organization\",\"@id\":\"https:\\\/\\\/lospoliticosveracruz.com\\\/#organization\",\"name\":\"Los pol\u00edticos Veracruz\",\"url\":\"https:\\\/\\\/lospoliticosveracruz.com\\\/\",\"logo\":{\"@type\":\"ImageObject\",\"inLanguage\":\"es\",\"@id\":\"https:\\\/\\\/lospoliticosveracruz.com\\\/#\\\/schema\\\/logo\\\/image\\\/\",\"url\":\"https:\\\/\\\/lospoliticosveracruz.com\\\/wp-content\\\/uploads\\\/2025\\\/12\\\/Logo-Nuevo-LOS-POLITICOS-1.jpg\",\"contentUrl\":\"https:\\\/\\\/lospoliticosveracruz.com\\\/wp-content\\\/uploads\\\/2025\\\/12\\\/Logo-Nuevo-LOS-POLITICOS-1.jpg\",\"width\":260,\"height\":70,\"caption\":\"Los pol\u00edticos Veracruz\"},\"image\":{\"@id\":\"https:\\\/\\\/lospoliticosveracruz.com\\\/#\\\/schema\\\/logo\\\/image\\\/\"},\"sameAs\":[\"https:\\\/\\\/www.facebook.com\\\/people\\\/Notimemes-de-los-Polticos\\\/61565672886568\\\/\",\"https:\\\/\\\/x.com\\\/LosPoliticosVer\"]},{\"@type\":\"Person\",\"@id\":\"https:\\\/\\\/lospoliticosveracruz.com\\\/#\\\/schema\\\/person\\\/b8702bb0e538456e6efd07080bf2a4a2\",\"name\":\"Lo viste en Los Pol\u00edticos\",\"image\":{\"@type\":\"ImageObject\",\"inLanguage\":\"es\",\"@id\":\"https:\\\/\\\/secure.gravatar.com\\\/avatar\\\/3a8de04a2656d44082be478bd6c086daa447c4651605818287b9532d3d0bd435?s=96&d=mm&r=g\",\"url\":\"https:\\\/\\\/secure.gravatar.com\\\/avatar\\\/3a8de04a2656d44082be478bd6c086daa447c4651605818287b9532d3d0bd435?s=96&d=mm&r=g\",\"contentUrl\":\"https:\\\/\\\/secure.gravatar.com\\\/avatar\\\/3a8de04a2656d44082be478bd6c086daa447c4651605818287b9532d3d0bd435?s=96&d=mm&r=g\",\"caption\":\"Lo viste en Los Pol\u00edticos\"},\"url\":\"https:\\\/\\\/lospoliticosveracruz.com\\\/?author=2\"}]}<\/script>\n<!-- \/ Yoast SEO plugin. -->","yoast_head_json":{"title":"PARA QUE NO HAYA PRETEXTOS - Los pol\u00edticos Veracruz","robots":{"index":"index","follow":"follow","max-snippet":"max-snippet:-1","max-image-preview":"max-image-preview:large","max-video-preview":"max-video-preview:-1"},"canonical":"https:\/\/lospoliticosveracruz.com\/?p=154120","og_locale":"es_ES","og_type":"article","og_title":"PARA QUE NO HAYA PRETEXTOS - Los pol\u00edticos Veracruz","og_description":"Isabel Ortega La diputada local Tanya Carola Viveros Ch\u00e1zaro afirm\u00f3 que la interrupci\u00f3n legal del embarazo (ILE) es un tema de salud p\u00fablica y un derecho que debe garantizarse plenamente para todas las mujeres veracruzanas. Reconoci\u00f3 que la legislaci\u00f3n actual permite interpretaciones ambiguas, lo que ha generado obst\u00e1culos para acceder al aborto legal. Por ello, [&hellip;]","og_url":"https:\/\/lospoliticosveracruz.com\/?p=154120","og_site_name":"Los pol\u00edticos Veracruz","article_publisher":"https:\/\/www.facebook.com\/people\/Notimemes-de-los-Polticos\/61565672886568\/","article_published_time":"2025-10-08T19:34:31+00:00","article_modified_time":"2025-10-08T19:34:42+00:00","og_image":[{"width":600,"height":320,"url":"https:\/\/lospoliticosveracruz.com\/wp-content\/uploads\/2025\/06\/Tania.jpeg","type":"image\/jpeg"}],"author":"Lo viste en Los Pol\u00edticos","twitter_card":"summary_large_image","twitter_creator":"@LosPoliticosVer","twitter_site":"@LosPoliticosVer","twitter_misc":{"Escrito por":"Lo viste en Los Pol\u00edticos","Tiempo de lectura":"2 minutos"},"schema":{"@context":"https:\/\/schema.org","@graph":[{"@type":"Article","@id":"https:\/\/lospoliticosveracruz.com\/?p=154120#article","isPartOf":{"@id":"https:\/\/lospoliticosveracruz.com\/?p=154120"},"author":{"name":"Lo viste en Los Pol\u00edticos","@id":"https:\/\/lospoliticosveracruz.com\/#\/schema\/person\/b8702bb0e538456e6efd07080bf2a4a2"},"headline":"PARA QUE NO HAYA PRETEXTOS","datePublished":"2025-10-08T19:34:31+00:00","dateModified":"2025-10-08T19:34:42+00:00","mainEntityOfPage":{"@id":"https:\/\/lospoliticosveracruz.com\/?p=154120"},"wordCount":363,"publisher":{"@id":"https:\/\/lospoliticosveracruz.com\/#organization"},"image":{"@id":"https:\/\/lospoliticosveracruz.com\/?p=154120#primaryimage"},"thumbnailUrl":"https:\/\/lospoliticosveracruz.com\/wp-content\/uploads\/2025\/06\/Tania.jpeg","keywords":["ILE Veracruz","Ley de Salud Veracruz","Secretar\u00eda de Salud Veracruz","Tanya Carola Viveros Ch\u00e1zaro"],"articleSection":["La Nota"],"inLanguage":"es"},{"@type":"WebPage","@id":"https:\/\/lospoliticosveracruz.com\/?p=154120","url":"https:\/\/lospoliticosveracruz.com\/?p=154120","name":"PARA QUE NO HAYA PRETEXTOS - Los pol\u00edticos Veracruz","isPartOf":{"@id":"https:\/\/lospoliticosveracruz.com\/#website"},"primaryImageOfPage":{"@id":"https:\/\/lospoliticosveracruz.com\/?p=154120#primaryimage"},"image":{"@id":"https:\/\/lospoliticosveracruz.com\/?p=154120#primaryimage"},"thumbnailUrl":"https:\/\/lospoliticosveracruz.com\/wp-content\/uploads\/2025\/06\/Tania.jpeg","datePublished":"2025-10-08T19:34:31+00:00","dateModified":"2025-10-08T19:34:42+00:00","breadcrumb":{"@id":"https:\/\/lospoliticosveracruz.com\/?p=154120#breadcrumb"},"inLanguage":"es","potentialAction":[{"@type":"ReadAction","target":["https:\/\/lospoliticosveracruz.com\/?p=154120"]}]},{"@type":"ImageObject","inLanguage":"es","@id":"https:\/\/lospoliticosveracruz.com\/?p=154120#primaryimage","url":"https:\/\/lospoliticosveracruz.com\/wp-content\/uploads\/2025\/06\/Tania.jpeg","contentUrl":"https:\/\/lospoliticosveracruz.com\/wp-content\/uploads\/2025\/06\/Tania.jpeg","width":600,"height":320},{"@type":"BreadcrumbList","@id":"https:\/\/lospoliticosveracruz.com\/?p=154120#breadcrumb","itemListElement":[{"@type":"ListItem","position":1,"name":"Portada","item":"https:\/\/lospoliticosveracruz.com\/"},{"@type":"ListItem","position":2,"name":"PARA QUE NO HAYA PRETEXTOS"}]},{"@type":"WebSite","@id":"https:\/\/lospoliticosveracruz.com\/#website","url":"https:\/\/lospoliticosveracruz.com\/","name":"Los pol\u00edticos Veracruz","description":"","publisher":{"@id":"https:\/\/lospoliticosveracruz.com\/#organization"},"potentialAction":[{"@type":"SearchAction","target":{"@type":"EntryPoint","urlTemplate":"https:\/\/lospoliticosveracruz.com\/?s={search_term_string}"},"query-input":{"@type":"PropertyValueSpecification","valueRequired":true,"valueName":"search_term_string"}}],"inLanguage":"es"},{"@type":"Organization","@id":"https:\/\/lospoliticosveracruz.com\/#organization","name":"Los pol\u00edticos Veracruz","url":"https:\/\/lospoliticosveracruz.com\/","logo":{"@type":"ImageObject","inLanguage":"es","@id":"https:\/\/lospoliticosveracruz.com\/#\/schema\/logo\/image\/","url":"https:\/\/lospoliticosveracruz.com\/wp-content\/uploads\/2025\/12\/Logo-Nuevo-LOS-POLITICOS-1.jpg","contentUrl":"https:\/\/lospoliticosveracruz.com\/wp-content\/uploads\/2025\/12\/Logo-Nuevo-LOS-POLITICOS-1.jpg","width":260,"height":70,"caption":"Los pol\u00edticos Veracruz"},"image":{"@id":"https:\/\/lospoliticosveracruz.com\/#\/schema\/logo\/image\/"},"sameAs":["https:\/\/www.facebook.com\/people\/Notimemes-de-los-Polticos\/61565672886568\/","https:\/\/x.com\/LosPoliticosVer"]},{"@type":"Person","@id":"https:\/\/lospoliticosveracruz.com\/#\/schema\/person\/b8702bb0e538456e6efd07080bf2a4a2","name":"Lo viste en Los Pol\u00edticos","image":{"@type":"ImageObject","inLanguage":"es","@id":"https:\/\/secure.gravatar.com\/avatar\/3a8de04a2656d44082be478bd6c086daa447c4651605818287b9532d3d0bd435?s=96&d=mm&r=g","url":"https:\/\/secure.gravatar.com\/avatar\/3a8de04a2656d44082be478bd6c086daa447c4651605818287b9532d3d0bd435?s=96&d=mm&r=g","contentUrl":"https:\/\/secure.gravatar.com\/avatar\/3a8de04a2656d44082be478bd6c086daa447c4651605818287b9532d3d0bd435?s=96&d=mm&r=g","caption":"Lo viste en Los Pol\u00edticos"},"url":"https:\/\/lospoliticosveracruz.com\/?author=2"}]}},"_links":{"self":[{"href":"https:\/\/lospoliticosveracruz.com\/index.php?rest_route=\/wp\/v2\/posts\/154120","targetHints":{"allow":["GET"]}}],"collection":[{"href":"https:\/\/lospoliticosveracruz.com\/index.php?rest_route=\/wp\/v2\/posts"}],"about":[{"href":"https:\/\/lospoliticosveracruz.com\/index.php?rest_route=\/wp\/v2\/types\/post"}],"author":[{"embeddable":true,"href":"https:\/\/lospoliticosveracruz.com\/index.php?rest_route=\/wp\/v2\/users\/2"}],"replies":[{"embeddable":true,"href":"https:\/\/lospoliticosveracruz.com\/index.php?rest_route=%2Fwp%2Fv2%2Fcomments&post=154120"}],"version-history":[{"count":2,"href":"https:\/\/lospoliticosveracruz.com\/index.php?rest_route=\/wp\/v2\/posts\/154120\/revisions"}],"predecessor-version":[{"id":154122,"href":"https:\/\/lospoliticosveracruz.com\/index.php?rest_route=\/wp\/v2\/posts\/154120\/revisions\/154122"}],"wp:featuredmedia":[{"embeddable":true,"href":"https:\/\/lospoliticosveracruz.com\/index.php?rest_route=\/wp\/v2\/media\/146891"}],"wp:attachment":[{"href":"https:\/\/lospoliticosveracruz.com\/index.php?rest_route=%2Fwp%2Fv2%2Fmedia&parent=154120"}],"wp:term":[{"taxonomy":"category","embeddable":true,"href":"https:\/\/lospoliticosveracruz.com\/index.php?rest_route=%2Fwp%2Fv2%2Fcategories&post=154120"},{"taxonomy":"post_tag","embeddable":true,"href":"https:\/\/lospoliticosveracruz.com\/index.php?rest_route=%2Fwp%2Fv2%2Ftags&post=154120"}],"curies":[{"name":"wp","href":"https:\/\/api.w.org\/{rel}","templated":true}]}}