{"id":154123,"date":"2025-10-08T14:46:10","date_gmt":"2025-10-08T19:46:10","guid":{"rendered":"https:\/\/lospoliticosveracruz.com.mx\/?p=154123"},"modified":"2025-10-08T14:46:38","modified_gmt":"2025-10-08T19:46:38","slug":"lista-negra-para-empresas-incumplidas","status":"publish","type":"post","link":"https:\/\/lospoliticosveracruz.com\/?p=154123","title":{"rendered":"LISTA NEGRA PARA EMPRESAS INCUMPLIDAS!"},"content":{"rendered":"\n<p><\/p>\n\n\n\n<p>S\u00edguenos ahora tambi\u00e9n en WhatsApp.\u00a0\u00a1<a href=\"https:\/\/whatsapp.com\/channel\/0029Va8zRWlEKyZIP3Z1dF0e\"><strong>Da clic aqu\u00ed<\/strong><\/a><strong>!<\/strong><\/p>\n\n\n\n<p><strong>Isabel Ortega<\/strong><\/p>\n\n\n\n<p>La auditora general del \u00d3rgano de Fiscalizaci\u00f3n Superior (Orfis), Delia Gonz\u00e1lez Cobos, plante\u00f3 la necesidad de que el Gobierno del Estado cree un listado de empresas \u201cno gratas\u201d o con antecedentes de incumplimiento en la ejecuci\u00f3n de obras y servicios p\u00fablicos.<\/p>\n\n\n\n\n\n<p>La funcionaria consider\u00f3 que el Congreso local deber\u00eda legislar en la materia, de modo que, al igual que el Servicio de Administraci\u00f3n Tributaria (SAT) tiene su lista negra de contribuyentes, Veracruz cuente con un registro estatal de proveedores y contratistas observados por el propio Orfis o por instancias de control.<\/p>\n\n\n\n<p>\u201cSer\u00eda positivo tener un listado de empresas no gratas, que incluya aquellas que ya fueron observadas por el Orfis, para evitar que sigan siendo contratadas\u201d, se\u00f1al\u00f3.<\/p>\n\n\n\n<p>Gonz\u00e1lez Cobos explic\u00f3 que actualmente el Orfis no participa en las etapas previas a la contrataci\u00f3n, ya que los procesos de licitaci\u00f3n y adjudicaci\u00f3n recaen en las dependencias estatales y los \u00f3rganos internos de control.<\/p>\n\n\n\n<p>\u201cCuando a nosotros nos llega la informaci\u00f3n, los servicios ya se est\u00e1n prestando. Ahora, hay que tomar en cuenta que las empresas que est\u00e1n siendo revisadas hoy, ya fueron contratadas para el nuevo ejercicio fiscal; por eso, es posible que se encuentren resultados similares el pr\u00f3ximo a\u00f1o, y eso no se puede prever en el momento de la contrataci\u00f3n\u201d, puntualiz\u00f3.<\/p>\n\n\n\n<p>La auditora insisti\u00f3 en que, si una empresa no ha dado buenos resultados, no deber\u00eda volver a ser contratada.<\/p>\n\n\n\n<p>\u201cSi estamos viendo que alguien no da resultados, pues debemos hacer a un lado a esa empresa. No se puede seguir premiando la ineficiencia.\u201d<\/p>\n\n\n\n<p>Asimismo, record\u00f3 que existen protocolos para verificar el cumplimiento de las empresas ante el SAT y la Secretar\u00eda de la Funci\u00f3n P\u00fablica o Anticorrupci\u00f3n; sin embargo, muchas veces las contratistas no aparecen como fantasmas ni incumplidas, lo que complica su exclusi\u00f3n de los procesos.<\/p>\n\n\n\n<p>\u201cCuando vemos que las empresas no tienen se\u00f1alamiento alguno, se prioriza a las que ofrecen mejor calidad o menor costo. Pero habr\u00eda que poner m\u00e1s atenci\u00f3n y establecer mecanismos para evitar que se repitan casos de incumplimiento\u201d, dijo.<\/p>\n\n\n\n<p>Finalmente, Gonz\u00e1lez Cobos subray\u00f3 que se debe encontrar un equilibrio entre la libre competencia y la rendici\u00f3n de cuentas.<\/p>\n\n\n\n<p>\u201cHay mucho que trabajar para que no se obstaculice el libre comercio ni la prestaci\u00f3n de servicios, pero s\u00ed tener m\u00e1s candados y sanciones para quienes incumplen. Un registro de antecedentes ser\u00eda una buena herramienta preventiva\u201d, concluy\u00f3.<\/p>\n","protected":false},"excerpt":{"rendered":"<p>Isabel Ortega La auditora general del \u00d3rgano de Fiscalizaci\u00f3n Superior (Orfis), Delia Gonz\u00e1lez Cobos, plante\u00f3 la necesidad de que el Gobierno del Estado cree un listado de empresas \u201cno gratas\u201d o con antecedentes de incumplimiento en la ejecuci\u00f3n de obras y servicios p\u00fablicos. La funcionaria consider\u00f3 que el Congreso local deber\u00eda legislar en la materia, [&hellip;]<\/p>\n","protected":false},"author":2,"featured_media":0,"comment_status":"closed","ping_status":"closed","sticky":false,"template":"","format":"standard","meta":{"tdm_status":"","tdm_grid_status":"","footnotes":""},"categories":[6446],"tags":[15181,46470,35813,46471],"class_list":{"0":"post-154123","1":"post","2":"type-post","3":"status-publish","4":"format-standard","6":"category-la-nota","7":"tag-delia-gonzalez-cobos","8":"tag-lista-negra-empresas","9":"tag-orfis-veracruz","10":"tag-sat-veracruz"},"yoast_head":"<!-- This site is optimized with the Yoast SEO plugin v27.4 - https:\/\/yoast.com\/product\/yoast-seo-wordpress\/ -->\n<title>LISTA NEGRA PARA EMPRESAS INCUMPLIDAS! - Los pol\u00edticos Veracruz<\/title>\n<meta name=\"robots\" content=\"index, follow, max-snippet:-1, max-image-preview:large, max-video-preview:-1\" \/>\n<link rel=\"canonical\" href=\"https:\/\/lospoliticosveracruz.com\/?p=154123\" \/>\n<meta property=\"og:locale\" content=\"es_ES\" \/>\n<meta property=\"og:type\" content=\"article\" \/>\n<meta property=\"og:title\" content=\"LISTA NEGRA PARA EMPRESAS INCUMPLIDAS! - Los pol\u00edticos Veracruz\" \/>\n<meta property=\"og:description\" content=\"Isabel Ortega La auditora general del \u00d3rgano de Fiscalizaci\u00f3n Superior (Orfis), Delia Gonz\u00e1lez Cobos, plante\u00f3 la necesidad de que el Gobierno del Estado cree un listado de empresas \u201cno gratas\u201d o con antecedentes de incumplimiento en la ejecuci\u00f3n de obras y servicios p\u00fablicos. La funcionaria consider\u00f3 que el Congreso local deber\u00eda legislar en la materia, [&hellip;]\" \/>\n<meta property=\"og:url\" content=\"https:\/\/lospoliticosveracruz.com\/?p=154123\" \/>\n<meta property=\"og:site_name\" content=\"Los pol\u00edticos Veracruz\" \/>\n<meta property=\"article:publisher\" content=\"https:\/\/www.facebook.com\/people\/Notimemes-de-los-Polticos\/61565672886568\/\" \/>\n<meta property=\"article:published_time\" content=\"2025-10-08T19:46:10+00:00\" \/>\n<meta property=\"article:modified_time\" content=\"2025-10-08T19:46:38+00:00\" \/>\n<meta property=\"og:image\" content=\"https:\/\/lospoliticosveracruz.com\/wp-content\/uploads\/2016\/07\/Logo-Dor.jpg\" \/>\n\t<meta property=\"og:image:width\" content=\"200\" \/>\n\t<meta property=\"og:image:height\" content=\"200\" \/>\n\t<meta property=\"og:image:type\" content=\"image\/jpeg\" \/>\n<meta name=\"author\" content=\"Lo viste en Los Pol\u00edticos\" \/>\n<meta name=\"twitter:card\" content=\"summary_large_image\" \/>\n<meta name=\"twitter:creator\" content=\"@LosPoliticosVer\" \/>\n<meta name=\"twitter:site\" content=\"@LosPoliticosVer\" \/>\n<meta name=\"twitter:label1\" content=\"Escrito por\" \/>\n\t<meta name=\"twitter:data1\" content=\"Lo viste en Los Pol\u00edticos\" \/>\n\t<meta name=\"twitter:label2\" content=\"Tiempo de lectura\" \/>\n\t<meta name=\"twitter:data2\" content=\"2 minutos\" \/>\n<script type=\"application\/ld+json\" class=\"yoast-schema-graph\">{\"@context\":\"https:\\\/\\\/schema.org\",\"@graph\":[{\"@type\":\"Article\",\"@id\":\"https:\\\/\\\/lospoliticosveracruz.com\\\/?p=154123#article\",\"isPartOf\":{\"@id\":\"https:\\\/\\\/lospoliticosveracruz.com\\\/?p=154123\"},\"author\":{\"name\":\"Lo viste en Los Pol\u00edticos\",\"@id\":\"https:\\\/\\\/lospoliticosveracruz.com\\\/#\\\/schema\\\/person\\\/b8702bb0e538456e6efd07080bf2a4a2\"},\"headline\":\"LISTA NEGRA PARA EMPRESAS INCUMPLIDAS!\",\"datePublished\":\"2025-10-08T19:46:10+00:00\",\"dateModified\":\"2025-10-08T19:46:38+00:00\",\"mainEntityOfPage\":{\"@id\":\"https:\\\/\\\/lospoliticosveracruz.com\\\/?p=154123\"},\"wordCount\":433,\"publisher\":{\"@id\":\"https:\\\/\\\/lospoliticosveracruz.com\\\/#organization\"},\"keywords\":[\"Delia Gonz\u00e1lez Cobos\",\"lista negra empresas\",\"ORFIS Veracruz\",\"SAT Veracruz\"],\"articleSection\":[\"La Nota\"],\"inLanguage\":\"es\"},{\"@type\":\"WebPage\",\"@id\":\"https:\\\/\\\/lospoliticosveracruz.com\\\/?p=154123\",\"url\":\"https:\\\/\\\/lospoliticosveracruz.com\\\/?p=154123\",\"name\":\"LISTA NEGRA PARA EMPRESAS INCUMPLIDAS! - Los pol\u00edticos Veracruz\",\"isPartOf\":{\"@id\":\"https:\\\/\\\/lospoliticosveracruz.com\\\/#website\"},\"datePublished\":\"2025-10-08T19:46:10+00:00\",\"dateModified\":\"2025-10-08T19:46:38+00:00\",\"breadcrumb\":{\"@id\":\"https:\\\/\\\/lospoliticosveracruz.com\\\/?p=154123#breadcrumb\"},\"inLanguage\":\"es\",\"potentialAction\":[{\"@type\":\"ReadAction\",\"target\":[\"https:\\\/\\\/lospoliticosveracruz.com\\\/?p=154123\"]}]},{\"@type\":\"BreadcrumbList\",\"@id\":\"https:\\\/\\\/lospoliticosveracruz.com\\\/?p=154123#breadcrumb\",\"itemListElement\":[{\"@type\":\"ListItem\",\"position\":1,\"name\":\"Portada\",\"item\":\"https:\\\/\\\/lospoliticosveracruz.com\\\/\"},{\"@type\":\"ListItem\",\"position\":2,\"name\":\"LISTA NEGRA PARA EMPRESAS INCUMPLIDAS!\"}]},{\"@type\":\"WebSite\",\"@id\":\"https:\\\/\\\/lospoliticosveracruz.com\\\/#website\",\"url\":\"https:\\\/\\\/lospoliticosveracruz.com\\\/\",\"name\":\"Los pol\u00edticos Veracruz\",\"description\":\"\",\"publisher\":{\"@id\":\"https:\\\/\\\/lospoliticosveracruz.com\\\/#organization\"},\"potentialAction\":[{\"@type\":\"SearchAction\",\"target\":{\"@type\":\"EntryPoint\",\"urlTemplate\":\"https:\\\/\\\/lospoliticosveracruz.com\\\/?s={search_term_string}\"},\"query-input\":{\"@type\":\"PropertyValueSpecification\",\"valueRequired\":true,\"valueName\":\"search_term_string\"}}],\"inLanguage\":\"es\"},{\"@type\":\"Organization\",\"@id\":\"https:\\\/\\\/lospoliticosveracruz.com\\\/#organization\",\"name\":\"Los pol\u00edticos Veracruz\",\"url\":\"https:\\\/\\\/lospoliticosveracruz.com\\\/\",\"logo\":{\"@type\":\"ImageObject\",\"inLanguage\":\"es\",\"@id\":\"https:\\\/\\\/lospoliticosveracruz.com\\\/#\\\/schema\\\/logo\\\/image\\\/\",\"url\":\"https:\\\/\\\/lospoliticosveracruz.com\\\/wp-content\\\/uploads\\\/2025\\\/12\\\/Logo-Nuevo-LOS-POLITICOS-1.jpg\",\"contentUrl\":\"https:\\\/\\\/lospoliticosveracruz.com\\\/wp-content\\\/uploads\\\/2025\\\/12\\\/Logo-Nuevo-LOS-POLITICOS-1.jpg\",\"width\":260,\"height\":70,\"caption\":\"Los pol\u00edticos Veracruz\"},\"image\":{\"@id\":\"https:\\\/\\\/lospoliticosveracruz.com\\\/#\\\/schema\\\/logo\\\/image\\\/\"},\"sameAs\":[\"https:\\\/\\\/www.facebook.com\\\/people\\\/Notimemes-de-los-Polticos\\\/61565672886568\\\/\",\"https:\\\/\\\/x.com\\\/LosPoliticosVer\"]},{\"@type\":\"Person\",\"@id\":\"https:\\\/\\\/lospoliticosveracruz.com\\\/#\\\/schema\\\/person\\\/b8702bb0e538456e6efd07080bf2a4a2\",\"name\":\"Lo viste en Los Pol\u00edticos\",\"image\":{\"@type\":\"ImageObject\",\"inLanguage\":\"es\",\"@id\":\"https:\\\/\\\/secure.gravatar.com\\\/avatar\\\/3a8de04a2656d44082be478bd6c086daa447c4651605818287b9532d3d0bd435?s=96&d=mm&r=g\",\"url\":\"https:\\\/\\\/secure.gravatar.com\\\/avatar\\\/3a8de04a2656d44082be478bd6c086daa447c4651605818287b9532d3d0bd435?s=96&d=mm&r=g\",\"contentUrl\":\"https:\\\/\\\/secure.gravatar.com\\\/avatar\\\/3a8de04a2656d44082be478bd6c086daa447c4651605818287b9532d3d0bd435?s=96&d=mm&r=g\",\"caption\":\"Lo viste en Los Pol\u00edticos\"},\"url\":\"https:\\\/\\\/lospoliticosveracruz.com\\\/?author=2\"}]}<\/script>\n<!-- \/ Yoast SEO plugin. -->","yoast_head_json":{"title":"LISTA NEGRA PARA EMPRESAS INCUMPLIDAS! - Los pol\u00edticos Veracruz","robots":{"index":"index","follow":"follow","max-snippet":"max-snippet:-1","max-image-preview":"max-image-preview:large","max-video-preview":"max-video-preview:-1"},"canonical":"https:\/\/lospoliticosveracruz.com\/?p=154123","og_locale":"es_ES","og_type":"article","og_title":"LISTA NEGRA PARA EMPRESAS INCUMPLIDAS! - Los pol\u00edticos Veracruz","og_description":"Isabel Ortega La auditora general del \u00d3rgano de Fiscalizaci\u00f3n Superior (Orfis), Delia Gonz\u00e1lez Cobos, plante\u00f3 la necesidad de que el Gobierno del Estado cree un listado de empresas \u201cno gratas\u201d o con antecedentes de incumplimiento en la ejecuci\u00f3n de obras y servicios p\u00fablicos. La funcionaria consider\u00f3 que el Congreso local deber\u00eda legislar en la materia, [&hellip;]","og_url":"https:\/\/lospoliticosveracruz.com\/?p=154123","og_site_name":"Los pol\u00edticos Veracruz","article_publisher":"https:\/\/www.facebook.com\/people\/Notimemes-de-los-Polticos\/61565672886568\/","article_published_time":"2025-10-08T19:46:10+00:00","article_modified_time":"2025-10-08T19:46:38+00:00","og_image":[{"width":200,"height":200,"url":"https:\/\/lospoliticosveracruz.com\/wp-content\/uploads\/2016\/07\/Logo-Dor.jpg","type":"image\/jpeg"}],"author":"Lo viste en Los Pol\u00edticos","twitter_card":"summary_large_image","twitter_creator":"@LosPoliticosVer","twitter_site":"@LosPoliticosVer","twitter_misc":{"Escrito por":"Lo viste en Los Pol\u00edticos","Tiempo de lectura":"2 minutos"},"schema":{"@context":"https:\/\/schema.org","@graph":[{"@type":"Article","@id":"https:\/\/lospoliticosveracruz.com\/?p=154123#article","isPartOf":{"@id":"https:\/\/lospoliticosveracruz.com\/?p=154123"},"author":{"name":"Lo viste en Los Pol\u00edticos","@id":"https:\/\/lospoliticosveracruz.com\/#\/schema\/person\/b8702bb0e538456e6efd07080bf2a4a2"},"headline":"LISTA NEGRA PARA EMPRESAS INCUMPLIDAS!","datePublished":"2025-10-08T19:46:10+00:00","dateModified":"2025-10-08T19:46:38+00:00","mainEntityOfPage":{"@id":"https:\/\/lospoliticosveracruz.com\/?p=154123"},"wordCount":433,"publisher":{"@id":"https:\/\/lospoliticosveracruz.com\/#organization"},"keywords":["Delia Gonz\u00e1lez Cobos","lista negra empresas","ORFIS Veracruz","SAT Veracruz"],"articleSection":["La Nota"],"inLanguage":"es"},{"@type":"WebPage","@id":"https:\/\/lospoliticosveracruz.com\/?p=154123","url":"https:\/\/lospoliticosveracruz.com\/?p=154123","name":"LISTA NEGRA PARA EMPRESAS INCUMPLIDAS! - Los pol\u00edticos Veracruz","isPartOf":{"@id":"https:\/\/lospoliticosveracruz.com\/#website"},"datePublished":"2025-10-08T19:46:10+00:00","dateModified":"2025-10-08T19:46:38+00:00","breadcrumb":{"@id":"https:\/\/lospoliticosveracruz.com\/?p=154123#breadcrumb"},"inLanguage":"es","potentialAction":[{"@type":"ReadAction","target":["https:\/\/lospoliticosveracruz.com\/?p=154123"]}]},{"@type":"BreadcrumbList","@id":"https:\/\/lospoliticosveracruz.com\/?p=154123#breadcrumb","itemListElement":[{"@type":"ListItem","position":1,"name":"Portada","item":"https:\/\/lospoliticosveracruz.com\/"},{"@type":"ListItem","position":2,"name":"LISTA NEGRA PARA EMPRESAS INCUMPLIDAS!"}]},{"@type":"WebSite","@id":"https:\/\/lospoliticosveracruz.com\/#website","url":"https:\/\/lospoliticosveracruz.com\/","name":"Los pol\u00edticos Veracruz","description":"","publisher":{"@id":"https:\/\/lospoliticosveracruz.com\/#organization"},"potentialAction":[{"@type":"SearchAction","target":{"@type":"EntryPoint","urlTemplate":"https:\/\/lospoliticosveracruz.com\/?s={search_term_string}"},"query-input":{"@type":"PropertyValueSpecification","valueRequired":true,"valueName":"search_term_string"}}],"inLanguage":"es"},{"@type":"Organization","@id":"https:\/\/lospoliticosveracruz.com\/#organization","name":"Los pol\u00edticos Veracruz","url":"https:\/\/lospoliticosveracruz.com\/","logo":{"@type":"ImageObject","inLanguage":"es","@id":"https:\/\/lospoliticosveracruz.com\/#\/schema\/logo\/image\/","url":"https:\/\/lospoliticosveracruz.com\/wp-content\/uploads\/2025\/12\/Logo-Nuevo-LOS-POLITICOS-1.jpg","contentUrl":"https:\/\/lospoliticosveracruz.com\/wp-content\/uploads\/2025\/12\/Logo-Nuevo-LOS-POLITICOS-1.jpg","width":260,"height":70,"caption":"Los pol\u00edticos Veracruz"},"image":{"@id":"https:\/\/lospoliticosveracruz.com\/#\/schema\/logo\/image\/"},"sameAs":["https:\/\/www.facebook.com\/people\/Notimemes-de-los-Polticos\/61565672886568\/","https:\/\/x.com\/LosPoliticosVer"]},{"@type":"Person","@id":"https:\/\/lospoliticosveracruz.com\/#\/schema\/person\/b8702bb0e538456e6efd07080bf2a4a2","name":"Lo viste en Los Pol\u00edticos","image":{"@type":"ImageObject","inLanguage":"es","@id":"https:\/\/secure.gravatar.com\/avatar\/3a8de04a2656d44082be478bd6c086daa447c4651605818287b9532d3d0bd435?s=96&d=mm&r=g","url":"https:\/\/secure.gravatar.com\/avatar\/3a8de04a2656d44082be478bd6c086daa447c4651605818287b9532d3d0bd435?s=96&d=mm&r=g","contentUrl":"https:\/\/secure.gravatar.com\/avatar\/3a8de04a2656d44082be478bd6c086daa447c4651605818287b9532d3d0bd435?s=96&d=mm&r=g","caption":"Lo viste en Los Pol\u00edticos"},"url":"https:\/\/lospoliticosveracruz.com\/?author=2"}]}},"_links":{"self":[{"href":"https:\/\/lospoliticosveracruz.com\/index.php?rest_route=\/wp\/v2\/posts\/154123","targetHints":{"allow":["GET"]}}],"collection":[{"href":"https:\/\/lospoliticosveracruz.com\/index.php?rest_route=\/wp\/v2\/posts"}],"about":[{"href":"https:\/\/lospoliticosveracruz.com\/index.php?rest_route=\/wp\/v2\/types\/post"}],"author":[{"embeddable":true,"href":"https:\/\/lospoliticosveracruz.com\/index.php?rest_route=\/wp\/v2\/users\/2"}],"replies":[{"embeddable":true,"href":"https:\/\/lospoliticosveracruz.com\/index.php?rest_route=%2Fwp%2Fv2%2Fcomments&post=154123"}],"version-history":[{"count":2,"href":"https:\/\/lospoliticosveracruz.com\/index.php?rest_route=\/wp\/v2\/posts\/154123\/revisions"}],"predecessor-version":[{"id":154126,"href":"https:\/\/lospoliticosveracruz.com\/index.php?rest_route=\/wp\/v2\/posts\/154123\/revisions\/154126"}],"wp:attachment":[{"href":"https:\/\/lospoliticosveracruz.com\/index.php?rest_route=%2Fwp%2Fv2%2Fmedia&parent=154123"}],"wp:term":[{"taxonomy":"category","embeddable":true,"href":"https:\/\/lospoliticosveracruz.com\/index.php?rest_route=%2Fwp%2Fv2%2Fcategories&post=154123"},{"taxonomy":"post_tag","embeddable":true,"href":"https:\/\/lospoliticosveracruz.com\/index.php?rest_route=%2Fwp%2Fv2%2Ftags&post=154123"}],"curies":[{"name":"wp","href":"https:\/\/api.w.org\/{rel}","templated":true}]}}