{"id":154355,"date":"2025-10-12T11:28:00","date_gmt":"2025-10-12T16:28:00","guid":{"rendered":"https:\/\/lospoliticosveracruz.com.mx\/?p=154355"},"modified":"2025-10-12T11:28:13","modified_gmt":"2025-10-12T16:28:13","slug":"crece-la-tragedia","status":"publish","type":"post","link":"https:\/\/lospoliticosveracruz.com\/?p=154355","title":{"rendered":"CRECE LA TRAGEDIA\u2026"},"content":{"rendered":"\n<p>S\u00edguenos ahora tambi\u00e9n en WhatsApp.\u00a0\u00a1<a href=\"https:\/\/whatsapp.com\/channel\/0029Va8zRWlEKyZIP3Z1dF0e\"><strong>Da clic aqu\u00ed<\/strong><\/a><strong>!<\/strong><\/p>\n\n\n\n<p><strong>Oved Contreras<\/strong><br><em>Secas Mecas<\/em><\/p>\n\n\n\n<p>Pasan las horas y m\u00e1s municipios piden socorro tras el desastre natural provocado por el desbordamiento de r\u00edos en la zona norte del estado\u2026la <strong>gobernadora Roc\u00edo Nahle<\/strong> y sus colaboradores se han concentrado en atender <strong>Poza Rica<\/strong> por ser lo m\u00e1s medi\u00e1tico frente al desastre, pero otros municipios como <strong>\u00c1lamo<\/strong>, <strong>Tantoyuca<\/strong> e <strong>Ilamatl\u00e1n<\/strong>, claman ayuda y denuncian que se encuentran totalmente desprotegidos y olvidados por el aparato gubernamental\u2026el gobierno estatal poste\u00f3 anoche en sus redes que desde el primer minuto atendieron la emergencia y rescataron vidas\u2026les llovieron mentadas y les enumeraron los lugares donde no han puesto un solo pie\u2026vox populi vox dei.<\/p>\n\n\n\n\n\n<p><strong>Juan Javier Rold\u00e1n<\/strong> report\u00f3 a trav\u00e9s de sus redes sociales que <strong>\u00c1lamo<\/strong> se encuentra totalmente incomunicados sin energ\u00eda el\u00e9ctrica ni se\u00f1al celular, la linea principal de energ\u00eda el\u00e9ctrica que alimenta a todas las comunidades del municipio de <strong>\u00c1lamo Temapache<\/strong>, ya no existe tras el desbordamiento del <strong>r\u00edo Pantepec<\/strong>, y comienza a escasear la comida y el agua potable.<\/p>\n\n\n\n<p>\u201cQuien est\u00e9 viendo este video, necesitamos que nos ayuden, no hay ni siquiera donde comprar v\u00edveres, todas las tiendas o s\u00faper perdieron todo lo que ten\u00edan en mercanc\u00eda, y ac\u00e1 no ha llegado nadie de <strong>Protecci\u00f3n Civil<\/strong> ni de la <strong>Marina<\/strong>, estamos solos con la desgracia\u201d, dijo en tono de s\u00faplica.<\/p>\n\n\n\n<p>Conforme transcurren las horas, las aguas de los r\u00edos y arroyos desbordados retroceden y dejan al descubierto la magnitud del desastre ocasionado por las lluvias de las \u00faltimas 72 horas en el norte de <strong>Veracruz<\/strong>\u2026los lugare\u00f1os afirman que esta tragedia no tiene comparaci\u00f3n con las inundaciones de 1999 y se puede agravar m\u00e1s por la inexperiencia del gobierno para atender desastres.<\/p>\n\n\n\n<p>El epicentro de la contingencia se concentra en <strong>Poza Rica<\/strong>, donde la <strong>Coordinaci\u00f3n Nacional de Protecci\u00f3n Civil<\/strong> instal\u00f3 un Centro de Comando y Coordinaci\u00f3n, pero la emergencia se extiende a al menos 38 municipios, de acuerdo con reportes del <strong>Gobierno Federal<\/strong>.<\/p>\n\n\n\n<p>La <strong>gobernadora Roc\u00edo Nahle<\/strong> expuso en sus redes que no hab\u00edan podido hacer puente a\u00e9reo hacia <strong>Ilamatl\u00e1n<\/strong> y otras localidades de la huasteca por las malas condiciones del tiempo\u2026pero los migrantes de <strong>Estados Unidos<\/strong> le pusieron el ejemplo: ante la ausencia de ayuda oficial y que hab\u00eda heridos que necesitaban atenci\u00f3n, contrataron un helic\u00f3ptero que pudo llegar a <strong>Ilamatl\u00e1n<\/strong> para rescatar a las personas.<\/p>\n\n\n\n<p>Todo qued\u00f3 consignado por <strong>\u201cLa Voz Campesina\u201d<\/strong> que transmite desde <strong>Huayacocotla<\/strong>: \u201cHan llegado a <strong>Huayacocotla<\/strong> las ambulancias con las primeras personas heridas de la comunidad de <strong>Xaltipa<\/strong>. Es importante mencionar que ni el gobierno estatal, ni el gobierno federal han llegado a esta sierra. Con la solidaridad de los migrantes que est\u00e1n en <strong>EUA<\/strong> se consigui\u00f3 trasladar a algunas de las personas de <strong>Xaltipa<\/strong> hacia <strong>Zonzonapa<\/strong>. Reconocemos el esfuerzo de muchas personas de la sociedad civil de <strong>Zonzonapa<\/strong>, <strong>Zilacatipan<\/strong>, <strong>Huayacocotla<\/strong>, etc; que han ayudado a que esto sea posible\u201d.<\/p>\n\n\n\n<p>Las lluvias en cinco estados del pa\u00eds hab\u00edan dejado, hasta la tarde de ayer, un saldo de al menos 41 personas fallecidas, en los estados de <strong>Hidalgo<\/strong>, <strong>Puebla<\/strong>, <strong>Veracruz<\/strong> y <strong>Quer\u00e9taro<\/strong>. Seg\u00fan el <strong>Sistema Nacional de Protecci\u00f3n Civil (SNPC)<\/strong> en <strong>Hidalgo<\/strong> se contabilizaron 16 v\u00edctimas, en <strong>Veracruz<\/strong> 15, en <strong>Puebla<\/strong> nueve y una en <strong>Quer\u00e9taro<\/strong>, producto de inundaciones, deslaves y otras afectaciones.<\/p>\n\n\n\n<p>**REVENTARON LAS REDES\u2026**les fue como en feria al mentado <strong>Bouzas<\/strong> y a la t\u00eda <strong>Ch\u00edo<\/strong> luego de una publicaci\u00f3n en redes que hicieron ayer por la noche, para presumir todo lo que se hizo durante la inundaci\u00f3n y posterior en trabajos de atenci\u00f3n en <strong>Poza Rica<\/strong>, <strong>\u00c1lamo<\/strong> y otros municipios afectados por las lluvias.<\/p>\n\n\n\n<p>El posteo en la cuenta del <strong>Gobierno del Estado de Veracruz<\/strong> dice: \u201cDesde el inicio de la contingencia, se ha apoyando a las y los ciudadanos veracruzanos a trav\u00e9s de rescates y evacuaciones con camionetas, helic\u00f3pteros, lanchas y maquinaria, con el apoyo de nuestra Gobernadora <strong>Roc\u00edo Nahle<\/strong>, las dependencias de gobierno del estado y de nuestra presidenta <strong>Claudia Sheinbaum Pardo<\/strong>. Se entregan despensas, medicamentos y ayuda directamente a quienes m\u00e1s lo necesitan, incluyendo acciones de rescate en las zonas m\u00e1s afectadas. #PorAmorAVeracruz<\/p>\n\n\n\n<p>Basta leer los comentarios para darse cuenta que la gente est\u00e1 muy enojada por la incapacidad del gobierno frente a la tragedia, y dejan en claro que la mayor parte de los rescates y apoyos a la poblaci\u00f3n vienen de la sociedad civil porque en muchos sitios el gobierno brilla por su ausencia.<\/p>\n\n\n\n<p>\u201cNo hubo ayuda ni de helic\u00f3pteros, ni camionetas, ni lanchas por parte del gobierno. Vinieron los del municipio de <strong>Guti\u00e9rrez Zamora<\/strong>, <strong>Tecolutla<\/strong> y <strong>Tlapacoyan<\/strong>\u2026Ahorita se va a poner a borrar todos los comentarios negativos reales, sigan comentando gente! Ella solo va dejar los de sus bots y lamepatas\u2026No es cierto los que hicieron todo fueron personas altruistas y guias de <strong>Filobobos<\/strong>\u2026Es MENTIRA! por favor quien se cree esto! Brilla por su ausencia, las lanchas y rescates han sido por personas voluntarias, pescadores y gente de municipios vecinos! Ella no!\u2026Claro que NO!!! Ineptitud TOTAL, la gente responsable (alumnos y maestros) esper\u00f3 el llamado a suspensi\u00f3n QUE LLEGO TOTALMENTE DEMASIADO TARDE! Les toca responder por aquellas vidas perdidas, en sus manos est\u00e1 esa responsabilidad!!!! ES UNA GRAN MENTIRA , NOMAS FUE A TOMARSE LA FOTO , NISIQUIERA <strong>LILIA ARRIETA<\/strong> A SALIDO DE SU TRINCHERA NO QUIEREN MOJARSE LAS PATAS. ES UN TOTAL ABANDONO LA GENTE TIENE HAMBRE. AYUDEMOS A <strong>ALAMO<\/strong>.<\/p>\n\n\n\n<p>JAJA ora que lanchas!, se estuvo pidiendo el apoyo durante dos d\u00edas y ninguna lancha aparecio!, pleno zona centro de <strong>Alamo<\/strong>! Los apoyos son de la misma poblaci\u00f3n no del gobierno no usen sus redes para ponerse la medallita\u2026Cinismo en su maxima expresi\u00f3n&#8230; el pueblo se ayudo a si mismo.. el.gobierno ni sus luces\u2026Mentira, <strong>sierra de Huayacocotla<\/strong> qued\u00f3 en el olvido, muchos desaparecidos, personas sin vida, pueblos enterrados sin comunicaci\u00f3n, sin comida para los damnificados. Urge ayuda para<br><strong>HUAYACOCOTLA, TEXCATEPEC, ZONTECOMATLAN ILAMATLAN<\/strong> Y MUCHOS M\u00c1S. La <strong>Sierra de Huayacocotla<\/strong> necesita ayuda urgente hay varias comunidades sepultadas, personas desaparecidas, heridos y sin poder salir, se necesita ayuda v\u00eda a\u00e9rea de manera urgente. Las comidas se est\u00e1n quedando sin v\u00edveres, son ropa y son un lugar para dormir, urge que lleguen a la <strong>sierra de Huayacocotla<\/strong>.<\/p>\n\n\n\n<p>En el posteo del gobierno estatal hab\u00eda m\u00e1s de dos mil 500 comentarios de reclamo por la falta de apoyo\u2026y casi tres mil reacciones negativas a la publicaci\u00f3n oficial\u2026benditas redes sociales. Ocho d\u00edas antes presumiendo lanchas, aeronaves y cuando se necesitan no hay. La ayuda urge y la se\u00f1ora gobers rechaz\u00f3 la ayuda de <strong>Nuevo Le\u00f3n<\/strong>. Los migrantes ni permiso le pidieron y rentaron un helic\u00f3ptero para sacar gente herida de <strong>Ilamatl\u00e1n<\/strong>. Ellos pagaron por un puente a\u00e9reo que la gobers dijo que NO se pod\u00eda hacer \u00abpor el mal tiempo\u00bb y que lo har\u00edan hasta este domingo. En <strong>Poza Rica<\/strong> se quejan que no est\u00e1n dejando entrar la ayuda civil, que todo lo decomisan para que lo entregue la alcaldesa espuria <strong>Adanely Rodr\u00edguez<\/strong> como si anduviera en campa\u00f1a. El colmo.<\/p>\n","protected":false},"excerpt":{"rendered":"<p>Oved ContrerasSecas Mecas Pasan las horas y m\u00e1s municipios piden socorro tras el desastre natural provocado por el desbordamiento de r\u00edos en la zona norte del estado\u2026la gobernadora Roc\u00edo Nahle y sus colaboradores se han concentrado en atender Poza Rica por ser lo m\u00e1s medi\u00e1tico frente al desastre, pero otros municipios como \u00c1lamo, Tantoyuca e [&hellip;]<\/p>\n","protected":false},"author":2,"featured_media":141426,"comment_status":"closed","ping_status":"closed","sticky":false,"template":"","format":"standard","meta":{"tdm_status":"","tdm_grid_status":"","footnotes":""},"categories":[70],"tags":[28461,46575,1267,206],"class_list":{"0":"post-154355","1":"post","2":"type-post","3":"status-publish","4":"format-standard","5":"has-post-thumbnail","7":"category-de-opinion","8":"tag-alamo-2","9":"tag-inundaciones-veracruz","10":"tag-poza-rica","11":"tag-proteccion-civil"},"yoast_head":"<!-- This site is optimized with the Yoast SEO plugin v27.4 - https:\/\/yoast.com\/product\/yoast-seo-wordpress\/ -->\n<title>CRECE LA TRAGEDIA\u2026 - Los pol\u00edticos Veracruz<\/title>\n<meta name=\"robots\" content=\"index, follow, max-snippet:-1, max-image-preview:large, max-video-preview:-1\" \/>\n<link rel=\"canonical\" href=\"https:\/\/lospoliticosveracruz.com\/?p=154355\" \/>\n<meta property=\"og:locale\" content=\"es_ES\" \/>\n<meta property=\"og:type\" content=\"article\" \/>\n<meta property=\"og:title\" content=\"CRECE LA TRAGEDIA\u2026 - Los pol\u00edticos Veracruz\" \/>\n<meta property=\"og:description\" content=\"Oved ContrerasSecas Mecas Pasan las horas y m\u00e1s municipios piden socorro tras el desastre natural provocado por el desbordamiento de r\u00edos en la zona norte del estado\u2026la gobernadora Roc\u00edo Nahle y sus colaboradores se han concentrado en atender Poza Rica por ser lo m\u00e1s medi\u00e1tico frente al desastre, pero otros municipios como \u00c1lamo, Tantoyuca e [&hellip;]\" \/>\n<meta property=\"og:url\" content=\"https:\/\/lospoliticosveracruz.com\/?p=154355\" \/>\n<meta property=\"og:site_name\" content=\"Los pol\u00edticos Veracruz\" \/>\n<meta property=\"article:publisher\" content=\"https:\/\/www.facebook.com\/people\/Notimemes-de-los-Polticos\/61565672886568\/\" \/>\n<meta property=\"article:published_time\" content=\"2025-10-12T16:28:00+00:00\" \/>\n<meta property=\"article:modified_time\" content=\"2025-10-12T16:28:13+00:00\" \/>\n<meta property=\"og:image\" content=\"https:\/\/lospoliticosveracruz.com\/wp-content\/uploads\/2025\/04\/Oved-Contreras-e1768066319253.jpg\" \/>\n\t<meta property=\"og:image:width\" content=\"600\" \/>\n\t<meta property=\"og:image:height\" content=\"320\" \/>\n\t<meta property=\"og:image:type\" content=\"image\/jpeg\" \/>\n<meta name=\"author\" content=\"Lo viste en Los Pol\u00edticos\" \/>\n<meta name=\"twitter:card\" content=\"summary_large_image\" \/>\n<meta name=\"twitter:creator\" content=\"@LosPoliticosVer\" \/>\n<meta name=\"twitter:site\" content=\"@LosPoliticosVer\" \/>\n<meta name=\"twitter:label1\" content=\"Escrito por\" \/>\n\t<meta name=\"twitter:data1\" content=\"Lo viste en Los Pol\u00edticos\" \/>\n\t<meta name=\"twitter:label2\" content=\"Tiempo de lectura\" \/>\n\t<meta name=\"twitter:data2\" content=\"6 minutos\" \/>\n<script type=\"application\/ld+json\" class=\"yoast-schema-graph\">{\"@context\":\"https:\\\/\\\/schema.org\",\"@graph\":[{\"@type\":\"Article\",\"@id\":\"https:\\\/\\\/lospoliticosveracruz.com\\\/?p=154355#article\",\"isPartOf\":{\"@id\":\"https:\\\/\\\/lospoliticosveracruz.com\\\/?p=154355\"},\"author\":{\"name\":\"Lo viste en Los Pol\u00edticos\",\"@id\":\"https:\\\/\\\/lospoliticosveracruz.com\\\/#\\\/schema\\\/person\\\/b8702bb0e538456e6efd07080bf2a4a2\"},\"headline\":\"CRECE LA TRAGEDIA\u2026\",\"datePublished\":\"2025-10-12T16:28:00+00:00\",\"dateModified\":\"2025-10-12T16:28:13+00:00\",\"mainEntityOfPage\":{\"@id\":\"https:\\\/\\\/lospoliticosveracruz.com\\\/?p=154355\"},\"wordCount\":1235,\"publisher\":{\"@id\":\"https:\\\/\\\/lospoliticosveracruz.com\\\/#organization\"},\"image\":{\"@id\":\"https:\\\/\\\/lospoliticosveracruz.com\\\/?p=154355#primaryimage\"},\"thumbnailUrl\":\"https:\\\/\\\/lospoliticosveracruz.com\\\/wp-content\\\/uploads\\\/2025\\\/04\\\/Oved-Contreras-e1768066319253.jpg\",\"keywords\":[\"\u00c1lamo\",\"inundaciones Veracruz\",\"Poza Rica\",\"Protecci\u00f3n Civil\"],\"articleSection\":[\"De Opini\u00f3n\"],\"inLanguage\":\"es\"},{\"@type\":\"WebPage\",\"@id\":\"https:\\\/\\\/lospoliticosveracruz.com\\\/?p=154355\",\"url\":\"https:\\\/\\\/lospoliticosveracruz.com\\\/?p=154355\",\"name\":\"CRECE LA TRAGEDIA\u2026 - Los pol\u00edticos Veracruz\",\"isPartOf\":{\"@id\":\"https:\\\/\\\/lospoliticosveracruz.com\\\/#website\"},\"primaryImageOfPage\":{\"@id\":\"https:\\\/\\\/lospoliticosveracruz.com\\\/?p=154355#primaryimage\"},\"image\":{\"@id\":\"https:\\\/\\\/lospoliticosveracruz.com\\\/?p=154355#primaryimage\"},\"thumbnailUrl\":\"https:\\\/\\\/lospoliticosveracruz.com\\\/wp-content\\\/uploads\\\/2025\\\/04\\\/Oved-Contreras-e1768066319253.jpg\",\"datePublished\":\"2025-10-12T16:28:00+00:00\",\"dateModified\":\"2025-10-12T16:28:13+00:00\",\"breadcrumb\":{\"@id\":\"https:\\\/\\\/lospoliticosveracruz.com\\\/?p=154355#breadcrumb\"},\"inLanguage\":\"es\",\"potentialAction\":[{\"@type\":\"ReadAction\",\"target\":[\"https:\\\/\\\/lospoliticosveracruz.com\\\/?p=154355\"]}]},{\"@type\":\"ImageObject\",\"inLanguage\":\"es\",\"@id\":\"https:\\\/\\\/lospoliticosveracruz.com\\\/?p=154355#primaryimage\",\"url\":\"https:\\\/\\\/lospoliticosveracruz.com\\\/wp-content\\\/uploads\\\/2025\\\/04\\\/Oved-Contreras-e1768066319253.jpg\",\"contentUrl\":\"https:\\\/\\\/lospoliticosveracruz.com\\\/wp-content\\\/uploads\\\/2025\\\/04\\\/Oved-Contreras-e1768066319253.jpg\",\"width\":600,\"height\":320},{\"@type\":\"BreadcrumbList\",\"@id\":\"https:\\\/\\\/lospoliticosveracruz.com\\\/?p=154355#breadcrumb\",\"itemListElement\":[{\"@type\":\"ListItem\",\"position\":1,\"name\":\"Portada\",\"item\":\"https:\\\/\\\/lospoliticosveracruz.com\\\/\"},{\"@type\":\"ListItem\",\"position\":2,\"name\":\"CRECE LA TRAGEDIA\u2026\"}]},{\"@type\":\"WebSite\",\"@id\":\"https:\\\/\\\/lospoliticosveracruz.com\\\/#website\",\"url\":\"https:\\\/\\\/lospoliticosveracruz.com\\\/\",\"name\":\"Los pol\u00edticos Veracruz\",\"description\":\"\",\"publisher\":{\"@id\":\"https:\\\/\\\/lospoliticosveracruz.com\\\/#organization\"},\"potentialAction\":[{\"@type\":\"SearchAction\",\"target\":{\"@type\":\"EntryPoint\",\"urlTemplate\":\"https:\\\/\\\/lospoliticosveracruz.com\\\/?s={search_term_string}\"},\"query-input\":{\"@type\":\"PropertyValueSpecification\",\"valueRequired\":true,\"valueName\":\"search_term_string\"}}],\"inLanguage\":\"es\"},{\"@type\":\"Organization\",\"@id\":\"https:\\\/\\\/lospoliticosveracruz.com\\\/#organization\",\"name\":\"Los pol\u00edticos Veracruz\",\"url\":\"https:\\\/\\\/lospoliticosveracruz.com\\\/\",\"logo\":{\"@type\":\"ImageObject\",\"inLanguage\":\"es\",\"@id\":\"https:\\\/\\\/lospoliticosveracruz.com\\\/#\\\/schema\\\/logo\\\/image\\\/\",\"url\":\"https:\\\/\\\/lospoliticosveracruz.com\\\/wp-content\\\/uploads\\\/2025\\\/12\\\/Logo-Nuevo-LOS-POLITICOS-1.jpg\",\"contentUrl\":\"https:\\\/\\\/lospoliticosveracruz.com\\\/wp-content\\\/uploads\\\/2025\\\/12\\\/Logo-Nuevo-LOS-POLITICOS-1.jpg\",\"width\":260,\"height\":70,\"caption\":\"Los pol\u00edticos Veracruz\"},\"image\":{\"@id\":\"https:\\\/\\\/lospoliticosveracruz.com\\\/#\\\/schema\\\/logo\\\/image\\\/\"},\"sameAs\":[\"https:\\\/\\\/www.facebook.com\\\/people\\\/Notimemes-de-los-Polticos\\\/61565672886568\\\/\",\"https:\\\/\\\/x.com\\\/LosPoliticosVer\"]},{\"@type\":\"Person\",\"@id\":\"https:\\\/\\\/lospoliticosveracruz.com\\\/#\\\/schema\\\/person\\\/b8702bb0e538456e6efd07080bf2a4a2\",\"name\":\"Lo viste en Los Pol\u00edticos\",\"image\":{\"@type\":\"ImageObject\",\"inLanguage\":\"es\",\"@id\":\"https:\\\/\\\/secure.gravatar.com\\\/avatar\\\/3a8de04a2656d44082be478bd6c086daa447c4651605818287b9532d3d0bd435?s=96&d=mm&r=g\",\"url\":\"https:\\\/\\\/secure.gravatar.com\\\/avatar\\\/3a8de04a2656d44082be478bd6c086daa447c4651605818287b9532d3d0bd435?s=96&d=mm&r=g\",\"contentUrl\":\"https:\\\/\\\/secure.gravatar.com\\\/avatar\\\/3a8de04a2656d44082be478bd6c086daa447c4651605818287b9532d3d0bd435?s=96&d=mm&r=g\",\"caption\":\"Lo viste en Los Pol\u00edticos\"},\"url\":\"https:\\\/\\\/lospoliticosveracruz.com\\\/?author=2\"}]}<\/script>\n<!-- \/ Yoast SEO plugin. -->","yoast_head_json":{"title":"CRECE LA TRAGEDIA\u2026 - Los pol\u00edticos Veracruz","robots":{"index":"index","follow":"follow","max-snippet":"max-snippet:-1","max-image-preview":"max-image-preview:large","max-video-preview":"max-video-preview:-1"},"canonical":"https:\/\/lospoliticosveracruz.com\/?p=154355","og_locale":"es_ES","og_type":"article","og_title":"CRECE LA TRAGEDIA\u2026 - Los pol\u00edticos Veracruz","og_description":"Oved ContrerasSecas Mecas Pasan las horas y m\u00e1s municipios piden socorro tras el desastre natural provocado por el desbordamiento de r\u00edos en la zona norte del estado\u2026la gobernadora Roc\u00edo Nahle y sus colaboradores se han concentrado en atender Poza Rica por ser lo m\u00e1s medi\u00e1tico frente al desastre, pero otros municipios como \u00c1lamo, Tantoyuca e [&hellip;]","og_url":"https:\/\/lospoliticosveracruz.com\/?p=154355","og_site_name":"Los pol\u00edticos Veracruz","article_publisher":"https:\/\/www.facebook.com\/people\/Notimemes-de-los-Polticos\/61565672886568\/","article_published_time":"2025-10-12T16:28:00+00:00","article_modified_time":"2025-10-12T16:28:13+00:00","og_image":[{"width":600,"height":320,"url":"https:\/\/lospoliticosveracruz.com\/wp-content\/uploads\/2025\/04\/Oved-Contreras-e1768066319253.jpg","type":"image\/jpeg"}],"author":"Lo viste en Los Pol\u00edticos","twitter_card":"summary_large_image","twitter_creator":"@LosPoliticosVer","twitter_site":"@LosPoliticosVer","twitter_misc":{"Escrito por":"Lo viste en Los Pol\u00edticos","Tiempo de lectura":"6 minutos"},"schema":{"@context":"https:\/\/schema.org","@graph":[{"@type":"Article","@id":"https:\/\/lospoliticosveracruz.com\/?p=154355#article","isPartOf":{"@id":"https:\/\/lospoliticosveracruz.com\/?p=154355"},"author":{"name":"Lo viste en Los Pol\u00edticos","@id":"https:\/\/lospoliticosveracruz.com\/#\/schema\/person\/b8702bb0e538456e6efd07080bf2a4a2"},"headline":"CRECE LA TRAGEDIA\u2026","datePublished":"2025-10-12T16:28:00+00:00","dateModified":"2025-10-12T16:28:13+00:00","mainEntityOfPage":{"@id":"https:\/\/lospoliticosveracruz.com\/?p=154355"},"wordCount":1235,"publisher":{"@id":"https:\/\/lospoliticosveracruz.com\/#organization"},"image":{"@id":"https:\/\/lospoliticosveracruz.com\/?p=154355#primaryimage"},"thumbnailUrl":"https:\/\/lospoliticosveracruz.com\/wp-content\/uploads\/2025\/04\/Oved-Contreras-e1768066319253.jpg","keywords":["\u00c1lamo","inundaciones Veracruz","Poza Rica","Protecci\u00f3n Civil"],"articleSection":["De Opini\u00f3n"],"inLanguage":"es"},{"@type":"WebPage","@id":"https:\/\/lospoliticosveracruz.com\/?p=154355","url":"https:\/\/lospoliticosveracruz.com\/?p=154355","name":"CRECE LA TRAGEDIA\u2026 - Los pol\u00edticos Veracruz","isPartOf":{"@id":"https:\/\/lospoliticosveracruz.com\/#website"},"primaryImageOfPage":{"@id":"https:\/\/lospoliticosveracruz.com\/?p=154355#primaryimage"},"image":{"@id":"https:\/\/lospoliticosveracruz.com\/?p=154355#primaryimage"},"thumbnailUrl":"https:\/\/lospoliticosveracruz.com\/wp-content\/uploads\/2025\/04\/Oved-Contreras-e1768066319253.jpg","datePublished":"2025-10-12T16:28:00+00:00","dateModified":"2025-10-12T16:28:13+00:00","breadcrumb":{"@id":"https:\/\/lospoliticosveracruz.com\/?p=154355#breadcrumb"},"inLanguage":"es","potentialAction":[{"@type":"ReadAction","target":["https:\/\/lospoliticosveracruz.com\/?p=154355"]}]},{"@type":"ImageObject","inLanguage":"es","@id":"https:\/\/lospoliticosveracruz.com\/?p=154355#primaryimage","url":"https:\/\/lospoliticosveracruz.com\/wp-content\/uploads\/2025\/04\/Oved-Contreras-e1768066319253.jpg","contentUrl":"https:\/\/lospoliticosveracruz.com\/wp-content\/uploads\/2025\/04\/Oved-Contreras-e1768066319253.jpg","width":600,"height":320},{"@type":"BreadcrumbList","@id":"https:\/\/lospoliticosveracruz.com\/?p=154355#breadcrumb","itemListElement":[{"@type":"ListItem","position":1,"name":"Portada","item":"https:\/\/lospoliticosveracruz.com\/"},{"@type":"ListItem","position":2,"name":"CRECE LA TRAGEDIA\u2026"}]},{"@type":"WebSite","@id":"https:\/\/lospoliticosveracruz.com\/#website","url":"https:\/\/lospoliticosveracruz.com\/","name":"Los pol\u00edticos Veracruz","description":"","publisher":{"@id":"https:\/\/lospoliticosveracruz.com\/#organization"},"potentialAction":[{"@type":"SearchAction","target":{"@type":"EntryPoint","urlTemplate":"https:\/\/lospoliticosveracruz.com\/?s={search_term_string}"},"query-input":{"@type":"PropertyValueSpecification","valueRequired":true,"valueName":"search_term_string"}}],"inLanguage":"es"},{"@type":"Organization","@id":"https:\/\/lospoliticosveracruz.com\/#organization","name":"Los pol\u00edticos Veracruz","url":"https:\/\/lospoliticosveracruz.com\/","logo":{"@type":"ImageObject","inLanguage":"es","@id":"https:\/\/lospoliticosveracruz.com\/#\/schema\/logo\/image\/","url":"https:\/\/lospoliticosveracruz.com\/wp-content\/uploads\/2025\/12\/Logo-Nuevo-LOS-POLITICOS-1.jpg","contentUrl":"https:\/\/lospoliticosveracruz.com\/wp-content\/uploads\/2025\/12\/Logo-Nuevo-LOS-POLITICOS-1.jpg","width":260,"height":70,"caption":"Los pol\u00edticos Veracruz"},"image":{"@id":"https:\/\/lospoliticosveracruz.com\/#\/schema\/logo\/image\/"},"sameAs":["https:\/\/www.facebook.com\/people\/Notimemes-de-los-Polticos\/61565672886568\/","https:\/\/x.com\/LosPoliticosVer"]},{"@type":"Person","@id":"https:\/\/lospoliticosveracruz.com\/#\/schema\/person\/b8702bb0e538456e6efd07080bf2a4a2","name":"Lo viste en Los Pol\u00edticos","image":{"@type":"ImageObject","inLanguage":"es","@id":"https:\/\/secure.gravatar.com\/avatar\/3a8de04a2656d44082be478bd6c086daa447c4651605818287b9532d3d0bd435?s=96&d=mm&r=g","url":"https:\/\/secure.gravatar.com\/avatar\/3a8de04a2656d44082be478bd6c086daa447c4651605818287b9532d3d0bd435?s=96&d=mm&r=g","contentUrl":"https:\/\/secure.gravatar.com\/avatar\/3a8de04a2656d44082be478bd6c086daa447c4651605818287b9532d3d0bd435?s=96&d=mm&r=g","caption":"Lo viste en Los Pol\u00edticos"},"url":"https:\/\/lospoliticosveracruz.com\/?author=2"}]}},"_links":{"self":[{"href":"https:\/\/lospoliticosveracruz.com\/index.php?rest_route=\/wp\/v2\/posts\/154355","targetHints":{"allow":["GET"]}}],"collection":[{"href":"https:\/\/lospoliticosveracruz.com\/index.php?rest_route=\/wp\/v2\/posts"}],"about":[{"href":"https:\/\/lospoliticosveracruz.com\/index.php?rest_route=\/wp\/v2\/types\/post"}],"author":[{"embeddable":true,"href":"https:\/\/lospoliticosveracruz.com\/index.php?rest_route=\/wp\/v2\/users\/2"}],"replies":[{"embeddable":true,"href":"https:\/\/lospoliticosveracruz.com\/index.php?rest_route=%2Fwp%2Fv2%2Fcomments&post=154355"}],"version-history":[{"count":2,"href":"https:\/\/lospoliticosveracruz.com\/index.php?rest_route=\/wp\/v2\/posts\/154355\/revisions"}],"predecessor-version":[{"id":154357,"href":"https:\/\/lospoliticosveracruz.com\/index.php?rest_route=\/wp\/v2\/posts\/154355\/revisions\/154357"}],"wp:featuredmedia":[{"embeddable":true,"href":"https:\/\/lospoliticosveracruz.com\/index.php?rest_route=\/wp\/v2\/media\/141426"}],"wp:attachment":[{"href":"https:\/\/lospoliticosveracruz.com\/index.php?rest_route=%2Fwp%2Fv2%2Fmedia&parent=154355"}],"wp:term":[{"taxonomy":"category","embeddable":true,"href":"https:\/\/lospoliticosveracruz.com\/index.php?rest_route=%2Fwp%2Fv2%2Fcategories&post=154355"},{"taxonomy":"post_tag","embeddable":true,"href":"https:\/\/lospoliticosveracruz.com\/index.php?rest_route=%2Fwp%2Fv2%2Ftags&post=154355"}],"curies":[{"name":"wp","href":"https:\/\/api.w.org\/{rel}","templated":true}]}}