{"id":15436,"date":"2015-03-22T14:05:16","date_gmt":"2015-03-22T20:05:16","guid":{"rendered":"http:\/\/www.lospoliticosveracruz.com.mx\/?p=15436"},"modified":"2015-03-23T22:41:32","modified_gmt":"2015-03-24T04:41:32","slug":"secretaria-de-salud-lo-que-se-avecina","status":"publish","type":"post","link":"https:\/\/lospoliticosveracruz.com\/?p=15436","title":{"rendered":"Secretar\u00eda de Salud: Lo que se avecina"},"content":{"rendered":"<p><a href=\"http:\/\/www.lospoliticosveracruz.com.mx\/wp-content\/uploads\/2015\/03\/image1-e1427054056428.jpg\"><img loading=\"lazy\" decoding=\"async\" class=\"alignnone size-medium wp-image-15435\" src=\"http:\/\/www.lospoliticosveracruz.com.mx\/wp-content\/uploads\/2015\/03\/image1-300x199.jpg\" alt=\"image\" width=\"300\" height=\"199\" \/><\/a><br \/>\n<strong>Claudia Guerrero Mart\u00ednez<\/strong><br \/>\n<em>Entre lo ut\u00f3pico y lo verdadero<\/em><\/p>\n<p>Alguien me dec\u00eda: \u201cClaudia, no quites el dedo del fraude en los Servicios de Salud de Veracruz\u201d\u2026 Y esto llam\u00f3 mi atenci\u00f3n, ya que la fuente, confiable hasta en el m\u00e1s m\u00ednimo detalle, nos brind\u00f3 informaci\u00f3n sustentada, sobre la situaci\u00f3n de la Secretar\u00eda de Salud en el Estado\u2026 Y adem\u00e1s, lo que se est\u00e1 cocinando, como una olla express, pues el esc\u00e1ndalo nacional est\u00e1 a punto de explotar en cualquier momento\u2026 Le cuento\u2026<\/p>\n<p>No es un secreto el fraude millonario en la Secretar\u00eda de Salud de Veracruz, en la cual, se detectaron desv\u00edos de recursos por mil 597 millones de pesos, tan s\u00f3lo en la Cuenta P\u00fablica del 2013 y se contabiliza el quebranto patrimonial, por un total de 3 mil 600 millones de pesos, en lo referente al 2012 y 2013\u2026 Y estos recursos fueron entregados para la ejecuci\u00f3n del programa Seguro Popular y la Auditor\u00eda Superior de la Federaci\u00f3n (ASF) detect\u00f3 dichas irregularidades\u2026<\/p>\n<p>Adem\u00e1s de Veracruz, tambi\u00e9n se detectaron quebrantos en los estados de Chiapas, Jalisco, Michoac\u00e1n e Hidalgo\u2026 El organismo auditor federal concluy\u00f3 que los recursos del Seguro Popular no se utilizaron de forma transparente, ni eficiente, sin cumplir con los objetivos y metas fijados\u2026 La ASF detect\u00f3 en Veracruz desabasto de medicamentos, atenci\u00f3n m\u00e9dica insuficiente o deficiente y hospitales en deplorables condiciones\u2026<\/p>\n<p>La administraci\u00f3n de Javier Duarte de Ochoa tiene un monto sin justificar de 3 mil 600 millones de pesos y casi mil 600 millones de pesos en el 2013, siendo el 35 por ciento de lo asignado a Veracruz para la ejecuci\u00f3n del Seguro Popular\u2026 Seg\u00fan ASF, la administraci\u00f3n de Javier Duarte de Ochoa no envi\u00f3 ning\u00fan informe sobre el ejercicio y destino de los recursos de los programas Cuota Social y Aportaci\u00f3n Solidaria Federal; tampoco proporcion\u00f3 informaci\u00f3n sobre la compra de servicios a prestadores privados, la adquisici\u00f3n de medicamentos y material de curaci\u00f3n, ni el listado de plazas pagadas\u2026<\/p>\n<p>Y lo que no se ha dicho, es que ya se dio vista a la Fiscal\u00eda General de la Rep\u00fablica (antes PGR) y habr\u00e1 \u00f3rdenes de aprehensi\u00f3n en contra del extitular de Salud, Juan Antonio Nemi Dib\u2026 Tambi\u00e9n, se investigan a nueve funcionarios y exfuncionarios de la Secretar\u00eda de Salud, sin olvidar estar en el mismo \u201cbarco\u201d las denuncias en contra de proveedores, algunos de ellos xalape\u00f1os\u2026<\/p>\n<p>Cabe mencionar, haber sido notificado de todo esto, al actual Secretario de Salud, Fernando Ben\u00edtez Obeso, quien realiz\u00f3 las denuncias correspondientes en el \u00e1mbito estatal, pues el actual titular de Salud asegur\u00f3 a funcionarios federales y a los de la ASF, que no se convertir\u00eda en c\u00f3mplice de este fraude monumental\u2026 Lo que no se sabe, si estas aprehensiones se dar\u00e1n en los pr\u00f3ximos d\u00edas o despu\u00e9s de las elecciones del 7 de junio\u2026<\/p>\n<p>La gravedad del asunto radica en que ya est\u00e1 detectado y a su vez, denunciado\u2026 Pero la ASF ha olvidado algunos otros rubros: De los tres mil 600 millones de pesos en el 2012 y 2013, no se ha considerado la compra a \u201csobreprecio\u201d de medicamentos y servicios\u2026 Si buscamos la lista de precios de medicamentos a mayoreo publicadas en Internet y las comparamos con las adquiridas por el Gobierno de Javier Duarte, nos damos cuenta de los precios excesivos e \u201cinflados\u201d en su compra; tambi\u00e9n se detect\u00f3 la adquisici\u00f3n de medicamentos caducos\u2026 Y algo que nos llam\u00f3 la atenci\u00f3n e indignaci\u00f3n, es la compra de una camioneta blindada para el exsecretario Juan Antonio Nemi Dib, en lugar de comprar ambulancias\u2026 Y este asunto molest\u00f3 a funcionarios federales del sector salud, pues ellos hab\u00edan destinado recursos para dichas ambulancias y no para una camioneta de lujo blindada, la cual, hasta hoy no aparece\u2026<\/p>\n<p>Y si a\u00fan no se repone por el enojo de lo que le estoy contando, existen m\u00e1s pecaditos\u2026 Hay documentaci\u00f3n que demuestra la muerte de cinco ni\u00f1os por no haber realizado el trasplante de m\u00e9dula \u00f3sea y la COFEPRIS pretende clausurar al Centro Estatal de Oncolog\u00eda, por la falta de certificaci\u00f3n y tambi\u00e9n por la falta de permisos de las bombas de Iridio, utilizadas para el combate contra el c\u00e1ncer\u2026 Y como estrategia jur\u00eddica y ganar m\u00e1s tiempo, el Gobierno de Duarte cambi\u00f3 el nombre de Centro Estatal de Cancerolog\u00eda a Instituto Estatal de Cancerolog\u00eda para detener, por unos meses, las inevitables clausuras\u2026<\/p>\n<p>Mucho peor\u2026 La Chikungunya, seg\u00fan la Organizaci\u00f3n Mundial de Salud, con la liga http:\/\/www.who.int\/mediacentre\/factsheets\/fs327\/es\/ en ella nos describe c\u00f3mo es la enfermedad viral contra\u00edda por mosquitos infectados y algunos s\u00edntomas son muy parecidos al dengue\u2026 Se ha detectado la presencia el virus en casi todo el mundo y en M\u00e9xico ya existen algunos casos de infectados\u2026 Lo interesante de esto que les comentamos, es que El Sistema de Vigilancia Epidemiol\u00f3gica en Veracruz, que se le destina un gran presupuesto estatal, no cuenta con ninguna acci\u00f3n u operativo sanitario por la llegada inminente del Chikungunya\u2026Y para variar, el destino de los recursos que se aplicar\u00edan para acciones sanitarias es incierto\u2026<\/p>\n<p>Y cito textualmente la investigaci\u00f3n de la fuente: \u201cQui\u00e9n pone alto al desfalco de los Servicios de Salud de Veracruz\u2026 Por alguna raz\u00f3n, a\u00fan sin explicaci\u00f3n, varias empresas se han visto favorecidas con contratos millonarios sin licitaci\u00f3n y que han vendido medicamentos caducos, medicamentos falsificados, servicios en Banco de Sangre y laboratorio cl\u00ednico a precios que superan un 50 por ciento, de lo que se paga en el resto de los estados del pa\u00eds\u2026 Siguen siendo proveedores favorecidos por la actual administraci\u00f3n duartista y no hay poder que haya sido capaz de que se les toque en sus negocios en contra de la Salud de los veracruzanos\u201d&#8230;<\/p>\n<p>Y como siempre, con pruebas sustentadas, citaremos los nombres de dichas empresas beneficiadas: Especialidades M\u00e9dicas del Sureste, Suministros MAXBEC SA de CV, LABSSA SA de CV y Grupo Empresarial HEBEREM SA de CV\u2026Todas ellas pertenecen al Grupo Empresarial Beceiro y tiene como socios a Andr\u00e9s Beceiro L\u00f3pez, Andr\u00e9s Beceiro Delf\u00edn y Mirna del Rosario D\u00edaz Sarmiento\u2026<\/p>\n<p>Y cita la investigaci\u00f3n: \u201cEst\u00e1 perfectamente documentado por medios locales de comunicaci\u00f3n y por la Contralor\u00eda del Estado de Veracruz, los abusos en la venta de medicamentos, los altos costos de los servicios en los Laboratorios Cl\u00ednicos y los bancos de Sangre atendidos por estas empresas; sin embargo, a pesar de todos los se\u00f1alamientos no pasa nada y estas empresas se han utilizado en diversos contratos, asignaciones y en todas, participan los mismos empresarios\u201d\u2026<\/p>\n<p>Y contin\u00faa el documento: \u201cCuando se nombr\u00f3 al actual Secretario de Salud, Juan Antonio Nemi Dib, el 7 de marzo de 2013, como resultado de las denuncias y esc\u00e1ndalos en las compras de medicamentos falsos, se cre\u00eda que dicho servidor p\u00fablico meter\u00eda orden y terminar\u00eda con el control de las empresas vinculadas a Andr\u00e9s Beceiro L\u00f3pez\u2026 Al pasar de los meses no hubo denuncias, ni acciones concretas\u2026 Las empresas vinculadas a este empresario se vieron favorecidas con un mayor n\u00famero de contratos y hasta el d\u00eda de hoy, tienen postrada a la Secretaria de Salud con contratos leoninos, que obligan a dicha dependencia estatal pagar los servicios de Banco de Sangre y laboratorio cl\u00ednico a precios estratosf\u00e9ricos\u2026Las empresas del Grupo Beceiro han facturado en promedio anual m\u00e1s de 900 millones de pesos a los Servicios de Salud de Veracruz en la administraci\u00f3n de Fidel Herrera Beltr\u00e1n y de Javier Duarte de Ochoa\u201d\u2026.<\/p>\n<p>Y hay m\u00e1s: \u201cDespu\u00e9s de revisar e investigar qui\u00e9n est\u00e1 detr\u00e1s de este grupo empresarial y su liga con Nemi Dib, se encontr\u00f3 que el hijo del exsecretario de Salud, Juan Antonio Nemi Dib, es novio de la nieta de Andr\u00e9s Beceiro L\u00f3pez y por esa relaci\u00f3n familiar, se est\u00e1 favoreciendo y protegiendo de las investigaciones en contra de sus empresas\u2026 Es p\u00fablico y notorio c\u00f3mo de empresario en venta de refacciones automotrices de clase media de la capital veracruzana, se convirti\u00f3 en multimillonario empresario del sector Salud, impulsado y protegido en un principio por el ex gobernador Fidel Herrera Beltr\u00e1n y hoy solapado por el actual gobernador Javier Duarte de Ochoa\u201d&#8230;<\/p>\n<p>Si bien hemos citado algunas empresas del Grupo Beceiro, hay otras tambi\u00e9n beneficiadas con contratos millonarios, las cuales son: Servicios MIC SA de CV, Grupo ICTZE SA de CV y Distribuidora LHAG SA de CV, con domicilio fiscal en Toluca Estado de M\u00e9xico\u2026 Todas ellas propiedad del empresario Isaac Hend\u00ed, quien es favorecido con contratos que superan los 250 millones de pesos de forma anual, para surtir reactivos y servicios a los Bancos de Sangre en Veracruz\u2026 Muchos entregados caducos o en exceso de lo necesario, para las necesidades de siete Bancos de Sangre\u2026 Lo indignante de este rubro: \u201cResponsables de dichos bancos se les obligan a recibir y tramitar los pagos, bajo amenaza de ser corridos de sus trabajos\u2026 Otro de los grandes desfalcos, es el protagonizado por la empresa FINAMED SA de CV quienes tienen uno de los contratos m\u00e1s grandes de la historia del Sector Salud, pues tienen arrendamiento de equipos m\u00e9dicos sin precedente y hoy es simplemente, imposible pagar y dar cumplimiento al Estado. Dicha empresa reclama 702 millones de pesos por sus servicios prestados a 11 hospitales de Veracruz\u201d.<\/p>\n<p>La historia de la Secretaria de Salud de Veracruz es cr\u00edtica, con Hospitales sin terminar, los que operan sin el equipo adecuado, falta de personal, desabasto de medicamento y material de curaci\u00f3n, jurisdicciones sanitarias tiradas al olvido y adeudos multimillonarios a los proveedores. Esa es su radiograf\u00eda\u2026<\/p>\n<p>Ah\u00ed dejamos los datos y nos resta esperar las acciones de la Fiscal\u00eda General de la Rep\u00fablica, pues alguien deber\u00e1 pagar tanta desverg\u00fcenza y robo al erario estatal, propiedad de los veracruzanos\u2026 Y si est\u00e1 involucrado el propio Javier Duarte de Ochoa, que no se escude con su fuero constitucional, como Gobernador de Veracruz\u2026 Con la salud no se vale jugar, ni tampoco robar\u2026<\/p>\n<p>Notita 1: Desde este espacio, agradezco la gentileza y detalles de la Maestra Nena Dur\u00e1n Campollo, Directora General del Colegio Summer Hills, quien siempre ha cre\u00eddo en el concepto e integrantes de C\u00edrculo Rojo del Periodismo Veracruzano. Mi afecto y estimaci\u00f3n para ella\u2026<\/p>\n<p>Notita 2: Alguien deber\u00e1 de auditar los dineros depositados en los juzgados de Veracruz por procesos judiciales de manutenci\u00f3n alimenticia, rentas, divorcios, entre otros\u2026 Resulta, que hay varios casos de personas, a quienes les fueron depositados en dichos juzgados y han querido cobrar esos recursos sin poder hacerlo, cuando hay recibos de dichos dep\u00f3sitos\u2026 Son varios meses de atraso y de que no han podido cobrarlo, pues esos dineros nadie sabe, ni nadie supo el por qu\u00e9 SEFIPLAN los est\u00e1 reteniendo\u2026 Indebidamente, la Secretar\u00eda de Finanzas y Planeaci\u00f3n de Veracruz tom\u00f3 dichos recursos y ahora no puede reponerlo, colocando al Poder Judicial en problemas\u2026<\/p>\n<p>Notita 2: Incre\u00edble, el \u201cdestape\u201d a la Gubernatura de dos a\u00f1os, hecho por Armando L\u00f3pez Contreras al Senador Jos\u00e9 Francisco Yunes Zorrilla, quien es amigo personal del legislador perote\u00f1o, realizado durante una comida en un Sal\u00f3n de Coatepec\u2026 Ah\u00ed acudieron amigos y familiares, pero tambi\u00e9n, varios periodistas \u201cincondicionales\u201d a Javier Duarte de Ochoa, quienes semanas antes alababan a los \u201cgallos\u201d duartistas Alberto Silva Ramos y a \u00c9rick Lagos Hern\u00e1ndez\u2026 Hoy, curiosamente critican a Javi Du y a su administraci\u00f3n estatal, pues se acab\u00f3 el dinero, se acab\u00f3 el amor\u2026 Y estos, buscan a nuevos mecenas\u2026<\/p>\n<p>Notita importante: Durante la comida de Pepe Yunes Zorrilla, algo que nos coment\u00f3 el Senador del PRI por Veracruz es la intenci\u00f3n de Javier Duarte de Ochoa de bursatilizar el impuesto del 2 Por Ciento a la N\u00f3mina en Veracruz, para tratar de captar recursos por la inminente quiebra financiera en Veracruz\u2026 El perote\u00f1o, de manera tajante, asegur\u00f3 que esto no lo va a permitir, pues es \u201csangrar\u201d a\u00fan m\u00e1s al estado\u2026 Y su servidora, hace la indiscreci\u00f3n de su comentario en \u00e9sta columna\u2026<\/p>\n<p>Dudas y comentarios: claudiaguerreromtz@gmail.com<\/p>\n<p>Twitter: @cguerreromtz<\/p>\n","protected":false},"excerpt":{"rendered":"<p>Claudia Guerrero Mart\u00ednez Entre lo ut\u00f3pico y lo verdadero Alguien me dec\u00eda: \u201cClaudia, no quites el dedo del fraude en los Servicios de Salud de Veracruz\u201d\u2026 Y esto llam\u00f3 mi atenci\u00f3n, ya que la fuente, confiable hasta en el m\u00e1s m\u00ednimo detalle, nos brind\u00f3 informaci\u00f3n sustentada, sobre la situaci\u00f3n de la Secretar\u00eda de Salud en [&hellip;]<\/p>\n","protected":false},"author":2,"featured_media":0,"comment_status":"open","ping_status":"open","sticky":false,"template":"","format":"standard","meta":{"tdm_status":"","tdm_grid_status":"","footnotes":""},"categories":[70],"tags":[2180,2179,2178,996,995,1969],"class_list":{"0":"post-15436","1":"post","2":"type-post","3":"status-publish","4":"format-standard","6":"category-de-opinion","7":"tag-asf","8":"tag-desvio-recursos","9":"tag-fraude","10":"tag-juan-antonio-nemi-dib","11":"tag-secretaria-de-salud","12":"tag-seguro-popular"},"yoast_head":"<!-- This site is optimized with the Yoast SEO plugin v27.4 - https:\/\/yoast.com\/product\/yoast-seo-wordpress\/ -->\n<title>Secretar\u00eda de Salud: Lo que se avecina - Los pol\u00edticos Veracruz<\/title>\n<meta name=\"robots\" content=\"index, follow, max-snippet:-1, max-image-preview:large, max-video-preview:-1\" \/>\n<link rel=\"canonical\" href=\"https:\/\/lospoliticosveracruz.com\/?p=15436\" \/>\n<meta property=\"og:locale\" content=\"es_ES\" \/>\n<meta property=\"og:type\" content=\"article\" \/>\n<meta property=\"og:title\" content=\"Secretar\u00eda de Salud: Lo que se avecina - Los pol\u00edticos Veracruz\" \/>\n<meta property=\"og:description\" content=\"Claudia Guerrero Mart\u00ednez Entre lo ut\u00f3pico y lo verdadero Alguien me dec\u00eda: \u201cClaudia, no quites el dedo del fraude en los Servicios de Salud de Veracruz\u201d\u2026 Y esto llam\u00f3 mi atenci\u00f3n, ya que la fuente, confiable hasta en el m\u00e1s m\u00ednimo detalle, nos brind\u00f3 informaci\u00f3n sustentada, sobre la situaci\u00f3n de la Secretar\u00eda de Salud en [&hellip;]\" \/>\n<meta property=\"og:url\" content=\"https:\/\/lospoliticosveracruz.com\/?p=15436\" \/>\n<meta property=\"og:site_name\" content=\"Los pol\u00edticos Veracruz\" \/>\n<meta property=\"article:publisher\" content=\"https:\/\/www.facebook.com\/people\/Notimemes-de-los-Polticos\/61565672886568\/\" \/>\n<meta property=\"article:published_time\" content=\"2015-03-22T20:05:16+00:00\" \/>\n<meta property=\"article:modified_time\" content=\"2015-03-24T04:41:32+00:00\" \/>\n<meta property=\"og:image\" content=\"http:\/\/www.lospoliticosveracruz.com.mx\/wp-content\/uploads\/2015\/03\/image1-300x199.jpg\" \/>\n<meta name=\"author\" content=\"Lo viste en Los Pol\u00edticos\" \/>\n<meta name=\"twitter:card\" content=\"summary_large_image\" \/>\n<meta name=\"twitter:creator\" content=\"@LosPoliticosVer\" \/>\n<meta name=\"twitter:site\" content=\"@LosPoliticosVer\" \/>\n<meta name=\"twitter:label1\" content=\"Escrito por\" \/>\n\t<meta name=\"twitter:data1\" content=\"Lo viste en Los Pol\u00edticos\" \/>\n\t<meta name=\"twitter:label2\" content=\"Tiempo de lectura\" \/>\n\t<meta name=\"twitter:data2\" content=\"10 minutos\" \/>\n<script type=\"application\/ld+json\" class=\"yoast-schema-graph\">{\"@context\":\"https:\\\/\\\/schema.org\",\"@graph\":[{\"@type\":\"Article\",\"@id\":\"https:\\\/\\\/lospoliticosveracruz.com\\\/?p=15436#article\",\"isPartOf\":{\"@id\":\"https:\\\/\\\/lospoliticosveracruz.com\\\/?p=15436\"},\"author\":{\"name\":\"Lo viste en Los Pol\u00edticos\",\"@id\":\"https:\\\/\\\/lospoliticosveracruz.com\\\/#\\\/schema\\\/person\\\/b8702bb0e538456e6efd07080bf2a4a2\"},\"headline\":\"Secretar\u00eda de Salud: Lo que se avecina\",\"datePublished\":\"2015-03-22T20:05:16+00:00\",\"dateModified\":\"2015-03-24T04:41:32+00:00\",\"mainEntityOfPage\":{\"@id\":\"https:\\\/\\\/lospoliticosveracruz.com\\\/?p=15436\"},\"wordCount\":2102,\"commentCount\":0,\"publisher\":{\"@id\":\"https:\\\/\\\/lospoliticosveracruz.com\\\/#organization\"},\"image\":{\"@id\":\"https:\\\/\\\/lospoliticosveracruz.com\\\/?p=15436#primaryimage\"},\"thumbnailUrl\":\"http:\\\/\\\/www.lospoliticosveracruz.com.mx\\\/wp-content\\\/uploads\\\/2015\\\/03\\\/image1-300x199.jpg\",\"keywords\":[\"ASF\",\"Desv\u00edo recursos\",\"Fraude\",\"Juan Antonio Nemi Dib\",\"Secretar\u00eda de Salud\",\"Seguro Popular\"],\"articleSection\":[\"De Opini\u00f3n\"],\"inLanguage\":\"es\",\"potentialAction\":[{\"@type\":\"CommentAction\",\"name\":\"Comment\",\"target\":[\"https:\\\/\\\/lospoliticosveracruz.com\\\/?p=15436#respond\"]}]},{\"@type\":\"WebPage\",\"@id\":\"https:\\\/\\\/lospoliticosveracruz.com\\\/?p=15436\",\"url\":\"https:\\\/\\\/lospoliticosveracruz.com\\\/?p=15436\",\"name\":\"Secretar\u00eda de Salud: Lo que se avecina - Los pol\u00edticos Veracruz\",\"isPartOf\":{\"@id\":\"https:\\\/\\\/lospoliticosveracruz.com\\\/#website\"},\"primaryImageOfPage\":{\"@id\":\"https:\\\/\\\/lospoliticosveracruz.com\\\/?p=15436#primaryimage\"},\"image\":{\"@id\":\"https:\\\/\\\/lospoliticosveracruz.com\\\/?p=15436#primaryimage\"},\"thumbnailUrl\":\"http:\\\/\\\/www.lospoliticosveracruz.com.mx\\\/wp-content\\\/uploads\\\/2015\\\/03\\\/image1-300x199.jpg\",\"datePublished\":\"2015-03-22T20:05:16+00:00\",\"dateModified\":\"2015-03-24T04:41:32+00:00\",\"breadcrumb\":{\"@id\":\"https:\\\/\\\/lospoliticosveracruz.com\\\/?p=15436#breadcrumb\"},\"inLanguage\":\"es\",\"potentialAction\":[{\"@type\":\"ReadAction\",\"target\":[\"https:\\\/\\\/lospoliticosveracruz.com\\\/?p=15436\"]}]},{\"@type\":\"ImageObject\",\"inLanguage\":\"es\",\"@id\":\"https:\\\/\\\/lospoliticosveracruz.com\\\/?p=15436#primaryimage\",\"url\":\"http:\\\/\\\/www.lospoliticosveracruz.com.mx\\\/wp-content\\\/uploads\\\/2015\\\/03\\\/image1-300x199.jpg\",\"contentUrl\":\"http:\\\/\\\/www.lospoliticosveracruz.com.mx\\\/wp-content\\\/uploads\\\/2015\\\/03\\\/image1-300x199.jpg\"},{\"@type\":\"BreadcrumbList\",\"@id\":\"https:\\\/\\\/lospoliticosveracruz.com\\\/?p=15436#breadcrumb\",\"itemListElement\":[{\"@type\":\"ListItem\",\"position\":1,\"name\":\"Portada\",\"item\":\"https:\\\/\\\/lospoliticosveracruz.com\\\/\"},{\"@type\":\"ListItem\",\"position\":2,\"name\":\"Secretar\u00eda de Salud: Lo que se avecina\"}]},{\"@type\":\"WebSite\",\"@id\":\"https:\\\/\\\/lospoliticosveracruz.com\\\/#website\",\"url\":\"https:\\\/\\\/lospoliticosveracruz.com\\\/\",\"name\":\"Los pol\u00edticos Veracruz\",\"description\":\"\",\"publisher\":{\"@id\":\"https:\\\/\\\/lospoliticosveracruz.com\\\/#organization\"},\"potentialAction\":[{\"@type\":\"SearchAction\",\"target\":{\"@type\":\"EntryPoint\",\"urlTemplate\":\"https:\\\/\\\/lospoliticosveracruz.com\\\/?s={search_term_string}\"},\"query-input\":{\"@type\":\"PropertyValueSpecification\",\"valueRequired\":true,\"valueName\":\"search_term_string\"}}],\"inLanguage\":\"es\"},{\"@type\":\"Organization\",\"@id\":\"https:\\\/\\\/lospoliticosveracruz.com\\\/#organization\",\"name\":\"Los pol\u00edticos Veracruz\",\"url\":\"https:\\\/\\\/lospoliticosveracruz.com\\\/\",\"logo\":{\"@type\":\"ImageObject\",\"inLanguage\":\"es\",\"@id\":\"https:\\\/\\\/lospoliticosveracruz.com\\\/#\\\/schema\\\/logo\\\/image\\\/\",\"url\":\"https:\\\/\\\/lospoliticosveracruz.com\\\/wp-content\\\/uploads\\\/2025\\\/12\\\/Logo-Nuevo-LOS-POLITICOS-1.jpg\",\"contentUrl\":\"https:\\\/\\\/lospoliticosveracruz.com\\\/wp-content\\\/uploads\\\/2025\\\/12\\\/Logo-Nuevo-LOS-POLITICOS-1.jpg\",\"width\":260,\"height\":70,\"caption\":\"Los pol\u00edticos Veracruz\"},\"image\":{\"@id\":\"https:\\\/\\\/lospoliticosveracruz.com\\\/#\\\/schema\\\/logo\\\/image\\\/\"},\"sameAs\":[\"https:\\\/\\\/www.facebook.com\\\/people\\\/Notimemes-de-los-Polticos\\\/61565672886568\\\/\",\"https:\\\/\\\/x.com\\\/LosPoliticosVer\"]},{\"@type\":\"Person\",\"@id\":\"https:\\\/\\\/lospoliticosveracruz.com\\\/#\\\/schema\\\/person\\\/b8702bb0e538456e6efd07080bf2a4a2\",\"name\":\"Lo viste en Los Pol\u00edticos\",\"image\":{\"@type\":\"ImageObject\",\"inLanguage\":\"es\",\"@id\":\"https:\\\/\\\/secure.gravatar.com\\\/avatar\\\/3a8de04a2656d44082be478bd6c086daa447c4651605818287b9532d3d0bd435?s=96&d=mm&r=g\",\"url\":\"https:\\\/\\\/secure.gravatar.com\\\/avatar\\\/3a8de04a2656d44082be478bd6c086daa447c4651605818287b9532d3d0bd435?s=96&d=mm&r=g\",\"contentUrl\":\"https:\\\/\\\/secure.gravatar.com\\\/avatar\\\/3a8de04a2656d44082be478bd6c086daa447c4651605818287b9532d3d0bd435?s=96&d=mm&r=g\",\"caption\":\"Lo viste en Los Pol\u00edticos\"},\"url\":\"https:\\\/\\\/lospoliticosveracruz.com\\\/?author=2\"}]}<\/script>\n<!-- \/ Yoast SEO plugin. -->","yoast_head_json":{"title":"Secretar\u00eda de Salud: Lo que se avecina - Los pol\u00edticos Veracruz","robots":{"index":"index","follow":"follow","max-snippet":"max-snippet:-1","max-image-preview":"max-image-preview:large","max-video-preview":"max-video-preview:-1"},"canonical":"https:\/\/lospoliticosveracruz.com\/?p=15436","og_locale":"es_ES","og_type":"article","og_title":"Secretar\u00eda de Salud: Lo que se avecina - Los pol\u00edticos Veracruz","og_description":"Claudia Guerrero Mart\u00ednez Entre lo ut\u00f3pico y lo verdadero Alguien me dec\u00eda: \u201cClaudia, no quites el dedo del fraude en los Servicios de Salud de Veracruz\u201d\u2026 Y esto llam\u00f3 mi atenci\u00f3n, ya que la fuente, confiable hasta en el m\u00e1s m\u00ednimo detalle, nos brind\u00f3 informaci\u00f3n sustentada, sobre la situaci\u00f3n de la Secretar\u00eda de Salud en [&hellip;]","og_url":"https:\/\/lospoliticosveracruz.com\/?p=15436","og_site_name":"Los pol\u00edticos Veracruz","article_publisher":"https:\/\/www.facebook.com\/people\/Notimemes-de-los-Polticos\/61565672886568\/","article_published_time":"2015-03-22T20:05:16+00:00","article_modified_time":"2015-03-24T04:41:32+00:00","og_image":[{"url":"http:\/\/www.lospoliticosveracruz.com.mx\/wp-content\/uploads\/2015\/03\/image1-300x199.jpg","type":"","width":"","height":""}],"author":"Lo viste en Los Pol\u00edticos","twitter_card":"summary_large_image","twitter_creator":"@LosPoliticosVer","twitter_site":"@LosPoliticosVer","twitter_misc":{"Escrito por":"Lo viste en Los Pol\u00edticos","Tiempo de lectura":"10 minutos"},"schema":{"@context":"https:\/\/schema.org","@graph":[{"@type":"Article","@id":"https:\/\/lospoliticosveracruz.com\/?p=15436#article","isPartOf":{"@id":"https:\/\/lospoliticosveracruz.com\/?p=15436"},"author":{"name":"Lo viste en Los Pol\u00edticos","@id":"https:\/\/lospoliticosveracruz.com\/#\/schema\/person\/b8702bb0e538456e6efd07080bf2a4a2"},"headline":"Secretar\u00eda de Salud: Lo que se avecina","datePublished":"2015-03-22T20:05:16+00:00","dateModified":"2015-03-24T04:41:32+00:00","mainEntityOfPage":{"@id":"https:\/\/lospoliticosveracruz.com\/?p=15436"},"wordCount":2102,"commentCount":0,"publisher":{"@id":"https:\/\/lospoliticosveracruz.com\/#organization"},"image":{"@id":"https:\/\/lospoliticosveracruz.com\/?p=15436#primaryimage"},"thumbnailUrl":"http:\/\/www.lospoliticosveracruz.com.mx\/wp-content\/uploads\/2015\/03\/image1-300x199.jpg","keywords":["ASF","Desv\u00edo recursos","Fraude","Juan Antonio Nemi Dib","Secretar\u00eda de Salud","Seguro Popular"],"articleSection":["De Opini\u00f3n"],"inLanguage":"es","potentialAction":[{"@type":"CommentAction","name":"Comment","target":["https:\/\/lospoliticosveracruz.com\/?p=15436#respond"]}]},{"@type":"WebPage","@id":"https:\/\/lospoliticosveracruz.com\/?p=15436","url":"https:\/\/lospoliticosveracruz.com\/?p=15436","name":"Secretar\u00eda de Salud: Lo que se avecina - Los pol\u00edticos Veracruz","isPartOf":{"@id":"https:\/\/lospoliticosveracruz.com\/#website"},"primaryImageOfPage":{"@id":"https:\/\/lospoliticosveracruz.com\/?p=15436#primaryimage"},"image":{"@id":"https:\/\/lospoliticosveracruz.com\/?p=15436#primaryimage"},"thumbnailUrl":"http:\/\/www.lospoliticosveracruz.com.mx\/wp-content\/uploads\/2015\/03\/image1-300x199.jpg","datePublished":"2015-03-22T20:05:16+00:00","dateModified":"2015-03-24T04:41:32+00:00","breadcrumb":{"@id":"https:\/\/lospoliticosveracruz.com\/?p=15436#breadcrumb"},"inLanguage":"es","potentialAction":[{"@type":"ReadAction","target":["https:\/\/lospoliticosveracruz.com\/?p=15436"]}]},{"@type":"ImageObject","inLanguage":"es","@id":"https:\/\/lospoliticosveracruz.com\/?p=15436#primaryimage","url":"http:\/\/www.lospoliticosveracruz.com.mx\/wp-content\/uploads\/2015\/03\/image1-300x199.jpg","contentUrl":"http:\/\/www.lospoliticosveracruz.com.mx\/wp-content\/uploads\/2015\/03\/image1-300x199.jpg"},{"@type":"BreadcrumbList","@id":"https:\/\/lospoliticosveracruz.com\/?p=15436#breadcrumb","itemListElement":[{"@type":"ListItem","position":1,"name":"Portada","item":"https:\/\/lospoliticosveracruz.com\/"},{"@type":"ListItem","position":2,"name":"Secretar\u00eda de Salud: Lo que se avecina"}]},{"@type":"WebSite","@id":"https:\/\/lospoliticosveracruz.com\/#website","url":"https:\/\/lospoliticosveracruz.com\/","name":"Los pol\u00edticos Veracruz","description":"","publisher":{"@id":"https:\/\/lospoliticosveracruz.com\/#organization"},"potentialAction":[{"@type":"SearchAction","target":{"@type":"EntryPoint","urlTemplate":"https:\/\/lospoliticosveracruz.com\/?s={search_term_string}"},"query-input":{"@type":"PropertyValueSpecification","valueRequired":true,"valueName":"search_term_string"}}],"inLanguage":"es"},{"@type":"Organization","@id":"https:\/\/lospoliticosveracruz.com\/#organization","name":"Los pol\u00edticos Veracruz","url":"https:\/\/lospoliticosveracruz.com\/","logo":{"@type":"ImageObject","inLanguage":"es","@id":"https:\/\/lospoliticosveracruz.com\/#\/schema\/logo\/image\/","url":"https:\/\/lospoliticosveracruz.com\/wp-content\/uploads\/2025\/12\/Logo-Nuevo-LOS-POLITICOS-1.jpg","contentUrl":"https:\/\/lospoliticosveracruz.com\/wp-content\/uploads\/2025\/12\/Logo-Nuevo-LOS-POLITICOS-1.jpg","width":260,"height":70,"caption":"Los pol\u00edticos Veracruz"},"image":{"@id":"https:\/\/lospoliticosveracruz.com\/#\/schema\/logo\/image\/"},"sameAs":["https:\/\/www.facebook.com\/people\/Notimemes-de-los-Polticos\/61565672886568\/","https:\/\/x.com\/LosPoliticosVer"]},{"@type":"Person","@id":"https:\/\/lospoliticosveracruz.com\/#\/schema\/person\/b8702bb0e538456e6efd07080bf2a4a2","name":"Lo viste en Los Pol\u00edticos","image":{"@type":"ImageObject","inLanguage":"es","@id":"https:\/\/secure.gravatar.com\/avatar\/3a8de04a2656d44082be478bd6c086daa447c4651605818287b9532d3d0bd435?s=96&d=mm&r=g","url":"https:\/\/secure.gravatar.com\/avatar\/3a8de04a2656d44082be478bd6c086daa447c4651605818287b9532d3d0bd435?s=96&d=mm&r=g","contentUrl":"https:\/\/secure.gravatar.com\/avatar\/3a8de04a2656d44082be478bd6c086daa447c4651605818287b9532d3d0bd435?s=96&d=mm&r=g","caption":"Lo viste en Los Pol\u00edticos"},"url":"https:\/\/lospoliticosveracruz.com\/?author=2"}]}},"_links":{"self":[{"href":"https:\/\/lospoliticosveracruz.com\/index.php?rest_route=\/wp\/v2\/posts\/15436","targetHints":{"allow":["GET"]}}],"collection":[{"href":"https:\/\/lospoliticosveracruz.com\/index.php?rest_route=\/wp\/v2\/posts"}],"about":[{"href":"https:\/\/lospoliticosveracruz.com\/index.php?rest_route=\/wp\/v2\/types\/post"}],"author":[{"embeddable":true,"href":"https:\/\/lospoliticosveracruz.com\/index.php?rest_route=\/wp\/v2\/users\/2"}],"replies":[{"embeddable":true,"href":"https:\/\/lospoliticosveracruz.com\/index.php?rest_route=%2Fwp%2Fv2%2Fcomments&post=15436"}],"version-history":[{"count":2,"href":"https:\/\/lospoliticosveracruz.com\/index.php?rest_route=\/wp\/v2\/posts\/15436\/revisions"}],"predecessor-version":[{"id":15458,"href":"https:\/\/lospoliticosveracruz.com\/index.php?rest_route=\/wp\/v2\/posts\/15436\/revisions\/15458"}],"wp:attachment":[{"href":"https:\/\/lospoliticosveracruz.com\/index.php?rest_route=%2Fwp%2Fv2%2Fmedia&parent=15436"}],"wp:term":[{"taxonomy":"category","embeddable":true,"href":"https:\/\/lospoliticosveracruz.com\/index.php?rest_route=%2Fwp%2Fv2%2Fcategories&post=15436"},{"taxonomy":"post_tag","embeddable":true,"href":"https:\/\/lospoliticosveracruz.com\/index.php?rest_route=%2Fwp%2Fv2%2Ftags&post=15436"}],"curies":[{"name":"wp","href":"https:\/\/api.w.org\/{rel}","templated":true}]}}