{"id":154363,"date":"2025-10-12T22:22:00","date_gmt":"2025-10-13T03:22:00","guid":{"rendered":"https:\/\/lospoliticosveracruz.com.mx\/?p=154363"},"modified":"2025-10-12T19:28:56","modified_gmt":"2025-10-13T00:28:56","slug":"desconexion","status":"publish","type":"post","link":"https:\/\/lospoliticosveracruz.com\/?p=154363","title":{"rendered":"DESCONEXI\u00d3N"},"content":{"rendered":"\n<p><br><\/p>\n\n\n\n<p>S\u00edguenos ahora tambi\u00e9n en WhatsApp.\u00a0\u00a1<a href=\"https:\/\/whatsapp.com\/channel\/0029Va8zRWlEKyZIP3Z1dF0e\"><strong>Da clic aqu\u00ed<\/strong><\/a><strong>!<\/strong><\/p>\n\n\n\n<p><strong>Guadalupe H. Mar<\/strong><br><em>Mira Pol\u00edtica<\/em><\/p>\n\n\n\n<p><strong>SE IMPUSIERON LOS EGOS<\/strong> \u2026 Los especialistas en comunicaci\u00f3n pol\u00edtica coinciden en que las crisis exponen las debilidades y los puntos ciegos de una organizaci\u00f3n, permitiendo identificar \u00e1reas de mejora y generar nuevas ideas para superarlas.<br>Pues bien, hoy sobre todo el norte del estado de <strong>Veracruz<\/strong>, vive una severa crisis como consecuencia de la crecida de r\u00edos que inundaron particularmente las ciudades de <strong>\u00c1lamo Temapache<\/strong> y <strong>Poza Rica de Hidalgo<\/strong>, tragedia que, si bien no pudo evitarse, si demostr\u00f3 los puntos ciegos de los tres niveles de gobierno, el <strong>federal<\/strong> <strong>estatal<\/strong> y <strong>municipales<\/strong> que tardaron mucho para intervenir proactivamente y fueron m\u00e1s lentos para hacerlo reactivamente.<\/p>\n\n\n\n\n\n<p><br>Uno de esos puntos ciegos que se visibiliz\u00f3 con esta crisis del norte del estado de <strong>Veracruz<\/strong> provocada por la madre naturaleza, es la desconexi\u00f3n que existe entre quienes circunstancialmente est\u00e1n a cargo de esa entelequia llamada <strong>gobierno del estado de Veracruz<\/strong> y los t\u00e9cnicos o especialistas del <strong>gobierno federal<\/strong>, pues estos \u00faltimos hab\u00edan advertido desde el jueves nueve de octubre, un d\u00eda antes de la inundaci\u00f3n en <strong>\u00c1lamo<\/strong> y <strong>Poza Rica<\/strong>, que los r\u00edos de la zona estaban desbordados.<br>El jueves nueve de octubre, <strong>Radio Televisi\u00f3n de Veracruz (RTV)<\/strong> sac\u00f3 al aire la entrevista que la comunicadora y periodista <strong>Nora Hern\u00e1ndez<\/strong> le hizo a la meteor\u00f3loga <strong>Jessica Luna Lagunes<\/strong>, jefa del <strong>Departamento de Hidrometeorolog\u00eda del Organismo Cuenca Golfo Centro de la Comisi\u00f3n Nacional del Agua (Conagua)<\/strong>, quien advirti\u00f3 que debido a las fuertes lluvias registradas en las \u00faltimas horas hay desbordamientos de r\u00edos y arroyos en la zona norte del estado como <strong>Arroyo Estero del \u00cddolo<\/strong> y <strong>Oro Verde<\/strong>, ubicados en el municipio de <strong>\u00c1lamo Temapache<\/strong>, as\u00ed como el <strong>r\u00edo Cazones<\/strong>, a la altura de <strong>Poza Rica de Hidalgo<\/strong>.<br>Textualmente, la meteor\u00f3loga con muchos a\u00f1os de experiencia dijo a <strong>RTV<\/strong>, \u201cEn las \u00faltimas 48 horas hemos tenido acumulados mayores a los 300 mil\u00edmetros que es aproximadamente ya el 80 por ciento de lo que normalmente llueve para este mes de octubre, es decir, en tan s\u00f3lo dos d\u00edas ya se registr\u00f3 m\u00e1s del 80 por ciento y esto bueno pues ha generado el incremento de los niveles de los r\u00edos especialmente en la zona norte donde el d\u00eda de ayer se super\u00f3 el nivel de desbordamiento en lo que fue <strong>r\u00edo Cazones<\/strong>\u201d.<br>Contin\u00fao diciendo, \u201ceste d\u00eda todav\u00eda se mantiene por arriba de ese nivel de desbordamiento a la altura de <strong>Poza Rica<\/strong> y tiene un nivel todav\u00eda de 1.75 metros. Asimismo, el d\u00eda de ayer por la noche tuvimos el desbordamiento de dos arroyos en la zona de <strong>\u00c1lamo<\/strong> que es <strong>Estero del \u00cddolo<\/strong> y <strong>Oro Verde<\/strong>\u201d. <a href=\"https:\/\/acortar.link\/25y2eu\">https:\/\/acortar.link\/25y2eu<\/a><br>Si leen con detalle amables lectoras y lectores, horas antes de la tragedia sucedida por la r\u00e1pida inundaci\u00f3n del viernes 10 de octubre en los municipios de <strong>\u00c1lamo Temapache<\/strong> y <strong>Poza Rica de Hidalgo<\/strong>, la jefa del <strong>Departamento de Hidrometeorolog\u00eda del Organismo Cuenca Golfo Centro de Conagua<\/strong>, del <strong>gobierno federal<\/strong>, declar\u00f3 al canal de radio y televisi\u00f3n del <strong>gobierno del estado de Veracruz<\/strong> que el incremento de los niveles de los r\u00edos especialmente en la zona norte donde el d\u00eda de ayer se super\u00f3 el nivel de desbordamiento en lo que fue <strong>r\u00edo Cazones<\/strong>, sin embargo, nadie del <strong>gobierno estatal veracruzano<\/strong> y creemos que ni del mismo <strong>Radio Televisi\u00f3n de Veracruz<\/strong> puso atenci\u00f3n a la advertencia de la meteor\u00f3loga del <strong>gobierno federal<\/strong>.<br>La jefa del <strong>Departamento de Hidrometeorolog\u00eda del Organismo Cuenca Golfo Centro de la Comisi\u00f3n Nacional del Agua<\/strong> fue m\u00e1s all\u00e1 y advirti\u00f3 que \u201cse mantiene vigilancia, ya que todav\u00eda en las siguientes 24-48 horas van a persistir las condiciones para lluvias en gran parte del estado de <strong>Veracruz<\/strong> y en especial en la zona norte donde no se descartan todav\u00eda acumulados entre los 75 incluso 100 mil\u00edmetros\u201d, advertencia que fue un grito en el desierto, pues nadie la escuch\u00f3 y no se actu\u00f3 preventivamente.<br>Amables lectoras y lectores, no se trata de buscar culpables de esta tragedia provocada por la madre naturaleza que nos pone a sus hijos en su lugar.<br>Se trata de hacerle ver a quienes tienen la oportunidad de servirle a la ciudadan\u00eda desde la actual administraci\u00f3n estatal, sus puntos ciegos que les permitan identificar \u00e1reas de mejora y generar nuevas ideas para superarlas, siendo una de esas fallas o \u00e1reas de oportunidad, la descoordinaci\u00f3n entre gobiernos, pues de que se advirti\u00f3 de la crecida y desbordamiento de los r\u00edos, se hizo.<br>Lo de la lucha de egos entre los especialistas de los gobiernos <strong>estatal<\/strong> y <strong>federal<\/strong>, es como dijera la <strong>Nana Goya<\/strong>, otra historia.<br><strong>UN0S A LA PENA<\/strong> \u2026 Los cuerpos de seguridad de los tres niveles de gobierno en la zona norte del estado de <strong>Veracruz<\/strong>, no pudieron contener los saqueos que algunas o muchas personas cometieron en los establecimientos comerciales que se inundaron en los municipios de <strong>\u00c1lamo Temapache<\/strong> y <strong>Poza Rica de Hidalgo<\/strong>.<br><strong>OTROS A LA PEPENA<\/strong> \u2026 Ante la tragedia en el norte del estado de <strong>Veracruz<\/strong>, la ciudadan\u00eda actu\u00f3 r\u00e1pidamente para instalar cientos de centros de acopio de v\u00edveres para los damnificados, con gran respuesta de la poblaci\u00f3n, sin embargo, poco o nada de supo del destino que tendr\u00eda esa ayuda porque ni los <strong>gobiernos (federal, estatal y municipales)<\/strong> ofrecieron canales para recibir esos apoyos y llevarlos a quienes los necesitaban.<br>Por el contrario, hubo casos como en <strong>Poza Rica<\/strong>, donde una improvisada pol\u00edtica y futura gobernante municipal se quiere adjudicar lo que la ciudadan\u00eda entreg\u00f3 de buena fe.<br><strong>D\u00cdGALO SIN MIEDO<\/strong> \u2026 Al correo electr\u00f3nico <strong><a>guadalupehmar@gmail.com<\/a><\/strong><\/p>\n","protected":false},"excerpt":{"rendered":"<p>Guadalupe H. MarMira Pol\u00edtica SE IMPUSIERON LOS EGOS \u2026 Los especialistas en comunicaci\u00f3n pol\u00edtica coinciden en que las crisis exponen las debilidades y los puntos ciegos de una organizaci\u00f3n, permitiendo identificar \u00e1reas de mejora y generar nuevas ideas para superarlas.Pues bien, hoy sobre todo el norte del estado de Veracruz, vive una severa crisis como [&hellip;]<\/p>\n","protected":false},"author":2,"featured_media":141398,"comment_status":"closed","ping_status":"closed","sticky":false,"template":"","format":"standard","meta":{"tdm_status":"","tdm_grid_status":"","footnotes":""},"categories":[70],"tags":[205,46578,1267,195],"class_list":{"0":"post-154363","1":"post","2":"type-post","3":"status-publish","4":"format-standard","5":"has-post-thumbnail","7":"category-de-opinion","8":"tag-conagua","9":"tag-emergencias-climaticas","10":"tag-poza-rica","11":"tag-veracruz"},"yoast_head":"<!-- This site is optimized with the Yoast SEO plugin v27.4 - https:\/\/yoast.com\/product\/yoast-seo-wordpress\/ -->\n<title>DESCONEXI\u00d3N - Los pol\u00edticos Veracruz<\/title>\n<meta name=\"robots\" content=\"index, follow, max-snippet:-1, max-image-preview:large, max-video-preview:-1\" \/>\n<link rel=\"canonical\" href=\"https:\/\/lospoliticosveracruz.com\/?p=154363\" \/>\n<meta property=\"og:locale\" content=\"es_ES\" \/>\n<meta property=\"og:type\" content=\"article\" \/>\n<meta property=\"og:title\" content=\"DESCONEXI\u00d3N - Los pol\u00edticos Veracruz\" \/>\n<meta property=\"og:description\" content=\"Guadalupe H. MarMira Pol\u00edtica SE IMPUSIERON LOS EGOS \u2026 Los especialistas en comunicaci\u00f3n pol\u00edtica coinciden en que las crisis exponen las debilidades y los puntos ciegos de una organizaci\u00f3n, permitiendo identificar \u00e1reas de mejora y generar nuevas ideas para superarlas.Pues bien, hoy sobre todo el norte del estado de Veracruz, vive una severa crisis como [&hellip;]\" \/>\n<meta property=\"og:url\" content=\"https:\/\/lospoliticosveracruz.com\/?p=154363\" \/>\n<meta property=\"og:site_name\" content=\"Los pol\u00edticos Veracruz\" \/>\n<meta property=\"article:publisher\" content=\"https:\/\/www.facebook.com\/people\/Notimemes-de-los-Polticos\/61565672886568\/\" \/>\n<meta property=\"article:published_time\" content=\"2025-10-13T03:22:00+00:00\" \/>\n<meta property=\"og:image\" content=\"https:\/\/lospoliticosveracruz.com\/wp-content\/uploads\/2025\/04\/Lupita-H-Mar.jpg\" \/>\n\t<meta property=\"og:image:width\" content=\"1250\" \/>\n\t<meta property=\"og:image:height\" content=\"667\" \/>\n\t<meta property=\"og:image:type\" content=\"image\/jpeg\" \/>\n<meta name=\"author\" content=\"Lo viste en Los Pol\u00edticos\" \/>\n<meta name=\"twitter:card\" content=\"summary_large_image\" \/>\n<meta name=\"twitter:creator\" content=\"@LosPoliticosVer\" \/>\n<meta name=\"twitter:site\" content=\"@LosPoliticosVer\" \/>\n<meta name=\"twitter:label1\" content=\"Escrito por\" \/>\n\t<meta name=\"twitter:data1\" content=\"Lo viste en Los Pol\u00edticos\" \/>\n\t<meta name=\"twitter:label2\" content=\"Tiempo de lectura\" \/>\n\t<meta name=\"twitter:data2\" content=\"5 minutos\" \/>\n<script type=\"application\/ld+json\" class=\"yoast-schema-graph\">{\"@context\":\"https:\\\/\\\/schema.org\",\"@graph\":[{\"@type\":\"Article\",\"@id\":\"https:\\\/\\\/lospoliticosveracruz.com\\\/?p=154363#article\",\"isPartOf\":{\"@id\":\"https:\\\/\\\/lospoliticosveracruz.com\\\/?p=154363\"},\"author\":{\"name\":\"Lo viste en Los Pol\u00edticos\",\"@id\":\"https:\\\/\\\/lospoliticosveracruz.com\\\/#\\\/schema\\\/person\\\/b8702bb0e538456e6efd07080bf2a4a2\"},\"headline\":\"DESCONEXI\u00d3N\",\"datePublished\":\"2025-10-13T03:22:00+00:00\",\"mainEntityOfPage\":{\"@id\":\"https:\\\/\\\/lospoliticosveracruz.com\\\/?p=154363\"},\"wordCount\":979,\"publisher\":{\"@id\":\"https:\\\/\\\/lospoliticosveracruz.com\\\/#organization\"},\"image\":{\"@id\":\"https:\\\/\\\/lospoliticosveracruz.com\\\/?p=154363#primaryimage\"},\"thumbnailUrl\":\"https:\\\/\\\/lospoliticosveracruz.com\\\/wp-content\\\/uploads\\\/2025\\\/04\\\/Lupita-H-Mar.jpg\",\"keywords\":[\"Conagua\",\"emergencias clim\u00e1ticas\",\"Poza Rica\",\"Veracruz\"],\"articleSection\":[\"De Opini\u00f3n\"],\"inLanguage\":\"es\"},{\"@type\":\"WebPage\",\"@id\":\"https:\\\/\\\/lospoliticosveracruz.com\\\/?p=154363\",\"url\":\"https:\\\/\\\/lospoliticosveracruz.com\\\/?p=154363\",\"name\":\"DESCONEXI\u00d3N - Los pol\u00edticos Veracruz\",\"isPartOf\":{\"@id\":\"https:\\\/\\\/lospoliticosveracruz.com\\\/#website\"},\"primaryImageOfPage\":{\"@id\":\"https:\\\/\\\/lospoliticosveracruz.com\\\/?p=154363#primaryimage\"},\"image\":{\"@id\":\"https:\\\/\\\/lospoliticosveracruz.com\\\/?p=154363#primaryimage\"},\"thumbnailUrl\":\"https:\\\/\\\/lospoliticosveracruz.com\\\/wp-content\\\/uploads\\\/2025\\\/04\\\/Lupita-H-Mar.jpg\",\"datePublished\":\"2025-10-13T03:22:00+00:00\",\"breadcrumb\":{\"@id\":\"https:\\\/\\\/lospoliticosveracruz.com\\\/?p=154363#breadcrumb\"},\"inLanguage\":\"es\",\"potentialAction\":[{\"@type\":\"ReadAction\",\"target\":[\"https:\\\/\\\/lospoliticosveracruz.com\\\/?p=154363\"]}]},{\"@type\":\"ImageObject\",\"inLanguage\":\"es\",\"@id\":\"https:\\\/\\\/lospoliticosveracruz.com\\\/?p=154363#primaryimage\",\"url\":\"https:\\\/\\\/lospoliticosveracruz.com\\\/wp-content\\\/uploads\\\/2025\\\/04\\\/Lupita-H-Mar.jpg\",\"contentUrl\":\"https:\\\/\\\/lospoliticosveracruz.com\\\/wp-content\\\/uploads\\\/2025\\\/04\\\/Lupita-H-Mar.jpg\",\"width\":1250,\"height\":667},{\"@type\":\"BreadcrumbList\",\"@id\":\"https:\\\/\\\/lospoliticosveracruz.com\\\/?p=154363#breadcrumb\",\"itemListElement\":[{\"@type\":\"ListItem\",\"position\":1,\"name\":\"Portada\",\"item\":\"https:\\\/\\\/lospoliticosveracruz.com\\\/\"},{\"@type\":\"ListItem\",\"position\":2,\"name\":\"DESCONEXI\u00d3N\"}]},{\"@type\":\"WebSite\",\"@id\":\"https:\\\/\\\/lospoliticosveracruz.com\\\/#website\",\"url\":\"https:\\\/\\\/lospoliticosveracruz.com\\\/\",\"name\":\"Los pol\u00edticos Veracruz\",\"description\":\"\",\"publisher\":{\"@id\":\"https:\\\/\\\/lospoliticosveracruz.com\\\/#organization\"},\"potentialAction\":[{\"@type\":\"SearchAction\",\"target\":{\"@type\":\"EntryPoint\",\"urlTemplate\":\"https:\\\/\\\/lospoliticosveracruz.com\\\/?s={search_term_string}\"},\"query-input\":{\"@type\":\"PropertyValueSpecification\",\"valueRequired\":true,\"valueName\":\"search_term_string\"}}],\"inLanguage\":\"es\"},{\"@type\":\"Organization\",\"@id\":\"https:\\\/\\\/lospoliticosveracruz.com\\\/#organization\",\"name\":\"Los pol\u00edticos Veracruz\",\"url\":\"https:\\\/\\\/lospoliticosveracruz.com\\\/\",\"logo\":{\"@type\":\"ImageObject\",\"inLanguage\":\"es\",\"@id\":\"https:\\\/\\\/lospoliticosveracruz.com\\\/#\\\/schema\\\/logo\\\/image\\\/\",\"url\":\"https:\\\/\\\/lospoliticosveracruz.com\\\/wp-content\\\/uploads\\\/2025\\\/12\\\/Logo-Nuevo-LOS-POLITICOS-1.jpg\",\"contentUrl\":\"https:\\\/\\\/lospoliticosveracruz.com\\\/wp-content\\\/uploads\\\/2025\\\/12\\\/Logo-Nuevo-LOS-POLITICOS-1.jpg\",\"width\":260,\"height\":70,\"caption\":\"Los pol\u00edticos Veracruz\"},\"image\":{\"@id\":\"https:\\\/\\\/lospoliticosveracruz.com\\\/#\\\/schema\\\/logo\\\/image\\\/\"},\"sameAs\":[\"https:\\\/\\\/www.facebook.com\\\/people\\\/Notimemes-de-los-Polticos\\\/61565672886568\\\/\",\"https:\\\/\\\/x.com\\\/LosPoliticosVer\"]},{\"@type\":\"Person\",\"@id\":\"https:\\\/\\\/lospoliticosveracruz.com\\\/#\\\/schema\\\/person\\\/b8702bb0e538456e6efd07080bf2a4a2\",\"name\":\"Lo viste en Los Pol\u00edticos\",\"image\":{\"@type\":\"ImageObject\",\"inLanguage\":\"es\",\"@id\":\"https:\\\/\\\/secure.gravatar.com\\\/avatar\\\/3a8de04a2656d44082be478bd6c086daa447c4651605818287b9532d3d0bd435?s=96&d=mm&r=g\",\"url\":\"https:\\\/\\\/secure.gravatar.com\\\/avatar\\\/3a8de04a2656d44082be478bd6c086daa447c4651605818287b9532d3d0bd435?s=96&d=mm&r=g\",\"contentUrl\":\"https:\\\/\\\/secure.gravatar.com\\\/avatar\\\/3a8de04a2656d44082be478bd6c086daa447c4651605818287b9532d3d0bd435?s=96&d=mm&r=g\",\"caption\":\"Lo viste en Los Pol\u00edticos\"},\"url\":\"https:\\\/\\\/lospoliticosveracruz.com\\\/?author=2\"}]}<\/script>\n<!-- \/ Yoast SEO plugin. -->","yoast_head_json":{"title":"DESCONEXI\u00d3N - Los pol\u00edticos Veracruz","robots":{"index":"index","follow":"follow","max-snippet":"max-snippet:-1","max-image-preview":"max-image-preview:large","max-video-preview":"max-video-preview:-1"},"canonical":"https:\/\/lospoliticosveracruz.com\/?p=154363","og_locale":"es_ES","og_type":"article","og_title":"DESCONEXI\u00d3N - Los pol\u00edticos Veracruz","og_description":"Guadalupe H. MarMira Pol\u00edtica SE IMPUSIERON LOS EGOS \u2026 Los especialistas en comunicaci\u00f3n pol\u00edtica coinciden en que las crisis exponen las debilidades y los puntos ciegos de una organizaci\u00f3n, permitiendo identificar \u00e1reas de mejora y generar nuevas ideas para superarlas.Pues bien, hoy sobre todo el norte del estado de Veracruz, vive una severa crisis como [&hellip;]","og_url":"https:\/\/lospoliticosveracruz.com\/?p=154363","og_site_name":"Los pol\u00edticos Veracruz","article_publisher":"https:\/\/www.facebook.com\/people\/Notimemes-de-los-Polticos\/61565672886568\/","article_published_time":"2025-10-13T03:22:00+00:00","og_image":[{"width":1250,"height":667,"url":"https:\/\/lospoliticosveracruz.com\/wp-content\/uploads\/2025\/04\/Lupita-H-Mar.jpg","type":"image\/jpeg"}],"author":"Lo viste en Los Pol\u00edticos","twitter_card":"summary_large_image","twitter_creator":"@LosPoliticosVer","twitter_site":"@LosPoliticosVer","twitter_misc":{"Escrito por":"Lo viste en Los Pol\u00edticos","Tiempo de lectura":"5 minutos"},"schema":{"@context":"https:\/\/schema.org","@graph":[{"@type":"Article","@id":"https:\/\/lospoliticosveracruz.com\/?p=154363#article","isPartOf":{"@id":"https:\/\/lospoliticosveracruz.com\/?p=154363"},"author":{"name":"Lo viste en Los Pol\u00edticos","@id":"https:\/\/lospoliticosveracruz.com\/#\/schema\/person\/b8702bb0e538456e6efd07080bf2a4a2"},"headline":"DESCONEXI\u00d3N","datePublished":"2025-10-13T03:22:00+00:00","mainEntityOfPage":{"@id":"https:\/\/lospoliticosveracruz.com\/?p=154363"},"wordCount":979,"publisher":{"@id":"https:\/\/lospoliticosveracruz.com\/#organization"},"image":{"@id":"https:\/\/lospoliticosveracruz.com\/?p=154363#primaryimage"},"thumbnailUrl":"https:\/\/lospoliticosveracruz.com\/wp-content\/uploads\/2025\/04\/Lupita-H-Mar.jpg","keywords":["Conagua","emergencias clim\u00e1ticas","Poza Rica","Veracruz"],"articleSection":["De Opini\u00f3n"],"inLanguage":"es"},{"@type":"WebPage","@id":"https:\/\/lospoliticosveracruz.com\/?p=154363","url":"https:\/\/lospoliticosveracruz.com\/?p=154363","name":"DESCONEXI\u00d3N - Los pol\u00edticos Veracruz","isPartOf":{"@id":"https:\/\/lospoliticosveracruz.com\/#website"},"primaryImageOfPage":{"@id":"https:\/\/lospoliticosveracruz.com\/?p=154363#primaryimage"},"image":{"@id":"https:\/\/lospoliticosveracruz.com\/?p=154363#primaryimage"},"thumbnailUrl":"https:\/\/lospoliticosveracruz.com\/wp-content\/uploads\/2025\/04\/Lupita-H-Mar.jpg","datePublished":"2025-10-13T03:22:00+00:00","breadcrumb":{"@id":"https:\/\/lospoliticosveracruz.com\/?p=154363#breadcrumb"},"inLanguage":"es","potentialAction":[{"@type":"ReadAction","target":["https:\/\/lospoliticosveracruz.com\/?p=154363"]}]},{"@type":"ImageObject","inLanguage":"es","@id":"https:\/\/lospoliticosveracruz.com\/?p=154363#primaryimage","url":"https:\/\/lospoliticosveracruz.com\/wp-content\/uploads\/2025\/04\/Lupita-H-Mar.jpg","contentUrl":"https:\/\/lospoliticosveracruz.com\/wp-content\/uploads\/2025\/04\/Lupita-H-Mar.jpg","width":1250,"height":667},{"@type":"BreadcrumbList","@id":"https:\/\/lospoliticosveracruz.com\/?p=154363#breadcrumb","itemListElement":[{"@type":"ListItem","position":1,"name":"Portada","item":"https:\/\/lospoliticosveracruz.com\/"},{"@type":"ListItem","position":2,"name":"DESCONEXI\u00d3N"}]},{"@type":"WebSite","@id":"https:\/\/lospoliticosveracruz.com\/#website","url":"https:\/\/lospoliticosveracruz.com\/","name":"Los pol\u00edticos Veracruz","description":"","publisher":{"@id":"https:\/\/lospoliticosveracruz.com\/#organization"},"potentialAction":[{"@type":"SearchAction","target":{"@type":"EntryPoint","urlTemplate":"https:\/\/lospoliticosveracruz.com\/?s={search_term_string}"},"query-input":{"@type":"PropertyValueSpecification","valueRequired":true,"valueName":"search_term_string"}}],"inLanguage":"es"},{"@type":"Organization","@id":"https:\/\/lospoliticosveracruz.com\/#organization","name":"Los pol\u00edticos Veracruz","url":"https:\/\/lospoliticosveracruz.com\/","logo":{"@type":"ImageObject","inLanguage":"es","@id":"https:\/\/lospoliticosveracruz.com\/#\/schema\/logo\/image\/","url":"https:\/\/lospoliticosveracruz.com\/wp-content\/uploads\/2025\/12\/Logo-Nuevo-LOS-POLITICOS-1.jpg","contentUrl":"https:\/\/lospoliticosveracruz.com\/wp-content\/uploads\/2025\/12\/Logo-Nuevo-LOS-POLITICOS-1.jpg","width":260,"height":70,"caption":"Los pol\u00edticos Veracruz"},"image":{"@id":"https:\/\/lospoliticosveracruz.com\/#\/schema\/logo\/image\/"},"sameAs":["https:\/\/www.facebook.com\/people\/Notimemes-de-los-Polticos\/61565672886568\/","https:\/\/x.com\/LosPoliticosVer"]},{"@type":"Person","@id":"https:\/\/lospoliticosveracruz.com\/#\/schema\/person\/b8702bb0e538456e6efd07080bf2a4a2","name":"Lo viste en Los Pol\u00edticos","image":{"@type":"ImageObject","inLanguage":"es","@id":"https:\/\/secure.gravatar.com\/avatar\/3a8de04a2656d44082be478bd6c086daa447c4651605818287b9532d3d0bd435?s=96&d=mm&r=g","url":"https:\/\/secure.gravatar.com\/avatar\/3a8de04a2656d44082be478bd6c086daa447c4651605818287b9532d3d0bd435?s=96&d=mm&r=g","contentUrl":"https:\/\/secure.gravatar.com\/avatar\/3a8de04a2656d44082be478bd6c086daa447c4651605818287b9532d3d0bd435?s=96&d=mm&r=g","caption":"Lo viste en Los Pol\u00edticos"},"url":"https:\/\/lospoliticosveracruz.com\/?author=2"}]}},"_links":{"self":[{"href":"https:\/\/lospoliticosveracruz.com\/index.php?rest_route=\/wp\/v2\/posts\/154363","targetHints":{"allow":["GET"]}}],"collection":[{"href":"https:\/\/lospoliticosveracruz.com\/index.php?rest_route=\/wp\/v2\/posts"}],"about":[{"href":"https:\/\/lospoliticosveracruz.com\/index.php?rest_route=\/wp\/v2\/types\/post"}],"author":[{"embeddable":true,"href":"https:\/\/lospoliticosveracruz.com\/index.php?rest_route=\/wp\/v2\/users\/2"}],"replies":[{"embeddable":true,"href":"https:\/\/lospoliticosveracruz.com\/index.php?rest_route=%2Fwp%2Fv2%2Fcomments&post=154363"}],"version-history":[{"count":1,"href":"https:\/\/lospoliticosveracruz.com\/index.php?rest_route=\/wp\/v2\/posts\/154363\/revisions"}],"predecessor-version":[{"id":154364,"href":"https:\/\/lospoliticosveracruz.com\/index.php?rest_route=\/wp\/v2\/posts\/154363\/revisions\/154364"}],"wp:featuredmedia":[{"embeddable":true,"href":"https:\/\/lospoliticosveracruz.com\/index.php?rest_route=\/wp\/v2\/media\/141398"}],"wp:attachment":[{"href":"https:\/\/lospoliticosveracruz.com\/index.php?rest_route=%2Fwp%2Fv2%2Fmedia&parent=154363"}],"wp:term":[{"taxonomy":"category","embeddable":true,"href":"https:\/\/lospoliticosveracruz.com\/index.php?rest_route=%2Fwp%2Fv2%2Fcategories&post=154363"},{"taxonomy":"post_tag","embeddable":true,"href":"https:\/\/lospoliticosveracruz.com\/index.php?rest_route=%2Fwp%2Fv2%2Ftags&post=154363"}],"curies":[{"name":"wp","href":"https:\/\/api.w.org\/{rel}","templated":true}]}}