{"id":154374,"date":"2025-10-13T06:03:39","date_gmt":"2025-10-13T11:03:39","guid":{"rendered":"https:\/\/lospoliticosveracruz.com.mx\/?p=154374"},"modified":"2025-10-13T06:04:07","modified_gmt":"2025-10-13T11:04:07","slug":"poza-rica-sin-palabras","status":"publish","type":"post","link":"https:\/\/lospoliticosveracruz.com\/?p=154374","title":{"rendered":"POZA RICA, SIN PALABRAS"},"content":{"rendered":"\n<p><strong>Ricardo Chua<\/strong><\/p>\n\n\n\n<p><em>Sale y Vale<\/em><\/p>\n\n\n\n<p>Hace unas horas el municipio de Poza Rica se estaba ahogando.. Y mientras la gente cargaba ni\u00f1os, colchones y esperanza entre el lodo.. La gobernadora Roc\u00edo Nahle, momentos antes, dec\u00eda que fue \u201cuna leve crecida del r\u00edo\u201d. Leve. Y sin saber la magnitud de la inundaci\u00f3n, as\u00ed minimizaba la angustia de cientos de miles de familias que lo perdieron todo.. As\u00ed se resume la distancia entre el discurso y la realidad.. Realidad que le fue recordada ayer domingo en sus recorridos por la ciudad y en la presencia de la Presidenta Claudia Shienbaum.. Ni en Puebla, hab\u00eda un ambiente tan \u00e1spero como Veracruz..<\/p>\n\n\n\n\n\n<p>Por desgracia para el gobierno estatal y el municipal de Poza Rica.. La Presidenta Shienbaum fue testigo de ese malestar.. Lo nunca antes visto.. Estudiantes de la Universidad Veracruzana la enfrentaron pidiendo una explicaci\u00f3n, pidiendo la b\u00fasqueda de sus compa\u00f1eros desaparecidos.. Un caos.. Ya que no fue s\u00f3lo el agua la que desbord\u00f3 los r\u00edos del norte. Fue la rabia.. La impotencia de ver a un gobierno ausente, fr\u00edo, burocr\u00e1tico. Un gobierno que prometi\u00f3 \u201cm\u00e1s territorio, menos escritorio\u201d, pero que ahora s\u00f3lo aparece en el escritorio.. Y en las fotos, cuando hay templete, micr\u00f3fono y aplausos..<\/p>\n\n\n\n<p>La gente que acud\u00eda a sus gobernantes, no ped\u00eda milagros, ped\u00eda presencia.. Que alguien llegara, que alguien los mirara a los ojos y dijera \u201cNo est\u00e1n solos\u201d. Pero los secretarios estatales siguen c\u00f3modos, repartiendo excusas en lugar de botas de hule.. Los comunicados oficiales suenan a burla cuando la realidad, se med\u00eda en litros de agua dentro de las casas.. Y como si no bastara el abandono, el gobierno decidi\u00f3, en su momento, rechazar la ayuda de Nuevo Le\u00f3n.. Argumentando falta de comunicaci\u00f3n de Samuel Garc\u00eda.. \u00bfPor orgullo pol\u00edtico?.. \u00bfPor miedo a que alguien m\u00e1s hiciera lo que ellos no?..<\/p>\n\n\n\n<p>Los viejos gobernantes del sistema que tanto repudia MORENA se\u00f1alan, que en los desastres se mide la estatura moral de los l\u00edderes.. Aqu\u00ed qued\u00f3 claro: el ego de los gobernantes de MORENA fue m\u00e1s grande que la crecida del r\u00edo Cazones.. En Veracruz la gente tiene memoria.. En Poza Rica, saben qui\u00e9n se moj\u00f3 los pies y qui\u00e9n prefiri\u00f3 cuidar la foto.. Saben que si no hay escenario, no hay visita porque parece que para algunos, la tragedia s\u00f3lo cuenta si hay templete y transmisi\u00f3n en vivo.. Y ayer Claudia Shienbaum fue testigo de todo eso.. Nadie se lo fue a contar a Palacio Nacional. .<\/p>\n\n\n\n<p>El agua en pocos d\u00edas bajar\u00e1 totalmente. Pero la verg\u00fcenza de haber dejado sola a la gente del norte, esa no se va a secar tan f\u00e1cil.. Cuando el poder se seca de empat\u00eda, porque eso es algo que no se compra en la farmacia de la esquina.. El pueblo aprende a salvarse s\u00f3lo, con la ayuda de ellos mismos.. Salen adelante y ayudan a salir a la gente, sus vecinos, de la desgracia en la que viven.. Pero luego vienen los procesos electorales y en dos a\u00f1os, se van a preguntar porque pierden elecciones.. EL QUE LO ENTENDI\u00d3, LO ENTENDI\u00d3.. Hay familias que lo perdieron todo.. La m\u00eda es una de ellas..<\/p>\n\n\n\n<p>PVEM AL ESTILO MORENA, EL AGANDALLE..<\/p>\n\n\n\n<p>Vaya situaci\u00f3n que se presentar\u00e1 ma\u00f1ana cuando Magistrados de la Sala Regional del Tribunal Electoral del Poder Judicial de la Federaci\u00f3n.. Decidan el tema de la elecci\u00f3n en Chicontepec.. Donde se\u00f1alan que hay irregularidades para que el PVEM se quede con este municipio y no el PRI, qui\u00e9n fue el que gan\u00f3 la elecci\u00f3n.. Algo parecido con lo que pas\u00f3 en Poza Rica y Papantla.. Y esto ha quedado en evidencia despu\u00e9s de que algunos magistrados han exhibido con lujo de detalle, la falta de conocimiento en las materias para los cuales fueron elegidos a trav\u00e9s del voto popular de la ciudadan\u00eda, demostrando que valieron PRESUNTAMENTE m\u00e1s sus amistades y el favoritismo con el que fueron elegidos, que su nula experiencia al momento de resolver los asuntos sometidos a su consideraci\u00f3n..<\/p>\n\n\n\n<p>Motivo por el cual, los priistas que podr\u00edan ser afectados con las decisiones de la Sala Regional Xalapa del TEPJF, que por la falta de experiencia los est\u00e9n rebasando y la muestra es evidente cuando se sabe por \u00abradio pasillo\u00bb, que para resolver los asuntos asignados a su ponencia, algunos secretarios de estudio, buscan a los candidatos ganadores en las elecciones de las presidencias municipales y a trav\u00e9s de \u00abpresiones\u00bb les intentan confirmar los triunfos que fueron ratificados por el Tribunal Electoral de Veracruz; y aquellos candidatos ganadores que se niegan a este tipo de presiones, que tienen presuntamente establecida, les pueden resolver quit\u00e1ndole el triunfo y se lo dan a su contrincante..<\/p>\n\n\n\n<p>Tal es el caso, de la elecci\u00f3n municipal de Chicontepec, en la cual, el poder ejercido por el PVEM a trav\u00e9s de la familia Fern\u00e1ndez de la Cruz, que se ha perpetuado desde hace a\u00f1os, ya que actualmente el Alcalde, es hermano de la que fue candidata Aristea Fern\u00e1ndez de la Cruz, cuya campa\u00f1a se presume estuvo financiada por recursos p\u00fablicos de ese Ayuntamiento.. Cuentan en el pueblo que andan presumiendo que a ellos el TEPJF les dar\u00e1 el triunfo porque la sentencia viene a su favor.. A pesar de que para lograrlo, esa sentencia la tuvieran que resolver pasando por encima de la voluntad popular de m\u00e1s de 50 mil habitantes que salieron a votar el 1 de junio pasado por No\u00e9 Torres Mart\u00ednez, a quien el pueblo apoy\u00f3..<\/p>\n\n\n\n<p>De esa manera, la elecci\u00f3n de Chicontepec se pone al \u00abrojo vivo\u00bb porque est\u00e1n dispuestos a hacer lo necesario para que respeten el triunfo reconocido el 16 de septiembre por tres magistrados del Tribunal Electoral de Veracruz a favor de Torres Mart\u00ednez.. Se dice que en ese municipio del norte de Veracruz.. Ya est\u00e1n cansados de tantos abusos y de violar la voluntad popular de sus habitantes, en su mayor\u00eda poblaci\u00f3n ind\u00edgena, quienes recibieron con esperanza el nombramiento de Rosel\u00eda Bustillo, al considerar que entender\u00eda sus necesidades al provenir de una comunidad ind\u00edgena.. Por eso, quieren que se respete lo emitido por el TEV.. Ya que temen que por lo improvisado de los magistrados del TEPJF puedan cambiar el dictamen..<\/p>\n\n\n\n<p>Sobre todo porque hay evidencias de las violaciones, que cometi\u00f3 dicho PVEM durante la campa\u00f1a electoral, sino tambi\u00e9n cuando presuntamente el secretario del Consejo Municipal de Chicontepec, desapareci\u00f3 una de las demandas presentadas por No\u00e9 Torres Mart\u00ednez.. As\u00ed como validar que personas que no pertenecen a la secci\u00f3n electoral hayan participado como funcionarios de las mesas directivas de casilla 1349 B y 1357 B.. Sin importarle que, el propio INE haya informado al Tribunal de Veracruz, que esas personas no est\u00e1n ni en las listas nominales, ni en el Padr\u00f3n Electoral, contraviniendo los criterios establecidos por la Sala Superior del TEPJF.. Lo cual es un tema grave..<\/p>\n\n\n\n<p>Ya que este tribunal electoral federal menciona claramente que, si un ciudadano no pertenece a la secci\u00f3n en la que particip\u00f3 como funcionario de casilla.. Se debe anular la votaci\u00f3n recibida en esa<br>casilla, ya que viola la certeza y legalidad de la votaci\u00f3n que ah\u00ed se recibi\u00f3.. Por eso, el equipo de Noe Torres tiene el temor que ante el desconocimiento de la ley y puntualidad para que sus secretarios de la Sala Regional hagan presiones.. Ahora resulta que los alcaldes electos ser\u00e1n los criterios con los que los Magistrados de los tribunales electorales resolver\u00e1n los asuntos de las elecciones en Veracruz..Por eso estar\u00e1n pendientes en evitar que no se respete la voluntad del pueblo de Chicontepec.. AMEN.. .<\/p>\n","protected":false},"excerpt":{"rendered":"<p>Ricardo Chua Sale y Vale Hace unas horas el municipio de Poza Rica se estaba ahogando.. Y mientras la gente cargaba ni\u00f1os, colchones y esperanza entre el lodo.. La gobernadora Roc\u00edo Nahle, momentos antes, dec\u00eda que fue \u201cuna leve crecida del r\u00edo\u201d. Leve. Y sin saber la magnitud de la inundaci\u00f3n, as\u00ed minimizaba la angustia [&hellip;]<\/p>\n","protected":false},"author":2,"featured_media":141434,"comment_status":"closed","ping_status":"closed","sticky":false,"template":"","format":"standard","meta":{"tdm_status":"","tdm_grid_status":"","footnotes":""},"categories":[70],"tags":[9627,1026,1267,3578,195],"class_list":{"0":"post-154374","1":"post","2":"type-post","3":"status-publish","4":"format-standard","5":"has-post-thumbnail","7":"category-de-opinion","8":"tag-claudia-sheinbaum","9":"tag-morena","10":"tag-poza-rica","11":"tag-rocio-nahle","12":"tag-veracruz"},"yoast_head":"<!-- This site is optimized with the Yoast SEO plugin v27.4 - https:\/\/yoast.com\/product\/yoast-seo-wordpress\/ -->\n<title>POZA RICA, SIN PALABRAS - Los pol\u00edticos Veracruz<\/title>\n<meta name=\"robots\" content=\"index, follow, max-snippet:-1, max-image-preview:large, max-video-preview:-1\" \/>\n<link rel=\"canonical\" href=\"https:\/\/lospoliticosveracruz.com\/?p=154374\" \/>\n<meta property=\"og:locale\" content=\"es_ES\" \/>\n<meta property=\"og:type\" content=\"article\" \/>\n<meta property=\"og:title\" content=\"POZA RICA, SIN PALABRAS - Los pol\u00edticos Veracruz\" \/>\n<meta property=\"og:description\" content=\"Ricardo Chua Sale y Vale Hace unas horas el municipio de Poza Rica se estaba ahogando.. Y mientras la gente cargaba ni\u00f1os, colchones y esperanza entre el lodo.. La gobernadora Roc\u00edo Nahle, momentos antes, dec\u00eda que fue \u201cuna leve crecida del r\u00edo\u201d. Leve. Y sin saber la magnitud de la inundaci\u00f3n, as\u00ed minimizaba la angustia [&hellip;]\" \/>\n<meta property=\"og:url\" content=\"https:\/\/lospoliticosveracruz.com\/?p=154374\" \/>\n<meta property=\"og:site_name\" content=\"Los pol\u00edticos Veracruz\" \/>\n<meta property=\"article:publisher\" content=\"https:\/\/www.facebook.com\/people\/Notimemes-de-los-Polticos\/61565672886568\/\" \/>\n<meta property=\"article:published_time\" content=\"2025-10-13T11:03:39+00:00\" \/>\n<meta property=\"article:modified_time\" content=\"2025-10-13T11:04:07+00:00\" \/>\n<meta property=\"og:image\" content=\"https:\/\/lospoliticosveracruz.com\/wp-content\/uploads\/2025\/04\/Chua-e1761364658706.jpg\" \/>\n\t<meta property=\"og:image:width\" content=\"600\" \/>\n\t<meta property=\"og:image:height\" content=\"320\" \/>\n\t<meta property=\"og:image:type\" content=\"image\/jpeg\" \/>\n<meta name=\"author\" content=\"Lo viste en Los Pol\u00edticos\" \/>\n<meta name=\"twitter:card\" content=\"summary_large_image\" \/>\n<meta name=\"twitter:creator\" content=\"@LosPoliticosVer\" \/>\n<meta name=\"twitter:site\" content=\"@LosPoliticosVer\" \/>\n<meta name=\"twitter:label1\" content=\"Escrito por\" \/>\n\t<meta name=\"twitter:data1\" content=\"Lo viste en Los Pol\u00edticos\" \/>\n\t<meta name=\"twitter:label2\" content=\"Tiempo de lectura\" \/>\n\t<meta name=\"twitter:data2\" content=\"7 minutos\" \/>\n<script type=\"application\/ld+json\" class=\"yoast-schema-graph\">{\"@context\":\"https:\\\/\\\/schema.org\",\"@graph\":[{\"@type\":\"Article\",\"@id\":\"https:\\\/\\\/lospoliticosveracruz.com\\\/?p=154374#article\",\"isPartOf\":{\"@id\":\"https:\\\/\\\/lospoliticosveracruz.com\\\/?p=154374\"},\"author\":{\"name\":\"Lo viste en Los Pol\u00edticos\",\"@id\":\"https:\\\/\\\/lospoliticosveracruz.com\\\/#\\\/schema\\\/person\\\/b8702bb0e538456e6efd07080bf2a4a2\"},\"headline\":\"POZA RICA, SIN PALABRAS\",\"datePublished\":\"2025-10-13T11:03:39+00:00\",\"dateModified\":\"2025-10-13T11:04:07+00:00\",\"mainEntityOfPage\":{\"@id\":\"https:\\\/\\\/lospoliticosveracruz.com\\\/?p=154374\"},\"wordCount\":1336,\"publisher\":{\"@id\":\"https:\\\/\\\/lospoliticosveracruz.com\\\/#organization\"},\"image\":{\"@id\":\"https:\\\/\\\/lospoliticosveracruz.com\\\/?p=154374#primaryimage\"},\"thumbnailUrl\":\"https:\\\/\\\/lospoliticosveracruz.com\\\/wp-content\\\/uploads\\\/2025\\\/04\\\/Chua-e1761364658706.jpg\",\"keywords\":[\"Claudia Sheinbaum\",\"Morena\",\"Poza Rica\",\"Roc\u00edo Nahle\",\"Veracruz\"],\"articleSection\":[\"De Opini\u00f3n\"],\"inLanguage\":\"es\"},{\"@type\":\"WebPage\",\"@id\":\"https:\\\/\\\/lospoliticosveracruz.com\\\/?p=154374\",\"url\":\"https:\\\/\\\/lospoliticosveracruz.com\\\/?p=154374\",\"name\":\"POZA RICA, SIN PALABRAS - Los pol\u00edticos Veracruz\",\"isPartOf\":{\"@id\":\"https:\\\/\\\/lospoliticosveracruz.com\\\/#website\"},\"primaryImageOfPage\":{\"@id\":\"https:\\\/\\\/lospoliticosveracruz.com\\\/?p=154374#primaryimage\"},\"image\":{\"@id\":\"https:\\\/\\\/lospoliticosveracruz.com\\\/?p=154374#primaryimage\"},\"thumbnailUrl\":\"https:\\\/\\\/lospoliticosveracruz.com\\\/wp-content\\\/uploads\\\/2025\\\/04\\\/Chua-e1761364658706.jpg\",\"datePublished\":\"2025-10-13T11:03:39+00:00\",\"dateModified\":\"2025-10-13T11:04:07+00:00\",\"breadcrumb\":{\"@id\":\"https:\\\/\\\/lospoliticosveracruz.com\\\/?p=154374#breadcrumb\"},\"inLanguage\":\"es\",\"potentialAction\":[{\"@type\":\"ReadAction\",\"target\":[\"https:\\\/\\\/lospoliticosveracruz.com\\\/?p=154374\"]}]},{\"@type\":\"ImageObject\",\"inLanguage\":\"es\",\"@id\":\"https:\\\/\\\/lospoliticosveracruz.com\\\/?p=154374#primaryimage\",\"url\":\"https:\\\/\\\/lospoliticosveracruz.com\\\/wp-content\\\/uploads\\\/2025\\\/04\\\/Chua-e1761364658706.jpg\",\"contentUrl\":\"https:\\\/\\\/lospoliticosveracruz.com\\\/wp-content\\\/uploads\\\/2025\\\/04\\\/Chua-e1761364658706.jpg\",\"width\":600,\"height\":320},{\"@type\":\"BreadcrumbList\",\"@id\":\"https:\\\/\\\/lospoliticosveracruz.com\\\/?p=154374#breadcrumb\",\"itemListElement\":[{\"@type\":\"ListItem\",\"position\":1,\"name\":\"Portada\",\"item\":\"https:\\\/\\\/lospoliticosveracruz.com\\\/\"},{\"@type\":\"ListItem\",\"position\":2,\"name\":\"POZA RICA, SIN PALABRAS\"}]},{\"@type\":\"WebSite\",\"@id\":\"https:\\\/\\\/lospoliticosveracruz.com\\\/#website\",\"url\":\"https:\\\/\\\/lospoliticosveracruz.com\\\/\",\"name\":\"Los pol\u00edticos Veracruz\",\"description\":\"\",\"publisher\":{\"@id\":\"https:\\\/\\\/lospoliticosveracruz.com\\\/#organization\"},\"potentialAction\":[{\"@type\":\"SearchAction\",\"target\":{\"@type\":\"EntryPoint\",\"urlTemplate\":\"https:\\\/\\\/lospoliticosveracruz.com\\\/?s={search_term_string}\"},\"query-input\":{\"@type\":\"PropertyValueSpecification\",\"valueRequired\":true,\"valueName\":\"search_term_string\"}}],\"inLanguage\":\"es\"},{\"@type\":\"Organization\",\"@id\":\"https:\\\/\\\/lospoliticosveracruz.com\\\/#organization\",\"name\":\"Los pol\u00edticos Veracruz\",\"url\":\"https:\\\/\\\/lospoliticosveracruz.com\\\/\",\"logo\":{\"@type\":\"ImageObject\",\"inLanguage\":\"es\",\"@id\":\"https:\\\/\\\/lospoliticosveracruz.com\\\/#\\\/schema\\\/logo\\\/image\\\/\",\"url\":\"https:\\\/\\\/lospoliticosveracruz.com\\\/wp-content\\\/uploads\\\/2025\\\/12\\\/Logo-Nuevo-LOS-POLITICOS-1.jpg\",\"contentUrl\":\"https:\\\/\\\/lospoliticosveracruz.com\\\/wp-content\\\/uploads\\\/2025\\\/12\\\/Logo-Nuevo-LOS-POLITICOS-1.jpg\",\"width\":260,\"height\":70,\"caption\":\"Los pol\u00edticos Veracruz\"},\"image\":{\"@id\":\"https:\\\/\\\/lospoliticosveracruz.com\\\/#\\\/schema\\\/logo\\\/image\\\/\"},\"sameAs\":[\"https:\\\/\\\/www.facebook.com\\\/people\\\/Notimemes-de-los-Polticos\\\/61565672886568\\\/\",\"https:\\\/\\\/x.com\\\/LosPoliticosVer\"]},{\"@type\":\"Person\",\"@id\":\"https:\\\/\\\/lospoliticosveracruz.com\\\/#\\\/schema\\\/person\\\/b8702bb0e538456e6efd07080bf2a4a2\",\"name\":\"Lo viste en Los Pol\u00edticos\",\"image\":{\"@type\":\"ImageObject\",\"inLanguage\":\"es\",\"@id\":\"https:\\\/\\\/secure.gravatar.com\\\/avatar\\\/3a8de04a2656d44082be478bd6c086daa447c4651605818287b9532d3d0bd435?s=96&d=mm&r=g\",\"url\":\"https:\\\/\\\/secure.gravatar.com\\\/avatar\\\/3a8de04a2656d44082be478bd6c086daa447c4651605818287b9532d3d0bd435?s=96&d=mm&r=g\",\"contentUrl\":\"https:\\\/\\\/secure.gravatar.com\\\/avatar\\\/3a8de04a2656d44082be478bd6c086daa447c4651605818287b9532d3d0bd435?s=96&d=mm&r=g\",\"caption\":\"Lo viste en Los Pol\u00edticos\"},\"url\":\"https:\\\/\\\/lospoliticosveracruz.com\\\/?author=2\"}]}<\/script>\n<!-- \/ Yoast SEO plugin. -->","yoast_head_json":{"title":"POZA RICA, SIN PALABRAS - Los pol\u00edticos Veracruz","robots":{"index":"index","follow":"follow","max-snippet":"max-snippet:-1","max-image-preview":"max-image-preview:large","max-video-preview":"max-video-preview:-1"},"canonical":"https:\/\/lospoliticosveracruz.com\/?p=154374","og_locale":"es_ES","og_type":"article","og_title":"POZA RICA, SIN PALABRAS - Los pol\u00edticos Veracruz","og_description":"Ricardo Chua Sale y Vale Hace unas horas el municipio de Poza Rica se estaba ahogando.. Y mientras la gente cargaba ni\u00f1os, colchones y esperanza entre el lodo.. La gobernadora Roc\u00edo Nahle, momentos antes, dec\u00eda que fue \u201cuna leve crecida del r\u00edo\u201d. Leve. Y sin saber la magnitud de la inundaci\u00f3n, as\u00ed minimizaba la angustia [&hellip;]","og_url":"https:\/\/lospoliticosveracruz.com\/?p=154374","og_site_name":"Los pol\u00edticos Veracruz","article_publisher":"https:\/\/www.facebook.com\/people\/Notimemes-de-los-Polticos\/61565672886568\/","article_published_time":"2025-10-13T11:03:39+00:00","article_modified_time":"2025-10-13T11:04:07+00:00","og_image":[{"width":600,"height":320,"url":"https:\/\/lospoliticosveracruz.com\/wp-content\/uploads\/2025\/04\/Chua-e1761364658706.jpg","type":"image\/jpeg"}],"author":"Lo viste en Los Pol\u00edticos","twitter_card":"summary_large_image","twitter_creator":"@LosPoliticosVer","twitter_site":"@LosPoliticosVer","twitter_misc":{"Escrito por":"Lo viste en Los Pol\u00edticos","Tiempo de lectura":"7 minutos"},"schema":{"@context":"https:\/\/schema.org","@graph":[{"@type":"Article","@id":"https:\/\/lospoliticosveracruz.com\/?p=154374#article","isPartOf":{"@id":"https:\/\/lospoliticosveracruz.com\/?p=154374"},"author":{"name":"Lo viste en Los Pol\u00edticos","@id":"https:\/\/lospoliticosveracruz.com\/#\/schema\/person\/b8702bb0e538456e6efd07080bf2a4a2"},"headline":"POZA RICA, SIN PALABRAS","datePublished":"2025-10-13T11:03:39+00:00","dateModified":"2025-10-13T11:04:07+00:00","mainEntityOfPage":{"@id":"https:\/\/lospoliticosveracruz.com\/?p=154374"},"wordCount":1336,"publisher":{"@id":"https:\/\/lospoliticosveracruz.com\/#organization"},"image":{"@id":"https:\/\/lospoliticosveracruz.com\/?p=154374#primaryimage"},"thumbnailUrl":"https:\/\/lospoliticosveracruz.com\/wp-content\/uploads\/2025\/04\/Chua-e1761364658706.jpg","keywords":["Claudia Sheinbaum","Morena","Poza Rica","Roc\u00edo Nahle","Veracruz"],"articleSection":["De Opini\u00f3n"],"inLanguage":"es"},{"@type":"WebPage","@id":"https:\/\/lospoliticosveracruz.com\/?p=154374","url":"https:\/\/lospoliticosveracruz.com\/?p=154374","name":"POZA RICA, SIN PALABRAS - Los pol\u00edticos Veracruz","isPartOf":{"@id":"https:\/\/lospoliticosveracruz.com\/#website"},"primaryImageOfPage":{"@id":"https:\/\/lospoliticosveracruz.com\/?p=154374#primaryimage"},"image":{"@id":"https:\/\/lospoliticosveracruz.com\/?p=154374#primaryimage"},"thumbnailUrl":"https:\/\/lospoliticosveracruz.com\/wp-content\/uploads\/2025\/04\/Chua-e1761364658706.jpg","datePublished":"2025-10-13T11:03:39+00:00","dateModified":"2025-10-13T11:04:07+00:00","breadcrumb":{"@id":"https:\/\/lospoliticosveracruz.com\/?p=154374#breadcrumb"},"inLanguage":"es","potentialAction":[{"@type":"ReadAction","target":["https:\/\/lospoliticosveracruz.com\/?p=154374"]}]},{"@type":"ImageObject","inLanguage":"es","@id":"https:\/\/lospoliticosveracruz.com\/?p=154374#primaryimage","url":"https:\/\/lospoliticosveracruz.com\/wp-content\/uploads\/2025\/04\/Chua-e1761364658706.jpg","contentUrl":"https:\/\/lospoliticosveracruz.com\/wp-content\/uploads\/2025\/04\/Chua-e1761364658706.jpg","width":600,"height":320},{"@type":"BreadcrumbList","@id":"https:\/\/lospoliticosveracruz.com\/?p=154374#breadcrumb","itemListElement":[{"@type":"ListItem","position":1,"name":"Portada","item":"https:\/\/lospoliticosveracruz.com\/"},{"@type":"ListItem","position":2,"name":"POZA RICA, SIN PALABRAS"}]},{"@type":"WebSite","@id":"https:\/\/lospoliticosveracruz.com\/#website","url":"https:\/\/lospoliticosveracruz.com\/","name":"Los pol\u00edticos Veracruz","description":"","publisher":{"@id":"https:\/\/lospoliticosveracruz.com\/#organization"},"potentialAction":[{"@type":"SearchAction","target":{"@type":"EntryPoint","urlTemplate":"https:\/\/lospoliticosveracruz.com\/?s={search_term_string}"},"query-input":{"@type":"PropertyValueSpecification","valueRequired":true,"valueName":"search_term_string"}}],"inLanguage":"es"},{"@type":"Organization","@id":"https:\/\/lospoliticosveracruz.com\/#organization","name":"Los pol\u00edticos Veracruz","url":"https:\/\/lospoliticosveracruz.com\/","logo":{"@type":"ImageObject","inLanguage":"es","@id":"https:\/\/lospoliticosveracruz.com\/#\/schema\/logo\/image\/","url":"https:\/\/lospoliticosveracruz.com\/wp-content\/uploads\/2025\/12\/Logo-Nuevo-LOS-POLITICOS-1.jpg","contentUrl":"https:\/\/lospoliticosveracruz.com\/wp-content\/uploads\/2025\/12\/Logo-Nuevo-LOS-POLITICOS-1.jpg","width":260,"height":70,"caption":"Los pol\u00edticos Veracruz"},"image":{"@id":"https:\/\/lospoliticosveracruz.com\/#\/schema\/logo\/image\/"},"sameAs":["https:\/\/www.facebook.com\/people\/Notimemes-de-los-Polticos\/61565672886568\/","https:\/\/x.com\/LosPoliticosVer"]},{"@type":"Person","@id":"https:\/\/lospoliticosveracruz.com\/#\/schema\/person\/b8702bb0e538456e6efd07080bf2a4a2","name":"Lo viste en Los Pol\u00edticos","image":{"@type":"ImageObject","inLanguage":"es","@id":"https:\/\/secure.gravatar.com\/avatar\/3a8de04a2656d44082be478bd6c086daa447c4651605818287b9532d3d0bd435?s=96&d=mm&r=g","url":"https:\/\/secure.gravatar.com\/avatar\/3a8de04a2656d44082be478bd6c086daa447c4651605818287b9532d3d0bd435?s=96&d=mm&r=g","contentUrl":"https:\/\/secure.gravatar.com\/avatar\/3a8de04a2656d44082be478bd6c086daa447c4651605818287b9532d3d0bd435?s=96&d=mm&r=g","caption":"Lo viste en Los Pol\u00edticos"},"url":"https:\/\/lospoliticosveracruz.com\/?author=2"}]}},"_links":{"self":[{"href":"https:\/\/lospoliticosveracruz.com\/index.php?rest_route=\/wp\/v2\/posts\/154374","targetHints":{"allow":["GET"]}}],"collection":[{"href":"https:\/\/lospoliticosveracruz.com\/index.php?rest_route=\/wp\/v2\/posts"}],"about":[{"href":"https:\/\/lospoliticosveracruz.com\/index.php?rest_route=\/wp\/v2\/types\/post"}],"author":[{"embeddable":true,"href":"https:\/\/lospoliticosveracruz.com\/index.php?rest_route=\/wp\/v2\/users\/2"}],"replies":[{"embeddable":true,"href":"https:\/\/lospoliticosveracruz.com\/index.php?rest_route=%2Fwp%2Fv2%2Fcomments&post=154374"}],"version-history":[{"count":2,"href":"https:\/\/lospoliticosveracruz.com\/index.php?rest_route=\/wp\/v2\/posts\/154374\/revisions"}],"predecessor-version":[{"id":154376,"href":"https:\/\/lospoliticosveracruz.com\/index.php?rest_route=\/wp\/v2\/posts\/154374\/revisions\/154376"}],"wp:featuredmedia":[{"embeddable":true,"href":"https:\/\/lospoliticosveracruz.com\/index.php?rest_route=\/wp\/v2\/media\/141434"}],"wp:attachment":[{"href":"https:\/\/lospoliticosveracruz.com\/index.php?rest_route=%2Fwp%2Fv2%2Fmedia&parent=154374"}],"wp:term":[{"taxonomy":"category","embeddable":true,"href":"https:\/\/lospoliticosveracruz.com\/index.php?rest_route=%2Fwp%2Fv2%2Fcategories&post=154374"},{"taxonomy":"post_tag","embeddable":true,"href":"https:\/\/lospoliticosveracruz.com\/index.php?rest_route=%2Fwp%2Fv2%2Ftags&post=154374"}],"curies":[{"name":"wp","href":"https:\/\/api.w.org\/{rel}","templated":true}]}}