{"id":154381,"date":"2025-10-13T06:41:34","date_gmt":"2025-10-13T11:41:34","guid":{"rendered":"https:\/\/lospoliticosveracruz.com.mx\/?p=154381"},"modified":"2025-10-13T06:41:53","modified_gmt":"2025-10-13T11:41:53","slug":"sheinbaum-en-poza-rica","status":"publish","type":"post","link":"https:\/\/lospoliticosveracruz.com\/?p=154381","title":{"rendered":"SHEINBAUM EN POZA RICA"},"content":{"rendered":"\n<p><strong>Fanny Y\u00e9pez<\/strong><br><em>La Columna<\/em><\/p>\n\n\n\n<p>De este desastre ocurrido este fin de semana, que provoco la lamentable p\u00e9rdida de vidas humanas y quebrantos econ\u00f3micos en municipios del norte del estado de Veracruz, emergieron los sentimientos m\u00e1s nobles de cientos de seres humanos, la fortaleza y resiliencia de los afectados.<\/p>\n\n\n\n\n\n<p>La Presidenta, Claudia Sheinbaum Pardo, cumpli\u00f3 su palabra, llego al municipio de Poza Rica la tarde este domingo, se detuvo a escuchar los airados reclamos de la poblaci\u00f3n desesperada y afectada, hay que reconocer la capacidad de tolerancia de la primera mandataria de la naci\u00f3n, escucho al pueblo, quien a gritos se\u00f1alaron \u201cpresidenta, se est\u00e1n ocultando cosas\u201d, al referirse a las afectaciones registradas en esta localidad.<\/p>\n\n\n\n<p>Las principales demandas de los afectados fueron; abastecimiento de agua potable, v\u00edveres, electrodom\u00e9sticos, camiones para recoger la basura y ayuda para encontrar a sus familiares desaparecidos.<\/p>\n\n\n\n<p>La Doctora Sheinbaum, anuncio que este lunes llegara a la ciudad petrolera la Secretaria de Bienestar, Ariadna Montiel Reyes, quien encabezara un ej\u00e9rcito de servidores de la naci\u00f3n para levantar un censo y establecer el nivel de afectaciones que sufrieron las familias de los municipios da\u00f1ados.<\/p>\n\n\n\n<p>Claudia Sheinbaum asegur\u00f3 que su gobierno no dejar\u00e1 \u201ca nadie desamparado\u201d, tras las lluvias torrenciales que han dejado decenas de muertos y graves afectaciones en cinco estados del pa\u00eds.<\/p>\n\n\n\n<p>La vaguada y depresi\u00f3n tropical 90E dej\u00f3 afectaciones en 48 municipios del norte de Veracruz, con 41 comunidades da\u00f1adas y suspensi\u00f3n de clases en 39 municipios de la regi\u00f3n huasteca.<\/p>\n\n\n\n<p>Hasta el momento de redactar esta columna, oficialmente las autoridades del estado hab\u00edan reportado que 18 personas han fallecido en el estado de Veracruz, como consecuencia de las intensas lluvias registradas en los \u00faltimos d\u00edas. Esta cifra forma parte del total de 44 v\u00edctimas reportadas a nivel nacional.<\/p>\n\n\n\n<p>El meteor\u00f3logo, Isidro Cano, en un video subido a la red social, puntualizo que la severa e hist\u00f3rica inundaci\u00f3n ocurrida en los municipios de Poza Rica y \u00c1lamo fue por el desfogue de las presas Necaxa y Tehuipango, acci\u00f3n que realizo la Comisi\u00f3n Federal de Electricidad. El hecho es que seg\u00fan la CFE no puso sobre aviso con mucho tiempo de antelaci\u00f3n a las autoridades de Protecci\u00f3n Civil.<\/p>\n\n\n\n<p>Una situaci\u00f3n que se debe investigar es sobre la desaparici\u00f3n de decenas de estudiantes de la Universidad Veracruzana, quienes desde el jueves pasado no se han localizado, esta inquietud surge a ra\u00edz de las denuncias de alumnos quienes a trav\u00e9s de videos que han subido a las redes sociales han informado que varios de sus compa\u00f1eras y compa\u00f1eros siguen sin aparecer en el municipio de Poza Rica.<\/p>\n\n\n\n<p>Es absolutamente urgente y necesario, que el Rector de la UV, Mart\u00edn Gerardo Aguilar S\u00e1nchez salga al paso de estas denuncias y aclare la veracidad de esta delicada informaci\u00f3n.<\/p>\n\n\n\n<p>Las intensas lluvias registradas en el estado de Veracruz durante los \u00faltimos d\u00edas han provocado inundaciones significativas en diversas regiones, afectando a m\u00e1s de 55 municipios y dejando a m\u00e1s de 45 mil personas afectadas. El desbordamiento del r\u00edo Cazones, especialmente en Poza Rica, ha sido uno de los eventos m\u00e1s devastadores, y hasta el momento se han reportado al menos 15 fallecidos debido a los fen\u00f3menos meteorol\u00f3gicos.<\/p>\n\n\n\n<p>Entre los municipios veracruzanos m\u00e1s afectados destacan Poza Rica y \u00c1lamo Temapache, donde el desbordamiento de los R\u00edos Cazones y Pantepec provocaron severas inundaciones que afectaron a cientos de familias.<\/p>\n\n\n\n<p>Las corrientes arrastraron viviendas, veh\u00edculos y enseres, adem\u00e1s de ocasionar la muerte de varias personas, entre ellas estudiantes de la Universidad Veracruzana, seg\u00fan confirmaron autoridades locales y federales.<\/p>\n\n\n\n<p>Las zonas m\u00e1s cr\u00edticas son \u00c1lamo, Poza Rica, Espinal, El Higo y Zontecomatl\u00e1n, donde se activaron los planes DN-III-E, Marina y Taj\u00edn con coordinaci\u00f3n entre los tres \u00f3rdenes de gobierno.<\/p>\n\n\n\n<p>Hay que reconocer la labor de los elementos Fuerzas Armadas, a la Guardia Nacional y la Marina que han colaborado en las labores de auxilio.<\/p>\n\n\n\n<p>Protecci\u00f3n Civil ha trabajado en la evacuaci\u00f3n y atenci\u00f3n de la emergencia, los pescadores locales: en \u00c1lamo, han ofrecido su ayuda con lanchas para el traslado de los afectados en zonas inundadas.<\/p>\n\n\n\n<p>C\u00e1maras empresariales, sobre todo la C\u00e1mara Nacional de la Industria de la Transformaci\u00f3n (Canacintra) en su regi\u00f3n del Golfo, ha instalado centros de acopio para recolectar ayuda para los damnificados.<\/p>\n\n\n\n<p>Voluntarios y sociedad civil: se han organizado centros de acopio en diversas localidades, como Xalapa, para canalizar la ayuda a los municipios afectados, los trabajadores de Pemex, quienes fueron los que de inmediato acudieron a prestar ayuda, los gu\u00edas de Tlapacoyan quienes pusieron alma, coraz\u00f3n y esfuerzo para salvar a decenas a personas.<\/p>\n\n\n\n<p>En contraparte, hay que se\u00f1alar la equivocada acci\u00f3n de la alcaldesa electa de Poza Rica, Adanely Rodr\u00edguez, quien subi\u00f3 a sus redes fotos posando para la selfie en medio de la tragedia, que insensible actitud, plagada de arrogancia, soberbia y protagonismo.<\/p>\n\n\n\n<p>La CFE report\u00f3 que 249 mil 883 usuarios resultaron afectados por la interrupci\u00f3n del servicio el\u00e9ctrico, de los cuales ya se ha restablecido el suministro en un 78%.<\/p>\n\n\n\n<p>En cuanto a las v\u00edas de comunicaci\u00f3n, la SICT inform\u00f3 que se registraron 68 interrupciones en la red federal, con 90 kil\u00f3metros ya rehabilitados gracias al trabajo de 91 elementos y 57 equipos de maquinaria pesada.<\/p>\n\n\n\n<p>Este domingo, Fundaci\u00f3n Carlos Slim y Fundaci\u00f3n Telmex Telcel, con el apoyo de personal de TELMEX y su red de voluntarios, iniciaron la entrega de 30 toneladas de ayuda humanitaria a comunidades afectadas por las intensas lluvias y el desbordamiento del r\u00edo Cazones.<\/p>\n\n\n\n<p>Poza Rica, \u00c1lamo y El Higo, son los municipios donde ya se est\u00e1n llevando despensas, cobertores, colchonetas, agua y plantas potabilizadoras.<\/p>\n\n\n\n<p>Autoridades de infraestructura: La Secretar\u00eda de Infraestructura, Comunicaciones y Transportes (SICT), tambi\u00e9n ha atendido los deslaves y derrumbes ocasionados por las lluvias.<\/p>\n\n\n\n<p>La ayuda debe ser sin siglas y colores de partido, pero hay que agradecer al Gobernador de Nuevo Le\u00f3n, Samuel Alejandro Garc\u00eda Sep\u00falveda, la ayuda que envi\u00f3 al estado, sobre todo meses despu\u00e9s que aqu\u00ed se le negara el agua cuando esa entidad padec\u00eda de una terrible sequ\u00eda. Al alcalde de Orizaba, Juan Manuel Diez Francos, envi\u00f3 4 mil despensas al municipio de Poza Rica.<\/p>\n\n\n\n<p>Los Gobernadores de Tamaulipas, Chiapas y Quintana Roo, Am\u00e9rico Villarreal Anaya, Eduardo Ram\u00edrez Aguilar y Mara Lezama Espinosa, respectivamente, estos mandatarios estatales se solidarizaron con el pueblo de Veracruz, enviaron ayuda y helic\u00f3pteros para rescatar a personas atrapadas en varias localidades.<\/p>\n\n\n\n<p>Es el momento de ayudar y solidarizarse con las personas que est\u00e1n sufriendo por la p\u00e9rdida de familiares y su patrimonio, luego tendr\u00e1 que analizarse con severidad las causas que provocaron estas dram\u00e1ticas inundaciones, que arrojaron la p\u00e9rdida de vidas humanas.<\/p>\n\n\n\n<p>Despu\u00e9s, obligatoriamente, tendr\u00e1 que precisarse si se registraron omisiones, negligencia y errores humanos, pero esta fase vendr\u00e1 despu\u00e9s.<\/p>\n","protected":false},"excerpt":{"rendered":"<p>Fanny Y\u00e9pezLa Columna De este desastre ocurrido este fin de semana, que provoco la lamentable p\u00e9rdida de vidas humanas y quebrantos econ\u00f3micos en municipios del norte del estado de Veracruz, emergieron los sentimientos m\u00e1s nobles de cientos de seres humanos, la fortaleza y resiliencia de los afectados. La Presidenta, Claudia Sheinbaum Pardo, cumpli\u00f3 su palabra, [&hellip;]<\/p>\n","protected":false},"author":2,"featured_media":141383,"comment_status":"closed","ping_status":"closed","sticky":false,"template":"","format":"standard","meta":{"tdm_status":"","tdm_grid_status":"","footnotes":""},"categories":[70],"tags":[9627,9567,1026,1267,3578,195],"class_list":{"0":"post-154381","1":"post","2":"type-post","3":"status-publish","4":"format-standard","5":"has-post-thumbnail","7":"category-de-opinion","8":"tag-claudia-sheinbaum","9":"tag-damnificados","10":"tag-morena","11":"tag-poza-rica","12":"tag-rocio-nahle","13":"tag-veracruz"},"yoast_head":"<!-- This site is optimized with the Yoast SEO plugin v27.4 - https:\/\/yoast.com\/product\/yoast-seo-wordpress\/ -->\n<title>SHEINBAUM EN POZA RICA - Los pol\u00edticos Veracruz<\/title>\n<meta name=\"robots\" content=\"index, follow, max-snippet:-1, max-image-preview:large, max-video-preview:-1\" \/>\n<link rel=\"canonical\" href=\"https:\/\/lospoliticosveracruz.com\/?p=154381\" \/>\n<meta property=\"og:locale\" content=\"es_ES\" \/>\n<meta property=\"og:type\" content=\"article\" \/>\n<meta property=\"og:title\" content=\"SHEINBAUM EN POZA RICA - Los pol\u00edticos Veracruz\" \/>\n<meta property=\"og:description\" content=\"Fanny Y\u00e9pezLa Columna De este desastre ocurrido este fin de semana, que provoco la lamentable p\u00e9rdida de vidas humanas y quebrantos econ\u00f3micos en municipios del norte del estado de Veracruz, emergieron los sentimientos m\u00e1s nobles de cientos de seres humanos, la fortaleza y resiliencia de los afectados. La Presidenta, Claudia Sheinbaum Pardo, cumpli\u00f3 su palabra, [&hellip;]\" \/>\n<meta property=\"og:url\" content=\"https:\/\/lospoliticosveracruz.com\/?p=154381\" \/>\n<meta property=\"og:site_name\" content=\"Los pol\u00edticos Veracruz\" \/>\n<meta property=\"article:publisher\" content=\"https:\/\/www.facebook.com\/people\/Notimemes-de-los-Polticos\/61565672886568\/\" \/>\n<meta property=\"article:published_time\" content=\"2025-10-13T11:41:34+00:00\" \/>\n<meta property=\"article:modified_time\" content=\"2025-10-13T11:41:53+00:00\" \/>\n<meta property=\"og:image\" content=\"https:\/\/lospoliticosveracruz.com\/wp-content\/uploads\/2025\/04\/Fanny-Yepez-Luna-e1768657334923.jpg\" \/>\n\t<meta property=\"og:image:width\" content=\"600\" \/>\n\t<meta property=\"og:image:height\" content=\"320\" \/>\n\t<meta property=\"og:image:type\" content=\"image\/jpeg\" \/>\n<meta name=\"author\" content=\"Lo viste en Los Pol\u00edticos\" \/>\n<meta name=\"twitter:card\" content=\"summary_large_image\" \/>\n<meta name=\"twitter:creator\" content=\"@LosPoliticosVer\" \/>\n<meta name=\"twitter:site\" content=\"@LosPoliticosVer\" \/>\n<meta name=\"twitter:label1\" content=\"Escrito por\" \/>\n\t<meta name=\"twitter:data1\" content=\"Lo viste en Los Pol\u00edticos\" \/>\n\t<meta name=\"twitter:label2\" content=\"Tiempo de lectura\" \/>\n\t<meta name=\"twitter:data2\" content=\"6 minutos\" \/>\n<script type=\"application\/ld+json\" class=\"yoast-schema-graph\">{\"@context\":\"https:\\\/\\\/schema.org\",\"@graph\":[{\"@type\":\"Article\",\"@id\":\"https:\\\/\\\/lospoliticosveracruz.com\\\/?p=154381#article\",\"isPartOf\":{\"@id\":\"https:\\\/\\\/lospoliticosveracruz.com\\\/?p=154381\"},\"author\":{\"name\":\"Lo viste en Los Pol\u00edticos\",\"@id\":\"https:\\\/\\\/lospoliticosveracruz.com\\\/#\\\/schema\\\/person\\\/b8702bb0e538456e6efd07080bf2a4a2\"},\"headline\":\"SHEINBAUM EN POZA RICA\",\"datePublished\":\"2025-10-13T11:41:34+00:00\",\"dateModified\":\"2025-10-13T11:41:53+00:00\",\"mainEntityOfPage\":{\"@id\":\"https:\\\/\\\/lospoliticosveracruz.com\\\/?p=154381\"},\"wordCount\":1189,\"publisher\":{\"@id\":\"https:\\\/\\\/lospoliticosveracruz.com\\\/#organization\"},\"image\":{\"@id\":\"https:\\\/\\\/lospoliticosveracruz.com\\\/?p=154381#primaryimage\"},\"thumbnailUrl\":\"https:\\\/\\\/lospoliticosveracruz.com\\\/wp-content\\\/uploads\\\/2025\\\/04\\\/Fanny-Yepez-Luna-e1768657334923.jpg\",\"keywords\":[\"Claudia Sheinbaum\",\"damnificados\",\"Morena\",\"Poza Rica\",\"Roc\u00edo Nahle\",\"Veracruz\"],\"articleSection\":[\"De Opini\u00f3n\"],\"inLanguage\":\"es\"},{\"@type\":\"WebPage\",\"@id\":\"https:\\\/\\\/lospoliticosveracruz.com\\\/?p=154381\",\"url\":\"https:\\\/\\\/lospoliticosveracruz.com\\\/?p=154381\",\"name\":\"SHEINBAUM EN POZA RICA - Los pol\u00edticos Veracruz\",\"isPartOf\":{\"@id\":\"https:\\\/\\\/lospoliticosveracruz.com\\\/#website\"},\"primaryImageOfPage\":{\"@id\":\"https:\\\/\\\/lospoliticosveracruz.com\\\/?p=154381#primaryimage\"},\"image\":{\"@id\":\"https:\\\/\\\/lospoliticosveracruz.com\\\/?p=154381#primaryimage\"},\"thumbnailUrl\":\"https:\\\/\\\/lospoliticosveracruz.com\\\/wp-content\\\/uploads\\\/2025\\\/04\\\/Fanny-Yepez-Luna-e1768657334923.jpg\",\"datePublished\":\"2025-10-13T11:41:34+00:00\",\"dateModified\":\"2025-10-13T11:41:53+00:00\",\"breadcrumb\":{\"@id\":\"https:\\\/\\\/lospoliticosveracruz.com\\\/?p=154381#breadcrumb\"},\"inLanguage\":\"es\",\"potentialAction\":[{\"@type\":\"ReadAction\",\"target\":[\"https:\\\/\\\/lospoliticosveracruz.com\\\/?p=154381\"]}]},{\"@type\":\"ImageObject\",\"inLanguage\":\"es\",\"@id\":\"https:\\\/\\\/lospoliticosveracruz.com\\\/?p=154381#primaryimage\",\"url\":\"https:\\\/\\\/lospoliticosveracruz.com\\\/wp-content\\\/uploads\\\/2025\\\/04\\\/Fanny-Yepez-Luna-e1768657334923.jpg\",\"contentUrl\":\"https:\\\/\\\/lospoliticosveracruz.com\\\/wp-content\\\/uploads\\\/2025\\\/04\\\/Fanny-Yepez-Luna-e1768657334923.jpg\",\"width\":600,\"height\":320},{\"@type\":\"BreadcrumbList\",\"@id\":\"https:\\\/\\\/lospoliticosveracruz.com\\\/?p=154381#breadcrumb\",\"itemListElement\":[{\"@type\":\"ListItem\",\"position\":1,\"name\":\"Portada\",\"item\":\"https:\\\/\\\/lospoliticosveracruz.com\\\/\"},{\"@type\":\"ListItem\",\"position\":2,\"name\":\"SHEINBAUM EN POZA RICA\"}]},{\"@type\":\"WebSite\",\"@id\":\"https:\\\/\\\/lospoliticosveracruz.com\\\/#website\",\"url\":\"https:\\\/\\\/lospoliticosveracruz.com\\\/\",\"name\":\"Los pol\u00edticos Veracruz\",\"description\":\"\",\"publisher\":{\"@id\":\"https:\\\/\\\/lospoliticosveracruz.com\\\/#organization\"},\"potentialAction\":[{\"@type\":\"SearchAction\",\"target\":{\"@type\":\"EntryPoint\",\"urlTemplate\":\"https:\\\/\\\/lospoliticosveracruz.com\\\/?s={search_term_string}\"},\"query-input\":{\"@type\":\"PropertyValueSpecification\",\"valueRequired\":true,\"valueName\":\"search_term_string\"}}],\"inLanguage\":\"es\"},{\"@type\":\"Organization\",\"@id\":\"https:\\\/\\\/lospoliticosveracruz.com\\\/#organization\",\"name\":\"Los pol\u00edticos Veracruz\",\"url\":\"https:\\\/\\\/lospoliticosveracruz.com\\\/\",\"logo\":{\"@type\":\"ImageObject\",\"inLanguage\":\"es\",\"@id\":\"https:\\\/\\\/lospoliticosveracruz.com\\\/#\\\/schema\\\/logo\\\/image\\\/\",\"url\":\"https:\\\/\\\/lospoliticosveracruz.com\\\/wp-content\\\/uploads\\\/2025\\\/12\\\/Logo-Nuevo-LOS-POLITICOS-1.jpg\",\"contentUrl\":\"https:\\\/\\\/lospoliticosveracruz.com\\\/wp-content\\\/uploads\\\/2025\\\/12\\\/Logo-Nuevo-LOS-POLITICOS-1.jpg\",\"width\":260,\"height\":70,\"caption\":\"Los pol\u00edticos Veracruz\"},\"image\":{\"@id\":\"https:\\\/\\\/lospoliticosveracruz.com\\\/#\\\/schema\\\/logo\\\/image\\\/\"},\"sameAs\":[\"https:\\\/\\\/www.facebook.com\\\/people\\\/Notimemes-de-los-Polticos\\\/61565672886568\\\/\",\"https:\\\/\\\/x.com\\\/LosPoliticosVer\"]},{\"@type\":\"Person\",\"@id\":\"https:\\\/\\\/lospoliticosveracruz.com\\\/#\\\/schema\\\/person\\\/b8702bb0e538456e6efd07080bf2a4a2\",\"name\":\"Lo viste en Los Pol\u00edticos\",\"image\":{\"@type\":\"ImageObject\",\"inLanguage\":\"es\",\"@id\":\"https:\\\/\\\/secure.gravatar.com\\\/avatar\\\/3a8de04a2656d44082be478bd6c086daa447c4651605818287b9532d3d0bd435?s=96&d=mm&r=g\",\"url\":\"https:\\\/\\\/secure.gravatar.com\\\/avatar\\\/3a8de04a2656d44082be478bd6c086daa447c4651605818287b9532d3d0bd435?s=96&d=mm&r=g\",\"contentUrl\":\"https:\\\/\\\/secure.gravatar.com\\\/avatar\\\/3a8de04a2656d44082be478bd6c086daa447c4651605818287b9532d3d0bd435?s=96&d=mm&r=g\",\"caption\":\"Lo viste en Los Pol\u00edticos\"},\"url\":\"https:\\\/\\\/lospoliticosveracruz.com\\\/?author=2\"}]}<\/script>\n<!-- \/ Yoast SEO plugin. -->","yoast_head_json":{"title":"SHEINBAUM EN POZA RICA - Los pol\u00edticos Veracruz","robots":{"index":"index","follow":"follow","max-snippet":"max-snippet:-1","max-image-preview":"max-image-preview:large","max-video-preview":"max-video-preview:-1"},"canonical":"https:\/\/lospoliticosveracruz.com\/?p=154381","og_locale":"es_ES","og_type":"article","og_title":"SHEINBAUM EN POZA RICA - Los pol\u00edticos Veracruz","og_description":"Fanny Y\u00e9pezLa Columna De este desastre ocurrido este fin de semana, que provoco la lamentable p\u00e9rdida de vidas humanas y quebrantos econ\u00f3micos en municipios del norte del estado de Veracruz, emergieron los sentimientos m\u00e1s nobles de cientos de seres humanos, la fortaleza y resiliencia de los afectados. La Presidenta, Claudia Sheinbaum Pardo, cumpli\u00f3 su palabra, [&hellip;]","og_url":"https:\/\/lospoliticosveracruz.com\/?p=154381","og_site_name":"Los pol\u00edticos Veracruz","article_publisher":"https:\/\/www.facebook.com\/people\/Notimemes-de-los-Polticos\/61565672886568\/","article_published_time":"2025-10-13T11:41:34+00:00","article_modified_time":"2025-10-13T11:41:53+00:00","og_image":[{"width":600,"height":320,"url":"https:\/\/lospoliticosveracruz.com\/wp-content\/uploads\/2025\/04\/Fanny-Yepez-Luna-e1768657334923.jpg","type":"image\/jpeg"}],"author":"Lo viste en Los Pol\u00edticos","twitter_card":"summary_large_image","twitter_creator":"@LosPoliticosVer","twitter_site":"@LosPoliticosVer","twitter_misc":{"Escrito por":"Lo viste en Los Pol\u00edticos","Tiempo de lectura":"6 minutos"},"schema":{"@context":"https:\/\/schema.org","@graph":[{"@type":"Article","@id":"https:\/\/lospoliticosveracruz.com\/?p=154381#article","isPartOf":{"@id":"https:\/\/lospoliticosveracruz.com\/?p=154381"},"author":{"name":"Lo viste en Los Pol\u00edticos","@id":"https:\/\/lospoliticosveracruz.com\/#\/schema\/person\/b8702bb0e538456e6efd07080bf2a4a2"},"headline":"SHEINBAUM EN POZA RICA","datePublished":"2025-10-13T11:41:34+00:00","dateModified":"2025-10-13T11:41:53+00:00","mainEntityOfPage":{"@id":"https:\/\/lospoliticosveracruz.com\/?p=154381"},"wordCount":1189,"publisher":{"@id":"https:\/\/lospoliticosveracruz.com\/#organization"},"image":{"@id":"https:\/\/lospoliticosveracruz.com\/?p=154381#primaryimage"},"thumbnailUrl":"https:\/\/lospoliticosveracruz.com\/wp-content\/uploads\/2025\/04\/Fanny-Yepez-Luna-e1768657334923.jpg","keywords":["Claudia Sheinbaum","damnificados","Morena","Poza Rica","Roc\u00edo Nahle","Veracruz"],"articleSection":["De Opini\u00f3n"],"inLanguage":"es"},{"@type":"WebPage","@id":"https:\/\/lospoliticosveracruz.com\/?p=154381","url":"https:\/\/lospoliticosveracruz.com\/?p=154381","name":"SHEINBAUM EN POZA RICA - Los pol\u00edticos Veracruz","isPartOf":{"@id":"https:\/\/lospoliticosveracruz.com\/#website"},"primaryImageOfPage":{"@id":"https:\/\/lospoliticosveracruz.com\/?p=154381#primaryimage"},"image":{"@id":"https:\/\/lospoliticosveracruz.com\/?p=154381#primaryimage"},"thumbnailUrl":"https:\/\/lospoliticosveracruz.com\/wp-content\/uploads\/2025\/04\/Fanny-Yepez-Luna-e1768657334923.jpg","datePublished":"2025-10-13T11:41:34+00:00","dateModified":"2025-10-13T11:41:53+00:00","breadcrumb":{"@id":"https:\/\/lospoliticosveracruz.com\/?p=154381#breadcrumb"},"inLanguage":"es","potentialAction":[{"@type":"ReadAction","target":["https:\/\/lospoliticosveracruz.com\/?p=154381"]}]},{"@type":"ImageObject","inLanguage":"es","@id":"https:\/\/lospoliticosveracruz.com\/?p=154381#primaryimage","url":"https:\/\/lospoliticosveracruz.com\/wp-content\/uploads\/2025\/04\/Fanny-Yepez-Luna-e1768657334923.jpg","contentUrl":"https:\/\/lospoliticosveracruz.com\/wp-content\/uploads\/2025\/04\/Fanny-Yepez-Luna-e1768657334923.jpg","width":600,"height":320},{"@type":"BreadcrumbList","@id":"https:\/\/lospoliticosveracruz.com\/?p=154381#breadcrumb","itemListElement":[{"@type":"ListItem","position":1,"name":"Portada","item":"https:\/\/lospoliticosveracruz.com\/"},{"@type":"ListItem","position":2,"name":"SHEINBAUM EN POZA RICA"}]},{"@type":"WebSite","@id":"https:\/\/lospoliticosveracruz.com\/#website","url":"https:\/\/lospoliticosveracruz.com\/","name":"Los pol\u00edticos Veracruz","description":"","publisher":{"@id":"https:\/\/lospoliticosveracruz.com\/#organization"},"potentialAction":[{"@type":"SearchAction","target":{"@type":"EntryPoint","urlTemplate":"https:\/\/lospoliticosveracruz.com\/?s={search_term_string}"},"query-input":{"@type":"PropertyValueSpecification","valueRequired":true,"valueName":"search_term_string"}}],"inLanguage":"es"},{"@type":"Organization","@id":"https:\/\/lospoliticosveracruz.com\/#organization","name":"Los pol\u00edticos Veracruz","url":"https:\/\/lospoliticosveracruz.com\/","logo":{"@type":"ImageObject","inLanguage":"es","@id":"https:\/\/lospoliticosveracruz.com\/#\/schema\/logo\/image\/","url":"https:\/\/lospoliticosveracruz.com\/wp-content\/uploads\/2025\/12\/Logo-Nuevo-LOS-POLITICOS-1.jpg","contentUrl":"https:\/\/lospoliticosveracruz.com\/wp-content\/uploads\/2025\/12\/Logo-Nuevo-LOS-POLITICOS-1.jpg","width":260,"height":70,"caption":"Los pol\u00edticos Veracruz"},"image":{"@id":"https:\/\/lospoliticosveracruz.com\/#\/schema\/logo\/image\/"},"sameAs":["https:\/\/www.facebook.com\/people\/Notimemes-de-los-Polticos\/61565672886568\/","https:\/\/x.com\/LosPoliticosVer"]},{"@type":"Person","@id":"https:\/\/lospoliticosveracruz.com\/#\/schema\/person\/b8702bb0e538456e6efd07080bf2a4a2","name":"Lo viste en Los Pol\u00edticos","image":{"@type":"ImageObject","inLanguage":"es","@id":"https:\/\/secure.gravatar.com\/avatar\/3a8de04a2656d44082be478bd6c086daa447c4651605818287b9532d3d0bd435?s=96&d=mm&r=g","url":"https:\/\/secure.gravatar.com\/avatar\/3a8de04a2656d44082be478bd6c086daa447c4651605818287b9532d3d0bd435?s=96&d=mm&r=g","contentUrl":"https:\/\/secure.gravatar.com\/avatar\/3a8de04a2656d44082be478bd6c086daa447c4651605818287b9532d3d0bd435?s=96&d=mm&r=g","caption":"Lo viste en Los Pol\u00edticos"},"url":"https:\/\/lospoliticosveracruz.com\/?author=2"}]}},"_links":{"self":[{"href":"https:\/\/lospoliticosveracruz.com\/index.php?rest_route=\/wp\/v2\/posts\/154381","targetHints":{"allow":["GET"]}}],"collection":[{"href":"https:\/\/lospoliticosveracruz.com\/index.php?rest_route=\/wp\/v2\/posts"}],"about":[{"href":"https:\/\/lospoliticosveracruz.com\/index.php?rest_route=\/wp\/v2\/types\/post"}],"author":[{"embeddable":true,"href":"https:\/\/lospoliticosveracruz.com\/index.php?rest_route=\/wp\/v2\/users\/2"}],"replies":[{"embeddable":true,"href":"https:\/\/lospoliticosveracruz.com\/index.php?rest_route=%2Fwp%2Fv2%2Fcomments&post=154381"}],"version-history":[{"count":1,"href":"https:\/\/lospoliticosveracruz.com\/index.php?rest_route=\/wp\/v2\/posts\/154381\/revisions"}],"predecessor-version":[{"id":154382,"href":"https:\/\/lospoliticosveracruz.com\/index.php?rest_route=\/wp\/v2\/posts\/154381\/revisions\/154382"}],"wp:featuredmedia":[{"embeddable":true,"href":"https:\/\/lospoliticosveracruz.com\/index.php?rest_route=\/wp\/v2\/media\/141383"}],"wp:attachment":[{"href":"https:\/\/lospoliticosveracruz.com\/index.php?rest_route=%2Fwp%2Fv2%2Fmedia&parent=154381"}],"wp:term":[{"taxonomy":"category","embeddable":true,"href":"https:\/\/lospoliticosveracruz.com\/index.php?rest_route=%2Fwp%2Fv2%2Fcategories&post=154381"},{"taxonomy":"post_tag","embeddable":true,"href":"https:\/\/lospoliticosveracruz.com\/index.php?rest_route=%2Fwp%2Fv2%2Ftags&post=154381"}],"curies":[{"name":"wp","href":"https:\/\/api.w.org\/{rel}","templated":true}]}}