{"id":15445,"date":"2015-03-22T21:18:00","date_gmt":"2015-03-23T03:18:00","guid":{"rendered":"http:\/\/www.lospoliticosveracruz.com.mx\/?p=15445"},"modified":"2015-03-22T21:18:01","modified_gmt":"2015-03-23T03:18:01","slug":"justicia-social-en-xalapa","status":"publish","type":"post","link":"https:\/\/lospoliticosveracruz.com\/?p=15445","title":{"rendered":"Justicia social en Xalapa"},"content":{"rendered":"<p><a href=\"http:\/\/www.lospoliticosveracruz.com.mx\/wp-content\/uploads\/2015\/03\/Las-Cruces.jpg\"><img loading=\"lazy\" decoding=\"async\" class=\"alignnone size-medium wp-image-15446\" src=\"http:\/\/www.lospoliticosveracruz.com.mx\/wp-content\/uploads\/2015\/03\/Las-Cruces-300x178.jpg\" alt=\"Las Cruces\" width=\"300\" height=\"178\" \/><\/a><br \/>\n<strong>Rodrigo Montoya Rivera<\/strong><\/p>\n<p><em>Ideas<\/em><\/p>\n<p>&nbsp;<\/p>\n<p>En el marco de la conmemoraci\u00f3n del natalicio de Benito Pablo Ju\u00e1rez Garc\u00eda, el Gobernador de Veracruz Javier Duarte de Ochoa comenz\u00f3 su agenda p\u00fablica del d\u00eda s\u00e1bado 21 de marzo. Acompa\u00f1ado del Presidente Municipal de Xalapa Am\u00e9rico Z\u00fa\u00f1iga Mart\u00ednez, la Presidenta del Congreso del Estado Octavia Ortega Arteaga y el Presidente del Poder el Magistrado Alberto Sosa, el jefe del ejecutivo estatal y los miembros de su gabinete rindieron merecido homenaje al \u201cBenem\u00e9rito de las Am\u00e9ricas\u201d.<br \/>\nDespu\u00e9s de ese acto solemne, Javier Duarte de Ochoa se traslad\u00f3 junto con el Diputado Federal Alejandro Montano y el alcalde de la capital Am\u00e9rico Z\u00fa\u00f1iga Mart\u00ednez a la comunidad de \u201cLas Cruces\u201d perteneciente a la Congregaci\u00f3n de El Castillo, para dar por inaugurada la carretera que enlaza esa parte de la zona rural de Xalapa hacia la congregaci\u00f3n y la por ende a la cabecera municipal.<br \/>\nQue el mandatario veracruzano se haya presentado en \u201cLas Cruces\u201d, permite ver a los ciudadanos de cerca al hombre que ejerce el gobierno en la entidad veracruzana. Sin lugar a dudas resulta trascendental y de suma importancia que el ejecutivo haya dedicado parte de su agenda de trabajo para ir a una de las zonas m\u00e1s importantes de la Atenas Veracruzana pero tambi\u00e9n por desgracia un lugar al que pocos pol\u00edticos hab\u00edan volteado a ver desde hace muchas administraciones.<br \/>\nEl Gobierno de Veracruz y el Ayuntamiento de Xalapa trabajaron en coordinaci\u00f3n estrecha para lograr ese anhelo de los habitantes de esa comunidad. La carretera que hoy ya funciona, representa sin lugar a dudas el compromiso cumplido hacia los m\u00e1s desprotegidos, como lo dijo el Gobernador \u201cObras son amores y no solo buenas razones\u201d refiri\u00e9ndose a la rehabilitaci\u00f3n de esa importante carretera que tendr\u00e1 una vida \u00fatil no menor a 20 a\u00f1os.<br \/>\nQue Javier Duarte y Am\u00e9rico Z\u00fa\u00f1iga junto con el titular de SIOP Tom\u00e1s Ruiz y el Subsecretario de Gobierno Marlon Ram\u00edrez, hayan entregado esta significativa obra no es producto de la casualidad. El ejecutivo estatal y el primer edil han mostrado siempre especial inter\u00e9s y cercan\u00eda con el pueblo veracruzano y xalape\u00f1o respectivamente, aunque de este \u00faltimo, el jefe de las instituciones en la entidad ha demostrado especial afecto para los habitantes de esta capital.<br \/>\nRecordemos que apenas iniciaba la administraci\u00f3n presidida por Am\u00e9rico Z\u00fa\u00f1iga Mart\u00ednez, cuando una inclemencia del tiempo sacudi\u00f3 terriblemente a la comunidad de Las\u00a0Cruces con una granizada jam\u00e1s registrada en Xalapa; de igual forma muchos de los veh\u00edculos que circulaban por esta ciudad resultaron con severas afectaciones. Ese d\u00eda Javier Duarte acompa\u00f1ado de su esposa la Karime Mac\u00edas Tubilla y del alcalde visitaron las zonas afectadas de El Castillo, particularmente la que est\u00e1 en menci\u00f3n, teniendo como saldo una importante cantidad de viviendas da\u00f1adas en ventanas, techos y l\u00e1minas que cubr\u00edan cientos de hogares. Los gobiernos municipal y estatal estuvieron presentes.<br \/>\nCaso similar fue la desgracia que ocurri\u00f3 en el emblem\u00e1tico barrio de \u201cEl Dique\u201d donde la explosi\u00f3n de un tanque de gas dej\u00f3 como resultado un muerto, nueve heridos y afectaciones en paredes, techos y ventanas de las viviendas de la zona. Javier Duarte tambi\u00e9n se hizo presente.<br \/>\nEl s\u00e1bado que se entreg\u00f3 esta carretera, qued\u00f3 constatado el esfuerzo de la administraci\u00f3n estatal y municipal para seguir cumpliendo con obras para la ciudadan\u00eda, raz\u00f3n que debe resaltarse por el simple hecho de que si bien es cierto existen circunstancias adversas y es obligaci\u00f3n del gobierno sin importar de que orden sea este, dar resultados a quienes les dieron el mandato que son los ciudadanos, tambi\u00e9n cierto es que se debe reconocer el esfuerzo que se realiza para cumplir a cabalidad con la palabra empe\u00f1ada y no solamente dejarse llevar por muchas veces comentarios mal intencionados de personajes oscuros con intenciones perversas.<br \/>\nComentarios: rodrigomontoya91@gmail.com<\/p>\n","protected":false},"excerpt":{"rendered":"<p>Rodrigo Montoya Rivera Ideas &nbsp; En el marco de la conmemoraci\u00f3n del natalicio de Benito Pablo Ju\u00e1rez Garc\u00eda, el Gobernador de Veracruz Javier Duarte de Ochoa comenz\u00f3 su agenda p\u00fablica del d\u00eda s\u00e1bado 21 de marzo. Acompa\u00f1ado del Presidente Municipal de Xalapa Am\u00e9rico Z\u00fa\u00f1iga Mart\u00ednez, la Presidenta del Congreso del Estado Octavia Ortega Arteaga y [&hellip;]<\/p>\n","protected":false},"author":2,"featured_media":0,"comment_status":"open","ping_status":"open","sticky":false,"template":"","format":"standard","meta":{"tdm_status":"","tdm_grid_status":"","footnotes":""},"categories":[70],"tags":[539,260,231,2190],"class_list":{"0":"post-15445","1":"post","2":"type-post","3":"status-publish","4":"format-standard","6":"category-de-opinion","7":"tag-americo-zuniga-martinez","8":"tag-javier-duarte-de-ochoa","9":"tag-karime-macias-tubilla","10":"tag-las-cruces"},"yoast_head":"<!-- This site is optimized with the Yoast SEO plugin v27.4 - https:\/\/yoast.com\/product\/yoast-seo-wordpress\/ -->\n<title>Justicia social en Xalapa - Los pol\u00edticos Veracruz<\/title>\n<meta name=\"robots\" content=\"index, follow, max-snippet:-1, max-image-preview:large, max-video-preview:-1\" \/>\n<link rel=\"canonical\" href=\"https:\/\/lospoliticosveracruz.com\/?p=15445\" \/>\n<meta property=\"og:locale\" content=\"es_ES\" \/>\n<meta property=\"og:type\" content=\"article\" \/>\n<meta property=\"og:title\" content=\"Justicia social en Xalapa - Los pol\u00edticos Veracruz\" \/>\n<meta property=\"og:description\" content=\"Rodrigo Montoya Rivera Ideas &nbsp; En el marco de la conmemoraci\u00f3n del natalicio de Benito Pablo Ju\u00e1rez Garc\u00eda, el Gobernador de Veracruz Javier Duarte de Ochoa comenz\u00f3 su agenda p\u00fablica del d\u00eda s\u00e1bado 21 de marzo. Acompa\u00f1ado del Presidente Municipal de Xalapa Am\u00e9rico Z\u00fa\u00f1iga Mart\u00ednez, la Presidenta del Congreso del Estado Octavia Ortega Arteaga y [&hellip;]\" \/>\n<meta property=\"og:url\" content=\"https:\/\/lospoliticosveracruz.com\/?p=15445\" \/>\n<meta property=\"og:site_name\" content=\"Los pol\u00edticos Veracruz\" \/>\n<meta property=\"article:publisher\" content=\"https:\/\/www.facebook.com\/people\/Notimemes-de-los-Polticos\/61565672886568\/\" \/>\n<meta property=\"article:published_time\" content=\"2015-03-23T03:18:00+00:00\" \/>\n<meta property=\"article:modified_time\" content=\"2015-03-23T03:18:01+00:00\" \/>\n<meta property=\"og:image\" content=\"http:\/\/www.lospoliticosveracruz.com.mx\/wp-content\/uploads\/2015\/03\/Las-Cruces-300x178.jpg\" \/>\n<meta name=\"author\" content=\"Lo viste en Los Pol\u00edticos\" \/>\n<meta name=\"twitter:card\" content=\"summary_large_image\" \/>\n<meta name=\"twitter:creator\" content=\"@LosPoliticosVer\" \/>\n<meta name=\"twitter:site\" content=\"@LosPoliticosVer\" \/>\n<meta name=\"twitter:label1\" content=\"Escrito por\" \/>\n\t<meta name=\"twitter:data1\" content=\"Lo viste en Los Pol\u00edticos\" \/>\n\t<meta name=\"twitter:label2\" content=\"Tiempo de lectura\" \/>\n\t<meta name=\"twitter:data2\" content=\"3 minutos\" \/>\n<script type=\"application\/ld+json\" class=\"yoast-schema-graph\">{\"@context\":\"https:\\\/\\\/schema.org\",\"@graph\":[{\"@type\":\"Article\",\"@id\":\"https:\\\/\\\/lospoliticosveracruz.com\\\/?p=15445#article\",\"isPartOf\":{\"@id\":\"https:\\\/\\\/lospoliticosveracruz.com\\\/?p=15445\"},\"author\":{\"name\":\"Lo viste en Los Pol\u00edticos\",\"@id\":\"https:\\\/\\\/lospoliticosveracruz.com\\\/#\\\/schema\\\/person\\\/b8702bb0e538456e6efd07080bf2a4a2\"},\"headline\":\"Justicia social en Xalapa\",\"datePublished\":\"2015-03-23T03:18:00+00:00\",\"dateModified\":\"2015-03-23T03:18:01+00:00\",\"mainEntityOfPage\":{\"@id\":\"https:\\\/\\\/lospoliticosveracruz.com\\\/?p=15445\"},\"wordCount\":690,\"commentCount\":0,\"publisher\":{\"@id\":\"https:\\\/\\\/lospoliticosveracruz.com\\\/#organization\"},\"image\":{\"@id\":\"https:\\\/\\\/lospoliticosveracruz.com\\\/?p=15445#primaryimage\"},\"thumbnailUrl\":\"http:\\\/\\\/www.lospoliticosveracruz.com.mx\\\/wp-content\\\/uploads\\\/2015\\\/03\\\/Las-Cruces-300x178.jpg\",\"keywords\":[\"Am\u00e9rico Z\u00fa\u00f1iga Mart\u00ednez\",\"Javier Duarte de Ochoa\",\"Karime Mac\u00edas Tubilla\",\"Las Cruces\"],\"articleSection\":[\"De Opini\u00f3n\"],\"inLanguage\":\"es\",\"potentialAction\":[{\"@type\":\"CommentAction\",\"name\":\"Comment\",\"target\":[\"https:\\\/\\\/lospoliticosveracruz.com\\\/?p=15445#respond\"]}]},{\"@type\":\"WebPage\",\"@id\":\"https:\\\/\\\/lospoliticosveracruz.com\\\/?p=15445\",\"url\":\"https:\\\/\\\/lospoliticosveracruz.com\\\/?p=15445\",\"name\":\"Justicia social en Xalapa - Los pol\u00edticos Veracruz\",\"isPartOf\":{\"@id\":\"https:\\\/\\\/lospoliticosveracruz.com\\\/#website\"},\"primaryImageOfPage\":{\"@id\":\"https:\\\/\\\/lospoliticosveracruz.com\\\/?p=15445#primaryimage\"},\"image\":{\"@id\":\"https:\\\/\\\/lospoliticosveracruz.com\\\/?p=15445#primaryimage\"},\"thumbnailUrl\":\"http:\\\/\\\/www.lospoliticosveracruz.com.mx\\\/wp-content\\\/uploads\\\/2015\\\/03\\\/Las-Cruces-300x178.jpg\",\"datePublished\":\"2015-03-23T03:18:00+00:00\",\"dateModified\":\"2015-03-23T03:18:01+00:00\",\"breadcrumb\":{\"@id\":\"https:\\\/\\\/lospoliticosveracruz.com\\\/?p=15445#breadcrumb\"},\"inLanguage\":\"es\",\"potentialAction\":[{\"@type\":\"ReadAction\",\"target\":[\"https:\\\/\\\/lospoliticosveracruz.com\\\/?p=15445\"]}]},{\"@type\":\"ImageObject\",\"inLanguage\":\"es\",\"@id\":\"https:\\\/\\\/lospoliticosveracruz.com\\\/?p=15445#primaryimage\",\"url\":\"http:\\\/\\\/www.lospoliticosveracruz.com.mx\\\/wp-content\\\/uploads\\\/2015\\\/03\\\/Las-Cruces-300x178.jpg\",\"contentUrl\":\"http:\\\/\\\/www.lospoliticosveracruz.com.mx\\\/wp-content\\\/uploads\\\/2015\\\/03\\\/Las-Cruces-300x178.jpg\"},{\"@type\":\"BreadcrumbList\",\"@id\":\"https:\\\/\\\/lospoliticosveracruz.com\\\/?p=15445#breadcrumb\",\"itemListElement\":[{\"@type\":\"ListItem\",\"position\":1,\"name\":\"Portada\",\"item\":\"https:\\\/\\\/lospoliticosveracruz.com\\\/\"},{\"@type\":\"ListItem\",\"position\":2,\"name\":\"Justicia social en Xalapa\"}]},{\"@type\":\"WebSite\",\"@id\":\"https:\\\/\\\/lospoliticosveracruz.com\\\/#website\",\"url\":\"https:\\\/\\\/lospoliticosveracruz.com\\\/\",\"name\":\"Los pol\u00edticos Veracruz\",\"description\":\"\",\"publisher\":{\"@id\":\"https:\\\/\\\/lospoliticosveracruz.com\\\/#organization\"},\"potentialAction\":[{\"@type\":\"SearchAction\",\"target\":{\"@type\":\"EntryPoint\",\"urlTemplate\":\"https:\\\/\\\/lospoliticosveracruz.com\\\/?s={search_term_string}\"},\"query-input\":{\"@type\":\"PropertyValueSpecification\",\"valueRequired\":true,\"valueName\":\"search_term_string\"}}],\"inLanguage\":\"es\"},{\"@type\":\"Organization\",\"@id\":\"https:\\\/\\\/lospoliticosveracruz.com\\\/#organization\",\"name\":\"Los pol\u00edticos Veracruz\",\"url\":\"https:\\\/\\\/lospoliticosveracruz.com\\\/\",\"logo\":{\"@type\":\"ImageObject\",\"inLanguage\":\"es\",\"@id\":\"https:\\\/\\\/lospoliticosveracruz.com\\\/#\\\/schema\\\/logo\\\/image\\\/\",\"url\":\"https:\\\/\\\/lospoliticosveracruz.com\\\/wp-content\\\/uploads\\\/2025\\\/12\\\/Logo-Nuevo-LOS-POLITICOS-1.jpg\",\"contentUrl\":\"https:\\\/\\\/lospoliticosveracruz.com\\\/wp-content\\\/uploads\\\/2025\\\/12\\\/Logo-Nuevo-LOS-POLITICOS-1.jpg\",\"width\":260,\"height\":70,\"caption\":\"Los pol\u00edticos Veracruz\"},\"image\":{\"@id\":\"https:\\\/\\\/lospoliticosveracruz.com\\\/#\\\/schema\\\/logo\\\/image\\\/\"},\"sameAs\":[\"https:\\\/\\\/www.facebook.com\\\/people\\\/Notimemes-de-los-Polticos\\\/61565672886568\\\/\",\"https:\\\/\\\/x.com\\\/LosPoliticosVer\"]},{\"@type\":\"Person\",\"@id\":\"https:\\\/\\\/lospoliticosveracruz.com\\\/#\\\/schema\\\/person\\\/b8702bb0e538456e6efd07080bf2a4a2\",\"name\":\"Lo viste en Los Pol\u00edticos\",\"image\":{\"@type\":\"ImageObject\",\"inLanguage\":\"es\",\"@id\":\"https:\\\/\\\/secure.gravatar.com\\\/avatar\\\/3a8de04a2656d44082be478bd6c086daa447c4651605818287b9532d3d0bd435?s=96&d=mm&r=g\",\"url\":\"https:\\\/\\\/secure.gravatar.com\\\/avatar\\\/3a8de04a2656d44082be478bd6c086daa447c4651605818287b9532d3d0bd435?s=96&d=mm&r=g\",\"contentUrl\":\"https:\\\/\\\/secure.gravatar.com\\\/avatar\\\/3a8de04a2656d44082be478bd6c086daa447c4651605818287b9532d3d0bd435?s=96&d=mm&r=g\",\"caption\":\"Lo viste en Los Pol\u00edticos\"},\"url\":\"https:\\\/\\\/lospoliticosveracruz.com\\\/?author=2\"}]}<\/script>\n<!-- \/ Yoast SEO plugin. -->","yoast_head_json":{"title":"Justicia social en Xalapa - Los pol\u00edticos Veracruz","robots":{"index":"index","follow":"follow","max-snippet":"max-snippet:-1","max-image-preview":"max-image-preview:large","max-video-preview":"max-video-preview:-1"},"canonical":"https:\/\/lospoliticosveracruz.com\/?p=15445","og_locale":"es_ES","og_type":"article","og_title":"Justicia social en Xalapa - Los pol\u00edticos Veracruz","og_description":"Rodrigo Montoya Rivera Ideas &nbsp; En el marco de la conmemoraci\u00f3n del natalicio de Benito Pablo Ju\u00e1rez Garc\u00eda, el Gobernador de Veracruz Javier Duarte de Ochoa comenz\u00f3 su agenda p\u00fablica del d\u00eda s\u00e1bado 21 de marzo. Acompa\u00f1ado del Presidente Municipal de Xalapa Am\u00e9rico Z\u00fa\u00f1iga Mart\u00ednez, la Presidenta del Congreso del Estado Octavia Ortega Arteaga y [&hellip;]","og_url":"https:\/\/lospoliticosveracruz.com\/?p=15445","og_site_name":"Los pol\u00edticos Veracruz","article_publisher":"https:\/\/www.facebook.com\/people\/Notimemes-de-los-Polticos\/61565672886568\/","article_published_time":"2015-03-23T03:18:00+00:00","article_modified_time":"2015-03-23T03:18:01+00:00","og_image":[{"url":"http:\/\/www.lospoliticosveracruz.com.mx\/wp-content\/uploads\/2015\/03\/Las-Cruces-300x178.jpg","type":"","width":"","height":""}],"author":"Lo viste en Los Pol\u00edticos","twitter_card":"summary_large_image","twitter_creator":"@LosPoliticosVer","twitter_site":"@LosPoliticosVer","twitter_misc":{"Escrito por":"Lo viste en Los Pol\u00edticos","Tiempo de lectura":"3 minutos"},"schema":{"@context":"https:\/\/schema.org","@graph":[{"@type":"Article","@id":"https:\/\/lospoliticosveracruz.com\/?p=15445#article","isPartOf":{"@id":"https:\/\/lospoliticosveracruz.com\/?p=15445"},"author":{"name":"Lo viste en Los Pol\u00edticos","@id":"https:\/\/lospoliticosveracruz.com\/#\/schema\/person\/b8702bb0e538456e6efd07080bf2a4a2"},"headline":"Justicia social en Xalapa","datePublished":"2015-03-23T03:18:00+00:00","dateModified":"2015-03-23T03:18:01+00:00","mainEntityOfPage":{"@id":"https:\/\/lospoliticosveracruz.com\/?p=15445"},"wordCount":690,"commentCount":0,"publisher":{"@id":"https:\/\/lospoliticosveracruz.com\/#organization"},"image":{"@id":"https:\/\/lospoliticosveracruz.com\/?p=15445#primaryimage"},"thumbnailUrl":"http:\/\/www.lospoliticosveracruz.com.mx\/wp-content\/uploads\/2015\/03\/Las-Cruces-300x178.jpg","keywords":["Am\u00e9rico Z\u00fa\u00f1iga Mart\u00ednez","Javier Duarte de Ochoa","Karime Mac\u00edas Tubilla","Las Cruces"],"articleSection":["De Opini\u00f3n"],"inLanguage":"es","potentialAction":[{"@type":"CommentAction","name":"Comment","target":["https:\/\/lospoliticosveracruz.com\/?p=15445#respond"]}]},{"@type":"WebPage","@id":"https:\/\/lospoliticosveracruz.com\/?p=15445","url":"https:\/\/lospoliticosveracruz.com\/?p=15445","name":"Justicia social en Xalapa - Los pol\u00edticos Veracruz","isPartOf":{"@id":"https:\/\/lospoliticosveracruz.com\/#website"},"primaryImageOfPage":{"@id":"https:\/\/lospoliticosveracruz.com\/?p=15445#primaryimage"},"image":{"@id":"https:\/\/lospoliticosveracruz.com\/?p=15445#primaryimage"},"thumbnailUrl":"http:\/\/www.lospoliticosveracruz.com.mx\/wp-content\/uploads\/2015\/03\/Las-Cruces-300x178.jpg","datePublished":"2015-03-23T03:18:00+00:00","dateModified":"2015-03-23T03:18:01+00:00","breadcrumb":{"@id":"https:\/\/lospoliticosveracruz.com\/?p=15445#breadcrumb"},"inLanguage":"es","potentialAction":[{"@type":"ReadAction","target":["https:\/\/lospoliticosveracruz.com\/?p=15445"]}]},{"@type":"ImageObject","inLanguage":"es","@id":"https:\/\/lospoliticosveracruz.com\/?p=15445#primaryimage","url":"http:\/\/www.lospoliticosveracruz.com.mx\/wp-content\/uploads\/2015\/03\/Las-Cruces-300x178.jpg","contentUrl":"http:\/\/www.lospoliticosveracruz.com.mx\/wp-content\/uploads\/2015\/03\/Las-Cruces-300x178.jpg"},{"@type":"BreadcrumbList","@id":"https:\/\/lospoliticosveracruz.com\/?p=15445#breadcrumb","itemListElement":[{"@type":"ListItem","position":1,"name":"Portada","item":"https:\/\/lospoliticosveracruz.com\/"},{"@type":"ListItem","position":2,"name":"Justicia social en Xalapa"}]},{"@type":"WebSite","@id":"https:\/\/lospoliticosveracruz.com\/#website","url":"https:\/\/lospoliticosveracruz.com\/","name":"Los pol\u00edticos Veracruz","description":"","publisher":{"@id":"https:\/\/lospoliticosveracruz.com\/#organization"},"potentialAction":[{"@type":"SearchAction","target":{"@type":"EntryPoint","urlTemplate":"https:\/\/lospoliticosveracruz.com\/?s={search_term_string}"},"query-input":{"@type":"PropertyValueSpecification","valueRequired":true,"valueName":"search_term_string"}}],"inLanguage":"es"},{"@type":"Organization","@id":"https:\/\/lospoliticosveracruz.com\/#organization","name":"Los pol\u00edticos Veracruz","url":"https:\/\/lospoliticosveracruz.com\/","logo":{"@type":"ImageObject","inLanguage":"es","@id":"https:\/\/lospoliticosveracruz.com\/#\/schema\/logo\/image\/","url":"https:\/\/lospoliticosveracruz.com\/wp-content\/uploads\/2025\/12\/Logo-Nuevo-LOS-POLITICOS-1.jpg","contentUrl":"https:\/\/lospoliticosveracruz.com\/wp-content\/uploads\/2025\/12\/Logo-Nuevo-LOS-POLITICOS-1.jpg","width":260,"height":70,"caption":"Los pol\u00edticos Veracruz"},"image":{"@id":"https:\/\/lospoliticosveracruz.com\/#\/schema\/logo\/image\/"},"sameAs":["https:\/\/www.facebook.com\/people\/Notimemes-de-los-Polticos\/61565672886568\/","https:\/\/x.com\/LosPoliticosVer"]},{"@type":"Person","@id":"https:\/\/lospoliticosveracruz.com\/#\/schema\/person\/b8702bb0e538456e6efd07080bf2a4a2","name":"Lo viste en Los Pol\u00edticos","image":{"@type":"ImageObject","inLanguage":"es","@id":"https:\/\/secure.gravatar.com\/avatar\/3a8de04a2656d44082be478bd6c086daa447c4651605818287b9532d3d0bd435?s=96&d=mm&r=g","url":"https:\/\/secure.gravatar.com\/avatar\/3a8de04a2656d44082be478bd6c086daa447c4651605818287b9532d3d0bd435?s=96&d=mm&r=g","contentUrl":"https:\/\/secure.gravatar.com\/avatar\/3a8de04a2656d44082be478bd6c086daa447c4651605818287b9532d3d0bd435?s=96&d=mm&r=g","caption":"Lo viste en Los Pol\u00edticos"},"url":"https:\/\/lospoliticosveracruz.com\/?author=2"}]}},"_links":{"self":[{"href":"https:\/\/lospoliticosveracruz.com\/index.php?rest_route=\/wp\/v2\/posts\/15445","targetHints":{"allow":["GET"]}}],"collection":[{"href":"https:\/\/lospoliticosveracruz.com\/index.php?rest_route=\/wp\/v2\/posts"}],"about":[{"href":"https:\/\/lospoliticosveracruz.com\/index.php?rest_route=\/wp\/v2\/types\/post"}],"author":[{"embeddable":true,"href":"https:\/\/lospoliticosveracruz.com\/index.php?rest_route=\/wp\/v2\/users\/2"}],"replies":[{"embeddable":true,"href":"https:\/\/lospoliticosveracruz.com\/index.php?rest_route=%2Fwp%2Fv2%2Fcomments&post=15445"}],"version-history":[{"count":1,"href":"https:\/\/lospoliticosveracruz.com\/index.php?rest_route=\/wp\/v2\/posts\/15445\/revisions"}],"predecessor-version":[{"id":15447,"href":"https:\/\/lospoliticosveracruz.com\/index.php?rest_route=\/wp\/v2\/posts\/15445\/revisions\/15447"}],"wp:attachment":[{"href":"https:\/\/lospoliticosveracruz.com\/index.php?rest_route=%2Fwp%2Fv2%2Fmedia&parent=15445"}],"wp:term":[{"taxonomy":"category","embeddable":true,"href":"https:\/\/lospoliticosveracruz.com\/index.php?rest_route=%2Fwp%2Fv2%2Fcategories&post=15445"},{"taxonomy":"post_tag","embeddable":true,"href":"https:\/\/lospoliticosveracruz.com\/index.php?rest_route=%2Fwp%2Fv2%2Ftags&post=15445"}],"curies":[{"name":"wp","href":"https:\/\/api.w.org\/{rel}","templated":true}]}}