{"id":15448,"date":"2015-03-23T15:16:49","date_gmt":"2015-03-23T21:16:49","guid":{"rendered":"http:\/\/www.lospoliticosveracruz.com.mx\/?p=15448"},"modified":"2015-03-23T15:16:49","modified_gmt":"2015-03-23T21:16:49","slug":"alguien-puso-en-tu-pluma-una-infamia-nemi","status":"publish","type":"post","link":"https:\/\/lospoliticosveracruz.com\/?p=15448","title":{"rendered":"Alguien puso en tu pluma una infamia: Nemi"},"content":{"rendered":"<p><a href=\"http:\/\/www.lospoliticosveracruz.com.mx\/wp-content\/uploads\/2013\/11\/Nemi-compareciente-complaciente-1-.jpg\"><img loading=\"lazy\" decoding=\"async\" class=\"alignnone size-medium wp-image-10505\" src=\"http:\/\/www.lospoliticosveracruz.com.mx\/wp-content\/uploads\/2013\/11\/Nemi-compareciente-complaciente-1--300x199.jpg\" alt=\"Nemi-compareciente-complaciente-1-\" width=\"300\" height=\"199\" \/><\/a><\/p>\n<p>Periodista<br \/>\nClaudia GUERRERO MART\u00cdNEZ,<br \/>\nColumna \u201cEntre Lo Ut\u00f3pico y lo Verdadero\u201d,<br \/>\nPeri\u00f3dico Veraz.<br \/>\nPresente.<\/p>\n<p>Respetada y Estimada Claudia:<\/p>\n<p>Le\u00ed con mucho inter\u00e9s tu columna, \u201cSalud: lo que se avecina\u201d.<\/p>\n<p>Celebro mucho que analices un tema de tal relevancia como la administraci\u00f3n de los servicios destinados a proteger la salud de millones de veracruzanos. Es necesario que se d\u00e9 seguimiento a todo lo que escribes sobre el tema.<\/p>\n<p>Pienso que los distintos procesos puestos en marcha por la Auditor\u00eda Superior de la Federaci\u00f3n son una oportunidad INVALUABLE para dejar absolutamente en claro y con plena transparencia el manejo de los dineros p\u00fablicos que tuve a cargo, el estado puntual en que recib\u00ed SESVER y la SECRETAR\u00cdA DE SALUD y las condiciones en que los entregu\u00e9, no s\u00f3lo en lo administrativo y lo financiero, tambi\u00e9n en lo operativo, incluyendo lo que recib\u00ed en caja, lo que entregu\u00e9, etc. Tiene que hacerse p\u00fablico todo, es un deber.<\/p>\n<p>Sin embargo, estimada Claudia, me preocupa que, siendo tan profesional y comprometida con la verdad como eres, alguien haya querido confundirte con informaciones falsas y, a todas luces, dolosas. Son afirmaciones que es necesario precisar, no por m\u00ed, sino por el inter\u00e9s p\u00fablico de los veracruzanos. Pr\u00e1cticamente nada de lo que afirmas de m\u00ed se sustenta, mira:<\/p>\n<p>1.- Las cifras que mencionas respecto de un quebranto patrimonial en 2012 y 2013 tendr\u00edan que ponerse en su justa dimensi\u00f3n: yo no fui Secretario de Salud ni Director de SESVER en 2012 y buena parte de 2013; los responsables administrativos del manejo de los recursos de ambas dependencias en esos periodos fueron Ricardo Sandoval Aguilar y Jes\u00fas Villegas R\u00edos, igual que lo fueron el \u00faltimo trimestre de 2014 y lo son ahora mismo.<\/p>\n<p>Habr\u00eda que empezar por delimitar los tiempos en que ellos ejercieron el gasto. Juntar dos ejercicios fiscales distintos, a cargo de funcionarios distintos, obliga a poner en duda la intencionalidad de quien o quienes te proporcionaron \u201cla informaci\u00f3n\u201d que hiciste p\u00fablica.<\/p>\n<p>2.- Las cifras que te dio tu \u201cfuente\u201d se acumulan de manera tramposa, pues no s\u00f3lo enga\u00f1an con los tiempos, adem\u00e1s juntan gimnasia con magnesia (recursos no recibidos, recursos no ejercidos, y observaciones administrativas, por ejemplo; estos son conceptos que, de acuerdo con la ley NO NECESARIAMENTE se consideran da\u00f1o patrimonial, en caso de que se demostrara que las observaciones fueran procedentes).<\/p>\n<p>Tambi\u00e9n, quien te dio los informes false\u00f3 los hechos al juntar los dineros de diferentes programas y fondos. Es sabido que el Seguro Popular (el R\u00e9gimen Estatal de Protecci\u00f3n Social en Salud) es una dependencia distinta, descentralizada, que tiene su propia contabilidad y tiene a su propio Director General. En todo caso, falta a\u00fan que la ASF notifique a detalle las observaciones, para conocer los conceptos y montos precisos que ameritan aclaraci\u00f3n.<\/p>\n<p>3.- Lo de que habr\u00e1 \u00f3rdenes de aprehensi\u00f3n s\u00f3lo es un garlito: apenas se recibir\u00e1n los pliegos de observaciones y se har\u00e1n las aclaraciones pertinentes; insisto, \u00bfc\u00f3mo pueden afirmar tales sandeces si ni siquiera se notifica todav\u00eda? Seguro sabes que las auditor\u00edas analizan informaci\u00f3n aleatoria y se basan en muestreos, no son acusaciones, muchos menos definitivas, tampoco significa que lo observado sean hechos punibles, sino temas que requieren precisiones.<\/p>\n<p>Si hubiera responsabilidades de alguien, eso se sabr\u00e1 cuando concluyan los procesos de la ASF y se analice la informaci\u00f3n comprobatoria que es la que ahora debe aportarse. Desde luego quien tenga responsabilidades deber\u00e1 asumirlo y pagar las consecuencias, pero ser\u00e1 hasta entonces. Por cierto, como dato cultural: la cuenta p\u00fablica 2013 ya fue aprobada por el Congreso y muy auditada en el caso de SESVER, no se registr\u00f3 da\u00f1o patrimonial alguno en lo que toca a mi gesti\u00f3n.<\/p>\n<p>4.- Lo de los sobreprecios en compras de medicamento tambi\u00e9n huele a ganas de fregar. Las adquisiciones se hicieron por concurso y te recuerdo que fuimos el primer estado de la Rep\u00fablica en suscribir la compra consolidada de medicamentos a nivel nacional, procedimiento que ya est\u00e1 en su segundo a\u00f1o consecutivo.<\/p>\n<p>Con estas observaciones de la ASF, venturosamente pronto llegar\u00e1 el momento de comparar los precios que pagamos nosotros por los medicamentos y los precios que se pagaron por los mismos medicamentos en los dos a\u00f1os previos, tambi\u00e9n deber\u00e1 hacerse p\u00fablico lo que nosotros dejamos de pagar &#8211;ahorramos&#8211; por \u201chonorarios\u201d pagados a las empresas \u201clog\u00edstisticas\u201d en la distribuci\u00f3n de los f\u00e1rmacos.<\/p>\n<p>Es posible que se hicieran compras de emergencia &#8211;hablamos de medicamentos, de hospitales, de urgencias, de pacientes graves&#8211; para contingencias, pero se tratar\u00eda de un porcentaje m\u00ednimo de adquisiciones hechas a precio de mercado (y no del famoso cat\u00e1logo CAUCES) y que con toda certeza estar\u00e1n plenamente justificadas. Habr\u00e1 que documentarlo apenas sepamos a qu\u00e9 casos se refiere la ASF.<\/p>\n<p>5.- Es evidente: alguien quiso manipularte y puso en tu pluma una infamia. No s\u00f3lo no se compr\u00f3 ning\u00fan veh\u00edculo blindado: nunca compr\u00e9 ning\u00fan veh\u00edculo para mi uso. Vamos, llev\u00e9 a la oficina hasta mi computadora de la casa. \u00bfHay factura de la supuesta blindada?, \u00bfhay orden de compra?, \u00bforden de pago?, \u00bftransferencia o cheque?, \u00bfhay alg\u00fan proveedor que la haya surtido. esa camioneta nunca existi\u00f3. No me explico con qu\u00e9 perversidad se atrevieron a afirm\u00e1rtelo. La camioneta que us\u00e9 es la que ten\u00eda Pablo Anaya y la misma que le dej\u00e9 a quien me sucedi\u00f3, con todo y sus miles de kil\u00f3metros recorridos. Pero el que te lo hayan dicho demuestra el deseo de desacreditar y \u201cpatear el bote\u201d, como dicen los ladronzuelos que buscan culpar al de enfrente. Yo puedo dar cuenta puntual de mi patrimonio de hoy y siempre. No hay un proveedor de la SS o de SESVER de quien haya recibido un centavo, no hay un bien p\u00fablico del que me hubiera apoderado.<\/p>\n<p>6.- Se dieron un tiro en el pie. Nosotros licitamos en 18 meses m\u00e1s ambulancias equipadas que en los 3 a\u00f1os anteriores, para hospitales y ayuntamientos; casi al 50% de lo que pagaron por ellas antes que nosotros. Est\u00e1 probado. Nosotros no hicimos pagos en cuentas de particulares por este concepto. Basta comparar los precios.<\/p>\n<p>7.- Algo cierto: perdieron la certificaci\u00f3n del INEO, lo regresaron a CECAN y se les murieron por lo menos dos pacientes programados para procedimiento antes de que anunciaran la cancelaci\u00f3n del programa porque se negaron a ejercer el presupuesto que dej\u00e9 autorizado y disponible para ambos pacientes. Est\u00e1 documentado. Tambi\u00e9n es cierto que invertimos m\u00e1s de 40 millones de pesos en el Instituto de Oncolog\u00eda, con la mejor y m\u00e1s moderna tecnolog\u00eda, que est\u00e1 disponible y funcionando. Un peque\u00f1o recorrido por el hospital lo prueba. \u00bfHace falta detallar el equipamiento que se instal\u00f3 en el INEO y permanece funcionando?, \u00bflos mantenimientos al acelerador lineal, al resonador, al tom\u00f3grafo; la compra de la gamma c\u00e1mara?<\/p>\n<p>8. Lo de los medicamentos caducos y los oncol\u00f3gicos falsos tambi\u00e9n es cierto. A tu fuente le falt\u00f3 platicarte de las pruebas falsas para VIH-Sida. Otros tendr\u00e1n que responder ante la ley por eso. Y est\u00e1 documentad\u00edsimo. Tampoco te dijo de los millones de pesos en facturas falsas cobradas en la jurisdicci\u00f3n de Xalapa, del fraude millonario con los programas de c\u00f3mputo, etc\u00e9tera.<\/p>\n<p>9.- Lo de las empresas MAXBEC, LABSSA y HEBEREM: sus contratos estaban vigentes desde mucho antes &#8211;por lo menos cinco a\u00f1os&#8211; de que yo me hiciera cargo de ambas dependencias. Es f\u00e1cil probar que bajamos sus precios un m\u00ednimo de 20 y a veces hasta 30% respecto de lo que cobraban antes de mi gesti\u00f3n y que con los mismos precios reducidos se increment\u00f3 la cobertura de sus servicios. Por cierto, no niego mi relaci\u00f3n de afecto con los Beceiro pero preciso: yo no los contrat\u00e9 y, no me pesar\u00eda en absoluto, pero tampoco somos familiares ni lo son nuestros hijos.<\/p>\n<p>Es el mismo caso de MIC, ICTZE y LHAG, empresas a las que mencionas, igual que a un se\u00f1or Hendi. Yo no los contrat\u00e9, Claudia. Yo no celebr\u00e9 los contratos que me encontr\u00e9 vigentes y lo que es un hecho es que no s\u00f3lo a ellos, a todos los proveedores (incluyendo a los de alimentos, lavander\u00eda, mantenimiento, etc.) les redujimos dram\u00e1ticamente el importe de su facturaci\u00f3n. Est\u00e1n las pruebas.<\/p>\n<p>10.- En lo de FINAMED aciertas. Me parece oprobioso que despu\u00e9s de todas las irregularidades que denunciamos al respecto y de que defendimos airosamente y con \u00e9xito en los tribunales el patrimonio p\u00fablico de los veracruzanos que dicha empresa pretende arrebatar, alg\u00fan funcionario p\u00fablico est\u00e9 hablando de \u201cun mal arreglo con Finamed porque m\u00e1s vale\u201d.<\/p>\n<p>11.- Ojal\u00e1 que en tu pr\u00f3xima entrega te pudieras referir a los cientos de denuncias penales y administrativas que dejamos presentadas por actos de corrupci\u00f3n, que \u201cno se han encontrado\u201d y los desistimientos extra\u00f1os que se han hecho de las mismas.<\/p>\n<p>12.- Ojal\u00e1 que hables del conflicto de intereses del se\u00f1or Jes\u00fas Villegas R\u00edos quien lo mismo fungi\u00f3 como coordinador de asesores de Sandoval en su primera gesti\u00f3n que como salvaje &#8211;y fallido&#8211; auditor de nuestra gesti\u00f3n desde la Contralor\u00eda General del Estado y nuevamente como poderoso funcionario de SESVER, uno de cuyos subordinados es ahora contralor interno de la dependencia.<\/p>\n<p>13.- Ojal\u00e1 que hables del asunto de EULEN que por s\u00ed mismo explica el proceder de quienes nos antecedieron y sucedieron en la administraci\u00f3n.<\/p>\n<p>Querida Claudia:<\/p>\n<p>Tocamos muchos intereses poderosos. Hicimos las cosas de frente y en el \u00e1nimo de servir. Probablemente cometimos errores pero no il\u00edcitos. Y en todo caso, asumo plenamente la parte que me toca. Me esforc\u00e9 en hacer lo mejor posible las cosas, cumplir con los veracruzanos y corresponder con la confianza generosa del Gobernador del Estado y eso tiene costos; tu columna es la mejor prueba.<\/p>\n<p>Para nadie es un secreto el encono y el \u00e1nimo destructivo de quienes fueron afectados por nuestro proceder y que han llevado sus \u00e1nimos de venganza a la ruindad m\u00e1s extrema, desquit\u00e1ndose incluso con personas inocentes y ajenas, y hablo de negocios il\u00edcitos frustrados, de falsos amigos a los que me negu\u00e9 a beneficiar, de liderazgos corruptos y nocivos, de malos proveedores obligados a cumplir, de empleados sujetados a las normas y forzados a trabajar y cumplir con sus deberes, de aviadores cesados, de intermediarios que dejaron de beneficiarse, de columnistas sin embute&#8230; Estas informaciones falsas que te dieron para reproducir son prueba de ello. Que usen hasta mi familia describe la cala\u00f1a y el coraje de tu o tus \u201cinformantes\u201d.<\/p>\n<p>El Programa SALUD PARA TODOS LOS VERACRUZANOS obtuvo reconocimiento no s\u00f3lo del Gobierno de la Rep\u00fablica sino incluso de organismos como la OMS-OPS; los logros epidemiol\u00f3gicos y los avances que se consiguieron en esos 18 meses est\u00e1n a la vista y no se podr\u00e1n desvirtuar, a pesar de que se est\u00e9n gastando miles en borrar los muros y repintar las ambulancias (a prop\u00f3sito de erogaciones in\u00fatiles), con todo y que destruyan cosas de tal envergadura como el Instituto de Formaci\u00f3n e Investigaci\u00f3n en Salud o fracasen en la certificaci\u00f3n de los hospitales. No podr\u00e1n borrar los logros en muerte materna, en el eficaz combate a endemias, en dengue, en formaci\u00f3n de recursos humanos, en la reducci\u00f3n dram\u00e1tica en los costos de operaci\u00f3n, en muchos indicadores m\u00e1s.<\/p>\n<p>Aqu\u00ed estoy. Vivo en Xalapa. Listo para responder a cualquier autoridad y dar cuenta puntual de lo que hice como Secretario de Salud y Director de SESVER. El lodo, las injurias y todas las infamias no ser\u00e1n suficientes para callarme. Nunca he tomado un peso que no me pertenezca y menos a\u00fan ser\u00eda c\u00f3mplice de rater\u00edas contra la vida y la salud de los veracruzanos. La documentaci\u00f3n que prueba todo lo que digo est\u00e1 a la disposici\u00f3n.<\/p>\n<p>Apelo a tu decencia. Te ruego que tengas la bondad de reproducir mi carta \u00edntegra en tu columna.<\/p>\n<p>Te mando un abrazo con mi respeto invariable y te deseo un maravilloso y feliz viaje.<\/p>\n<p>Xalapa-Enr\u00edquez, Veracruz 22 de marzo de 2014<\/p>\n","protected":false},"excerpt":{"rendered":"<p>Periodista Claudia GUERRERO MART\u00cdNEZ, Columna \u201cEntre Lo Ut\u00f3pico y lo Verdadero\u201d, Peri\u00f3dico Veraz. Presente. Respetada y Estimada Claudia: Le\u00ed con mucho inter\u00e9s tu columna, \u201cSalud: lo que se avecina\u201d. Celebro mucho que analices un tema de tal relevancia como la administraci\u00f3n de los servicios destinados a proteger la salud de millones de veracruzanos. Es necesario [&hellip;]<\/p>\n","protected":false},"author":2,"featured_media":0,"comment_status":"open","ping_status":"open","sticky":false,"template":"","format":"standard","meta":{"tdm_status":"","tdm_grid_status":"","footnotes":""},"categories":[70],"tags":[1304,996,90],"class_list":{"0":"post-15448","1":"post","2":"type-post","3":"status-publish","4":"format-standard","6":"category-de-opinion","7":"tag-claudia-guerrero","8":"tag-juan-antonio-nemi-dib","9":"tag-salud"},"yoast_head":"<!-- This site is optimized with the Yoast SEO plugin v27.4 - https:\/\/yoast.com\/product\/yoast-seo-wordpress\/ -->\n<title>Alguien puso en tu pluma una infamia: Nemi - Los pol\u00edticos Veracruz<\/title>\n<meta name=\"robots\" content=\"index, follow, max-snippet:-1, max-image-preview:large, max-video-preview:-1\" \/>\n<link rel=\"canonical\" href=\"https:\/\/lospoliticosveracruz.com\/?p=15448\" \/>\n<meta property=\"og:locale\" content=\"es_ES\" \/>\n<meta property=\"og:type\" content=\"article\" \/>\n<meta property=\"og:title\" content=\"Alguien puso en tu pluma una infamia: Nemi - Los pol\u00edticos Veracruz\" \/>\n<meta property=\"og:description\" content=\"Periodista Claudia GUERRERO MART\u00cdNEZ, Columna \u201cEntre Lo Ut\u00f3pico y lo Verdadero\u201d, Peri\u00f3dico Veraz. Presente. Respetada y Estimada Claudia: Le\u00ed con mucho inter\u00e9s tu columna, \u201cSalud: lo que se avecina\u201d. Celebro mucho que analices un tema de tal relevancia como la administraci\u00f3n de los servicios destinados a proteger la salud de millones de veracruzanos. Es necesario [&hellip;]\" \/>\n<meta property=\"og:url\" content=\"https:\/\/lospoliticosveracruz.com\/?p=15448\" \/>\n<meta property=\"og:site_name\" content=\"Los pol\u00edticos Veracruz\" \/>\n<meta property=\"article:publisher\" content=\"https:\/\/www.facebook.com\/people\/Notimemes-de-los-Polticos\/61565672886568\/\" \/>\n<meta property=\"article:published_time\" content=\"2015-03-23T21:16:49+00:00\" \/>\n<meta property=\"og:image\" content=\"http:\/\/www.lospoliticosveracruz.com.mx\/wp-content\/uploads\/2013\/11\/Nemi-compareciente-complaciente-1--300x199.jpg\" \/>\n<meta name=\"author\" content=\"Lo viste en Los Pol\u00edticos\" \/>\n<meta name=\"twitter:card\" content=\"summary_large_image\" \/>\n<meta name=\"twitter:creator\" content=\"@LosPoliticosVer\" \/>\n<meta name=\"twitter:site\" content=\"@LosPoliticosVer\" \/>\n<meta name=\"twitter:label1\" content=\"Escrito por\" \/>\n\t<meta name=\"twitter:data1\" content=\"Lo viste en Los Pol\u00edticos\" \/>\n\t<meta name=\"twitter:label2\" content=\"Tiempo de lectura\" \/>\n\t<meta name=\"twitter:data2\" content=\"10 minutos\" \/>\n<script type=\"application\/ld+json\" class=\"yoast-schema-graph\">{\"@context\":\"https:\\\/\\\/schema.org\",\"@graph\":[{\"@type\":\"Article\",\"@id\":\"https:\\\/\\\/lospoliticosveracruz.com\\\/?p=15448#article\",\"isPartOf\":{\"@id\":\"https:\\\/\\\/lospoliticosveracruz.com\\\/?p=15448\"},\"author\":{\"name\":\"Lo viste en Los Pol\u00edticos\",\"@id\":\"https:\\\/\\\/lospoliticosveracruz.com\\\/#\\\/schema\\\/person\\\/b8702bb0e538456e6efd07080bf2a4a2\"},\"headline\":\"Alguien puso en tu pluma una infamia: Nemi\",\"datePublished\":\"2015-03-23T21:16:49+00:00\",\"mainEntityOfPage\":{\"@id\":\"https:\\\/\\\/lospoliticosveracruz.com\\\/?p=15448\"},\"wordCount\":2095,\"commentCount\":0,\"publisher\":{\"@id\":\"https:\\\/\\\/lospoliticosveracruz.com\\\/#organization\"},\"image\":{\"@id\":\"https:\\\/\\\/lospoliticosveracruz.com\\\/?p=15448#primaryimage\"},\"thumbnailUrl\":\"http:\\\/\\\/www.lospoliticosveracruz.com.mx\\\/wp-content\\\/uploads\\\/2013\\\/11\\\/Nemi-compareciente-complaciente-1--300x199.jpg\",\"keywords\":[\"Claudia Guerrero\",\"Juan Antonio Nemi Dib\",\"Salud\"],\"articleSection\":[\"De Opini\u00f3n\"],\"inLanguage\":\"es\",\"potentialAction\":[{\"@type\":\"CommentAction\",\"name\":\"Comment\",\"target\":[\"https:\\\/\\\/lospoliticosveracruz.com\\\/?p=15448#respond\"]}]},{\"@type\":\"WebPage\",\"@id\":\"https:\\\/\\\/lospoliticosveracruz.com\\\/?p=15448\",\"url\":\"https:\\\/\\\/lospoliticosveracruz.com\\\/?p=15448\",\"name\":\"Alguien puso en tu pluma una infamia: Nemi - Los pol\u00edticos Veracruz\",\"isPartOf\":{\"@id\":\"https:\\\/\\\/lospoliticosveracruz.com\\\/#website\"},\"primaryImageOfPage\":{\"@id\":\"https:\\\/\\\/lospoliticosveracruz.com\\\/?p=15448#primaryimage\"},\"image\":{\"@id\":\"https:\\\/\\\/lospoliticosveracruz.com\\\/?p=15448#primaryimage\"},\"thumbnailUrl\":\"http:\\\/\\\/www.lospoliticosveracruz.com.mx\\\/wp-content\\\/uploads\\\/2013\\\/11\\\/Nemi-compareciente-complaciente-1--300x199.jpg\",\"datePublished\":\"2015-03-23T21:16:49+00:00\",\"breadcrumb\":{\"@id\":\"https:\\\/\\\/lospoliticosveracruz.com\\\/?p=15448#breadcrumb\"},\"inLanguage\":\"es\",\"potentialAction\":[{\"@type\":\"ReadAction\",\"target\":[\"https:\\\/\\\/lospoliticosveracruz.com\\\/?p=15448\"]}]},{\"@type\":\"ImageObject\",\"inLanguage\":\"es\",\"@id\":\"https:\\\/\\\/lospoliticosveracruz.com\\\/?p=15448#primaryimage\",\"url\":\"http:\\\/\\\/www.lospoliticosveracruz.com.mx\\\/wp-content\\\/uploads\\\/2013\\\/11\\\/Nemi-compareciente-complaciente-1--300x199.jpg\",\"contentUrl\":\"http:\\\/\\\/www.lospoliticosveracruz.com.mx\\\/wp-content\\\/uploads\\\/2013\\\/11\\\/Nemi-compareciente-complaciente-1--300x199.jpg\"},{\"@type\":\"BreadcrumbList\",\"@id\":\"https:\\\/\\\/lospoliticosveracruz.com\\\/?p=15448#breadcrumb\",\"itemListElement\":[{\"@type\":\"ListItem\",\"position\":1,\"name\":\"Portada\",\"item\":\"https:\\\/\\\/lospoliticosveracruz.com\\\/\"},{\"@type\":\"ListItem\",\"position\":2,\"name\":\"Alguien puso en tu pluma una infamia: Nemi\"}]},{\"@type\":\"WebSite\",\"@id\":\"https:\\\/\\\/lospoliticosveracruz.com\\\/#website\",\"url\":\"https:\\\/\\\/lospoliticosveracruz.com\\\/\",\"name\":\"Los pol\u00edticos Veracruz\",\"description\":\"\",\"publisher\":{\"@id\":\"https:\\\/\\\/lospoliticosveracruz.com\\\/#organization\"},\"potentialAction\":[{\"@type\":\"SearchAction\",\"target\":{\"@type\":\"EntryPoint\",\"urlTemplate\":\"https:\\\/\\\/lospoliticosveracruz.com\\\/?s={search_term_string}\"},\"query-input\":{\"@type\":\"PropertyValueSpecification\",\"valueRequired\":true,\"valueName\":\"search_term_string\"}}],\"inLanguage\":\"es\"},{\"@type\":\"Organization\",\"@id\":\"https:\\\/\\\/lospoliticosveracruz.com\\\/#organization\",\"name\":\"Los pol\u00edticos Veracruz\",\"url\":\"https:\\\/\\\/lospoliticosveracruz.com\\\/\",\"logo\":{\"@type\":\"ImageObject\",\"inLanguage\":\"es\",\"@id\":\"https:\\\/\\\/lospoliticosveracruz.com\\\/#\\\/schema\\\/logo\\\/image\\\/\",\"url\":\"https:\\\/\\\/lospoliticosveracruz.com\\\/wp-content\\\/uploads\\\/2025\\\/12\\\/Logo-Nuevo-LOS-POLITICOS-1.jpg\",\"contentUrl\":\"https:\\\/\\\/lospoliticosveracruz.com\\\/wp-content\\\/uploads\\\/2025\\\/12\\\/Logo-Nuevo-LOS-POLITICOS-1.jpg\",\"width\":260,\"height\":70,\"caption\":\"Los pol\u00edticos Veracruz\"},\"image\":{\"@id\":\"https:\\\/\\\/lospoliticosveracruz.com\\\/#\\\/schema\\\/logo\\\/image\\\/\"},\"sameAs\":[\"https:\\\/\\\/www.facebook.com\\\/people\\\/Notimemes-de-los-Polticos\\\/61565672886568\\\/\",\"https:\\\/\\\/x.com\\\/LosPoliticosVer\"]},{\"@type\":\"Person\",\"@id\":\"https:\\\/\\\/lospoliticosveracruz.com\\\/#\\\/schema\\\/person\\\/b8702bb0e538456e6efd07080bf2a4a2\",\"name\":\"Lo viste en Los Pol\u00edticos\",\"image\":{\"@type\":\"ImageObject\",\"inLanguage\":\"es\",\"@id\":\"https:\\\/\\\/secure.gravatar.com\\\/avatar\\\/3a8de04a2656d44082be478bd6c086daa447c4651605818287b9532d3d0bd435?s=96&d=mm&r=g\",\"url\":\"https:\\\/\\\/secure.gravatar.com\\\/avatar\\\/3a8de04a2656d44082be478bd6c086daa447c4651605818287b9532d3d0bd435?s=96&d=mm&r=g\",\"contentUrl\":\"https:\\\/\\\/secure.gravatar.com\\\/avatar\\\/3a8de04a2656d44082be478bd6c086daa447c4651605818287b9532d3d0bd435?s=96&d=mm&r=g\",\"caption\":\"Lo viste en Los Pol\u00edticos\"},\"url\":\"https:\\\/\\\/lospoliticosveracruz.com\\\/?author=2\"}]}<\/script>\n<!-- \/ Yoast SEO plugin. -->","yoast_head_json":{"title":"Alguien puso en tu pluma una infamia: Nemi - Los pol\u00edticos Veracruz","robots":{"index":"index","follow":"follow","max-snippet":"max-snippet:-1","max-image-preview":"max-image-preview:large","max-video-preview":"max-video-preview:-1"},"canonical":"https:\/\/lospoliticosveracruz.com\/?p=15448","og_locale":"es_ES","og_type":"article","og_title":"Alguien puso en tu pluma una infamia: Nemi - Los pol\u00edticos Veracruz","og_description":"Periodista Claudia GUERRERO MART\u00cdNEZ, Columna \u201cEntre Lo Ut\u00f3pico y lo Verdadero\u201d, Peri\u00f3dico Veraz. Presente. Respetada y Estimada Claudia: Le\u00ed con mucho inter\u00e9s tu columna, \u201cSalud: lo que se avecina\u201d. Celebro mucho que analices un tema de tal relevancia como la administraci\u00f3n de los servicios destinados a proteger la salud de millones de veracruzanos. Es necesario [&hellip;]","og_url":"https:\/\/lospoliticosveracruz.com\/?p=15448","og_site_name":"Los pol\u00edticos Veracruz","article_publisher":"https:\/\/www.facebook.com\/people\/Notimemes-de-los-Polticos\/61565672886568\/","article_published_time":"2015-03-23T21:16:49+00:00","og_image":[{"url":"http:\/\/www.lospoliticosveracruz.com.mx\/wp-content\/uploads\/2013\/11\/Nemi-compareciente-complaciente-1--300x199.jpg","type":"","width":"","height":""}],"author":"Lo viste en Los Pol\u00edticos","twitter_card":"summary_large_image","twitter_creator":"@LosPoliticosVer","twitter_site":"@LosPoliticosVer","twitter_misc":{"Escrito por":"Lo viste en Los Pol\u00edticos","Tiempo de lectura":"10 minutos"},"schema":{"@context":"https:\/\/schema.org","@graph":[{"@type":"Article","@id":"https:\/\/lospoliticosveracruz.com\/?p=15448#article","isPartOf":{"@id":"https:\/\/lospoliticosveracruz.com\/?p=15448"},"author":{"name":"Lo viste en Los Pol\u00edticos","@id":"https:\/\/lospoliticosveracruz.com\/#\/schema\/person\/b8702bb0e538456e6efd07080bf2a4a2"},"headline":"Alguien puso en tu pluma una infamia: Nemi","datePublished":"2015-03-23T21:16:49+00:00","mainEntityOfPage":{"@id":"https:\/\/lospoliticosveracruz.com\/?p=15448"},"wordCount":2095,"commentCount":0,"publisher":{"@id":"https:\/\/lospoliticosveracruz.com\/#organization"},"image":{"@id":"https:\/\/lospoliticosveracruz.com\/?p=15448#primaryimage"},"thumbnailUrl":"http:\/\/www.lospoliticosveracruz.com.mx\/wp-content\/uploads\/2013\/11\/Nemi-compareciente-complaciente-1--300x199.jpg","keywords":["Claudia Guerrero","Juan Antonio Nemi Dib","Salud"],"articleSection":["De Opini\u00f3n"],"inLanguage":"es","potentialAction":[{"@type":"CommentAction","name":"Comment","target":["https:\/\/lospoliticosveracruz.com\/?p=15448#respond"]}]},{"@type":"WebPage","@id":"https:\/\/lospoliticosveracruz.com\/?p=15448","url":"https:\/\/lospoliticosveracruz.com\/?p=15448","name":"Alguien puso en tu pluma una infamia: Nemi - Los pol\u00edticos Veracruz","isPartOf":{"@id":"https:\/\/lospoliticosveracruz.com\/#website"},"primaryImageOfPage":{"@id":"https:\/\/lospoliticosveracruz.com\/?p=15448#primaryimage"},"image":{"@id":"https:\/\/lospoliticosveracruz.com\/?p=15448#primaryimage"},"thumbnailUrl":"http:\/\/www.lospoliticosveracruz.com.mx\/wp-content\/uploads\/2013\/11\/Nemi-compareciente-complaciente-1--300x199.jpg","datePublished":"2015-03-23T21:16:49+00:00","breadcrumb":{"@id":"https:\/\/lospoliticosveracruz.com\/?p=15448#breadcrumb"},"inLanguage":"es","potentialAction":[{"@type":"ReadAction","target":["https:\/\/lospoliticosveracruz.com\/?p=15448"]}]},{"@type":"ImageObject","inLanguage":"es","@id":"https:\/\/lospoliticosveracruz.com\/?p=15448#primaryimage","url":"http:\/\/www.lospoliticosveracruz.com.mx\/wp-content\/uploads\/2013\/11\/Nemi-compareciente-complaciente-1--300x199.jpg","contentUrl":"http:\/\/www.lospoliticosveracruz.com.mx\/wp-content\/uploads\/2013\/11\/Nemi-compareciente-complaciente-1--300x199.jpg"},{"@type":"BreadcrumbList","@id":"https:\/\/lospoliticosveracruz.com\/?p=15448#breadcrumb","itemListElement":[{"@type":"ListItem","position":1,"name":"Portada","item":"https:\/\/lospoliticosveracruz.com\/"},{"@type":"ListItem","position":2,"name":"Alguien puso en tu pluma una infamia: Nemi"}]},{"@type":"WebSite","@id":"https:\/\/lospoliticosveracruz.com\/#website","url":"https:\/\/lospoliticosveracruz.com\/","name":"Los pol\u00edticos Veracruz","description":"","publisher":{"@id":"https:\/\/lospoliticosveracruz.com\/#organization"},"potentialAction":[{"@type":"SearchAction","target":{"@type":"EntryPoint","urlTemplate":"https:\/\/lospoliticosveracruz.com\/?s={search_term_string}"},"query-input":{"@type":"PropertyValueSpecification","valueRequired":true,"valueName":"search_term_string"}}],"inLanguage":"es"},{"@type":"Organization","@id":"https:\/\/lospoliticosveracruz.com\/#organization","name":"Los pol\u00edticos Veracruz","url":"https:\/\/lospoliticosveracruz.com\/","logo":{"@type":"ImageObject","inLanguage":"es","@id":"https:\/\/lospoliticosveracruz.com\/#\/schema\/logo\/image\/","url":"https:\/\/lospoliticosveracruz.com\/wp-content\/uploads\/2025\/12\/Logo-Nuevo-LOS-POLITICOS-1.jpg","contentUrl":"https:\/\/lospoliticosveracruz.com\/wp-content\/uploads\/2025\/12\/Logo-Nuevo-LOS-POLITICOS-1.jpg","width":260,"height":70,"caption":"Los pol\u00edticos Veracruz"},"image":{"@id":"https:\/\/lospoliticosveracruz.com\/#\/schema\/logo\/image\/"},"sameAs":["https:\/\/www.facebook.com\/people\/Notimemes-de-los-Polticos\/61565672886568\/","https:\/\/x.com\/LosPoliticosVer"]},{"@type":"Person","@id":"https:\/\/lospoliticosveracruz.com\/#\/schema\/person\/b8702bb0e538456e6efd07080bf2a4a2","name":"Lo viste en Los Pol\u00edticos","image":{"@type":"ImageObject","inLanguage":"es","@id":"https:\/\/secure.gravatar.com\/avatar\/3a8de04a2656d44082be478bd6c086daa447c4651605818287b9532d3d0bd435?s=96&d=mm&r=g","url":"https:\/\/secure.gravatar.com\/avatar\/3a8de04a2656d44082be478bd6c086daa447c4651605818287b9532d3d0bd435?s=96&d=mm&r=g","contentUrl":"https:\/\/secure.gravatar.com\/avatar\/3a8de04a2656d44082be478bd6c086daa447c4651605818287b9532d3d0bd435?s=96&d=mm&r=g","caption":"Lo viste en Los Pol\u00edticos"},"url":"https:\/\/lospoliticosveracruz.com\/?author=2"}]}},"_links":{"self":[{"href":"https:\/\/lospoliticosveracruz.com\/index.php?rest_route=\/wp\/v2\/posts\/15448","targetHints":{"allow":["GET"]}}],"collection":[{"href":"https:\/\/lospoliticosveracruz.com\/index.php?rest_route=\/wp\/v2\/posts"}],"about":[{"href":"https:\/\/lospoliticosveracruz.com\/index.php?rest_route=\/wp\/v2\/types\/post"}],"author":[{"embeddable":true,"href":"https:\/\/lospoliticosveracruz.com\/index.php?rest_route=\/wp\/v2\/users\/2"}],"replies":[{"embeddable":true,"href":"https:\/\/lospoliticosveracruz.com\/index.php?rest_route=%2Fwp%2Fv2%2Fcomments&post=15448"}],"version-history":[{"count":2,"href":"https:\/\/lospoliticosveracruz.com\/index.php?rest_route=\/wp\/v2\/posts\/15448\/revisions"}],"predecessor-version":[{"id":15452,"href":"https:\/\/lospoliticosveracruz.com\/index.php?rest_route=\/wp\/v2\/posts\/15448\/revisions\/15452"}],"wp:attachment":[{"href":"https:\/\/lospoliticosveracruz.com\/index.php?rest_route=%2Fwp%2Fv2%2Fmedia&parent=15448"}],"wp:term":[{"taxonomy":"category","embeddable":true,"href":"https:\/\/lospoliticosveracruz.com\/index.php?rest_route=%2Fwp%2Fv2%2Fcategories&post=15448"},{"taxonomy":"post_tag","embeddable":true,"href":"https:\/\/lospoliticosveracruz.com\/index.php?rest_route=%2Fwp%2Fv2%2Ftags&post=15448"}],"curies":[{"name":"wp","href":"https:\/\/api.w.org\/{rel}","templated":true}]}}