{"id":15454,"date":"2015-03-23T22:38:08","date_gmt":"2015-03-24T04:38:08","guid":{"rendered":"http:\/\/www.lospoliticosveracruz.com.mx\/?p=15454"},"modified":"2015-03-23T22:38:08","modified_gmt":"2015-03-24T04:38:08","slug":"el-diputado-cule","status":"publish","type":"post","link":"https:\/\/lospoliticosveracruz.com\/?p=15454","title":{"rendered":"El diputado cul\u00e9"},"content":{"rendered":"<p><a href=\"http:\/\/www.lospoliticosveracruz.com.mx\/wp-content\/uploads\/2015\/03\/Heber.jpg\"><img loading=\"lazy\" decoding=\"async\" class=\"alignnone size-medium wp-image-15455\" src=\"http:\/\/www.lospoliticosveracruz.com.mx\/wp-content\/uploads\/2015\/03\/Heber-300x150.jpg\" alt=\"Heber\" width=\"300\" height=\"150\" \/><\/a><br \/>\n<strong>Salvador Mu\u00f1oz<\/strong><\/p>\n<p><em>Los Pol\u00edticos<\/em><\/p>\n<p>&nbsp;<\/p>\n<p>La leyenda dice que \u201cCul\u00e9\u201d en catal\u00e1n se refiere a \u201cCulo\u201d. Por favor, no se ofendan con las palabras que es m\u00e1s agresivo el pensamiento.<br \/>\nSe dice que all\u00e1, en el siglo pasado, entre 1900 y 1920, el estadio donde jugaba el Barcelona era tan reducido que sus aficionados se sentaban en la barda perimetral para ver los partidos. Claro que quien pasaba por afuera lo \u00fanico que pod\u00eda ver era una larga lista de \u201cculers\u201d, o culos, por la posici\u00f3n de comodidad que guardaban los fan\u00e1ticos sentados. Al paso del tiempo, del \u201cCuler\u201d se pas\u00f3 al \u201cCul\u00e9\u201d. \u00bfEs decir que se les contrajo el Culo? Los catalanes han de saber mejor el porqu\u00e9 son cul\u00e9s.<br \/>\nII<br \/>\nEsto viene a cuento por el diputado Heber Carballo Salazar y una cuenta de facebook donde se subi\u00f3 una foto del partido entre Barcelona y Real Madrid.<br \/>\nConste: Se dice que en una cuenta, no en la cuenta del legislador. Quienes conocen a Heber, de inmediato aseguran que no es, aunque s\u00ed le disculpan, de serlo, su presencia en el Camp Nou porque la \u201cfamilia de este cuate siempre han tenido recursos $$$\u201d o bajo este esquema: \u201cEl que puede puede y el que no ni modo as\u00ed es esto (envidias)\u201d.<br \/>\nPor supuesto, no es el legislador veracruzano el que aparece en la foto sino alguien a quien identifican s\u00f3lo como \u201csuamiguito\u201d que, es obvio, su equipo es el Barcelona, al menos as\u00ed lo plasma la playera que exhibe en la foto. Por lo que, al estar el \u201camiguito\u201d de Heber en el Camp Nou, dan por hecho que quien tom\u00f3 la foto fue el diputado. Luego entonces, bien podr\u00edamos estar hablando de que tenemos un diputado cul\u00e9.<br \/>\nInsisto: No se ofendan con las palabras\u2026 pensarlo es peor.<br \/>\nIII<br \/>\nLo cierto es que el se\u00f1alamiento coincide con un viaje que hizo Heber Carballo a Espa\u00f1a a la Fira de Barcelona, una de las organizaciones feriales m\u00e1s importantes de Europa, de gran tradici\u00f3n comercial.<br \/>\nEn la cuenta del diputado, se exhibe una foto que dice: \u201cLlegando al congreso en la Fira de Barcelona! Viaje de entrada por salida, nos vemos el lunes!\u201d<br \/>\nVamos, de tener tiempo (porque dinero, dicen los misantecos es lo que le sobra), bien pudo haber ido al partido que fue en domingo.<br \/>\n\u00bfTiene algo de malo? No, en t\u00e9rminos estrictos, el diputado no estaba laborando y se supone que a la hora en que fue el partido, debi\u00f3 haber terminado la misi\u00f3n legislativa que lo lleva a la Fira de Barcelona.<br \/>\nIV<br \/>\nEl asunto, de ser cierto la escapadita al Camp Nou por parte de Heber Carballo, ser\u00eda tan similar a los Ermenegildo Zegna que juzgaron al diputado Tonatiuh Pola: \u00bfAmbos diputados pueden darse el lujo de ir a ver un partido y comprarse un buen par de zapatos? \u00bfest\u00e1n en las condiciones econ\u00f3micas de hacerlo? \u00bfDentro de la Ley, su salario les da para eso y para m\u00e1s?<br \/>\nSi es as\u00ed, no se les puede juzgar. Si yo estuviera en los zapatos de Heber y Tonatiuh igual hago lo mismo\u2026 y ocurrir\u00eda tambi\u00e9n lo mismo: Me criticar\u00edan.<br \/>\n\u00bfPor qu\u00e9?<br \/>\nQuiz\u00e1s porque la mayor parte de la poblaci\u00f3n lo que espera de sus funcionarios y servidores p\u00fablicos, as\u00ed como representantes populares, es ese esp\u00edritu juarista, ese estilo de Jos\u00e9 Mujica, el expresidente de Uruguay, viviendo en una honrosa median\u00eda con entrega y profesionalismo y no con acciones ostentosas que lejos de ayudar a recuperar una imagen la hunde m\u00e1s en el fango de la incredulidad popular y el hartazgo social hacia nuestros pol\u00edticos, sean diputados, alcaldes, gobernadores, presidente\u2026<br \/>\nV<br \/>\nS\u00ed, es posible que Heber Carballo no haya hecho nada malo yendo a ver un partido entre el Barcelona y Real Madrid\u2026 recursos, le sobran para hacerlo, pero eso no implica que para la sociedad m\u00e1s que \u201cun diputado cul\u00e9\u201d le parezca \u201cun diputado culo\u201d, siendo precisos en la lengua de Castilla.<br \/>\nY si ya regres\u00f3, es seguro que nadie le pregunte \u201c\u00bfc\u00f3mo le fue al Barcelona?\u201d porque lo correcto es que el diputado Carballo pregunte: \u201c\u00bfC\u00f3mo le fue a Misantla?\u201d despu\u00e9s de que llovi\u00f3 como llovi\u00f3 este lunes.<\/p>\n<p>smcainito@gmail.com<\/p>\n","protected":false},"excerpt":{"rendered":"<p>Salvador Mu\u00f1oz Los Pol\u00edticos &nbsp; La leyenda dice que \u201cCul\u00e9\u201d en catal\u00e1n se refiere a \u201cCulo\u201d. Por favor, no se ofendan con las palabras que es m\u00e1s agresivo el pensamiento. Se dice que all\u00e1, en el siglo pasado, entre 1900 y 1920, el estadio donde jugaba el Barcelona era tan reducido que sus aficionados se [&hellip;]<\/p>\n","protected":false},"author":2,"featured_media":0,"comment_status":"open","ping_status":"open","sticky":false,"template":"","format":"standard","meta":{"tdm_status":"","tdm_grid_status":"","footnotes":""},"categories":[70],"tags":[2191,1270,201],"class_list":{"0":"post-15454","1":"post","2":"type-post","3":"status-publish","4":"format-standard","6":"category-de-opinion","7":"tag-barcelona-real-madrid","8":"tag-heber-carballo-salazar","9":"tag-misantla"},"yoast_head":"<!-- This site is optimized with the Yoast SEO plugin v27.4 - https:\/\/yoast.com\/product\/yoast-seo-wordpress\/ -->\n<title>El diputado cul\u00e9 - Los pol\u00edticos Veracruz<\/title>\n<meta name=\"robots\" content=\"index, follow, max-snippet:-1, max-image-preview:large, max-video-preview:-1\" \/>\n<link rel=\"canonical\" href=\"https:\/\/lospoliticosveracruz.com\/?p=15454\" \/>\n<meta property=\"og:locale\" content=\"es_ES\" \/>\n<meta property=\"og:type\" content=\"article\" \/>\n<meta property=\"og:title\" content=\"El diputado cul\u00e9 - Los pol\u00edticos Veracruz\" \/>\n<meta property=\"og:description\" content=\"Salvador Mu\u00f1oz Los Pol\u00edticos &nbsp; La leyenda dice que \u201cCul\u00e9\u201d en catal\u00e1n se refiere a \u201cCulo\u201d. Por favor, no se ofendan con las palabras que es m\u00e1s agresivo el pensamiento. Se dice que all\u00e1, en el siglo pasado, entre 1900 y 1920, el estadio donde jugaba el Barcelona era tan reducido que sus aficionados se [&hellip;]\" \/>\n<meta property=\"og:url\" content=\"https:\/\/lospoliticosveracruz.com\/?p=15454\" \/>\n<meta property=\"og:site_name\" content=\"Los pol\u00edticos Veracruz\" \/>\n<meta property=\"article:publisher\" content=\"https:\/\/www.facebook.com\/people\/Notimemes-de-los-Polticos\/61565672886568\/\" \/>\n<meta property=\"article:published_time\" content=\"2015-03-24T04:38:08+00:00\" \/>\n<meta property=\"og:image\" content=\"http:\/\/www.lospoliticosveracruz.com.mx\/wp-content\/uploads\/2015\/03\/Heber-300x150.jpg\" \/>\n<meta name=\"author\" content=\"Lo viste en Los Pol\u00edticos\" \/>\n<meta name=\"twitter:card\" content=\"summary_large_image\" \/>\n<meta name=\"twitter:creator\" content=\"@LosPoliticosVer\" \/>\n<meta name=\"twitter:site\" content=\"@LosPoliticosVer\" \/>\n<meta name=\"twitter:label1\" content=\"Escrito por\" \/>\n\t<meta name=\"twitter:data1\" content=\"Lo viste en Los Pol\u00edticos\" \/>\n\t<meta name=\"twitter:label2\" content=\"Tiempo de lectura\" \/>\n\t<meta name=\"twitter:data2\" content=\"4 minutos\" \/>\n<script type=\"application\/ld+json\" class=\"yoast-schema-graph\">{\"@context\":\"https:\\\/\\\/schema.org\",\"@graph\":[{\"@type\":\"Article\",\"@id\":\"https:\\\/\\\/lospoliticosveracruz.com\\\/?p=15454#article\",\"isPartOf\":{\"@id\":\"https:\\\/\\\/lospoliticosveracruz.com\\\/?p=15454\"},\"author\":{\"name\":\"Lo viste en Los Pol\u00edticos\",\"@id\":\"https:\\\/\\\/lospoliticosveracruz.com\\\/#\\\/schema\\\/person\\\/b8702bb0e538456e6efd07080bf2a4a2\"},\"headline\":\"El diputado cul\u00e9\",\"datePublished\":\"2015-03-24T04:38:08+00:00\",\"mainEntityOfPage\":{\"@id\":\"https:\\\/\\\/lospoliticosveracruz.com\\\/?p=15454\"},\"wordCount\":730,\"commentCount\":0,\"publisher\":{\"@id\":\"https:\\\/\\\/lospoliticosveracruz.com\\\/#organization\"},\"image\":{\"@id\":\"https:\\\/\\\/lospoliticosveracruz.com\\\/?p=15454#primaryimage\"},\"thumbnailUrl\":\"http:\\\/\\\/www.lospoliticosveracruz.com.mx\\\/wp-content\\\/uploads\\\/2015\\\/03\\\/Heber-300x150.jpg\",\"keywords\":[\"Barcelona Real Madrid\",\"Heber Carballo Salazar\",\"Misantla\"],\"articleSection\":[\"De Opini\u00f3n\"],\"inLanguage\":\"es\",\"potentialAction\":[{\"@type\":\"CommentAction\",\"name\":\"Comment\",\"target\":[\"https:\\\/\\\/lospoliticosveracruz.com\\\/?p=15454#respond\"]}]},{\"@type\":\"WebPage\",\"@id\":\"https:\\\/\\\/lospoliticosveracruz.com\\\/?p=15454\",\"url\":\"https:\\\/\\\/lospoliticosveracruz.com\\\/?p=15454\",\"name\":\"El diputado cul\u00e9 - Los pol\u00edticos Veracruz\",\"isPartOf\":{\"@id\":\"https:\\\/\\\/lospoliticosveracruz.com\\\/#website\"},\"primaryImageOfPage\":{\"@id\":\"https:\\\/\\\/lospoliticosveracruz.com\\\/?p=15454#primaryimage\"},\"image\":{\"@id\":\"https:\\\/\\\/lospoliticosveracruz.com\\\/?p=15454#primaryimage\"},\"thumbnailUrl\":\"http:\\\/\\\/www.lospoliticosveracruz.com.mx\\\/wp-content\\\/uploads\\\/2015\\\/03\\\/Heber-300x150.jpg\",\"datePublished\":\"2015-03-24T04:38:08+00:00\",\"breadcrumb\":{\"@id\":\"https:\\\/\\\/lospoliticosveracruz.com\\\/?p=15454#breadcrumb\"},\"inLanguage\":\"es\",\"potentialAction\":[{\"@type\":\"ReadAction\",\"target\":[\"https:\\\/\\\/lospoliticosveracruz.com\\\/?p=15454\"]}]},{\"@type\":\"ImageObject\",\"inLanguage\":\"es\",\"@id\":\"https:\\\/\\\/lospoliticosveracruz.com\\\/?p=15454#primaryimage\",\"url\":\"http:\\\/\\\/www.lospoliticosveracruz.com.mx\\\/wp-content\\\/uploads\\\/2015\\\/03\\\/Heber-300x150.jpg\",\"contentUrl\":\"http:\\\/\\\/www.lospoliticosveracruz.com.mx\\\/wp-content\\\/uploads\\\/2015\\\/03\\\/Heber-300x150.jpg\"},{\"@type\":\"BreadcrumbList\",\"@id\":\"https:\\\/\\\/lospoliticosveracruz.com\\\/?p=15454#breadcrumb\",\"itemListElement\":[{\"@type\":\"ListItem\",\"position\":1,\"name\":\"Portada\",\"item\":\"https:\\\/\\\/lospoliticosveracruz.com\\\/\"},{\"@type\":\"ListItem\",\"position\":2,\"name\":\"El diputado cul\u00e9\"}]},{\"@type\":\"WebSite\",\"@id\":\"https:\\\/\\\/lospoliticosveracruz.com\\\/#website\",\"url\":\"https:\\\/\\\/lospoliticosveracruz.com\\\/\",\"name\":\"Los pol\u00edticos Veracruz\",\"description\":\"\",\"publisher\":{\"@id\":\"https:\\\/\\\/lospoliticosveracruz.com\\\/#organization\"},\"potentialAction\":[{\"@type\":\"SearchAction\",\"target\":{\"@type\":\"EntryPoint\",\"urlTemplate\":\"https:\\\/\\\/lospoliticosveracruz.com\\\/?s={search_term_string}\"},\"query-input\":{\"@type\":\"PropertyValueSpecification\",\"valueRequired\":true,\"valueName\":\"search_term_string\"}}],\"inLanguage\":\"es\"},{\"@type\":\"Organization\",\"@id\":\"https:\\\/\\\/lospoliticosveracruz.com\\\/#organization\",\"name\":\"Los pol\u00edticos Veracruz\",\"url\":\"https:\\\/\\\/lospoliticosveracruz.com\\\/\",\"logo\":{\"@type\":\"ImageObject\",\"inLanguage\":\"es\",\"@id\":\"https:\\\/\\\/lospoliticosveracruz.com\\\/#\\\/schema\\\/logo\\\/image\\\/\",\"url\":\"https:\\\/\\\/lospoliticosveracruz.com\\\/wp-content\\\/uploads\\\/2025\\\/12\\\/Logo-Nuevo-LOS-POLITICOS-1.jpg\",\"contentUrl\":\"https:\\\/\\\/lospoliticosveracruz.com\\\/wp-content\\\/uploads\\\/2025\\\/12\\\/Logo-Nuevo-LOS-POLITICOS-1.jpg\",\"width\":260,\"height\":70,\"caption\":\"Los pol\u00edticos Veracruz\"},\"image\":{\"@id\":\"https:\\\/\\\/lospoliticosveracruz.com\\\/#\\\/schema\\\/logo\\\/image\\\/\"},\"sameAs\":[\"https:\\\/\\\/www.facebook.com\\\/people\\\/Notimemes-de-los-Polticos\\\/61565672886568\\\/\",\"https:\\\/\\\/x.com\\\/LosPoliticosVer\"]},{\"@type\":\"Person\",\"@id\":\"https:\\\/\\\/lospoliticosveracruz.com\\\/#\\\/schema\\\/person\\\/b8702bb0e538456e6efd07080bf2a4a2\",\"name\":\"Lo viste en Los Pol\u00edticos\",\"image\":{\"@type\":\"ImageObject\",\"inLanguage\":\"es\",\"@id\":\"https:\\\/\\\/secure.gravatar.com\\\/avatar\\\/3a8de04a2656d44082be478bd6c086daa447c4651605818287b9532d3d0bd435?s=96&d=mm&r=g\",\"url\":\"https:\\\/\\\/secure.gravatar.com\\\/avatar\\\/3a8de04a2656d44082be478bd6c086daa447c4651605818287b9532d3d0bd435?s=96&d=mm&r=g\",\"contentUrl\":\"https:\\\/\\\/secure.gravatar.com\\\/avatar\\\/3a8de04a2656d44082be478bd6c086daa447c4651605818287b9532d3d0bd435?s=96&d=mm&r=g\",\"caption\":\"Lo viste en Los Pol\u00edticos\"},\"url\":\"https:\\\/\\\/lospoliticosveracruz.com\\\/?author=2\"}]}<\/script>\n<!-- \/ Yoast SEO plugin. -->","yoast_head_json":{"title":"El diputado cul\u00e9 - Los pol\u00edticos Veracruz","robots":{"index":"index","follow":"follow","max-snippet":"max-snippet:-1","max-image-preview":"max-image-preview:large","max-video-preview":"max-video-preview:-1"},"canonical":"https:\/\/lospoliticosveracruz.com\/?p=15454","og_locale":"es_ES","og_type":"article","og_title":"El diputado cul\u00e9 - Los pol\u00edticos Veracruz","og_description":"Salvador Mu\u00f1oz Los Pol\u00edticos &nbsp; La leyenda dice que \u201cCul\u00e9\u201d en catal\u00e1n se refiere a \u201cCulo\u201d. Por favor, no se ofendan con las palabras que es m\u00e1s agresivo el pensamiento. Se dice que all\u00e1, en el siglo pasado, entre 1900 y 1920, el estadio donde jugaba el Barcelona era tan reducido que sus aficionados se [&hellip;]","og_url":"https:\/\/lospoliticosveracruz.com\/?p=15454","og_site_name":"Los pol\u00edticos Veracruz","article_publisher":"https:\/\/www.facebook.com\/people\/Notimemes-de-los-Polticos\/61565672886568\/","article_published_time":"2015-03-24T04:38:08+00:00","og_image":[{"url":"http:\/\/www.lospoliticosveracruz.com.mx\/wp-content\/uploads\/2015\/03\/Heber-300x150.jpg","type":"","width":"","height":""}],"author":"Lo viste en Los Pol\u00edticos","twitter_card":"summary_large_image","twitter_creator":"@LosPoliticosVer","twitter_site":"@LosPoliticosVer","twitter_misc":{"Escrito por":"Lo viste en Los Pol\u00edticos","Tiempo de lectura":"4 minutos"},"schema":{"@context":"https:\/\/schema.org","@graph":[{"@type":"Article","@id":"https:\/\/lospoliticosveracruz.com\/?p=15454#article","isPartOf":{"@id":"https:\/\/lospoliticosveracruz.com\/?p=15454"},"author":{"name":"Lo viste en Los Pol\u00edticos","@id":"https:\/\/lospoliticosveracruz.com\/#\/schema\/person\/b8702bb0e538456e6efd07080bf2a4a2"},"headline":"El diputado cul\u00e9","datePublished":"2015-03-24T04:38:08+00:00","mainEntityOfPage":{"@id":"https:\/\/lospoliticosveracruz.com\/?p=15454"},"wordCount":730,"commentCount":0,"publisher":{"@id":"https:\/\/lospoliticosveracruz.com\/#organization"},"image":{"@id":"https:\/\/lospoliticosveracruz.com\/?p=15454#primaryimage"},"thumbnailUrl":"http:\/\/www.lospoliticosveracruz.com.mx\/wp-content\/uploads\/2015\/03\/Heber-300x150.jpg","keywords":["Barcelona Real Madrid","Heber Carballo Salazar","Misantla"],"articleSection":["De Opini\u00f3n"],"inLanguage":"es","potentialAction":[{"@type":"CommentAction","name":"Comment","target":["https:\/\/lospoliticosveracruz.com\/?p=15454#respond"]}]},{"@type":"WebPage","@id":"https:\/\/lospoliticosveracruz.com\/?p=15454","url":"https:\/\/lospoliticosveracruz.com\/?p=15454","name":"El diputado cul\u00e9 - Los pol\u00edticos Veracruz","isPartOf":{"@id":"https:\/\/lospoliticosveracruz.com\/#website"},"primaryImageOfPage":{"@id":"https:\/\/lospoliticosveracruz.com\/?p=15454#primaryimage"},"image":{"@id":"https:\/\/lospoliticosveracruz.com\/?p=15454#primaryimage"},"thumbnailUrl":"http:\/\/www.lospoliticosveracruz.com.mx\/wp-content\/uploads\/2015\/03\/Heber-300x150.jpg","datePublished":"2015-03-24T04:38:08+00:00","breadcrumb":{"@id":"https:\/\/lospoliticosveracruz.com\/?p=15454#breadcrumb"},"inLanguage":"es","potentialAction":[{"@type":"ReadAction","target":["https:\/\/lospoliticosveracruz.com\/?p=15454"]}]},{"@type":"ImageObject","inLanguage":"es","@id":"https:\/\/lospoliticosveracruz.com\/?p=15454#primaryimage","url":"http:\/\/www.lospoliticosveracruz.com.mx\/wp-content\/uploads\/2015\/03\/Heber-300x150.jpg","contentUrl":"http:\/\/www.lospoliticosveracruz.com.mx\/wp-content\/uploads\/2015\/03\/Heber-300x150.jpg"},{"@type":"BreadcrumbList","@id":"https:\/\/lospoliticosveracruz.com\/?p=15454#breadcrumb","itemListElement":[{"@type":"ListItem","position":1,"name":"Portada","item":"https:\/\/lospoliticosveracruz.com\/"},{"@type":"ListItem","position":2,"name":"El diputado cul\u00e9"}]},{"@type":"WebSite","@id":"https:\/\/lospoliticosveracruz.com\/#website","url":"https:\/\/lospoliticosveracruz.com\/","name":"Los pol\u00edticos Veracruz","description":"","publisher":{"@id":"https:\/\/lospoliticosveracruz.com\/#organization"},"potentialAction":[{"@type":"SearchAction","target":{"@type":"EntryPoint","urlTemplate":"https:\/\/lospoliticosveracruz.com\/?s={search_term_string}"},"query-input":{"@type":"PropertyValueSpecification","valueRequired":true,"valueName":"search_term_string"}}],"inLanguage":"es"},{"@type":"Organization","@id":"https:\/\/lospoliticosveracruz.com\/#organization","name":"Los pol\u00edticos Veracruz","url":"https:\/\/lospoliticosveracruz.com\/","logo":{"@type":"ImageObject","inLanguage":"es","@id":"https:\/\/lospoliticosveracruz.com\/#\/schema\/logo\/image\/","url":"https:\/\/lospoliticosveracruz.com\/wp-content\/uploads\/2025\/12\/Logo-Nuevo-LOS-POLITICOS-1.jpg","contentUrl":"https:\/\/lospoliticosveracruz.com\/wp-content\/uploads\/2025\/12\/Logo-Nuevo-LOS-POLITICOS-1.jpg","width":260,"height":70,"caption":"Los pol\u00edticos Veracruz"},"image":{"@id":"https:\/\/lospoliticosveracruz.com\/#\/schema\/logo\/image\/"},"sameAs":["https:\/\/www.facebook.com\/people\/Notimemes-de-los-Polticos\/61565672886568\/","https:\/\/x.com\/LosPoliticosVer"]},{"@type":"Person","@id":"https:\/\/lospoliticosveracruz.com\/#\/schema\/person\/b8702bb0e538456e6efd07080bf2a4a2","name":"Lo viste en Los Pol\u00edticos","image":{"@type":"ImageObject","inLanguage":"es","@id":"https:\/\/secure.gravatar.com\/avatar\/3a8de04a2656d44082be478bd6c086daa447c4651605818287b9532d3d0bd435?s=96&d=mm&r=g","url":"https:\/\/secure.gravatar.com\/avatar\/3a8de04a2656d44082be478bd6c086daa447c4651605818287b9532d3d0bd435?s=96&d=mm&r=g","contentUrl":"https:\/\/secure.gravatar.com\/avatar\/3a8de04a2656d44082be478bd6c086daa447c4651605818287b9532d3d0bd435?s=96&d=mm&r=g","caption":"Lo viste en Los Pol\u00edticos"},"url":"https:\/\/lospoliticosveracruz.com\/?author=2"}]}},"_links":{"self":[{"href":"https:\/\/lospoliticosveracruz.com\/index.php?rest_route=\/wp\/v2\/posts\/15454","targetHints":{"allow":["GET"]}}],"collection":[{"href":"https:\/\/lospoliticosveracruz.com\/index.php?rest_route=\/wp\/v2\/posts"}],"about":[{"href":"https:\/\/lospoliticosveracruz.com\/index.php?rest_route=\/wp\/v2\/types\/post"}],"author":[{"embeddable":true,"href":"https:\/\/lospoliticosveracruz.com\/index.php?rest_route=\/wp\/v2\/users\/2"}],"replies":[{"embeddable":true,"href":"https:\/\/lospoliticosveracruz.com\/index.php?rest_route=%2Fwp%2Fv2%2Fcomments&post=15454"}],"version-history":[{"count":1,"href":"https:\/\/lospoliticosveracruz.com\/index.php?rest_route=\/wp\/v2\/posts\/15454\/revisions"}],"predecessor-version":[{"id":15456,"href":"https:\/\/lospoliticosveracruz.com\/index.php?rest_route=\/wp\/v2\/posts\/15454\/revisions\/15456"}],"wp:attachment":[{"href":"https:\/\/lospoliticosveracruz.com\/index.php?rest_route=%2Fwp%2Fv2%2Fmedia&parent=15454"}],"wp:term":[{"taxonomy":"category","embeddable":true,"href":"https:\/\/lospoliticosveracruz.com\/index.php?rest_route=%2Fwp%2Fv2%2Fcategories&post=15454"},{"taxonomy":"post_tag","embeddable":true,"href":"https:\/\/lospoliticosveracruz.com\/index.php?rest_route=%2Fwp%2Fv2%2Ftags&post=15454"}],"curies":[{"name":"wp","href":"https:\/\/api.w.org\/{rel}","templated":true}]}}