{"id":154619,"date":"2025-10-16T00:56:08","date_gmt":"2025-10-16T05:56:08","guid":{"rendered":"https:\/\/lospoliticosveracruz.com.mx\/?p=154619"},"modified":"2025-10-16T00:56:39","modified_gmt":"2025-10-16T05:56:39","slug":"sedecop-en-crisis-y-subejercicio","status":"publish","type":"post","link":"https:\/\/lospoliticosveracruz.com\/?p=154619","title":{"rendered":"SEDECOP, EN CRISIS Y SUBEJERCICIO"},"content":{"rendered":"\n<p><strong>Ricardo Chua<\/strong><\/p>\n\n\n\n<p><em>Sale y Vale<\/em><\/p>\n\n\n\n<p><\/p>\n\n\n\n<p>Hay una emergencia climatol\u00f3gica en Veracruz.. La zona norte de la entidad est\u00e1 devastada por las lluvias y las inundaciones desde hace una semana.. Se han perdido vidas humanas.. Pero en el aspecto econ\u00f3mico.. Esa emergencia est\u00e1 por comenzar.. Miles de empresas y comercios en toda aquella regi\u00f3n, se han perdido.. Tanto las macro como las medianas y micro empresas.. El agua no respeta tama\u00f1os y menos jerarqu\u00edas.. Las p\u00e9rdidas se calculan en muchos cientos de millones de pesos.. Lo que tendr\u00e1 un impacto negativo en el crecimiento econ\u00f3mico del Estado.. Habr\u00e1 un serio retroceso y las p\u00e9rdidas de empleos en aquellos municipios afectados, ser\u00e1n incalculables.. \u00bfC\u00f3mo le har\u00e1 el gobierno del Estado para salir de esta crisis que apenas viene?.. Qui\u00e9n lo har\u00e1..<\/p>\n\n\n\n\n\n<p>Esto viene a colaci\u00f3n porque en sus redes sociales.. Se ha visto al secretario de Desarrollo Econ\u00f3mico y Portuario (SEDECOP), Ernesto P\u00e9rez Astorga.. S\u00f3lo estar en la COMODIDAD DEL CLIMA en su oficina en la SEDECOP de Xalapa.. En Poza Rica, ni se ha parado, menos en \u00c1lamo, el Higo ni se diga, ha de pensar que es la fruta\u2026 As\u00ed que mientras a Roc\u00edo Nahle la \u00abametrallan\u00bb con todo en redes sociales.. P\u00e9rez Astorga ni se acongoja.. Ni siquiera se sabe que haya establecido un centro de acopio de ayuda para los damnificados.. Menos se sabe que haya buscado a un representante de las c\u00e1maras empresariales de Poza Rica para ponerse a disposici\u00f3n de ellos y ver en qu\u00e9 manera los puede ayudar desde su cargo.. Nada..<\/p>\n\n\n\n<p>Ayer vino Claudia Sheinbaum en El Higo por la tarde para ver las labores de limpieza y rescate.. Y no se llev\u00f3 un informe siquiera de las empresas que han perdido todo, seg\u00fan los censos que se puedan contar en la SEDECOP.. Nada de nada.. Dir\u00e1n que no es importante ahorita, que el tema es la limpieza.. Pero ya vienen los d\u00edas \u00abamargos\u00bb en lo laboral y comercial.. La ciudadan\u00eda afectada va a regresar a trabajar en menos de 4 d\u00edas y qu\u00e9 pasar\u00e1 si no encuentra su centro de trabajo abierto.. La ayuda sigue, pero todo se agota.. El dinero no dura para siempre y si no hay trabajo, donde quedar\u00e1 ese ciudadano afectado de la zona norte de Veracruz.. Con las p\u00e9rdidas de sus propiedades y sin su trabajo.. Ah\u00ed es donde le fallan a Roc\u00edo Nahle y ella se lleva la \u00ablluvia\u00bb.. Pero de reclamos..<\/p>\n\n\n\n<p>Ah\u00ed en sus mismas redes sociales se puede notar a Perez Astorga, que sus reuniones las hace a trav\u00e9s de zoom, para que nadie lo moleste y pueda estar pl\u00e1cidamente c\u00f3modo en sus oficinas.. Se puede decir, que es la nueva forma de trabajar.. Por esa raz\u00f3n, a estas alturas del a\u00f1o,\u00bbGarganta Profunda\u00bb se enter\u00f3 que la SEDECOP trae ya un SUBEJERCICIO de m\u00e1s del 60 por ciento.. Esto a pesar de que la Secretar\u00eda es una de las m\u00e1s peque\u00f1as en el organigrama del Gobierno del Estado en materia presupuestal.. Obvio que este mismo subejercicio es el que deber\u00eda aplicarse en la reparaci\u00f3n del norte de Veracruz.. Al menos, en la reactivaci\u00f3n de empresas y comercios.. Por eso la gobernadora s\u00f3lo recibe quejas y protestas.. Ella est\u00e1 en Poza Rica.. Medio gabinete est\u00e1 en Xalapa..<\/p>\n\n\n\n<p>As\u00ed que con estas acciones.. Qui\u00e9n garantiza que a Poza Rica y a los dem\u00e1s municipios afectados del norte de la entidad, los puedan sacar adelante en materia econ\u00f3mica.. Si en los 11 meses que lleva como titular de la SEDECOP con Ernesto P\u00e9rez Astorga hay CERO INVERSI\u00d3N NUEVA en Veracruz.. Ya que si la manera de trabajar es por Zoom y con el subejercicio en la dependencia, los augurios econ\u00f3micos del gobierno estatal no son nada buenos.. Con qu\u00e9 le va a responder la SEDECOP a los empresarios e industriales afectados en esos municipios.. Qui\u00e9n les garantiza el apoyo para que sus empresas vuelvan a abrir y puedan seguir generando empleo y riqueza en la regi\u00f3n.. Si la secretar\u00eda tiene el 60 por ciento de su presupuesto que debe gastar y no lo hace..<\/p>\n\n\n\n<p>Con esos informes, \u00abGarganta Profunda\u00bb menciona que Veracruz es el lugar 27 en actividad industrial a nivel nacional.. De los 32 estados del pa\u00eds.. Siendo que la entidad, es de los pocos estados en M\u00e9xico, que cuentan con 3 puertos de altura.. Un corredor interoce\u00e1nico y un sin fin de riquezas naturales.. Cuenta con tren, hay cercan\u00eda con los Estados Unidos y con la capital del pa\u00eds que es CDMX.. Se est\u00e1 en una posici\u00f3n inmejorable y no se aprovecha.. Ya que ser uno de los \u00faltimos lugares en esta materia, s\u00ed que es una verg\u00fcenza.. En pocas palabras, a Astorga le qued\u00f3 grande el cargo.. Viene el Primer Informe de Gobierno de Roc\u00edo Nahle y pueden ser los tiempos de cambios.. Hasta el mismo Eduardo Vega Yunes, al\u00edas \u00abTato\u00bb, tambi\u00e9n debe empezar hacer maletas.. AMEN..<\/p>\n\n\n\n<p>OLVERA, \u00bfEL VIOLENTADOR EN POZA RICA?<\/p>\n\n\n\n<p>Donde el tema se pone candente es en Movimiento Ciudadano en Veracruz.. Ya que luego que su dirigente nacional, Javier Alvarez Maynez sali\u00f3 defendiendo a la Presidenta Claudia Shienbaum.. De los reclamos que recibi\u00f3 en su visita a Poza Rica, el pasado domingo, seg\u00fan propagandistas de MORENA y la 4T en Veracruz, provocados y generados por personajes ligados a MC y a su candidato a la alcald\u00eda, Emilio Olvera.. Que le ha costado cr\u00edticas a Maynez llam\u00e1ndolo: \u00abGambusino\u00bb pol\u00edtico.. Ahora de nuevo, su aspirante a alcalde en ese municipio contraataca.. Haciendo todo lo contrario de lo que dice su l\u00edder nacional.. Resulta que Olvera se fue con todo en un video viralizado en redes sociales en contra de su adversaria de MORENA en ese municipio..<\/p>\n\n\n\n<p>As\u00ed que mientras en Poza Rica vive una de sus peores tragedias de su historia.. El aspirante de MC, Emilio Olvera, pareciera dicen los mismos \u00abMorenos\u00bb, quiere violentar esa ciudad.. A pesar de que el proceso electoral ya termin\u00f3 porque est\u00e1 en los tribunales la decisi\u00f3n de qui\u00e9n ser\u00e1 el alcalde electo y sobre todo porque Maynez, ya respaldo al gobierno federal de MORENA.. En este momento, se ve que Olvera est\u00e1 \u00abtirando patadas de ahogado\u00bb cuando hace apenas 4 d\u00edas ten\u00eda la narrativa ganada:. Pero Jorge Alvarez se la ech\u00f3 a perder.. Quiz\u00e1s molesto por esa situaci\u00f3n es que se le fue con todo a Adanely Rodr\u00edguez, la aspirante de MORENA, y m\u00e1s que una cr\u00edtica por su acciones en las inundaciones pareci\u00f3 una agresi\u00f3n a una mujer..<\/p>\n\n\n\n<p>Por mucho que Adanely haya cometido errores, la sociedad hizo la cr\u00edtica en su contra por sus acciones.. Pero en ese video, se ve a Olvera azuzando a la ciudadan\u00eda molestia por la inundaci\u00f3n, que cuando se apareciera por ese sitio, la \u00abrevolcaran\u00bb.. Y eso es agresi\u00f3n.. El \u00abnaranja\u00bb con este video y declaraci\u00f3n le dio argumentos a los propagandistas de MORENA, de irse encima de \u00e9l, calificando de todo.. Pero ah\u00ed s\u00ed con justa raz\u00f3n.. Por mucha que sea su adversaria, no pueden pedir que maltraten a una mujer.. Eso demuestra en el pol\u00edtico la poca calidad humana, carencia de valores y hasta nula empat\u00eda con las mujeres.. Puede estar molesta con ella por los temas electorales.. Pero no pedir que la agredan f\u00edsicamente.. Eso no es de hombres..<\/p>\n\n\n\n<p>Como pol\u00edtico no te puedes aprovechar de la desesperaci\u00f3n de las personas que lo perdieron todo en Poza Rica.. Como ser humano habla mal de t\u00ed, el querer pedir que da\u00f1en a una mujer.. \u00c9l hab\u00eda ganado la \u00abbatalla\u00bb pol\u00edtica y medi\u00e1tica a la 4T en esta contingencia.. La gente ve\u00eda con buenos ojos que tuviera lodo en los o\u00eddos en sus v\u00eddeos de redes sociales.. Le ten\u00edan empat\u00eda y hasta lo defend\u00edan.. Pero fue Jorge Alvarez Maynez, el que vino a destruir eso el pasado lunes.. Bien har\u00eda por \u00absalud\u00bb propia ser congruente y pedir una disculpa a Adanely Rodr\u00edguez.. De no hacerlo, quedar\u00e1 como un violentador.. Y, entonces, en Poza Rica le dir\u00e1n que el reclamo era a Maynez y \u00e9l era un aprovechado de la tragedia.. Todo por no conectarse la lengua al cerebro.. Que casos.. AMEN..<\/p>\n","protected":false},"excerpt":{"rendered":"<p>Ricardo Chua Sale y Vale Hay una emergencia climatol\u00f3gica en Veracruz.. La zona norte de la entidad est\u00e1 devastada por las lluvias y las inundaciones desde hace una semana.. Se han perdido vidas humanas.. Pero en el aspecto econ\u00f3mico.. Esa emergencia est\u00e1 por comenzar.. Miles de empresas y comercios en toda aquella regi\u00f3n, se han [&hellip;]<\/p>\n","protected":false},"author":2,"featured_media":141434,"comment_status":"closed","ping_status":"closed","sticky":false,"template":"","format":"standard","meta":{"tdm_status":"","tdm_grid_status":"","footnotes":""},"categories":[70,1],"tags":[12605,1026,1267,3578,5102,249,195],"class_list":{"0":"post-154619","1":"post","2":"type-post","3":"status-publish","4":"format-standard","5":"has-post-thumbnail","7":"category-de-opinion","8":"category-sin-categoria","9":"tag-ernesto-perez-astorga","10":"tag-morena","11":"tag-poza-rica","12":"tag-rocio-nahle","13":"tag-sedecop","14":"tag-tato-vega-yunes","15":"tag-veracruz"},"yoast_head":"<!-- This site is optimized with the Yoast SEO plugin v27.4 - https:\/\/yoast.com\/product\/yoast-seo-wordpress\/ -->\n<title>SEDECOP, EN CRISIS Y SUBEJERCICIO - Los pol\u00edticos Veracruz<\/title>\n<meta name=\"robots\" content=\"index, follow, max-snippet:-1, max-image-preview:large, max-video-preview:-1\" \/>\n<link rel=\"canonical\" href=\"https:\/\/lospoliticosveracruz.com\/?p=154619\" \/>\n<meta property=\"og:locale\" content=\"es_ES\" \/>\n<meta property=\"og:type\" content=\"article\" \/>\n<meta property=\"og:title\" content=\"SEDECOP, EN CRISIS Y SUBEJERCICIO - Los pol\u00edticos Veracruz\" \/>\n<meta property=\"og:description\" content=\"Ricardo Chua Sale y Vale Hay una emergencia climatol\u00f3gica en Veracruz.. La zona norte de la entidad est\u00e1 devastada por las lluvias y las inundaciones desde hace una semana.. Se han perdido vidas humanas.. Pero en el aspecto econ\u00f3mico.. Esa emergencia est\u00e1 por comenzar.. Miles de empresas y comercios en toda aquella regi\u00f3n, se han [&hellip;]\" \/>\n<meta property=\"og:url\" content=\"https:\/\/lospoliticosveracruz.com\/?p=154619\" \/>\n<meta property=\"og:site_name\" content=\"Los pol\u00edticos Veracruz\" \/>\n<meta property=\"article:publisher\" content=\"https:\/\/www.facebook.com\/people\/Notimemes-de-los-Polticos\/61565672886568\/\" \/>\n<meta property=\"article:published_time\" content=\"2025-10-16T05:56:08+00:00\" \/>\n<meta property=\"article:modified_time\" content=\"2025-10-16T05:56:39+00:00\" \/>\n<meta property=\"og:image\" content=\"https:\/\/lospoliticosveracruz.com\/wp-content\/uploads\/2025\/04\/Chua-e1761364658706.jpg\" \/>\n\t<meta property=\"og:image:width\" content=\"600\" \/>\n\t<meta property=\"og:image:height\" content=\"320\" \/>\n\t<meta property=\"og:image:type\" content=\"image\/jpeg\" \/>\n<meta name=\"author\" content=\"Lo viste en Los Pol\u00edticos\" \/>\n<meta name=\"twitter:card\" content=\"summary_large_image\" \/>\n<meta name=\"twitter:creator\" content=\"@LosPoliticosVer\" \/>\n<meta name=\"twitter:site\" content=\"@LosPoliticosVer\" \/>\n<meta name=\"twitter:label1\" content=\"Escrito por\" \/>\n\t<meta name=\"twitter:data1\" content=\"Lo viste en Los Pol\u00edticos\" \/>\n\t<meta name=\"twitter:label2\" content=\"Tiempo de lectura\" \/>\n\t<meta name=\"twitter:data2\" content=\"7 minutos\" \/>\n<script type=\"application\/ld+json\" class=\"yoast-schema-graph\">{\"@context\":\"https:\\\/\\\/schema.org\",\"@graph\":[{\"@type\":\"Article\",\"@id\":\"https:\\\/\\\/lospoliticosveracruz.com\\\/?p=154619#article\",\"isPartOf\":{\"@id\":\"https:\\\/\\\/lospoliticosveracruz.com\\\/?p=154619\"},\"author\":{\"name\":\"Lo viste en Los Pol\u00edticos\",\"@id\":\"https:\\\/\\\/lospoliticosveracruz.com\\\/#\\\/schema\\\/person\\\/b8702bb0e538456e6efd07080bf2a4a2\"},\"headline\":\"SEDECOP, EN CRISIS Y SUBEJERCICIO\",\"datePublished\":\"2025-10-16T05:56:08+00:00\",\"dateModified\":\"2025-10-16T05:56:39+00:00\",\"mainEntityOfPage\":{\"@id\":\"https:\\\/\\\/lospoliticosveracruz.com\\\/?p=154619\"},\"wordCount\":1438,\"publisher\":{\"@id\":\"https:\\\/\\\/lospoliticosveracruz.com\\\/#organization\"},\"image\":{\"@id\":\"https:\\\/\\\/lospoliticosveracruz.com\\\/?p=154619#primaryimage\"},\"thumbnailUrl\":\"https:\\\/\\\/lospoliticosveracruz.com\\\/wp-content\\\/uploads\\\/2025\\\/04\\\/Chua-e1761364658706.jpg\",\"keywords\":[\"Ernesto P\u00e9rez Astorga\",\"Morena\",\"Poza Rica\",\"Roc\u00edo Nahle\",\"Sedecop\",\"Tato Vega Yunes\",\"Veracruz\"],\"articleSection\":[\"De Opini\u00f3n\"],\"inLanguage\":\"es\"},{\"@type\":\"WebPage\",\"@id\":\"https:\\\/\\\/lospoliticosveracruz.com\\\/?p=154619\",\"url\":\"https:\\\/\\\/lospoliticosveracruz.com\\\/?p=154619\",\"name\":\"SEDECOP, EN CRISIS Y SUBEJERCICIO - Los pol\u00edticos Veracruz\",\"isPartOf\":{\"@id\":\"https:\\\/\\\/lospoliticosveracruz.com\\\/#website\"},\"primaryImageOfPage\":{\"@id\":\"https:\\\/\\\/lospoliticosveracruz.com\\\/?p=154619#primaryimage\"},\"image\":{\"@id\":\"https:\\\/\\\/lospoliticosveracruz.com\\\/?p=154619#primaryimage\"},\"thumbnailUrl\":\"https:\\\/\\\/lospoliticosveracruz.com\\\/wp-content\\\/uploads\\\/2025\\\/04\\\/Chua-e1761364658706.jpg\",\"datePublished\":\"2025-10-16T05:56:08+00:00\",\"dateModified\":\"2025-10-16T05:56:39+00:00\",\"breadcrumb\":{\"@id\":\"https:\\\/\\\/lospoliticosveracruz.com\\\/?p=154619#breadcrumb\"},\"inLanguage\":\"es\",\"potentialAction\":[{\"@type\":\"ReadAction\",\"target\":[\"https:\\\/\\\/lospoliticosveracruz.com\\\/?p=154619\"]}]},{\"@type\":\"ImageObject\",\"inLanguage\":\"es\",\"@id\":\"https:\\\/\\\/lospoliticosveracruz.com\\\/?p=154619#primaryimage\",\"url\":\"https:\\\/\\\/lospoliticosveracruz.com\\\/wp-content\\\/uploads\\\/2025\\\/04\\\/Chua-e1761364658706.jpg\",\"contentUrl\":\"https:\\\/\\\/lospoliticosveracruz.com\\\/wp-content\\\/uploads\\\/2025\\\/04\\\/Chua-e1761364658706.jpg\",\"width\":600,\"height\":320},{\"@type\":\"BreadcrumbList\",\"@id\":\"https:\\\/\\\/lospoliticosveracruz.com\\\/?p=154619#breadcrumb\",\"itemListElement\":[{\"@type\":\"ListItem\",\"position\":1,\"name\":\"Portada\",\"item\":\"https:\\\/\\\/lospoliticosveracruz.com\\\/\"},{\"@type\":\"ListItem\",\"position\":2,\"name\":\"SEDECOP, EN CRISIS Y SUBEJERCICIO\"}]},{\"@type\":\"WebSite\",\"@id\":\"https:\\\/\\\/lospoliticosveracruz.com\\\/#website\",\"url\":\"https:\\\/\\\/lospoliticosveracruz.com\\\/\",\"name\":\"Los pol\u00edticos Veracruz\",\"description\":\"\",\"publisher\":{\"@id\":\"https:\\\/\\\/lospoliticosveracruz.com\\\/#organization\"},\"potentialAction\":[{\"@type\":\"SearchAction\",\"target\":{\"@type\":\"EntryPoint\",\"urlTemplate\":\"https:\\\/\\\/lospoliticosveracruz.com\\\/?s={search_term_string}\"},\"query-input\":{\"@type\":\"PropertyValueSpecification\",\"valueRequired\":true,\"valueName\":\"search_term_string\"}}],\"inLanguage\":\"es\"},{\"@type\":\"Organization\",\"@id\":\"https:\\\/\\\/lospoliticosveracruz.com\\\/#organization\",\"name\":\"Los pol\u00edticos Veracruz\",\"url\":\"https:\\\/\\\/lospoliticosveracruz.com\\\/\",\"logo\":{\"@type\":\"ImageObject\",\"inLanguage\":\"es\",\"@id\":\"https:\\\/\\\/lospoliticosveracruz.com\\\/#\\\/schema\\\/logo\\\/image\\\/\",\"url\":\"https:\\\/\\\/lospoliticosveracruz.com\\\/wp-content\\\/uploads\\\/2025\\\/12\\\/Logo-Nuevo-LOS-POLITICOS-1.jpg\",\"contentUrl\":\"https:\\\/\\\/lospoliticosveracruz.com\\\/wp-content\\\/uploads\\\/2025\\\/12\\\/Logo-Nuevo-LOS-POLITICOS-1.jpg\",\"width\":260,\"height\":70,\"caption\":\"Los pol\u00edticos Veracruz\"},\"image\":{\"@id\":\"https:\\\/\\\/lospoliticosveracruz.com\\\/#\\\/schema\\\/logo\\\/image\\\/\"},\"sameAs\":[\"https:\\\/\\\/www.facebook.com\\\/people\\\/Notimemes-de-los-Polticos\\\/61565672886568\\\/\",\"https:\\\/\\\/x.com\\\/LosPoliticosVer\"]},{\"@type\":\"Person\",\"@id\":\"https:\\\/\\\/lospoliticosveracruz.com\\\/#\\\/schema\\\/person\\\/b8702bb0e538456e6efd07080bf2a4a2\",\"name\":\"Lo viste en Los Pol\u00edticos\",\"image\":{\"@type\":\"ImageObject\",\"inLanguage\":\"es\",\"@id\":\"https:\\\/\\\/secure.gravatar.com\\\/avatar\\\/3a8de04a2656d44082be478bd6c086daa447c4651605818287b9532d3d0bd435?s=96&d=mm&r=g\",\"url\":\"https:\\\/\\\/secure.gravatar.com\\\/avatar\\\/3a8de04a2656d44082be478bd6c086daa447c4651605818287b9532d3d0bd435?s=96&d=mm&r=g\",\"contentUrl\":\"https:\\\/\\\/secure.gravatar.com\\\/avatar\\\/3a8de04a2656d44082be478bd6c086daa447c4651605818287b9532d3d0bd435?s=96&d=mm&r=g\",\"caption\":\"Lo viste en Los Pol\u00edticos\"},\"url\":\"https:\\\/\\\/lospoliticosveracruz.com\\\/?author=2\"}]}<\/script>\n<!-- \/ Yoast SEO plugin. -->","yoast_head_json":{"title":"SEDECOP, EN CRISIS Y SUBEJERCICIO - Los pol\u00edticos Veracruz","robots":{"index":"index","follow":"follow","max-snippet":"max-snippet:-1","max-image-preview":"max-image-preview:large","max-video-preview":"max-video-preview:-1"},"canonical":"https:\/\/lospoliticosveracruz.com\/?p=154619","og_locale":"es_ES","og_type":"article","og_title":"SEDECOP, EN CRISIS Y SUBEJERCICIO - Los pol\u00edticos Veracruz","og_description":"Ricardo Chua Sale y Vale Hay una emergencia climatol\u00f3gica en Veracruz.. La zona norte de la entidad est\u00e1 devastada por las lluvias y las inundaciones desde hace una semana.. Se han perdido vidas humanas.. Pero en el aspecto econ\u00f3mico.. Esa emergencia est\u00e1 por comenzar.. Miles de empresas y comercios en toda aquella regi\u00f3n, se han [&hellip;]","og_url":"https:\/\/lospoliticosveracruz.com\/?p=154619","og_site_name":"Los pol\u00edticos Veracruz","article_publisher":"https:\/\/www.facebook.com\/people\/Notimemes-de-los-Polticos\/61565672886568\/","article_published_time":"2025-10-16T05:56:08+00:00","article_modified_time":"2025-10-16T05:56:39+00:00","og_image":[{"width":600,"height":320,"url":"https:\/\/lospoliticosveracruz.com\/wp-content\/uploads\/2025\/04\/Chua-e1761364658706.jpg","type":"image\/jpeg"}],"author":"Lo viste en Los Pol\u00edticos","twitter_card":"summary_large_image","twitter_creator":"@LosPoliticosVer","twitter_site":"@LosPoliticosVer","twitter_misc":{"Escrito por":"Lo viste en Los Pol\u00edticos","Tiempo de lectura":"7 minutos"},"schema":{"@context":"https:\/\/schema.org","@graph":[{"@type":"Article","@id":"https:\/\/lospoliticosveracruz.com\/?p=154619#article","isPartOf":{"@id":"https:\/\/lospoliticosveracruz.com\/?p=154619"},"author":{"name":"Lo viste en Los Pol\u00edticos","@id":"https:\/\/lospoliticosveracruz.com\/#\/schema\/person\/b8702bb0e538456e6efd07080bf2a4a2"},"headline":"SEDECOP, EN CRISIS Y SUBEJERCICIO","datePublished":"2025-10-16T05:56:08+00:00","dateModified":"2025-10-16T05:56:39+00:00","mainEntityOfPage":{"@id":"https:\/\/lospoliticosveracruz.com\/?p=154619"},"wordCount":1438,"publisher":{"@id":"https:\/\/lospoliticosveracruz.com\/#organization"},"image":{"@id":"https:\/\/lospoliticosveracruz.com\/?p=154619#primaryimage"},"thumbnailUrl":"https:\/\/lospoliticosveracruz.com\/wp-content\/uploads\/2025\/04\/Chua-e1761364658706.jpg","keywords":["Ernesto P\u00e9rez Astorga","Morena","Poza Rica","Roc\u00edo Nahle","Sedecop","Tato Vega Yunes","Veracruz"],"articleSection":["De Opini\u00f3n"],"inLanguage":"es"},{"@type":"WebPage","@id":"https:\/\/lospoliticosveracruz.com\/?p=154619","url":"https:\/\/lospoliticosveracruz.com\/?p=154619","name":"SEDECOP, EN CRISIS Y SUBEJERCICIO - Los pol\u00edticos Veracruz","isPartOf":{"@id":"https:\/\/lospoliticosveracruz.com\/#website"},"primaryImageOfPage":{"@id":"https:\/\/lospoliticosveracruz.com\/?p=154619#primaryimage"},"image":{"@id":"https:\/\/lospoliticosveracruz.com\/?p=154619#primaryimage"},"thumbnailUrl":"https:\/\/lospoliticosveracruz.com\/wp-content\/uploads\/2025\/04\/Chua-e1761364658706.jpg","datePublished":"2025-10-16T05:56:08+00:00","dateModified":"2025-10-16T05:56:39+00:00","breadcrumb":{"@id":"https:\/\/lospoliticosveracruz.com\/?p=154619#breadcrumb"},"inLanguage":"es","potentialAction":[{"@type":"ReadAction","target":["https:\/\/lospoliticosveracruz.com\/?p=154619"]}]},{"@type":"ImageObject","inLanguage":"es","@id":"https:\/\/lospoliticosveracruz.com\/?p=154619#primaryimage","url":"https:\/\/lospoliticosveracruz.com\/wp-content\/uploads\/2025\/04\/Chua-e1761364658706.jpg","contentUrl":"https:\/\/lospoliticosveracruz.com\/wp-content\/uploads\/2025\/04\/Chua-e1761364658706.jpg","width":600,"height":320},{"@type":"BreadcrumbList","@id":"https:\/\/lospoliticosveracruz.com\/?p=154619#breadcrumb","itemListElement":[{"@type":"ListItem","position":1,"name":"Portada","item":"https:\/\/lospoliticosveracruz.com\/"},{"@type":"ListItem","position":2,"name":"SEDECOP, EN CRISIS Y SUBEJERCICIO"}]},{"@type":"WebSite","@id":"https:\/\/lospoliticosveracruz.com\/#website","url":"https:\/\/lospoliticosveracruz.com\/","name":"Los pol\u00edticos Veracruz","description":"","publisher":{"@id":"https:\/\/lospoliticosveracruz.com\/#organization"},"potentialAction":[{"@type":"SearchAction","target":{"@type":"EntryPoint","urlTemplate":"https:\/\/lospoliticosveracruz.com\/?s={search_term_string}"},"query-input":{"@type":"PropertyValueSpecification","valueRequired":true,"valueName":"search_term_string"}}],"inLanguage":"es"},{"@type":"Organization","@id":"https:\/\/lospoliticosveracruz.com\/#organization","name":"Los pol\u00edticos Veracruz","url":"https:\/\/lospoliticosveracruz.com\/","logo":{"@type":"ImageObject","inLanguage":"es","@id":"https:\/\/lospoliticosveracruz.com\/#\/schema\/logo\/image\/","url":"https:\/\/lospoliticosveracruz.com\/wp-content\/uploads\/2025\/12\/Logo-Nuevo-LOS-POLITICOS-1.jpg","contentUrl":"https:\/\/lospoliticosveracruz.com\/wp-content\/uploads\/2025\/12\/Logo-Nuevo-LOS-POLITICOS-1.jpg","width":260,"height":70,"caption":"Los pol\u00edticos Veracruz"},"image":{"@id":"https:\/\/lospoliticosveracruz.com\/#\/schema\/logo\/image\/"},"sameAs":["https:\/\/www.facebook.com\/people\/Notimemes-de-los-Polticos\/61565672886568\/","https:\/\/x.com\/LosPoliticosVer"]},{"@type":"Person","@id":"https:\/\/lospoliticosveracruz.com\/#\/schema\/person\/b8702bb0e538456e6efd07080bf2a4a2","name":"Lo viste en Los Pol\u00edticos","image":{"@type":"ImageObject","inLanguage":"es","@id":"https:\/\/secure.gravatar.com\/avatar\/3a8de04a2656d44082be478bd6c086daa447c4651605818287b9532d3d0bd435?s=96&d=mm&r=g","url":"https:\/\/secure.gravatar.com\/avatar\/3a8de04a2656d44082be478bd6c086daa447c4651605818287b9532d3d0bd435?s=96&d=mm&r=g","contentUrl":"https:\/\/secure.gravatar.com\/avatar\/3a8de04a2656d44082be478bd6c086daa447c4651605818287b9532d3d0bd435?s=96&d=mm&r=g","caption":"Lo viste en Los Pol\u00edticos"},"url":"https:\/\/lospoliticosveracruz.com\/?author=2"}]}},"_links":{"self":[{"href":"https:\/\/lospoliticosveracruz.com\/index.php?rest_route=\/wp\/v2\/posts\/154619","targetHints":{"allow":["GET"]}}],"collection":[{"href":"https:\/\/lospoliticosveracruz.com\/index.php?rest_route=\/wp\/v2\/posts"}],"about":[{"href":"https:\/\/lospoliticosveracruz.com\/index.php?rest_route=\/wp\/v2\/types\/post"}],"author":[{"embeddable":true,"href":"https:\/\/lospoliticosveracruz.com\/index.php?rest_route=\/wp\/v2\/users\/2"}],"replies":[{"embeddable":true,"href":"https:\/\/lospoliticosveracruz.com\/index.php?rest_route=%2Fwp%2Fv2%2Fcomments&post=154619"}],"version-history":[{"count":1,"href":"https:\/\/lospoliticosveracruz.com\/index.php?rest_route=\/wp\/v2\/posts\/154619\/revisions"}],"predecessor-version":[{"id":154620,"href":"https:\/\/lospoliticosveracruz.com\/index.php?rest_route=\/wp\/v2\/posts\/154619\/revisions\/154620"}],"wp:featuredmedia":[{"embeddable":true,"href":"https:\/\/lospoliticosveracruz.com\/index.php?rest_route=\/wp\/v2\/media\/141434"}],"wp:attachment":[{"href":"https:\/\/lospoliticosveracruz.com\/index.php?rest_route=%2Fwp%2Fv2%2Fmedia&parent=154619"}],"wp:term":[{"taxonomy":"category","embeddable":true,"href":"https:\/\/lospoliticosveracruz.com\/index.php?rest_route=%2Fwp%2Fv2%2Fcategories&post=154619"},{"taxonomy":"post_tag","embeddable":true,"href":"https:\/\/lospoliticosveracruz.com\/index.php?rest_route=%2Fwp%2Fv2%2Ftags&post=154619"}],"curies":[{"name":"wp","href":"https:\/\/api.w.org\/{rel}","templated":true}]}}