{"id":15464,"date":"2015-03-24T08:55:24","date_gmt":"2015-03-24T14:55:24","guid":{"rendered":"http:\/\/www.lospoliticosveracruz.com.mx\/?p=15464"},"modified":"2015-03-24T08:55:24","modified_gmt":"2015-03-24T14:55:24","slug":"jornada-municipal-conmemorativa","status":"publish","type":"post","link":"https:\/\/lospoliticosveracruz.com\/?p=15464","title":{"rendered":"Jornada municipal conmemorativa"},"content":{"rendered":"<p><a href=\"http:\/\/www.lospoliticosveracruz.com.mx\/wp-content\/uploads\/2015\/03\/MUJER-1-720x380-e1427208384729.jpg\"><img loading=\"lazy\" decoding=\"async\" class=\"alignnone size-medium wp-image-15463\" src=\"http:\/\/www.lospoliticosveracruz.com.mx\/wp-content\/uploads\/2015\/03\/MUJER-1-720x380-300x158.jpg\" alt=\"MUJER-1-720x380\" width=\"300\" height=\"158\" \/><\/a><\/p>\n<p>&nbsp;<\/p>\n<p><strong>Sheyla Fuentes Lara<\/strong><\/p>\n<p><em>Mujeres que Saben Lat\u00edn<\/em><\/p>\n<p>&nbsp;<\/p>\n<p>&nbsp;<\/p>\n<p>El pasado 8 de marzo se conmemor\u00f3 el D\u00eda Internacional de las Mujeres, fecha en que se recuerda la lucha de un grupo de mujeres obreras en Nueva York y en diversos pa\u00edses para exigir el reconocimiento de sus derechos civiles y laborales.<\/p>\n<p>&nbsp;<\/p>\n<p>Si bien es cierto, aunque nosotras hemos alcanzado desarrollarnos en diversos \u00e1mbitos, tenemos m\u00e1s participaci\u00f3n y podemos expresarnos libremente, aun falta mucho por conseguir. Mientras haya mujeres sin acceso a la educaci\u00f3n; a la justicia; en tanto sigan registr\u00e1ndose feminicidios; trata de personas; el que existan mujeres violentadas en el \u00e1mbito p\u00fablico y privado, no podremos celebrar hasta alcanzar la igualdad sustantiva.<\/p>\n<p>&nbsp;<\/p>\n<p>Por ello, es que desde diversos espacios se intenta visibilizar la fecha y propiciar acciones para que la ciudadan\u00eda sea consciente de los temas que afectan a las mujeres y en los que todas y todos debemos accionar. Porque los temas que nos afectan no son s\u00f3lo nuestros, y en ellos debe participar toda la sociedad.<\/p>\n<p>&nbsp;<\/p>\n<p>En este mes de marzo, el Instituto Municipal de las Mujeres, en coordinaci\u00f3n con algunas \u00e1reas del Ayuntamiento de Xalapa unieron esfuerzos para efectuar una jornada municipal, con diversas actividades para conmemorar esta fecha. Lograron involucrar a algunas regidur\u00edas y direcciones, con el af\u00e1n de hacer visible el tema de trabajar desde la perspectiva de g\u00e9nero, y para que en un futuro, implementen pol\u00edticas p\u00fablicas desde sus \u00e1mbitos, en beneficio de m\u00e1s mujeres. Acciones que tomar\u00e1n tiempo, pero sin duda es un buen comienzo.<\/p>\n<p>&nbsp;<\/p>\n<p>Y es que el objetivo principal de los institutos estatales y municipales es \u00e9ste: incidir para diseminar la perspectiva de g\u00e9nero en la administraci\u00f3n p\u00fablica para impulsar y apoyar el desarrollo y aplicaci\u00f3n de las pol\u00edticas, estrategias y acciones, dirigidas al desarrollo de las mujeres, para \u00a0lograr su plena participaci\u00f3n en los \u00e1mbitos econ\u00f3mico, pol\u00edtico, social, cultural, laboral y educativo, y as\u00ed mejorar su condici\u00f3n social, en un marco de equidad entre los g\u00e9neros.<\/p>\n<p>&nbsp;<\/p>\n<p>As\u00ed, coordinadamente se realizaron diversas actividades en el municipio xalape\u00f1o como la entrega de reconocimientos a mujeres destacadas, foros, jornadas de salud, cines-debates, intervenciones art\u00edsticas, flashmob en diversos espacios, talleres, presentaci\u00f3n de tesis, entre otras.<\/p>\n<p>En cada una de las actividades la participaci\u00f3n ciudadana se caracteriz\u00f3 por manifestar su agrado e inter\u00e9s por estos temas, y por la apertura de espacios para aprender y por supuesto, por las intervenciones art\u00edsticas a las que poco tienen acceso.<\/p>\n<p>Esta experiencia de trabajar con otras dependencias tambi\u00e9n propicia el trabajo conjunto para accionar y concretar actividades en favor de la poblaci\u00f3n xalape\u00f1a.<\/p>\n<p>Sirva este espacio para extender una cordial invitaci\u00f3n a dos de los eventos que se realizar\u00e1n esta semana:<\/p>\n<p>El d\u00eda 25 de marzo a las 11 horas, ser\u00e1 la presentaci\u00f3n del primer Cuadernillo Naranja, espacios laborales con libertad e igualdad, para el personal del ayuntamiento en la sala de cabildo.<\/p>\n<p>Y el d\u00eda 26 de marzo a las 17 horas se dar\u00e1n a conocer los resultados del Monitoreo de Violencia de G\u00e9nero, que realizan estudiantes de la Universidad Veracruzana bajo la coordinaci\u00f3n de la Dra. Estela Casados Glez. Integrante del Centro de Estudios de G\u00e9nero de la UV. Esta actividad se realizar\u00e1 en las instalaciones del IMMX ubicadas en el Callej\u00f3n de Rojas 21. Centro.<\/p>\n<p>Si desean conocer m\u00e1s sobre estas y otras actividades, pueden consultar en sus p\u00e1ginas: de Facebook: Instituto Mujeres Xalapa y en <a href=\"http:\/\/www.immxalapa.com\">www.immxalapa.com<\/a>.<\/p>\n<p>La invitaci\u00f3n es para el p\u00fablico en general y la entrada es gratuita, no dejen de asistir.<\/p>\n<p>&nbsp;<\/p>\n","protected":false},"excerpt":{"rendered":"<p>&nbsp; Sheyla Fuentes Lara Mujeres que Saben Lat\u00edn &nbsp; &nbsp; El pasado 8 de marzo se conmemor\u00f3 el D\u00eda Internacional de las Mujeres, fecha en que se recuerda la lucha de un grupo de mujeres obreras en Nueva York y en diversos pa\u00edses para exigir el reconocimiento de sus derechos civiles y laborales. &nbsp; Si [&hellip;]<\/p>\n","protected":false},"author":2,"featured_media":0,"comment_status":"open","ping_status":"open","sticky":false,"template":"","format":"standard","meta":{"tdm_status":"","tdm_grid_status":"","footnotes":""},"categories":[70],"tags":[2197,2193,2195,2196,2194],"class_list":{"0":"post-15464","1":"post","2":"type-post","3":"status-publish","4":"format-standard","6":"category-de-opinion","7":"tag-cuardernillo-naranja","8":"tag-dia-internacional-de-las-mujeres","9":"tag-instituto-municipal-de-las-mujeres","10":"tag-jornada-conmemorativa","11":"tag-obreras-nueva-york"},"yoast_head":"<!-- This site is optimized with the Yoast SEO plugin v27.4 - https:\/\/yoast.com\/product\/yoast-seo-wordpress\/ -->\n<title>Jornada municipal conmemorativa - Los pol\u00edticos Veracruz<\/title>\n<meta name=\"robots\" content=\"index, follow, max-snippet:-1, max-image-preview:large, max-video-preview:-1\" \/>\n<link rel=\"canonical\" href=\"https:\/\/lospoliticosveracruz.com\/?p=15464\" \/>\n<meta property=\"og:locale\" content=\"es_ES\" \/>\n<meta property=\"og:type\" content=\"article\" \/>\n<meta property=\"og:title\" content=\"Jornada municipal conmemorativa - Los pol\u00edticos Veracruz\" \/>\n<meta property=\"og:description\" content=\"&nbsp; Sheyla Fuentes Lara Mujeres que Saben Lat\u00edn &nbsp; &nbsp; El pasado 8 de marzo se conmemor\u00f3 el D\u00eda Internacional de las Mujeres, fecha en que se recuerda la lucha de un grupo de mujeres obreras en Nueva York y en diversos pa\u00edses para exigir el reconocimiento de sus derechos civiles y laborales. &nbsp; Si [&hellip;]\" \/>\n<meta property=\"og:url\" content=\"https:\/\/lospoliticosveracruz.com\/?p=15464\" \/>\n<meta property=\"og:site_name\" content=\"Los pol\u00edticos Veracruz\" \/>\n<meta property=\"article:publisher\" content=\"https:\/\/www.facebook.com\/people\/Notimemes-de-los-Polticos\/61565672886568\/\" \/>\n<meta property=\"article:published_time\" content=\"2015-03-24T14:55:24+00:00\" \/>\n<meta property=\"og:image\" content=\"http:\/\/www.lospoliticosveracruz.com.mx\/wp-content\/uploads\/2015\/03\/MUJER-1-720x380-300x158.jpg\" \/>\n<meta name=\"author\" content=\"Lo viste en Los Pol\u00edticos\" \/>\n<meta name=\"twitter:card\" content=\"summary_large_image\" \/>\n<meta name=\"twitter:creator\" content=\"@LosPoliticosVer\" \/>\n<meta name=\"twitter:site\" content=\"@LosPoliticosVer\" \/>\n<meta name=\"twitter:label1\" content=\"Escrito por\" \/>\n\t<meta name=\"twitter:data1\" content=\"Lo viste en Los Pol\u00edticos\" \/>\n\t<meta name=\"twitter:label2\" content=\"Tiempo de lectura\" \/>\n\t<meta name=\"twitter:data2\" content=\"3 minutos\" \/>\n<script type=\"application\/ld+json\" class=\"yoast-schema-graph\">{\"@context\":\"https:\\\/\\\/schema.org\",\"@graph\":[{\"@type\":\"Article\",\"@id\":\"https:\\\/\\\/lospoliticosveracruz.com\\\/?p=15464#article\",\"isPartOf\":{\"@id\":\"https:\\\/\\\/lospoliticosveracruz.com\\\/?p=15464\"},\"author\":{\"name\":\"Lo viste en Los Pol\u00edticos\",\"@id\":\"https:\\\/\\\/lospoliticosveracruz.com\\\/#\\\/schema\\\/person\\\/b8702bb0e538456e6efd07080bf2a4a2\"},\"headline\":\"Jornada municipal conmemorativa\",\"datePublished\":\"2015-03-24T14:55:24+00:00\",\"mainEntityOfPage\":{\"@id\":\"https:\\\/\\\/lospoliticosveracruz.com\\\/?p=15464\"},\"wordCount\":638,\"commentCount\":0,\"publisher\":{\"@id\":\"https:\\\/\\\/lospoliticosveracruz.com\\\/#organization\"},\"image\":{\"@id\":\"https:\\\/\\\/lospoliticosveracruz.com\\\/?p=15464#primaryimage\"},\"thumbnailUrl\":\"http:\\\/\\\/www.lospoliticosveracruz.com.mx\\\/wp-content\\\/uploads\\\/2015\\\/03\\\/MUJER-1-720x380-300x158.jpg\",\"keywords\":[\"Cuardernillo naranja\",\"D\u00eda Internacional de las mujeres\",\"Instituto Municipal de las Mujeres\",\"Jornada conmemorativa\",\"Obreras Nueva York\"],\"articleSection\":[\"De Opini\u00f3n\"],\"inLanguage\":\"es\",\"potentialAction\":[{\"@type\":\"CommentAction\",\"name\":\"Comment\",\"target\":[\"https:\\\/\\\/lospoliticosveracruz.com\\\/?p=15464#respond\"]}]},{\"@type\":\"WebPage\",\"@id\":\"https:\\\/\\\/lospoliticosveracruz.com\\\/?p=15464\",\"url\":\"https:\\\/\\\/lospoliticosveracruz.com\\\/?p=15464\",\"name\":\"Jornada municipal conmemorativa - Los pol\u00edticos Veracruz\",\"isPartOf\":{\"@id\":\"https:\\\/\\\/lospoliticosveracruz.com\\\/#website\"},\"primaryImageOfPage\":{\"@id\":\"https:\\\/\\\/lospoliticosveracruz.com\\\/?p=15464#primaryimage\"},\"image\":{\"@id\":\"https:\\\/\\\/lospoliticosveracruz.com\\\/?p=15464#primaryimage\"},\"thumbnailUrl\":\"http:\\\/\\\/www.lospoliticosveracruz.com.mx\\\/wp-content\\\/uploads\\\/2015\\\/03\\\/MUJER-1-720x380-300x158.jpg\",\"datePublished\":\"2015-03-24T14:55:24+00:00\",\"breadcrumb\":{\"@id\":\"https:\\\/\\\/lospoliticosveracruz.com\\\/?p=15464#breadcrumb\"},\"inLanguage\":\"es\",\"potentialAction\":[{\"@type\":\"ReadAction\",\"target\":[\"https:\\\/\\\/lospoliticosveracruz.com\\\/?p=15464\"]}]},{\"@type\":\"ImageObject\",\"inLanguage\":\"es\",\"@id\":\"https:\\\/\\\/lospoliticosveracruz.com\\\/?p=15464#primaryimage\",\"url\":\"http:\\\/\\\/www.lospoliticosveracruz.com.mx\\\/wp-content\\\/uploads\\\/2015\\\/03\\\/MUJER-1-720x380-300x158.jpg\",\"contentUrl\":\"http:\\\/\\\/www.lospoliticosveracruz.com.mx\\\/wp-content\\\/uploads\\\/2015\\\/03\\\/MUJER-1-720x380-300x158.jpg\"},{\"@type\":\"BreadcrumbList\",\"@id\":\"https:\\\/\\\/lospoliticosveracruz.com\\\/?p=15464#breadcrumb\",\"itemListElement\":[{\"@type\":\"ListItem\",\"position\":1,\"name\":\"Portada\",\"item\":\"https:\\\/\\\/lospoliticosveracruz.com\\\/\"},{\"@type\":\"ListItem\",\"position\":2,\"name\":\"Jornada municipal conmemorativa\"}]},{\"@type\":\"WebSite\",\"@id\":\"https:\\\/\\\/lospoliticosveracruz.com\\\/#website\",\"url\":\"https:\\\/\\\/lospoliticosveracruz.com\\\/\",\"name\":\"Los pol\u00edticos Veracruz\",\"description\":\"\",\"publisher\":{\"@id\":\"https:\\\/\\\/lospoliticosveracruz.com\\\/#organization\"},\"potentialAction\":[{\"@type\":\"SearchAction\",\"target\":{\"@type\":\"EntryPoint\",\"urlTemplate\":\"https:\\\/\\\/lospoliticosveracruz.com\\\/?s={search_term_string}\"},\"query-input\":{\"@type\":\"PropertyValueSpecification\",\"valueRequired\":true,\"valueName\":\"search_term_string\"}}],\"inLanguage\":\"es\"},{\"@type\":\"Organization\",\"@id\":\"https:\\\/\\\/lospoliticosveracruz.com\\\/#organization\",\"name\":\"Los pol\u00edticos Veracruz\",\"url\":\"https:\\\/\\\/lospoliticosveracruz.com\\\/\",\"logo\":{\"@type\":\"ImageObject\",\"inLanguage\":\"es\",\"@id\":\"https:\\\/\\\/lospoliticosveracruz.com\\\/#\\\/schema\\\/logo\\\/image\\\/\",\"url\":\"https:\\\/\\\/lospoliticosveracruz.com\\\/wp-content\\\/uploads\\\/2025\\\/12\\\/Logo-Nuevo-LOS-POLITICOS-1.jpg\",\"contentUrl\":\"https:\\\/\\\/lospoliticosveracruz.com\\\/wp-content\\\/uploads\\\/2025\\\/12\\\/Logo-Nuevo-LOS-POLITICOS-1.jpg\",\"width\":260,\"height\":70,\"caption\":\"Los pol\u00edticos Veracruz\"},\"image\":{\"@id\":\"https:\\\/\\\/lospoliticosveracruz.com\\\/#\\\/schema\\\/logo\\\/image\\\/\"},\"sameAs\":[\"https:\\\/\\\/www.facebook.com\\\/people\\\/Notimemes-de-los-Polticos\\\/61565672886568\\\/\",\"https:\\\/\\\/x.com\\\/LosPoliticosVer\"]},{\"@type\":\"Person\",\"@id\":\"https:\\\/\\\/lospoliticosveracruz.com\\\/#\\\/schema\\\/person\\\/b8702bb0e538456e6efd07080bf2a4a2\",\"name\":\"Lo viste en Los Pol\u00edticos\",\"image\":{\"@type\":\"ImageObject\",\"inLanguage\":\"es\",\"@id\":\"https:\\\/\\\/secure.gravatar.com\\\/avatar\\\/3a8de04a2656d44082be478bd6c086daa447c4651605818287b9532d3d0bd435?s=96&d=mm&r=g\",\"url\":\"https:\\\/\\\/secure.gravatar.com\\\/avatar\\\/3a8de04a2656d44082be478bd6c086daa447c4651605818287b9532d3d0bd435?s=96&d=mm&r=g\",\"contentUrl\":\"https:\\\/\\\/secure.gravatar.com\\\/avatar\\\/3a8de04a2656d44082be478bd6c086daa447c4651605818287b9532d3d0bd435?s=96&d=mm&r=g\",\"caption\":\"Lo viste en Los Pol\u00edticos\"},\"url\":\"https:\\\/\\\/lospoliticosveracruz.com\\\/?author=2\"}]}<\/script>\n<!-- \/ Yoast SEO plugin. -->","yoast_head_json":{"title":"Jornada municipal conmemorativa - Los pol\u00edticos Veracruz","robots":{"index":"index","follow":"follow","max-snippet":"max-snippet:-1","max-image-preview":"max-image-preview:large","max-video-preview":"max-video-preview:-1"},"canonical":"https:\/\/lospoliticosveracruz.com\/?p=15464","og_locale":"es_ES","og_type":"article","og_title":"Jornada municipal conmemorativa - Los pol\u00edticos Veracruz","og_description":"&nbsp; Sheyla Fuentes Lara Mujeres que Saben Lat\u00edn &nbsp; &nbsp; El pasado 8 de marzo se conmemor\u00f3 el D\u00eda Internacional de las Mujeres, fecha en que se recuerda la lucha de un grupo de mujeres obreras en Nueva York y en diversos pa\u00edses para exigir el reconocimiento de sus derechos civiles y laborales. &nbsp; Si [&hellip;]","og_url":"https:\/\/lospoliticosveracruz.com\/?p=15464","og_site_name":"Los pol\u00edticos Veracruz","article_publisher":"https:\/\/www.facebook.com\/people\/Notimemes-de-los-Polticos\/61565672886568\/","article_published_time":"2015-03-24T14:55:24+00:00","og_image":[{"url":"http:\/\/www.lospoliticosveracruz.com.mx\/wp-content\/uploads\/2015\/03\/MUJER-1-720x380-300x158.jpg","type":"","width":"","height":""}],"author":"Lo viste en Los Pol\u00edticos","twitter_card":"summary_large_image","twitter_creator":"@LosPoliticosVer","twitter_site":"@LosPoliticosVer","twitter_misc":{"Escrito por":"Lo viste en Los Pol\u00edticos","Tiempo de lectura":"3 minutos"},"schema":{"@context":"https:\/\/schema.org","@graph":[{"@type":"Article","@id":"https:\/\/lospoliticosveracruz.com\/?p=15464#article","isPartOf":{"@id":"https:\/\/lospoliticosveracruz.com\/?p=15464"},"author":{"name":"Lo viste en Los Pol\u00edticos","@id":"https:\/\/lospoliticosveracruz.com\/#\/schema\/person\/b8702bb0e538456e6efd07080bf2a4a2"},"headline":"Jornada municipal conmemorativa","datePublished":"2015-03-24T14:55:24+00:00","mainEntityOfPage":{"@id":"https:\/\/lospoliticosveracruz.com\/?p=15464"},"wordCount":638,"commentCount":0,"publisher":{"@id":"https:\/\/lospoliticosveracruz.com\/#organization"},"image":{"@id":"https:\/\/lospoliticosveracruz.com\/?p=15464#primaryimage"},"thumbnailUrl":"http:\/\/www.lospoliticosveracruz.com.mx\/wp-content\/uploads\/2015\/03\/MUJER-1-720x380-300x158.jpg","keywords":["Cuardernillo naranja","D\u00eda Internacional de las mujeres","Instituto Municipal de las Mujeres","Jornada conmemorativa","Obreras Nueva York"],"articleSection":["De Opini\u00f3n"],"inLanguage":"es","potentialAction":[{"@type":"CommentAction","name":"Comment","target":["https:\/\/lospoliticosveracruz.com\/?p=15464#respond"]}]},{"@type":"WebPage","@id":"https:\/\/lospoliticosveracruz.com\/?p=15464","url":"https:\/\/lospoliticosveracruz.com\/?p=15464","name":"Jornada municipal conmemorativa - Los pol\u00edticos Veracruz","isPartOf":{"@id":"https:\/\/lospoliticosveracruz.com\/#website"},"primaryImageOfPage":{"@id":"https:\/\/lospoliticosveracruz.com\/?p=15464#primaryimage"},"image":{"@id":"https:\/\/lospoliticosveracruz.com\/?p=15464#primaryimage"},"thumbnailUrl":"http:\/\/www.lospoliticosveracruz.com.mx\/wp-content\/uploads\/2015\/03\/MUJER-1-720x380-300x158.jpg","datePublished":"2015-03-24T14:55:24+00:00","breadcrumb":{"@id":"https:\/\/lospoliticosveracruz.com\/?p=15464#breadcrumb"},"inLanguage":"es","potentialAction":[{"@type":"ReadAction","target":["https:\/\/lospoliticosveracruz.com\/?p=15464"]}]},{"@type":"ImageObject","inLanguage":"es","@id":"https:\/\/lospoliticosveracruz.com\/?p=15464#primaryimage","url":"http:\/\/www.lospoliticosveracruz.com.mx\/wp-content\/uploads\/2015\/03\/MUJER-1-720x380-300x158.jpg","contentUrl":"http:\/\/www.lospoliticosveracruz.com.mx\/wp-content\/uploads\/2015\/03\/MUJER-1-720x380-300x158.jpg"},{"@type":"BreadcrumbList","@id":"https:\/\/lospoliticosveracruz.com\/?p=15464#breadcrumb","itemListElement":[{"@type":"ListItem","position":1,"name":"Portada","item":"https:\/\/lospoliticosveracruz.com\/"},{"@type":"ListItem","position":2,"name":"Jornada municipal conmemorativa"}]},{"@type":"WebSite","@id":"https:\/\/lospoliticosveracruz.com\/#website","url":"https:\/\/lospoliticosveracruz.com\/","name":"Los pol\u00edticos Veracruz","description":"","publisher":{"@id":"https:\/\/lospoliticosveracruz.com\/#organization"},"potentialAction":[{"@type":"SearchAction","target":{"@type":"EntryPoint","urlTemplate":"https:\/\/lospoliticosveracruz.com\/?s={search_term_string}"},"query-input":{"@type":"PropertyValueSpecification","valueRequired":true,"valueName":"search_term_string"}}],"inLanguage":"es"},{"@type":"Organization","@id":"https:\/\/lospoliticosveracruz.com\/#organization","name":"Los pol\u00edticos Veracruz","url":"https:\/\/lospoliticosveracruz.com\/","logo":{"@type":"ImageObject","inLanguage":"es","@id":"https:\/\/lospoliticosveracruz.com\/#\/schema\/logo\/image\/","url":"https:\/\/lospoliticosveracruz.com\/wp-content\/uploads\/2025\/12\/Logo-Nuevo-LOS-POLITICOS-1.jpg","contentUrl":"https:\/\/lospoliticosveracruz.com\/wp-content\/uploads\/2025\/12\/Logo-Nuevo-LOS-POLITICOS-1.jpg","width":260,"height":70,"caption":"Los pol\u00edticos Veracruz"},"image":{"@id":"https:\/\/lospoliticosveracruz.com\/#\/schema\/logo\/image\/"},"sameAs":["https:\/\/www.facebook.com\/people\/Notimemes-de-los-Polticos\/61565672886568\/","https:\/\/x.com\/LosPoliticosVer"]},{"@type":"Person","@id":"https:\/\/lospoliticosveracruz.com\/#\/schema\/person\/b8702bb0e538456e6efd07080bf2a4a2","name":"Lo viste en Los Pol\u00edticos","image":{"@type":"ImageObject","inLanguage":"es","@id":"https:\/\/secure.gravatar.com\/avatar\/3a8de04a2656d44082be478bd6c086daa447c4651605818287b9532d3d0bd435?s=96&d=mm&r=g","url":"https:\/\/secure.gravatar.com\/avatar\/3a8de04a2656d44082be478bd6c086daa447c4651605818287b9532d3d0bd435?s=96&d=mm&r=g","contentUrl":"https:\/\/secure.gravatar.com\/avatar\/3a8de04a2656d44082be478bd6c086daa447c4651605818287b9532d3d0bd435?s=96&d=mm&r=g","caption":"Lo viste en Los Pol\u00edticos"},"url":"https:\/\/lospoliticosveracruz.com\/?author=2"}]}},"_links":{"self":[{"href":"https:\/\/lospoliticosveracruz.com\/index.php?rest_route=\/wp\/v2\/posts\/15464","targetHints":{"allow":["GET"]}}],"collection":[{"href":"https:\/\/lospoliticosveracruz.com\/index.php?rest_route=\/wp\/v2\/posts"}],"about":[{"href":"https:\/\/lospoliticosveracruz.com\/index.php?rest_route=\/wp\/v2\/types\/post"}],"author":[{"embeddable":true,"href":"https:\/\/lospoliticosveracruz.com\/index.php?rest_route=\/wp\/v2\/users\/2"}],"replies":[{"embeddable":true,"href":"https:\/\/lospoliticosveracruz.com\/index.php?rest_route=%2Fwp%2Fv2%2Fcomments&post=15464"}],"version-history":[{"count":1,"href":"https:\/\/lospoliticosveracruz.com\/index.php?rest_route=\/wp\/v2\/posts\/15464\/revisions"}],"predecessor-version":[{"id":15465,"href":"https:\/\/lospoliticosveracruz.com\/index.php?rest_route=\/wp\/v2\/posts\/15464\/revisions\/15465"}],"wp:attachment":[{"href":"https:\/\/lospoliticosveracruz.com\/index.php?rest_route=%2Fwp%2Fv2%2Fmedia&parent=15464"}],"wp:term":[{"taxonomy":"category","embeddable":true,"href":"https:\/\/lospoliticosveracruz.com\/index.php?rest_route=%2Fwp%2Fv2%2Fcategories&post=15464"},{"taxonomy":"post_tag","embeddable":true,"href":"https:\/\/lospoliticosveracruz.com\/index.php?rest_route=%2Fwp%2Fv2%2Ftags&post=15464"}],"curies":[{"name":"wp","href":"https:\/\/api.w.org\/{rel}","templated":true}]}}