{"id":154669,"date":"2025-10-16T14:30:29","date_gmt":"2025-10-16T19:30:29","guid":{"rendered":"https:\/\/lospoliticosveracruz.com.mx\/?p=154669"},"modified":"2025-10-16T14:30:48","modified_gmt":"2025-10-16T19:30:48","slug":"los-che-uluas","status":"publish","type":"post","link":"https:\/\/lospoliticosveracruz.com\/?p=154669","title":{"rendered":"LOS CHE UL\u00daAS"},"content":{"rendered":"\n<p>S\u00edguenos ahora tambi\u00e9n en WhatsApp.\u00a0\u00a1<a href=\"https:\/\/whatsapp.com\/channel\/0029Va8zRWlEKyZIP3Z1dF0e\"><strong>Da clic aqu\u00ed<\/strong><\/a><strong>!<\/strong><\/p>\n\n\n\n<p><\/p>\n\n\n\n<p><strong>Arturo Reyes Gonz\u00e1lez<\/strong><\/p>\n\n\n\n<p><em>Burladero<br><\/em><\/p>\n\n\n\n<p>A toro pasado\u2026 Oiga, lamentable lo sucedido el pasado 09 de octubre, m\u00e1s que lamentable, por decir lo menos, la informaci\u00f3n dada a conocer a trav\u00e9s de distintos medios de comunicaci\u00f3n y redes sociales, donde se constat\u00f3 que el autob\u00fas de los artistas veracruzanos que iban rumbo a Guanajuato fall\u00f3, y de qu\u00e9 manera.<\/p>\n\n\n\n<p>Ahora s\u00ed, como dicen en el puerto jarocho: \u00a1Vaya manera!<\/p>\n\n\n\n\n\n<p>Se\u00f1ora gobernadora, respetuosamente, muy respetuosamente se lo pedimos, ya m\u00e9talos en cintura; \u00bfA qui\u00e9n? Pues a los \u201cservidores\u201d de su gobierno que como le dan problemas y la dejan en mal un d\u00eda s\u00ed y el otro tambi\u00e9n; si no es Chana es Juana\u2026 por favor se\u00f1oras, se\u00f1ores, se\u00f1eres, comp\u00f3rtense a la altura de su jefa.<\/p>\n\n\n\n<p>Pero bueno, lo anterior sirve para algo, y es que ya que hablamos de unidades del bus, transporte, autobuses y business -adem\u00e1s de expresar nuestra solidaridad y reconocimiento a las y los talentosos artistas veracruzanos-, da pie ahora para consultar abiertamente lo siguiente:<\/p>\n\n\n\n<p>Respetuosa, atenta y puntual pregunta a las autoridades del ramo vinculadas a los temas del transporte de pasajeros de la entidad (\u00bfser\u00e1 solo la direcci\u00f3n de transporte?), alguien que nos pudiera orientar sobre el siguiente punto:<\/p>\n\n\n\n<p>\u00bfPor qu\u00e9 siendo los nuevos autobuses Ul\u00faa, s\u00ed, los que est\u00e1n por iniciar operaciones en la zona conurbada Veracruz-Boca del R\u00edo, siendo de origen chino, arribaron a la entidad procedentes\u2026 \u00a1de Argentina!?<\/p>\n\n\n\n<p>\u00bfEh?, \u00bfC\u00f3mo?, \u00bfWhat?.. \u00a1No, no he fumado, se lo prometo, no puedo, mi operaci\u00f3n cerebral y mi religi\u00f3n no me lo permiten!<\/p>\n\n\n\n<p>S\u00ed, as\u00ed como lo lee estimado, fino y caro lector, la noticia -si bien recuerda- fue dada por la propia autoridad estatal, que es el antecedente directo del tema que intento plantear:<\/p>\n\n\n\n<p>\u201c\u2026 La gobernadora de Veracruz, Roc\u00edo Nahle Garc\u00eda, anunci\u00f3 este viernes 9 de mayo de 2025 la firma de un acuerdo con la empresa china Yutong para la adquisici\u00f3n de 102 camiones urbanos h\u00edbridos, destinados al nuevo servicio de transporte p\u00fablico Ul\u00faa en la zona Veracruz-Boca del R\u00edo. Este proyecto, financiado por el Fideicomiso para la Modernizaci\u00f3n del Sistema de Transporte P\u00fablico de Pasajeros, marca un avance en la movilidad sustentable del estado, destac\u00f3\u201d.<\/p>\n\n\n\n<p>Pero, pero, de acuerdo a investigaciones especiales de Burladero, personajes, literal \u201cde poca monta\u201d, estar\u00edan vinculados a estas destacadas transacciones.<\/p>\n\n\n\n<p>\u00bfC\u00f3mo? \u00bfPor qu\u00e9? \u00a1Cha ca cha chan!..<\/p>\n\n\n\n<p>Ah\u00ed le va otro datito.<\/p>\n\n\n\n<p>De acuerdo a lo tambi\u00e9n hecho p\u00fablico en su momento, el Fideicomiso para la Modernizaci\u00f3n del Sistema de Transporte P\u00fablico, creado el 9 de abril de 2025, canaliza los ingresos de la verificaci\u00f3n vehicular para financiar la adquisici\u00f3n de unidades modernas y apoyar a concesionarios con esquemas de pago accesibles\u2026 cada autob\u00fas el\u00e9ctrico de Yutong tiene un precio de entre 6.6 y 7.8 millones de pesos.<\/p>\n\n\n\n<p>\u00bfTendr\u00e1 algo que ver ese dato?<\/p>\n\n\n\n<p>\u00bfHabr\u00e1 gata revolcada o, es decir, habr\u00e1 business de por medio?<\/p>\n\n\n\n<p>\u00bfUsted, usted, c\u00f3mo dec\u00eda el \u201cviejo\u201d (con respeto) presentador televisivo Nino Can\u00fan, usted qu\u00e9 opina?..<\/p>\n\n\n\n<p>Y tambi\u00e9n un se\u00f1or presentador de los domingos, de \u201cTelerisa\u201d, que se llamaba Ra\u00fal Velasco\u2026 a\u00fan hay m\u00e1s\u2026<\/p>\n\n\n\n<p>S\u00edganos para m\u00e1s informaci\u00f3n\u2026 \u00a1\u00a1\u00a1se va a re\u00edr horas!!!<\/p>\n\n\n\n<p>Elizabeth Morales no era la de la camionetota abusiva machuchona<\/p>\n\n\n\n<p>En la anterior entrega dedicamos el texto a una camioneta Suburban de modelo reciente, que abusivamente se abr\u00eda paso en el tr\u00e1fico de la entrada a Xalapa cerca de la SEV.<\/p>\n\n\n\n<p>Bueno, pues se comunic\u00f3 amablemente con Burladero la diputada local Elizabeth Morales Garc\u00eda, s\u00ed, ella, la del Partido del Trabajo (PT), la exalcaldesa de Xalapa por el PRI, para externarnos que no era ella y que por favor lo plante\u00e1ramos a nuestro p\u00fablico lector para que se aclare.<\/p>\n\n\n\n<p>\u201cMe gustar\u00eda que quedara claro que no soy yo. Nunca he tenido o he estado en un auto o camioneta con luces azules y rojas, con torreta. No he burlado la ley de tr\u00e1nsito. No es mi veh\u00edculo, mi chofer ni yo\u2026 no cuento con veh\u00edculo que tenga torretas ni sonido alguno. Que soy s\u00faper respetuosa de la ley de tr\u00e1nsito y cualquier otra. Jam\u00e1s he descendido de un veh\u00edculo con luces rojas y azules\u201d, fue parte de lo narrado.<\/p>\n\n\n\n<p>Y por supuesto le creemos, por lo que hoy lo plasmamos en este espacio. Servida.<\/p>\n","protected":false},"excerpt":{"rendered":"<p>Arturo Reyes Gonz\u00e1lez Burladero A toro pasado\u2026 Oiga, lamentable lo sucedido el pasado 09 de octubre, m\u00e1s que lamentable, por decir lo menos, la informaci\u00f3n dada a conocer a trav\u00e9s de distintos medios de comunicaci\u00f3n y redes sociales, donde se constat\u00f3 que el autob\u00fas de los artistas veracruzanos que iban rumbo a Guanajuato fall\u00f3, y [&hellip;]<\/p>\n","protected":false},"author":2,"featured_media":141375,"comment_status":"closed","ping_status":"closed","sticky":false,"template":"","format":"standard","meta":{"tdm_status":"","tdm_grid_status":"","footnotes":""},"categories":[70],"tags":[],"class_list":{"0":"post-154669","1":"post","2":"type-post","3":"status-publish","4":"format-standard","5":"has-post-thumbnail","7":"category-de-opinion"},"yoast_head":"<!-- This site is optimized with the Yoast SEO plugin v27.4 - https:\/\/yoast.com\/product\/yoast-seo-wordpress\/ -->\n<title>LOS CHE UL\u00daAS - Los pol\u00edticos Veracruz<\/title>\n<meta name=\"robots\" content=\"index, follow, max-snippet:-1, max-image-preview:large, max-video-preview:-1\" \/>\n<link rel=\"canonical\" href=\"https:\/\/lospoliticosveracruz.com\/?p=154669\" \/>\n<meta property=\"og:locale\" content=\"es_ES\" \/>\n<meta property=\"og:type\" content=\"article\" \/>\n<meta property=\"og:title\" content=\"LOS CHE UL\u00daAS - Los pol\u00edticos Veracruz\" \/>\n<meta property=\"og:description\" content=\"Arturo Reyes Gonz\u00e1lez Burladero A toro pasado\u2026 Oiga, lamentable lo sucedido el pasado 09 de octubre, m\u00e1s que lamentable, por decir lo menos, la informaci\u00f3n dada a conocer a trav\u00e9s de distintos medios de comunicaci\u00f3n y redes sociales, donde se constat\u00f3 que el autob\u00fas de los artistas veracruzanos que iban rumbo a Guanajuato fall\u00f3, y [&hellip;]\" \/>\n<meta property=\"og:url\" content=\"https:\/\/lospoliticosveracruz.com\/?p=154669\" \/>\n<meta property=\"og:site_name\" content=\"Los pol\u00edticos Veracruz\" \/>\n<meta property=\"article:publisher\" content=\"https:\/\/www.facebook.com\/people\/Notimemes-de-los-Polticos\/61565672886568\/\" \/>\n<meta property=\"article:published_time\" content=\"2025-10-16T19:30:29+00:00\" \/>\n<meta property=\"article:modified_time\" content=\"2025-10-16T19:30:48+00:00\" \/>\n<meta property=\"og:image\" content=\"https:\/\/lospoliticosveracruz.com\/wp-content\/uploads\/2025\/04\/Arturo-Reyes.jpg\" \/>\n\t<meta property=\"og:image:width\" content=\"1250\" \/>\n\t<meta property=\"og:image:height\" content=\"667\" \/>\n\t<meta property=\"og:image:type\" content=\"image\/jpeg\" \/>\n<meta name=\"author\" content=\"Lo viste en Los Pol\u00edticos\" \/>\n<meta name=\"twitter:card\" content=\"summary_large_image\" \/>\n<meta name=\"twitter:creator\" content=\"@LosPoliticosVer\" \/>\n<meta name=\"twitter:site\" content=\"@LosPoliticosVer\" \/>\n<meta name=\"twitter:label1\" content=\"Escrito por\" \/>\n\t<meta name=\"twitter:data1\" content=\"Lo viste en Los Pol\u00edticos\" \/>\n\t<meta name=\"twitter:label2\" content=\"Tiempo de lectura\" \/>\n\t<meta name=\"twitter:data2\" content=\"4 minutos\" \/>\n<script type=\"application\/ld+json\" class=\"yoast-schema-graph\">{\"@context\":\"https:\\\/\\\/schema.org\",\"@graph\":[{\"@type\":\"Article\",\"@id\":\"https:\\\/\\\/lospoliticosveracruz.com\\\/?p=154669#article\",\"isPartOf\":{\"@id\":\"https:\\\/\\\/lospoliticosveracruz.com\\\/?p=154669\"},\"author\":{\"name\":\"Lo viste en Los Pol\u00edticos\",\"@id\":\"https:\\\/\\\/lospoliticosveracruz.com\\\/#\\\/schema\\\/person\\\/b8702bb0e538456e6efd07080bf2a4a2\"},\"headline\":\"LOS CHE UL\u00daAS\",\"datePublished\":\"2025-10-16T19:30:29+00:00\",\"dateModified\":\"2025-10-16T19:30:48+00:00\",\"mainEntityOfPage\":{\"@id\":\"https:\\\/\\\/lospoliticosveracruz.com\\\/?p=154669\"},\"wordCount\":766,\"publisher\":{\"@id\":\"https:\\\/\\\/lospoliticosveracruz.com\\\/#organization\"},\"image\":{\"@id\":\"https:\\\/\\\/lospoliticosveracruz.com\\\/?p=154669#primaryimage\"},\"thumbnailUrl\":\"https:\\\/\\\/lospoliticosveracruz.com\\\/wp-content\\\/uploads\\\/2025\\\/04\\\/Arturo-Reyes.jpg\",\"articleSection\":[\"De Opini\u00f3n\"],\"inLanguage\":\"es\"},{\"@type\":\"WebPage\",\"@id\":\"https:\\\/\\\/lospoliticosveracruz.com\\\/?p=154669\",\"url\":\"https:\\\/\\\/lospoliticosveracruz.com\\\/?p=154669\",\"name\":\"LOS CHE UL\u00daAS - Los pol\u00edticos Veracruz\",\"isPartOf\":{\"@id\":\"https:\\\/\\\/lospoliticosveracruz.com\\\/#website\"},\"primaryImageOfPage\":{\"@id\":\"https:\\\/\\\/lospoliticosveracruz.com\\\/?p=154669#primaryimage\"},\"image\":{\"@id\":\"https:\\\/\\\/lospoliticosveracruz.com\\\/?p=154669#primaryimage\"},\"thumbnailUrl\":\"https:\\\/\\\/lospoliticosveracruz.com\\\/wp-content\\\/uploads\\\/2025\\\/04\\\/Arturo-Reyes.jpg\",\"datePublished\":\"2025-10-16T19:30:29+00:00\",\"dateModified\":\"2025-10-16T19:30:48+00:00\",\"breadcrumb\":{\"@id\":\"https:\\\/\\\/lospoliticosveracruz.com\\\/?p=154669#breadcrumb\"},\"inLanguage\":\"es\",\"potentialAction\":[{\"@type\":\"ReadAction\",\"target\":[\"https:\\\/\\\/lospoliticosveracruz.com\\\/?p=154669\"]}]},{\"@type\":\"ImageObject\",\"inLanguage\":\"es\",\"@id\":\"https:\\\/\\\/lospoliticosveracruz.com\\\/?p=154669#primaryimage\",\"url\":\"https:\\\/\\\/lospoliticosveracruz.com\\\/wp-content\\\/uploads\\\/2025\\\/04\\\/Arturo-Reyes.jpg\",\"contentUrl\":\"https:\\\/\\\/lospoliticosveracruz.com\\\/wp-content\\\/uploads\\\/2025\\\/04\\\/Arturo-Reyes.jpg\",\"width\":1250,\"height\":667},{\"@type\":\"BreadcrumbList\",\"@id\":\"https:\\\/\\\/lospoliticosveracruz.com\\\/?p=154669#breadcrumb\",\"itemListElement\":[{\"@type\":\"ListItem\",\"position\":1,\"name\":\"Portada\",\"item\":\"https:\\\/\\\/lospoliticosveracruz.com\\\/\"},{\"@type\":\"ListItem\",\"position\":2,\"name\":\"LOS CHE UL\u00daAS\"}]},{\"@type\":\"WebSite\",\"@id\":\"https:\\\/\\\/lospoliticosveracruz.com\\\/#website\",\"url\":\"https:\\\/\\\/lospoliticosveracruz.com\\\/\",\"name\":\"Los pol\u00edticos Veracruz\",\"description\":\"\",\"publisher\":{\"@id\":\"https:\\\/\\\/lospoliticosveracruz.com\\\/#organization\"},\"potentialAction\":[{\"@type\":\"SearchAction\",\"target\":{\"@type\":\"EntryPoint\",\"urlTemplate\":\"https:\\\/\\\/lospoliticosveracruz.com\\\/?s={search_term_string}\"},\"query-input\":{\"@type\":\"PropertyValueSpecification\",\"valueRequired\":true,\"valueName\":\"search_term_string\"}}],\"inLanguage\":\"es\"},{\"@type\":\"Organization\",\"@id\":\"https:\\\/\\\/lospoliticosveracruz.com\\\/#organization\",\"name\":\"Los pol\u00edticos Veracruz\",\"url\":\"https:\\\/\\\/lospoliticosveracruz.com\\\/\",\"logo\":{\"@type\":\"ImageObject\",\"inLanguage\":\"es\",\"@id\":\"https:\\\/\\\/lospoliticosveracruz.com\\\/#\\\/schema\\\/logo\\\/image\\\/\",\"url\":\"https:\\\/\\\/lospoliticosveracruz.com\\\/wp-content\\\/uploads\\\/2025\\\/12\\\/Logo-Nuevo-LOS-POLITICOS-1.jpg\",\"contentUrl\":\"https:\\\/\\\/lospoliticosveracruz.com\\\/wp-content\\\/uploads\\\/2025\\\/12\\\/Logo-Nuevo-LOS-POLITICOS-1.jpg\",\"width\":260,\"height\":70,\"caption\":\"Los pol\u00edticos Veracruz\"},\"image\":{\"@id\":\"https:\\\/\\\/lospoliticosveracruz.com\\\/#\\\/schema\\\/logo\\\/image\\\/\"},\"sameAs\":[\"https:\\\/\\\/www.facebook.com\\\/people\\\/Notimemes-de-los-Polticos\\\/61565672886568\\\/\",\"https:\\\/\\\/x.com\\\/LosPoliticosVer\"]},{\"@type\":\"Person\",\"@id\":\"https:\\\/\\\/lospoliticosveracruz.com\\\/#\\\/schema\\\/person\\\/b8702bb0e538456e6efd07080bf2a4a2\",\"name\":\"Lo viste en Los Pol\u00edticos\",\"image\":{\"@type\":\"ImageObject\",\"inLanguage\":\"es\",\"@id\":\"https:\\\/\\\/secure.gravatar.com\\\/avatar\\\/3a8de04a2656d44082be478bd6c086daa447c4651605818287b9532d3d0bd435?s=96&d=mm&r=g\",\"url\":\"https:\\\/\\\/secure.gravatar.com\\\/avatar\\\/3a8de04a2656d44082be478bd6c086daa447c4651605818287b9532d3d0bd435?s=96&d=mm&r=g\",\"contentUrl\":\"https:\\\/\\\/secure.gravatar.com\\\/avatar\\\/3a8de04a2656d44082be478bd6c086daa447c4651605818287b9532d3d0bd435?s=96&d=mm&r=g\",\"caption\":\"Lo viste en Los Pol\u00edticos\"},\"url\":\"https:\\\/\\\/lospoliticosveracruz.com\\\/?author=2\"}]}<\/script>\n<!-- \/ Yoast SEO plugin. -->","yoast_head_json":{"title":"LOS CHE UL\u00daAS - Los pol\u00edticos Veracruz","robots":{"index":"index","follow":"follow","max-snippet":"max-snippet:-1","max-image-preview":"max-image-preview:large","max-video-preview":"max-video-preview:-1"},"canonical":"https:\/\/lospoliticosveracruz.com\/?p=154669","og_locale":"es_ES","og_type":"article","og_title":"LOS CHE UL\u00daAS - Los pol\u00edticos Veracruz","og_description":"Arturo Reyes Gonz\u00e1lez Burladero A toro pasado\u2026 Oiga, lamentable lo sucedido el pasado 09 de octubre, m\u00e1s que lamentable, por decir lo menos, la informaci\u00f3n dada a conocer a trav\u00e9s de distintos medios de comunicaci\u00f3n y redes sociales, donde se constat\u00f3 que el autob\u00fas de los artistas veracruzanos que iban rumbo a Guanajuato fall\u00f3, y [&hellip;]","og_url":"https:\/\/lospoliticosveracruz.com\/?p=154669","og_site_name":"Los pol\u00edticos Veracruz","article_publisher":"https:\/\/www.facebook.com\/people\/Notimemes-de-los-Polticos\/61565672886568\/","article_published_time":"2025-10-16T19:30:29+00:00","article_modified_time":"2025-10-16T19:30:48+00:00","og_image":[{"width":1250,"height":667,"url":"https:\/\/lospoliticosveracruz.com\/wp-content\/uploads\/2025\/04\/Arturo-Reyes.jpg","type":"image\/jpeg"}],"author":"Lo viste en Los Pol\u00edticos","twitter_card":"summary_large_image","twitter_creator":"@LosPoliticosVer","twitter_site":"@LosPoliticosVer","twitter_misc":{"Escrito por":"Lo viste en Los Pol\u00edticos","Tiempo de lectura":"4 minutos"},"schema":{"@context":"https:\/\/schema.org","@graph":[{"@type":"Article","@id":"https:\/\/lospoliticosveracruz.com\/?p=154669#article","isPartOf":{"@id":"https:\/\/lospoliticosveracruz.com\/?p=154669"},"author":{"name":"Lo viste en Los Pol\u00edticos","@id":"https:\/\/lospoliticosveracruz.com\/#\/schema\/person\/b8702bb0e538456e6efd07080bf2a4a2"},"headline":"LOS CHE UL\u00daAS","datePublished":"2025-10-16T19:30:29+00:00","dateModified":"2025-10-16T19:30:48+00:00","mainEntityOfPage":{"@id":"https:\/\/lospoliticosveracruz.com\/?p=154669"},"wordCount":766,"publisher":{"@id":"https:\/\/lospoliticosveracruz.com\/#organization"},"image":{"@id":"https:\/\/lospoliticosveracruz.com\/?p=154669#primaryimage"},"thumbnailUrl":"https:\/\/lospoliticosveracruz.com\/wp-content\/uploads\/2025\/04\/Arturo-Reyes.jpg","articleSection":["De Opini\u00f3n"],"inLanguage":"es"},{"@type":"WebPage","@id":"https:\/\/lospoliticosveracruz.com\/?p=154669","url":"https:\/\/lospoliticosveracruz.com\/?p=154669","name":"LOS CHE UL\u00daAS - Los pol\u00edticos Veracruz","isPartOf":{"@id":"https:\/\/lospoliticosveracruz.com\/#website"},"primaryImageOfPage":{"@id":"https:\/\/lospoliticosveracruz.com\/?p=154669#primaryimage"},"image":{"@id":"https:\/\/lospoliticosveracruz.com\/?p=154669#primaryimage"},"thumbnailUrl":"https:\/\/lospoliticosveracruz.com\/wp-content\/uploads\/2025\/04\/Arturo-Reyes.jpg","datePublished":"2025-10-16T19:30:29+00:00","dateModified":"2025-10-16T19:30:48+00:00","breadcrumb":{"@id":"https:\/\/lospoliticosveracruz.com\/?p=154669#breadcrumb"},"inLanguage":"es","potentialAction":[{"@type":"ReadAction","target":["https:\/\/lospoliticosveracruz.com\/?p=154669"]}]},{"@type":"ImageObject","inLanguage":"es","@id":"https:\/\/lospoliticosveracruz.com\/?p=154669#primaryimage","url":"https:\/\/lospoliticosveracruz.com\/wp-content\/uploads\/2025\/04\/Arturo-Reyes.jpg","contentUrl":"https:\/\/lospoliticosveracruz.com\/wp-content\/uploads\/2025\/04\/Arturo-Reyes.jpg","width":1250,"height":667},{"@type":"BreadcrumbList","@id":"https:\/\/lospoliticosveracruz.com\/?p=154669#breadcrumb","itemListElement":[{"@type":"ListItem","position":1,"name":"Portada","item":"https:\/\/lospoliticosveracruz.com\/"},{"@type":"ListItem","position":2,"name":"LOS CHE UL\u00daAS"}]},{"@type":"WebSite","@id":"https:\/\/lospoliticosveracruz.com\/#website","url":"https:\/\/lospoliticosveracruz.com\/","name":"Los pol\u00edticos Veracruz","description":"","publisher":{"@id":"https:\/\/lospoliticosveracruz.com\/#organization"},"potentialAction":[{"@type":"SearchAction","target":{"@type":"EntryPoint","urlTemplate":"https:\/\/lospoliticosveracruz.com\/?s={search_term_string}"},"query-input":{"@type":"PropertyValueSpecification","valueRequired":true,"valueName":"search_term_string"}}],"inLanguage":"es"},{"@type":"Organization","@id":"https:\/\/lospoliticosveracruz.com\/#organization","name":"Los pol\u00edticos Veracruz","url":"https:\/\/lospoliticosveracruz.com\/","logo":{"@type":"ImageObject","inLanguage":"es","@id":"https:\/\/lospoliticosveracruz.com\/#\/schema\/logo\/image\/","url":"https:\/\/lospoliticosveracruz.com\/wp-content\/uploads\/2025\/12\/Logo-Nuevo-LOS-POLITICOS-1.jpg","contentUrl":"https:\/\/lospoliticosveracruz.com\/wp-content\/uploads\/2025\/12\/Logo-Nuevo-LOS-POLITICOS-1.jpg","width":260,"height":70,"caption":"Los pol\u00edticos Veracruz"},"image":{"@id":"https:\/\/lospoliticosveracruz.com\/#\/schema\/logo\/image\/"},"sameAs":["https:\/\/www.facebook.com\/people\/Notimemes-de-los-Polticos\/61565672886568\/","https:\/\/x.com\/LosPoliticosVer"]},{"@type":"Person","@id":"https:\/\/lospoliticosveracruz.com\/#\/schema\/person\/b8702bb0e538456e6efd07080bf2a4a2","name":"Lo viste en Los Pol\u00edticos","image":{"@type":"ImageObject","inLanguage":"es","@id":"https:\/\/secure.gravatar.com\/avatar\/3a8de04a2656d44082be478bd6c086daa447c4651605818287b9532d3d0bd435?s=96&d=mm&r=g","url":"https:\/\/secure.gravatar.com\/avatar\/3a8de04a2656d44082be478bd6c086daa447c4651605818287b9532d3d0bd435?s=96&d=mm&r=g","contentUrl":"https:\/\/secure.gravatar.com\/avatar\/3a8de04a2656d44082be478bd6c086daa447c4651605818287b9532d3d0bd435?s=96&d=mm&r=g","caption":"Lo viste en Los Pol\u00edticos"},"url":"https:\/\/lospoliticosveracruz.com\/?author=2"}]}},"_links":{"self":[{"href":"https:\/\/lospoliticosveracruz.com\/index.php?rest_route=\/wp\/v2\/posts\/154669","targetHints":{"allow":["GET"]}}],"collection":[{"href":"https:\/\/lospoliticosveracruz.com\/index.php?rest_route=\/wp\/v2\/posts"}],"about":[{"href":"https:\/\/lospoliticosveracruz.com\/index.php?rest_route=\/wp\/v2\/types\/post"}],"author":[{"embeddable":true,"href":"https:\/\/lospoliticosveracruz.com\/index.php?rest_route=\/wp\/v2\/users\/2"}],"replies":[{"embeddable":true,"href":"https:\/\/lospoliticosveracruz.com\/index.php?rest_route=%2Fwp%2Fv2%2Fcomments&post=154669"}],"version-history":[{"count":1,"href":"https:\/\/lospoliticosveracruz.com\/index.php?rest_route=\/wp\/v2\/posts\/154669\/revisions"}],"predecessor-version":[{"id":154670,"href":"https:\/\/lospoliticosveracruz.com\/index.php?rest_route=\/wp\/v2\/posts\/154669\/revisions\/154670"}],"wp:featuredmedia":[{"embeddable":true,"href":"https:\/\/lospoliticosveracruz.com\/index.php?rest_route=\/wp\/v2\/media\/141375"}],"wp:attachment":[{"href":"https:\/\/lospoliticosveracruz.com\/index.php?rest_route=%2Fwp%2Fv2%2Fmedia&parent=154669"}],"wp:term":[{"taxonomy":"category","embeddable":true,"href":"https:\/\/lospoliticosveracruz.com\/index.php?rest_route=%2Fwp%2Fv2%2Fcategories&post=154669"},{"taxonomy":"post_tag","embeddable":true,"href":"https:\/\/lospoliticosveracruz.com\/index.php?rest_route=%2Fwp%2Fv2%2Ftags&post=154669"}],"curies":[{"name":"wp","href":"https:\/\/api.w.org\/{rel}","templated":true}]}}