{"id":154671,"date":"2025-10-16T15:13:01","date_gmt":"2025-10-16T20:13:01","guid":{"rendered":"https:\/\/lospoliticosveracruz.com.mx\/?p=154671"},"modified":"2025-10-16T15:13:20","modified_gmt":"2025-10-16T20:13:20","slug":"un-desafio-ambiental-y-social","status":"publish","type":"post","link":"https:\/\/lospoliticosveracruz.com\/?p=154671","title":{"rendered":"UN DESAF\u00cdO AMBIENTAL Y SOCIAL"},"content":{"rendered":"\n<p>S\u00edguenos ahora tambi\u00e9n en WhatsApp.\u00a0\u00a1<a href=\"https:\/\/whatsapp.com\/channel\/0029Va8zRWlEKyZIP3Z1dF0e\"><strong>Da clic aqu\u00ed<\/strong><\/a><strong>!<\/strong><\/p>\n\n\n\n<p><strong>Mara Iliana Cruz Pastrana<\/strong><\/p>\n\n\n\n<p>La zona norte de nuestro Estado es una zona rica en recursos naturales y biodiversidad que hoy enfrenta uno de los desaf\u00edos m\u00e1s significativos de nuestro tiempo. Este fen\u00f3meno global causado principalmente por la acumulaci\u00f3n de gases de efecto invernadero en la atm\u00f3sfera que est\u00e1 alterando los patrones clim\u00e1ticos y teniendo un impacto devastador en la regi\u00f3n huasteca de Veracruz.<\/p>\n\n\n\n\n\n<p>El cambio clim\u00e1tico es un tema complejo que involucra diversos y m\u00faltiples factores que incluyen la quema de combustibles f\u00f3siles, la degradaci\u00f3n ambiental y la deforestaci\u00f3n. En Veracruz, el cambio clim\u00e1tico se manifiesta en forma de lluvias intensas, en sequ\u00edas y aumento en el nivel del mar, lo cual afecta la vida de las personas y la econom\u00eda local.<\/p>\n\n\n\n<p>La zona norte de Veracruz se ha visto afectada recientemente por lluvias intensas que han causado deslaves e inundaciones en varios municipios y comunidades sensibles. De acuerdo con informes de autoridades, han sido afectados m\u00e1s de 5 mil hogares, cantidad que desde mi percepci\u00f3n es muy superior. Las im\u00e1genes de Poza Rica sumergida en un r\u00edo de lodo y de \u00c1lamo convertido en una laguna son un claro ejemplo del impacto devastador de este fen\u00f3meno que hemos ignorado.<\/p>\n\n\n\n<p>El cambio clim\u00e1tico tiene consecuencias por dem\u00e1s significativas para la poblaci\u00f3n y la econom\u00eda de la Huasteca y la zona Totonaca. La agricultura, una de las principales actividades econ\u00f3micas de la regi\u00f3n, se ve afectada por la variabilidad clim\u00e1tica y puede llevar a p\u00e9rdidas de cosechas y disminuci\u00f3n de la producci\u00f3n. Adem\u00e1s, la pesca, otra actividad preponderante de la zona se ve afectada por la acidificaci\u00f3n de los oc\u00e9anos y la contaminaci\u00f3n de los ecosistemas marinos y sus afluentes.<\/p>\n\n\n\n<p>Para enfrentar este cambio es fundamental implementar estrategias de mitigaci\u00f3n inmediatas y de adaptaci\u00f3n de los ecosistemas. La adaptaci\u00f3n implica reducir la vulnerabilidad de las comunidades y los efectos en los ecosistemas, mientras que la mitigaci\u00f3n implica reducir las emisiones de gases de efecto invernadero y promover pr\u00e1cticas sostenibles.<\/p>\n\n\n\n<p>Es necesario que en Veracruz se implementen varias acciones para enfrentar estos cambios, que las autoridades encabecen esfuerzos para fortalecer la resiliencia comunitaria de manera emp\u00e1tica y asegurar el desarrollo sustentable. El Consejo Estatal para la Mitigaci\u00f3n y Adaptaci\u00f3n ante los Efectos del Cambio Clim\u00e1tico debe poner manos a la obra de manera inmediata, implementando estrategias correctas en todas las regiones del Estado y no esperar a que llegue otra situaci\u00f3n de emergencia que conlleve a p\u00e9rdidas humanas, no importa el n\u00famero de ellas.<\/p>\n\n\n\n<p>El cambio clim\u00e1tico representa un desaf\u00edo para la zona norte de Veracruz y debe ser una oportunidad para promover pr\u00e1cticas sostenibles que eviten otra tragedia; sociedad y autoridades debemos trabajar juntos para implementar las medidas necesarias. La Universidad Veracruzana tiene especialistas en ciencias de la atm\u00f3sfera que pueden actuar de manera precisa y darnos la pauta que gu\u00ede nuestro actuar.<\/p>\n\n\n\n<p>El cambio clim\u00e1tico es un desaf\u00edo global que requiere acciones inmediatas y colectivas, es hora de poner manos a la obra para reducir nuestra huella devastadora y proteger al planeta para generaciones futuras.<\/p>\n","protected":false},"excerpt":{"rendered":"<p>Mara Iliana Cruz Pastrana La zona norte de nuestro Estado es una zona rica en recursos naturales y biodiversidad que hoy enfrenta uno de los desaf\u00edos m\u00e1s significativos de nuestro tiempo. Este fen\u00f3meno global causado principalmente por la acumulaci\u00f3n de gases de efecto invernadero en la atm\u00f3sfera que est\u00e1 alterando los patrones clim\u00e1ticos y teniendo [&hellip;]<\/p>\n","protected":false},"author":2,"featured_media":141401,"comment_status":"closed","ping_status":"closed","sticky":false,"template":"","format":"standard","meta":{"tdm_status":"","tdm_grid_status":"","footnotes":""},"categories":[70],"tags":[],"class_list":{"0":"post-154671","1":"post","2":"type-post","3":"status-publish","4":"format-standard","5":"has-post-thumbnail","7":"category-de-opinion"},"yoast_head":"<!-- This site is optimized with the Yoast SEO plugin v27.4 - https:\/\/yoast.com\/product\/yoast-seo-wordpress\/ -->\n<title>UN DESAF\u00cdO AMBIENTAL Y SOCIAL - Los pol\u00edticos Veracruz<\/title>\n<meta name=\"robots\" content=\"index, follow, max-snippet:-1, max-image-preview:large, max-video-preview:-1\" \/>\n<link rel=\"canonical\" href=\"https:\/\/lospoliticosveracruz.com\/?p=154671\" \/>\n<meta property=\"og:locale\" content=\"es_ES\" \/>\n<meta property=\"og:type\" content=\"article\" \/>\n<meta property=\"og:title\" content=\"UN DESAF\u00cdO AMBIENTAL Y SOCIAL - Los pol\u00edticos Veracruz\" \/>\n<meta property=\"og:description\" content=\"Mara Iliana Cruz Pastrana La zona norte de nuestro Estado es una zona rica en recursos naturales y biodiversidad que hoy enfrenta uno de los desaf\u00edos m\u00e1s significativos de nuestro tiempo. Este fen\u00f3meno global causado principalmente por la acumulaci\u00f3n de gases de efecto invernadero en la atm\u00f3sfera que est\u00e1 alterando los patrones clim\u00e1ticos y teniendo [&hellip;]\" \/>\n<meta property=\"og:url\" content=\"https:\/\/lospoliticosveracruz.com\/?p=154671\" \/>\n<meta property=\"og:site_name\" content=\"Los pol\u00edticos Veracruz\" \/>\n<meta property=\"article:publisher\" content=\"https:\/\/www.facebook.com\/people\/Notimemes-de-los-Polticos\/61565672886568\/\" \/>\n<meta property=\"article:published_time\" content=\"2025-10-16T20:13:01+00:00\" \/>\n<meta property=\"article:modified_time\" content=\"2025-10-16T20:13:20+00:00\" \/>\n<meta property=\"og:image\" content=\"https:\/\/lospoliticosveracruz.com\/wp-content\/uploads\/2025\/04\/Mara-Cruz-Pastrana.jpg\" \/>\n\t<meta property=\"og:image:width\" content=\"1250\" \/>\n\t<meta property=\"og:image:height\" content=\"667\" \/>\n\t<meta property=\"og:image:type\" content=\"image\/jpeg\" \/>\n<meta name=\"author\" content=\"Lo viste en Los Pol\u00edticos\" \/>\n<meta name=\"twitter:card\" content=\"summary_large_image\" \/>\n<meta name=\"twitter:creator\" content=\"@LosPoliticosVer\" \/>\n<meta name=\"twitter:site\" content=\"@LosPoliticosVer\" \/>\n<meta name=\"twitter:label1\" content=\"Escrito por\" \/>\n\t<meta name=\"twitter:data1\" content=\"Lo viste en Los Pol\u00edticos\" \/>\n\t<meta name=\"twitter:label2\" content=\"Tiempo de lectura\" \/>\n\t<meta name=\"twitter:data2\" content=\"3 minutos\" \/>\n<script type=\"application\/ld+json\" class=\"yoast-schema-graph\">{\"@context\":\"https:\\\/\\\/schema.org\",\"@graph\":[{\"@type\":\"Article\",\"@id\":\"https:\\\/\\\/lospoliticosveracruz.com\\\/?p=154671#article\",\"isPartOf\":{\"@id\":\"https:\\\/\\\/lospoliticosveracruz.com\\\/?p=154671\"},\"author\":{\"name\":\"Lo viste en Los Pol\u00edticos\",\"@id\":\"https:\\\/\\\/lospoliticosveracruz.com\\\/#\\\/schema\\\/person\\\/b8702bb0e538456e6efd07080bf2a4a2\"},\"headline\":\"UN DESAF\u00cdO AMBIENTAL Y SOCIAL\",\"datePublished\":\"2025-10-16T20:13:01+00:00\",\"dateModified\":\"2025-10-16T20:13:20+00:00\",\"mainEntityOfPage\":{\"@id\":\"https:\\\/\\\/lospoliticosveracruz.com\\\/?p=154671\"},\"wordCount\":564,\"publisher\":{\"@id\":\"https:\\\/\\\/lospoliticosveracruz.com\\\/#organization\"},\"image\":{\"@id\":\"https:\\\/\\\/lospoliticosveracruz.com\\\/?p=154671#primaryimage\"},\"thumbnailUrl\":\"https:\\\/\\\/lospoliticosveracruz.com\\\/wp-content\\\/uploads\\\/2025\\\/04\\\/Mara-Cruz-Pastrana.jpg\",\"articleSection\":[\"De Opini\u00f3n\"],\"inLanguage\":\"es\"},{\"@type\":\"WebPage\",\"@id\":\"https:\\\/\\\/lospoliticosveracruz.com\\\/?p=154671\",\"url\":\"https:\\\/\\\/lospoliticosveracruz.com\\\/?p=154671\",\"name\":\"UN DESAF\u00cdO AMBIENTAL Y SOCIAL - Los pol\u00edticos Veracruz\",\"isPartOf\":{\"@id\":\"https:\\\/\\\/lospoliticosveracruz.com\\\/#website\"},\"primaryImageOfPage\":{\"@id\":\"https:\\\/\\\/lospoliticosveracruz.com\\\/?p=154671#primaryimage\"},\"image\":{\"@id\":\"https:\\\/\\\/lospoliticosveracruz.com\\\/?p=154671#primaryimage\"},\"thumbnailUrl\":\"https:\\\/\\\/lospoliticosveracruz.com\\\/wp-content\\\/uploads\\\/2025\\\/04\\\/Mara-Cruz-Pastrana.jpg\",\"datePublished\":\"2025-10-16T20:13:01+00:00\",\"dateModified\":\"2025-10-16T20:13:20+00:00\",\"breadcrumb\":{\"@id\":\"https:\\\/\\\/lospoliticosveracruz.com\\\/?p=154671#breadcrumb\"},\"inLanguage\":\"es\",\"potentialAction\":[{\"@type\":\"ReadAction\",\"target\":[\"https:\\\/\\\/lospoliticosveracruz.com\\\/?p=154671\"]}]},{\"@type\":\"ImageObject\",\"inLanguage\":\"es\",\"@id\":\"https:\\\/\\\/lospoliticosveracruz.com\\\/?p=154671#primaryimage\",\"url\":\"https:\\\/\\\/lospoliticosveracruz.com\\\/wp-content\\\/uploads\\\/2025\\\/04\\\/Mara-Cruz-Pastrana.jpg\",\"contentUrl\":\"https:\\\/\\\/lospoliticosveracruz.com\\\/wp-content\\\/uploads\\\/2025\\\/04\\\/Mara-Cruz-Pastrana.jpg\",\"width\":1250,\"height\":667},{\"@type\":\"BreadcrumbList\",\"@id\":\"https:\\\/\\\/lospoliticosveracruz.com\\\/?p=154671#breadcrumb\",\"itemListElement\":[{\"@type\":\"ListItem\",\"position\":1,\"name\":\"Portada\",\"item\":\"https:\\\/\\\/lospoliticosveracruz.com\\\/\"},{\"@type\":\"ListItem\",\"position\":2,\"name\":\"UN DESAF\u00cdO AMBIENTAL Y SOCIAL\"}]},{\"@type\":\"WebSite\",\"@id\":\"https:\\\/\\\/lospoliticosveracruz.com\\\/#website\",\"url\":\"https:\\\/\\\/lospoliticosveracruz.com\\\/\",\"name\":\"Los pol\u00edticos Veracruz\",\"description\":\"\",\"publisher\":{\"@id\":\"https:\\\/\\\/lospoliticosveracruz.com\\\/#organization\"},\"potentialAction\":[{\"@type\":\"SearchAction\",\"target\":{\"@type\":\"EntryPoint\",\"urlTemplate\":\"https:\\\/\\\/lospoliticosveracruz.com\\\/?s={search_term_string}\"},\"query-input\":{\"@type\":\"PropertyValueSpecification\",\"valueRequired\":true,\"valueName\":\"search_term_string\"}}],\"inLanguage\":\"es\"},{\"@type\":\"Organization\",\"@id\":\"https:\\\/\\\/lospoliticosveracruz.com\\\/#organization\",\"name\":\"Los pol\u00edticos Veracruz\",\"url\":\"https:\\\/\\\/lospoliticosveracruz.com\\\/\",\"logo\":{\"@type\":\"ImageObject\",\"inLanguage\":\"es\",\"@id\":\"https:\\\/\\\/lospoliticosveracruz.com\\\/#\\\/schema\\\/logo\\\/image\\\/\",\"url\":\"https:\\\/\\\/lospoliticosveracruz.com\\\/wp-content\\\/uploads\\\/2025\\\/12\\\/Logo-Nuevo-LOS-POLITICOS-1.jpg\",\"contentUrl\":\"https:\\\/\\\/lospoliticosveracruz.com\\\/wp-content\\\/uploads\\\/2025\\\/12\\\/Logo-Nuevo-LOS-POLITICOS-1.jpg\",\"width\":260,\"height\":70,\"caption\":\"Los pol\u00edticos Veracruz\"},\"image\":{\"@id\":\"https:\\\/\\\/lospoliticosveracruz.com\\\/#\\\/schema\\\/logo\\\/image\\\/\"},\"sameAs\":[\"https:\\\/\\\/www.facebook.com\\\/people\\\/Notimemes-de-los-Polticos\\\/61565672886568\\\/\",\"https:\\\/\\\/x.com\\\/LosPoliticosVer\"]},{\"@type\":\"Person\",\"@id\":\"https:\\\/\\\/lospoliticosveracruz.com\\\/#\\\/schema\\\/person\\\/b8702bb0e538456e6efd07080bf2a4a2\",\"name\":\"Lo viste en Los Pol\u00edticos\",\"image\":{\"@type\":\"ImageObject\",\"inLanguage\":\"es\",\"@id\":\"https:\\\/\\\/secure.gravatar.com\\\/avatar\\\/3a8de04a2656d44082be478bd6c086daa447c4651605818287b9532d3d0bd435?s=96&d=mm&r=g\",\"url\":\"https:\\\/\\\/secure.gravatar.com\\\/avatar\\\/3a8de04a2656d44082be478bd6c086daa447c4651605818287b9532d3d0bd435?s=96&d=mm&r=g\",\"contentUrl\":\"https:\\\/\\\/secure.gravatar.com\\\/avatar\\\/3a8de04a2656d44082be478bd6c086daa447c4651605818287b9532d3d0bd435?s=96&d=mm&r=g\",\"caption\":\"Lo viste en Los Pol\u00edticos\"},\"url\":\"https:\\\/\\\/lospoliticosveracruz.com\\\/?author=2\"}]}<\/script>\n<!-- \/ Yoast SEO plugin. -->","yoast_head_json":{"title":"UN DESAF\u00cdO AMBIENTAL Y SOCIAL - Los pol\u00edticos Veracruz","robots":{"index":"index","follow":"follow","max-snippet":"max-snippet:-1","max-image-preview":"max-image-preview:large","max-video-preview":"max-video-preview:-1"},"canonical":"https:\/\/lospoliticosveracruz.com\/?p=154671","og_locale":"es_ES","og_type":"article","og_title":"UN DESAF\u00cdO AMBIENTAL Y SOCIAL - Los pol\u00edticos Veracruz","og_description":"Mara Iliana Cruz Pastrana La zona norte de nuestro Estado es una zona rica en recursos naturales y biodiversidad que hoy enfrenta uno de los desaf\u00edos m\u00e1s significativos de nuestro tiempo. Este fen\u00f3meno global causado principalmente por la acumulaci\u00f3n de gases de efecto invernadero en la atm\u00f3sfera que est\u00e1 alterando los patrones clim\u00e1ticos y teniendo [&hellip;]","og_url":"https:\/\/lospoliticosveracruz.com\/?p=154671","og_site_name":"Los pol\u00edticos Veracruz","article_publisher":"https:\/\/www.facebook.com\/people\/Notimemes-de-los-Polticos\/61565672886568\/","article_published_time":"2025-10-16T20:13:01+00:00","article_modified_time":"2025-10-16T20:13:20+00:00","og_image":[{"width":1250,"height":667,"url":"https:\/\/lospoliticosveracruz.com\/wp-content\/uploads\/2025\/04\/Mara-Cruz-Pastrana.jpg","type":"image\/jpeg"}],"author":"Lo viste en Los Pol\u00edticos","twitter_card":"summary_large_image","twitter_creator":"@LosPoliticosVer","twitter_site":"@LosPoliticosVer","twitter_misc":{"Escrito por":"Lo viste en Los Pol\u00edticos","Tiempo de lectura":"3 minutos"},"schema":{"@context":"https:\/\/schema.org","@graph":[{"@type":"Article","@id":"https:\/\/lospoliticosveracruz.com\/?p=154671#article","isPartOf":{"@id":"https:\/\/lospoliticosveracruz.com\/?p=154671"},"author":{"name":"Lo viste en Los Pol\u00edticos","@id":"https:\/\/lospoliticosveracruz.com\/#\/schema\/person\/b8702bb0e538456e6efd07080bf2a4a2"},"headline":"UN DESAF\u00cdO AMBIENTAL Y SOCIAL","datePublished":"2025-10-16T20:13:01+00:00","dateModified":"2025-10-16T20:13:20+00:00","mainEntityOfPage":{"@id":"https:\/\/lospoliticosveracruz.com\/?p=154671"},"wordCount":564,"publisher":{"@id":"https:\/\/lospoliticosveracruz.com\/#organization"},"image":{"@id":"https:\/\/lospoliticosveracruz.com\/?p=154671#primaryimage"},"thumbnailUrl":"https:\/\/lospoliticosveracruz.com\/wp-content\/uploads\/2025\/04\/Mara-Cruz-Pastrana.jpg","articleSection":["De Opini\u00f3n"],"inLanguage":"es"},{"@type":"WebPage","@id":"https:\/\/lospoliticosveracruz.com\/?p=154671","url":"https:\/\/lospoliticosveracruz.com\/?p=154671","name":"UN DESAF\u00cdO AMBIENTAL Y SOCIAL - Los pol\u00edticos Veracruz","isPartOf":{"@id":"https:\/\/lospoliticosveracruz.com\/#website"},"primaryImageOfPage":{"@id":"https:\/\/lospoliticosveracruz.com\/?p=154671#primaryimage"},"image":{"@id":"https:\/\/lospoliticosveracruz.com\/?p=154671#primaryimage"},"thumbnailUrl":"https:\/\/lospoliticosveracruz.com\/wp-content\/uploads\/2025\/04\/Mara-Cruz-Pastrana.jpg","datePublished":"2025-10-16T20:13:01+00:00","dateModified":"2025-10-16T20:13:20+00:00","breadcrumb":{"@id":"https:\/\/lospoliticosveracruz.com\/?p=154671#breadcrumb"},"inLanguage":"es","potentialAction":[{"@type":"ReadAction","target":["https:\/\/lospoliticosveracruz.com\/?p=154671"]}]},{"@type":"ImageObject","inLanguage":"es","@id":"https:\/\/lospoliticosveracruz.com\/?p=154671#primaryimage","url":"https:\/\/lospoliticosveracruz.com\/wp-content\/uploads\/2025\/04\/Mara-Cruz-Pastrana.jpg","contentUrl":"https:\/\/lospoliticosveracruz.com\/wp-content\/uploads\/2025\/04\/Mara-Cruz-Pastrana.jpg","width":1250,"height":667},{"@type":"BreadcrumbList","@id":"https:\/\/lospoliticosveracruz.com\/?p=154671#breadcrumb","itemListElement":[{"@type":"ListItem","position":1,"name":"Portada","item":"https:\/\/lospoliticosveracruz.com\/"},{"@type":"ListItem","position":2,"name":"UN DESAF\u00cdO AMBIENTAL Y SOCIAL"}]},{"@type":"WebSite","@id":"https:\/\/lospoliticosveracruz.com\/#website","url":"https:\/\/lospoliticosveracruz.com\/","name":"Los pol\u00edticos Veracruz","description":"","publisher":{"@id":"https:\/\/lospoliticosveracruz.com\/#organization"},"potentialAction":[{"@type":"SearchAction","target":{"@type":"EntryPoint","urlTemplate":"https:\/\/lospoliticosveracruz.com\/?s={search_term_string}"},"query-input":{"@type":"PropertyValueSpecification","valueRequired":true,"valueName":"search_term_string"}}],"inLanguage":"es"},{"@type":"Organization","@id":"https:\/\/lospoliticosveracruz.com\/#organization","name":"Los pol\u00edticos Veracruz","url":"https:\/\/lospoliticosveracruz.com\/","logo":{"@type":"ImageObject","inLanguage":"es","@id":"https:\/\/lospoliticosveracruz.com\/#\/schema\/logo\/image\/","url":"https:\/\/lospoliticosveracruz.com\/wp-content\/uploads\/2025\/12\/Logo-Nuevo-LOS-POLITICOS-1.jpg","contentUrl":"https:\/\/lospoliticosveracruz.com\/wp-content\/uploads\/2025\/12\/Logo-Nuevo-LOS-POLITICOS-1.jpg","width":260,"height":70,"caption":"Los pol\u00edticos Veracruz"},"image":{"@id":"https:\/\/lospoliticosveracruz.com\/#\/schema\/logo\/image\/"},"sameAs":["https:\/\/www.facebook.com\/people\/Notimemes-de-los-Polticos\/61565672886568\/","https:\/\/x.com\/LosPoliticosVer"]},{"@type":"Person","@id":"https:\/\/lospoliticosveracruz.com\/#\/schema\/person\/b8702bb0e538456e6efd07080bf2a4a2","name":"Lo viste en Los Pol\u00edticos","image":{"@type":"ImageObject","inLanguage":"es","@id":"https:\/\/secure.gravatar.com\/avatar\/3a8de04a2656d44082be478bd6c086daa447c4651605818287b9532d3d0bd435?s=96&d=mm&r=g","url":"https:\/\/secure.gravatar.com\/avatar\/3a8de04a2656d44082be478bd6c086daa447c4651605818287b9532d3d0bd435?s=96&d=mm&r=g","contentUrl":"https:\/\/secure.gravatar.com\/avatar\/3a8de04a2656d44082be478bd6c086daa447c4651605818287b9532d3d0bd435?s=96&d=mm&r=g","caption":"Lo viste en Los Pol\u00edticos"},"url":"https:\/\/lospoliticosveracruz.com\/?author=2"}]}},"_links":{"self":[{"href":"https:\/\/lospoliticosveracruz.com\/index.php?rest_route=\/wp\/v2\/posts\/154671","targetHints":{"allow":["GET"]}}],"collection":[{"href":"https:\/\/lospoliticosveracruz.com\/index.php?rest_route=\/wp\/v2\/posts"}],"about":[{"href":"https:\/\/lospoliticosveracruz.com\/index.php?rest_route=\/wp\/v2\/types\/post"}],"author":[{"embeddable":true,"href":"https:\/\/lospoliticosveracruz.com\/index.php?rest_route=\/wp\/v2\/users\/2"}],"replies":[{"embeddable":true,"href":"https:\/\/lospoliticosveracruz.com\/index.php?rest_route=%2Fwp%2Fv2%2Fcomments&post=154671"}],"version-history":[{"count":1,"href":"https:\/\/lospoliticosveracruz.com\/index.php?rest_route=\/wp\/v2\/posts\/154671\/revisions"}],"predecessor-version":[{"id":154672,"href":"https:\/\/lospoliticosveracruz.com\/index.php?rest_route=\/wp\/v2\/posts\/154671\/revisions\/154672"}],"wp:featuredmedia":[{"embeddable":true,"href":"https:\/\/lospoliticosveracruz.com\/index.php?rest_route=\/wp\/v2\/media\/141401"}],"wp:attachment":[{"href":"https:\/\/lospoliticosveracruz.com\/index.php?rest_route=%2Fwp%2Fv2%2Fmedia&parent=154671"}],"wp:term":[{"taxonomy":"category","embeddable":true,"href":"https:\/\/lospoliticosveracruz.com\/index.php?rest_route=%2Fwp%2Fv2%2Fcategories&post=154671"},{"taxonomy":"post_tag","embeddable":true,"href":"https:\/\/lospoliticosveracruz.com\/index.php?rest_route=%2Fwp%2Fv2%2Ftags&post=154671"}],"curies":[{"name":"wp","href":"https:\/\/api.w.org\/{rel}","templated":true}]}}