{"id":154686,"date":"2025-10-16T12:00:18","date_gmt":"2025-10-16T17:00:18","guid":{"rendered":"https:\/\/lospoliticosveracruz.com.mx\/?p=154686"},"modified":"2025-10-16T18:01:02","modified_gmt":"2025-10-16T23:01:02","slug":"cuanto","status":"publish","type":"post","link":"https:\/\/lospoliticosveracruz.com\/?p=154686","title":{"rendered":"\u00bfCU\u00c1NTO?"},"content":{"rendered":"\n<p>S\u00edguenos ahora tambi\u00e9n en WhatsApp.\u00a0\u00a1<a href=\"https:\/\/whatsapp.com\/channel\/0029Va8zRWlEKyZIP3Z1dF0e\"><strong>Da clic aqu\u00ed<\/strong><\/a><strong>!<\/strong><\/p>\n\n\n\n<p><\/p>\n\n\n\n<p><strong>Guadalupe H. Mar<\/strong><\/p>\n\n\n\n<p><strong>PARA DAR CERTEZA\u2026<\/strong><br>A diferencia de la <strong>presidenta de la Rep\u00fablica<\/strong>, la doctora <strong>Claudia Sheinbaum Pardo<\/strong>, que ha insistido en que el <strong>Gobierno Federal<\/strong> cuenta con <strong>19 mil 430 millones de pesos<\/strong> del <strong>Ramo 23 de Provisiones Salariales y Econ\u00f3micas<\/strong>, para atender a los afectados por las devastadoras inundaciones de la semana pasada en municipios de los estados de <strong>Veracruz<\/strong>, <strong>Puebla<\/strong>, <strong>Hidalgo<\/strong> y <strong>Quer\u00e9taro<\/strong>, aqu\u00ed en nuestra entidad el <strong>Gobierno del Estado<\/strong> ha evitado a toda costa dar a conocer con qu\u00e9 presupuesto econ\u00f3mico cuenta para ello, asegurando por el contrario que \u201cno es tema de dinero\u201d, sino de atenci\u00f3n de la gente, lo cual aqu\u00ed entre nos, genera lo contrario a la confianza.<\/p>\n\n\n\n\n\n<p>La preocupaci\u00f3n se hace mayor cuando la <strong>gobernadora del estado de Veracruz<\/strong>, la ingeniera qu\u00edmica <strong>Norma Roc\u00edo Nahle Garc\u00eda<\/strong>, dice segura de s\u00ed misma: \u201cYo me voy a encargar de recuperar, de reconstruir <strong>Poza Rica<\/strong> y <strong>\u00c1lamo<\/strong>. Si algo s\u00e9 hacer, es construir\u201d, sin dar detalle o pista del monto econ\u00f3mico o recursos extraordinarios con que cuenta la administraci\u00f3n estatal veracruzana para atender la contingencia.<\/p>\n\n\n\n<p>Para que ustedes, amables lectoras y lectores, se den una idea del monto que se requiere tener disponible para imprevistos como el de la inundaci\u00f3n de la semana pasada, en septiembre del a\u00f1o 2010, el hurac\u00e1n <strong>Karl<\/strong>, que entr\u00f3 a <strong>Veracruz<\/strong> en categor\u00eda 3 y afect\u00f3 a <strong>117 municipios<\/strong>, el desaparecido <strong>Fondo Nacional de Desastres Naturales (Fonden)<\/strong> anunci\u00f3 que destinar\u00eda para esta contingencia <strong>cuatro mil 500 millones de pesos<\/strong> solo para nuestro estado.<\/p>\n\n\n\n<p>A 15 a\u00f1os de ese desastre natural y tomando en cuenta la inflaci\u00f3n de m\u00e1s de una d\u00e9cada, se requerir\u00edan al menos el doble de lo que se destin\u00f3 por el Karl en Veracruz para atender a los damnificados de los municipios de <strong>Poza Rica de Hidalgo<\/strong>, <strong>\u00c1lamo Temapache<\/strong> y <strong>El Higo<\/strong>, afectados por las lluvias de hace unos d\u00edas.<\/p>\n\n\n\n<p>Por eso preocupa y da pendiente que el <strong>Gobierno del Estado de Veracruz<\/strong> no hable y, por el contrario, evite a toda costa precisar los montos econ\u00f3micos disponibles para atender a la poblaci\u00f3n afectada.<\/p>\n\n\n\n<p>Cierto. El gobierno estatal est\u00e1 destinando recursos humanos y materiales al por mayor para los damnificados, adem\u00e1s de los apoyos que miles de veracruzanos y residentes de otras entidades federativas est\u00e1n enviando a los afectados de los municipios del norte de Veracruz, pero eso es tan solo para atender la emergencia, lo urgente. Sin embargo, es importante saber si hay recursos econ\u00f3micos para la restauraci\u00f3n de cientos de viviendas, caminos, puentes e infraestructura urbana que se da\u00f1\u00f3 con la inundaci\u00f3n.<\/p>\n\n\n\n<p>De lo que se trata es de dar certeza de que <strong>Veracruz<\/strong> cuenta con recursos econ\u00f3micos de respaldo para reconstruir <strong>Poza Rica<\/strong>, <strong>\u00c1lamo<\/strong> y <strong>El Higo<\/strong>, los m\u00e1s afectados por las crecidas de r\u00edos.<\/p>\n\n\n\n<hr class=\"wp-block-separator has-alpha-channel-opacity\"\/>\n\n\n\n<h3 class=\"wp-block-heading\"><strong>LA VERSI\u00d3N LOCAL\u2026<\/strong><\/h3>\n\n\n\n<p>Dec\u00edamos que aqu\u00ed en Veracruz, la mandataria estatal, la ingeniera qu\u00edmica <strong>Norma Roc\u00edo Nahle Garc\u00eda<\/strong>, ha evitado a toda costa dar a conocer el monto econ\u00f3mico con que cuenta el gobierno del estado para atender la contingencia provocada por las intensas lluvias de la semana pasada.<\/p>\n\n\n\n<p>Tan lo ha evitado, que volvi\u00f3 viral su lac\u00f3nica respuesta a la comunicadora y conductora de <strong>Televisa Veracruz<\/strong>, <strong>Carolina Ocampo Hagmahier<\/strong>, quien le pregunt\u00f3 directa y personalmente sobre este asunto, a lo que la mandataria respondi\u00f3 tan escuetamente que inquiet\u00f3, sobre todo, a la ciberciudadan\u00eda que en cuesti\u00f3n de horas viraliz\u00f3 la respuesta de la gobernadora.<\/p>\n\n\n\n<p>Para tratar de enderezar o al menos empatar la situaci\u00f3n, la mandataria veracruzana sali\u00f3 a declarar, sin dar cifras o montos econ\u00f3micos, que actualmente el estado de Veracruz cuenta con un <strong>fideicomiso<\/strong> destinado tanto a emergencias como a la seguridad social de los trabajadores.<\/p>\n\n\n\n<p>\u201cPor ejemplo, cuando fue el hurac\u00e1n <strong>Grace<\/strong>, el gobierno del estado pagaba <strong>150 millones de pesos<\/strong> al a\u00f1o por ese seguro, y s\u00f3lo retornaron <strong>25 millones<\/strong>. Cuando llegamos, decidimos hacer un fideicomiso para todo lo que es seguridad social de los trabajadores del Estado y para cualquier emergencia\u201d, precis\u00f3 en su declaraci\u00f3n.<\/p>\n\n\n\n<p>Por ello hay inquietud, pues no se sabe si se cuenta con los recursos econ\u00f3micos al menos necesarios para atender la reconstrucci\u00f3n y, si no los hay, pues que se diga a los veracruzanos d\u00f3nde qued\u00f3 la bolita, pues incluso saber con qui\u00e9n perdimos, qui\u00e9rase o no, da certeza.<\/p>\n\n\n\n<hr class=\"wp-block-separator has-alpha-channel-opacity\"\/>\n\n\n\n<h3 class=\"wp-block-heading\"><strong>UNA OBSERVACI\u00d3N\u2026<\/strong><\/h3>\n\n\n\n<p>De hecho, el <strong>Gobierno Federal<\/strong> solo tiene disponibles poquito m\u00e1s de <strong>16 mil millones de pesos<\/strong> para atender este tipo de contingencias, pues la misma <strong>presidenta de la Rep\u00fablica<\/strong>, la doctora <strong>Claudia Sheinbaum Pardo<\/strong>, coment\u00f3 que de los <strong>19 mil 430 millones de pesos<\/strong> del <strong>Ramo 23 de Provisiones Salariales y Econ\u00f3micas<\/strong>, ya se utilizaron <strong>tres mil millones<\/strong> para atender contingencias recientes en <strong>Guerrero<\/strong> y <strong>Oaxaca<\/strong>.<\/p>\n\n\n\n<hr class=\"wp-block-separator has-alpha-channel-opacity\"\/>\n\n\n\n<h3 class=\"wp-block-heading\"><strong>D\u00cdGALO SIN MIEDO\u2026<\/strong><\/h3>\n\n\n\n<p>Al correo electr\u00f3nico: <strong><a>guadalupehmar@gmail.com<\/a><\/strong><\/p>\n\n\n\n<p><\/p>\n","protected":false},"excerpt":{"rendered":"<p>Guadalupe H. Mar PARA DAR CERTEZA\u2026A diferencia de la presidenta de la Rep\u00fablica, la doctora Claudia Sheinbaum Pardo, que ha insistido en que el Gobierno Federal cuenta con 19 mil 430 millones de pesos del Ramo 23 de Provisiones Salariales y Econ\u00f3micas, para atender a los afectados por las devastadoras inundaciones de la semana pasada [&hellip;]<\/p>\n","protected":false},"author":2,"featured_media":141398,"comment_status":"closed","ping_status":"closed","sticky":false,"template":"","format":"standard","meta":{"tdm_status":"","tdm_grid_status":"","footnotes":""},"categories":[70],"tags":[17763,46713,9649,46575,46714,4386,46715],"class_list":{"0":"post-154686","1":"post","2":"type-post","3":"status-publish","4":"format-standard","5":"has-post-thumbnail","7":"category-de-opinion","8":"tag-claudia-sheinbaum-pardo","9":"tag-fideicomiso-estatal-veracruz","10":"tag-fonden","11":"tag-inundaciones-veracruz","12":"tag-poza-rica-reconstruccion","13":"tag-rocio-nahle-garcia","14":"tag-transparencia-presupuestal"},"yoast_head":"<!-- This site is optimized with the Yoast SEO plugin v27.4 - https:\/\/yoast.com\/product\/yoast-seo-wordpress\/ -->\n<title>\u00bfCU\u00c1NTO? - Los pol\u00edticos Veracruz<\/title>\n<meta name=\"robots\" content=\"index, follow, max-snippet:-1, max-image-preview:large, max-video-preview:-1\" \/>\n<link rel=\"canonical\" href=\"https:\/\/lospoliticosveracruz.com\/?p=154686\" \/>\n<meta property=\"og:locale\" content=\"es_ES\" \/>\n<meta property=\"og:type\" content=\"article\" \/>\n<meta property=\"og:title\" content=\"\u00bfCU\u00c1NTO? - Los pol\u00edticos Veracruz\" \/>\n<meta property=\"og:description\" content=\"Guadalupe H. Mar PARA DAR CERTEZA\u2026A diferencia de la presidenta de la Rep\u00fablica, la doctora Claudia Sheinbaum Pardo, que ha insistido en que el Gobierno Federal cuenta con 19 mil 430 millones de pesos del Ramo 23 de Provisiones Salariales y Econ\u00f3micas, para atender a los afectados por las devastadoras inundaciones de la semana pasada [&hellip;]\" \/>\n<meta property=\"og:url\" content=\"https:\/\/lospoliticosveracruz.com\/?p=154686\" \/>\n<meta property=\"og:site_name\" content=\"Los pol\u00edticos Veracruz\" \/>\n<meta property=\"article:publisher\" content=\"https:\/\/www.facebook.com\/people\/Notimemes-de-los-Polticos\/61565672886568\/\" \/>\n<meta property=\"article:published_time\" content=\"2025-10-16T17:00:18+00:00\" \/>\n<meta property=\"article:modified_time\" content=\"2025-10-16T23:01:02+00:00\" \/>\n<meta property=\"og:image\" content=\"https:\/\/lospoliticosveracruz.com\/wp-content\/uploads\/2025\/04\/Lupita-H-Mar.jpg\" \/>\n\t<meta property=\"og:image:width\" content=\"1250\" \/>\n\t<meta property=\"og:image:height\" content=\"667\" \/>\n\t<meta property=\"og:image:type\" content=\"image\/jpeg\" \/>\n<meta name=\"author\" content=\"Lo viste en Los Pol\u00edticos\" \/>\n<meta name=\"twitter:card\" content=\"summary_large_image\" \/>\n<meta name=\"twitter:creator\" content=\"@LosPoliticosVer\" \/>\n<meta name=\"twitter:site\" content=\"@LosPoliticosVer\" \/>\n<meta name=\"twitter:label1\" content=\"Escrito por\" \/>\n\t<meta name=\"twitter:data1\" content=\"Lo viste en Los Pol\u00edticos\" \/>\n\t<meta name=\"twitter:label2\" content=\"Tiempo de lectura\" \/>\n\t<meta name=\"twitter:data2\" content=\"4 minutos\" \/>\n<script type=\"application\/ld+json\" class=\"yoast-schema-graph\">{\"@context\":\"https:\\\/\\\/schema.org\",\"@graph\":[{\"@type\":\"Article\",\"@id\":\"https:\\\/\\\/lospoliticosveracruz.com\\\/?p=154686#article\",\"isPartOf\":{\"@id\":\"https:\\\/\\\/lospoliticosveracruz.com\\\/?p=154686\"},\"author\":{\"name\":\"Lo viste en Los Pol\u00edticos\",\"@id\":\"https:\\\/\\\/lospoliticosveracruz.com\\\/#\\\/schema\\\/person\\\/b8702bb0e538456e6efd07080bf2a4a2\"},\"headline\":\"\u00bfCU\u00c1NTO?\",\"datePublished\":\"2025-10-16T17:00:18+00:00\",\"dateModified\":\"2025-10-16T23:01:02+00:00\",\"mainEntityOfPage\":{\"@id\":\"https:\\\/\\\/lospoliticosveracruz.com\\\/?p=154686\"},\"wordCount\":836,\"publisher\":{\"@id\":\"https:\\\/\\\/lospoliticosveracruz.com\\\/#organization\"},\"image\":{\"@id\":\"https:\\\/\\\/lospoliticosveracruz.com\\\/?p=154686#primaryimage\"},\"thumbnailUrl\":\"https:\\\/\\\/lospoliticosveracruz.com\\\/wp-content\\\/uploads\\\/2025\\\/04\\\/Lupita-H-Mar.jpg\",\"keywords\":[\"Claudia Sheinbaum Pardo\",\"fideicomiso estatal Veracruz\",\"Fonden\",\"inundaciones Veracruz\",\"Poza Rica reconstrucci\u00f3n\",\"Roc\u00edo Nahle Garc\u00eda\",\"transparencia presupuestal.\"],\"articleSection\":[\"De Opini\u00f3n\"],\"inLanguage\":\"es\"},{\"@type\":\"WebPage\",\"@id\":\"https:\\\/\\\/lospoliticosveracruz.com\\\/?p=154686\",\"url\":\"https:\\\/\\\/lospoliticosveracruz.com\\\/?p=154686\",\"name\":\"\u00bfCU\u00c1NTO? - Los pol\u00edticos Veracruz\",\"isPartOf\":{\"@id\":\"https:\\\/\\\/lospoliticosveracruz.com\\\/#website\"},\"primaryImageOfPage\":{\"@id\":\"https:\\\/\\\/lospoliticosveracruz.com\\\/?p=154686#primaryimage\"},\"image\":{\"@id\":\"https:\\\/\\\/lospoliticosveracruz.com\\\/?p=154686#primaryimage\"},\"thumbnailUrl\":\"https:\\\/\\\/lospoliticosveracruz.com\\\/wp-content\\\/uploads\\\/2025\\\/04\\\/Lupita-H-Mar.jpg\",\"datePublished\":\"2025-10-16T17:00:18+00:00\",\"dateModified\":\"2025-10-16T23:01:02+00:00\",\"breadcrumb\":{\"@id\":\"https:\\\/\\\/lospoliticosveracruz.com\\\/?p=154686#breadcrumb\"},\"inLanguage\":\"es\",\"potentialAction\":[{\"@type\":\"ReadAction\",\"target\":[\"https:\\\/\\\/lospoliticosveracruz.com\\\/?p=154686\"]}]},{\"@type\":\"ImageObject\",\"inLanguage\":\"es\",\"@id\":\"https:\\\/\\\/lospoliticosveracruz.com\\\/?p=154686#primaryimage\",\"url\":\"https:\\\/\\\/lospoliticosveracruz.com\\\/wp-content\\\/uploads\\\/2025\\\/04\\\/Lupita-H-Mar.jpg\",\"contentUrl\":\"https:\\\/\\\/lospoliticosveracruz.com\\\/wp-content\\\/uploads\\\/2025\\\/04\\\/Lupita-H-Mar.jpg\",\"width\":1250,\"height\":667},{\"@type\":\"BreadcrumbList\",\"@id\":\"https:\\\/\\\/lospoliticosveracruz.com\\\/?p=154686#breadcrumb\",\"itemListElement\":[{\"@type\":\"ListItem\",\"position\":1,\"name\":\"Portada\",\"item\":\"https:\\\/\\\/lospoliticosveracruz.com\\\/\"},{\"@type\":\"ListItem\",\"position\":2,\"name\":\"\u00bfCU\u00c1NTO?\"}]},{\"@type\":\"WebSite\",\"@id\":\"https:\\\/\\\/lospoliticosveracruz.com\\\/#website\",\"url\":\"https:\\\/\\\/lospoliticosveracruz.com\\\/\",\"name\":\"Los pol\u00edticos Veracruz\",\"description\":\"\",\"publisher\":{\"@id\":\"https:\\\/\\\/lospoliticosveracruz.com\\\/#organization\"},\"potentialAction\":[{\"@type\":\"SearchAction\",\"target\":{\"@type\":\"EntryPoint\",\"urlTemplate\":\"https:\\\/\\\/lospoliticosveracruz.com\\\/?s={search_term_string}\"},\"query-input\":{\"@type\":\"PropertyValueSpecification\",\"valueRequired\":true,\"valueName\":\"search_term_string\"}}],\"inLanguage\":\"es\"},{\"@type\":\"Organization\",\"@id\":\"https:\\\/\\\/lospoliticosveracruz.com\\\/#organization\",\"name\":\"Los pol\u00edticos Veracruz\",\"url\":\"https:\\\/\\\/lospoliticosveracruz.com\\\/\",\"logo\":{\"@type\":\"ImageObject\",\"inLanguage\":\"es\",\"@id\":\"https:\\\/\\\/lospoliticosveracruz.com\\\/#\\\/schema\\\/logo\\\/image\\\/\",\"url\":\"https:\\\/\\\/lospoliticosveracruz.com\\\/wp-content\\\/uploads\\\/2025\\\/12\\\/Logo-Nuevo-LOS-POLITICOS-1.jpg\",\"contentUrl\":\"https:\\\/\\\/lospoliticosveracruz.com\\\/wp-content\\\/uploads\\\/2025\\\/12\\\/Logo-Nuevo-LOS-POLITICOS-1.jpg\",\"width\":260,\"height\":70,\"caption\":\"Los pol\u00edticos Veracruz\"},\"image\":{\"@id\":\"https:\\\/\\\/lospoliticosveracruz.com\\\/#\\\/schema\\\/logo\\\/image\\\/\"},\"sameAs\":[\"https:\\\/\\\/www.facebook.com\\\/people\\\/Notimemes-de-los-Polticos\\\/61565672886568\\\/\",\"https:\\\/\\\/x.com\\\/LosPoliticosVer\"]},{\"@type\":\"Person\",\"@id\":\"https:\\\/\\\/lospoliticosveracruz.com\\\/#\\\/schema\\\/person\\\/b8702bb0e538456e6efd07080bf2a4a2\",\"name\":\"Lo viste en Los Pol\u00edticos\",\"image\":{\"@type\":\"ImageObject\",\"inLanguage\":\"es\",\"@id\":\"https:\\\/\\\/secure.gravatar.com\\\/avatar\\\/3a8de04a2656d44082be478bd6c086daa447c4651605818287b9532d3d0bd435?s=96&d=mm&r=g\",\"url\":\"https:\\\/\\\/secure.gravatar.com\\\/avatar\\\/3a8de04a2656d44082be478bd6c086daa447c4651605818287b9532d3d0bd435?s=96&d=mm&r=g\",\"contentUrl\":\"https:\\\/\\\/secure.gravatar.com\\\/avatar\\\/3a8de04a2656d44082be478bd6c086daa447c4651605818287b9532d3d0bd435?s=96&d=mm&r=g\",\"caption\":\"Lo viste en Los Pol\u00edticos\"},\"url\":\"https:\\\/\\\/lospoliticosveracruz.com\\\/?author=2\"}]}<\/script>\n<!-- \/ Yoast SEO plugin. -->","yoast_head_json":{"title":"\u00bfCU\u00c1NTO? - Los pol\u00edticos Veracruz","robots":{"index":"index","follow":"follow","max-snippet":"max-snippet:-1","max-image-preview":"max-image-preview:large","max-video-preview":"max-video-preview:-1"},"canonical":"https:\/\/lospoliticosveracruz.com\/?p=154686","og_locale":"es_ES","og_type":"article","og_title":"\u00bfCU\u00c1NTO? - Los pol\u00edticos Veracruz","og_description":"Guadalupe H. Mar PARA DAR CERTEZA\u2026A diferencia de la presidenta de la Rep\u00fablica, la doctora Claudia Sheinbaum Pardo, que ha insistido en que el Gobierno Federal cuenta con 19 mil 430 millones de pesos del Ramo 23 de Provisiones Salariales y Econ\u00f3micas, para atender a los afectados por las devastadoras inundaciones de la semana pasada [&hellip;]","og_url":"https:\/\/lospoliticosveracruz.com\/?p=154686","og_site_name":"Los pol\u00edticos Veracruz","article_publisher":"https:\/\/www.facebook.com\/people\/Notimemes-de-los-Polticos\/61565672886568\/","article_published_time":"2025-10-16T17:00:18+00:00","article_modified_time":"2025-10-16T23:01:02+00:00","og_image":[{"width":1250,"height":667,"url":"https:\/\/lospoliticosveracruz.com\/wp-content\/uploads\/2025\/04\/Lupita-H-Mar.jpg","type":"image\/jpeg"}],"author":"Lo viste en Los Pol\u00edticos","twitter_card":"summary_large_image","twitter_creator":"@LosPoliticosVer","twitter_site":"@LosPoliticosVer","twitter_misc":{"Escrito por":"Lo viste en Los Pol\u00edticos","Tiempo de lectura":"4 minutos"},"schema":{"@context":"https:\/\/schema.org","@graph":[{"@type":"Article","@id":"https:\/\/lospoliticosveracruz.com\/?p=154686#article","isPartOf":{"@id":"https:\/\/lospoliticosveracruz.com\/?p=154686"},"author":{"name":"Lo viste en Los Pol\u00edticos","@id":"https:\/\/lospoliticosveracruz.com\/#\/schema\/person\/b8702bb0e538456e6efd07080bf2a4a2"},"headline":"\u00bfCU\u00c1NTO?","datePublished":"2025-10-16T17:00:18+00:00","dateModified":"2025-10-16T23:01:02+00:00","mainEntityOfPage":{"@id":"https:\/\/lospoliticosveracruz.com\/?p=154686"},"wordCount":836,"publisher":{"@id":"https:\/\/lospoliticosveracruz.com\/#organization"},"image":{"@id":"https:\/\/lospoliticosveracruz.com\/?p=154686#primaryimage"},"thumbnailUrl":"https:\/\/lospoliticosveracruz.com\/wp-content\/uploads\/2025\/04\/Lupita-H-Mar.jpg","keywords":["Claudia Sheinbaum Pardo","fideicomiso estatal Veracruz","Fonden","inundaciones Veracruz","Poza Rica reconstrucci\u00f3n","Roc\u00edo Nahle Garc\u00eda","transparencia presupuestal."],"articleSection":["De Opini\u00f3n"],"inLanguage":"es"},{"@type":"WebPage","@id":"https:\/\/lospoliticosveracruz.com\/?p=154686","url":"https:\/\/lospoliticosveracruz.com\/?p=154686","name":"\u00bfCU\u00c1NTO? - Los pol\u00edticos Veracruz","isPartOf":{"@id":"https:\/\/lospoliticosveracruz.com\/#website"},"primaryImageOfPage":{"@id":"https:\/\/lospoliticosveracruz.com\/?p=154686#primaryimage"},"image":{"@id":"https:\/\/lospoliticosveracruz.com\/?p=154686#primaryimage"},"thumbnailUrl":"https:\/\/lospoliticosveracruz.com\/wp-content\/uploads\/2025\/04\/Lupita-H-Mar.jpg","datePublished":"2025-10-16T17:00:18+00:00","dateModified":"2025-10-16T23:01:02+00:00","breadcrumb":{"@id":"https:\/\/lospoliticosveracruz.com\/?p=154686#breadcrumb"},"inLanguage":"es","potentialAction":[{"@type":"ReadAction","target":["https:\/\/lospoliticosveracruz.com\/?p=154686"]}]},{"@type":"ImageObject","inLanguage":"es","@id":"https:\/\/lospoliticosveracruz.com\/?p=154686#primaryimage","url":"https:\/\/lospoliticosveracruz.com\/wp-content\/uploads\/2025\/04\/Lupita-H-Mar.jpg","contentUrl":"https:\/\/lospoliticosveracruz.com\/wp-content\/uploads\/2025\/04\/Lupita-H-Mar.jpg","width":1250,"height":667},{"@type":"BreadcrumbList","@id":"https:\/\/lospoliticosveracruz.com\/?p=154686#breadcrumb","itemListElement":[{"@type":"ListItem","position":1,"name":"Portada","item":"https:\/\/lospoliticosveracruz.com\/"},{"@type":"ListItem","position":2,"name":"\u00bfCU\u00c1NTO?"}]},{"@type":"WebSite","@id":"https:\/\/lospoliticosveracruz.com\/#website","url":"https:\/\/lospoliticosveracruz.com\/","name":"Los pol\u00edticos Veracruz","description":"","publisher":{"@id":"https:\/\/lospoliticosveracruz.com\/#organization"},"potentialAction":[{"@type":"SearchAction","target":{"@type":"EntryPoint","urlTemplate":"https:\/\/lospoliticosveracruz.com\/?s={search_term_string}"},"query-input":{"@type":"PropertyValueSpecification","valueRequired":true,"valueName":"search_term_string"}}],"inLanguage":"es"},{"@type":"Organization","@id":"https:\/\/lospoliticosveracruz.com\/#organization","name":"Los pol\u00edticos Veracruz","url":"https:\/\/lospoliticosveracruz.com\/","logo":{"@type":"ImageObject","inLanguage":"es","@id":"https:\/\/lospoliticosveracruz.com\/#\/schema\/logo\/image\/","url":"https:\/\/lospoliticosveracruz.com\/wp-content\/uploads\/2025\/12\/Logo-Nuevo-LOS-POLITICOS-1.jpg","contentUrl":"https:\/\/lospoliticosveracruz.com\/wp-content\/uploads\/2025\/12\/Logo-Nuevo-LOS-POLITICOS-1.jpg","width":260,"height":70,"caption":"Los pol\u00edticos Veracruz"},"image":{"@id":"https:\/\/lospoliticosveracruz.com\/#\/schema\/logo\/image\/"},"sameAs":["https:\/\/www.facebook.com\/people\/Notimemes-de-los-Polticos\/61565672886568\/","https:\/\/x.com\/LosPoliticosVer"]},{"@type":"Person","@id":"https:\/\/lospoliticosveracruz.com\/#\/schema\/person\/b8702bb0e538456e6efd07080bf2a4a2","name":"Lo viste en Los Pol\u00edticos","image":{"@type":"ImageObject","inLanguage":"es","@id":"https:\/\/secure.gravatar.com\/avatar\/3a8de04a2656d44082be478bd6c086daa447c4651605818287b9532d3d0bd435?s=96&d=mm&r=g","url":"https:\/\/secure.gravatar.com\/avatar\/3a8de04a2656d44082be478bd6c086daa447c4651605818287b9532d3d0bd435?s=96&d=mm&r=g","contentUrl":"https:\/\/secure.gravatar.com\/avatar\/3a8de04a2656d44082be478bd6c086daa447c4651605818287b9532d3d0bd435?s=96&d=mm&r=g","caption":"Lo viste en Los Pol\u00edticos"},"url":"https:\/\/lospoliticosveracruz.com\/?author=2"}]}},"_links":{"self":[{"href":"https:\/\/lospoliticosveracruz.com\/index.php?rest_route=\/wp\/v2\/posts\/154686","targetHints":{"allow":["GET"]}}],"collection":[{"href":"https:\/\/lospoliticosveracruz.com\/index.php?rest_route=\/wp\/v2\/posts"}],"about":[{"href":"https:\/\/lospoliticosveracruz.com\/index.php?rest_route=\/wp\/v2\/types\/post"}],"author":[{"embeddable":true,"href":"https:\/\/lospoliticosveracruz.com\/index.php?rest_route=\/wp\/v2\/users\/2"}],"replies":[{"embeddable":true,"href":"https:\/\/lospoliticosveracruz.com\/index.php?rest_route=%2Fwp%2Fv2%2Fcomments&post=154686"}],"version-history":[{"count":1,"href":"https:\/\/lospoliticosveracruz.com\/index.php?rest_route=\/wp\/v2\/posts\/154686\/revisions"}],"predecessor-version":[{"id":154687,"href":"https:\/\/lospoliticosveracruz.com\/index.php?rest_route=\/wp\/v2\/posts\/154686\/revisions\/154687"}],"wp:featuredmedia":[{"embeddable":true,"href":"https:\/\/lospoliticosveracruz.com\/index.php?rest_route=\/wp\/v2\/media\/141398"}],"wp:attachment":[{"href":"https:\/\/lospoliticosveracruz.com\/index.php?rest_route=%2Fwp%2Fv2%2Fmedia&parent=154686"}],"wp:term":[{"taxonomy":"category","embeddable":true,"href":"https:\/\/lospoliticosveracruz.com\/index.php?rest_route=%2Fwp%2Fv2%2Fcategories&post=154686"},{"taxonomy":"post_tag","embeddable":true,"href":"https:\/\/lospoliticosveracruz.com\/index.php?rest_route=%2Fwp%2Fv2%2Ftags&post=154686"}],"curies":[{"name":"wp","href":"https:\/\/api.w.org\/{rel}","templated":true}]}}