{"id":154712,"date":"2025-10-16T22:49:47","date_gmt":"2025-10-17T03:49:47","guid":{"rendered":"https:\/\/lospoliticosveracruz.com.mx\/?p=154712"},"modified":"2025-10-16T22:50:35","modified_gmt":"2025-10-17T03:50:35","slug":"que-sirva-de-algo-el-impuesto-chatarra","status":"publish","type":"post","link":"https:\/\/lospoliticosveracruz.com\/?p=154712","title":{"rendered":"\u00a1QUE SIRVA DE ALGO EL IMPUESTO CHATARRA!"},"content":{"rendered":"\n<p>S\u00edguenos ahora tambi\u00e9n en WhatsApp.\u00a0\u00a1<a href=\"https:\/\/whatsapp.com\/channel\/0029Va8zRWlEKyZIP3Z1dF0e\"><strong>Da clic aqu\u00ed<\/strong><\/a><strong>!<\/strong><\/p>\n\n\n\n<p><\/p>\n\n\n\n<p><strong>CDMX.<\/strong> <strong>Maryjose Gamboa Torales<\/strong>, diputada federal del <strong>PAN<\/strong>, solicit\u00f3 la noche de este jueves desde la m\u00e1xima tribuna legislativa de <strong>San L\u00e1zaro<\/strong> que una parte importante de los recursos obtenidos por el cobro del <strong>Impuesto Especial a Precios y Servicios (IEPS)<\/strong> en el <strong>Paquete Econ\u00f3mico 2026<\/strong> se destinen a la reconstrucci\u00f3n de los municipios afectados por las torrenciales lluvias en la <strong>Huasteca Veracruzana<\/strong>.<\/p>\n\n\n\n\n\n<p>En ese sentido, propuso que el <strong>25%<\/strong> de lo recaudado por <strong>IEPS<\/strong> sea destinado a la reconstrucci\u00f3n de los da\u00f1os causados por el fen\u00f3meno meteorol\u00f3gico en la zona de la Huasteca veracruzana, en donde se ubican municipios como <strong>\u00c1lamo, Poza Rica, Tuxpan, El Higo<\/strong> y otros m\u00e1s.<\/p>\n\n\n\n<p><strong>Maryjose Gamboa<\/strong> plante\u00f3 tambi\u00e9n en su exposici\u00f3n que un <strong>5%<\/strong> de ese ingreso se pueda usar en <strong>acciones preventivas<\/strong> para evitar inundaciones, como por ejemplo, el <strong>dragado de r\u00edos<\/strong>.<\/p>\n\n\n\n<blockquote class=\"wp-block-quote is-layout-flow wp-block-quote-is-layout-flow\">\n<p>\u201c<strong>Boca del R\u00edo<\/strong>, que es un municipio que con honor y compromiso represento, es uno de los municipios que depende del dragado constante del <strong>r\u00edo Jamapa<\/strong> para evitar inundaciones. \u00bfDe qu\u00e9 nos sirve, compa\u00f1eras y compa\u00f1eros, salir corriendo y atender la emergencia? Empecemos por ah\u00ed, empecemos por acciones preventivas\u201d, agreg\u00f3.<\/p>\n<\/blockquote>\n\n\n\n<p>La diputada federal panista, <strong>Maryjose Gamboa Torales<\/strong>, afirm\u00f3 que hasta ahora <strong>Morena<\/strong> ha demostrado no tomar en cuenta lo que diga la Constituci\u00f3n, las leyes o el sufrimiento de la gente.<\/p>\n\n\n\n<blockquote class=\"wp-block-quote is-layout-flow wp-block-quote-is-layout-flow\">\n<p>\u201cPor ello es momento de que demuestren que en verdad se ocupan de atender las necesidades de ellos, y si de todas maneras van a crear nuevos impuestos, destinen una parte para atender la urgencia que viven en <strong>Veracruz, Hidalgo, San Luis Potos\u00ed, Puebla y Quer\u00e9taro<\/strong>. Hag\u00e1moslo con responsabilidad y compromiso, compa\u00f1eros, acu\u00e9rdense que ese amor al pueblo que tanto dicen tener no se lleva en el discurso, se lleva en el presupuesto\u201d, se\u00f1al\u00f3.<\/p>\n<\/blockquote>\n","protected":false},"excerpt":{"rendered":"<p>CDMX. Maryjose Gamboa Torales, diputada federal del PAN, solicit\u00f3 la noche de este jueves desde la m\u00e1xima tribuna legislativa de San L\u00e1zaro que una parte importante de los recursos obtenidos por el cobro del Impuesto Especial a Precios y Servicios (IEPS) en el Paquete Econ\u00f3mico 2026 se destinen a la reconstrucci\u00f3n de los municipios afectados [&hellip;]<\/p>\n","protected":false},"author":2,"featured_media":154713,"comment_status":"closed","ping_status":"closed","sticky":false,"template":"","format":"standard","meta":{"tdm_status":"","tdm_grid_status":"","footnotes":""},"categories":[73],"tags":[46729,46728,46731,27136,34762,44240,46730],"class_list":{"0":"post-154712","1":"post","2":"type-post","3":"status-publish","4":"format-standard","5":"has-post-thumbnail","7":"category-de-boleto","8":"tag-dragado-rio-jamapa","9":"tag-impuesto-ieps","10":"tag-inundaciones-veracruz-2","11":"tag-maryjose-gamboa-torales-2","12":"tag-pan-veracruz","13":"tag-paquete-economico-2026","14":"tag-reconstruccion-huasteca-veracruzana"},"yoast_head":"<!-- This site is optimized with the Yoast SEO plugin v27.4 - https:\/\/yoast.com\/product\/yoast-seo-wordpress\/ -->\n<title>\u00a1QUE SIRVA DE ALGO EL IMPUESTO CHATARRA! - Los pol\u00edticos Veracruz<\/title>\n<meta name=\"robots\" content=\"index, follow, max-snippet:-1, max-image-preview:large, max-video-preview:-1\" \/>\n<link rel=\"canonical\" href=\"https:\/\/lospoliticosveracruz.com\/?p=154712\" \/>\n<meta property=\"og:locale\" content=\"es_ES\" \/>\n<meta property=\"og:type\" content=\"article\" \/>\n<meta property=\"og:title\" content=\"\u00a1QUE SIRVA DE ALGO EL IMPUESTO CHATARRA! - Los pol\u00edticos Veracruz\" \/>\n<meta property=\"og:description\" content=\"CDMX. Maryjose Gamboa Torales, diputada federal del PAN, solicit\u00f3 la noche de este jueves desde la m\u00e1xima tribuna legislativa de San L\u00e1zaro que una parte importante de los recursos obtenidos por el cobro del Impuesto Especial a Precios y Servicios (IEPS) en el Paquete Econ\u00f3mico 2026 se destinen a la reconstrucci\u00f3n de los municipios afectados [&hellip;]\" \/>\n<meta property=\"og:url\" content=\"https:\/\/lospoliticosveracruz.com\/?p=154712\" \/>\n<meta property=\"og:site_name\" content=\"Los pol\u00edticos Veracruz\" \/>\n<meta property=\"article:publisher\" content=\"https:\/\/www.facebook.com\/people\/Notimemes-de-los-Polticos\/61565672886568\/\" \/>\n<meta property=\"article:published_time\" content=\"2025-10-17T03:49:47+00:00\" \/>\n<meta property=\"article:modified_time\" content=\"2025-10-17T03:50:35+00:00\" \/>\n<meta property=\"og:image\" content=\"https:\/\/lospoliticosveracruz.com\/wp-content\/uploads\/2025\/10\/Maryjose-1.jpeg\" \/>\n\t<meta property=\"og:image:width\" content=\"600\" \/>\n\t<meta property=\"og:image:height\" content=\"320\" \/>\n\t<meta property=\"og:image:type\" content=\"image\/jpeg\" \/>\n<meta name=\"author\" content=\"Lo viste en Los Pol\u00edticos\" \/>\n<meta name=\"twitter:card\" content=\"summary_large_image\" \/>\n<meta name=\"twitter:creator\" content=\"@LosPoliticosVer\" \/>\n<meta name=\"twitter:site\" content=\"@LosPoliticosVer\" \/>\n<meta name=\"twitter:label1\" content=\"Escrito por\" \/>\n\t<meta name=\"twitter:data1\" content=\"Lo viste en Los Pol\u00edticos\" \/>\n\t<meta name=\"twitter:label2\" content=\"Tiempo de lectura\" \/>\n\t<meta name=\"twitter:data2\" content=\"2 minutos\" \/>\n<script type=\"application\/ld+json\" class=\"yoast-schema-graph\">{\"@context\":\"https:\\\/\\\/schema.org\",\"@graph\":[{\"@type\":\"Article\",\"@id\":\"https:\\\/\\\/lospoliticosveracruz.com\\\/?p=154712#article\",\"isPartOf\":{\"@id\":\"https:\\\/\\\/lospoliticosveracruz.com\\\/?p=154712\"},\"author\":{\"name\":\"Lo viste en Los Pol\u00edticos\",\"@id\":\"https:\\\/\\\/lospoliticosveracruz.com\\\/#\\\/schema\\\/person\\\/b8702bb0e538456e6efd07080bf2a4a2\"},\"headline\":\"\u00a1QUE SIRVA DE ALGO EL IMPUESTO CHATARRA!\",\"datePublished\":\"2025-10-17T03:49:47+00:00\",\"dateModified\":\"2025-10-17T03:50:35+00:00\",\"mainEntityOfPage\":{\"@id\":\"https:\\\/\\\/lospoliticosveracruz.com\\\/?p=154712\"},\"wordCount\":320,\"publisher\":{\"@id\":\"https:\\\/\\\/lospoliticosveracruz.com\\\/#organization\"},\"image\":{\"@id\":\"https:\\\/\\\/lospoliticosveracruz.com\\\/?p=154712#primaryimage\"},\"thumbnailUrl\":\"https:\\\/\\\/lospoliticosveracruz.com\\\/wp-content\\\/uploads\\\/2025\\\/10\\\/Maryjose-1.jpeg\",\"keywords\":[\"dragado r\u00edo Jamapa\",\"impuesto IEPS\",\"inundaciones Veracruz.\",\"Maryjose Gamboa Torales\",\"Pan Veracruz\",\"Paquete Econ\u00f3mico 2026\",\"reconstrucci\u00f3n Huasteca Veracruzana\"],\"articleSection\":[\"De Boleto\"],\"inLanguage\":\"es\"},{\"@type\":\"WebPage\",\"@id\":\"https:\\\/\\\/lospoliticosveracruz.com\\\/?p=154712\",\"url\":\"https:\\\/\\\/lospoliticosveracruz.com\\\/?p=154712\",\"name\":\"\u00a1QUE SIRVA DE ALGO EL IMPUESTO CHATARRA! - Los pol\u00edticos Veracruz\",\"isPartOf\":{\"@id\":\"https:\\\/\\\/lospoliticosveracruz.com\\\/#website\"},\"primaryImageOfPage\":{\"@id\":\"https:\\\/\\\/lospoliticosveracruz.com\\\/?p=154712#primaryimage\"},\"image\":{\"@id\":\"https:\\\/\\\/lospoliticosveracruz.com\\\/?p=154712#primaryimage\"},\"thumbnailUrl\":\"https:\\\/\\\/lospoliticosveracruz.com\\\/wp-content\\\/uploads\\\/2025\\\/10\\\/Maryjose-1.jpeg\",\"datePublished\":\"2025-10-17T03:49:47+00:00\",\"dateModified\":\"2025-10-17T03:50:35+00:00\",\"breadcrumb\":{\"@id\":\"https:\\\/\\\/lospoliticosveracruz.com\\\/?p=154712#breadcrumb\"},\"inLanguage\":\"es\",\"potentialAction\":[{\"@type\":\"ReadAction\",\"target\":[\"https:\\\/\\\/lospoliticosveracruz.com\\\/?p=154712\"]}]},{\"@type\":\"ImageObject\",\"inLanguage\":\"es\",\"@id\":\"https:\\\/\\\/lospoliticosveracruz.com\\\/?p=154712#primaryimage\",\"url\":\"https:\\\/\\\/lospoliticosveracruz.com\\\/wp-content\\\/uploads\\\/2025\\\/10\\\/Maryjose-1.jpeg\",\"contentUrl\":\"https:\\\/\\\/lospoliticosveracruz.com\\\/wp-content\\\/uploads\\\/2025\\\/10\\\/Maryjose-1.jpeg\",\"width\":600,\"height\":320},{\"@type\":\"BreadcrumbList\",\"@id\":\"https:\\\/\\\/lospoliticosveracruz.com\\\/?p=154712#breadcrumb\",\"itemListElement\":[{\"@type\":\"ListItem\",\"position\":1,\"name\":\"Portada\",\"item\":\"https:\\\/\\\/lospoliticosveracruz.com\\\/\"},{\"@type\":\"ListItem\",\"position\":2,\"name\":\"\u00a1QUE SIRVA DE ALGO EL IMPUESTO CHATARRA!\"}]},{\"@type\":\"WebSite\",\"@id\":\"https:\\\/\\\/lospoliticosveracruz.com\\\/#website\",\"url\":\"https:\\\/\\\/lospoliticosveracruz.com\\\/\",\"name\":\"Los pol\u00edticos Veracruz\",\"description\":\"\",\"publisher\":{\"@id\":\"https:\\\/\\\/lospoliticosveracruz.com\\\/#organization\"},\"potentialAction\":[{\"@type\":\"SearchAction\",\"target\":{\"@type\":\"EntryPoint\",\"urlTemplate\":\"https:\\\/\\\/lospoliticosveracruz.com\\\/?s={search_term_string}\"},\"query-input\":{\"@type\":\"PropertyValueSpecification\",\"valueRequired\":true,\"valueName\":\"search_term_string\"}}],\"inLanguage\":\"es\"},{\"@type\":\"Organization\",\"@id\":\"https:\\\/\\\/lospoliticosveracruz.com\\\/#organization\",\"name\":\"Los pol\u00edticos Veracruz\",\"url\":\"https:\\\/\\\/lospoliticosveracruz.com\\\/\",\"logo\":{\"@type\":\"ImageObject\",\"inLanguage\":\"es\",\"@id\":\"https:\\\/\\\/lospoliticosveracruz.com\\\/#\\\/schema\\\/logo\\\/image\\\/\",\"url\":\"https:\\\/\\\/lospoliticosveracruz.com\\\/wp-content\\\/uploads\\\/2025\\\/12\\\/Logo-Nuevo-LOS-POLITICOS-1.jpg\",\"contentUrl\":\"https:\\\/\\\/lospoliticosveracruz.com\\\/wp-content\\\/uploads\\\/2025\\\/12\\\/Logo-Nuevo-LOS-POLITICOS-1.jpg\",\"width\":260,\"height\":70,\"caption\":\"Los pol\u00edticos Veracruz\"},\"image\":{\"@id\":\"https:\\\/\\\/lospoliticosveracruz.com\\\/#\\\/schema\\\/logo\\\/image\\\/\"},\"sameAs\":[\"https:\\\/\\\/www.facebook.com\\\/people\\\/Notimemes-de-los-Polticos\\\/61565672886568\\\/\",\"https:\\\/\\\/x.com\\\/LosPoliticosVer\"]},{\"@type\":\"Person\",\"@id\":\"https:\\\/\\\/lospoliticosveracruz.com\\\/#\\\/schema\\\/person\\\/b8702bb0e538456e6efd07080bf2a4a2\",\"name\":\"Lo viste en Los Pol\u00edticos\",\"image\":{\"@type\":\"ImageObject\",\"inLanguage\":\"es\",\"@id\":\"https:\\\/\\\/secure.gravatar.com\\\/avatar\\\/3a8de04a2656d44082be478bd6c086daa447c4651605818287b9532d3d0bd435?s=96&d=mm&r=g\",\"url\":\"https:\\\/\\\/secure.gravatar.com\\\/avatar\\\/3a8de04a2656d44082be478bd6c086daa447c4651605818287b9532d3d0bd435?s=96&d=mm&r=g\",\"contentUrl\":\"https:\\\/\\\/secure.gravatar.com\\\/avatar\\\/3a8de04a2656d44082be478bd6c086daa447c4651605818287b9532d3d0bd435?s=96&d=mm&r=g\",\"caption\":\"Lo viste en Los Pol\u00edticos\"},\"url\":\"https:\\\/\\\/lospoliticosveracruz.com\\\/?author=2\"}]}<\/script>\n<!-- \/ Yoast SEO plugin. -->","yoast_head_json":{"title":"\u00a1QUE SIRVA DE ALGO EL IMPUESTO CHATARRA! - Los pol\u00edticos Veracruz","robots":{"index":"index","follow":"follow","max-snippet":"max-snippet:-1","max-image-preview":"max-image-preview:large","max-video-preview":"max-video-preview:-1"},"canonical":"https:\/\/lospoliticosveracruz.com\/?p=154712","og_locale":"es_ES","og_type":"article","og_title":"\u00a1QUE SIRVA DE ALGO EL IMPUESTO CHATARRA! - Los pol\u00edticos Veracruz","og_description":"CDMX. Maryjose Gamboa Torales, diputada federal del PAN, solicit\u00f3 la noche de este jueves desde la m\u00e1xima tribuna legislativa de San L\u00e1zaro que una parte importante de los recursos obtenidos por el cobro del Impuesto Especial a Precios y Servicios (IEPS) en el Paquete Econ\u00f3mico 2026 se destinen a la reconstrucci\u00f3n de los municipios afectados [&hellip;]","og_url":"https:\/\/lospoliticosveracruz.com\/?p=154712","og_site_name":"Los pol\u00edticos Veracruz","article_publisher":"https:\/\/www.facebook.com\/people\/Notimemes-de-los-Polticos\/61565672886568\/","article_published_time":"2025-10-17T03:49:47+00:00","article_modified_time":"2025-10-17T03:50:35+00:00","og_image":[{"width":600,"height":320,"url":"https:\/\/lospoliticosveracruz.com\/wp-content\/uploads\/2025\/10\/Maryjose-1.jpeg","type":"image\/jpeg"}],"author":"Lo viste en Los Pol\u00edticos","twitter_card":"summary_large_image","twitter_creator":"@LosPoliticosVer","twitter_site":"@LosPoliticosVer","twitter_misc":{"Escrito por":"Lo viste en Los Pol\u00edticos","Tiempo de lectura":"2 minutos"},"schema":{"@context":"https:\/\/schema.org","@graph":[{"@type":"Article","@id":"https:\/\/lospoliticosveracruz.com\/?p=154712#article","isPartOf":{"@id":"https:\/\/lospoliticosveracruz.com\/?p=154712"},"author":{"name":"Lo viste en Los Pol\u00edticos","@id":"https:\/\/lospoliticosveracruz.com\/#\/schema\/person\/b8702bb0e538456e6efd07080bf2a4a2"},"headline":"\u00a1QUE SIRVA DE ALGO EL IMPUESTO CHATARRA!","datePublished":"2025-10-17T03:49:47+00:00","dateModified":"2025-10-17T03:50:35+00:00","mainEntityOfPage":{"@id":"https:\/\/lospoliticosveracruz.com\/?p=154712"},"wordCount":320,"publisher":{"@id":"https:\/\/lospoliticosveracruz.com\/#organization"},"image":{"@id":"https:\/\/lospoliticosveracruz.com\/?p=154712#primaryimage"},"thumbnailUrl":"https:\/\/lospoliticosveracruz.com\/wp-content\/uploads\/2025\/10\/Maryjose-1.jpeg","keywords":["dragado r\u00edo Jamapa","impuesto IEPS","inundaciones Veracruz.","Maryjose Gamboa Torales","Pan Veracruz","Paquete Econ\u00f3mico 2026","reconstrucci\u00f3n Huasteca Veracruzana"],"articleSection":["De Boleto"],"inLanguage":"es"},{"@type":"WebPage","@id":"https:\/\/lospoliticosveracruz.com\/?p=154712","url":"https:\/\/lospoliticosveracruz.com\/?p=154712","name":"\u00a1QUE SIRVA DE ALGO EL IMPUESTO CHATARRA! - Los pol\u00edticos Veracruz","isPartOf":{"@id":"https:\/\/lospoliticosveracruz.com\/#website"},"primaryImageOfPage":{"@id":"https:\/\/lospoliticosveracruz.com\/?p=154712#primaryimage"},"image":{"@id":"https:\/\/lospoliticosveracruz.com\/?p=154712#primaryimage"},"thumbnailUrl":"https:\/\/lospoliticosveracruz.com\/wp-content\/uploads\/2025\/10\/Maryjose-1.jpeg","datePublished":"2025-10-17T03:49:47+00:00","dateModified":"2025-10-17T03:50:35+00:00","breadcrumb":{"@id":"https:\/\/lospoliticosveracruz.com\/?p=154712#breadcrumb"},"inLanguage":"es","potentialAction":[{"@type":"ReadAction","target":["https:\/\/lospoliticosveracruz.com\/?p=154712"]}]},{"@type":"ImageObject","inLanguage":"es","@id":"https:\/\/lospoliticosveracruz.com\/?p=154712#primaryimage","url":"https:\/\/lospoliticosveracruz.com\/wp-content\/uploads\/2025\/10\/Maryjose-1.jpeg","contentUrl":"https:\/\/lospoliticosveracruz.com\/wp-content\/uploads\/2025\/10\/Maryjose-1.jpeg","width":600,"height":320},{"@type":"BreadcrumbList","@id":"https:\/\/lospoliticosveracruz.com\/?p=154712#breadcrumb","itemListElement":[{"@type":"ListItem","position":1,"name":"Portada","item":"https:\/\/lospoliticosveracruz.com\/"},{"@type":"ListItem","position":2,"name":"\u00a1QUE SIRVA DE ALGO EL IMPUESTO CHATARRA!"}]},{"@type":"WebSite","@id":"https:\/\/lospoliticosveracruz.com\/#website","url":"https:\/\/lospoliticosveracruz.com\/","name":"Los pol\u00edticos Veracruz","description":"","publisher":{"@id":"https:\/\/lospoliticosveracruz.com\/#organization"},"potentialAction":[{"@type":"SearchAction","target":{"@type":"EntryPoint","urlTemplate":"https:\/\/lospoliticosveracruz.com\/?s={search_term_string}"},"query-input":{"@type":"PropertyValueSpecification","valueRequired":true,"valueName":"search_term_string"}}],"inLanguage":"es"},{"@type":"Organization","@id":"https:\/\/lospoliticosveracruz.com\/#organization","name":"Los pol\u00edticos Veracruz","url":"https:\/\/lospoliticosveracruz.com\/","logo":{"@type":"ImageObject","inLanguage":"es","@id":"https:\/\/lospoliticosveracruz.com\/#\/schema\/logo\/image\/","url":"https:\/\/lospoliticosveracruz.com\/wp-content\/uploads\/2025\/12\/Logo-Nuevo-LOS-POLITICOS-1.jpg","contentUrl":"https:\/\/lospoliticosveracruz.com\/wp-content\/uploads\/2025\/12\/Logo-Nuevo-LOS-POLITICOS-1.jpg","width":260,"height":70,"caption":"Los pol\u00edticos Veracruz"},"image":{"@id":"https:\/\/lospoliticosveracruz.com\/#\/schema\/logo\/image\/"},"sameAs":["https:\/\/www.facebook.com\/people\/Notimemes-de-los-Polticos\/61565672886568\/","https:\/\/x.com\/LosPoliticosVer"]},{"@type":"Person","@id":"https:\/\/lospoliticosveracruz.com\/#\/schema\/person\/b8702bb0e538456e6efd07080bf2a4a2","name":"Lo viste en Los Pol\u00edticos","image":{"@type":"ImageObject","inLanguage":"es","@id":"https:\/\/secure.gravatar.com\/avatar\/3a8de04a2656d44082be478bd6c086daa447c4651605818287b9532d3d0bd435?s=96&d=mm&r=g","url":"https:\/\/secure.gravatar.com\/avatar\/3a8de04a2656d44082be478bd6c086daa447c4651605818287b9532d3d0bd435?s=96&d=mm&r=g","contentUrl":"https:\/\/secure.gravatar.com\/avatar\/3a8de04a2656d44082be478bd6c086daa447c4651605818287b9532d3d0bd435?s=96&d=mm&r=g","caption":"Lo viste en Los Pol\u00edticos"},"url":"https:\/\/lospoliticosveracruz.com\/?author=2"}]}},"_links":{"self":[{"href":"https:\/\/lospoliticosveracruz.com\/index.php?rest_route=\/wp\/v2\/posts\/154712","targetHints":{"allow":["GET"]}}],"collection":[{"href":"https:\/\/lospoliticosveracruz.com\/index.php?rest_route=\/wp\/v2\/posts"}],"about":[{"href":"https:\/\/lospoliticosveracruz.com\/index.php?rest_route=\/wp\/v2\/types\/post"}],"author":[{"embeddable":true,"href":"https:\/\/lospoliticosveracruz.com\/index.php?rest_route=\/wp\/v2\/users\/2"}],"replies":[{"embeddable":true,"href":"https:\/\/lospoliticosveracruz.com\/index.php?rest_route=%2Fwp%2Fv2%2Fcomments&post=154712"}],"version-history":[{"count":1,"href":"https:\/\/lospoliticosveracruz.com\/index.php?rest_route=\/wp\/v2\/posts\/154712\/revisions"}],"predecessor-version":[{"id":154714,"href":"https:\/\/lospoliticosveracruz.com\/index.php?rest_route=\/wp\/v2\/posts\/154712\/revisions\/154714"}],"wp:featuredmedia":[{"embeddable":true,"href":"https:\/\/lospoliticosveracruz.com\/index.php?rest_route=\/wp\/v2\/media\/154713"}],"wp:attachment":[{"href":"https:\/\/lospoliticosveracruz.com\/index.php?rest_route=%2Fwp%2Fv2%2Fmedia&parent=154712"}],"wp:term":[{"taxonomy":"category","embeddable":true,"href":"https:\/\/lospoliticosveracruz.com\/index.php?rest_route=%2Fwp%2Fv2%2Fcategories&post=154712"},{"taxonomy":"post_tag","embeddable":true,"href":"https:\/\/lospoliticosveracruz.com\/index.php?rest_route=%2Fwp%2Fv2%2Ftags&post=154712"}],"curies":[{"name":"wp","href":"https:\/\/api.w.org\/{rel}","templated":true}]}}