{"id":15477,"date":"2015-03-25T00:52:54","date_gmt":"2015-03-25T06:52:54","guid":{"rendered":"http:\/\/www.lospoliticosveracruz.com.mx\/?p=15477"},"modified":"2015-03-25T00:52:54","modified_gmt":"2015-03-25T06:52:54","slug":"veracruz-sus-diversas-epocas-economicas-y-el-chapulin-colorado","status":"publish","type":"post","link":"https:\/\/lospoliticosveracruz.com\/?p=15477","title":{"rendered":"Veracruz: sus diversas \u00e9pocas econ\u00f3micas y el chapul\u00edn colorado"},"content":{"rendered":"<p><a href=\"http:\/\/www.lospoliticosveracruz.com.mx\/wp-content\/uploads\/2015\/03\/Miguel-Alem\u00e1n.jpg\"><img loading=\"lazy\" decoding=\"async\" class=\"alignnone size-medium wp-image-15174\" src=\"http:\/\/www.lospoliticosveracruz.com.mx\/wp-content\/uploads\/2015\/03\/Miguel-Alem\u00e1n-300x168.jpg\" alt=\"Miguel Alem\u00e1n\" width=\"300\" height=\"168\" \/><\/a><\/p>\n<p><strong>Jos\u00e9 Luis Ortega Vidal<\/strong><\/p>\n<p><em>Claroscuros<\/em><\/p>\n<p>&nbsp;<\/p>\n<p>Tras su salida del poder en el 2004, Miguel Alem\u00e1n Velasco hered\u00f3 una deuda de 3 mil 500 millones de pesos en el estado de Veracruz.<br \/>\nEn el Sur: el gobierno de Alem\u00e1n hab\u00eda asfaltado el viejo camino que comunica a Soteapan con Acayucan, la misma ruta que en 1906 transitaron ind\u00edgenas despojados de sus tierras por la familia del dictador Porfirio D\u00edaz.<br \/>\nEl 30 de septiembre de aquel a\u00f1o el pueblo popoluca fue encabezado por el liberal oaxaque\u00f1o Hilario C. Salas con el prop\u00f3sito de estallar una Revoluci\u00f3n que dar\u00eda inicio con la toma de la plaza acayuque\u00f1a, donde el ej\u00e9rcito federal y vecinos conservadores les repelieron.<br \/>\nAunque la versi\u00f3n difundida desde el alemanismo establece que Miguel Alem\u00e1n Gonz\u00e1lez \u2013abuelo del gobernador sin vocaci\u00f3n de bombero- form\u00f3 parte de las huestes de Hilario C. Salas en aquella hist\u00f3rica batalla, historiadores serios han demostrado que no fue as\u00ed.<br \/>\nUn art\u00edculo del Doctor Alfredo Delgado Calder\u00f3n en la revista DistritoSur editada por el autor de este art\u00edculo y el poeta acayuque\u00f1o Orlando Guill\u00e9n, establece que Miguel Alem\u00e1n Gonz\u00e1lez simpatiz\u00f3 y apoy\u00f3 a Hilario C. Salas pero su incursi\u00f3n armada en la guerra civil mexicana fue posterior.<br \/>\nEl propio Delgado Calder\u00f3n comparte informaci\u00f3n obtenida en el Archivo General de la Naci\u00f3n donde se revela que Miguel Alem\u00e1n Gonz\u00e1lez envi\u00f3 una carta a Francisco I. Madero cobr\u00e1ndole el dinero que invirti\u00f3 en la lucha que lo llevar\u00eda a la Presidencia de la Rep\u00fablica, argument\u00e1ndole al precursor del Plan de San Luis que su familia padec\u00eda hambre y le urg\u00eda recuperar lo aportado a las armas en el Sur de Veracruz.<br \/>\nCosas de la vida, cosas de la historia: Miguel Alem\u00e1n Velasco dej\u00f3 endeudado a Veracruz al terminar su gobierno y una de las obras de su sexenio consisti\u00f3 en asfaltar la antigua v\u00eda de comunicaci\u00f3n por la que transitaron aut\u00e9nticos revolucionarios entre los que el ex gobernador crey\u00f3 \u2013o cree- se encontr\u00f3 su abuelo.<br \/>\nHoy sabemos que no fue as\u00ed: el abuelo del gobernador que hered\u00f3 una deuda de 3 mil 500 millones de pesos a Veracruz en realidad se sum\u00f3 a la lucha armada luego de los sucesos de Acayucan y apenas hubo un nuevo Presidente de M\u00e9xico le cobr\u00f3 el dinero invertido en el proceso que le llev\u00f3 al poder.<\/p>\n<p>(2)<br \/>\nLo anterior viene a cuenta porque el Veracruz actual est\u00e1 endeudado con m\u00e1s de 40 mil millones de pesos producto de un sexenio previo y poco m\u00e1s de cuatro a\u00f1os del actual, sin que se pueda hacer alusi\u00f3n a historia revolucionaria alguna.<br \/>\nPor lo menos en el caso de la deuda alemanista existen v\u00ednculos \u2013demag\u00f3gicos y falsos pero v\u00ednculos al fin- con un proceso revolucionario que a\u00fan mantiene rezagos profundos en M\u00e9xico y Veracruz, pero de la deuda de los m\u00e1s de 40 mil millones de pesos reconocidos oficialmente no queda claro en qu\u00e9 se han invertido ni se sabe a ciencia cierta en qu\u00e9 tiempo y c\u00f3mo le haremos para pagarlos.<\/p>\n<p>(3)<br \/>\nHay muchos temas actuales y del futuro inmediato que se ligan al tema financiero estatal:<\/p>\n<p>Las declaraciones un d\u00eda s\u00ed y otro tambi\u00e9n del Senador Jos\u00e9 Yunes Zorrilla -Presidente de la Comisi\u00f3n de Hacienda en la C\u00e1mara Alta del Congreso- en el sentido de que su alejamiento del gobernador Duarte obedece espec\u00edficamente a un manejo econ\u00f3mico y financiero en la entidad con el que no est\u00e1 de acuerdo\/las observaciones de la Auditor\u00eda Superior de la Federaci\u00f3n sobre la cuenta p\u00fablica veracruzana del 2013, en torno a la cual la ASF informar\u00e1 en agosto pr\u00f3ximo si el gobierno veracruzano ha solventado los requerimientos hechos\/ el arribo a la SEFIPLAN del sexto titular en menos de cinco a\u00f1os de gobierno\/el dec\u00e1logo de medidas de austeridad anunciado por Javier Duarte\/el reconocimiento de Antonio Nemi Dib, ex Secretario de Salud desde marzo del 2013 hasta septiembre del 2014, en el sentido de que en la SS existe una mafia que ha provocado muertes de pacientes por corrupci\u00f3n en el manejo de recursos -que el propio pol\u00edtico sea o no c\u00f3mplice por acci\u00f3n u omisi\u00f3n de tales hechos es tema aparte; por lo pronto ha publicado una carta donde reconoce los hechos sumamente graves-\/las elecciones del 2015 y las versiones recabadas por el reportero en dependencias estatales y federales donde se se\u00f1ala que est\u00e1n al borde del despido de cientos, miles de trabajadores a quienes se les retiene en este momento s\u00f3lo por la cercan\u00eda de los comicios\/el arribo \u2013en el 2016- de un gobierno de dos a\u00f1os en torno al cual hay muchas m\u00e1s dudas que certezas. Algunas de las tales dudas son: \u00bfCon qu\u00e9 dinero operar\u00e1 dicho gobierno? \u00bfA cu\u00e1nto ascender\u00e1 la deuda que le heredar\u00e1n? \u00bfC\u00f3mo podr\u00e1 operar con la tercera parte del tiempo de un gobierno normal, una deuda sin precedentes, un panorama financiero internacional y nacional que el Secretario de Hacienda Luis Videgaray ha vislumbrado tan dif\u00edcil al grado de recomendar a todos los gobernadores estar preparados para recibir cada vez menos dinero de la Federaci\u00f3n?<\/p>\n<p>(4)<br \/>\nDe acuerdo al doctor Alfredo Calder\u00f3n el revolucionario Miguel Alem\u00e1n Gonz\u00e1lez tuvo en el Presidente Francisco I. Madero la figura oportuna para cobrar la deuda que la Revoluci\u00f3n Mexicana ten\u00eda con \u00e9l y su familia.<br \/>\n\u00bfA qui\u00e9n podremos recurrir los veracruzanos?<br \/>\nY es que pa\u00b4 acabarla de amolar el chapul\u00edn colorado ya se nos adelant\u00f3 en el camino sin retorno.<\/p>\n","protected":false},"excerpt":{"rendered":"<p>Jos\u00e9 Luis Ortega Vidal Claroscuros &nbsp; Tras su salida del poder en el 2004, Miguel Alem\u00e1n Velasco hered\u00f3 una deuda de 3 mil 500 millones de pesos en el estado de Veracruz. En el Sur: el gobierno de Alem\u00e1n hab\u00eda asfaltado el viejo camino que comunica a Soteapan con Acayucan, la misma ruta que en [&hellip;]<\/p>\n","protected":false},"author":2,"featured_media":0,"comment_status":"open","ping_status":"open","sticky":false,"template":"","format":"standard","meta":{"tdm_status":"","tdm_grid_status":"","footnotes":""},"categories":[70],"tags":[2206,227,1800,2205],"class_list":{"0":"post-15477","1":"post","2":"type-post","3":"status-publish","4":"format-standard","6":"category-de-opinion","7":"tag-hilario-c-salas","8":"tag-jose-yunes-zorrilla","9":"tag-miguel-aleman-velasco","10":"tag-porfirio-diaz"},"yoast_head":"<!-- This site is optimized with the Yoast SEO plugin v27.4 - https:\/\/yoast.com\/product\/yoast-seo-wordpress\/ -->\n<title>Veracruz: sus diversas \u00e9pocas econ\u00f3micas y el chapul\u00edn colorado - Los pol\u00edticos Veracruz<\/title>\n<meta name=\"robots\" content=\"index, follow, max-snippet:-1, max-image-preview:large, max-video-preview:-1\" \/>\n<link rel=\"canonical\" href=\"https:\/\/lospoliticosveracruz.com\/?p=15477\" \/>\n<meta property=\"og:locale\" content=\"es_ES\" \/>\n<meta property=\"og:type\" content=\"article\" \/>\n<meta property=\"og:title\" content=\"Veracruz: sus diversas \u00e9pocas econ\u00f3micas y el chapul\u00edn colorado - Los pol\u00edticos Veracruz\" \/>\n<meta property=\"og:description\" content=\"Jos\u00e9 Luis Ortega Vidal Claroscuros &nbsp; Tras su salida del poder en el 2004, Miguel Alem\u00e1n Velasco hered\u00f3 una deuda de 3 mil 500 millones de pesos en el estado de Veracruz. En el Sur: el gobierno de Alem\u00e1n hab\u00eda asfaltado el viejo camino que comunica a Soteapan con Acayucan, la misma ruta que en [&hellip;]\" \/>\n<meta property=\"og:url\" content=\"https:\/\/lospoliticosveracruz.com\/?p=15477\" \/>\n<meta property=\"og:site_name\" content=\"Los pol\u00edticos Veracruz\" \/>\n<meta property=\"article:publisher\" content=\"https:\/\/www.facebook.com\/people\/Notimemes-de-los-Polticos\/61565672886568\/\" \/>\n<meta property=\"article:published_time\" content=\"2015-03-25T06:52:54+00:00\" \/>\n<meta property=\"og:image\" content=\"https:\/\/lospoliticosveracruz.com\/wp-content\/uploads\/2016\/07\/Logo-Dor.jpg\" \/>\n\t<meta property=\"og:image:width\" content=\"200\" \/>\n\t<meta property=\"og:image:height\" content=\"200\" \/>\n\t<meta property=\"og:image:type\" content=\"image\/jpeg\" \/>\n<meta name=\"author\" content=\"Lo viste en Los Pol\u00edticos\" \/>\n<meta name=\"twitter:card\" content=\"summary_large_image\" \/>\n<meta name=\"twitter:creator\" content=\"@LosPoliticosVer\" \/>\n<meta name=\"twitter:site\" content=\"@LosPoliticosVer\" \/>\n<meta name=\"twitter:label1\" content=\"Escrito por\" \/>\n\t<meta name=\"twitter:data1\" content=\"Lo viste en Los Pol\u00edticos\" \/>\n\t<meta name=\"twitter:label2\" content=\"Tiempo de lectura\" \/>\n\t<meta name=\"twitter:data2\" content=\"5 minutos\" \/>\n<script type=\"application\/ld+json\" class=\"yoast-schema-graph\">{\"@context\":\"https:\\\/\\\/schema.org\",\"@graph\":[{\"@type\":\"Article\",\"@id\":\"https:\\\/\\\/lospoliticosveracruz.com\\\/?p=15477#article\",\"isPartOf\":{\"@id\":\"https:\\\/\\\/lospoliticosveracruz.com\\\/?p=15477\"},\"author\":{\"name\":\"Lo viste en Los Pol\u00edticos\",\"@id\":\"https:\\\/\\\/lospoliticosveracruz.com\\\/#\\\/schema\\\/person\\\/b8702bb0e538456e6efd07080bf2a4a2\"},\"headline\":\"Veracruz: sus diversas \u00e9pocas econ\u00f3micas y el chapul\u00edn colorado\",\"datePublished\":\"2015-03-25T06:52:54+00:00\",\"mainEntityOfPage\":{\"@id\":\"https:\\\/\\\/lospoliticosveracruz.com\\\/?p=15477\"},\"wordCount\":983,\"commentCount\":0,\"publisher\":{\"@id\":\"https:\\\/\\\/lospoliticosveracruz.com\\\/#organization\"},\"keywords\":[\"Hilario C. Salas\",\"Jos\u00e9 Yunes Zorrilla\",\"Miguel Alem\u00e1n Velasco\",\"Porfirio D\u00edaz\"],\"articleSection\":[\"De Opini\u00f3n\"],\"inLanguage\":\"es\",\"potentialAction\":[{\"@type\":\"CommentAction\",\"name\":\"Comment\",\"target\":[\"https:\\\/\\\/lospoliticosveracruz.com\\\/?p=15477#respond\"]}]},{\"@type\":\"WebPage\",\"@id\":\"https:\\\/\\\/lospoliticosveracruz.com\\\/?p=15477\",\"url\":\"https:\\\/\\\/lospoliticosveracruz.com\\\/?p=15477\",\"name\":\"Veracruz: sus diversas \u00e9pocas econ\u00f3micas y el chapul\u00edn colorado - Los pol\u00edticos Veracruz\",\"isPartOf\":{\"@id\":\"https:\\\/\\\/lospoliticosveracruz.com\\\/#website\"},\"datePublished\":\"2015-03-25T06:52:54+00:00\",\"breadcrumb\":{\"@id\":\"https:\\\/\\\/lospoliticosveracruz.com\\\/?p=15477#breadcrumb\"},\"inLanguage\":\"es\",\"potentialAction\":[{\"@type\":\"ReadAction\",\"target\":[\"https:\\\/\\\/lospoliticosveracruz.com\\\/?p=15477\"]}]},{\"@type\":\"BreadcrumbList\",\"@id\":\"https:\\\/\\\/lospoliticosveracruz.com\\\/?p=15477#breadcrumb\",\"itemListElement\":[{\"@type\":\"ListItem\",\"position\":1,\"name\":\"Portada\",\"item\":\"https:\\\/\\\/lospoliticosveracruz.com\\\/\"},{\"@type\":\"ListItem\",\"position\":2,\"name\":\"Veracruz: sus diversas \u00e9pocas econ\u00f3micas y el chapul\u00edn colorado\"}]},{\"@type\":\"WebSite\",\"@id\":\"https:\\\/\\\/lospoliticosveracruz.com\\\/#website\",\"url\":\"https:\\\/\\\/lospoliticosveracruz.com\\\/\",\"name\":\"Los pol\u00edticos Veracruz\",\"description\":\"\",\"publisher\":{\"@id\":\"https:\\\/\\\/lospoliticosveracruz.com\\\/#organization\"},\"potentialAction\":[{\"@type\":\"SearchAction\",\"target\":{\"@type\":\"EntryPoint\",\"urlTemplate\":\"https:\\\/\\\/lospoliticosveracruz.com\\\/?s={search_term_string}\"},\"query-input\":{\"@type\":\"PropertyValueSpecification\",\"valueRequired\":true,\"valueName\":\"search_term_string\"}}],\"inLanguage\":\"es\"},{\"@type\":\"Organization\",\"@id\":\"https:\\\/\\\/lospoliticosveracruz.com\\\/#organization\",\"name\":\"Los pol\u00edticos Veracruz\",\"url\":\"https:\\\/\\\/lospoliticosveracruz.com\\\/\",\"logo\":{\"@type\":\"ImageObject\",\"inLanguage\":\"es\",\"@id\":\"https:\\\/\\\/lospoliticosveracruz.com\\\/#\\\/schema\\\/logo\\\/image\\\/\",\"url\":\"https:\\\/\\\/lospoliticosveracruz.com\\\/wp-content\\\/uploads\\\/2025\\\/12\\\/Logo-Nuevo-LOS-POLITICOS-1.jpg\",\"contentUrl\":\"https:\\\/\\\/lospoliticosveracruz.com\\\/wp-content\\\/uploads\\\/2025\\\/12\\\/Logo-Nuevo-LOS-POLITICOS-1.jpg\",\"width\":260,\"height\":70,\"caption\":\"Los pol\u00edticos Veracruz\"},\"image\":{\"@id\":\"https:\\\/\\\/lospoliticosveracruz.com\\\/#\\\/schema\\\/logo\\\/image\\\/\"},\"sameAs\":[\"https:\\\/\\\/www.facebook.com\\\/people\\\/Notimemes-de-los-Polticos\\\/61565672886568\\\/\",\"https:\\\/\\\/x.com\\\/LosPoliticosVer\"]},{\"@type\":\"Person\",\"@id\":\"https:\\\/\\\/lospoliticosveracruz.com\\\/#\\\/schema\\\/person\\\/b8702bb0e538456e6efd07080bf2a4a2\",\"name\":\"Lo viste en Los Pol\u00edticos\",\"image\":{\"@type\":\"ImageObject\",\"inLanguage\":\"es\",\"@id\":\"https:\\\/\\\/secure.gravatar.com\\\/avatar\\\/3a8de04a2656d44082be478bd6c086daa447c4651605818287b9532d3d0bd435?s=96&d=mm&r=g\",\"url\":\"https:\\\/\\\/secure.gravatar.com\\\/avatar\\\/3a8de04a2656d44082be478bd6c086daa447c4651605818287b9532d3d0bd435?s=96&d=mm&r=g\",\"contentUrl\":\"https:\\\/\\\/secure.gravatar.com\\\/avatar\\\/3a8de04a2656d44082be478bd6c086daa447c4651605818287b9532d3d0bd435?s=96&d=mm&r=g\",\"caption\":\"Lo viste en Los Pol\u00edticos\"},\"url\":\"https:\\\/\\\/lospoliticosveracruz.com\\\/?author=2\"}]}<\/script>\n<!-- \/ Yoast SEO plugin. -->","yoast_head_json":{"title":"Veracruz: sus diversas \u00e9pocas econ\u00f3micas y el chapul\u00edn colorado - Los pol\u00edticos Veracruz","robots":{"index":"index","follow":"follow","max-snippet":"max-snippet:-1","max-image-preview":"max-image-preview:large","max-video-preview":"max-video-preview:-1"},"canonical":"https:\/\/lospoliticosveracruz.com\/?p=15477","og_locale":"es_ES","og_type":"article","og_title":"Veracruz: sus diversas \u00e9pocas econ\u00f3micas y el chapul\u00edn colorado - Los pol\u00edticos Veracruz","og_description":"Jos\u00e9 Luis Ortega Vidal Claroscuros &nbsp; Tras su salida del poder en el 2004, Miguel Alem\u00e1n Velasco hered\u00f3 una deuda de 3 mil 500 millones de pesos en el estado de Veracruz. En el Sur: el gobierno de Alem\u00e1n hab\u00eda asfaltado el viejo camino que comunica a Soteapan con Acayucan, la misma ruta que en [&hellip;]","og_url":"https:\/\/lospoliticosveracruz.com\/?p=15477","og_site_name":"Los pol\u00edticos Veracruz","article_publisher":"https:\/\/www.facebook.com\/people\/Notimemes-de-los-Polticos\/61565672886568\/","article_published_time":"2015-03-25T06:52:54+00:00","og_image":[{"width":200,"height":200,"url":"https:\/\/lospoliticosveracruz.com\/wp-content\/uploads\/2016\/07\/Logo-Dor.jpg","type":"image\/jpeg"}],"author":"Lo viste en Los Pol\u00edticos","twitter_card":"summary_large_image","twitter_creator":"@LosPoliticosVer","twitter_site":"@LosPoliticosVer","twitter_misc":{"Escrito por":"Lo viste en Los Pol\u00edticos","Tiempo de lectura":"5 minutos"},"schema":{"@context":"https:\/\/schema.org","@graph":[{"@type":"Article","@id":"https:\/\/lospoliticosveracruz.com\/?p=15477#article","isPartOf":{"@id":"https:\/\/lospoliticosveracruz.com\/?p=15477"},"author":{"name":"Lo viste en Los Pol\u00edticos","@id":"https:\/\/lospoliticosveracruz.com\/#\/schema\/person\/b8702bb0e538456e6efd07080bf2a4a2"},"headline":"Veracruz: sus diversas \u00e9pocas econ\u00f3micas y el chapul\u00edn colorado","datePublished":"2015-03-25T06:52:54+00:00","mainEntityOfPage":{"@id":"https:\/\/lospoliticosveracruz.com\/?p=15477"},"wordCount":983,"commentCount":0,"publisher":{"@id":"https:\/\/lospoliticosveracruz.com\/#organization"},"keywords":["Hilario C. Salas","Jos\u00e9 Yunes Zorrilla","Miguel Alem\u00e1n Velasco","Porfirio D\u00edaz"],"articleSection":["De Opini\u00f3n"],"inLanguage":"es","potentialAction":[{"@type":"CommentAction","name":"Comment","target":["https:\/\/lospoliticosveracruz.com\/?p=15477#respond"]}]},{"@type":"WebPage","@id":"https:\/\/lospoliticosveracruz.com\/?p=15477","url":"https:\/\/lospoliticosveracruz.com\/?p=15477","name":"Veracruz: sus diversas \u00e9pocas econ\u00f3micas y el chapul\u00edn colorado - Los pol\u00edticos Veracruz","isPartOf":{"@id":"https:\/\/lospoliticosveracruz.com\/#website"},"datePublished":"2015-03-25T06:52:54+00:00","breadcrumb":{"@id":"https:\/\/lospoliticosveracruz.com\/?p=15477#breadcrumb"},"inLanguage":"es","potentialAction":[{"@type":"ReadAction","target":["https:\/\/lospoliticosveracruz.com\/?p=15477"]}]},{"@type":"BreadcrumbList","@id":"https:\/\/lospoliticosveracruz.com\/?p=15477#breadcrumb","itemListElement":[{"@type":"ListItem","position":1,"name":"Portada","item":"https:\/\/lospoliticosveracruz.com\/"},{"@type":"ListItem","position":2,"name":"Veracruz: sus diversas \u00e9pocas econ\u00f3micas y el chapul\u00edn colorado"}]},{"@type":"WebSite","@id":"https:\/\/lospoliticosveracruz.com\/#website","url":"https:\/\/lospoliticosveracruz.com\/","name":"Los pol\u00edticos Veracruz","description":"","publisher":{"@id":"https:\/\/lospoliticosveracruz.com\/#organization"},"potentialAction":[{"@type":"SearchAction","target":{"@type":"EntryPoint","urlTemplate":"https:\/\/lospoliticosveracruz.com\/?s={search_term_string}"},"query-input":{"@type":"PropertyValueSpecification","valueRequired":true,"valueName":"search_term_string"}}],"inLanguage":"es"},{"@type":"Organization","@id":"https:\/\/lospoliticosveracruz.com\/#organization","name":"Los pol\u00edticos Veracruz","url":"https:\/\/lospoliticosveracruz.com\/","logo":{"@type":"ImageObject","inLanguage":"es","@id":"https:\/\/lospoliticosveracruz.com\/#\/schema\/logo\/image\/","url":"https:\/\/lospoliticosveracruz.com\/wp-content\/uploads\/2025\/12\/Logo-Nuevo-LOS-POLITICOS-1.jpg","contentUrl":"https:\/\/lospoliticosveracruz.com\/wp-content\/uploads\/2025\/12\/Logo-Nuevo-LOS-POLITICOS-1.jpg","width":260,"height":70,"caption":"Los pol\u00edticos Veracruz"},"image":{"@id":"https:\/\/lospoliticosveracruz.com\/#\/schema\/logo\/image\/"},"sameAs":["https:\/\/www.facebook.com\/people\/Notimemes-de-los-Polticos\/61565672886568\/","https:\/\/x.com\/LosPoliticosVer"]},{"@type":"Person","@id":"https:\/\/lospoliticosveracruz.com\/#\/schema\/person\/b8702bb0e538456e6efd07080bf2a4a2","name":"Lo viste en Los Pol\u00edticos","image":{"@type":"ImageObject","inLanguage":"es","@id":"https:\/\/secure.gravatar.com\/avatar\/3a8de04a2656d44082be478bd6c086daa447c4651605818287b9532d3d0bd435?s=96&d=mm&r=g","url":"https:\/\/secure.gravatar.com\/avatar\/3a8de04a2656d44082be478bd6c086daa447c4651605818287b9532d3d0bd435?s=96&d=mm&r=g","contentUrl":"https:\/\/secure.gravatar.com\/avatar\/3a8de04a2656d44082be478bd6c086daa447c4651605818287b9532d3d0bd435?s=96&d=mm&r=g","caption":"Lo viste en Los Pol\u00edticos"},"url":"https:\/\/lospoliticosveracruz.com\/?author=2"}]}},"_links":{"self":[{"href":"https:\/\/lospoliticosveracruz.com\/index.php?rest_route=\/wp\/v2\/posts\/15477","targetHints":{"allow":["GET"]}}],"collection":[{"href":"https:\/\/lospoliticosveracruz.com\/index.php?rest_route=\/wp\/v2\/posts"}],"about":[{"href":"https:\/\/lospoliticosveracruz.com\/index.php?rest_route=\/wp\/v2\/types\/post"}],"author":[{"embeddable":true,"href":"https:\/\/lospoliticosveracruz.com\/index.php?rest_route=\/wp\/v2\/users\/2"}],"replies":[{"embeddable":true,"href":"https:\/\/lospoliticosveracruz.com\/index.php?rest_route=%2Fwp%2Fv2%2Fcomments&post=15477"}],"version-history":[{"count":1,"href":"https:\/\/lospoliticosveracruz.com\/index.php?rest_route=\/wp\/v2\/posts\/15477\/revisions"}],"predecessor-version":[{"id":15478,"href":"https:\/\/lospoliticosveracruz.com\/index.php?rest_route=\/wp\/v2\/posts\/15477\/revisions\/15478"}],"wp:attachment":[{"href":"https:\/\/lospoliticosveracruz.com\/index.php?rest_route=%2Fwp%2Fv2%2Fmedia&parent=15477"}],"wp:term":[{"taxonomy":"category","embeddable":true,"href":"https:\/\/lospoliticosveracruz.com\/index.php?rest_route=%2Fwp%2Fv2%2Fcategories&post=15477"},{"taxonomy":"post_tag","embeddable":true,"href":"https:\/\/lospoliticosveracruz.com\/index.php?rest_route=%2Fwp%2Fv2%2Ftags&post=15477"}],"curies":[{"name":"wp","href":"https:\/\/api.w.org\/{rel}","templated":true}]}}