{"id":154783,"date":"2025-10-17T12:16:43","date_gmt":"2025-10-17T17:16:43","guid":{"rendered":"https:\/\/lospoliticosveracruz.com.mx\/?p=154783"},"modified":"2025-10-17T12:32:19","modified_gmt":"2025-10-17T17:32:19","slug":"pan-las-alianzas-o-el-poder-lo-pusieron-duro","status":"publish","type":"post","link":"https:\/\/lospoliticosveracruz.com\/?p=154783","title":{"rendered":"PAN: \u00bfLAS ALIANZAS O EL PODER LO PUSIERON DURO?"},"content":{"rendered":"\n<p>S\u00edguenos ahora tambi\u00e9n en WhatsApp.\u00a0\u00a1<a href=\"https:\/\/whatsapp.com\/channel\/0029Va8zRWlEKyZIP3Z1dF0e\"><strong>Da clic aqu\u00ed<\/strong><\/a><strong>!<\/strong><\/p>\n\n\n\n<p><strong>Vicente Luna Hern\u00e1ndez<\/strong><\/p>\n\n\n\n<p>Se habla que las <strong>alianzas<\/strong> llevadas a cabo por el <strong>PAN<\/strong> m\u00e1s que ayudarlo lo perjudicaron. Se dice que su militancia se alej\u00f3, pero tambi\u00e9n es cierto que \u2014gracias a ellas\u2014 se posicion\u00f3 como la <strong>segunda fuerza pol\u00edtica del pa\u00eds<\/strong>. Tambi\u00e9n es cierto que tanto en <strong>2018<\/strong> como en <strong>2024<\/strong> logr\u00f3 impulsar a la silla presidencial a candidatos de sus filas o que hab\u00edan caminado en sus pasillos.<\/p>\n\n\n\n\n\n<p>Hablar de <strong>fracaso electoral<\/strong> es no ver los n\u00fameros y las circunstancias pol\u00edticas del momento. Por ejemplo: \u00bfhab\u00eda mejor candidato que <strong>Ricardo Anaya<\/strong> en el 2018? \u00bfPor qu\u00e9 logr\u00f3 sumar a <strong>MC<\/strong> y en el 24 ya no? \u00bfTen\u00eda una mejor opci\u00f3n que <strong>X\u00f3chitl G\u00e1lvez<\/strong>? \u00bfEn <strong>Veracruz<\/strong> hubiese ganado la gubernatura en el 2016 caminando solo?<\/p>\n\n\n\n<p>\u00bfCu\u00e1l es el \u201ctemor\u201d de caminar con el <strong>PRI<\/strong>? Poner de pretexto que es \u201cimpresentable\u201d el PRI es como pensar que son muy \u201cpresentables\u201d los aliados de <strong>Morena<\/strong>. \u00bfAlguien se acuerda que en el 2018 el <strong>Partido Verde<\/strong> apoy\u00f3 al PRI y terminando la elecci\u00f3n se sum\u00f3 a Morena? Si algo hay que reconocer al <strong>PT<\/strong> es que siempre camin\u00f3 al lado del fundador del partido guinda.<\/p>\n\n\n\n<p>\u00bfQu\u00e9 ha da\u00f1ado m\u00e1s al PAN? \u00bfSu alianza con el PRI o los se\u00f1alamientos de <strong>corrupci\u00f3n<\/strong> a trav\u00e9s del \u201c<strong>C\u00e1rtel Inmobiliario<\/strong>\u201d? \u00bfLa ambici\u00f3n vulgar de algunos de sus militantes m\u00e1s notables o la incongruencia de sus dirigencias nacionales? \u00bfEn serio da\u00f1a m\u00e1s el PRI al PAN que el Verde a Morena?<\/p>\n\n\n\n<p>No se trata de defender al PRI \u2014para eso tiene a todos los que est\u00e1n en n\u00f3mina\u2014 se trata de exhibir la <strong>pobreza de an\u00e1lisis<\/strong> hacia el interior del PAN. \u00bfQui\u00e9n jug\u00f3 un papel fundamental para que el oficialismo lograra aprobar su <strong>reforma judicial<\/strong>? \u00bfAlguien recuerda bajo qu\u00e9 siglas lleg\u00f3 al <strong>Congreso de la Uni\u00f3n<\/strong>?<\/p>\n\n\n\n<p>Lo cierto es que la <strong>fuerza electoral<\/strong> es tarea de cada partido en lo individual: difundir su ideolog\u00eda, integrar sus estructuras territoriales, defender y proponer causas justas en defensa de la Rep\u00fablica, se\u00f1alar actos de corrupci\u00f3n incluso de sus mismos gobernantes y funcionarios p\u00fablicos. Es algo que los partidos han dejado en el escritorio como simples proyectos de propaganda electoral, pero no han llevado a la pr\u00e1ctica.<\/p>\n\n\n\n<p>Es una realidad que los partidos se activan \u2014para justificar los privilegios que conlleva tener el registro\u2014 previo a un proceso electoral. La mayor\u00eda de los partidos presumen contar con un n\u00famero determinado de comit\u00e9s municipales o delegaciones, pero en territorio su estructura es hueca y vac\u00eda. No hay fortalecimiento territorial m\u00e1s que en el discurso, eso debilita el trabajo de toda campa\u00f1a electoral, m\u00e1s all\u00e1 de ir en alianza o no.<\/p>\n\n\n\n<p>Lo cierto es que el <strong>partido en el poder<\/strong>, en el discurso y en la pr\u00e1ctica, est\u00e1 en constante comunicaci\u00f3n con su base electoral y social. Eso es lo que los otros partidos han abandonado: por la ambici\u00f3n de sus grupos de poder al interior, por falta de inter\u00e9s, por soberbia y por <strong>pobreza pol\u00edtica<\/strong>.<\/p>\n\n\n\n<p>Hoy el PAN anuncia \u201c<strong>una nueva era<\/strong>\u201d para posicionar al partido como opci\u00f3n de gobierno; sin embargo, una cosa es el discurso nacional y otra la realidad pol\u00edtica en los estados. \u00bfD\u00f3nde est\u00e1 la <strong>dirigencia estatal del PAN de Veracruz<\/strong>?<\/p>\n\n\n\n<p>Lo cierto es que, gracias a un grupo de notables militantes aguerridos, apasionados, protagonistas en tribuna y en cualquier debate p\u00fablico, lograron y llegaron a tener un n\u00famero importante de municipios y legisladores. Despu\u00e9s lleg\u00f3 un distinguido militante del PRI y fue gobernador bajo las siglas del PAN. La historia no puede ni se debe ignorar. Por cierto, \u00bfqu\u00e9 cachucha traen aquellos que saborearon las mieles de ser gobierno? \u00bfGuinda o azul?<\/p>\n\n\n\n<p>De nada servir\u00e1 presumir el inicio de una \u201cnueva era\u201d si se siguen las mismas pr\u00e1cticas que provocaron que poco a poco se fuera desdibujando el partido ante la sociedad. Lo cierto es que tanto en el 2018 como en el 2024, en <strong>Veracruz<\/strong>, impulsaron a los mejores candidatos que ten\u00eda en ese momento: un candidato azul que hoy es guinda y un candidato del PRI. \u00bfA qui\u00e9n culpar de la \u201cpobreza\u201d de sus cuadros?<\/p>\n\n\n\n<p>La pregunta que se hacen los militantes es qui\u00e9nes impulsar\u00e1n la \u201cnueva era\u201d del PAN en Veracruz. \u00bfIr\u00e1n al frente los <strong>Cambranis<\/strong>, los <strong>Rementer\u00edas<\/strong>, los <strong>Manchas<\/strong>, los <strong>Rosales<\/strong>? \u00bfAterrizar\u00e1 el discurso de renovaci\u00f3n de cuadros en Veracruz?<\/p>\n\n\n\n<p>El problema del PAN no es ni fue el PRI. El problema del PAN fue su <strong>soberbia<\/strong> al llegar al poder presidencial y los actos de presunta <strong>corrupci\u00f3n<\/strong> de algunos de sus \u201cdistinguidos\u201d militantes. El problema del PAN fue la omisi\u00f3n ante la actuaci\u00f3n de un ex secretario de <strong>Seguridad P\u00fablica Federal<\/strong> y de otros ex funcionarios p\u00fablicos. El partido no alz\u00f3 la voz, no se desmarc\u00f3 de esos hechos, y por supuesto que tuvo un costo social para sus siglas. \u00bfAcaso le hizo m\u00e1s da\u00f1o el PRI que el alto ex funcionario que est\u00e1 preso en <strong>Estados Unidos<\/strong>?<\/p>\n\n\n\n<p>La realidad es que la <strong>democracia<\/strong> necesita partidos que representen el sentir de una parte de la sociedad mexicana tan plural y diferente. Lo cierto es que <strong>M\u00e9xico<\/strong> necesita no solo el pan en la mesa, sino tambi\u00e9n al <strong>PAN<\/strong> que como partido lleg\u00f3 a ser antes de acceder al poder presidencial.<\/p>\n\n\n\n<p>Hay una tarea para todos los partidos en M\u00e9xico: ser m\u00e1s territorio y justificar el dinero que reciben de <strong>prerrogativas<\/strong>; partidos en constante acci\u00f3n tanto en campo como en tribuna. La militancia del PAN se motivar\u00e1 cuando vea que del discurso de \u201cnueva era\u201d se pase a la <strong>acci\u00f3n territorial<\/strong>. De nada servir\u00e1 presumir un \u201crelanzamiento\u201d partidista si le apuesta solo al enojo social o a los errores del partido en el poder.<\/p>\n\n\n\n<p>El PAN sabe lo que tuvo que hacer para ser protagonista en la <strong>transici\u00f3n pol\u00edtica en M\u00e9xico<\/strong>. Ese manual lo debe de llevar a la pr\u00e1ctica sin simulaciones.<\/p>\n\n\n\n<p><strong>P.D.<\/strong> Con el \u00e1nimo de que quienes toman decisiones en el PAN no busquen \u201cerrores\u201d fuera, cuando deben superar los \u201cerrores\u201d propios\u2026 Escribir\u00e9 otro d\u00eda.<\/p>\n","protected":false},"excerpt":{"rendered":"<p>Vicente Luna Hern\u00e1ndez Se habla que las alianzas llevadas a cabo por el PAN m\u00e1s que ayudarlo lo perjudicaron. Se dice que su militancia se alej\u00f3, pero tambi\u00e9n es cierto que \u2014gracias a ellas\u2014 se posicion\u00f3 como la segunda fuerza pol\u00edtica del pa\u00eds. Tambi\u00e9n es cierto que tanto en 2018 como en 2024 logr\u00f3 impulsar [&hellip;]<\/p>\n","protected":false},"author":2,"featured_media":141415,"comment_status":"closed","ping_status":"closed","sticky":false,"template":"","format":"standard","meta":{"tdm_status":"","tdm_grid_status":"","footnotes":""},"categories":[70],"tags":[46754,46734,2850,17531],"class_list":{"0":"post-154783","1":"post","2":"type-post","3":"status-publish","4":"format-standard","5":"has-post-thumbnail","7":"category-de-opinion","8":"tag-pan-mexico","9":"tag-politica-veracruz-2","10":"tag-ricardo-anaya","11":"tag-xochitl-galvez"},"yoast_head":"<!-- This site is optimized with the Yoast SEO plugin v27.4 - https:\/\/yoast.com\/product\/yoast-seo-wordpress\/ -->\n<title>PAN: \u00bfLAS ALIANZAS O EL PODER LO PUSIERON DURO? - Los pol\u00edticos Veracruz<\/title>\n<meta name=\"robots\" content=\"index, follow, max-snippet:-1, max-image-preview:large, max-video-preview:-1\" \/>\n<link rel=\"canonical\" href=\"https:\/\/lospoliticosveracruz.com\/?p=154783\" \/>\n<meta property=\"og:locale\" content=\"es_ES\" \/>\n<meta property=\"og:type\" content=\"article\" \/>\n<meta property=\"og:title\" content=\"PAN: \u00bfLAS ALIANZAS O EL PODER LO PUSIERON DURO? - Los pol\u00edticos Veracruz\" \/>\n<meta property=\"og:description\" content=\"Vicente Luna Hern\u00e1ndez Se habla que las alianzas llevadas a cabo por el PAN m\u00e1s que ayudarlo lo perjudicaron. Se dice que su militancia se alej\u00f3, pero tambi\u00e9n es cierto que \u2014gracias a ellas\u2014 se posicion\u00f3 como la segunda fuerza pol\u00edtica del pa\u00eds. Tambi\u00e9n es cierto que tanto en 2018 como en 2024 logr\u00f3 impulsar [&hellip;]\" \/>\n<meta property=\"og:url\" content=\"https:\/\/lospoliticosveracruz.com\/?p=154783\" \/>\n<meta property=\"og:site_name\" content=\"Los pol\u00edticos Veracruz\" \/>\n<meta property=\"article:publisher\" content=\"https:\/\/www.facebook.com\/people\/Notimemes-de-los-Polticos\/61565672886568\/\" \/>\n<meta property=\"article:published_time\" content=\"2025-10-17T17:16:43+00:00\" \/>\n<meta property=\"article:modified_time\" content=\"2025-10-17T17:32:19+00:00\" \/>\n<meta property=\"og:image\" content=\"https:\/\/lospoliticosveracruz.com\/wp-content\/uploads\/2025\/04\/Vicente-Luna-Hernandez.jpg\" \/>\n\t<meta property=\"og:image:width\" content=\"1250\" \/>\n\t<meta property=\"og:image:height\" content=\"667\" \/>\n\t<meta property=\"og:image:type\" content=\"image\/jpeg\" \/>\n<meta name=\"author\" content=\"Lo viste en Los Pol\u00edticos\" \/>\n<meta name=\"twitter:card\" content=\"summary_large_image\" \/>\n<meta name=\"twitter:creator\" content=\"@LosPoliticosVer\" \/>\n<meta name=\"twitter:site\" content=\"@LosPoliticosVer\" \/>\n<meta name=\"twitter:label1\" content=\"Escrito por\" \/>\n\t<meta name=\"twitter:data1\" content=\"Lo viste en Los Pol\u00edticos\" \/>\n\t<meta name=\"twitter:label2\" content=\"Tiempo de lectura\" \/>\n\t<meta name=\"twitter:data2\" content=\"5 minutos\" \/>\n<script type=\"application\/ld+json\" class=\"yoast-schema-graph\">{\"@context\":\"https:\\\/\\\/schema.org\",\"@graph\":[{\"@type\":\"Article\",\"@id\":\"https:\\\/\\\/lospoliticosveracruz.com\\\/?p=154783#article\",\"isPartOf\":{\"@id\":\"https:\\\/\\\/lospoliticosveracruz.com\\\/?p=154783\"},\"author\":{\"name\":\"Lo viste en Los Pol\u00edticos\",\"@id\":\"https:\\\/\\\/lospoliticosveracruz.com\\\/#\\\/schema\\\/person\\\/b8702bb0e538456e6efd07080bf2a4a2\"},\"headline\":\"PAN: \u00bfLAS ALIANZAS O EL PODER LO PUSIERON DURO?\",\"datePublished\":\"2025-10-17T17:16:43+00:00\",\"dateModified\":\"2025-10-17T17:32:19+00:00\",\"mainEntityOfPage\":{\"@id\":\"https:\\\/\\\/lospoliticosveracruz.com\\\/?p=154783\"},\"wordCount\":1078,\"publisher\":{\"@id\":\"https:\\\/\\\/lospoliticosveracruz.com\\\/#organization\"},\"image\":{\"@id\":\"https:\\\/\\\/lospoliticosveracruz.com\\\/?p=154783#primaryimage\"},\"thumbnailUrl\":\"https:\\\/\\\/lospoliticosveracruz.com\\\/wp-content\\\/uploads\\\/2025\\\/04\\\/Vicente-Luna-Hernandez.jpg\",\"keywords\":[\"PAN M\u00e9xico\",\"pol\u00edtica Veracruz.\",\"Ricardo Anaya\",\"X\u00f3chitl G\u00e1lvez\"],\"articleSection\":[\"De Opini\u00f3n\"],\"inLanguage\":\"es\"},{\"@type\":\"WebPage\",\"@id\":\"https:\\\/\\\/lospoliticosveracruz.com\\\/?p=154783\",\"url\":\"https:\\\/\\\/lospoliticosveracruz.com\\\/?p=154783\",\"name\":\"PAN: \u00bfLAS ALIANZAS O EL PODER LO PUSIERON DURO? - Los pol\u00edticos Veracruz\",\"isPartOf\":{\"@id\":\"https:\\\/\\\/lospoliticosveracruz.com\\\/#website\"},\"primaryImageOfPage\":{\"@id\":\"https:\\\/\\\/lospoliticosveracruz.com\\\/?p=154783#primaryimage\"},\"image\":{\"@id\":\"https:\\\/\\\/lospoliticosveracruz.com\\\/?p=154783#primaryimage\"},\"thumbnailUrl\":\"https:\\\/\\\/lospoliticosveracruz.com\\\/wp-content\\\/uploads\\\/2025\\\/04\\\/Vicente-Luna-Hernandez.jpg\",\"datePublished\":\"2025-10-17T17:16:43+00:00\",\"dateModified\":\"2025-10-17T17:32:19+00:00\",\"breadcrumb\":{\"@id\":\"https:\\\/\\\/lospoliticosveracruz.com\\\/?p=154783#breadcrumb\"},\"inLanguage\":\"es\",\"potentialAction\":[{\"@type\":\"ReadAction\",\"target\":[\"https:\\\/\\\/lospoliticosveracruz.com\\\/?p=154783\"]}]},{\"@type\":\"ImageObject\",\"inLanguage\":\"es\",\"@id\":\"https:\\\/\\\/lospoliticosveracruz.com\\\/?p=154783#primaryimage\",\"url\":\"https:\\\/\\\/lospoliticosveracruz.com\\\/wp-content\\\/uploads\\\/2025\\\/04\\\/Vicente-Luna-Hernandez.jpg\",\"contentUrl\":\"https:\\\/\\\/lospoliticosveracruz.com\\\/wp-content\\\/uploads\\\/2025\\\/04\\\/Vicente-Luna-Hernandez.jpg\",\"width\":1250,\"height\":667},{\"@type\":\"BreadcrumbList\",\"@id\":\"https:\\\/\\\/lospoliticosveracruz.com\\\/?p=154783#breadcrumb\",\"itemListElement\":[{\"@type\":\"ListItem\",\"position\":1,\"name\":\"Portada\",\"item\":\"https:\\\/\\\/lospoliticosveracruz.com\\\/\"},{\"@type\":\"ListItem\",\"position\":2,\"name\":\"PAN: \u00bfLAS ALIANZAS O EL PODER LO PUSIERON DURO?\"}]},{\"@type\":\"WebSite\",\"@id\":\"https:\\\/\\\/lospoliticosveracruz.com\\\/#website\",\"url\":\"https:\\\/\\\/lospoliticosveracruz.com\\\/\",\"name\":\"Los pol\u00edticos Veracruz\",\"description\":\"\",\"publisher\":{\"@id\":\"https:\\\/\\\/lospoliticosveracruz.com\\\/#organization\"},\"potentialAction\":[{\"@type\":\"SearchAction\",\"target\":{\"@type\":\"EntryPoint\",\"urlTemplate\":\"https:\\\/\\\/lospoliticosveracruz.com\\\/?s={search_term_string}\"},\"query-input\":{\"@type\":\"PropertyValueSpecification\",\"valueRequired\":true,\"valueName\":\"search_term_string\"}}],\"inLanguage\":\"es\"},{\"@type\":\"Organization\",\"@id\":\"https:\\\/\\\/lospoliticosveracruz.com\\\/#organization\",\"name\":\"Los pol\u00edticos Veracruz\",\"url\":\"https:\\\/\\\/lospoliticosveracruz.com\\\/\",\"logo\":{\"@type\":\"ImageObject\",\"inLanguage\":\"es\",\"@id\":\"https:\\\/\\\/lospoliticosveracruz.com\\\/#\\\/schema\\\/logo\\\/image\\\/\",\"url\":\"https:\\\/\\\/lospoliticosveracruz.com\\\/wp-content\\\/uploads\\\/2025\\\/12\\\/Logo-Nuevo-LOS-POLITICOS-1.jpg\",\"contentUrl\":\"https:\\\/\\\/lospoliticosveracruz.com\\\/wp-content\\\/uploads\\\/2025\\\/12\\\/Logo-Nuevo-LOS-POLITICOS-1.jpg\",\"width\":260,\"height\":70,\"caption\":\"Los pol\u00edticos Veracruz\"},\"image\":{\"@id\":\"https:\\\/\\\/lospoliticosveracruz.com\\\/#\\\/schema\\\/logo\\\/image\\\/\"},\"sameAs\":[\"https:\\\/\\\/www.facebook.com\\\/people\\\/Notimemes-de-los-Polticos\\\/61565672886568\\\/\",\"https:\\\/\\\/x.com\\\/LosPoliticosVer\"]},{\"@type\":\"Person\",\"@id\":\"https:\\\/\\\/lospoliticosveracruz.com\\\/#\\\/schema\\\/person\\\/b8702bb0e538456e6efd07080bf2a4a2\",\"name\":\"Lo viste en Los Pol\u00edticos\",\"image\":{\"@type\":\"ImageObject\",\"inLanguage\":\"es\",\"@id\":\"https:\\\/\\\/secure.gravatar.com\\\/avatar\\\/3a8de04a2656d44082be478bd6c086daa447c4651605818287b9532d3d0bd435?s=96&d=mm&r=g\",\"url\":\"https:\\\/\\\/secure.gravatar.com\\\/avatar\\\/3a8de04a2656d44082be478bd6c086daa447c4651605818287b9532d3d0bd435?s=96&d=mm&r=g\",\"contentUrl\":\"https:\\\/\\\/secure.gravatar.com\\\/avatar\\\/3a8de04a2656d44082be478bd6c086daa447c4651605818287b9532d3d0bd435?s=96&d=mm&r=g\",\"caption\":\"Lo viste en Los Pol\u00edticos\"},\"url\":\"https:\\\/\\\/lospoliticosveracruz.com\\\/?author=2\"}]}<\/script>\n<!-- \/ Yoast SEO plugin. -->","yoast_head_json":{"title":"PAN: \u00bfLAS ALIANZAS O EL PODER LO PUSIERON DURO? - Los pol\u00edticos Veracruz","robots":{"index":"index","follow":"follow","max-snippet":"max-snippet:-1","max-image-preview":"max-image-preview:large","max-video-preview":"max-video-preview:-1"},"canonical":"https:\/\/lospoliticosveracruz.com\/?p=154783","og_locale":"es_ES","og_type":"article","og_title":"PAN: \u00bfLAS ALIANZAS O EL PODER LO PUSIERON DURO? - Los pol\u00edticos Veracruz","og_description":"Vicente Luna Hern\u00e1ndez Se habla que las alianzas llevadas a cabo por el PAN m\u00e1s que ayudarlo lo perjudicaron. Se dice que su militancia se alej\u00f3, pero tambi\u00e9n es cierto que \u2014gracias a ellas\u2014 se posicion\u00f3 como la segunda fuerza pol\u00edtica del pa\u00eds. Tambi\u00e9n es cierto que tanto en 2018 como en 2024 logr\u00f3 impulsar [&hellip;]","og_url":"https:\/\/lospoliticosveracruz.com\/?p=154783","og_site_name":"Los pol\u00edticos Veracruz","article_publisher":"https:\/\/www.facebook.com\/people\/Notimemes-de-los-Polticos\/61565672886568\/","article_published_time":"2025-10-17T17:16:43+00:00","article_modified_time":"2025-10-17T17:32:19+00:00","og_image":[{"width":1250,"height":667,"url":"https:\/\/lospoliticosveracruz.com\/wp-content\/uploads\/2025\/04\/Vicente-Luna-Hernandez.jpg","type":"image\/jpeg"}],"author":"Lo viste en Los Pol\u00edticos","twitter_card":"summary_large_image","twitter_creator":"@LosPoliticosVer","twitter_site":"@LosPoliticosVer","twitter_misc":{"Escrito por":"Lo viste en Los Pol\u00edticos","Tiempo de lectura":"5 minutos"},"schema":{"@context":"https:\/\/schema.org","@graph":[{"@type":"Article","@id":"https:\/\/lospoliticosveracruz.com\/?p=154783#article","isPartOf":{"@id":"https:\/\/lospoliticosveracruz.com\/?p=154783"},"author":{"name":"Lo viste en Los Pol\u00edticos","@id":"https:\/\/lospoliticosveracruz.com\/#\/schema\/person\/b8702bb0e538456e6efd07080bf2a4a2"},"headline":"PAN: \u00bfLAS ALIANZAS O EL PODER LO PUSIERON DURO?","datePublished":"2025-10-17T17:16:43+00:00","dateModified":"2025-10-17T17:32:19+00:00","mainEntityOfPage":{"@id":"https:\/\/lospoliticosveracruz.com\/?p=154783"},"wordCount":1078,"publisher":{"@id":"https:\/\/lospoliticosveracruz.com\/#organization"},"image":{"@id":"https:\/\/lospoliticosveracruz.com\/?p=154783#primaryimage"},"thumbnailUrl":"https:\/\/lospoliticosveracruz.com\/wp-content\/uploads\/2025\/04\/Vicente-Luna-Hernandez.jpg","keywords":["PAN M\u00e9xico","pol\u00edtica Veracruz.","Ricardo Anaya","X\u00f3chitl G\u00e1lvez"],"articleSection":["De Opini\u00f3n"],"inLanguage":"es"},{"@type":"WebPage","@id":"https:\/\/lospoliticosveracruz.com\/?p=154783","url":"https:\/\/lospoliticosveracruz.com\/?p=154783","name":"PAN: \u00bfLAS ALIANZAS O EL PODER LO PUSIERON DURO? - Los pol\u00edticos Veracruz","isPartOf":{"@id":"https:\/\/lospoliticosveracruz.com\/#website"},"primaryImageOfPage":{"@id":"https:\/\/lospoliticosveracruz.com\/?p=154783#primaryimage"},"image":{"@id":"https:\/\/lospoliticosveracruz.com\/?p=154783#primaryimage"},"thumbnailUrl":"https:\/\/lospoliticosveracruz.com\/wp-content\/uploads\/2025\/04\/Vicente-Luna-Hernandez.jpg","datePublished":"2025-10-17T17:16:43+00:00","dateModified":"2025-10-17T17:32:19+00:00","breadcrumb":{"@id":"https:\/\/lospoliticosveracruz.com\/?p=154783#breadcrumb"},"inLanguage":"es","potentialAction":[{"@type":"ReadAction","target":["https:\/\/lospoliticosveracruz.com\/?p=154783"]}]},{"@type":"ImageObject","inLanguage":"es","@id":"https:\/\/lospoliticosveracruz.com\/?p=154783#primaryimage","url":"https:\/\/lospoliticosveracruz.com\/wp-content\/uploads\/2025\/04\/Vicente-Luna-Hernandez.jpg","contentUrl":"https:\/\/lospoliticosveracruz.com\/wp-content\/uploads\/2025\/04\/Vicente-Luna-Hernandez.jpg","width":1250,"height":667},{"@type":"BreadcrumbList","@id":"https:\/\/lospoliticosveracruz.com\/?p=154783#breadcrumb","itemListElement":[{"@type":"ListItem","position":1,"name":"Portada","item":"https:\/\/lospoliticosveracruz.com\/"},{"@type":"ListItem","position":2,"name":"PAN: \u00bfLAS ALIANZAS O EL PODER LO PUSIERON DURO?"}]},{"@type":"WebSite","@id":"https:\/\/lospoliticosveracruz.com\/#website","url":"https:\/\/lospoliticosveracruz.com\/","name":"Los pol\u00edticos Veracruz","description":"","publisher":{"@id":"https:\/\/lospoliticosveracruz.com\/#organization"},"potentialAction":[{"@type":"SearchAction","target":{"@type":"EntryPoint","urlTemplate":"https:\/\/lospoliticosveracruz.com\/?s={search_term_string}"},"query-input":{"@type":"PropertyValueSpecification","valueRequired":true,"valueName":"search_term_string"}}],"inLanguage":"es"},{"@type":"Organization","@id":"https:\/\/lospoliticosveracruz.com\/#organization","name":"Los pol\u00edticos Veracruz","url":"https:\/\/lospoliticosveracruz.com\/","logo":{"@type":"ImageObject","inLanguage":"es","@id":"https:\/\/lospoliticosveracruz.com\/#\/schema\/logo\/image\/","url":"https:\/\/lospoliticosveracruz.com\/wp-content\/uploads\/2025\/12\/Logo-Nuevo-LOS-POLITICOS-1.jpg","contentUrl":"https:\/\/lospoliticosveracruz.com\/wp-content\/uploads\/2025\/12\/Logo-Nuevo-LOS-POLITICOS-1.jpg","width":260,"height":70,"caption":"Los pol\u00edticos Veracruz"},"image":{"@id":"https:\/\/lospoliticosveracruz.com\/#\/schema\/logo\/image\/"},"sameAs":["https:\/\/www.facebook.com\/people\/Notimemes-de-los-Polticos\/61565672886568\/","https:\/\/x.com\/LosPoliticosVer"]},{"@type":"Person","@id":"https:\/\/lospoliticosveracruz.com\/#\/schema\/person\/b8702bb0e538456e6efd07080bf2a4a2","name":"Lo viste en Los Pol\u00edticos","image":{"@type":"ImageObject","inLanguage":"es","@id":"https:\/\/secure.gravatar.com\/avatar\/3a8de04a2656d44082be478bd6c086daa447c4651605818287b9532d3d0bd435?s=96&d=mm&r=g","url":"https:\/\/secure.gravatar.com\/avatar\/3a8de04a2656d44082be478bd6c086daa447c4651605818287b9532d3d0bd435?s=96&d=mm&r=g","contentUrl":"https:\/\/secure.gravatar.com\/avatar\/3a8de04a2656d44082be478bd6c086daa447c4651605818287b9532d3d0bd435?s=96&d=mm&r=g","caption":"Lo viste en Los Pol\u00edticos"},"url":"https:\/\/lospoliticosveracruz.com\/?author=2"}]}},"_links":{"self":[{"href":"https:\/\/lospoliticosveracruz.com\/index.php?rest_route=\/wp\/v2\/posts\/154783","targetHints":{"allow":["GET"]}}],"collection":[{"href":"https:\/\/lospoliticosveracruz.com\/index.php?rest_route=\/wp\/v2\/posts"}],"about":[{"href":"https:\/\/lospoliticosveracruz.com\/index.php?rest_route=\/wp\/v2\/types\/post"}],"author":[{"embeddable":true,"href":"https:\/\/lospoliticosveracruz.com\/index.php?rest_route=\/wp\/v2\/users\/2"}],"replies":[{"embeddable":true,"href":"https:\/\/lospoliticosveracruz.com\/index.php?rest_route=%2Fwp%2Fv2%2Fcomments&post=154783"}],"version-history":[{"count":1,"href":"https:\/\/lospoliticosveracruz.com\/index.php?rest_route=\/wp\/v2\/posts\/154783\/revisions"}],"predecessor-version":[{"id":154784,"href":"https:\/\/lospoliticosveracruz.com\/index.php?rest_route=\/wp\/v2\/posts\/154783\/revisions\/154784"}],"wp:featuredmedia":[{"embeddable":true,"href":"https:\/\/lospoliticosveracruz.com\/index.php?rest_route=\/wp\/v2\/media\/141415"}],"wp:attachment":[{"href":"https:\/\/lospoliticosveracruz.com\/index.php?rest_route=%2Fwp%2Fv2%2Fmedia&parent=154783"}],"wp:term":[{"taxonomy":"category","embeddable":true,"href":"https:\/\/lospoliticosveracruz.com\/index.php?rest_route=%2Fwp%2Fv2%2Fcategories&post=154783"},{"taxonomy":"post_tag","embeddable":true,"href":"https:\/\/lospoliticosveracruz.com\/index.php?rest_route=%2Fwp%2Fv2%2Ftags&post=154783"}],"curies":[{"name":"wp","href":"https:\/\/api.w.org\/{rel}","templated":true}]}}