{"id":154786,"date":"2025-10-17T12:43:47","date_gmt":"2025-10-17T17:43:47","guid":{"rendered":"https:\/\/lospoliticosveracruz.com.mx\/?p=154786"},"modified":"2025-10-17T12:44:14","modified_gmt":"2025-10-17T17:44:14","slug":"en-morena-no-para-corruptos-en-el-fonden","status":"publish","type":"post","link":"https:\/\/lospoliticosveracruz.com\/?p=154786","title":{"rendered":"EN MORENA, NO; PARA CORRUPTOS, EN EL FONDEN"},"content":{"rendered":"\n<p>S\u00edguenos ahora tambi\u00e9n en WhatsApp.\u00a0\u00a1<a href=\"https:\/\/whatsapp.com\/channel\/0029Va8zRWlEKyZIP3Z1dF0e\"><strong>Da clic aqu\u00ed<\/strong><\/a><strong>!<\/strong><\/p>\n\n\n\n<p><strong>Bernardo Guti\u00e9rrez Parra<\/strong><\/p>\n\n\n\n<p>Desde el Caf\u00e9<\/p>\n\n\n\n<p>Tendr\u00eda unos veinte d\u00edas como titular del Ejecutivo cuando, en respuesta a una pregunta, <strong>Claudia Sheinbaum<\/strong> contest\u00f3: \u201cYo no miento\u201d y esa fue su primera mentira como presidenta. De entonces para ac\u00e1 recurre a las falacias o a las medias verdades con cierta frecuencia, aunque nada que ver con la manera compulsiva en que las vomitaba su antecesor.<\/p>\n\n\n\n\n\n<p>A prop\u00f3sito de las lluvias que azotaron la semana anterior en cinco estados, entre ellos <strong>Veracruz<\/strong>, que qued\u00f3 destrozado en la zona norte, un reportero le pregunt\u00f3 sobre la diferencia entre el <strong>Fondo de Desastres Naturales (FONDEN)<\/strong> y lo que est\u00e1 haciendo su gobierno.<\/p>\n\n\n\n<p>Como primera reacci\u00f3n, la presidenta se le fue encima a los periodistas. \u201cCada d\u00eda dicen lo mismo los coment\u00f3cratas, se ponen de acuerdo, yo creo que tienen un chat y alguien dice \u2018ahora esta es la l\u00ednea\u2019\u201d. Pero a rengl\u00f3n seguido se fue contra el FONDEN: \u201cAhora dicen que el FONDEN era un instrumento integral para atenci\u00f3n de desastres; falso, mentira. El FONDEN era un esquema burocr\u00e1tico, tardado y corrupto, con todas sus letras lo digo\u201d.<\/p>\n\n\n\n<p>Prometi\u00f3 que la pr\u00f3xima semana dar\u00e1 a conocer \u201cc\u00f3mo, durante ciertos periodos, se inventaban declaratorias de emergencia por ondas de calor y casualmente estas fechas estaban asociadas a periodos electorales\u201d. Y remach\u00f3: \u201cVamos a presentar la pr\u00f3xima semana las corruptelas del FONDEN durante diversos periodos. Es falso que fuera un sistema integral\u201d.<\/p>\n\n\n\n<p>A ver, que el FONDEN era burocr\u00e1tico y corrupto, la respuesta es s\u00ed. Pero de tardado no ten\u00eda nada; por el contrario, apoyaba a estados y municipios casi de manera inmediata, llevando <strong>agua<\/strong>, <strong>comida<\/strong> y <strong>medicinas<\/strong> incluso en zonas muy apartadas.<\/p>\n\n\n\n<p>Que de un peso del FONDEN no faltaba quien le ara\u00f1ara 30 centavos, eso hasta por sabido se calla. Pero los 70 centavos restantes serv\u00edan para <strong>reconstruir puentes, carreteras, hospitales, escuelas, mercados<\/strong> y hasta iglesias. Tambi\u00e9n serv\u00edan para darle de comer y dar agua a cientos de miles de familias, y apoyar a campesinos que perd\u00edan sus siembras y cosechas.<\/p>\n\n\n\n<p>De que hab\u00eda corrupci\u00f3n en el FONDEN, ni c\u00f3mo negarlo. Pero no debi\u00f3 haber tanta, ya que los corruptos dejaron en las arcas de ese Fondo <strong>55 mil millones de pesos<\/strong>, que al caer en las manos de <strong>Andr\u00e9s Manuel<\/strong> simple y sencillamente se evaporaron.<\/p>\n\n\n\n<p>Para calmar las embravecidas aguas de la furia ciudadana por falta de apoyos, la presidenta dijo ayer por la ma\u00f1ana: \u201cHay recursos, hay gobierno y hay ayuda y apoyo al pueblo; eso no hab\u00eda antes\u201d, pero volvi\u00f3 a mentir.<\/p>\n\n\n\n<p>El <strong>gobierno federal<\/strong> carece de solvencia econ\u00f3mica; <strong>Claudia Sheinbaum<\/strong> asegur\u00f3 que hay <strong>19 mil millones de pesos<\/strong> para hacer frente al desastre (cantidad que nadie ha visto) y la ayuda al pueblo ni con mucho es la de antes.<\/p>\n\n\n\n<p>Con el <strong>FONDEN<\/strong>, la ayuda era de respuesta r\u00e1pida (sobre todo en lo concerniente a agua potable, alimentos y medicinas); con la <strong>4T<\/strong> los apoyos est\u00e1n llegando a cuentagotas y no a todos los afectados.<\/p>\n\n\n\n<p>Ante la falta de auxilio y en medio de la inundaci\u00f3n, sali\u00f3 a flote la <strong>solidaridad de veracruzanos<\/strong> afectados por las lluvias, que se unieron para ayudar a otros veracruzanos que resultaron m\u00e1s fregados. Un ejemplo fueron casi un centenar de pobladores de <strong>Ilamatl\u00e1n<\/strong>, un municipio de la <strong>Huasteca Baja<\/strong>, que caminaron varios kil\u00f3metros cargando sobre sus espaldas v\u00edveres para los habitantes de la comunidad de <strong>Chahuatl\u00e1n<\/strong>, cuyas viviendas fueron cubiertas por el lodo.<\/p>\n\n\n\n<p>Pero para la presidenta, lo m\u00e1s importante es dar a conocer que hab\u00eda corrupci\u00f3n en el FONDEN \u201cy lo vamos a demostrar la pr\u00f3xima semana\u201d.<\/p>\n\n\n\n<p>El \u00fanico caso documentado hasta ahora (aunque m\u00e1s que corrupci\u00f3n fue cinismo puro), fue en <strong>septiembre del 2013<\/strong>, cuando el entonces director del FONDEN, <strong>Jos\u00e9 Mar\u00eda Tapia<\/strong>, se fue a <strong>Las Vegas<\/strong> a festejar con champa\u00f1a las fiestas patrias mientras dos huracanes azotaban las costas del Golfo y el Pac\u00edfico. Pero en descargo del FONDEN, la ayuda que brind\u00f3 en esa ocasi\u00f3n fue pronta y oportuna.<\/p>\n\n\n\n<p>A pesar del desliz, <strong>Pe\u00f1a Nieto<\/strong> lo aguant\u00f3 en el puesto hasta el 2016, en que le pidi\u00f3 su renuncia. No se volvi\u00f3 a saber de <strong>Jos\u00e9 Mar\u00eda Tapia<\/strong> hasta el 2019, cuando ya como <strong>senador de Morena<\/strong>, comenz\u00f3 a disfrutar de las mieles de la \u201causteridad republicana\u201d al hacerse una <strong>residencia de un mill\u00f3n de d\u00f3lares en Houston<\/strong>. Y en 2023 compr\u00f3 un <strong>departamento de 6 millones 500 mil d\u00f3lares en Miami<\/strong>.<\/p>\n\n\n\n<p>\u00bfLo presentar\u00e1 la se\u00f1ora <strong>Sheinbaum<\/strong> como ejemplo de corrupci\u00f3n en el FONDEN o lo cubrir\u00e1 con el manto de impunidad con el que la <strong>4T<\/strong> cobija a sus hijos (propios y adoptivos) por muy ratas que sean?<\/p>\n\n\n\n<p>\u00bfQu\u00e9 har\u00e1 la presidenta tras dar a conocer los chanchullos en el FONDEN? \u00bfMeter\u00e1 a los responsables en la c\u00e1rcel? \u00bfLos obligar\u00e1 a devolver lo robado? \u00bfLes restregar\u00e1 en p\u00fablico y en la cara que para honestos y honrados nom\u00e1s en la 4T?<\/p>\n\n\n\n<p>Habr\u00e1 que esperar para saber.<\/p>\n\n\n\n<p>Mientras eso sucede, en <strong>Poza Rica<\/strong> y <strong>\u00c1lamo<\/strong> (por poner dos ejemplos), miles y miles de sus habitantes se quejan de que \u201cya apesta a muerto\u201d por la falta de apoyo, empat\u00eda y hasta falta de verg\u00fcenza de una <strong>autoridad federal<\/strong>, que presume que todo mundo est\u00e1 recibiendo v\u00edveres y despensas, y que la <strong>reconstrucci\u00f3n avanza<\/strong> \u201cporque hay recursos y hay gobierno\u201d.<\/p>\n\n\n\n<p>Uta s\u00ed, c\u00f3mo no.<\/p>\n\n\n\n<p>\ud83d\udce7 <strong><a>bernagup28@gmail.com<\/a><\/strong><\/p>\n","protected":false},"excerpt":{"rendered":"<p>Bernardo Guti\u00e9rrez Parra Desde el Caf\u00e9 Tendr\u00eda unos veinte d\u00edas como titular del Ejecutivo cuando, en respuesta a una pregunta, Claudia Sheinbaum contest\u00f3: \u201cYo no miento\u201d y esa fue su primera mentira como presidenta. De entonces para ac\u00e1 recurre a las falacias o a las medias verdades con cierta frecuencia, aunque nada que ver con [&hellip;]<\/p>\n","protected":false},"author":2,"featured_media":141479,"comment_status":"closed","ping_status":"closed","sticky":false,"template":"","format":"standard","meta":{"tdm_status":"","tdm_grid_status":"","footnotes":""},"categories":[70],"tags":[9627,8643,46756,9649,1267],"class_list":{"0":"post-154786","1":"post","2":"type-post","3":"status-publish","4":"format-standard","5":"has-post-thumbnail","7":"category-de-opinion","8":"tag-claudia-sheinbaum","9":"tag-corrupcion-gubernamental","10":"tag-desastre-en-veracruz","11":"tag-fonden","12":"tag-poza-rica"},"yoast_head":"<!-- This site is optimized with the Yoast SEO plugin v27.4 - https:\/\/yoast.com\/product\/yoast-seo-wordpress\/ -->\n<title>EN MORENA, NO; PARA CORRUPTOS, EN EL FONDEN - Los pol\u00edticos Veracruz<\/title>\n<meta name=\"robots\" content=\"index, follow, max-snippet:-1, max-image-preview:large, max-video-preview:-1\" \/>\n<link rel=\"canonical\" href=\"https:\/\/lospoliticosveracruz.com\/?p=154786\" \/>\n<meta property=\"og:locale\" content=\"es_ES\" \/>\n<meta property=\"og:type\" content=\"article\" \/>\n<meta property=\"og:title\" content=\"EN MORENA, NO; PARA CORRUPTOS, EN EL FONDEN - Los pol\u00edticos Veracruz\" \/>\n<meta property=\"og:description\" content=\"Bernardo Guti\u00e9rrez Parra Desde el Caf\u00e9 Tendr\u00eda unos veinte d\u00edas como titular del Ejecutivo cuando, en respuesta a una pregunta, Claudia Sheinbaum contest\u00f3: \u201cYo no miento\u201d y esa fue su primera mentira como presidenta. De entonces para ac\u00e1 recurre a las falacias o a las medias verdades con cierta frecuencia, aunque nada que ver con [&hellip;]\" \/>\n<meta property=\"og:url\" content=\"https:\/\/lospoliticosveracruz.com\/?p=154786\" \/>\n<meta property=\"og:site_name\" content=\"Los pol\u00edticos Veracruz\" \/>\n<meta property=\"article:publisher\" content=\"https:\/\/www.facebook.com\/people\/Notimemes-de-los-Polticos\/61565672886568\/\" \/>\n<meta property=\"article:published_time\" content=\"2025-10-17T17:43:47+00:00\" \/>\n<meta property=\"article:modified_time\" content=\"2025-10-17T17:44:14+00:00\" \/>\n<meta property=\"og:image\" content=\"https:\/\/lospoliticosveracruz.com\/wp-content\/uploads\/2025\/04\/Bernardo-Gutierrez-Parra.jpg\" \/>\n\t<meta property=\"og:image:width\" content=\"1250\" \/>\n\t<meta property=\"og:image:height\" content=\"667\" \/>\n\t<meta property=\"og:image:type\" content=\"image\/jpeg\" \/>\n<meta name=\"author\" content=\"Lo viste en Los Pol\u00edticos\" \/>\n<meta name=\"twitter:card\" content=\"summary_large_image\" \/>\n<meta name=\"twitter:creator\" content=\"@LosPoliticosVer\" \/>\n<meta name=\"twitter:site\" content=\"@LosPoliticosVer\" \/>\n<meta name=\"twitter:label1\" content=\"Escrito por\" \/>\n\t<meta name=\"twitter:data1\" content=\"Lo viste en Los Pol\u00edticos\" \/>\n\t<meta name=\"twitter:label2\" content=\"Tiempo de lectura\" \/>\n\t<meta name=\"twitter:data2\" content=\"5 minutos\" \/>\n<script type=\"application\/ld+json\" class=\"yoast-schema-graph\">{\"@context\":\"https:\\\/\\\/schema.org\",\"@graph\":[{\"@type\":\"Article\",\"@id\":\"https:\\\/\\\/lospoliticosveracruz.com\\\/?p=154786#article\",\"isPartOf\":{\"@id\":\"https:\\\/\\\/lospoliticosveracruz.com\\\/?p=154786\"},\"author\":{\"name\":\"Lo viste en Los Pol\u00edticos\",\"@id\":\"https:\\\/\\\/lospoliticosveracruz.com\\\/#\\\/schema\\\/person\\\/b8702bb0e538456e6efd07080bf2a4a2\"},\"headline\":\"EN MORENA, NO; PARA CORRUPTOS, EN EL FONDEN\",\"datePublished\":\"2025-10-17T17:43:47+00:00\",\"dateModified\":\"2025-10-17T17:44:14+00:00\",\"mainEntityOfPage\":{\"@id\":\"https:\\\/\\\/lospoliticosveracruz.com\\\/?p=154786\"},\"wordCount\":946,\"publisher\":{\"@id\":\"https:\\\/\\\/lospoliticosveracruz.com\\\/#organization\"},\"image\":{\"@id\":\"https:\\\/\\\/lospoliticosveracruz.com\\\/?p=154786#primaryimage\"},\"thumbnailUrl\":\"https:\\\/\\\/lospoliticosveracruz.com\\\/wp-content\\\/uploads\\\/2025\\\/04\\\/Bernardo-Gutierrez-Parra.jpg\",\"keywords\":[\"Claudia Sheinbaum\",\"Corrupci\u00f3n gubernamental\",\"desastre en Veracruz.\",\"Fonden\",\"Poza Rica\"],\"articleSection\":[\"De Opini\u00f3n\"],\"inLanguage\":\"es\"},{\"@type\":\"WebPage\",\"@id\":\"https:\\\/\\\/lospoliticosveracruz.com\\\/?p=154786\",\"url\":\"https:\\\/\\\/lospoliticosveracruz.com\\\/?p=154786\",\"name\":\"EN MORENA, NO; PARA CORRUPTOS, EN EL FONDEN - Los pol\u00edticos Veracruz\",\"isPartOf\":{\"@id\":\"https:\\\/\\\/lospoliticosveracruz.com\\\/#website\"},\"primaryImageOfPage\":{\"@id\":\"https:\\\/\\\/lospoliticosveracruz.com\\\/?p=154786#primaryimage\"},\"image\":{\"@id\":\"https:\\\/\\\/lospoliticosveracruz.com\\\/?p=154786#primaryimage\"},\"thumbnailUrl\":\"https:\\\/\\\/lospoliticosveracruz.com\\\/wp-content\\\/uploads\\\/2025\\\/04\\\/Bernardo-Gutierrez-Parra.jpg\",\"datePublished\":\"2025-10-17T17:43:47+00:00\",\"dateModified\":\"2025-10-17T17:44:14+00:00\",\"breadcrumb\":{\"@id\":\"https:\\\/\\\/lospoliticosveracruz.com\\\/?p=154786#breadcrumb\"},\"inLanguage\":\"es\",\"potentialAction\":[{\"@type\":\"ReadAction\",\"target\":[\"https:\\\/\\\/lospoliticosveracruz.com\\\/?p=154786\"]}]},{\"@type\":\"ImageObject\",\"inLanguage\":\"es\",\"@id\":\"https:\\\/\\\/lospoliticosveracruz.com\\\/?p=154786#primaryimage\",\"url\":\"https:\\\/\\\/lospoliticosveracruz.com\\\/wp-content\\\/uploads\\\/2025\\\/04\\\/Bernardo-Gutierrez-Parra.jpg\",\"contentUrl\":\"https:\\\/\\\/lospoliticosveracruz.com\\\/wp-content\\\/uploads\\\/2025\\\/04\\\/Bernardo-Gutierrez-Parra.jpg\",\"width\":1250,\"height\":667},{\"@type\":\"BreadcrumbList\",\"@id\":\"https:\\\/\\\/lospoliticosveracruz.com\\\/?p=154786#breadcrumb\",\"itemListElement\":[{\"@type\":\"ListItem\",\"position\":1,\"name\":\"Portada\",\"item\":\"https:\\\/\\\/lospoliticosveracruz.com\\\/\"},{\"@type\":\"ListItem\",\"position\":2,\"name\":\"EN MORENA, NO; PARA CORRUPTOS, EN EL FONDEN\"}]},{\"@type\":\"WebSite\",\"@id\":\"https:\\\/\\\/lospoliticosveracruz.com\\\/#website\",\"url\":\"https:\\\/\\\/lospoliticosveracruz.com\\\/\",\"name\":\"Los pol\u00edticos Veracruz\",\"description\":\"\",\"publisher\":{\"@id\":\"https:\\\/\\\/lospoliticosveracruz.com\\\/#organization\"},\"potentialAction\":[{\"@type\":\"SearchAction\",\"target\":{\"@type\":\"EntryPoint\",\"urlTemplate\":\"https:\\\/\\\/lospoliticosveracruz.com\\\/?s={search_term_string}\"},\"query-input\":{\"@type\":\"PropertyValueSpecification\",\"valueRequired\":true,\"valueName\":\"search_term_string\"}}],\"inLanguage\":\"es\"},{\"@type\":\"Organization\",\"@id\":\"https:\\\/\\\/lospoliticosveracruz.com\\\/#organization\",\"name\":\"Los pol\u00edticos Veracruz\",\"url\":\"https:\\\/\\\/lospoliticosveracruz.com\\\/\",\"logo\":{\"@type\":\"ImageObject\",\"inLanguage\":\"es\",\"@id\":\"https:\\\/\\\/lospoliticosveracruz.com\\\/#\\\/schema\\\/logo\\\/image\\\/\",\"url\":\"https:\\\/\\\/lospoliticosveracruz.com\\\/wp-content\\\/uploads\\\/2025\\\/12\\\/Logo-Nuevo-LOS-POLITICOS-1.jpg\",\"contentUrl\":\"https:\\\/\\\/lospoliticosveracruz.com\\\/wp-content\\\/uploads\\\/2025\\\/12\\\/Logo-Nuevo-LOS-POLITICOS-1.jpg\",\"width\":260,\"height\":70,\"caption\":\"Los pol\u00edticos Veracruz\"},\"image\":{\"@id\":\"https:\\\/\\\/lospoliticosveracruz.com\\\/#\\\/schema\\\/logo\\\/image\\\/\"},\"sameAs\":[\"https:\\\/\\\/www.facebook.com\\\/people\\\/Notimemes-de-los-Polticos\\\/61565672886568\\\/\",\"https:\\\/\\\/x.com\\\/LosPoliticosVer\"]},{\"@type\":\"Person\",\"@id\":\"https:\\\/\\\/lospoliticosveracruz.com\\\/#\\\/schema\\\/person\\\/b8702bb0e538456e6efd07080bf2a4a2\",\"name\":\"Lo viste en Los Pol\u00edticos\",\"image\":{\"@type\":\"ImageObject\",\"inLanguage\":\"es\",\"@id\":\"https:\\\/\\\/secure.gravatar.com\\\/avatar\\\/3a8de04a2656d44082be478bd6c086daa447c4651605818287b9532d3d0bd435?s=96&d=mm&r=g\",\"url\":\"https:\\\/\\\/secure.gravatar.com\\\/avatar\\\/3a8de04a2656d44082be478bd6c086daa447c4651605818287b9532d3d0bd435?s=96&d=mm&r=g\",\"contentUrl\":\"https:\\\/\\\/secure.gravatar.com\\\/avatar\\\/3a8de04a2656d44082be478bd6c086daa447c4651605818287b9532d3d0bd435?s=96&d=mm&r=g\",\"caption\":\"Lo viste en Los Pol\u00edticos\"},\"url\":\"https:\\\/\\\/lospoliticosveracruz.com\\\/?author=2\"}]}<\/script>\n<!-- \/ Yoast SEO plugin. -->","yoast_head_json":{"title":"EN MORENA, NO; PARA CORRUPTOS, EN EL FONDEN - Los pol\u00edticos Veracruz","robots":{"index":"index","follow":"follow","max-snippet":"max-snippet:-1","max-image-preview":"max-image-preview:large","max-video-preview":"max-video-preview:-1"},"canonical":"https:\/\/lospoliticosveracruz.com\/?p=154786","og_locale":"es_ES","og_type":"article","og_title":"EN MORENA, NO; PARA CORRUPTOS, EN EL FONDEN - Los pol\u00edticos Veracruz","og_description":"Bernardo Guti\u00e9rrez Parra Desde el Caf\u00e9 Tendr\u00eda unos veinte d\u00edas como titular del Ejecutivo cuando, en respuesta a una pregunta, Claudia Sheinbaum contest\u00f3: \u201cYo no miento\u201d y esa fue su primera mentira como presidenta. De entonces para ac\u00e1 recurre a las falacias o a las medias verdades con cierta frecuencia, aunque nada que ver con [&hellip;]","og_url":"https:\/\/lospoliticosveracruz.com\/?p=154786","og_site_name":"Los pol\u00edticos Veracruz","article_publisher":"https:\/\/www.facebook.com\/people\/Notimemes-de-los-Polticos\/61565672886568\/","article_published_time":"2025-10-17T17:43:47+00:00","article_modified_time":"2025-10-17T17:44:14+00:00","og_image":[{"width":1250,"height":667,"url":"https:\/\/lospoliticosveracruz.com\/wp-content\/uploads\/2025\/04\/Bernardo-Gutierrez-Parra.jpg","type":"image\/jpeg"}],"author":"Lo viste en Los Pol\u00edticos","twitter_card":"summary_large_image","twitter_creator":"@LosPoliticosVer","twitter_site":"@LosPoliticosVer","twitter_misc":{"Escrito por":"Lo viste en Los Pol\u00edticos","Tiempo de lectura":"5 minutos"},"schema":{"@context":"https:\/\/schema.org","@graph":[{"@type":"Article","@id":"https:\/\/lospoliticosveracruz.com\/?p=154786#article","isPartOf":{"@id":"https:\/\/lospoliticosveracruz.com\/?p=154786"},"author":{"name":"Lo viste en Los Pol\u00edticos","@id":"https:\/\/lospoliticosveracruz.com\/#\/schema\/person\/b8702bb0e538456e6efd07080bf2a4a2"},"headline":"EN MORENA, NO; PARA CORRUPTOS, EN EL FONDEN","datePublished":"2025-10-17T17:43:47+00:00","dateModified":"2025-10-17T17:44:14+00:00","mainEntityOfPage":{"@id":"https:\/\/lospoliticosveracruz.com\/?p=154786"},"wordCount":946,"publisher":{"@id":"https:\/\/lospoliticosveracruz.com\/#organization"},"image":{"@id":"https:\/\/lospoliticosveracruz.com\/?p=154786#primaryimage"},"thumbnailUrl":"https:\/\/lospoliticosveracruz.com\/wp-content\/uploads\/2025\/04\/Bernardo-Gutierrez-Parra.jpg","keywords":["Claudia Sheinbaum","Corrupci\u00f3n gubernamental","desastre en Veracruz.","Fonden","Poza Rica"],"articleSection":["De Opini\u00f3n"],"inLanguage":"es"},{"@type":"WebPage","@id":"https:\/\/lospoliticosveracruz.com\/?p=154786","url":"https:\/\/lospoliticosveracruz.com\/?p=154786","name":"EN MORENA, NO; PARA CORRUPTOS, EN EL FONDEN - Los pol\u00edticos Veracruz","isPartOf":{"@id":"https:\/\/lospoliticosveracruz.com\/#website"},"primaryImageOfPage":{"@id":"https:\/\/lospoliticosveracruz.com\/?p=154786#primaryimage"},"image":{"@id":"https:\/\/lospoliticosveracruz.com\/?p=154786#primaryimage"},"thumbnailUrl":"https:\/\/lospoliticosveracruz.com\/wp-content\/uploads\/2025\/04\/Bernardo-Gutierrez-Parra.jpg","datePublished":"2025-10-17T17:43:47+00:00","dateModified":"2025-10-17T17:44:14+00:00","breadcrumb":{"@id":"https:\/\/lospoliticosveracruz.com\/?p=154786#breadcrumb"},"inLanguage":"es","potentialAction":[{"@type":"ReadAction","target":["https:\/\/lospoliticosveracruz.com\/?p=154786"]}]},{"@type":"ImageObject","inLanguage":"es","@id":"https:\/\/lospoliticosveracruz.com\/?p=154786#primaryimage","url":"https:\/\/lospoliticosveracruz.com\/wp-content\/uploads\/2025\/04\/Bernardo-Gutierrez-Parra.jpg","contentUrl":"https:\/\/lospoliticosveracruz.com\/wp-content\/uploads\/2025\/04\/Bernardo-Gutierrez-Parra.jpg","width":1250,"height":667},{"@type":"BreadcrumbList","@id":"https:\/\/lospoliticosveracruz.com\/?p=154786#breadcrumb","itemListElement":[{"@type":"ListItem","position":1,"name":"Portada","item":"https:\/\/lospoliticosveracruz.com\/"},{"@type":"ListItem","position":2,"name":"EN MORENA, NO; PARA CORRUPTOS, EN EL FONDEN"}]},{"@type":"WebSite","@id":"https:\/\/lospoliticosveracruz.com\/#website","url":"https:\/\/lospoliticosveracruz.com\/","name":"Los pol\u00edticos Veracruz","description":"","publisher":{"@id":"https:\/\/lospoliticosveracruz.com\/#organization"},"potentialAction":[{"@type":"SearchAction","target":{"@type":"EntryPoint","urlTemplate":"https:\/\/lospoliticosveracruz.com\/?s={search_term_string}"},"query-input":{"@type":"PropertyValueSpecification","valueRequired":true,"valueName":"search_term_string"}}],"inLanguage":"es"},{"@type":"Organization","@id":"https:\/\/lospoliticosveracruz.com\/#organization","name":"Los pol\u00edticos Veracruz","url":"https:\/\/lospoliticosveracruz.com\/","logo":{"@type":"ImageObject","inLanguage":"es","@id":"https:\/\/lospoliticosveracruz.com\/#\/schema\/logo\/image\/","url":"https:\/\/lospoliticosveracruz.com\/wp-content\/uploads\/2025\/12\/Logo-Nuevo-LOS-POLITICOS-1.jpg","contentUrl":"https:\/\/lospoliticosveracruz.com\/wp-content\/uploads\/2025\/12\/Logo-Nuevo-LOS-POLITICOS-1.jpg","width":260,"height":70,"caption":"Los pol\u00edticos Veracruz"},"image":{"@id":"https:\/\/lospoliticosveracruz.com\/#\/schema\/logo\/image\/"},"sameAs":["https:\/\/www.facebook.com\/people\/Notimemes-de-los-Polticos\/61565672886568\/","https:\/\/x.com\/LosPoliticosVer"]},{"@type":"Person","@id":"https:\/\/lospoliticosveracruz.com\/#\/schema\/person\/b8702bb0e538456e6efd07080bf2a4a2","name":"Lo viste en Los Pol\u00edticos","image":{"@type":"ImageObject","inLanguage":"es","@id":"https:\/\/secure.gravatar.com\/avatar\/3a8de04a2656d44082be478bd6c086daa447c4651605818287b9532d3d0bd435?s=96&d=mm&r=g","url":"https:\/\/secure.gravatar.com\/avatar\/3a8de04a2656d44082be478bd6c086daa447c4651605818287b9532d3d0bd435?s=96&d=mm&r=g","contentUrl":"https:\/\/secure.gravatar.com\/avatar\/3a8de04a2656d44082be478bd6c086daa447c4651605818287b9532d3d0bd435?s=96&d=mm&r=g","caption":"Lo viste en Los Pol\u00edticos"},"url":"https:\/\/lospoliticosveracruz.com\/?author=2"}]}},"_links":{"self":[{"href":"https:\/\/lospoliticosveracruz.com\/index.php?rest_route=\/wp\/v2\/posts\/154786","targetHints":{"allow":["GET"]}}],"collection":[{"href":"https:\/\/lospoliticosveracruz.com\/index.php?rest_route=\/wp\/v2\/posts"}],"about":[{"href":"https:\/\/lospoliticosveracruz.com\/index.php?rest_route=\/wp\/v2\/types\/post"}],"author":[{"embeddable":true,"href":"https:\/\/lospoliticosveracruz.com\/index.php?rest_route=\/wp\/v2\/users\/2"}],"replies":[{"embeddable":true,"href":"https:\/\/lospoliticosveracruz.com\/index.php?rest_route=%2Fwp%2Fv2%2Fcomments&post=154786"}],"version-history":[{"count":2,"href":"https:\/\/lospoliticosveracruz.com\/index.php?rest_route=\/wp\/v2\/posts\/154786\/revisions"}],"predecessor-version":[{"id":154788,"href":"https:\/\/lospoliticosveracruz.com\/index.php?rest_route=\/wp\/v2\/posts\/154786\/revisions\/154788"}],"wp:featuredmedia":[{"embeddable":true,"href":"https:\/\/lospoliticosveracruz.com\/index.php?rest_route=\/wp\/v2\/media\/141479"}],"wp:attachment":[{"href":"https:\/\/lospoliticosveracruz.com\/index.php?rest_route=%2Fwp%2Fv2%2Fmedia&parent=154786"}],"wp:term":[{"taxonomy":"category","embeddable":true,"href":"https:\/\/lospoliticosveracruz.com\/index.php?rest_route=%2Fwp%2Fv2%2Fcategories&post=154786"},{"taxonomy":"post_tag","embeddable":true,"href":"https:\/\/lospoliticosveracruz.com\/index.php?rest_route=%2Fwp%2Fv2%2Ftags&post=154786"}],"curies":[{"name":"wp","href":"https:\/\/api.w.org\/{rel}","templated":true}]}}