{"id":154824,"date":"2025-10-20T07:14:34","date_gmt":"2025-10-20T12:14:34","guid":{"rendered":"https:\/\/lospoliticosveracruz.com.mx\/?p=154824"},"modified":"2025-10-20T07:15:02","modified_gmt":"2025-10-20T12:15:02","slug":"relanzan-al-pan-y-refunden-al-pri","status":"publish","type":"post","link":"https:\/\/lospoliticosveracruz.com\/?p=154824","title":{"rendered":"RELANZAN AL PAN Y REFUNDEN AL PRI"},"content":{"rendered":"\n<p><br><strong>Bernardo Guti\u00e9rrez Parra<\/strong><\/p>\n\n\n\n<p><em>Desde el Caf\u00e9<\/em><br>Despu\u00e9s de la desastrosa aventura que tuvieron en coalici\u00f3n el PAN, el PRI y el PRD que llev\u00f3 al blanquiazul a perder credibilidad, al tricolor a perder militantes, al PRD a perder el registro y a los tres a perder alcald\u00edas, gubernaturas y la presidencia de la Rep\u00fablica, la dirigencia del PAN la pens\u00f3 mejor y este s\u00e1bado relanz\u00f3 a su partido con un nuevo logo y nuevo lema, aunque con los mismos panistas.<\/p>\n\n\n\n\n\n<p>Desde el Front\u00f3n M\u00e9xico, su presidente Jorge Romero Herrera dijo: \u201cEl PAN pone punto final a una era y hoy se apuesta por el PAN. Ningunas siglas se antepondr\u00e1n a las nuestras. La alianza que s\u00ed tendremos ser\u00e1 con los aut\u00e9nticos liderazgos ciudadanos\u2026 Esta es la era en la que los panistas le apostamos todo al PAN; donde toda nuestra energ\u00eda, toda nuestra alma y esp\u00edritu los usaremos para lograr que la gente vuelva a confiar en el PAN\u201d.<\/p>\n\n\n\n<p>Mandar al diablo al PRI fue lo mejor que pudo haber hecho el PAN ya que el tricolor no le dio nada. De hecho, le rest\u00f3 votos del propio panismo.<\/p>\n\n\n\n<p>De ser una oposici\u00f3n s\u00f3lida, el PAN es en estos momentos una oposici\u00f3n casi testimonial y con una gran paradoja: si por un lado es la segunda fuerza pol\u00edtica en n\u00famero de legisladores, por el otro es el partido con menos militantes ya que su padr\u00f3n es de 277 mil 600.<\/p>\n\n\n\n<p>\u201cLa alianza fue una garrafal babosada que felizmente termin\u00f3. Ahora hay que ver para adelante de la mano de los ciudadanos, abrir el partido a todos, facilitar la afiliaci\u00f3n, convencer a los bur\u00f3cratas, campesinos, universitarios, amas de casa, no de que somos la mejor opci\u00f3n porque eso ya est\u00e1 muy choteado, sino convencerlos de que juntos podemos hacer de M\u00e9xico un pa\u00eds mejor\u201d, me dijo este domingo un panista veracruzano que estuvo en el guateque.<\/p>\n\n\n\n<p>El tipo es un convencido de que los cambios no solo son cosm\u00e9ticos sino de fondo y que el trabajo que tienen enfrente ser\u00e1 arduo y sinuoso. \u201cEl plan est\u00e1 bien definido, debemos ganar al menos 150 distritos en el 2027 si queremos volver a ser una oposici\u00f3n de respeto y eso se lograr\u00e1 con trabajo, trabajo y m\u00e1s trabajo. M\u00e1s que un relanzamiento, lo que sucedi\u00f3 el s\u00e1bado en M\u00e9xico fue la refundaci\u00f3n del PAN y del panismo\u201d.<\/p>\n\n\n\n<p>\u00bfY el PRI?<\/p>\n\n\n\n<p>Futa\u2026<\/p>\n\n\n\n<p>Salvo tu mejor opini\u00f3n lector, el PRI est\u00e1 refundido. Y a quien m\u00e1s debe preocuparle este divorcio por \u201cmotivos irreconciliables\u201d es a su l\u00edder, Alejandro \u201cAlito\u201d Moreno, que a pesar de que desde hace meses ve\u00eda venir el rompimiento con el PAN (el distanciamiento ya se hab\u00eda producido), segu\u00eda hablando de la necesidad de una alianza para hacer frente a Morena en 2027 y 2030.<\/p>\n\n\n\n<p>El relanzamiento del PAN es lo peor que le puede suceder al PRI en estos tiempos que corren, porque si el blanquiazul no necesita del tricolor, \u00e9ste s\u00ed necesita del PAN para sobrevivir.<\/p>\n\n\n\n<p>Ah\u00ed est\u00e1 Movimiento Ciudadano \u00bfno?<\/p>\n\n\n\n<p>Pues no.<\/p>\n\n\n\n<p>Ayer por la tarde contact\u00e9 con un fundador del partido naranja para preguntarle sobre una posible alianza con el PRI y me contest\u00f3 lo que han dicho Dante, M\u00e1ynez y el l\u00edder estatal en Veracruz, Luis Carbonell: \u201cCon el PRI ni a la esquina\u201d.<\/p>\n\n\n\n<p>Lo que haga el PAN a partir del s\u00e1bado de su relanzamiento le redituar\u00e1 simpat\u00edas, simpatizantes y votos. \u00bfCu\u00e1ntos? Eso es harina de otro costal.<\/p>\n\n\n\n<p>Es seguro que regresen los que se inconformaron con la alianza, se adhieran priistas que ya no le ven futuro a su partido y perredistas desbalagados. \u00bfPero qu\u00e9 har\u00e1 el PRI en solitario y ayuno de mujeres y hombres que quieran ser sus candidatos?<\/p>\n\n\n\n<p>Solo que suceda un milagro, un verdadero milagro, lo que sigue para quienes a\u00fan son fieles al tricolor es prepararse para el impacto \u201cen un abismo profundo y negro como mi suerte\u201d. Igual que le pas\u00f3 a Jos\u00e9 Alfredo.<\/p>\n\n\n\n<p>bernagup28@gmail.com<\/p>\n","protected":false},"excerpt":{"rendered":"<p>Bernardo Guti\u00e9rrez Parra Desde el Caf\u00e9Despu\u00e9s de la desastrosa aventura que tuvieron en coalici\u00f3n el PAN, el PRI y el PRD que llev\u00f3 al blanquiazul a perder credibilidad, al tricolor a perder militantes, al PRD a perder el registro y a los tres a perder alcald\u00edas, gubernaturas y la presidencia de la Rep\u00fablica, la dirigencia [&hellip;]<\/p>\n","protected":false},"author":2,"featured_media":141479,"comment_status":"closed","ping_status":"closed","sticky":false,"template":"","format":"standard","meta":{"tdm_status":"","tdm_grid_status":"","footnotes":""},"categories":[70,1],"tags":[24359,26108,266,251],"class_list":{"0":"post-154824","1":"post","2":"type-post","3":"status-publish","4":"format-standard","5":"has-post-thumbnail","7":"category-de-opinion","8":"category-sin-categoria","9":"tag-alito-moreno","10":"tag-jorge-romero-herrera","11":"tag-pan","12":"tag-pri"},"yoast_head":"<!-- This site is optimized with the Yoast SEO plugin v27.4 - https:\/\/yoast.com\/product\/yoast-seo-wordpress\/ -->\n<title>RELANZAN AL PAN Y REFUNDEN AL PRI - Los pol\u00edticos Veracruz<\/title>\n<meta name=\"robots\" content=\"index, follow, max-snippet:-1, max-image-preview:large, max-video-preview:-1\" \/>\n<link rel=\"canonical\" href=\"https:\/\/lospoliticosveracruz.com\/?p=154824\" \/>\n<meta property=\"og:locale\" content=\"es_ES\" \/>\n<meta property=\"og:type\" content=\"article\" \/>\n<meta property=\"og:title\" content=\"RELANZAN AL PAN Y REFUNDEN AL PRI - Los pol\u00edticos Veracruz\" \/>\n<meta property=\"og:description\" content=\"Bernardo Guti\u00e9rrez Parra Desde el Caf\u00e9Despu\u00e9s de la desastrosa aventura que tuvieron en coalici\u00f3n el PAN, el PRI y el PRD que llev\u00f3 al blanquiazul a perder credibilidad, al tricolor a perder militantes, al PRD a perder el registro y a los tres a perder alcald\u00edas, gubernaturas y la presidencia de la Rep\u00fablica, la dirigencia [&hellip;]\" \/>\n<meta property=\"og:url\" content=\"https:\/\/lospoliticosveracruz.com\/?p=154824\" \/>\n<meta property=\"og:site_name\" content=\"Los pol\u00edticos Veracruz\" \/>\n<meta property=\"article:publisher\" content=\"https:\/\/www.facebook.com\/people\/Notimemes-de-los-Polticos\/61565672886568\/\" \/>\n<meta property=\"article:published_time\" content=\"2025-10-20T12:14:34+00:00\" \/>\n<meta property=\"article:modified_time\" content=\"2025-10-20T12:15:02+00:00\" \/>\n<meta property=\"og:image\" content=\"https:\/\/lospoliticosveracruz.com\/wp-content\/uploads\/2025\/04\/Bernardo-Gutierrez-Parra.jpg\" \/>\n\t<meta property=\"og:image:width\" content=\"1250\" \/>\n\t<meta property=\"og:image:height\" content=\"667\" \/>\n\t<meta property=\"og:image:type\" content=\"image\/jpeg\" \/>\n<meta name=\"author\" content=\"Lo viste en Los Pol\u00edticos\" \/>\n<meta name=\"twitter:card\" content=\"summary_large_image\" \/>\n<meta name=\"twitter:creator\" content=\"@LosPoliticosVer\" \/>\n<meta name=\"twitter:site\" content=\"@LosPoliticosVer\" \/>\n<meta name=\"twitter:label1\" content=\"Escrito por\" \/>\n\t<meta name=\"twitter:data1\" content=\"Lo viste en Los Pol\u00edticos\" \/>\n\t<meta name=\"twitter:label2\" content=\"Tiempo de lectura\" \/>\n\t<meta name=\"twitter:data2\" content=\"3 minutos\" \/>\n<script type=\"application\/ld+json\" class=\"yoast-schema-graph\">{\"@context\":\"https:\\\/\\\/schema.org\",\"@graph\":[{\"@type\":\"Article\",\"@id\":\"https:\\\/\\\/lospoliticosveracruz.com\\\/?p=154824#article\",\"isPartOf\":{\"@id\":\"https:\\\/\\\/lospoliticosveracruz.com\\\/?p=154824\"},\"author\":{\"name\":\"Lo viste en Los Pol\u00edticos\",\"@id\":\"https:\\\/\\\/lospoliticosveracruz.com\\\/#\\\/schema\\\/person\\\/b8702bb0e538456e6efd07080bf2a4a2\"},\"headline\":\"RELANZAN AL PAN Y REFUNDEN AL PRI\",\"datePublished\":\"2025-10-20T12:14:34+00:00\",\"dateModified\":\"2025-10-20T12:15:02+00:00\",\"mainEntityOfPage\":{\"@id\":\"https:\\\/\\\/lospoliticosveracruz.com\\\/?p=154824\"},\"wordCount\":701,\"publisher\":{\"@id\":\"https:\\\/\\\/lospoliticosveracruz.com\\\/#organization\"},\"image\":{\"@id\":\"https:\\\/\\\/lospoliticosveracruz.com\\\/?p=154824#primaryimage\"},\"thumbnailUrl\":\"https:\\\/\\\/lospoliticosveracruz.com\\\/wp-content\\\/uploads\\\/2025\\\/04\\\/Bernardo-Gutierrez-Parra.jpg\",\"keywords\":[\"Alito Moreno\",\"Jorge Romero Herrera\",\"PAN\",\"PRI\"],\"articleSection\":[\"De Opini\u00f3n\"],\"inLanguage\":\"es\"},{\"@type\":\"WebPage\",\"@id\":\"https:\\\/\\\/lospoliticosveracruz.com\\\/?p=154824\",\"url\":\"https:\\\/\\\/lospoliticosveracruz.com\\\/?p=154824\",\"name\":\"RELANZAN AL PAN Y REFUNDEN AL PRI - Los pol\u00edticos Veracruz\",\"isPartOf\":{\"@id\":\"https:\\\/\\\/lospoliticosveracruz.com\\\/#website\"},\"primaryImageOfPage\":{\"@id\":\"https:\\\/\\\/lospoliticosveracruz.com\\\/?p=154824#primaryimage\"},\"image\":{\"@id\":\"https:\\\/\\\/lospoliticosveracruz.com\\\/?p=154824#primaryimage\"},\"thumbnailUrl\":\"https:\\\/\\\/lospoliticosveracruz.com\\\/wp-content\\\/uploads\\\/2025\\\/04\\\/Bernardo-Gutierrez-Parra.jpg\",\"datePublished\":\"2025-10-20T12:14:34+00:00\",\"dateModified\":\"2025-10-20T12:15:02+00:00\",\"breadcrumb\":{\"@id\":\"https:\\\/\\\/lospoliticosveracruz.com\\\/?p=154824#breadcrumb\"},\"inLanguage\":\"es\",\"potentialAction\":[{\"@type\":\"ReadAction\",\"target\":[\"https:\\\/\\\/lospoliticosveracruz.com\\\/?p=154824\"]}]},{\"@type\":\"ImageObject\",\"inLanguage\":\"es\",\"@id\":\"https:\\\/\\\/lospoliticosveracruz.com\\\/?p=154824#primaryimage\",\"url\":\"https:\\\/\\\/lospoliticosveracruz.com\\\/wp-content\\\/uploads\\\/2025\\\/04\\\/Bernardo-Gutierrez-Parra.jpg\",\"contentUrl\":\"https:\\\/\\\/lospoliticosveracruz.com\\\/wp-content\\\/uploads\\\/2025\\\/04\\\/Bernardo-Gutierrez-Parra.jpg\",\"width\":1250,\"height\":667},{\"@type\":\"BreadcrumbList\",\"@id\":\"https:\\\/\\\/lospoliticosveracruz.com\\\/?p=154824#breadcrumb\",\"itemListElement\":[{\"@type\":\"ListItem\",\"position\":1,\"name\":\"Portada\",\"item\":\"https:\\\/\\\/lospoliticosveracruz.com\\\/\"},{\"@type\":\"ListItem\",\"position\":2,\"name\":\"RELANZAN AL PAN Y REFUNDEN AL PRI\"}]},{\"@type\":\"WebSite\",\"@id\":\"https:\\\/\\\/lospoliticosveracruz.com\\\/#website\",\"url\":\"https:\\\/\\\/lospoliticosveracruz.com\\\/\",\"name\":\"Los pol\u00edticos Veracruz\",\"description\":\"\",\"publisher\":{\"@id\":\"https:\\\/\\\/lospoliticosveracruz.com\\\/#organization\"},\"potentialAction\":[{\"@type\":\"SearchAction\",\"target\":{\"@type\":\"EntryPoint\",\"urlTemplate\":\"https:\\\/\\\/lospoliticosveracruz.com\\\/?s={search_term_string}\"},\"query-input\":{\"@type\":\"PropertyValueSpecification\",\"valueRequired\":true,\"valueName\":\"search_term_string\"}}],\"inLanguage\":\"es\"},{\"@type\":\"Organization\",\"@id\":\"https:\\\/\\\/lospoliticosveracruz.com\\\/#organization\",\"name\":\"Los pol\u00edticos Veracruz\",\"url\":\"https:\\\/\\\/lospoliticosveracruz.com\\\/\",\"logo\":{\"@type\":\"ImageObject\",\"inLanguage\":\"es\",\"@id\":\"https:\\\/\\\/lospoliticosveracruz.com\\\/#\\\/schema\\\/logo\\\/image\\\/\",\"url\":\"https:\\\/\\\/lospoliticosveracruz.com\\\/wp-content\\\/uploads\\\/2025\\\/12\\\/Logo-Nuevo-LOS-POLITICOS-1.jpg\",\"contentUrl\":\"https:\\\/\\\/lospoliticosveracruz.com\\\/wp-content\\\/uploads\\\/2025\\\/12\\\/Logo-Nuevo-LOS-POLITICOS-1.jpg\",\"width\":260,\"height\":70,\"caption\":\"Los pol\u00edticos Veracruz\"},\"image\":{\"@id\":\"https:\\\/\\\/lospoliticosveracruz.com\\\/#\\\/schema\\\/logo\\\/image\\\/\"},\"sameAs\":[\"https:\\\/\\\/www.facebook.com\\\/people\\\/Notimemes-de-los-Polticos\\\/61565672886568\\\/\",\"https:\\\/\\\/x.com\\\/LosPoliticosVer\"]},{\"@type\":\"Person\",\"@id\":\"https:\\\/\\\/lospoliticosveracruz.com\\\/#\\\/schema\\\/person\\\/b8702bb0e538456e6efd07080bf2a4a2\",\"name\":\"Lo viste en Los Pol\u00edticos\",\"image\":{\"@type\":\"ImageObject\",\"inLanguage\":\"es\",\"@id\":\"https:\\\/\\\/secure.gravatar.com\\\/avatar\\\/3a8de04a2656d44082be478bd6c086daa447c4651605818287b9532d3d0bd435?s=96&d=mm&r=g\",\"url\":\"https:\\\/\\\/secure.gravatar.com\\\/avatar\\\/3a8de04a2656d44082be478bd6c086daa447c4651605818287b9532d3d0bd435?s=96&d=mm&r=g\",\"contentUrl\":\"https:\\\/\\\/secure.gravatar.com\\\/avatar\\\/3a8de04a2656d44082be478bd6c086daa447c4651605818287b9532d3d0bd435?s=96&d=mm&r=g\",\"caption\":\"Lo viste en Los Pol\u00edticos\"},\"url\":\"https:\\\/\\\/lospoliticosveracruz.com\\\/?author=2\"}]}<\/script>\n<!-- \/ Yoast SEO plugin. -->","yoast_head_json":{"title":"RELANZAN AL PAN Y REFUNDEN AL PRI - Los pol\u00edticos Veracruz","robots":{"index":"index","follow":"follow","max-snippet":"max-snippet:-1","max-image-preview":"max-image-preview:large","max-video-preview":"max-video-preview:-1"},"canonical":"https:\/\/lospoliticosveracruz.com\/?p=154824","og_locale":"es_ES","og_type":"article","og_title":"RELANZAN AL PAN Y REFUNDEN AL PRI - Los pol\u00edticos Veracruz","og_description":"Bernardo Guti\u00e9rrez Parra Desde el Caf\u00e9Despu\u00e9s de la desastrosa aventura que tuvieron en coalici\u00f3n el PAN, el PRI y el PRD que llev\u00f3 al blanquiazul a perder credibilidad, al tricolor a perder militantes, al PRD a perder el registro y a los tres a perder alcald\u00edas, gubernaturas y la presidencia de la Rep\u00fablica, la dirigencia [&hellip;]","og_url":"https:\/\/lospoliticosveracruz.com\/?p=154824","og_site_name":"Los pol\u00edticos Veracruz","article_publisher":"https:\/\/www.facebook.com\/people\/Notimemes-de-los-Polticos\/61565672886568\/","article_published_time":"2025-10-20T12:14:34+00:00","article_modified_time":"2025-10-20T12:15:02+00:00","og_image":[{"width":1250,"height":667,"url":"https:\/\/lospoliticosveracruz.com\/wp-content\/uploads\/2025\/04\/Bernardo-Gutierrez-Parra.jpg","type":"image\/jpeg"}],"author":"Lo viste en Los Pol\u00edticos","twitter_card":"summary_large_image","twitter_creator":"@LosPoliticosVer","twitter_site":"@LosPoliticosVer","twitter_misc":{"Escrito por":"Lo viste en Los Pol\u00edticos","Tiempo de lectura":"3 minutos"},"schema":{"@context":"https:\/\/schema.org","@graph":[{"@type":"Article","@id":"https:\/\/lospoliticosveracruz.com\/?p=154824#article","isPartOf":{"@id":"https:\/\/lospoliticosveracruz.com\/?p=154824"},"author":{"name":"Lo viste en Los Pol\u00edticos","@id":"https:\/\/lospoliticosveracruz.com\/#\/schema\/person\/b8702bb0e538456e6efd07080bf2a4a2"},"headline":"RELANZAN AL PAN Y REFUNDEN AL PRI","datePublished":"2025-10-20T12:14:34+00:00","dateModified":"2025-10-20T12:15:02+00:00","mainEntityOfPage":{"@id":"https:\/\/lospoliticosveracruz.com\/?p=154824"},"wordCount":701,"publisher":{"@id":"https:\/\/lospoliticosveracruz.com\/#organization"},"image":{"@id":"https:\/\/lospoliticosveracruz.com\/?p=154824#primaryimage"},"thumbnailUrl":"https:\/\/lospoliticosveracruz.com\/wp-content\/uploads\/2025\/04\/Bernardo-Gutierrez-Parra.jpg","keywords":["Alito Moreno","Jorge Romero Herrera","PAN","PRI"],"articleSection":["De Opini\u00f3n"],"inLanguage":"es"},{"@type":"WebPage","@id":"https:\/\/lospoliticosveracruz.com\/?p=154824","url":"https:\/\/lospoliticosveracruz.com\/?p=154824","name":"RELANZAN AL PAN Y REFUNDEN AL PRI - Los pol\u00edticos Veracruz","isPartOf":{"@id":"https:\/\/lospoliticosveracruz.com\/#website"},"primaryImageOfPage":{"@id":"https:\/\/lospoliticosveracruz.com\/?p=154824#primaryimage"},"image":{"@id":"https:\/\/lospoliticosveracruz.com\/?p=154824#primaryimage"},"thumbnailUrl":"https:\/\/lospoliticosveracruz.com\/wp-content\/uploads\/2025\/04\/Bernardo-Gutierrez-Parra.jpg","datePublished":"2025-10-20T12:14:34+00:00","dateModified":"2025-10-20T12:15:02+00:00","breadcrumb":{"@id":"https:\/\/lospoliticosveracruz.com\/?p=154824#breadcrumb"},"inLanguage":"es","potentialAction":[{"@type":"ReadAction","target":["https:\/\/lospoliticosveracruz.com\/?p=154824"]}]},{"@type":"ImageObject","inLanguage":"es","@id":"https:\/\/lospoliticosveracruz.com\/?p=154824#primaryimage","url":"https:\/\/lospoliticosveracruz.com\/wp-content\/uploads\/2025\/04\/Bernardo-Gutierrez-Parra.jpg","contentUrl":"https:\/\/lospoliticosveracruz.com\/wp-content\/uploads\/2025\/04\/Bernardo-Gutierrez-Parra.jpg","width":1250,"height":667},{"@type":"BreadcrumbList","@id":"https:\/\/lospoliticosveracruz.com\/?p=154824#breadcrumb","itemListElement":[{"@type":"ListItem","position":1,"name":"Portada","item":"https:\/\/lospoliticosveracruz.com\/"},{"@type":"ListItem","position":2,"name":"RELANZAN AL PAN Y REFUNDEN AL PRI"}]},{"@type":"WebSite","@id":"https:\/\/lospoliticosveracruz.com\/#website","url":"https:\/\/lospoliticosveracruz.com\/","name":"Los pol\u00edticos Veracruz","description":"","publisher":{"@id":"https:\/\/lospoliticosveracruz.com\/#organization"},"potentialAction":[{"@type":"SearchAction","target":{"@type":"EntryPoint","urlTemplate":"https:\/\/lospoliticosveracruz.com\/?s={search_term_string}"},"query-input":{"@type":"PropertyValueSpecification","valueRequired":true,"valueName":"search_term_string"}}],"inLanguage":"es"},{"@type":"Organization","@id":"https:\/\/lospoliticosveracruz.com\/#organization","name":"Los pol\u00edticos Veracruz","url":"https:\/\/lospoliticosveracruz.com\/","logo":{"@type":"ImageObject","inLanguage":"es","@id":"https:\/\/lospoliticosveracruz.com\/#\/schema\/logo\/image\/","url":"https:\/\/lospoliticosveracruz.com\/wp-content\/uploads\/2025\/12\/Logo-Nuevo-LOS-POLITICOS-1.jpg","contentUrl":"https:\/\/lospoliticosveracruz.com\/wp-content\/uploads\/2025\/12\/Logo-Nuevo-LOS-POLITICOS-1.jpg","width":260,"height":70,"caption":"Los pol\u00edticos Veracruz"},"image":{"@id":"https:\/\/lospoliticosveracruz.com\/#\/schema\/logo\/image\/"},"sameAs":["https:\/\/www.facebook.com\/people\/Notimemes-de-los-Polticos\/61565672886568\/","https:\/\/x.com\/LosPoliticosVer"]},{"@type":"Person","@id":"https:\/\/lospoliticosveracruz.com\/#\/schema\/person\/b8702bb0e538456e6efd07080bf2a4a2","name":"Lo viste en Los Pol\u00edticos","image":{"@type":"ImageObject","inLanguage":"es","@id":"https:\/\/secure.gravatar.com\/avatar\/3a8de04a2656d44082be478bd6c086daa447c4651605818287b9532d3d0bd435?s=96&d=mm&r=g","url":"https:\/\/secure.gravatar.com\/avatar\/3a8de04a2656d44082be478bd6c086daa447c4651605818287b9532d3d0bd435?s=96&d=mm&r=g","contentUrl":"https:\/\/secure.gravatar.com\/avatar\/3a8de04a2656d44082be478bd6c086daa447c4651605818287b9532d3d0bd435?s=96&d=mm&r=g","caption":"Lo viste en Los Pol\u00edticos"},"url":"https:\/\/lospoliticosveracruz.com\/?author=2"}]}},"_links":{"self":[{"href":"https:\/\/lospoliticosveracruz.com\/index.php?rest_route=\/wp\/v2\/posts\/154824","targetHints":{"allow":["GET"]}}],"collection":[{"href":"https:\/\/lospoliticosveracruz.com\/index.php?rest_route=\/wp\/v2\/posts"}],"about":[{"href":"https:\/\/lospoliticosveracruz.com\/index.php?rest_route=\/wp\/v2\/types\/post"}],"author":[{"embeddable":true,"href":"https:\/\/lospoliticosveracruz.com\/index.php?rest_route=\/wp\/v2\/users\/2"}],"replies":[{"embeddable":true,"href":"https:\/\/lospoliticosveracruz.com\/index.php?rest_route=%2Fwp%2Fv2%2Fcomments&post=154824"}],"version-history":[{"count":1,"href":"https:\/\/lospoliticosveracruz.com\/index.php?rest_route=\/wp\/v2\/posts\/154824\/revisions"}],"predecessor-version":[{"id":154825,"href":"https:\/\/lospoliticosveracruz.com\/index.php?rest_route=\/wp\/v2\/posts\/154824\/revisions\/154825"}],"wp:featuredmedia":[{"embeddable":true,"href":"https:\/\/lospoliticosveracruz.com\/index.php?rest_route=\/wp\/v2\/media\/141479"}],"wp:attachment":[{"href":"https:\/\/lospoliticosveracruz.com\/index.php?rest_route=%2Fwp%2Fv2%2Fmedia&parent=154824"}],"wp:term":[{"taxonomy":"category","embeddable":true,"href":"https:\/\/lospoliticosveracruz.com\/index.php?rest_route=%2Fwp%2Fv2%2Fcategories&post=154824"},{"taxonomy":"post_tag","embeddable":true,"href":"https:\/\/lospoliticosveracruz.com\/index.php?rest_route=%2Fwp%2Fv2%2Ftags&post=154824"}],"curies":[{"name":"wp","href":"https:\/\/api.w.org\/{rel}","templated":true}]}}