{"id":154890,"date":"2025-10-20T21:55:54","date_gmt":"2025-10-21T02:55:54","guid":{"rendered":"https:\/\/lospoliticosveracruz.com.mx\/?p=154890"},"modified":"2025-10-20T21:56:13","modified_gmt":"2025-10-21T02:56:13","slug":"la-reactivacion-economica-para-el-norte-de-veracruz-2","status":"publish","type":"post","link":"https:\/\/lospoliticosveracruz.com\/?p=154890","title":{"rendered":"LA REACTIVACI\u00d3N ECON\u00d3MICA PARA EL NORTE DE VERACRUZ"},"content":{"rendered":"\n<p><strong>Jos\u00e9 Luis Enr\u00edquez Ambell<\/strong><\/p>\n\n\n\n<p><em>Caf\u00e9 de Ma\u00f1ana<\/em><\/p>\n\n\n\n<p>Los desastres naturales combinan factores de distintos sectores institucionales y sociales, y en el corto, mediano y largo plazo, la reactivaci\u00f3n econ\u00f3mica debe entrar en acci\u00f3n.<\/p>\n\n\n\n<p>La din\u00e1mica inmediata, adem\u00e1s de las tareas de salvaguarda en materia de seguridad, limpieza y salud, incluye la asistencia financiera \u2014por medio de seguros o apoyos directos\u2014 que atienda da\u00f1os personales y patrimoniales, con el \u00e1nimo de reestructurar el comercio en su conjunto e impulsar el trabajo para la poblaci\u00f3n.<\/p>\n\n\n\n<p>Si bien la protecci\u00f3n de activos suele quedar en alto riesgo, lo que obliga a enfrentar nuevos e inciertos escenarios laborales y comerciales, la ayuda oficial oportuna permitir\u00e1 que los negocios formales e informales empiecen a superar la crisis, de la mano de programas gubernamentales orientados a la reconstrucci\u00f3n posible y sostenible.<\/p>\n\n\n\n<p>Las acciones inmediatas para la reactivaci\u00f3n econ\u00f3mica parten del levantamiento informativo de da\u00f1os. Una vez superada la fase de limpieza y registro de asistencias otorgadas, en Veracruz se entiende que la gobernadora Roc\u00edo Nahle impulsar\u00e1 \u2014como lo ha venido haciendo\u2014 que dependencias como Sedecop, Trabajo y Sefiplan, entre otras, encabecen el engranaje financiero y econ\u00f3mico para atender a los sectores afectados.<\/p>\n\n\n\n<p>El ofrecimiento de apoyo y solidaridad de la presidenta Claudia Sheinbaum y del Gobierno de la Rep\u00fablica ser\u00e1 el punto de enlace para canalizar programas y fondos que reparen los da\u00f1os y atiendan las necesidades inmediatas de la poblaci\u00f3n afectada.<\/p>\n\n\n\n<p>En ese sentido, habr\u00eda que esperar la activaci\u00f3n de cr\u00e9ditos para micro, peque\u00f1as y medianas empresas, con reglas de operaci\u00f3n transparentes. Tras los desastres, la reactivaci\u00f3n econ\u00f3mica enfrenta tambi\u00e9n nuevas condiciones de mercado y consumidores con h\u00e1bitos distintos, lo que obliga a comerciantes y autoridades a dise\u00f1ar estrategias que reduzcan costos y fortalezcan la liquidez m\u00ednima necesaria.<\/p>\n\n\n\n<p>Un punto no menor es el estr\u00e9s financiero que enfrentan trabajadores y empresarios ante la necesidad de renegociar plazos y condiciones de pago con sus acreedores.<\/p>\n\n\n\n<p>DE SOBREMESA<\/p>\n\n\n\n<p>El actual r\u00e9gimen estatal de Veracruz, ante la situaci\u00f3n en el norte del estado tras las inundaciones recientes, tiene ante s\u00ed la oportunidad de encabezar una recuperaci\u00f3n de largo alcance.<\/p>\n\n\n\n<p>La \u201cresiliencia futura\u201d, entendida como la capacidad de los sistemas \u2014individuales, sociales, econ\u00f3micos o ambientales\u2014 para resistir y reconstruirse, supondr\u00e1 que los desaf\u00edos pr\u00f3ximos mezclen aprendizaje, adaptaci\u00f3n y fortaleza para salir de la crisis y reencontrar en el desarrollo econ\u00f3mico un camino sostenible hacia el bienestar.<\/p>\n\n\n\n<p>UN CAF\u00c9 LECHERO LIGHT<\/p>\n\n\n\n<p>Los pr\u00f3ximos ayuntamientos deber\u00e1n abrir canales y estrategias que mantengan cerca al sector comercial en la etapa inicial de sus administraciones, especialmente en los municipios donde la poblaci\u00f3n y sus bienes resultaron m\u00e1s afectados.<\/p>\n\n\n\n<p>UN CAF\u00c9 CON PILONCILLO<\/p>\n\n\n\n<p>Fomentar y explorar la contrataci\u00f3n de seguros y fondos de emergencia en municipios vulnerables deber\u00eda ser una prioridad. Los ayuntamientos necesitan asesorarse en esta materia, pues la gesti\u00f3n comunitaria de emergencias requiere una visi\u00f3n m\u00e1s all\u00e1 del enfoque social.<\/p>\n\n\n\n<p>La coordinaci\u00f3n entre municipios, estado y federaci\u00f3n puede fortalecerse mediante alianzas con organismos nacionales e internacionales y la adopci\u00f3n de pr\u00e1cticas globales en gesti\u00f3n de desastres, orientadas a mejorar la capacidad de respuesta y recuperaci\u00f3n ante los embates de la naturaleza, privilegiando la prevenci\u00f3n para evitar p\u00e9rdidas econ\u00f3micas, sociales y, sobre todo, humanas.<\/p>\n\n\n\n<p>\u00a1ES CUANTO!<\/p>\n\n\n\n<p>enriquezambell@gmail.com<\/p>\n\n\n\n<p>enamjl62@gmail.com<\/p>\n","protected":false},"excerpt":{"rendered":"<p>Jos\u00e9 Luis Enr\u00edquez Ambell Caf\u00e9 de Ma\u00f1ana Los desastres naturales combinan factores de distintos sectores institucionales y sociales, y en el corto, mediano y largo plazo, la reactivaci\u00f3n econ\u00f3mica debe entrar en acci\u00f3n. La din\u00e1mica inmediata, adem\u00e1s de las tareas de salvaguarda en materia de seguridad, limpieza y salud, incluye la asistencia financiera \u2014por medio [&hellip;]<\/p>\n","protected":false},"author":2,"featured_media":141435,"comment_status":"closed","ping_status":"closed","sticky":false,"template":"","format":"standard","meta":{"tdm_status":"","tdm_grid_status":"","footnotes":""},"categories":[70],"tags":[],"class_list":{"0":"post-154890","1":"post","2":"type-post","3":"status-publish","4":"format-standard","5":"has-post-thumbnail","7":"category-de-opinion"},"yoast_head":"<!-- This site is optimized with the Yoast SEO plugin v27.4 - https:\/\/yoast.com\/product\/yoast-seo-wordpress\/ -->\n<title>LA REACTIVACI\u00d3N ECON\u00d3MICA PARA EL NORTE DE VERACRUZ - Los pol\u00edticos Veracruz<\/title>\n<meta name=\"robots\" content=\"index, follow, max-snippet:-1, max-image-preview:large, max-video-preview:-1\" \/>\n<link rel=\"canonical\" href=\"https:\/\/lospoliticosveracruz.com\/?p=154890\" \/>\n<meta property=\"og:locale\" content=\"es_ES\" \/>\n<meta property=\"og:type\" content=\"article\" \/>\n<meta property=\"og:title\" content=\"LA REACTIVACI\u00d3N ECON\u00d3MICA PARA EL NORTE DE VERACRUZ - Los pol\u00edticos Veracruz\" \/>\n<meta property=\"og:description\" content=\"Jos\u00e9 Luis Enr\u00edquez Ambell Caf\u00e9 de Ma\u00f1ana Los desastres naturales combinan factores de distintos sectores institucionales y sociales, y en el corto, mediano y largo plazo, la reactivaci\u00f3n econ\u00f3mica debe entrar en acci\u00f3n. La din\u00e1mica inmediata, adem\u00e1s de las tareas de salvaguarda en materia de seguridad, limpieza y salud, incluye la asistencia financiera \u2014por medio [&hellip;]\" \/>\n<meta property=\"og:url\" content=\"https:\/\/lospoliticosveracruz.com\/?p=154890\" \/>\n<meta property=\"og:site_name\" content=\"Los pol\u00edticos Veracruz\" \/>\n<meta property=\"article:publisher\" content=\"https:\/\/www.facebook.com\/people\/Notimemes-de-los-Polticos\/61565672886568\/\" \/>\n<meta property=\"article:published_time\" content=\"2025-10-21T02:55:54+00:00\" \/>\n<meta property=\"article:modified_time\" content=\"2025-10-21T02:56:13+00:00\" \/>\n<meta property=\"og:image\" content=\"https:\/\/lospoliticosveracruz.com\/wp-content\/uploads\/2025\/04\/Ambell.jpg\" \/>\n\t<meta property=\"og:image:width\" content=\"1250\" \/>\n\t<meta property=\"og:image:height\" content=\"667\" \/>\n\t<meta property=\"og:image:type\" content=\"image\/jpeg\" \/>\n<meta name=\"author\" content=\"Lo viste en Los Pol\u00edticos\" \/>\n<meta name=\"twitter:card\" content=\"summary_large_image\" \/>\n<meta name=\"twitter:creator\" content=\"@LosPoliticosVer\" \/>\n<meta name=\"twitter:site\" content=\"@LosPoliticosVer\" \/>\n<meta name=\"twitter:label1\" content=\"Escrito por\" \/>\n\t<meta name=\"twitter:data1\" content=\"Lo viste en Los Pol\u00edticos\" \/>\n\t<meta name=\"twitter:label2\" content=\"Tiempo de lectura\" \/>\n\t<meta name=\"twitter:data2\" content=\"3 minutos\" \/>\n<script type=\"application\/ld+json\" class=\"yoast-schema-graph\">{\"@context\":\"https:\\\/\\\/schema.org\",\"@graph\":[{\"@type\":\"Article\",\"@id\":\"https:\\\/\\\/lospoliticosveracruz.com\\\/?p=154890#article\",\"isPartOf\":{\"@id\":\"https:\\\/\\\/lospoliticosveracruz.com\\\/?p=154890\"},\"author\":{\"name\":\"Lo viste en Los Pol\u00edticos\",\"@id\":\"https:\\\/\\\/lospoliticosveracruz.com\\\/#\\\/schema\\\/person\\\/b8702bb0e538456e6efd07080bf2a4a2\"},\"headline\":\"LA REACTIVACI\u00d3N ECON\u00d3MICA PARA EL NORTE DE VERACRUZ\",\"datePublished\":\"2025-10-21T02:55:54+00:00\",\"dateModified\":\"2025-10-21T02:56:13+00:00\",\"mainEntityOfPage\":{\"@id\":\"https:\\\/\\\/lospoliticosveracruz.com\\\/?p=154890\"},\"wordCount\":606,\"publisher\":{\"@id\":\"https:\\\/\\\/lospoliticosveracruz.com\\\/#organization\"},\"image\":{\"@id\":\"https:\\\/\\\/lospoliticosveracruz.com\\\/?p=154890#primaryimage\"},\"thumbnailUrl\":\"https:\\\/\\\/lospoliticosveracruz.com\\\/wp-content\\\/uploads\\\/2025\\\/04\\\/Ambell.jpg\",\"articleSection\":[\"De Opini\u00f3n\"],\"inLanguage\":\"es\"},{\"@type\":\"WebPage\",\"@id\":\"https:\\\/\\\/lospoliticosveracruz.com\\\/?p=154890\",\"url\":\"https:\\\/\\\/lospoliticosveracruz.com\\\/?p=154890\",\"name\":\"LA REACTIVACI\u00d3N ECON\u00d3MICA PARA EL NORTE DE VERACRUZ - Los pol\u00edticos Veracruz\",\"isPartOf\":{\"@id\":\"https:\\\/\\\/lospoliticosveracruz.com\\\/#website\"},\"primaryImageOfPage\":{\"@id\":\"https:\\\/\\\/lospoliticosveracruz.com\\\/?p=154890#primaryimage\"},\"image\":{\"@id\":\"https:\\\/\\\/lospoliticosveracruz.com\\\/?p=154890#primaryimage\"},\"thumbnailUrl\":\"https:\\\/\\\/lospoliticosveracruz.com\\\/wp-content\\\/uploads\\\/2025\\\/04\\\/Ambell.jpg\",\"datePublished\":\"2025-10-21T02:55:54+00:00\",\"dateModified\":\"2025-10-21T02:56:13+00:00\",\"breadcrumb\":{\"@id\":\"https:\\\/\\\/lospoliticosveracruz.com\\\/?p=154890#breadcrumb\"},\"inLanguage\":\"es\",\"potentialAction\":[{\"@type\":\"ReadAction\",\"target\":[\"https:\\\/\\\/lospoliticosveracruz.com\\\/?p=154890\"]}]},{\"@type\":\"ImageObject\",\"inLanguage\":\"es\",\"@id\":\"https:\\\/\\\/lospoliticosveracruz.com\\\/?p=154890#primaryimage\",\"url\":\"https:\\\/\\\/lospoliticosveracruz.com\\\/wp-content\\\/uploads\\\/2025\\\/04\\\/Ambell.jpg\",\"contentUrl\":\"https:\\\/\\\/lospoliticosveracruz.com\\\/wp-content\\\/uploads\\\/2025\\\/04\\\/Ambell.jpg\",\"width\":1250,\"height\":667},{\"@type\":\"BreadcrumbList\",\"@id\":\"https:\\\/\\\/lospoliticosveracruz.com\\\/?p=154890#breadcrumb\",\"itemListElement\":[{\"@type\":\"ListItem\",\"position\":1,\"name\":\"Portada\",\"item\":\"https:\\\/\\\/lospoliticosveracruz.com\\\/\"},{\"@type\":\"ListItem\",\"position\":2,\"name\":\"LA REACTIVACI\u00d3N ECON\u00d3MICA PARA EL NORTE DE VERACRUZ\"}]},{\"@type\":\"WebSite\",\"@id\":\"https:\\\/\\\/lospoliticosveracruz.com\\\/#website\",\"url\":\"https:\\\/\\\/lospoliticosveracruz.com\\\/\",\"name\":\"Los pol\u00edticos Veracruz\",\"description\":\"\",\"publisher\":{\"@id\":\"https:\\\/\\\/lospoliticosveracruz.com\\\/#organization\"},\"potentialAction\":[{\"@type\":\"SearchAction\",\"target\":{\"@type\":\"EntryPoint\",\"urlTemplate\":\"https:\\\/\\\/lospoliticosveracruz.com\\\/?s={search_term_string}\"},\"query-input\":{\"@type\":\"PropertyValueSpecification\",\"valueRequired\":true,\"valueName\":\"search_term_string\"}}],\"inLanguage\":\"es\"},{\"@type\":\"Organization\",\"@id\":\"https:\\\/\\\/lospoliticosveracruz.com\\\/#organization\",\"name\":\"Los pol\u00edticos Veracruz\",\"url\":\"https:\\\/\\\/lospoliticosveracruz.com\\\/\",\"logo\":{\"@type\":\"ImageObject\",\"inLanguage\":\"es\",\"@id\":\"https:\\\/\\\/lospoliticosveracruz.com\\\/#\\\/schema\\\/logo\\\/image\\\/\",\"url\":\"https:\\\/\\\/lospoliticosveracruz.com\\\/wp-content\\\/uploads\\\/2025\\\/12\\\/Logo-Nuevo-LOS-POLITICOS-1.jpg\",\"contentUrl\":\"https:\\\/\\\/lospoliticosveracruz.com\\\/wp-content\\\/uploads\\\/2025\\\/12\\\/Logo-Nuevo-LOS-POLITICOS-1.jpg\",\"width\":260,\"height\":70,\"caption\":\"Los pol\u00edticos Veracruz\"},\"image\":{\"@id\":\"https:\\\/\\\/lospoliticosveracruz.com\\\/#\\\/schema\\\/logo\\\/image\\\/\"},\"sameAs\":[\"https:\\\/\\\/www.facebook.com\\\/people\\\/Notimemes-de-los-Polticos\\\/61565672886568\\\/\",\"https:\\\/\\\/x.com\\\/LosPoliticosVer\"]},{\"@type\":\"Person\",\"@id\":\"https:\\\/\\\/lospoliticosveracruz.com\\\/#\\\/schema\\\/person\\\/b8702bb0e538456e6efd07080bf2a4a2\",\"name\":\"Lo viste en Los Pol\u00edticos\",\"image\":{\"@type\":\"ImageObject\",\"inLanguage\":\"es\",\"@id\":\"https:\\\/\\\/secure.gravatar.com\\\/avatar\\\/3a8de04a2656d44082be478bd6c086daa447c4651605818287b9532d3d0bd435?s=96&d=mm&r=g\",\"url\":\"https:\\\/\\\/secure.gravatar.com\\\/avatar\\\/3a8de04a2656d44082be478bd6c086daa447c4651605818287b9532d3d0bd435?s=96&d=mm&r=g\",\"contentUrl\":\"https:\\\/\\\/secure.gravatar.com\\\/avatar\\\/3a8de04a2656d44082be478bd6c086daa447c4651605818287b9532d3d0bd435?s=96&d=mm&r=g\",\"caption\":\"Lo viste en Los Pol\u00edticos\"},\"url\":\"https:\\\/\\\/lospoliticosveracruz.com\\\/?author=2\"}]}<\/script>\n<!-- \/ Yoast SEO plugin. -->","yoast_head_json":{"title":"LA REACTIVACI\u00d3N ECON\u00d3MICA PARA EL NORTE DE VERACRUZ - Los pol\u00edticos Veracruz","robots":{"index":"index","follow":"follow","max-snippet":"max-snippet:-1","max-image-preview":"max-image-preview:large","max-video-preview":"max-video-preview:-1"},"canonical":"https:\/\/lospoliticosveracruz.com\/?p=154890","og_locale":"es_ES","og_type":"article","og_title":"LA REACTIVACI\u00d3N ECON\u00d3MICA PARA EL NORTE DE VERACRUZ - Los pol\u00edticos Veracruz","og_description":"Jos\u00e9 Luis Enr\u00edquez Ambell Caf\u00e9 de Ma\u00f1ana Los desastres naturales combinan factores de distintos sectores institucionales y sociales, y en el corto, mediano y largo plazo, la reactivaci\u00f3n econ\u00f3mica debe entrar en acci\u00f3n. La din\u00e1mica inmediata, adem\u00e1s de las tareas de salvaguarda en materia de seguridad, limpieza y salud, incluye la asistencia financiera \u2014por medio [&hellip;]","og_url":"https:\/\/lospoliticosveracruz.com\/?p=154890","og_site_name":"Los pol\u00edticos Veracruz","article_publisher":"https:\/\/www.facebook.com\/people\/Notimemes-de-los-Polticos\/61565672886568\/","article_published_time":"2025-10-21T02:55:54+00:00","article_modified_time":"2025-10-21T02:56:13+00:00","og_image":[{"width":1250,"height":667,"url":"https:\/\/lospoliticosveracruz.com\/wp-content\/uploads\/2025\/04\/Ambell.jpg","type":"image\/jpeg"}],"author":"Lo viste en Los Pol\u00edticos","twitter_card":"summary_large_image","twitter_creator":"@LosPoliticosVer","twitter_site":"@LosPoliticosVer","twitter_misc":{"Escrito por":"Lo viste en Los Pol\u00edticos","Tiempo de lectura":"3 minutos"},"schema":{"@context":"https:\/\/schema.org","@graph":[{"@type":"Article","@id":"https:\/\/lospoliticosveracruz.com\/?p=154890#article","isPartOf":{"@id":"https:\/\/lospoliticosveracruz.com\/?p=154890"},"author":{"name":"Lo viste en Los Pol\u00edticos","@id":"https:\/\/lospoliticosveracruz.com\/#\/schema\/person\/b8702bb0e538456e6efd07080bf2a4a2"},"headline":"LA REACTIVACI\u00d3N ECON\u00d3MICA PARA EL NORTE DE VERACRUZ","datePublished":"2025-10-21T02:55:54+00:00","dateModified":"2025-10-21T02:56:13+00:00","mainEntityOfPage":{"@id":"https:\/\/lospoliticosveracruz.com\/?p=154890"},"wordCount":606,"publisher":{"@id":"https:\/\/lospoliticosveracruz.com\/#organization"},"image":{"@id":"https:\/\/lospoliticosveracruz.com\/?p=154890#primaryimage"},"thumbnailUrl":"https:\/\/lospoliticosveracruz.com\/wp-content\/uploads\/2025\/04\/Ambell.jpg","articleSection":["De Opini\u00f3n"],"inLanguage":"es"},{"@type":"WebPage","@id":"https:\/\/lospoliticosveracruz.com\/?p=154890","url":"https:\/\/lospoliticosveracruz.com\/?p=154890","name":"LA REACTIVACI\u00d3N ECON\u00d3MICA PARA EL NORTE DE VERACRUZ - Los pol\u00edticos Veracruz","isPartOf":{"@id":"https:\/\/lospoliticosveracruz.com\/#website"},"primaryImageOfPage":{"@id":"https:\/\/lospoliticosveracruz.com\/?p=154890#primaryimage"},"image":{"@id":"https:\/\/lospoliticosveracruz.com\/?p=154890#primaryimage"},"thumbnailUrl":"https:\/\/lospoliticosveracruz.com\/wp-content\/uploads\/2025\/04\/Ambell.jpg","datePublished":"2025-10-21T02:55:54+00:00","dateModified":"2025-10-21T02:56:13+00:00","breadcrumb":{"@id":"https:\/\/lospoliticosveracruz.com\/?p=154890#breadcrumb"},"inLanguage":"es","potentialAction":[{"@type":"ReadAction","target":["https:\/\/lospoliticosveracruz.com\/?p=154890"]}]},{"@type":"ImageObject","inLanguage":"es","@id":"https:\/\/lospoliticosveracruz.com\/?p=154890#primaryimage","url":"https:\/\/lospoliticosveracruz.com\/wp-content\/uploads\/2025\/04\/Ambell.jpg","contentUrl":"https:\/\/lospoliticosveracruz.com\/wp-content\/uploads\/2025\/04\/Ambell.jpg","width":1250,"height":667},{"@type":"BreadcrumbList","@id":"https:\/\/lospoliticosveracruz.com\/?p=154890#breadcrumb","itemListElement":[{"@type":"ListItem","position":1,"name":"Portada","item":"https:\/\/lospoliticosveracruz.com\/"},{"@type":"ListItem","position":2,"name":"LA REACTIVACI\u00d3N ECON\u00d3MICA PARA EL NORTE DE VERACRUZ"}]},{"@type":"WebSite","@id":"https:\/\/lospoliticosveracruz.com\/#website","url":"https:\/\/lospoliticosveracruz.com\/","name":"Los pol\u00edticos Veracruz","description":"","publisher":{"@id":"https:\/\/lospoliticosveracruz.com\/#organization"},"potentialAction":[{"@type":"SearchAction","target":{"@type":"EntryPoint","urlTemplate":"https:\/\/lospoliticosveracruz.com\/?s={search_term_string}"},"query-input":{"@type":"PropertyValueSpecification","valueRequired":true,"valueName":"search_term_string"}}],"inLanguage":"es"},{"@type":"Organization","@id":"https:\/\/lospoliticosveracruz.com\/#organization","name":"Los pol\u00edticos Veracruz","url":"https:\/\/lospoliticosveracruz.com\/","logo":{"@type":"ImageObject","inLanguage":"es","@id":"https:\/\/lospoliticosveracruz.com\/#\/schema\/logo\/image\/","url":"https:\/\/lospoliticosveracruz.com\/wp-content\/uploads\/2025\/12\/Logo-Nuevo-LOS-POLITICOS-1.jpg","contentUrl":"https:\/\/lospoliticosveracruz.com\/wp-content\/uploads\/2025\/12\/Logo-Nuevo-LOS-POLITICOS-1.jpg","width":260,"height":70,"caption":"Los pol\u00edticos Veracruz"},"image":{"@id":"https:\/\/lospoliticosveracruz.com\/#\/schema\/logo\/image\/"},"sameAs":["https:\/\/www.facebook.com\/people\/Notimemes-de-los-Polticos\/61565672886568\/","https:\/\/x.com\/LosPoliticosVer"]},{"@type":"Person","@id":"https:\/\/lospoliticosveracruz.com\/#\/schema\/person\/b8702bb0e538456e6efd07080bf2a4a2","name":"Lo viste en Los Pol\u00edticos","image":{"@type":"ImageObject","inLanguage":"es","@id":"https:\/\/secure.gravatar.com\/avatar\/3a8de04a2656d44082be478bd6c086daa447c4651605818287b9532d3d0bd435?s=96&d=mm&r=g","url":"https:\/\/secure.gravatar.com\/avatar\/3a8de04a2656d44082be478bd6c086daa447c4651605818287b9532d3d0bd435?s=96&d=mm&r=g","contentUrl":"https:\/\/secure.gravatar.com\/avatar\/3a8de04a2656d44082be478bd6c086daa447c4651605818287b9532d3d0bd435?s=96&d=mm&r=g","caption":"Lo viste en Los Pol\u00edticos"},"url":"https:\/\/lospoliticosveracruz.com\/?author=2"}]}},"_links":{"self":[{"href":"https:\/\/lospoliticosveracruz.com\/index.php?rest_route=\/wp\/v2\/posts\/154890","targetHints":{"allow":["GET"]}}],"collection":[{"href":"https:\/\/lospoliticosveracruz.com\/index.php?rest_route=\/wp\/v2\/posts"}],"about":[{"href":"https:\/\/lospoliticosveracruz.com\/index.php?rest_route=\/wp\/v2\/types\/post"}],"author":[{"embeddable":true,"href":"https:\/\/lospoliticosveracruz.com\/index.php?rest_route=\/wp\/v2\/users\/2"}],"replies":[{"embeddable":true,"href":"https:\/\/lospoliticosveracruz.com\/index.php?rest_route=%2Fwp%2Fv2%2Fcomments&post=154890"}],"version-history":[{"count":1,"href":"https:\/\/lospoliticosveracruz.com\/index.php?rest_route=\/wp\/v2\/posts\/154890\/revisions"}],"predecessor-version":[{"id":154891,"href":"https:\/\/lospoliticosveracruz.com\/index.php?rest_route=\/wp\/v2\/posts\/154890\/revisions\/154891"}],"wp:featuredmedia":[{"embeddable":true,"href":"https:\/\/lospoliticosveracruz.com\/index.php?rest_route=\/wp\/v2\/media\/141435"}],"wp:attachment":[{"href":"https:\/\/lospoliticosveracruz.com\/index.php?rest_route=%2Fwp%2Fv2%2Fmedia&parent=154890"}],"wp:term":[{"taxonomy":"category","embeddable":true,"href":"https:\/\/lospoliticosveracruz.com\/index.php?rest_route=%2Fwp%2Fv2%2Fcategories&post=154890"},{"taxonomy":"post_tag","embeddable":true,"href":"https:\/\/lospoliticosveracruz.com\/index.php?rest_route=%2Fwp%2Fv2%2Ftags&post=154890"}],"curies":[{"name":"wp","href":"https:\/\/api.w.org\/{rel}","templated":true}]}}