{"id":154897,"date":"2025-10-20T22:53:35","date_gmt":"2025-10-21T03:53:35","guid":{"rendered":"https:\/\/lospoliticosveracruz.com.mx\/?p=154897"},"modified":"2025-10-20T22:53:35","modified_gmt":"2025-10-21T03:53:35","slug":"ayuda-legislativa-con-acelerador-al-fondo","status":"publish","type":"post","link":"https:\/\/lospoliticosveracruz.com\/?p=154897","title":{"rendered":"AYUDA LEGISLATIVA, CON ACELERADOR AL FONDO!"},"content":{"rendered":"\n<p>M\u00e1s de 10 mil despensas, siete mil kits de limpieza, y mil tinacos entregaron diputadas y diputados locales en los municipios de Coatzintla y Poza Rica, donde se sumaron a los trabajos de limpieza, remoci\u00f3n de escombros, descarga y entrega de apoyos a las personas damnificadas por las recientes lluvias.<\/p>\n\n\n\n\n\n<p>El presidente de la Junta de Coordinaci\u00f3n Pol\u00edtica, diputado Esteban Bautista Hern\u00e1ndez, inform\u00f3 que el Congreso del Estado se ha sumado a la causa aportando, adem\u00e1s de los v\u00edveres y otros suministros, \u201cun mes de su salario, con lo cual se ha podido adquirir diversos insumos que ser\u00e1n de beneficio para nuestros hermanos en desgracia\u201d.<\/p>\n\n\n\n<p>Al lado de la presidenta de la Mesa Directiva, diputada Naomi Edith G\u00f3mez Santos, reconoci\u00f3 la unidad entre las legisladoras y los legisladores que, haciendo a un lado diferencias partidistas, se han solidarizado en esta causa com\u00fan. \u201cAqu\u00ed estamos para tender la mano a quien m\u00e1s lo necesita. Las diputadas y diputados de Veracruz estamos con ustedes\u201d, reiter\u00f3.<\/p>\n\n\n\n<p>El legislador detall\u00f3 que estos apoyos ser\u00e1n distribuidos en comunidades de la regi\u00f3n v\u00eda \u00e1rea, ya que a algunas zonas a\u00fan no se puede acceder por tierra, y que en pr\u00f3ximos d\u00edas regresar\u00e1n con maquinaria pesada para agilizar los trabajos de limpieza en calles y avenidas.<\/p>\n\n\n\n<p>Finalmente, reiter\u00f3 la invitaci\u00f3n a la sociedad veracruzana a acudir al centro de acopio instalado en el Palacio Legislativo, ubicado en las avenidas Encanto y L\u00e1zaro C\u00e1rdenas, en Xalapa, para seguir aportando art\u00edculos de primera necesidad.<\/p>\n\n\n\n<p>En estas jornadas de trabajo han participado las diputadas Nallely Mendoza Camarillo, Liud Herrera F\u00e9lix, Nayeli Mej\u00eda Larios, Dorheny Garc\u00eda Cayetano, Ivonne Selene Dur\u00e1n L\u00f3pez, Elizabeth Morales Garc\u00eda, Ingrid Jeny Calder\u00f3n Dom\u00ednguez, Ang\u00e9lica Pe\u00f1a Mart\u00ednez, Janix Liliana Castro Mu\u00f1oz, Estefan\u00eda Bastida Cuevas, Tania Mar\u00eda Cruz Mej\u00eda y Tanya Carola Viveros Ch\u00e1zaro, as\u00ed como los diputados Alejandro Porras Mar\u00edn, Carlos Marcelo Ruiz S\u00e1nchez, Luis Vicente Aguilar Castillo, Adri\u00e1n Sigfrido \u00c1vila Estrada, Diego Casta\u00f1eda Aburto, Antonio Ballesteros Grayeb y Felipe Pineda Barradas.<\/p>\n","protected":false},"excerpt":{"rendered":"<p>M\u00e1s de 10 mil despensas, siete mil kits de limpieza, y mil tinacos entregaron diputadas y diputados locales en los municipios de Coatzintla y Poza Rica, donde se sumaron a los trabajos de limpieza, remoci\u00f3n de escombros, descarga y entrega de apoyos a las personas damnificadas por las recientes lluvias. El presidente de la Junta [&hellip;]<\/p>\n","protected":false},"author":2,"featured_media":154902,"comment_status":"closed","ping_status":"","sticky":false,"template":"","format":"standard","meta":{"tdm_status":"","tdm_grid_status":"","footnotes":""},"categories":[43718,1],"tags":[1026,42481,266,251,195],"class_list":{"0":"post-154897","1":"post","2":"type-post","3":"status-publish","4":"format-standard","5":"has-post-thumbnail","7":"category-elpalaciodeencanto","8":"category-sin-categoria","9":"tag-morena","10":"tag-naomi-edith-gomez-santos","11":"tag-pan","12":"tag-pri","13":"tag-veracruz"},"yoast_head":"<!-- This site is optimized with the Yoast SEO plugin v27.4 - https:\/\/yoast.com\/product\/yoast-seo-wordpress\/ -->\n<title>AYUDA LEGISLATIVA, CON ACELERADOR AL FONDO! - Los pol\u00edticos Veracruz<\/title>\n<meta name=\"robots\" content=\"index, follow, max-snippet:-1, max-image-preview:large, max-video-preview:-1\" \/>\n<link rel=\"canonical\" href=\"https:\/\/lospoliticosveracruz.com\/?p=154897\" \/>\n<meta property=\"og:locale\" content=\"es_ES\" \/>\n<meta property=\"og:type\" content=\"article\" \/>\n<meta property=\"og:title\" content=\"AYUDA LEGISLATIVA, CON ACELERADOR AL FONDO! - Los pol\u00edticos Veracruz\" \/>\n<meta property=\"og:description\" content=\"M\u00e1s de 10 mil despensas, siete mil kits de limpieza, y mil tinacos entregaron diputadas y diputados locales en los municipios de Coatzintla y Poza Rica, donde se sumaron a los trabajos de limpieza, remoci\u00f3n de escombros, descarga y entrega de apoyos a las personas damnificadas por las recientes lluvias. El presidente de la Junta [&hellip;]\" \/>\n<meta property=\"og:url\" content=\"https:\/\/lospoliticosveracruz.com\/?p=154897\" \/>\n<meta property=\"og:site_name\" content=\"Los pol\u00edticos Veracruz\" \/>\n<meta property=\"article:publisher\" content=\"https:\/\/www.facebook.com\/people\/Notimemes-de-los-Polticos\/61565672886568\/\" \/>\n<meta property=\"article:published_time\" content=\"2025-10-21T03:53:35+00:00\" \/>\n<meta property=\"og:image\" content=\"https:\/\/lospoliticosveracruz.com\/wp-content\/uploads\/2025\/10\/1c309c8a-7eba-4df0-911d-771608bc466a-e1761018525971.jpeg\" \/>\n\t<meta property=\"og:image:width\" content=\"600\" \/>\n\t<meta property=\"og:image:height\" content=\"399\" \/>\n\t<meta property=\"og:image:type\" content=\"image\/jpeg\" \/>\n<meta name=\"author\" content=\"Lo viste en Los Pol\u00edticos\" \/>\n<meta name=\"twitter:card\" content=\"summary_large_image\" \/>\n<meta name=\"twitter:creator\" content=\"@LosPoliticosVer\" \/>\n<meta name=\"twitter:site\" content=\"@LosPoliticosVer\" \/>\n<meta name=\"twitter:label1\" content=\"Escrito por\" \/>\n\t<meta name=\"twitter:data1\" content=\"Lo viste en Los Pol\u00edticos\" \/>\n\t<meta name=\"twitter:label2\" content=\"Tiempo de lectura\" \/>\n\t<meta name=\"twitter:data2\" content=\"2 minutos\" \/>\n<script type=\"application\/ld+json\" class=\"yoast-schema-graph\">{\"@context\":\"https:\\\/\\\/schema.org\",\"@graph\":[{\"@type\":\"Article\",\"@id\":\"https:\\\/\\\/lospoliticosveracruz.com\\\/?p=154897#article\",\"isPartOf\":{\"@id\":\"https:\\\/\\\/lospoliticosveracruz.com\\\/?p=154897\"},\"author\":{\"name\":\"Lo viste en Los Pol\u00edticos\",\"@id\":\"https:\\\/\\\/lospoliticosveracruz.com\\\/#\\\/schema\\\/person\\\/b8702bb0e538456e6efd07080bf2a4a2\"},\"headline\":\"AYUDA LEGISLATIVA, CON ACELERADOR AL FONDO!\",\"datePublished\":\"2025-10-21T03:53:35+00:00\",\"mainEntityOfPage\":{\"@id\":\"https:\\\/\\\/lospoliticosveracruz.com\\\/?p=154897\"},\"wordCount\":372,\"publisher\":{\"@id\":\"https:\\\/\\\/lospoliticosveracruz.com\\\/#organization\"},\"image\":{\"@id\":\"https:\\\/\\\/lospoliticosveracruz.com\\\/?p=154897#primaryimage\"},\"thumbnailUrl\":\"https:\\\/\\\/lospoliticosveracruz.com\\\/wp-content\\\/uploads\\\/2025\\\/10\\\/1c309c8a-7eba-4df0-911d-771608bc466a-e1761018525971.jpeg\",\"keywords\":[\"Morena\",\"Naomi Edith G\u00f3mez Santos\",\"PAN\",\"PRI\",\"Veracruz\"],\"articleSection\":[\"EL PALACIO DE ENCANTO\"],\"inLanguage\":\"es\"},{\"@type\":\"WebPage\",\"@id\":\"https:\\\/\\\/lospoliticosveracruz.com\\\/?p=154897\",\"url\":\"https:\\\/\\\/lospoliticosveracruz.com\\\/?p=154897\",\"name\":\"AYUDA LEGISLATIVA, CON ACELERADOR AL FONDO! - Los pol\u00edticos Veracruz\",\"isPartOf\":{\"@id\":\"https:\\\/\\\/lospoliticosveracruz.com\\\/#website\"},\"primaryImageOfPage\":{\"@id\":\"https:\\\/\\\/lospoliticosveracruz.com\\\/?p=154897#primaryimage\"},\"image\":{\"@id\":\"https:\\\/\\\/lospoliticosveracruz.com\\\/?p=154897#primaryimage\"},\"thumbnailUrl\":\"https:\\\/\\\/lospoliticosveracruz.com\\\/wp-content\\\/uploads\\\/2025\\\/10\\\/1c309c8a-7eba-4df0-911d-771608bc466a-e1761018525971.jpeg\",\"datePublished\":\"2025-10-21T03:53:35+00:00\",\"breadcrumb\":{\"@id\":\"https:\\\/\\\/lospoliticosveracruz.com\\\/?p=154897#breadcrumb\"},\"inLanguage\":\"es\",\"potentialAction\":[{\"@type\":\"ReadAction\",\"target\":[\"https:\\\/\\\/lospoliticosveracruz.com\\\/?p=154897\"]}]},{\"@type\":\"ImageObject\",\"inLanguage\":\"es\",\"@id\":\"https:\\\/\\\/lospoliticosveracruz.com\\\/?p=154897#primaryimage\",\"url\":\"https:\\\/\\\/lospoliticosveracruz.com\\\/wp-content\\\/uploads\\\/2025\\\/10\\\/1c309c8a-7eba-4df0-911d-771608bc466a-e1761018525971.jpeg\",\"contentUrl\":\"https:\\\/\\\/lospoliticosveracruz.com\\\/wp-content\\\/uploads\\\/2025\\\/10\\\/1c309c8a-7eba-4df0-911d-771608bc466a-e1761018525971.jpeg\",\"width\":600,\"height\":399},{\"@type\":\"BreadcrumbList\",\"@id\":\"https:\\\/\\\/lospoliticosveracruz.com\\\/?p=154897#breadcrumb\",\"itemListElement\":[{\"@type\":\"ListItem\",\"position\":1,\"name\":\"Portada\",\"item\":\"https:\\\/\\\/lospoliticosveracruz.com\\\/\"},{\"@type\":\"ListItem\",\"position\":2,\"name\":\"AYUDA LEGISLATIVA, CON ACELERADOR AL FONDO!\"}]},{\"@type\":\"WebSite\",\"@id\":\"https:\\\/\\\/lospoliticosveracruz.com\\\/#website\",\"url\":\"https:\\\/\\\/lospoliticosveracruz.com\\\/\",\"name\":\"Los pol\u00edticos Veracruz\",\"description\":\"\",\"publisher\":{\"@id\":\"https:\\\/\\\/lospoliticosveracruz.com\\\/#organization\"},\"potentialAction\":[{\"@type\":\"SearchAction\",\"target\":{\"@type\":\"EntryPoint\",\"urlTemplate\":\"https:\\\/\\\/lospoliticosveracruz.com\\\/?s={search_term_string}\"},\"query-input\":{\"@type\":\"PropertyValueSpecification\",\"valueRequired\":true,\"valueName\":\"search_term_string\"}}],\"inLanguage\":\"es\"},{\"@type\":\"Organization\",\"@id\":\"https:\\\/\\\/lospoliticosveracruz.com\\\/#organization\",\"name\":\"Los pol\u00edticos Veracruz\",\"url\":\"https:\\\/\\\/lospoliticosveracruz.com\\\/\",\"logo\":{\"@type\":\"ImageObject\",\"inLanguage\":\"es\",\"@id\":\"https:\\\/\\\/lospoliticosveracruz.com\\\/#\\\/schema\\\/logo\\\/image\\\/\",\"url\":\"https:\\\/\\\/lospoliticosveracruz.com\\\/wp-content\\\/uploads\\\/2025\\\/12\\\/Logo-Nuevo-LOS-POLITICOS-1.jpg\",\"contentUrl\":\"https:\\\/\\\/lospoliticosveracruz.com\\\/wp-content\\\/uploads\\\/2025\\\/12\\\/Logo-Nuevo-LOS-POLITICOS-1.jpg\",\"width\":260,\"height\":70,\"caption\":\"Los pol\u00edticos Veracruz\"},\"image\":{\"@id\":\"https:\\\/\\\/lospoliticosveracruz.com\\\/#\\\/schema\\\/logo\\\/image\\\/\"},\"sameAs\":[\"https:\\\/\\\/www.facebook.com\\\/people\\\/Notimemes-de-los-Polticos\\\/61565672886568\\\/\",\"https:\\\/\\\/x.com\\\/LosPoliticosVer\"]},{\"@type\":\"Person\",\"@id\":\"https:\\\/\\\/lospoliticosveracruz.com\\\/#\\\/schema\\\/person\\\/b8702bb0e538456e6efd07080bf2a4a2\",\"name\":\"Lo viste en Los Pol\u00edticos\",\"image\":{\"@type\":\"ImageObject\",\"inLanguage\":\"es\",\"@id\":\"https:\\\/\\\/secure.gravatar.com\\\/avatar\\\/3a8de04a2656d44082be478bd6c086daa447c4651605818287b9532d3d0bd435?s=96&d=mm&r=g\",\"url\":\"https:\\\/\\\/secure.gravatar.com\\\/avatar\\\/3a8de04a2656d44082be478bd6c086daa447c4651605818287b9532d3d0bd435?s=96&d=mm&r=g\",\"contentUrl\":\"https:\\\/\\\/secure.gravatar.com\\\/avatar\\\/3a8de04a2656d44082be478bd6c086daa447c4651605818287b9532d3d0bd435?s=96&d=mm&r=g\",\"caption\":\"Lo viste en Los Pol\u00edticos\"},\"url\":\"https:\\\/\\\/lospoliticosveracruz.com\\\/?author=2\"}]}<\/script>\n<!-- \/ Yoast SEO plugin. -->","yoast_head_json":{"title":"AYUDA LEGISLATIVA, CON ACELERADOR AL FONDO! - Los pol\u00edticos Veracruz","robots":{"index":"index","follow":"follow","max-snippet":"max-snippet:-1","max-image-preview":"max-image-preview:large","max-video-preview":"max-video-preview:-1"},"canonical":"https:\/\/lospoliticosveracruz.com\/?p=154897","og_locale":"es_ES","og_type":"article","og_title":"AYUDA LEGISLATIVA, CON ACELERADOR AL FONDO! - Los pol\u00edticos Veracruz","og_description":"M\u00e1s de 10 mil despensas, siete mil kits de limpieza, y mil tinacos entregaron diputadas y diputados locales en los municipios de Coatzintla y Poza Rica, donde se sumaron a los trabajos de limpieza, remoci\u00f3n de escombros, descarga y entrega de apoyos a las personas damnificadas por las recientes lluvias. El presidente de la Junta [&hellip;]","og_url":"https:\/\/lospoliticosveracruz.com\/?p=154897","og_site_name":"Los pol\u00edticos Veracruz","article_publisher":"https:\/\/www.facebook.com\/people\/Notimemes-de-los-Polticos\/61565672886568\/","article_published_time":"2025-10-21T03:53:35+00:00","og_image":[{"width":600,"height":399,"url":"https:\/\/lospoliticosveracruz.com\/wp-content\/uploads\/2025\/10\/1c309c8a-7eba-4df0-911d-771608bc466a-e1761018525971.jpeg","type":"image\/jpeg"}],"author":"Lo viste en Los Pol\u00edticos","twitter_card":"summary_large_image","twitter_creator":"@LosPoliticosVer","twitter_site":"@LosPoliticosVer","twitter_misc":{"Escrito por":"Lo viste en Los Pol\u00edticos","Tiempo de lectura":"2 minutos"},"schema":{"@context":"https:\/\/schema.org","@graph":[{"@type":"Article","@id":"https:\/\/lospoliticosveracruz.com\/?p=154897#article","isPartOf":{"@id":"https:\/\/lospoliticosveracruz.com\/?p=154897"},"author":{"name":"Lo viste en Los Pol\u00edticos","@id":"https:\/\/lospoliticosveracruz.com\/#\/schema\/person\/b8702bb0e538456e6efd07080bf2a4a2"},"headline":"AYUDA LEGISLATIVA, CON ACELERADOR AL FONDO!","datePublished":"2025-10-21T03:53:35+00:00","mainEntityOfPage":{"@id":"https:\/\/lospoliticosveracruz.com\/?p=154897"},"wordCount":372,"publisher":{"@id":"https:\/\/lospoliticosveracruz.com\/#organization"},"image":{"@id":"https:\/\/lospoliticosveracruz.com\/?p=154897#primaryimage"},"thumbnailUrl":"https:\/\/lospoliticosveracruz.com\/wp-content\/uploads\/2025\/10\/1c309c8a-7eba-4df0-911d-771608bc466a-e1761018525971.jpeg","keywords":["Morena","Naomi Edith G\u00f3mez Santos","PAN","PRI","Veracruz"],"articleSection":["EL PALACIO DE ENCANTO"],"inLanguage":"es"},{"@type":"WebPage","@id":"https:\/\/lospoliticosveracruz.com\/?p=154897","url":"https:\/\/lospoliticosveracruz.com\/?p=154897","name":"AYUDA LEGISLATIVA, CON ACELERADOR AL FONDO! - Los pol\u00edticos Veracruz","isPartOf":{"@id":"https:\/\/lospoliticosveracruz.com\/#website"},"primaryImageOfPage":{"@id":"https:\/\/lospoliticosveracruz.com\/?p=154897#primaryimage"},"image":{"@id":"https:\/\/lospoliticosveracruz.com\/?p=154897#primaryimage"},"thumbnailUrl":"https:\/\/lospoliticosveracruz.com\/wp-content\/uploads\/2025\/10\/1c309c8a-7eba-4df0-911d-771608bc466a-e1761018525971.jpeg","datePublished":"2025-10-21T03:53:35+00:00","breadcrumb":{"@id":"https:\/\/lospoliticosveracruz.com\/?p=154897#breadcrumb"},"inLanguage":"es","potentialAction":[{"@type":"ReadAction","target":["https:\/\/lospoliticosveracruz.com\/?p=154897"]}]},{"@type":"ImageObject","inLanguage":"es","@id":"https:\/\/lospoliticosveracruz.com\/?p=154897#primaryimage","url":"https:\/\/lospoliticosveracruz.com\/wp-content\/uploads\/2025\/10\/1c309c8a-7eba-4df0-911d-771608bc466a-e1761018525971.jpeg","contentUrl":"https:\/\/lospoliticosveracruz.com\/wp-content\/uploads\/2025\/10\/1c309c8a-7eba-4df0-911d-771608bc466a-e1761018525971.jpeg","width":600,"height":399},{"@type":"BreadcrumbList","@id":"https:\/\/lospoliticosveracruz.com\/?p=154897#breadcrumb","itemListElement":[{"@type":"ListItem","position":1,"name":"Portada","item":"https:\/\/lospoliticosveracruz.com\/"},{"@type":"ListItem","position":2,"name":"AYUDA LEGISLATIVA, CON ACELERADOR AL FONDO!"}]},{"@type":"WebSite","@id":"https:\/\/lospoliticosveracruz.com\/#website","url":"https:\/\/lospoliticosveracruz.com\/","name":"Los pol\u00edticos Veracruz","description":"","publisher":{"@id":"https:\/\/lospoliticosveracruz.com\/#organization"},"potentialAction":[{"@type":"SearchAction","target":{"@type":"EntryPoint","urlTemplate":"https:\/\/lospoliticosveracruz.com\/?s={search_term_string}"},"query-input":{"@type":"PropertyValueSpecification","valueRequired":true,"valueName":"search_term_string"}}],"inLanguage":"es"},{"@type":"Organization","@id":"https:\/\/lospoliticosveracruz.com\/#organization","name":"Los pol\u00edticos Veracruz","url":"https:\/\/lospoliticosveracruz.com\/","logo":{"@type":"ImageObject","inLanguage":"es","@id":"https:\/\/lospoliticosveracruz.com\/#\/schema\/logo\/image\/","url":"https:\/\/lospoliticosveracruz.com\/wp-content\/uploads\/2025\/12\/Logo-Nuevo-LOS-POLITICOS-1.jpg","contentUrl":"https:\/\/lospoliticosveracruz.com\/wp-content\/uploads\/2025\/12\/Logo-Nuevo-LOS-POLITICOS-1.jpg","width":260,"height":70,"caption":"Los pol\u00edticos Veracruz"},"image":{"@id":"https:\/\/lospoliticosveracruz.com\/#\/schema\/logo\/image\/"},"sameAs":["https:\/\/www.facebook.com\/people\/Notimemes-de-los-Polticos\/61565672886568\/","https:\/\/x.com\/LosPoliticosVer"]},{"@type":"Person","@id":"https:\/\/lospoliticosveracruz.com\/#\/schema\/person\/b8702bb0e538456e6efd07080bf2a4a2","name":"Lo viste en Los Pol\u00edticos","image":{"@type":"ImageObject","inLanguage":"es","@id":"https:\/\/secure.gravatar.com\/avatar\/3a8de04a2656d44082be478bd6c086daa447c4651605818287b9532d3d0bd435?s=96&d=mm&r=g","url":"https:\/\/secure.gravatar.com\/avatar\/3a8de04a2656d44082be478bd6c086daa447c4651605818287b9532d3d0bd435?s=96&d=mm&r=g","contentUrl":"https:\/\/secure.gravatar.com\/avatar\/3a8de04a2656d44082be478bd6c086daa447c4651605818287b9532d3d0bd435?s=96&d=mm&r=g","caption":"Lo viste en Los Pol\u00edticos"},"url":"https:\/\/lospoliticosveracruz.com\/?author=2"}]}},"_links":{"self":[{"href":"https:\/\/lospoliticosveracruz.com\/index.php?rest_route=\/wp\/v2\/posts\/154897","targetHints":{"allow":["GET"]}}],"collection":[{"href":"https:\/\/lospoliticosveracruz.com\/index.php?rest_route=\/wp\/v2\/posts"}],"about":[{"href":"https:\/\/lospoliticosveracruz.com\/index.php?rest_route=\/wp\/v2\/types\/post"}],"author":[{"embeddable":true,"href":"https:\/\/lospoliticosveracruz.com\/index.php?rest_route=\/wp\/v2\/users\/2"}],"replies":[{"embeddable":true,"href":"https:\/\/lospoliticosveracruz.com\/index.php?rest_route=%2Fwp%2Fv2%2Fcomments&post=154897"}],"version-history":[{"count":1,"href":"https:\/\/lospoliticosveracruz.com\/index.php?rest_route=\/wp\/v2\/posts\/154897\/revisions"}],"predecessor-version":[{"id":154904,"href":"https:\/\/lospoliticosveracruz.com\/index.php?rest_route=\/wp\/v2\/posts\/154897\/revisions\/154904"}],"wp:featuredmedia":[{"embeddable":true,"href":"https:\/\/lospoliticosveracruz.com\/index.php?rest_route=\/wp\/v2\/media\/154902"}],"wp:attachment":[{"href":"https:\/\/lospoliticosveracruz.com\/index.php?rest_route=%2Fwp%2Fv2%2Fmedia&parent=154897"}],"wp:term":[{"taxonomy":"category","embeddable":true,"href":"https:\/\/lospoliticosveracruz.com\/index.php?rest_route=%2Fwp%2Fv2%2Fcategories&post=154897"},{"taxonomy":"post_tag","embeddable":true,"href":"https:\/\/lospoliticosveracruz.com\/index.php?rest_route=%2Fwp%2Fv2%2Ftags&post=154897"}],"curies":[{"name":"wp","href":"https:\/\/api.w.org\/{rel}","templated":true}]}}