{"id":154907,"date":"2025-10-21T00:26:14","date_gmt":"2025-10-21T05:26:14","guid":{"rendered":"https:\/\/lospoliticosveracruz.com.mx\/?p=154907"},"modified":"2025-10-21T00:26:46","modified_gmt":"2025-10-21T05:26:46","slug":"veracruz-y-los-cambios-del-gabinete","status":"publish","type":"post","link":"https:\/\/lospoliticosveracruz.com\/?p=154907","title":{"rendered":"VERACRUZ Y LOS CAMBIOS DEL GABINETE"},"content":{"rendered":"\n<p><strong>Ricardo Chua<\/strong><\/p>\n\n\n\n<p><em>Sale y Vale<\/em><\/p>\n\n\n\n<p>Si algo hay que reconocerle a Roc\u00edo Nahle Garc\u00eda, es que est\u00e1 abocada al tema del rescate de Poza Rica y la zona norte de Veracruz, despu\u00e9s de los desastres naturales provocados por las lluvias y por las inundaciones generadas por la creciente del r\u00edo Cazones.. Pero como su estancia se ha alargado en aquella regi\u00f3n.. Hay versiones al interior de Palacio de Gobierno, de que muchos funcionarios estatales est\u00e1n de \u00abvacaciones\u00bb en Xalapa.. Ya que pr\u00e1cticamente NO EST\u00c1N HACIENDO NADA.. De eso, ya tiene el reporte la gobernadora del Estado y todo parece indicar que habr\u00e1 consecuencias..<\/p>\n\n\n\n<p>Seg\u00fan \u00abGarganta Profunda\u00bb esta emergencia por las lluvias en el norte de Veracruz.. Tambi\u00e9n va \u00abarrasar\u00bb con varios funcionarios del gabinete estatal.. Por estar \u00abjugando\u00bb a la \u00abvacaci\u00f3n\u00bb y por no cumplir con su labor en el gobierno de Veracruz.. Sobre todo porque Nahle Garc\u00eda est\u00e1 enterada que muchos de sus colaboradores, s\u00f3lo van a tomarse la foto a Poza Rica, haciendo como que ayudan a los ciudadanos afectados, y luego se regresan a la comodidad de su oficina en la capital del Estado.. A seguir disfrutando del clima..<\/p>\n\n\n\n<p>Estos funcionarios confiados, de que no reciben instrucciones directas de la oficina principal de Palacio de Gobierno.. De hacer algo de sus funciones, pues, simplemente no hacen nada.. Las quejas est\u00e1n en alta por esa situaci\u00f3n.. En todo ese tema est\u00e1n metidos muchos de los altos y medianos funcionarios de nivel.. Y como no hay \u00f3rdenes de la gobernadora porque ella est\u00e1 metida en el tema del norte de Veracruz, pues, no se mueven de sus oficinas, por lo que hay una inacci\u00f3n de gobierno que ya tiene molestos a muchos personajes de muy alto nivel en MORENA..<\/p>\n\n\n\n<p>Por eso, muchos funcionarios est\u00e1n aprovechando que Roc\u00edo Nahle est\u00e1 \u00abentretenida\u00bb con el desastre natural de la zona norte.. El problema es que en muchas de sus funciones, esta burocracia de alto nivel, simplemente la est\u00e1n \u00abregando\u00bb.. Y todos en Xalapa est\u00e1n en la posici\u00f3n, de no hacer nada m\u00e1s all\u00e1, de lo que est\u00e1 en funciones de su encargo, mientras que no reciban alguna instrucci\u00f3n de Palacio de Gobierno.. Sin darse cuenta, que ahora es cuando m\u00e1s deben de apoyar a la gobernadora, que es su jefa, en el rescate de la zona norte de Veracruz.. Pero no, simplemente no hacen nada..<\/p>\n\n\n\n<p>Es m\u00e1s, se dice que en el gobierno se tiene informaci\u00f3n de que algunos de sus altos funcionarios, cuenta \u00abGarganta Profunda\u00bb, se fueron toda la semana pasada de viaje a la CDMX.. Mientras que la gobernadora \u00abbatallaba\u00bb con todo lo que gener\u00f3 la inundaci\u00f3n del R\u00edo Cazones.. Y que varios de ellos s\u00f3lo aparecieron el pasado viernes en sus oficinas en Xalapa.. Ah\u00ed se reportaron como si hubieran estado trabajando en sus dependencias a cargo.. Pero informan que no pudieron \u00abamarrarse el dedo\u00bb.. Ya en Poza Rica sab\u00edan que estaba pasando en esas secretar\u00edas.. EST\u00c1 CA\u00d1\u00d3N..<\/p>\n\n\n\n<p>\u00abGarganta Profunda\u00bb afirma que entre la informaci\u00f3n que cuenta.. Los cambios que podr\u00edan darse en el gabinete, apenas pase la emergencia en el norte de Veracruz y luego del Primer Informe de Gobierno.. Se dar\u00edan en Protecci\u00f3n Civil, SEDEMA, SEDESOL (a nivel subsecretar\u00eda), Programa de Gobierno, una parte de la SIOP (No el titular), Salud y Educaci\u00f3n.. Son los que, al menos, se tienen presentes.. Si le fallaron a Nahle se tienen que ir.. En estos momentos el gobierno estatal no est\u00e1 para \u00abjuegos\u00bb despu\u00e9s de este desastre natural.. Ya lo veremos.. AMEN..<\/p>\n\n\n\n<p>LAS \u00abGRILLAS\u00bb EN LA SEV..<\/p>\n\n\n\n<p>Siguen fuertes los rumores en la Secretar\u00eda de Educaci\u00f3n en Veracruz.. De que la titular de esta dependencia estatal,Claudia Tello, podr\u00eda salir del cargo y dejarle el puesto al subsecretario David Jim\u00e9nez.. Que anda m\u00e1s ANSIOSO que nunca para llegar a este lugar.. Ya que se dio cuenta que quedarse como titular de la Fiscal\u00eda General del Estado, s\u00f3lo era una \u00abfantas\u00eda tropical\u00bb.. S\u00f3lo le queda aspirar a llegar al lugar de Tello.. Pero la secretaria se fortaleci\u00f3 en las \u00faltimas semanas y todo pareciera indicar que todo quedar\u00e1 igual en la dependencia.. Pero hay una cuesti\u00f3n por la que todo puede cambiar..<\/p>\n\n\n\n<p>Seg\u00fan cuentan a \u00abGarganta Profunda\u00bb que Tello en esta ocasi\u00f3n, no ser\u00eda la culpable si es que se da el movimiento.. Ya que PRESUNTAMENTE en estos tiempos de las inundaciones de las lluvias.. Ha dejado a otros \u00abdamnificados\u00bb y una de ellos es la senadora Raquel Bonilla Herrera.. Ya que ahora en medio de las \u00abcorrientes\u00bb de agua que arrasaron Poza Rica.. Parece ser que en MORENA hay fuertes versiones de que la legisladora federal, NO HIZO lo que ten\u00eda que hacer en la pasada elecci\u00f3n a alcalde a favor de Adanaly Rodr\u00edguez y hace que tengan la elecci\u00f3n a tribunales..<\/p>\n\n\n\n<p>Ya que si la elecci\u00f3n era de MORENA contra MORENA pero abanderado por Movimiento Ciudadano, el \u00abpacado\u00bb de la senadora fue que presuntamente no \u00aboper\u00f3\u00bb su parte de la elecci\u00f3n y eso mantiene \u00abvivo\u00bb a Emilio Olvera, que la gan\u00f3 presuntamente con \u00abtrampas\u00bb y tiene a Poza Rica en ese dilema judicial electoral.. Y que ahora ante el desastre natural en ese municipio por las lluvias, este personaje es el que le sigue dando \u00abdolores de cabeza\u00bb al Gobierno del Estado.. Por eso, las \u00abgrillas\u00bb en la SEV.. Ya que esta situaci\u00f3n har\u00eda que Tello dejar\u00e1 la secretar\u00eda para irse al Senado..<\/p>\n\n\n\n<p>Sin embargo, los rumores son fuertes que David Jim\u00e9nez NO LLEGAR\u00cdA a ocupar el lugar de Tello aun tiene el pendiente de Alvarado y Boca del R\u00edo.. Ya en Palacio de Gobierno tienen a una persona que ocupar\u00eda la titularidad de la SEV.. Una persona tambi\u00e9n cercana y leal a Roc\u00edo Nahle.. Mientras que la senadora suplente ser\u00eda \u00ababsorbida\u00bb por la burocracia estatal para darle su espacio a Claudia Tello.. Y con ello, despresurizar los problemas en la SEV.. Quien dir\u00eda lo que empezar\u00eda como una inundaci\u00f3n en Poza Rica.. Tambi\u00e9n sus \u00abaguas\u00bb llegaron al Senado y la SEV.. VER PARA CREER..<\/p>\n","protected":false},"excerpt":{"rendered":"<p>Ricardo Chua Sale y Vale Si algo hay que reconocerle a Roc\u00edo Nahle Garc\u00eda, es que est\u00e1 abocada al tema del rescate de Poza Rica y la zona norte de Veracruz, despu\u00e9s de los desastres naturales provocados por las lluvias y por las inundaciones generadas por la creciente del r\u00edo Cazones.. Pero como su estancia [&hellip;]<\/p>\n","protected":false},"author":2,"featured_media":141434,"comment_status":"closed","ping_status":"closed","sticky":false,"template":"","format":"standard","meta":{"tdm_status":"","tdm_grid_status":"","footnotes":""},"categories":[70],"tags":[355,1026,206,3578,90,88,195],"class_list":{"0":"post-154907","1":"post","2":"type-post","3":"status-publish","4":"format-standard","5":"has-post-thumbnail","7":"category-de-opinion","8":"tag-gabinete","9":"tag-morena","10":"tag-proteccion-civil","11":"tag-rocio-nahle","12":"tag-salud","13":"tag-sev","14":"tag-veracruz"},"yoast_head":"<!-- This site is optimized with the Yoast SEO plugin v27.4 - https:\/\/yoast.com\/product\/yoast-seo-wordpress\/ -->\n<title>VERACRUZ Y LOS CAMBIOS DEL GABINETE - Los pol\u00edticos Veracruz<\/title>\n<meta name=\"robots\" content=\"index, follow, max-snippet:-1, max-image-preview:large, max-video-preview:-1\" \/>\n<link rel=\"canonical\" href=\"https:\/\/lospoliticosveracruz.com\/?p=154907\" \/>\n<meta property=\"og:locale\" content=\"es_ES\" \/>\n<meta property=\"og:type\" content=\"article\" \/>\n<meta property=\"og:title\" content=\"VERACRUZ Y LOS CAMBIOS DEL GABINETE - Los pol\u00edticos Veracruz\" \/>\n<meta property=\"og:description\" content=\"Ricardo Chua Sale y Vale Si algo hay que reconocerle a Roc\u00edo Nahle Garc\u00eda, es que est\u00e1 abocada al tema del rescate de Poza Rica y la zona norte de Veracruz, despu\u00e9s de los desastres naturales provocados por las lluvias y por las inundaciones generadas por la creciente del r\u00edo Cazones.. Pero como su estancia [&hellip;]\" \/>\n<meta property=\"og:url\" content=\"https:\/\/lospoliticosveracruz.com\/?p=154907\" \/>\n<meta property=\"og:site_name\" content=\"Los pol\u00edticos Veracruz\" \/>\n<meta property=\"article:publisher\" content=\"https:\/\/www.facebook.com\/people\/Notimemes-de-los-Polticos\/61565672886568\/\" \/>\n<meta property=\"article:published_time\" content=\"2025-10-21T05:26:14+00:00\" \/>\n<meta property=\"article:modified_time\" content=\"2025-10-21T05:26:46+00:00\" \/>\n<meta property=\"og:image\" content=\"https:\/\/lospoliticosveracruz.com\/wp-content\/uploads\/2025\/04\/Chua-e1761364658706.jpg\" \/>\n\t<meta property=\"og:image:width\" content=\"600\" \/>\n\t<meta property=\"og:image:height\" content=\"320\" \/>\n\t<meta property=\"og:image:type\" content=\"image\/jpeg\" \/>\n<meta name=\"author\" content=\"Lo viste en Los Pol\u00edticos\" \/>\n<meta name=\"twitter:card\" content=\"summary_large_image\" \/>\n<meta name=\"twitter:creator\" content=\"@LosPoliticosVer\" \/>\n<meta name=\"twitter:site\" content=\"@LosPoliticosVer\" \/>\n<meta name=\"twitter:label1\" content=\"Escrito por\" \/>\n\t<meta name=\"twitter:data1\" content=\"Lo viste en Los Pol\u00edticos\" \/>\n\t<meta name=\"twitter:label2\" content=\"Tiempo de lectura\" \/>\n\t<meta name=\"twitter:data2\" content=\"5 minutos\" \/>\n<script type=\"application\/ld+json\" class=\"yoast-schema-graph\">{\"@context\":\"https:\\\/\\\/schema.org\",\"@graph\":[{\"@type\":\"Article\",\"@id\":\"https:\\\/\\\/lospoliticosveracruz.com\\\/?p=154907#article\",\"isPartOf\":{\"@id\":\"https:\\\/\\\/lospoliticosveracruz.com\\\/?p=154907\"},\"author\":{\"name\":\"Lo viste en Los Pol\u00edticos\",\"@id\":\"https:\\\/\\\/lospoliticosveracruz.com\\\/#\\\/schema\\\/person\\\/b8702bb0e538456e6efd07080bf2a4a2\"},\"headline\":\"VERACRUZ Y LOS CAMBIOS DEL GABINETE\",\"datePublished\":\"2025-10-21T05:26:14+00:00\",\"dateModified\":\"2025-10-21T05:26:46+00:00\",\"mainEntityOfPage\":{\"@id\":\"https:\\\/\\\/lospoliticosveracruz.com\\\/?p=154907\"},\"wordCount\":1075,\"publisher\":{\"@id\":\"https:\\\/\\\/lospoliticosveracruz.com\\\/#organization\"},\"image\":{\"@id\":\"https:\\\/\\\/lospoliticosveracruz.com\\\/?p=154907#primaryimage\"},\"thumbnailUrl\":\"https:\\\/\\\/lospoliticosveracruz.com\\\/wp-content\\\/uploads\\\/2025\\\/04\\\/Chua-e1761364658706.jpg\",\"keywords\":[\"Gabinete\",\"Morena\",\"Protecci\u00f3n Civil\",\"Roc\u00edo Nahle\",\"Salud\",\"SEV\",\"Veracruz\"],\"articleSection\":[\"De Opini\u00f3n\"],\"inLanguage\":\"es\"},{\"@type\":\"WebPage\",\"@id\":\"https:\\\/\\\/lospoliticosveracruz.com\\\/?p=154907\",\"url\":\"https:\\\/\\\/lospoliticosveracruz.com\\\/?p=154907\",\"name\":\"VERACRUZ Y LOS CAMBIOS DEL GABINETE - Los pol\u00edticos Veracruz\",\"isPartOf\":{\"@id\":\"https:\\\/\\\/lospoliticosveracruz.com\\\/#website\"},\"primaryImageOfPage\":{\"@id\":\"https:\\\/\\\/lospoliticosveracruz.com\\\/?p=154907#primaryimage\"},\"image\":{\"@id\":\"https:\\\/\\\/lospoliticosveracruz.com\\\/?p=154907#primaryimage\"},\"thumbnailUrl\":\"https:\\\/\\\/lospoliticosveracruz.com\\\/wp-content\\\/uploads\\\/2025\\\/04\\\/Chua-e1761364658706.jpg\",\"datePublished\":\"2025-10-21T05:26:14+00:00\",\"dateModified\":\"2025-10-21T05:26:46+00:00\",\"breadcrumb\":{\"@id\":\"https:\\\/\\\/lospoliticosveracruz.com\\\/?p=154907#breadcrumb\"},\"inLanguage\":\"es\",\"potentialAction\":[{\"@type\":\"ReadAction\",\"target\":[\"https:\\\/\\\/lospoliticosveracruz.com\\\/?p=154907\"]}]},{\"@type\":\"ImageObject\",\"inLanguage\":\"es\",\"@id\":\"https:\\\/\\\/lospoliticosveracruz.com\\\/?p=154907#primaryimage\",\"url\":\"https:\\\/\\\/lospoliticosveracruz.com\\\/wp-content\\\/uploads\\\/2025\\\/04\\\/Chua-e1761364658706.jpg\",\"contentUrl\":\"https:\\\/\\\/lospoliticosveracruz.com\\\/wp-content\\\/uploads\\\/2025\\\/04\\\/Chua-e1761364658706.jpg\",\"width\":600,\"height\":320},{\"@type\":\"BreadcrumbList\",\"@id\":\"https:\\\/\\\/lospoliticosveracruz.com\\\/?p=154907#breadcrumb\",\"itemListElement\":[{\"@type\":\"ListItem\",\"position\":1,\"name\":\"Portada\",\"item\":\"https:\\\/\\\/lospoliticosveracruz.com\\\/\"},{\"@type\":\"ListItem\",\"position\":2,\"name\":\"VERACRUZ Y LOS CAMBIOS DEL GABINETE\"}]},{\"@type\":\"WebSite\",\"@id\":\"https:\\\/\\\/lospoliticosveracruz.com\\\/#website\",\"url\":\"https:\\\/\\\/lospoliticosveracruz.com\\\/\",\"name\":\"Los pol\u00edticos Veracruz\",\"description\":\"\",\"publisher\":{\"@id\":\"https:\\\/\\\/lospoliticosveracruz.com\\\/#organization\"},\"potentialAction\":[{\"@type\":\"SearchAction\",\"target\":{\"@type\":\"EntryPoint\",\"urlTemplate\":\"https:\\\/\\\/lospoliticosveracruz.com\\\/?s={search_term_string}\"},\"query-input\":{\"@type\":\"PropertyValueSpecification\",\"valueRequired\":true,\"valueName\":\"search_term_string\"}}],\"inLanguage\":\"es\"},{\"@type\":\"Organization\",\"@id\":\"https:\\\/\\\/lospoliticosveracruz.com\\\/#organization\",\"name\":\"Los pol\u00edticos Veracruz\",\"url\":\"https:\\\/\\\/lospoliticosveracruz.com\\\/\",\"logo\":{\"@type\":\"ImageObject\",\"inLanguage\":\"es\",\"@id\":\"https:\\\/\\\/lospoliticosveracruz.com\\\/#\\\/schema\\\/logo\\\/image\\\/\",\"url\":\"https:\\\/\\\/lospoliticosveracruz.com\\\/wp-content\\\/uploads\\\/2025\\\/12\\\/Logo-Nuevo-LOS-POLITICOS-1.jpg\",\"contentUrl\":\"https:\\\/\\\/lospoliticosveracruz.com\\\/wp-content\\\/uploads\\\/2025\\\/12\\\/Logo-Nuevo-LOS-POLITICOS-1.jpg\",\"width\":260,\"height\":70,\"caption\":\"Los pol\u00edticos Veracruz\"},\"image\":{\"@id\":\"https:\\\/\\\/lospoliticosveracruz.com\\\/#\\\/schema\\\/logo\\\/image\\\/\"},\"sameAs\":[\"https:\\\/\\\/www.facebook.com\\\/people\\\/Notimemes-de-los-Polticos\\\/61565672886568\\\/\",\"https:\\\/\\\/x.com\\\/LosPoliticosVer\"]},{\"@type\":\"Person\",\"@id\":\"https:\\\/\\\/lospoliticosveracruz.com\\\/#\\\/schema\\\/person\\\/b8702bb0e538456e6efd07080bf2a4a2\",\"name\":\"Lo viste en Los Pol\u00edticos\",\"image\":{\"@type\":\"ImageObject\",\"inLanguage\":\"es\",\"@id\":\"https:\\\/\\\/secure.gravatar.com\\\/avatar\\\/3a8de04a2656d44082be478bd6c086daa447c4651605818287b9532d3d0bd435?s=96&d=mm&r=g\",\"url\":\"https:\\\/\\\/secure.gravatar.com\\\/avatar\\\/3a8de04a2656d44082be478bd6c086daa447c4651605818287b9532d3d0bd435?s=96&d=mm&r=g\",\"contentUrl\":\"https:\\\/\\\/secure.gravatar.com\\\/avatar\\\/3a8de04a2656d44082be478bd6c086daa447c4651605818287b9532d3d0bd435?s=96&d=mm&r=g\",\"caption\":\"Lo viste en Los Pol\u00edticos\"},\"url\":\"https:\\\/\\\/lospoliticosveracruz.com\\\/?author=2\"}]}<\/script>\n<!-- \/ Yoast SEO plugin. -->","yoast_head_json":{"title":"VERACRUZ Y LOS CAMBIOS DEL GABINETE - Los pol\u00edticos Veracruz","robots":{"index":"index","follow":"follow","max-snippet":"max-snippet:-1","max-image-preview":"max-image-preview:large","max-video-preview":"max-video-preview:-1"},"canonical":"https:\/\/lospoliticosveracruz.com\/?p=154907","og_locale":"es_ES","og_type":"article","og_title":"VERACRUZ Y LOS CAMBIOS DEL GABINETE - Los pol\u00edticos Veracruz","og_description":"Ricardo Chua Sale y Vale Si algo hay que reconocerle a Roc\u00edo Nahle Garc\u00eda, es que est\u00e1 abocada al tema del rescate de Poza Rica y la zona norte de Veracruz, despu\u00e9s de los desastres naturales provocados por las lluvias y por las inundaciones generadas por la creciente del r\u00edo Cazones.. Pero como su estancia [&hellip;]","og_url":"https:\/\/lospoliticosveracruz.com\/?p=154907","og_site_name":"Los pol\u00edticos Veracruz","article_publisher":"https:\/\/www.facebook.com\/people\/Notimemes-de-los-Polticos\/61565672886568\/","article_published_time":"2025-10-21T05:26:14+00:00","article_modified_time":"2025-10-21T05:26:46+00:00","og_image":[{"width":600,"height":320,"url":"https:\/\/lospoliticosveracruz.com\/wp-content\/uploads\/2025\/04\/Chua-e1761364658706.jpg","type":"image\/jpeg"}],"author":"Lo viste en Los Pol\u00edticos","twitter_card":"summary_large_image","twitter_creator":"@LosPoliticosVer","twitter_site":"@LosPoliticosVer","twitter_misc":{"Escrito por":"Lo viste en Los Pol\u00edticos","Tiempo de lectura":"5 minutos"},"schema":{"@context":"https:\/\/schema.org","@graph":[{"@type":"Article","@id":"https:\/\/lospoliticosveracruz.com\/?p=154907#article","isPartOf":{"@id":"https:\/\/lospoliticosveracruz.com\/?p=154907"},"author":{"name":"Lo viste en Los Pol\u00edticos","@id":"https:\/\/lospoliticosveracruz.com\/#\/schema\/person\/b8702bb0e538456e6efd07080bf2a4a2"},"headline":"VERACRUZ Y LOS CAMBIOS DEL GABINETE","datePublished":"2025-10-21T05:26:14+00:00","dateModified":"2025-10-21T05:26:46+00:00","mainEntityOfPage":{"@id":"https:\/\/lospoliticosveracruz.com\/?p=154907"},"wordCount":1075,"publisher":{"@id":"https:\/\/lospoliticosveracruz.com\/#organization"},"image":{"@id":"https:\/\/lospoliticosveracruz.com\/?p=154907#primaryimage"},"thumbnailUrl":"https:\/\/lospoliticosveracruz.com\/wp-content\/uploads\/2025\/04\/Chua-e1761364658706.jpg","keywords":["Gabinete","Morena","Protecci\u00f3n Civil","Roc\u00edo Nahle","Salud","SEV","Veracruz"],"articleSection":["De Opini\u00f3n"],"inLanguage":"es"},{"@type":"WebPage","@id":"https:\/\/lospoliticosveracruz.com\/?p=154907","url":"https:\/\/lospoliticosveracruz.com\/?p=154907","name":"VERACRUZ Y LOS CAMBIOS DEL GABINETE - Los pol\u00edticos Veracruz","isPartOf":{"@id":"https:\/\/lospoliticosveracruz.com\/#website"},"primaryImageOfPage":{"@id":"https:\/\/lospoliticosveracruz.com\/?p=154907#primaryimage"},"image":{"@id":"https:\/\/lospoliticosveracruz.com\/?p=154907#primaryimage"},"thumbnailUrl":"https:\/\/lospoliticosveracruz.com\/wp-content\/uploads\/2025\/04\/Chua-e1761364658706.jpg","datePublished":"2025-10-21T05:26:14+00:00","dateModified":"2025-10-21T05:26:46+00:00","breadcrumb":{"@id":"https:\/\/lospoliticosveracruz.com\/?p=154907#breadcrumb"},"inLanguage":"es","potentialAction":[{"@type":"ReadAction","target":["https:\/\/lospoliticosveracruz.com\/?p=154907"]}]},{"@type":"ImageObject","inLanguage":"es","@id":"https:\/\/lospoliticosveracruz.com\/?p=154907#primaryimage","url":"https:\/\/lospoliticosveracruz.com\/wp-content\/uploads\/2025\/04\/Chua-e1761364658706.jpg","contentUrl":"https:\/\/lospoliticosveracruz.com\/wp-content\/uploads\/2025\/04\/Chua-e1761364658706.jpg","width":600,"height":320},{"@type":"BreadcrumbList","@id":"https:\/\/lospoliticosveracruz.com\/?p=154907#breadcrumb","itemListElement":[{"@type":"ListItem","position":1,"name":"Portada","item":"https:\/\/lospoliticosveracruz.com\/"},{"@type":"ListItem","position":2,"name":"VERACRUZ Y LOS CAMBIOS DEL GABINETE"}]},{"@type":"WebSite","@id":"https:\/\/lospoliticosveracruz.com\/#website","url":"https:\/\/lospoliticosveracruz.com\/","name":"Los pol\u00edticos Veracruz","description":"","publisher":{"@id":"https:\/\/lospoliticosveracruz.com\/#organization"},"potentialAction":[{"@type":"SearchAction","target":{"@type":"EntryPoint","urlTemplate":"https:\/\/lospoliticosveracruz.com\/?s={search_term_string}"},"query-input":{"@type":"PropertyValueSpecification","valueRequired":true,"valueName":"search_term_string"}}],"inLanguage":"es"},{"@type":"Organization","@id":"https:\/\/lospoliticosveracruz.com\/#organization","name":"Los pol\u00edticos Veracruz","url":"https:\/\/lospoliticosveracruz.com\/","logo":{"@type":"ImageObject","inLanguage":"es","@id":"https:\/\/lospoliticosveracruz.com\/#\/schema\/logo\/image\/","url":"https:\/\/lospoliticosveracruz.com\/wp-content\/uploads\/2025\/12\/Logo-Nuevo-LOS-POLITICOS-1.jpg","contentUrl":"https:\/\/lospoliticosveracruz.com\/wp-content\/uploads\/2025\/12\/Logo-Nuevo-LOS-POLITICOS-1.jpg","width":260,"height":70,"caption":"Los pol\u00edticos Veracruz"},"image":{"@id":"https:\/\/lospoliticosveracruz.com\/#\/schema\/logo\/image\/"},"sameAs":["https:\/\/www.facebook.com\/people\/Notimemes-de-los-Polticos\/61565672886568\/","https:\/\/x.com\/LosPoliticosVer"]},{"@type":"Person","@id":"https:\/\/lospoliticosveracruz.com\/#\/schema\/person\/b8702bb0e538456e6efd07080bf2a4a2","name":"Lo viste en Los Pol\u00edticos","image":{"@type":"ImageObject","inLanguage":"es","@id":"https:\/\/secure.gravatar.com\/avatar\/3a8de04a2656d44082be478bd6c086daa447c4651605818287b9532d3d0bd435?s=96&d=mm&r=g","url":"https:\/\/secure.gravatar.com\/avatar\/3a8de04a2656d44082be478bd6c086daa447c4651605818287b9532d3d0bd435?s=96&d=mm&r=g","contentUrl":"https:\/\/secure.gravatar.com\/avatar\/3a8de04a2656d44082be478bd6c086daa447c4651605818287b9532d3d0bd435?s=96&d=mm&r=g","caption":"Lo viste en Los Pol\u00edticos"},"url":"https:\/\/lospoliticosveracruz.com\/?author=2"}]}},"_links":{"self":[{"href":"https:\/\/lospoliticosveracruz.com\/index.php?rest_route=\/wp\/v2\/posts\/154907","targetHints":{"allow":["GET"]}}],"collection":[{"href":"https:\/\/lospoliticosveracruz.com\/index.php?rest_route=\/wp\/v2\/posts"}],"about":[{"href":"https:\/\/lospoliticosveracruz.com\/index.php?rest_route=\/wp\/v2\/types\/post"}],"author":[{"embeddable":true,"href":"https:\/\/lospoliticosveracruz.com\/index.php?rest_route=\/wp\/v2\/users\/2"}],"replies":[{"embeddable":true,"href":"https:\/\/lospoliticosveracruz.com\/index.php?rest_route=%2Fwp%2Fv2%2Fcomments&post=154907"}],"version-history":[{"count":1,"href":"https:\/\/lospoliticosveracruz.com\/index.php?rest_route=\/wp\/v2\/posts\/154907\/revisions"}],"predecessor-version":[{"id":154908,"href":"https:\/\/lospoliticosveracruz.com\/index.php?rest_route=\/wp\/v2\/posts\/154907\/revisions\/154908"}],"wp:featuredmedia":[{"embeddable":true,"href":"https:\/\/lospoliticosveracruz.com\/index.php?rest_route=\/wp\/v2\/media\/141434"}],"wp:attachment":[{"href":"https:\/\/lospoliticosveracruz.com\/index.php?rest_route=%2Fwp%2Fv2%2Fmedia&parent=154907"}],"wp:term":[{"taxonomy":"category","embeddable":true,"href":"https:\/\/lospoliticosveracruz.com\/index.php?rest_route=%2Fwp%2Fv2%2Fcategories&post=154907"},{"taxonomy":"post_tag","embeddable":true,"href":"https:\/\/lospoliticosveracruz.com\/index.php?rest_route=%2Fwp%2Fv2%2Ftags&post=154907"}],"curies":[{"name":"wp","href":"https:\/\/api.w.org\/{rel}","templated":true}]}}