{"id":154925,"date":"2025-10-21T09:20:00","date_gmt":"2025-10-21T14:20:00","guid":{"rendered":"https:\/\/lospoliticosveracruz.com.mx\/?p=154925"},"modified":"2025-10-21T09:20:25","modified_gmt":"2025-10-21T14:20:25","slug":"la-risa-de-nahle-asunto-clinico","status":"publish","type":"post","link":"https:\/\/lospoliticosveracruz.com\/?p=154925","title":{"rendered":"LA RISA DE NAHLE, ASUNTO CL\u00cdNICO"},"content":{"rendered":"\n<p><strong>Inocencio Y\u00e1\u00f1ez Vicencio<\/strong><\/p>\n\n\n\n<p>No, una entrega no puede agotar interrogarnos sobre una conducta patol\u00f3gica, que tal vez los polit\u00f3logos que vienen del campo de la psicolog\u00eda y que tanto aportaron al an\u00e1lisis del comportamiento individual, pueden aproximarse con m\u00e1s \u00e9xito a sus verdaderas causas.<br>Lo que est\u00e1 a la vista es que esa risa risa de Nahle, como respuesta a qui\u00e9n le pregunt\u00f3 sobre el Seguro para Desastres Naturales, que los gobiernos morenistas cancelaron o dejaron de renovar, y despu\u00e9s en el Centro de Comando exclamar: Malditos!; refleja una psicopat\u00eda que ya no es tema para desarrollar en el marco de la pol\u00edtica.<br>Cuando AMLO, hablaba de la Rep\u00fablica amorosa , no fueron pocos los que recepcionaron con gusto esa ret\u00f3rica, porque si la pol\u00edtica es dejar atr\u00e1s la violencia, por inferencia la pol\u00edtica tiene y debe tener como supuesto la alegr\u00eda, lo que no significa que nos andemos riendo solos en la plaza p\u00fablica sino que por mucho que hablemos con firmeza y con pasi\u00f3n, luchemos por no retornar a gestos ofensivos que nos regresen a un estadio de naturaleza de enfrentamiento f\u00edsico de todos contra todos.<br>Callar al interlocutor es negar la pol\u00edtica. Pablo Badillo O&#8217;Farril, en su libro Fundamentos de la Filosof\u00eda Pol\u00edtica, hablando de Hannah Arendt, nos dice que : A diferencia de ellos cuando en la polis se habla del concepto de isonomia no se est\u00e1 defendiendo una idea de igualdad formal de los diferentes hombres ante la ley, sino de la posibilidad de que todos tengan la posibilidad de expresar libremente sus ideas, por ello es por lo que, en un sentido profundo del t\u00e9rmino, la isonomia puede ser plenamente equiparada a la isegoria, o capacidad de hablar libremente en la plaza p\u00fablica, en el espacio com\u00fan de todos, lo que hizo que en un determinado momento, Polibio las idenficara plenamente a ambas y las casar\u00e1 bajo la idea de isologia.<br>No comparto que Arendt, haya vaciado su concepto de pol\u00edtica de todo contenido social, pero sin duda alguna , es extraordinariamente nacionalista su concepto de la pol\u00edtica, porque la tiene como el mejor medio para que se exprese y conviva la diversidad, haciendo de la pluralidad su raz\u00f3n de ser, purg\u00e1ndola de todo pensamiento \u00fanico y pretensi\u00f3n de uniformidad.<br>Nada tienen que hacer en la pol\u00edtica los que pretenden callar las voces discordantes. Gobernar es coordinar las diferencias. Si la pol\u00edtica es toda acci\u00f3n concertada dirigida a la b\u00fasqueda del bien com\u00fan, no tiene relaci\u00f3n con la pol\u00edtica la oposici\u00f3n de un concepto de bien com\u00fan externo, no consensuado.<br>En las luchas estudiantiles en que particip\u00f3 Claudia Sheinbaum, brillaron muchas jovencitas. Recuerdo Rosario Robles, de mente clara y aguerrida, que al no poner el gobierno de la CDMX al serviciio de AMLO, jur\u00f3 destruirla. Seg\u00fan los compa\u00f1eros de Claudia,est\u00e1 siempre fue grosera y amargada, destaca por fundirse con Carlos Imaz, inteligente y carism\u00e1tico, que frena su carrera el haberse hecho p\u00fablico el acto donde recibe fajos de billetes del argentino Carlos Ahumada, sinverg\u00fcenzada que abarca al matrimonio, pero Claudia es resucitada en las aguas del Jord\u00e1n.<br>Nahle, pas\u00f3 por la c\u00e1mara de diputados sin pena ni gloria, sin m\u00e1s funci\u00f3n que leer recados. Es conocida por los esc\u00e1ndalos de la Refiner\u00eda de Dos Bocas, pero como en Morena no cuenta la capacidad sino la complicidad, y como no sabe hacer otra cosa, pues todos los d\u00edas es nota roja.<br>Luciano Canfora, en su libro Cr\u00edtica de la Ret\u00f3rica Democr\u00e1tica, comenta, una reflexi\u00f3n de Gramsci, contenida en sus Cuadernos de la C\u00e1rcel ( que escribi\u00f3 de 1922 a 1939, desde que fue encarcelado por Mussolini, hasta que su vida se extingui\u00f3 en prisi\u00f3n), sobre los enormes recursos que pagan para que los elogien y ataquen a sus adversarios, diciendo que: Si estos presuntos pr\u00f3ceres, a pesar de los inmensos recursos materiales que poseen, no obtienen el consenso de la mayor\u00eda, habr\u00e1 que pensar que son unos ineptos!<br>Cuando vemos los camiones de acarreados para ovacionar a Claudia, las visitas arregladas, las preguntas autorizadas en la Ma\u00f1anera, las limpias que hacen en los medios de periodistas inc\u00f3modas, las plumas carro\u00f1eras de que disponen, como destrozan la reputaci\u00f3n de quienes no se someten, como controlan partidos comparsas, como fabrican candidatos opositores a modo, como monopolizan hasta la ayuda a los damnificados\u2026 es indiscutible que en lugar de promover gente capaz, impulsar corcholatas o mejor dicho: tapaderas, los hunde, a pesar de sus encuestas y sus montajes.<br>A pesar de los recursos que tienen operando para ocultar sus canalladas, no han podido ocultar que criminalmente, as\u00ed como AMLO, inund\u00f3 deliberadamente Villahermosa, lo acaba de hacer con Poza Rica, al abrir, seg\u00fan el experto Isidro Cano, la presa La Soledad para desbordar el R\u00edo Cazones. Con qu\u00e9 prop\u00f3sito? Por lo pronto lo que aparece a la vista, es monopolizar la ayuda y tener m\u00e1s clientela electoral, o por qu\u00e9 est\u00e1n impidiendo que llegue apoyo de familiares, amigos y sociedad civil?<br>Los pobladores est\u00e1n sacando lodo y cad\u00e1veres, s\u00f3los, sin que las autoridades los ayuden. Se anuncia como siempre mucha ayuda, pero hablamos con los afectados y no han recibido del gobierno nada. Igual que Acapulco. Es el d\u00eda de hoy que son varios los que no pueden normalizar sus actividades, porque s\u00f3lo reciben promesas. Es desgarrador escuchar a los que han perdido todo. Mi hermana, en la \u00faltima conversaci\u00f3n me dice que se est\u00e1n organizando para alquilar maquinar\u00eda para sacar el lodo. Un hotel de 400 pesos diarios, lo pagan en 1000 pesos por noche, obligados a contratarlo por un mes, porque de otra forma le costar\u00eda 1300 pesos. Y Profeco? Bien gracias. No le vayan a preguntar a la gobernadora, porque los maldice. Pareciera que todav\u00eda no sabe para que la mandaron a Veracruz.<br>Ver a los morenistas y sus paleros gozar que le receten a los contagiados del Covi-19, amuletos, que no les avisen oportunamente a los pozarricenses sobre un meteoro, que les nieguen sus vacunas a los ni\u00f1os, que dejen a la poblaci\u00f3n morir a manos del cr\u00edmen organizado, que cancelen el futuro de la juventud al no construirlo escuelas ni hospitales, que le oculten a los que reciben apoyos que la deuda p\u00fablica ya llega a 20.2 billones y a cada habitante de esa deuda le toca m\u00e1s de 152 mil pesos por cabeza, con lo cual conducen a la naci\u00f3n a la total bancarrota.<br>Es grave, pero no podemos ofrecer al desastre de un gobierno seudoizquierdista una alternativa del Yunke o gansteril, esa ser\u00eda ideal, para que Morena, se vea como lo menos peor. O construimos una alternativa social o nos condenamos al providencialismo vand\u00e1lico.<br>Ante quienes se rien de nuestras desgracias e intentan callar nuestros leg\u00edtimos reclamos, no tenemos otra opci\u00f3n que recuperar la igualdad en el uso de la palabra en la plaza p\u00fablica, para discutir, acordar y decidir el mejor rumbo para los veracruzanos, que ya vimos que no est\u00e1 ni con Morena no con sus comparsas.<\/p>\n\n\n","protected":false},"excerpt":{"rendered":"<p>Inocencio Y\u00e1\u00f1ez Vicencio No, una entrega no puede agotar interrogarnos sobre una conducta patol\u00f3gica, que tal vez los polit\u00f3logos que vienen del campo de la psicolog\u00eda y que tanto aportaron al an\u00e1lisis del comportamiento individual, pueden aproximarse con m\u00e1s \u00e9xito a sus verdaderas causas.Lo que est\u00e1 a la vista es que esa risa risa de [&hellip;]<\/p>\n","protected":false},"author":2,"featured_media":141387,"comment_status":"closed","ping_status":"closed","sticky":false,"template":"","format":"standard","meta":{"tdm_status":"","tdm_grid_status":"","footnotes":""},"categories":[70],"tags":[9627,1026,3578,7343,195],"class_list":{"0":"post-154925","1":"post","2":"type-post","3":"status-publish","4":"format-standard","5":"has-post-thumbnail","7":"category-de-opinion","8":"tag-claudia-sheinbaum","9":"tag-morena","10":"tag-rocio-nahle","11":"tag-rosario-robles","12":"tag-veracruz"},"yoast_head":"<!-- This site is optimized with the Yoast SEO plugin v27.4 - https:\/\/yoast.com\/product\/yoast-seo-wordpress\/ -->\n<title>LA RISA DE NAHLE, ASUNTO CL\u00cdNICO - Los pol\u00edticos Veracruz<\/title>\n<meta name=\"robots\" content=\"index, follow, max-snippet:-1, max-image-preview:large, max-video-preview:-1\" \/>\n<link rel=\"canonical\" href=\"https:\/\/lospoliticosveracruz.com\/?p=154925\" \/>\n<meta property=\"og:locale\" content=\"es_ES\" \/>\n<meta property=\"og:type\" content=\"article\" \/>\n<meta property=\"og:title\" content=\"LA RISA DE NAHLE, ASUNTO CL\u00cdNICO - Los pol\u00edticos Veracruz\" \/>\n<meta property=\"og:description\" content=\"Inocencio Y\u00e1\u00f1ez Vicencio No, una entrega no puede agotar interrogarnos sobre una conducta patol\u00f3gica, que tal vez los polit\u00f3logos que vienen del campo de la psicolog\u00eda y que tanto aportaron al an\u00e1lisis del comportamiento individual, pueden aproximarse con m\u00e1s \u00e9xito a sus verdaderas causas.Lo que est\u00e1 a la vista es que esa risa risa de [&hellip;]\" \/>\n<meta property=\"og:url\" content=\"https:\/\/lospoliticosveracruz.com\/?p=154925\" \/>\n<meta property=\"og:site_name\" content=\"Los pol\u00edticos Veracruz\" \/>\n<meta property=\"article:publisher\" content=\"https:\/\/www.facebook.com\/people\/Notimemes-de-los-Polticos\/61565672886568\/\" \/>\n<meta property=\"article:published_time\" content=\"2025-10-21T14:20:00+00:00\" \/>\n<meta property=\"article:modified_time\" content=\"2025-10-21T14:20:25+00:00\" \/>\n<meta property=\"og:image\" content=\"https:\/\/lospoliticosveracruz.com\/wp-content\/uploads\/2025\/04\/Inocencio-Yanez-Vicencio.jpg\" \/>\n\t<meta property=\"og:image:width\" content=\"1250\" \/>\n\t<meta property=\"og:image:height\" content=\"667\" \/>\n\t<meta property=\"og:image:type\" content=\"image\/jpeg\" \/>\n<meta name=\"author\" content=\"Lo viste en Los Pol\u00edticos\" \/>\n<meta name=\"twitter:card\" content=\"summary_large_image\" \/>\n<meta name=\"twitter:creator\" content=\"@LosPoliticosVer\" \/>\n<meta name=\"twitter:site\" content=\"@LosPoliticosVer\" \/>\n<meta name=\"twitter:label1\" content=\"Escrito por\" \/>\n\t<meta name=\"twitter:data1\" content=\"Lo viste en Los Pol\u00edticos\" \/>\n\t<meta name=\"twitter:label2\" content=\"Tiempo de lectura\" \/>\n\t<meta name=\"twitter:data2\" content=\"6 minutos\" \/>\n<script type=\"application\/ld+json\" class=\"yoast-schema-graph\">{\"@context\":\"https:\\\/\\\/schema.org\",\"@graph\":[{\"@type\":\"Article\",\"@id\":\"https:\\\/\\\/lospoliticosveracruz.com\\\/?p=154925#article\",\"isPartOf\":{\"@id\":\"https:\\\/\\\/lospoliticosveracruz.com\\\/?p=154925\"},\"author\":{\"name\":\"Lo viste en Los Pol\u00edticos\",\"@id\":\"https:\\\/\\\/lospoliticosveracruz.com\\\/#\\\/schema\\\/person\\\/b8702bb0e538456e6efd07080bf2a4a2\"},\"headline\":\"LA RISA DE NAHLE, ASUNTO CL\u00cdNICO\",\"datePublished\":\"2025-10-21T14:20:00+00:00\",\"dateModified\":\"2025-10-21T14:20:25+00:00\",\"mainEntityOfPage\":{\"@id\":\"https:\\\/\\\/lospoliticosveracruz.com\\\/?p=154925\"},\"wordCount\":1244,\"publisher\":{\"@id\":\"https:\\\/\\\/lospoliticosveracruz.com\\\/#organization\"},\"image\":{\"@id\":\"https:\\\/\\\/lospoliticosveracruz.com\\\/?p=154925#primaryimage\"},\"thumbnailUrl\":\"https:\\\/\\\/lospoliticosveracruz.com\\\/wp-content\\\/uploads\\\/2025\\\/04\\\/Inocencio-Yanez-Vicencio.jpg\",\"keywords\":[\"Claudia Sheinbaum\",\"Morena\",\"Roc\u00edo Nahle\",\"Rosario Robles\",\"Veracruz\"],\"articleSection\":[\"De Opini\u00f3n\"],\"inLanguage\":\"es\"},{\"@type\":\"WebPage\",\"@id\":\"https:\\\/\\\/lospoliticosveracruz.com\\\/?p=154925\",\"url\":\"https:\\\/\\\/lospoliticosveracruz.com\\\/?p=154925\",\"name\":\"LA RISA DE NAHLE, ASUNTO CL\u00cdNICO - Los pol\u00edticos Veracruz\",\"isPartOf\":{\"@id\":\"https:\\\/\\\/lospoliticosveracruz.com\\\/#website\"},\"primaryImageOfPage\":{\"@id\":\"https:\\\/\\\/lospoliticosveracruz.com\\\/?p=154925#primaryimage\"},\"image\":{\"@id\":\"https:\\\/\\\/lospoliticosveracruz.com\\\/?p=154925#primaryimage\"},\"thumbnailUrl\":\"https:\\\/\\\/lospoliticosveracruz.com\\\/wp-content\\\/uploads\\\/2025\\\/04\\\/Inocencio-Yanez-Vicencio.jpg\",\"datePublished\":\"2025-10-21T14:20:00+00:00\",\"dateModified\":\"2025-10-21T14:20:25+00:00\",\"breadcrumb\":{\"@id\":\"https:\\\/\\\/lospoliticosveracruz.com\\\/?p=154925#breadcrumb\"},\"inLanguage\":\"es\",\"potentialAction\":[{\"@type\":\"ReadAction\",\"target\":[\"https:\\\/\\\/lospoliticosveracruz.com\\\/?p=154925\"]}]},{\"@type\":\"ImageObject\",\"inLanguage\":\"es\",\"@id\":\"https:\\\/\\\/lospoliticosveracruz.com\\\/?p=154925#primaryimage\",\"url\":\"https:\\\/\\\/lospoliticosveracruz.com\\\/wp-content\\\/uploads\\\/2025\\\/04\\\/Inocencio-Yanez-Vicencio.jpg\",\"contentUrl\":\"https:\\\/\\\/lospoliticosveracruz.com\\\/wp-content\\\/uploads\\\/2025\\\/04\\\/Inocencio-Yanez-Vicencio.jpg\",\"width\":1250,\"height\":667},{\"@type\":\"BreadcrumbList\",\"@id\":\"https:\\\/\\\/lospoliticosveracruz.com\\\/?p=154925#breadcrumb\",\"itemListElement\":[{\"@type\":\"ListItem\",\"position\":1,\"name\":\"Portada\",\"item\":\"https:\\\/\\\/lospoliticosveracruz.com\\\/\"},{\"@type\":\"ListItem\",\"position\":2,\"name\":\"LA RISA DE NAHLE, ASUNTO CL\u00cdNICO\"}]},{\"@type\":\"WebSite\",\"@id\":\"https:\\\/\\\/lospoliticosveracruz.com\\\/#website\",\"url\":\"https:\\\/\\\/lospoliticosveracruz.com\\\/\",\"name\":\"Los pol\u00edticos Veracruz\",\"description\":\"\",\"publisher\":{\"@id\":\"https:\\\/\\\/lospoliticosveracruz.com\\\/#organization\"},\"potentialAction\":[{\"@type\":\"SearchAction\",\"target\":{\"@type\":\"EntryPoint\",\"urlTemplate\":\"https:\\\/\\\/lospoliticosveracruz.com\\\/?s={search_term_string}\"},\"query-input\":{\"@type\":\"PropertyValueSpecification\",\"valueRequired\":true,\"valueName\":\"search_term_string\"}}],\"inLanguage\":\"es\"},{\"@type\":\"Organization\",\"@id\":\"https:\\\/\\\/lospoliticosveracruz.com\\\/#organization\",\"name\":\"Los pol\u00edticos Veracruz\",\"url\":\"https:\\\/\\\/lospoliticosveracruz.com\\\/\",\"logo\":{\"@type\":\"ImageObject\",\"inLanguage\":\"es\",\"@id\":\"https:\\\/\\\/lospoliticosveracruz.com\\\/#\\\/schema\\\/logo\\\/image\\\/\",\"url\":\"https:\\\/\\\/lospoliticosveracruz.com\\\/wp-content\\\/uploads\\\/2025\\\/12\\\/Logo-Nuevo-LOS-POLITICOS-1.jpg\",\"contentUrl\":\"https:\\\/\\\/lospoliticosveracruz.com\\\/wp-content\\\/uploads\\\/2025\\\/12\\\/Logo-Nuevo-LOS-POLITICOS-1.jpg\",\"width\":260,\"height\":70,\"caption\":\"Los pol\u00edticos Veracruz\"},\"image\":{\"@id\":\"https:\\\/\\\/lospoliticosveracruz.com\\\/#\\\/schema\\\/logo\\\/image\\\/\"},\"sameAs\":[\"https:\\\/\\\/www.facebook.com\\\/people\\\/Notimemes-de-los-Polticos\\\/61565672886568\\\/\",\"https:\\\/\\\/x.com\\\/LosPoliticosVer\"]},{\"@type\":\"Person\",\"@id\":\"https:\\\/\\\/lospoliticosveracruz.com\\\/#\\\/schema\\\/person\\\/b8702bb0e538456e6efd07080bf2a4a2\",\"name\":\"Lo viste en Los Pol\u00edticos\",\"image\":{\"@type\":\"ImageObject\",\"inLanguage\":\"es\",\"@id\":\"https:\\\/\\\/secure.gravatar.com\\\/avatar\\\/3a8de04a2656d44082be478bd6c086daa447c4651605818287b9532d3d0bd435?s=96&d=mm&r=g\",\"url\":\"https:\\\/\\\/secure.gravatar.com\\\/avatar\\\/3a8de04a2656d44082be478bd6c086daa447c4651605818287b9532d3d0bd435?s=96&d=mm&r=g\",\"contentUrl\":\"https:\\\/\\\/secure.gravatar.com\\\/avatar\\\/3a8de04a2656d44082be478bd6c086daa447c4651605818287b9532d3d0bd435?s=96&d=mm&r=g\",\"caption\":\"Lo viste en Los Pol\u00edticos\"},\"url\":\"https:\\\/\\\/lospoliticosveracruz.com\\\/?author=2\"}]}<\/script>\n<!-- \/ Yoast SEO plugin. -->","yoast_head_json":{"title":"LA RISA DE NAHLE, ASUNTO CL\u00cdNICO - Los pol\u00edticos Veracruz","robots":{"index":"index","follow":"follow","max-snippet":"max-snippet:-1","max-image-preview":"max-image-preview:large","max-video-preview":"max-video-preview:-1"},"canonical":"https:\/\/lospoliticosveracruz.com\/?p=154925","og_locale":"es_ES","og_type":"article","og_title":"LA RISA DE NAHLE, ASUNTO CL\u00cdNICO - Los pol\u00edticos Veracruz","og_description":"Inocencio Y\u00e1\u00f1ez Vicencio No, una entrega no puede agotar interrogarnos sobre una conducta patol\u00f3gica, que tal vez los polit\u00f3logos que vienen del campo de la psicolog\u00eda y que tanto aportaron al an\u00e1lisis del comportamiento individual, pueden aproximarse con m\u00e1s \u00e9xito a sus verdaderas causas.Lo que est\u00e1 a la vista es que esa risa risa de [&hellip;]","og_url":"https:\/\/lospoliticosveracruz.com\/?p=154925","og_site_name":"Los pol\u00edticos Veracruz","article_publisher":"https:\/\/www.facebook.com\/people\/Notimemes-de-los-Polticos\/61565672886568\/","article_published_time":"2025-10-21T14:20:00+00:00","article_modified_time":"2025-10-21T14:20:25+00:00","og_image":[{"width":1250,"height":667,"url":"https:\/\/lospoliticosveracruz.com\/wp-content\/uploads\/2025\/04\/Inocencio-Yanez-Vicencio.jpg","type":"image\/jpeg"}],"author":"Lo viste en Los Pol\u00edticos","twitter_card":"summary_large_image","twitter_creator":"@LosPoliticosVer","twitter_site":"@LosPoliticosVer","twitter_misc":{"Escrito por":"Lo viste en Los Pol\u00edticos","Tiempo de lectura":"6 minutos"},"schema":{"@context":"https:\/\/schema.org","@graph":[{"@type":"Article","@id":"https:\/\/lospoliticosveracruz.com\/?p=154925#article","isPartOf":{"@id":"https:\/\/lospoliticosveracruz.com\/?p=154925"},"author":{"name":"Lo viste en Los Pol\u00edticos","@id":"https:\/\/lospoliticosveracruz.com\/#\/schema\/person\/b8702bb0e538456e6efd07080bf2a4a2"},"headline":"LA RISA DE NAHLE, ASUNTO CL\u00cdNICO","datePublished":"2025-10-21T14:20:00+00:00","dateModified":"2025-10-21T14:20:25+00:00","mainEntityOfPage":{"@id":"https:\/\/lospoliticosveracruz.com\/?p=154925"},"wordCount":1244,"publisher":{"@id":"https:\/\/lospoliticosveracruz.com\/#organization"},"image":{"@id":"https:\/\/lospoliticosveracruz.com\/?p=154925#primaryimage"},"thumbnailUrl":"https:\/\/lospoliticosveracruz.com\/wp-content\/uploads\/2025\/04\/Inocencio-Yanez-Vicencio.jpg","keywords":["Claudia Sheinbaum","Morena","Roc\u00edo Nahle","Rosario Robles","Veracruz"],"articleSection":["De Opini\u00f3n"],"inLanguage":"es"},{"@type":"WebPage","@id":"https:\/\/lospoliticosveracruz.com\/?p=154925","url":"https:\/\/lospoliticosveracruz.com\/?p=154925","name":"LA RISA DE NAHLE, ASUNTO CL\u00cdNICO - Los pol\u00edticos Veracruz","isPartOf":{"@id":"https:\/\/lospoliticosveracruz.com\/#website"},"primaryImageOfPage":{"@id":"https:\/\/lospoliticosveracruz.com\/?p=154925#primaryimage"},"image":{"@id":"https:\/\/lospoliticosveracruz.com\/?p=154925#primaryimage"},"thumbnailUrl":"https:\/\/lospoliticosveracruz.com\/wp-content\/uploads\/2025\/04\/Inocencio-Yanez-Vicencio.jpg","datePublished":"2025-10-21T14:20:00+00:00","dateModified":"2025-10-21T14:20:25+00:00","breadcrumb":{"@id":"https:\/\/lospoliticosveracruz.com\/?p=154925#breadcrumb"},"inLanguage":"es","potentialAction":[{"@type":"ReadAction","target":["https:\/\/lospoliticosveracruz.com\/?p=154925"]}]},{"@type":"ImageObject","inLanguage":"es","@id":"https:\/\/lospoliticosveracruz.com\/?p=154925#primaryimage","url":"https:\/\/lospoliticosveracruz.com\/wp-content\/uploads\/2025\/04\/Inocencio-Yanez-Vicencio.jpg","contentUrl":"https:\/\/lospoliticosveracruz.com\/wp-content\/uploads\/2025\/04\/Inocencio-Yanez-Vicencio.jpg","width":1250,"height":667},{"@type":"BreadcrumbList","@id":"https:\/\/lospoliticosveracruz.com\/?p=154925#breadcrumb","itemListElement":[{"@type":"ListItem","position":1,"name":"Portada","item":"https:\/\/lospoliticosveracruz.com\/"},{"@type":"ListItem","position":2,"name":"LA RISA DE NAHLE, ASUNTO CL\u00cdNICO"}]},{"@type":"WebSite","@id":"https:\/\/lospoliticosveracruz.com\/#website","url":"https:\/\/lospoliticosveracruz.com\/","name":"Los pol\u00edticos Veracruz","description":"","publisher":{"@id":"https:\/\/lospoliticosveracruz.com\/#organization"},"potentialAction":[{"@type":"SearchAction","target":{"@type":"EntryPoint","urlTemplate":"https:\/\/lospoliticosveracruz.com\/?s={search_term_string}"},"query-input":{"@type":"PropertyValueSpecification","valueRequired":true,"valueName":"search_term_string"}}],"inLanguage":"es"},{"@type":"Organization","@id":"https:\/\/lospoliticosveracruz.com\/#organization","name":"Los pol\u00edticos Veracruz","url":"https:\/\/lospoliticosveracruz.com\/","logo":{"@type":"ImageObject","inLanguage":"es","@id":"https:\/\/lospoliticosveracruz.com\/#\/schema\/logo\/image\/","url":"https:\/\/lospoliticosveracruz.com\/wp-content\/uploads\/2025\/12\/Logo-Nuevo-LOS-POLITICOS-1.jpg","contentUrl":"https:\/\/lospoliticosveracruz.com\/wp-content\/uploads\/2025\/12\/Logo-Nuevo-LOS-POLITICOS-1.jpg","width":260,"height":70,"caption":"Los pol\u00edticos Veracruz"},"image":{"@id":"https:\/\/lospoliticosveracruz.com\/#\/schema\/logo\/image\/"},"sameAs":["https:\/\/www.facebook.com\/people\/Notimemes-de-los-Polticos\/61565672886568\/","https:\/\/x.com\/LosPoliticosVer"]},{"@type":"Person","@id":"https:\/\/lospoliticosveracruz.com\/#\/schema\/person\/b8702bb0e538456e6efd07080bf2a4a2","name":"Lo viste en Los Pol\u00edticos","image":{"@type":"ImageObject","inLanguage":"es","@id":"https:\/\/secure.gravatar.com\/avatar\/3a8de04a2656d44082be478bd6c086daa447c4651605818287b9532d3d0bd435?s=96&d=mm&r=g","url":"https:\/\/secure.gravatar.com\/avatar\/3a8de04a2656d44082be478bd6c086daa447c4651605818287b9532d3d0bd435?s=96&d=mm&r=g","contentUrl":"https:\/\/secure.gravatar.com\/avatar\/3a8de04a2656d44082be478bd6c086daa447c4651605818287b9532d3d0bd435?s=96&d=mm&r=g","caption":"Lo viste en Los Pol\u00edticos"},"url":"https:\/\/lospoliticosveracruz.com\/?author=2"}]}},"_links":{"self":[{"href":"https:\/\/lospoliticosveracruz.com\/index.php?rest_route=\/wp\/v2\/posts\/154925","targetHints":{"allow":["GET"]}}],"collection":[{"href":"https:\/\/lospoliticosveracruz.com\/index.php?rest_route=\/wp\/v2\/posts"}],"about":[{"href":"https:\/\/lospoliticosveracruz.com\/index.php?rest_route=\/wp\/v2\/types\/post"}],"author":[{"embeddable":true,"href":"https:\/\/lospoliticosveracruz.com\/index.php?rest_route=\/wp\/v2\/users\/2"}],"replies":[{"embeddable":true,"href":"https:\/\/lospoliticosveracruz.com\/index.php?rest_route=%2Fwp%2Fv2%2Fcomments&post=154925"}],"version-history":[{"count":1,"href":"https:\/\/lospoliticosveracruz.com\/index.php?rest_route=\/wp\/v2\/posts\/154925\/revisions"}],"predecessor-version":[{"id":154926,"href":"https:\/\/lospoliticosveracruz.com\/index.php?rest_route=\/wp\/v2\/posts\/154925\/revisions\/154926"}],"wp:featuredmedia":[{"embeddable":true,"href":"https:\/\/lospoliticosveracruz.com\/index.php?rest_route=\/wp\/v2\/media\/141387"}],"wp:attachment":[{"href":"https:\/\/lospoliticosveracruz.com\/index.php?rest_route=%2Fwp%2Fv2%2Fmedia&parent=154925"}],"wp:term":[{"taxonomy":"category","embeddable":true,"href":"https:\/\/lospoliticosveracruz.com\/index.php?rest_route=%2Fwp%2Fv2%2Fcategories&post=154925"},{"taxonomy":"post_tag","embeddable":true,"href":"https:\/\/lospoliticosveracruz.com\/index.php?rest_route=%2Fwp%2Fv2%2Ftags&post=154925"}],"curies":[{"name":"wp","href":"https:\/\/api.w.org\/{rel}","templated":true}]}}