{"id":154932,"date":"2025-10-21T12:58:13","date_gmt":"2025-10-21T17:58:13","guid":{"rendered":"https:\/\/lospoliticosveracruz.com.mx\/?p=154932"},"modified":"2025-10-21T12:58:51","modified_gmt":"2025-10-21T17:58:51","slug":"buzos-con-los-coagulos","status":"publish","type":"post","link":"https:\/\/lospoliticosveracruz.com\/?p=154932","title":{"rendered":"BUZOS CON LOS CO\u00c1GULOS!"},"content":{"rendered":"\n<p>La Unidad M\u00e9dica de Alta Especialidad (UMAE) Hospital de Especialidades (HE) No. 14 del Centro M\u00e9dico Nacional (CMN) \u201cAdolfo Ru\u00edz Cortines\u201d, del Instituto Mexicano del Seguro Social (IMSS) en Veracruz Norte&nbsp;exhorta a la poblaci\u00f3n a mantenerse atenta ante los signos de alarma de esta enfermedad y a adoptar medidas preventivas para reducir el riesgo de formaci\u00f3n de co\u00e1gulos en la sangre.<\/p>\n\n\n\n\n\n<p>\u201cLa trombosis consta de la formaci\u00f3n de un co\u00e1gulo dentro de una vena o arteria, obstruyendo la circulaci\u00f3n. Este padecimiento puede ocasionar trombosis venosa profunda (TVP) o embolia pulmonar (EP), ambas potencialmente graves, pero prevenibles si se detectan y&nbsp;tratan oportunamente\u201d, explic\u00f3 el angi\u00f3logo de la UMAE HE No. 14, Miguel \u00c1ngel Cisneros Tinoco.<\/p>\n\n\n\n<p>Entre los s\u00edntomas de alarma de una trombosis venosa profunda destacan la hinchaz\u00f3n, dolor o sensibilidad en pierna o brazo, as\u00ed como enrojecimiento o calor local. En el caso de una embolia pulmonar, los signos m\u00e1s comunes son dificultad para respirar, dolor en el pecho, mareo o desmayo.&nbsp;<\/p>\n\n\n\n<p>El angi\u00f3logo&nbsp;se\u00f1al\u00f3 que,&nbsp;los factores de riesgo incluyen: cirug\u00edas recientes, inmovilizaci\u00f3n prolongada, c\u00e1ncer o tratamientos oncol\u00f3gicos, embarazo, uso de anticonceptivos hormonales, tabaquismo, obesidad y enfermedades cr\u00f3nico-degenerativas&nbsp;como:&nbsp;diabetes o hipertensi\u00f3n. Adem\u00e1s, quienes han tenido una trombosis previa tienen mayor probabilidad de recurrencia.<\/p>\n\n\n\n<p>Para prevenir&nbsp;este padecimiento, recomend\u00f3&nbsp;mantenerse en movimiento, especialmente durante viajes largos o periodos de reposo, hidratarse adecuadamente, evitar fumar y seguir las indicaciones m\u00e9dicas durante hospitalizaci\u00f3n o recuperaci\u00f3n quir\u00fargica, ya que los anticoagulantes prescritos ayudan a evitar la formaci\u00f3n de co\u00e1gulos.<\/p>\n\n\n\n<p>El IMSS en Veracruz Norte cuenta con servicios especializados para diagn\u00f3stico y tratamiento, como estudios de ultrasonido Doppler y tomograf\u00eda, as\u00ed como terapias con anticoagulantes modernos y atenci\u00f3n multidisciplinaria por especialistas en Angiolog\u00eda, Medicina Interna y Urgencias.<\/p>\n\n\n\n<p>Cisneros Tinoco&nbsp;exhort\u00f3 a no automedicarse y a no suspender el tratamiento anticoagulante sin supervisi\u00f3n m\u00e9dica. \u201cActuar a tiempo puede salvar vidas. Ante cualquier s\u00edntoma o sospecha, es indispensable acudir de inmediato al servicio de Urgencias\u201d, enfatiz\u00f3.<\/p>\n","protected":false},"excerpt":{"rendered":"<p>La Unidad M\u00e9dica de Alta Especialidad (UMAE) Hospital de Especialidades (HE) No. 14 del Centro M\u00e9dico Nacional (CMN) \u201cAdolfo Ru\u00edz Cortines\u201d, del Instituto Mexicano del Seguro Social (IMSS) en Veracruz Norte&nbsp;exhorta a la poblaci\u00f3n a mantenerse atenta ante los signos de alarma de esta enfermedad y a adoptar medidas preventivas para reducir el riesgo de [&hellip;]<\/p>\n","protected":false},"author":2,"featured_media":154933,"comment_status":"closed","ping_status":"closed","sticky":false,"template":"","format":"standard","meta":{"tdm_status":"","tdm_grid_status":"","footnotes":""},"categories":[73],"tags":[12338,46768,195],"class_list":{"0":"post-154932","1":"post","2":"type-post","3":"status-publish","4":"format-standard","5":"has-post-thumbnail","7":"category-de-boleto","8":"tag-imss-veracruz-norte","9":"tag-trombosis","10":"tag-veracruz"},"yoast_head":"<!-- This site is optimized with the Yoast SEO plugin v27.4 - https:\/\/yoast.com\/product\/yoast-seo-wordpress\/ -->\n<title>BUZOS CON LOS CO\u00c1GULOS! - Los pol\u00edticos Veracruz<\/title>\n<meta name=\"robots\" content=\"index, follow, max-snippet:-1, max-image-preview:large, max-video-preview:-1\" \/>\n<link rel=\"canonical\" href=\"https:\/\/lospoliticosveracruz.com\/?p=154932\" \/>\n<meta property=\"og:locale\" content=\"es_ES\" \/>\n<meta property=\"og:type\" content=\"article\" \/>\n<meta property=\"og:title\" content=\"BUZOS CON LOS CO\u00c1GULOS! - Los pol\u00edticos Veracruz\" \/>\n<meta property=\"og:description\" content=\"La Unidad M\u00e9dica de Alta Especialidad (UMAE) Hospital de Especialidades (HE) No. 14 del Centro M\u00e9dico Nacional (CMN) \u201cAdolfo Ru\u00edz Cortines\u201d, del Instituto Mexicano del Seguro Social (IMSS) en Veracruz Norte&nbsp;exhorta a la poblaci\u00f3n a mantenerse atenta ante los signos de alarma de esta enfermedad y a adoptar medidas preventivas para reducir el riesgo de [&hellip;]\" \/>\n<meta property=\"og:url\" content=\"https:\/\/lospoliticosveracruz.com\/?p=154932\" \/>\n<meta property=\"og:site_name\" content=\"Los pol\u00edticos Veracruz\" \/>\n<meta property=\"article:publisher\" content=\"https:\/\/www.facebook.com\/people\/Notimemes-de-los-Polticos\/61565672886568\/\" \/>\n<meta property=\"article:published_time\" content=\"2025-10-21T17:58:13+00:00\" \/>\n<meta property=\"article:modified_time\" content=\"2025-10-21T17:58:51+00:00\" \/>\n<meta property=\"og:image\" content=\"https:\/\/lospoliticosveracruz.com\/wp-content\/uploads\/2025\/10\/Trombosis.jpg\" \/>\n\t<meta property=\"og:image:width\" content=\"600\" \/>\n\t<meta property=\"og:image:height\" content=\"320\" \/>\n\t<meta property=\"og:image:type\" content=\"image\/jpeg\" \/>\n<meta name=\"author\" content=\"Lo viste en Los Pol\u00edticos\" \/>\n<meta name=\"twitter:card\" content=\"summary_large_image\" \/>\n<meta name=\"twitter:creator\" content=\"@LosPoliticosVer\" \/>\n<meta name=\"twitter:site\" content=\"@LosPoliticosVer\" \/>\n<meta name=\"twitter:label1\" content=\"Escrito por\" \/>\n\t<meta name=\"twitter:data1\" content=\"Lo viste en Los Pol\u00edticos\" \/>\n\t<meta name=\"twitter:label2\" content=\"Tiempo de lectura\" \/>\n\t<meta name=\"twitter:data2\" content=\"2 minutos\" \/>\n<script type=\"application\/ld+json\" class=\"yoast-schema-graph\">{\"@context\":\"https:\\\/\\\/schema.org\",\"@graph\":[{\"@type\":\"Article\",\"@id\":\"https:\\\/\\\/lospoliticosveracruz.com\\\/?p=154932#article\",\"isPartOf\":{\"@id\":\"https:\\\/\\\/lospoliticosveracruz.com\\\/?p=154932\"},\"author\":{\"name\":\"Lo viste en Los Pol\u00edticos\",\"@id\":\"https:\\\/\\\/lospoliticosveracruz.com\\\/#\\\/schema\\\/person\\\/b8702bb0e538456e6efd07080bf2a4a2\"},\"headline\":\"BUZOS CON LOS CO\u00c1GULOS!\",\"datePublished\":\"2025-10-21T17:58:13+00:00\",\"dateModified\":\"2025-10-21T17:58:51+00:00\",\"mainEntityOfPage\":{\"@id\":\"https:\\\/\\\/lospoliticosveracruz.com\\\/?p=154932\"},\"wordCount\":371,\"publisher\":{\"@id\":\"https:\\\/\\\/lospoliticosveracruz.com\\\/#organization\"},\"image\":{\"@id\":\"https:\\\/\\\/lospoliticosveracruz.com\\\/?p=154932#primaryimage\"},\"thumbnailUrl\":\"https:\\\/\\\/lospoliticosveracruz.com\\\/wp-content\\\/uploads\\\/2025\\\/10\\\/Trombosis.jpg\",\"keywords\":[\"IMSS Veracruz Norte\",\"Trombosis\",\"Veracruz\"],\"articleSection\":[\"De Boleto\"],\"inLanguage\":\"es\"},{\"@type\":\"WebPage\",\"@id\":\"https:\\\/\\\/lospoliticosveracruz.com\\\/?p=154932\",\"url\":\"https:\\\/\\\/lospoliticosveracruz.com\\\/?p=154932\",\"name\":\"BUZOS CON LOS CO\u00c1GULOS! - Los pol\u00edticos Veracruz\",\"isPartOf\":{\"@id\":\"https:\\\/\\\/lospoliticosveracruz.com\\\/#website\"},\"primaryImageOfPage\":{\"@id\":\"https:\\\/\\\/lospoliticosveracruz.com\\\/?p=154932#primaryimage\"},\"image\":{\"@id\":\"https:\\\/\\\/lospoliticosveracruz.com\\\/?p=154932#primaryimage\"},\"thumbnailUrl\":\"https:\\\/\\\/lospoliticosveracruz.com\\\/wp-content\\\/uploads\\\/2025\\\/10\\\/Trombosis.jpg\",\"datePublished\":\"2025-10-21T17:58:13+00:00\",\"dateModified\":\"2025-10-21T17:58:51+00:00\",\"breadcrumb\":{\"@id\":\"https:\\\/\\\/lospoliticosveracruz.com\\\/?p=154932#breadcrumb\"},\"inLanguage\":\"es\",\"potentialAction\":[{\"@type\":\"ReadAction\",\"target\":[\"https:\\\/\\\/lospoliticosveracruz.com\\\/?p=154932\"]}]},{\"@type\":\"ImageObject\",\"inLanguage\":\"es\",\"@id\":\"https:\\\/\\\/lospoliticosveracruz.com\\\/?p=154932#primaryimage\",\"url\":\"https:\\\/\\\/lospoliticosveracruz.com\\\/wp-content\\\/uploads\\\/2025\\\/10\\\/Trombosis.jpg\",\"contentUrl\":\"https:\\\/\\\/lospoliticosveracruz.com\\\/wp-content\\\/uploads\\\/2025\\\/10\\\/Trombosis.jpg\",\"width\":600,\"height\":320},{\"@type\":\"BreadcrumbList\",\"@id\":\"https:\\\/\\\/lospoliticosveracruz.com\\\/?p=154932#breadcrumb\",\"itemListElement\":[{\"@type\":\"ListItem\",\"position\":1,\"name\":\"Portada\",\"item\":\"https:\\\/\\\/lospoliticosveracruz.com\\\/\"},{\"@type\":\"ListItem\",\"position\":2,\"name\":\"BUZOS CON LOS CO\u00c1GULOS!\"}]},{\"@type\":\"WebSite\",\"@id\":\"https:\\\/\\\/lospoliticosveracruz.com\\\/#website\",\"url\":\"https:\\\/\\\/lospoliticosveracruz.com\\\/\",\"name\":\"Los pol\u00edticos Veracruz\",\"description\":\"\",\"publisher\":{\"@id\":\"https:\\\/\\\/lospoliticosveracruz.com\\\/#organization\"},\"potentialAction\":[{\"@type\":\"SearchAction\",\"target\":{\"@type\":\"EntryPoint\",\"urlTemplate\":\"https:\\\/\\\/lospoliticosveracruz.com\\\/?s={search_term_string}\"},\"query-input\":{\"@type\":\"PropertyValueSpecification\",\"valueRequired\":true,\"valueName\":\"search_term_string\"}}],\"inLanguage\":\"es\"},{\"@type\":\"Organization\",\"@id\":\"https:\\\/\\\/lospoliticosveracruz.com\\\/#organization\",\"name\":\"Los pol\u00edticos Veracruz\",\"url\":\"https:\\\/\\\/lospoliticosveracruz.com\\\/\",\"logo\":{\"@type\":\"ImageObject\",\"inLanguage\":\"es\",\"@id\":\"https:\\\/\\\/lospoliticosveracruz.com\\\/#\\\/schema\\\/logo\\\/image\\\/\",\"url\":\"https:\\\/\\\/lospoliticosveracruz.com\\\/wp-content\\\/uploads\\\/2025\\\/12\\\/Logo-Nuevo-LOS-POLITICOS-1.jpg\",\"contentUrl\":\"https:\\\/\\\/lospoliticosveracruz.com\\\/wp-content\\\/uploads\\\/2025\\\/12\\\/Logo-Nuevo-LOS-POLITICOS-1.jpg\",\"width\":260,\"height\":70,\"caption\":\"Los pol\u00edticos Veracruz\"},\"image\":{\"@id\":\"https:\\\/\\\/lospoliticosveracruz.com\\\/#\\\/schema\\\/logo\\\/image\\\/\"},\"sameAs\":[\"https:\\\/\\\/www.facebook.com\\\/people\\\/Notimemes-de-los-Polticos\\\/61565672886568\\\/\",\"https:\\\/\\\/x.com\\\/LosPoliticosVer\"]},{\"@type\":\"Person\",\"@id\":\"https:\\\/\\\/lospoliticosveracruz.com\\\/#\\\/schema\\\/person\\\/b8702bb0e538456e6efd07080bf2a4a2\",\"name\":\"Lo viste en Los Pol\u00edticos\",\"image\":{\"@type\":\"ImageObject\",\"inLanguage\":\"es\",\"@id\":\"https:\\\/\\\/secure.gravatar.com\\\/avatar\\\/3a8de04a2656d44082be478bd6c086daa447c4651605818287b9532d3d0bd435?s=96&d=mm&r=g\",\"url\":\"https:\\\/\\\/secure.gravatar.com\\\/avatar\\\/3a8de04a2656d44082be478bd6c086daa447c4651605818287b9532d3d0bd435?s=96&d=mm&r=g\",\"contentUrl\":\"https:\\\/\\\/secure.gravatar.com\\\/avatar\\\/3a8de04a2656d44082be478bd6c086daa447c4651605818287b9532d3d0bd435?s=96&d=mm&r=g\",\"caption\":\"Lo viste en Los Pol\u00edticos\"},\"url\":\"https:\\\/\\\/lospoliticosveracruz.com\\\/?author=2\"}]}<\/script>\n<!-- \/ Yoast SEO plugin. -->","yoast_head_json":{"title":"BUZOS CON LOS CO\u00c1GULOS! - Los pol\u00edticos Veracruz","robots":{"index":"index","follow":"follow","max-snippet":"max-snippet:-1","max-image-preview":"max-image-preview:large","max-video-preview":"max-video-preview:-1"},"canonical":"https:\/\/lospoliticosveracruz.com\/?p=154932","og_locale":"es_ES","og_type":"article","og_title":"BUZOS CON LOS CO\u00c1GULOS! - Los pol\u00edticos Veracruz","og_description":"La Unidad M\u00e9dica de Alta Especialidad (UMAE) Hospital de Especialidades (HE) No. 14 del Centro M\u00e9dico Nacional (CMN) \u201cAdolfo Ru\u00edz Cortines\u201d, del Instituto Mexicano del Seguro Social (IMSS) en Veracruz Norte&nbsp;exhorta a la poblaci\u00f3n a mantenerse atenta ante los signos de alarma de esta enfermedad y a adoptar medidas preventivas para reducir el riesgo de [&hellip;]","og_url":"https:\/\/lospoliticosveracruz.com\/?p=154932","og_site_name":"Los pol\u00edticos Veracruz","article_publisher":"https:\/\/www.facebook.com\/people\/Notimemes-de-los-Polticos\/61565672886568\/","article_published_time":"2025-10-21T17:58:13+00:00","article_modified_time":"2025-10-21T17:58:51+00:00","og_image":[{"width":600,"height":320,"url":"https:\/\/lospoliticosveracruz.com\/wp-content\/uploads\/2025\/10\/Trombosis.jpg","type":"image\/jpeg"}],"author":"Lo viste en Los Pol\u00edticos","twitter_card":"summary_large_image","twitter_creator":"@LosPoliticosVer","twitter_site":"@LosPoliticosVer","twitter_misc":{"Escrito por":"Lo viste en Los Pol\u00edticos","Tiempo de lectura":"2 minutos"},"schema":{"@context":"https:\/\/schema.org","@graph":[{"@type":"Article","@id":"https:\/\/lospoliticosveracruz.com\/?p=154932#article","isPartOf":{"@id":"https:\/\/lospoliticosveracruz.com\/?p=154932"},"author":{"name":"Lo viste en Los Pol\u00edticos","@id":"https:\/\/lospoliticosveracruz.com\/#\/schema\/person\/b8702bb0e538456e6efd07080bf2a4a2"},"headline":"BUZOS CON LOS CO\u00c1GULOS!","datePublished":"2025-10-21T17:58:13+00:00","dateModified":"2025-10-21T17:58:51+00:00","mainEntityOfPage":{"@id":"https:\/\/lospoliticosveracruz.com\/?p=154932"},"wordCount":371,"publisher":{"@id":"https:\/\/lospoliticosveracruz.com\/#organization"},"image":{"@id":"https:\/\/lospoliticosveracruz.com\/?p=154932#primaryimage"},"thumbnailUrl":"https:\/\/lospoliticosveracruz.com\/wp-content\/uploads\/2025\/10\/Trombosis.jpg","keywords":["IMSS Veracruz Norte","Trombosis","Veracruz"],"articleSection":["De Boleto"],"inLanguage":"es"},{"@type":"WebPage","@id":"https:\/\/lospoliticosveracruz.com\/?p=154932","url":"https:\/\/lospoliticosveracruz.com\/?p=154932","name":"BUZOS CON LOS CO\u00c1GULOS! - Los pol\u00edticos Veracruz","isPartOf":{"@id":"https:\/\/lospoliticosveracruz.com\/#website"},"primaryImageOfPage":{"@id":"https:\/\/lospoliticosveracruz.com\/?p=154932#primaryimage"},"image":{"@id":"https:\/\/lospoliticosveracruz.com\/?p=154932#primaryimage"},"thumbnailUrl":"https:\/\/lospoliticosveracruz.com\/wp-content\/uploads\/2025\/10\/Trombosis.jpg","datePublished":"2025-10-21T17:58:13+00:00","dateModified":"2025-10-21T17:58:51+00:00","breadcrumb":{"@id":"https:\/\/lospoliticosveracruz.com\/?p=154932#breadcrumb"},"inLanguage":"es","potentialAction":[{"@type":"ReadAction","target":["https:\/\/lospoliticosveracruz.com\/?p=154932"]}]},{"@type":"ImageObject","inLanguage":"es","@id":"https:\/\/lospoliticosveracruz.com\/?p=154932#primaryimage","url":"https:\/\/lospoliticosveracruz.com\/wp-content\/uploads\/2025\/10\/Trombosis.jpg","contentUrl":"https:\/\/lospoliticosveracruz.com\/wp-content\/uploads\/2025\/10\/Trombosis.jpg","width":600,"height":320},{"@type":"BreadcrumbList","@id":"https:\/\/lospoliticosveracruz.com\/?p=154932#breadcrumb","itemListElement":[{"@type":"ListItem","position":1,"name":"Portada","item":"https:\/\/lospoliticosveracruz.com\/"},{"@type":"ListItem","position":2,"name":"BUZOS CON LOS CO\u00c1GULOS!"}]},{"@type":"WebSite","@id":"https:\/\/lospoliticosveracruz.com\/#website","url":"https:\/\/lospoliticosveracruz.com\/","name":"Los pol\u00edticos Veracruz","description":"","publisher":{"@id":"https:\/\/lospoliticosveracruz.com\/#organization"},"potentialAction":[{"@type":"SearchAction","target":{"@type":"EntryPoint","urlTemplate":"https:\/\/lospoliticosveracruz.com\/?s={search_term_string}"},"query-input":{"@type":"PropertyValueSpecification","valueRequired":true,"valueName":"search_term_string"}}],"inLanguage":"es"},{"@type":"Organization","@id":"https:\/\/lospoliticosveracruz.com\/#organization","name":"Los pol\u00edticos Veracruz","url":"https:\/\/lospoliticosveracruz.com\/","logo":{"@type":"ImageObject","inLanguage":"es","@id":"https:\/\/lospoliticosveracruz.com\/#\/schema\/logo\/image\/","url":"https:\/\/lospoliticosveracruz.com\/wp-content\/uploads\/2025\/12\/Logo-Nuevo-LOS-POLITICOS-1.jpg","contentUrl":"https:\/\/lospoliticosveracruz.com\/wp-content\/uploads\/2025\/12\/Logo-Nuevo-LOS-POLITICOS-1.jpg","width":260,"height":70,"caption":"Los pol\u00edticos Veracruz"},"image":{"@id":"https:\/\/lospoliticosveracruz.com\/#\/schema\/logo\/image\/"},"sameAs":["https:\/\/www.facebook.com\/people\/Notimemes-de-los-Polticos\/61565672886568\/","https:\/\/x.com\/LosPoliticosVer"]},{"@type":"Person","@id":"https:\/\/lospoliticosveracruz.com\/#\/schema\/person\/b8702bb0e538456e6efd07080bf2a4a2","name":"Lo viste en Los Pol\u00edticos","image":{"@type":"ImageObject","inLanguage":"es","@id":"https:\/\/secure.gravatar.com\/avatar\/3a8de04a2656d44082be478bd6c086daa447c4651605818287b9532d3d0bd435?s=96&d=mm&r=g","url":"https:\/\/secure.gravatar.com\/avatar\/3a8de04a2656d44082be478bd6c086daa447c4651605818287b9532d3d0bd435?s=96&d=mm&r=g","contentUrl":"https:\/\/secure.gravatar.com\/avatar\/3a8de04a2656d44082be478bd6c086daa447c4651605818287b9532d3d0bd435?s=96&d=mm&r=g","caption":"Lo viste en Los Pol\u00edticos"},"url":"https:\/\/lospoliticosveracruz.com\/?author=2"}]}},"_links":{"self":[{"href":"https:\/\/lospoliticosveracruz.com\/index.php?rest_route=\/wp\/v2\/posts\/154932","targetHints":{"allow":["GET"]}}],"collection":[{"href":"https:\/\/lospoliticosveracruz.com\/index.php?rest_route=\/wp\/v2\/posts"}],"about":[{"href":"https:\/\/lospoliticosveracruz.com\/index.php?rest_route=\/wp\/v2\/types\/post"}],"author":[{"embeddable":true,"href":"https:\/\/lospoliticosveracruz.com\/index.php?rest_route=\/wp\/v2\/users\/2"}],"replies":[{"embeddable":true,"href":"https:\/\/lospoliticosveracruz.com\/index.php?rest_route=%2Fwp%2Fv2%2Fcomments&post=154932"}],"version-history":[{"count":2,"href":"https:\/\/lospoliticosveracruz.com\/index.php?rest_route=\/wp\/v2\/posts\/154932\/revisions"}],"predecessor-version":[{"id":154935,"href":"https:\/\/lospoliticosveracruz.com\/index.php?rest_route=\/wp\/v2\/posts\/154932\/revisions\/154935"}],"wp:featuredmedia":[{"embeddable":true,"href":"https:\/\/lospoliticosveracruz.com\/index.php?rest_route=\/wp\/v2\/media\/154933"}],"wp:attachment":[{"href":"https:\/\/lospoliticosveracruz.com\/index.php?rest_route=%2Fwp%2Fv2%2Fmedia&parent=154932"}],"wp:term":[{"taxonomy":"category","embeddable":true,"href":"https:\/\/lospoliticosveracruz.com\/index.php?rest_route=%2Fwp%2Fv2%2Fcategories&post=154932"},{"taxonomy":"post_tag","embeddable":true,"href":"https:\/\/lospoliticosveracruz.com\/index.php?rest_route=%2Fwp%2Fv2%2Ftags&post=154932"}],"curies":[{"name":"wp","href":"https:\/\/api.w.org\/{rel}","templated":true}]}}