{"id":154969,"date":"2025-10-21T20:35:49","date_gmt":"2025-10-22T01:35:49","guid":{"rendered":"https:\/\/lospoliticosveracruz.com.mx\/?p=154969"},"modified":"2025-10-21T20:36:02","modified_gmt":"2025-10-22T01:36:02","slug":"la-tecnologia-es-util-pero-vulnerable","status":"publish","type":"post","link":"https:\/\/lospoliticosveracruz.com\/?p=154969","title":{"rendered":"LA TECNOLOG\u00cdA ES \u00daTIL, PERO VULNERABLE"},"content":{"rendered":"\n<p><strong>Jos\u00e9 Luis Enr\u00edquez Ambell<\/strong><\/p>\n\n\n\n<p><em>Caf\u00e9 de Ma\u00f1ana<\/em><\/p>\n\n\n\n<p>La rapidez de la tecnolog\u00eda hoy en d\u00eda tambi\u00e9n abre la puerta a la estafa del \u201ctoque fantasma\u201d.<\/p>\n\n\n\n<p>La tecnolog\u00eda inal\u00e1mbrica de corto alcance hace posible que dos dispositivos intercambien datos al estar muy cerca, a unos cinco cent\u00edmetros de distancia.<\/p>\n\n\n\n<p>\u201cNear Field Communication\u201d (NFC), o Comunicaci\u00f3n de Campo Cercano, es esa tecnolog\u00eda de corto alcance y est\u00e1 relacionada con el llamado \u201ctoque fantasma\u201d, es decir, una estafa que la aprovecha.<\/p>\n\n\n\n\n\n<p>Esta modalidad de fraude, que usa NFC para realizar cobros no autorizados desde celulares o tarjetas sin que las v\u00edctimas se den cuenta, va en aumento y se caracteriza por su rapidez.<\/p>\n\n\n\n<p>La aparente comodidad de pagar sin contacto podr\u00eda estar saliendo cara a muchos usuarios, pues facilita la clonaci\u00f3n o la realizaci\u00f3n de cargos autom\u00e1ticos a tarjetas y tel\u00e9fonos sin que el propietario lo note, seg\u00fan la creciente queja ciudadana.<\/p>\n\n\n\n<p>En las pr\u00f3ximas fechas de alto consumo \u2014Todos Santos, Buen Fin y festividades decembrinas\u2014, cuando se multiplican las operaciones \u201csin contacto\u201d, podr\u00edan aumentar los reportes de fraudes bajo esta modalidad.<\/p>\n\n\n\n<p>El m\u00e9todo abusa del uso de tarjetas bancarias, relojes inteligentes y tel\u00e9fonos m\u00f3viles con NFC. Los delincuentes emplean lectores inal\u00e1mbricos port\u00e1tiles o tel\u00e9fonos modificados para acercarlos a la v\u00edctima y ejecutar cobros instant\u00e1neos, sin contrase\u00f1a ni autorizaci\u00f3n visible.<\/p>\n\n\n\n<p>Se advierte que el \u201ctoque fantasma\u201d funciona por su rapidez: basta con acercarse a menos de 10 cent\u00edmetros de la persona para activar una transacci\u00f3n o copiar informaci\u00f3n bancaria. Suele ocurrir en lugares con mucha gente y movilidad: estaciones de transporte p\u00fablico, metro, conciertos, plazas p\u00fablicas y centros comerciales; cualquier situaci\u00f3n de cercan\u00eda f\u00edsica facilita el enga\u00f1o.<\/p>\n\n\n\n<p>En medios y redes, especialistas en ciberseguridad explican c\u00f3mo algunos delincuentes aprovechan el descuido de usuarios que guardan sus tarjetas en bolsillos traseros o bolsas externas, lo que permite detectar la se\u00f1al NFC y realizar cargos sin contacto.<\/p>\n\n\n\n<p>La recomendaci\u00f3n de especialistas es desactivar la funci\u00f3n NFC cuando no se use y guardar las tarjetas en fundas o carteras con protecci\u00f3n RFID, que bloquean se\u00f1ales inal\u00e1mbricas para impedir que lectores no autorizados lean los chips a corta distancia. La protecci\u00f3n RFID evita accesos indebidos a datos personales y financieros en tarjetas de cr\u00e9dito, pasaportes y otras credenciales inteligentes.<\/p>\n\n\n\n<p>Ejecutivos bancarios recomiendan activar alertas de movimientos y revisar con frecuencia los estados de cuenta para detectar cargos irregulares.<\/p>\n\n\n\n<p>Se recuerda que ninguna instituci\u00f3n financiera realiza cobros sin autorizaci\u00f3n ni solicita acercar tarjetas a lectores port\u00e1tiles fuera de una operaci\u00f3n conocida. Ante un cargo no reconocido, es vital reportarlo de inmediato al banco y a la Condusef. La tecnolog\u00eda es cada vez m\u00e1s \u00fatil, pero tambi\u00e9n vulnerable.<\/p>\n\n\n\n<p>La NFC se ha vuelto popular por su rapidez y practicidad, pero tambi\u00e9n es un blanco atractivo para fraudes. La seguridad digital depende tanto del usuario como de las medidas de protecci\u00f3n implementadas por los bancos, que no siempre asumen plenamente estos casos.<\/p>\n\n\n\n<p>DE SOBREMESA<\/p>\n\n\n\n<p>El \u201ctoque fantasma\u201d confirma que, en tiempos de pagos inteligentes, los descuidos pueden costar m\u00e1s de lo que se imagina.<\/p>\n\n\n\n<p>UN CAF\u00c9 LECHERO LIGHT<\/p>\n\n\n\n<p>Fuentes del f\u00fatbol y de la Liga MX aseguran que la posible llegada de los Potros de Hierro del Atlante al m\u00e1ximo circuito en el Estadio Azteca \u2014Estadio Banorte 2026\u2014, durante el primer semestre del pr\u00f3ximo a\u00f1o, pospondr\u00eda el retorno del balompi\u00e9 a Veracruz en el Pirata Fuente. Ocurrir\u00eda m\u00e1s adelante, ya sea con un equipo de ascenso o mediante la adquisici\u00f3n de una franquicia vigente, pero no en el corto plazo.<\/p>\n\n\n\n<p>\u00a1ES CUANTO!<\/p>\n\n\n\n<p>enriquezambell@gmail.com<br>enamjl62@gmail.com<\/p>\n","protected":false},"excerpt":{"rendered":"<p>Jos\u00e9 Luis Enr\u00edquez Ambell Caf\u00e9 de Ma\u00f1ana La rapidez de la tecnolog\u00eda hoy en d\u00eda tambi\u00e9n abre la puerta a la estafa del \u201ctoque fantasma\u201d. La tecnolog\u00eda inal\u00e1mbrica de corto alcance hace posible que dos dispositivos intercambien datos al estar muy cerca, a unos cinco cent\u00edmetros de distancia. \u201cNear Field Communication\u201d (NFC), o Comunicaci\u00f3n de [&hellip;]<\/p>\n","protected":false},"author":2,"featured_media":141435,"comment_status":"closed","ping_status":"closed","sticky":false,"template":"","format":"standard","meta":{"tdm_status":"","tdm_grid_status":"","footnotes":""},"categories":[70],"tags":[6284],"class_list":{"0":"post-154969","1":"post","2":"type-post","3":"status-publish","4":"format-standard","5":"has-post-thumbnail","7":"category-de-opinion","8":"tag-tecnologia"},"yoast_head":"<!-- This site is optimized with the Yoast SEO plugin v27.4 - https:\/\/yoast.com\/product\/yoast-seo-wordpress\/ -->\n<title>LA TECNOLOG\u00cdA ES \u00daTIL, PERO VULNERABLE - Los pol\u00edticos Veracruz<\/title>\n<meta name=\"robots\" content=\"index, follow, max-snippet:-1, max-image-preview:large, max-video-preview:-1\" \/>\n<link rel=\"canonical\" href=\"https:\/\/lospoliticosveracruz.com\/?p=154969\" \/>\n<meta property=\"og:locale\" content=\"es_ES\" \/>\n<meta property=\"og:type\" content=\"article\" \/>\n<meta property=\"og:title\" content=\"LA TECNOLOG\u00cdA ES \u00daTIL, PERO VULNERABLE - Los pol\u00edticos Veracruz\" \/>\n<meta property=\"og:description\" content=\"Jos\u00e9 Luis Enr\u00edquez Ambell Caf\u00e9 de Ma\u00f1ana La rapidez de la tecnolog\u00eda hoy en d\u00eda tambi\u00e9n abre la puerta a la estafa del \u201ctoque fantasma\u201d. La tecnolog\u00eda inal\u00e1mbrica de corto alcance hace posible que dos dispositivos intercambien datos al estar muy cerca, a unos cinco cent\u00edmetros de distancia. \u201cNear Field Communication\u201d (NFC), o Comunicaci\u00f3n de [&hellip;]\" \/>\n<meta property=\"og:url\" content=\"https:\/\/lospoliticosveracruz.com\/?p=154969\" \/>\n<meta property=\"og:site_name\" content=\"Los pol\u00edticos Veracruz\" \/>\n<meta property=\"article:publisher\" content=\"https:\/\/www.facebook.com\/people\/Notimemes-de-los-Polticos\/61565672886568\/\" \/>\n<meta property=\"article:published_time\" content=\"2025-10-22T01:35:49+00:00\" \/>\n<meta property=\"article:modified_time\" content=\"2025-10-22T01:36:02+00:00\" \/>\n<meta property=\"og:image\" content=\"https:\/\/lospoliticosveracruz.com\/wp-content\/uploads\/2025\/04\/Ambell.jpg\" \/>\n\t<meta property=\"og:image:width\" content=\"1250\" \/>\n\t<meta property=\"og:image:height\" content=\"667\" \/>\n\t<meta property=\"og:image:type\" content=\"image\/jpeg\" \/>\n<meta name=\"author\" content=\"Lo viste en Los Pol\u00edticos\" \/>\n<meta name=\"twitter:card\" content=\"summary_large_image\" \/>\n<meta name=\"twitter:creator\" content=\"@LosPoliticosVer\" \/>\n<meta name=\"twitter:site\" content=\"@LosPoliticosVer\" \/>\n<meta name=\"twitter:label1\" content=\"Escrito por\" \/>\n\t<meta name=\"twitter:data1\" content=\"Lo viste en Los Pol\u00edticos\" \/>\n\t<meta name=\"twitter:label2\" content=\"Tiempo de lectura\" \/>\n\t<meta name=\"twitter:data2\" content=\"3 minutos\" \/>\n<script type=\"application\/ld+json\" class=\"yoast-schema-graph\">{\"@context\":\"https:\\\/\\\/schema.org\",\"@graph\":[{\"@type\":\"Article\",\"@id\":\"https:\\\/\\\/lospoliticosveracruz.com\\\/?p=154969#article\",\"isPartOf\":{\"@id\":\"https:\\\/\\\/lospoliticosveracruz.com\\\/?p=154969\"},\"author\":{\"name\":\"Lo viste en Los Pol\u00edticos\",\"@id\":\"https:\\\/\\\/lospoliticosveracruz.com\\\/#\\\/schema\\\/person\\\/b8702bb0e538456e6efd07080bf2a4a2\"},\"headline\":\"LA TECNOLOG\u00cdA ES \u00daTIL, PERO VULNERABLE\",\"datePublished\":\"2025-10-22T01:35:49+00:00\",\"dateModified\":\"2025-10-22T01:36:02+00:00\",\"mainEntityOfPage\":{\"@id\":\"https:\\\/\\\/lospoliticosveracruz.com\\\/?p=154969\"},\"wordCount\":657,\"publisher\":{\"@id\":\"https:\\\/\\\/lospoliticosveracruz.com\\\/#organization\"},\"image\":{\"@id\":\"https:\\\/\\\/lospoliticosveracruz.com\\\/?p=154969#primaryimage\"},\"thumbnailUrl\":\"https:\\\/\\\/lospoliticosveracruz.com\\\/wp-content\\\/uploads\\\/2025\\\/04\\\/Ambell.jpg\",\"keywords\":[\"Tecnolog\u00eda\"],\"articleSection\":[\"De Opini\u00f3n\"],\"inLanguage\":\"es\"},{\"@type\":\"WebPage\",\"@id\":\"https:\\\/\\\/lospoliticosveracruz.com\\\/?p=154969\",\"url\":\"https:\\\/\\\/lospoliticosveracruz.com\\\/?p=154969\",\"name\":\"LA TECNOLOG\u00cdA ES \u00daTIL, PERO VULNERABLE - Los pol\u00edticos Veracruz\",\"isPartOf\":{\"@id\":\"https:\\\/\\\/lospoliticosveracruz.com\\\/#website\"},\"primaryImageOfPage\":{\"@id\":\"https:\\\/\\\/lospoliticosveracruz.com\\\/?p=154969#primaryimage\"},\"image\":{\"@id\":\"https:\\\/\\\/lospoliticosveracruz.com\\\/?p=154969#primaryimage\"},\"thumbnailUrl\":\"https:\\\/\\\/lospoliticosveracruz.com\\\/wp-content\\\/uploads\\\/2025\\\/04\\\/Ambell.jpg\",\"datePublished\":\"2025-10-22T01:35:49+00:00\",\"dateModified\":\"2025-10-22T01:36:02+00:00\",\"breadcrumb\":{\"@id\":\"https:\\\/\\\/lospoliticosveracruz.com\\\/?p=154969#breadcrumb\"},\"inLanguage\":\"es\",\"potentialAction\":[{\"@type\":\"ReadAction\",\"target\":[\"https:\\\/\\\/lospoliticosveracruz.com\\\/?p=154969\"]}]},{\"@type\":\"ImageObject\",\"inLanguage\":\"es\",\"@id\":\"https:\\\/\\\/lospoliticosveracruz.com\\\/?p=154969#primaryimage\",\"url\":\"https:\\\/\\\/lospoliticosveracruz.com\\\/wp-content\\\/uploads\\\/2025\\\/04\\\/Ambell.jpg\",\"contentUrl\":\"https:\\\/\\\/lospoliticosveracruz.com\\\/wp-content\\\/uploads\\\/2025\\\/04\\\/Ambell.jpg\",\"width\":1250,\"height\":667},{\"@type\":\"BreadcrumbList\",\"@id\":\"https:\\\/\\\/lospoliticosveracruz.com\\\/?p=154969#breadcrumb\",\"itemListElement\":[{\"@type\":\"ListItem\",\"position\":1,\"name\":\"Portada\",\"item\":\"https:\\\/\\\/lospoliticosveracruz.com\\\/\"},{\"@type\":\"ListItem\",\"position\":2,\"name\":\"LA TECNOLOG\u00cdA ES \u00daTIL, PERO VULNERABLE\"}]},{\"@type\":\"WebSite\",\"@id\":\"https:\\\/\\\/lospoliticosveracruz.com\\\/#website\",\"url\":\"https:\\\/\\\/lospoliticosveracruz.com\\\/\",\"name\":\"Los pol\u00edticos Veracruz\",\"description\":\"\",\"publisher\":{\"@id\":\"https:\\\/\\\/lospoliticosveracruz.com\\\/#organization\"},\"potentialAction\":[{\"@type\":\"SearchAction\",\"target\":{\"@type\":\"EntryPoint\",\"urlTemplate\":\"https:\\\/\\\/lospoliticosveracruz.com\\\/?s={search_term_string}\"},\"query-input\":{\"@type\":\"PropertyValueSpecification\",\"valueRequired\":true,\"valueName\":\"search_term_string\"}}],\"inLanguage\":\"es\"},{\"@type\":\"Organization\",\"@id\":\"https:\\\/\\\/lospoliticosveracruz.com\\\/#organization\",\"name\":\"Los pol\u00edticos Veracruz\",\"url\":\"https:\\\/\\\/lospoliticosveracruz.com\\\/\",\"logo\":{\"@type\":\"ImageObject\",\"inLanguage\":\"es\",\"@id\":\"https:\\\/\\\/lospoliticosveracruz.com\\\/#\\\/schema\\\/logo\\\/image\\\/\",\"url\":\"https:\\\/\\\/lospoliticosveracruz.com\\\/wp-content\\\/uploads\\\/2025\\\/12\\\/Logo-Nuevo-LOS-POLITICOS-1.jpg\",\"contentUrl\":\"https:\\\/\\\/lospoliticosveracruz.com\\\/wp-content\\\/uploads\\\/2025\\\/12\\\/Logo-Nuevo-LOS-POLITICOS-1.jpg\",\"width\":260,\"height\":70,\"caption\":\"Los pol\u00edticos Veracruz\"},\"image\":{\"@id\":\"https:\\\/\\\/lospoliticosveracruz.com\\\/#\\\/schema\\\/logo\\\/image\\\/\"},\"sameAs\":[\"https:\\\/\\\/www.facebook.com\\\/people\\\/Notimemes-de-los-Polticos\\\/61565672886568\\\/\",\"https:\\\/\\\/x.com\\\/LosPoliticosVer\"]},{\"@type\":\"Person\",\"@id\":\"https:\\\/\\\/lospoliticosveracruz.com\\\/#\\\/schema\\\/person\\\/b8702bb0e538456e6efd07080bf2a4a2\",\"name\":\"Lo viste en Los Pol\u00edticos\",\"image\":{\"@type\":\"ImageObject\",\"inLanguage\":\"es\",\"@id\":\"https:\\\/\\\/secure.gravatar.com\\\/avatar\\\/3a8de04a2656d44082be478bd6c086daa447c4651605818287b9532d3d0bd435?s=96&d=mm&r=g\",\"url\":\"https:\\\/\\\/secure.gravatar.com\\\/avatar\\\/3a8de04a2656d44082be478bd6c086daa447c4651605818287b9532d3d0bd435?s=96&d=mm&r=g\",\"contentUrl\":\"https:\\\/\\\/secure.gravatar.com\\\/avatar\\\/3a8de04a2656d44082be478bd6c086daa447c4651605818287b9532d3d0bd435?s=96&d=mm&r=g\",\"caption\":\"Lo viste en Los Pol\u00edticos\"},\"url\":\"https:\\\/\\\/lospoliticosveracruz.com\\\/?author=2\"}]}<\/script>\n<!-- \/ Yoast SEO plugin. -->","yoast_head_json":{"title":"LA TECNOLOG\u00cdA ES \u00daTIL, PERO VULNERABLE - Los pol\u00edticos Veracruz","robots":{"index":"index","follow":"follow","max-snippet":"max-snippet:-1","max-image-preview":"max-image-preview:large","max-video-preview":"max-video-preview:-1"},"canonical":"https:\/\/lospoliticosveracruz.com\/?p=154969","og_locale":"es_ES","og_type":"article","og_title":"LA TECNOLOG\u00cdA ES \u00daTIL, PERO VULNERABLE - Los pol\u00edticos Veracruz","og_description":"Jos\u00e9 Luis Enr\u00edquez Ambell Caf\u00e9 de Ma\u00f1ana La rapidez de la tecnolog\u00eda hoy en d\u00eda tambi\u00e9n abre la puerta a la estafa del \u201ctoque fantasma\u201d. La tecnolog\u00eda inal\u00e1mbrica de corto alcance hace posible que dos dispositivos intercambien datos al estar muy cerca, a unos cinco cent\u00edmetros de distancia. \u201cNear Field Communication\u201d (NFC), o Comunicaci\u00f3n de [&hellip;]","og_url":"https:\/\/lospoliticosveracruz.com\/?p=154969","og_site_name":"Los pol\u00edticos Veracruz","article_publisher":"https:\/\/www.facebook.com\/people\/Notimemes-de-los-Polticos\/61565672886568\/","article_published_time":"2025-10-22T01:35:49+00:00","article_modified_time":"2025-10-22T01:36:02+00:00","og_image":[{"width":1250,"height":667,"url":"https:\/\/lospoliticosveracruz.com\/wp-content\/uploads\/2025\/04\/Ambell.jpg","type":"image\/jpeg"}],"author":"Lo viste en Los Pol\u00edticos","twitter_card":"summary_large_image","twitter_creator":"@LosPoliticosVer","twitter_site":"@LosPoliticosVer","twitter_misc":{"Escrito por":"Lo viste en Los Pol\u00edticos","Tiempo de lectura":"3 minutos"},"schema":{"@context":"https:\/\/schema.org","@graph":[{"@type":"Article","@id":"https:\/\/lospoliticosveracruz.com\/?p=154969#article","isPartOf":{"@id":"https:\/\/lospoliticosveracruz.com\/?p=154969"},"author":{"name":"Lo viste en Los Pol\u00edticos","@id":"https:\/\/lospoliticosveracruz.com\/#\/schema\/person\/b8702bb0e538456e6efd07080bf2a4a2"},"headline":"LA TECNOLOG\u00cdA ES \u00daTIL, PERO VULNERABLE","datePublished":"2025-10-22T01:35:49+00:00","dateModified":"2025-10-22T01:36:02+00:00","mainEntityOfPage":{"@id":"https:\/\/lospoliticosveracruz.com\/?p=154969"},"wordCount":657,"publisher":{"@id":"https:\/\/lospoliticosveracruz.com\/#organization"},"image":{"@id":"https:\/\/lospoliticosveracruz.com\/?p=154969#primaryimage"},"thumbnailUrl":"https:\/\/lospoliticosveracruz.com\/wp-content\/uploads\/2025\/04\/Ambell.jpg","keywords":["Tecnolog\u00eda"],"articleSection":["De Opini\u00f3n"],"inLanguage":"es"},{"@type":"WebPage","@id":"https:\/\/lospoliticosveracruz.com\/?p=154969","url":"https:\/\/lospoliticosveracruz.com\/?p=154969","name":"LA TECNOLOG\u00cdA ES \u00daTIL, PERO VULNERABLE - Los pol\u00edticos Veracruz","isPartOf":{"@id":"https:\/\/lospoliticosveracruz.com\/#website"},"primaryImageOfPage":{"@id":"https:\/\/lospoliticosveracruz.com\/?p=154969#primaryimage"},"image":{"@id":"https:\/\/lospoliticosveracruz.com\/?p=154969#primaryimage"},"thumbnailUrl":"https:\/\/lospoliticosveracruz.com\/wp-content\/uploads\/2025\/04\/Ambell.jpg","datePublished":"2025-10-22T01:35:49+00:00","dateModified":"2025-10-22T01:36:02+00:00","breadcrumb":{"@id":"https:\/\/lospoliticosveracruz.com\/?p=154969#breadcrumb"},"inLanguage":"es","potentialAction":[{"@type":"ReadAction","target":["https:\/\/lospoliticosveracruz.com\/?p=154969"]}]},{"@type":"ImageObject","inLanguage":"es","@id":"https:\/\/lospoliticosveracruz.com\/?p=154969#primaryimage","url":"https:\/\/lospoliticosveracruz.com\/wp-content\/uploads\/2025\/04\/Ambell.jpg","contentUrl":"https:\/\/lospoliticosveracruz.com\/wp-content\/uploads\/2025\/04\/Ambell.jpg","width":1250,"height":667},{"@type":"BreadcrumbList","@id":"https:\/\/lospoliticosveracruz.com\/?p=154969#breadcrumb","itemListElement":[{"@type":"ListItem","position":1,"name":"Portada","item":"https:\/\/lospoliticosveracruz.com\/"},{"@type":"ListItem","position":2,"name":"LA TECNOLOG\u00cdA ES \u00daTIL, PERO VULNERABLE"}]},{"@type":"WebSite","@id":"https:\/\/lospoliticosveracruz.com\/#website","url":"https:\/\/lospoliticosveracruz.com\/","name":"Los pol\u00edticos Veracruz","description":"","publisher":{"@id":"https:\/\/lospoliticosveracruz.com\/#organization"},"potentialAction":[{"@type":"SearchAction","target":{"@type":"EntryPoint","urlTemplate":"https:\/\/lospoliticosveracruz.com\/?s={search_term_string}"},"query-input":{"@type":"PropertyValueSpecification","valueRequired":true,"valueName":"search_term_string"}}],"inLanguage":"es"},{"@type":"Organization","@id":"https:\/\/lospoliticosveracruz.com\/#organization","name":"Los pol\u00edticos Veracruz","url":"https:\/\/lospoliticosveracruz.com\/","logo":{"@type":"ImageObject","inLanguage":"es","@id":"https:\/\/lospoliticosveracruz.com\/#\/schema\/logo\/image\/","url":"https:\/\/lospoliticosveracruz.com\/wp-content\/uploads\/2025\/12\/Logo-Nuevo-LOS-POLITICOS-1.jpg","contentUrl":"https:\/\/lospoliticosveracruz.com\/wp-content\/uploads\/2025\/12\/Logo-Nuevo-LOS-POLITICOS-1.jpg","width":260,"height":70,"caption":"Los pol\u00edticos Veracruz"},"image":{"@id":"https:\/\/lospoliticosveracruz.com\/#\/schema\/logo\/image\/"},"sameAs":["https:\/\/www.facebook.com\/people\/Notimemes-de-los-Polticos\/61565672886568\/","https:\/\/x.com\/LosPoliticosVer"]},{"@type":"Person","@id":"https:\/\/lospoliticosveracruz.com\/#\/schema\/person\/b8702bb0e538456e6efd07080bf2a4a2","name":"Lo viste en Los Pol\u00edticos","image":{"@type":"ImageObject","inLanguage":"es","@id":"https:\/\/secure.gravatar.com\/avatar\/3a8de04a2656d44082be478bd6c086daa447c4651605818287b9532d3d0bd435?s=96&d=mm&r=g","url":"https:\/\/secure.gravatar.com\/avatar\/3a8de04a2656d44082be478bd6c086daa447c4651605818287b9532d3d0bd435?s=96&d=mm&r=g","contentUrl":"https:\/\/secure.gravatar.com\/avatar\/3a8de04a2656d44082be478bd6c086daa447c4651605818287b9532d3d0bd435?s=96&d=mm&r=g","caption":"Lo viste en Los Pol\u00edticos"},"url":"https:\/\/lospoliticosveracruz.com\/?author=2"}]}},"_links":{"self":[{"href":"https:\/\/lospoliticosveracruz.com\/index.php?rest_route=\/wp\/v2\/posts\/154969","targetHints":{"allow":["GET"]}}],"collection":[{"href":"https:\/\/lospoliticosveracruz.com\/index.php?rest_route=\/wp\/v2\/posts"}],"about":[{"href":"https:\/\/lospoliticosveracruz.com\/index.php?rest_route=\/wp\/v2\/types\/post"}],"author":[{"embeddable":true,"href":"https:\/\/lospoliticosveracruz.com\/index.php?rest_route=\/wp\/v2\/users\/2"}],"replies":[{"embeddable":true,"href":"https:\/\/lospoliticosveracruz.com\/index.php?rest_route=%2Fwp%2Fv2%2Fcomments&post=154969"}],"version-history":[{"count":1,"href":"https:\/\/lospoliticosveracruz.com\/index.php?rest_route=\/wp\/v2\/posts\/154969\/revisions"}],"predecessor-version":[{"id":154970,"href":"https:\/\/lospoliticosveracruz.com\/index.php?rest_route=\/wp\/v2\/posts\/154969\/revisions\/154970"}],"wp:featuredmedia":[{"embeddable":true,"href":"https:\/\/lospoliticosveracruz.com\/index.php?rest_route=\/wp\/v2\/media\/141435"}],"wp:attachment":[{"href":"https:\/\/lospoliticosveracruz.com\/index.php?rest_route=%2Fwp%2Fv2%2Fmedia&parent=154969"}],"wp:term":[{"taxonomy":"category","embeddable":true,"href":"https:\/\/lospoliticosveracruz.com\/index.php?rest_route=%2Fwp%2Fv2%2Fcategories&post=154969"},{"taxonomy":"post_tag","embeddable":true,"href":"https:\/\/lospoliticosveracruz.com\/index.php?rest_route=%2Fwp%2Fv2%2Ftags&post=154969"}],"curies":[{"name":"wp","href":"https:\/\/api.w.org\/{rel}","templated":true}]}}